{"id":10195,"date":"2020-08-05T10:15:21","date_gmt":"2020-08-05T08:15:21","guid":{"rendered":"https:\/\/www.umweltperspektiven.ch\/?p=3239"},"modified":"2024-11-07T05:30:37","modified_gmt":"2024-11-07T04:30:37","slug":"erstes-elektromotorflugzeug-hebt-dank-bazl-unterstuetzung-ab","status":"publish","type":"post","link":"https:\/\/www.organisator.ch\/de\/sustainability\/2020-08-05\/erstes-elektromotorflugzeug-hebt-dank-bazl-unterstuetzung-ab\/","title":{"rendered":"Erstes Elektromotorflugzeug hebt dank BAZL-Unterst\u00fctzung ab"},"content":{"rendered":"<figure id=\"attachment_3240\" aria-describedby=\"caption-attachment-3240\" style=\"width: 680px\" class=\"wp-caption alignnone\"><img loading=\"lazy\" decoding=\"async\" class=\"wp-image-3240 size-medium\" src=\"https:\/\/www.organisator.ch\/wp-content\/uploads\/2020\/08\/pipistrel-elektrofulugzeug-BAZL-UP-Umwelt-Perspektiven-680x383.png\" alt=\"Elektromotorflugzeug\" width=\"680\" height=\"383\" srcset=\"https:\/\/www.organisator.ch\/wp-content\/uploads\/2020\/08\/pipistrel-elektrofulugzeug-BAZL-UP-Umwelt-Perspektiven-680x383.png 680w, https:\/\/www.organisator.ch\/wp-content\/uploads\/2020\/08\/pipistrel-elektrofulugzeug-BAZL-UP-Umwelt-Perspektiven-1024x576.png 1024w, https:\/\/www.organisator.ch\/wp-content\/uploads\/2020\/08\/pipistrel-elektrofulugzeug-BAZL-UP-Umwelt-Perspektiven-768x432.png 768w, https:\/\/www.organisator.ch\/wp-content\/uploads\/2020\/08\/pipistrel-elektrofulugzeug-BAZL-UP-Umwelt-Perspektiven-1536x864.png 1536w, https:\/\/www.organisator.ch\/wp-content\/uploads\/2020\/08\/pipistrel-elektrofulugzeug-BAZL-UP-Umwelt-Perspektiven-18x10.png 18w, https:\/\/www.organisator.ch\/wp-content\/uploads\/2020\/08\/pipistrel-elektrofulugzeug-BAZL-UP-Umwelt-Perspektiven-311x175.png 311w, https:\/\/www.organisator.ch\/wp-content\/uploads\/2020\/08\/pipistrel-elektrofulugzeug-BAZL-UP-Umwelt-Perspektiven-622x350.png 622w, https:\/\/www.organisator.ch\/wp-content\/uploads\/2020\/08\/pipistrel-elektrofulugzeug-BAZL-UP-Umwelt-Perspektiven-1422x800.png 1422w, https:\/\/www.organisator.ch\/wp-content\/uploads\/2020\/08\/pipistrel-elektrofulugzeug-BAZL-UP-Umwelt-Perspektiven-920x518.png 920w, https:\/\/www.organisator.ch\/wp-content\/uploads\/2020\/08\/pipistrel-elektrofulugzeug-BAZL-UP-Umwelt-Perspektiven-1400x788.png 1400w, https:\/\/www.organisator.ch\/wp-content\/uploads\/2020\/08\/pipistrel-elektrofulugzeug-BAZL-UP-Umwelt-Perspektiven-300x169.png 300w, https:\/\/www.organisator.ch\/wp-content\/uploads\/2020\/08\/pipistrel-elektrofulugzeug-BAZL-UP-Umwelt-Perspektiven.png 1920w\" sizes=\"auto, (max-width: 680px) 100vw, 680px\" \/><figcaption id=\"caption-attachment-3240\" class=\"wp-caption-text\">Das Elektroflugzeug soll in der Leichtaviatik vorwiegend zur Grundausbildung von Piloten eingesetzt werden \u2013 und markiert so einen wichtigen Schritt hin zu einer umweltfreundlicheren Luftfahrt. Mit dem Projekt Pipistrel Velis Electro konnten zudem wichtige Erfahrungen und Erkenntnisse f\u00fcr die Zulassung emissionsarmer Flugzeuge mit umweltfreundlichem Antrieb gewonnen werden. (Bild: admin.ch)<\/figcaption><\/figure>\n<p>Dank des in der Schweiz stationierten Elektromotorflugzeugs konnte das BAZL zusammen mit den Luftfahrtbeh\u00f6rden von Frankreich und Slowenien sowie dem Hersteller Pipistrel auf wichtige Daten eines Testflugprogramms unter EASA-Flugkonditionen zur\u00fcckgreifen. Die Zertifizierung konnte so in weniger als drei Jahren abgeschlossen werden. Mit diesem Projekt haben die EASA und das BAZL nicht nur viel Know-how \u00fcber Elektroflugzeuge gesammelt, sondern auch die Basis gelegt f\u00fcr die Zertifizierung emissionsarmer Flugzeuge mit umweltfreundlichem Antrieb.<\/p>\n<p>Davon profitieren Klima und Bev\u00f6lkerung, sinkt mit dem Einsatz von Elektroflugzeugen doch auch die L\u00e4rmbelastung in der Leichtaviatik erheblich.<\/p>\n<p><strong>\u00dcberzeugende Technik<\/strong><\/p>\n<p>Das Elektroflugzeug Pipistrel Velis Electro geh\u00f6rt der Flugzeugkategorie Light Sport Aircraft (LSA) an und verf\u00fcgt \u00fcber einen Elektromotor E-811. Dieser leistet 57,6 Kilowatt (78 PS) beim Start f\u00fcr eine Dauer von maximal 90 Sekunden, die Reiseleistung ist auf 49,2 kW (67 PS) begrenzt. Die beiden Antriebsbatterien mit einer Nennspannung von 345 Volt haben eine Kapazit\u00e4t von jeweils 11 Kilowattstunden. Gem\u00e4ss Herstellerangaben ist eine Flugzeit von 50 Minuten plus Reserve von 10 Minuten m\u00f6glich. Die Pipistrel Velis Electro soll insbesondere in der Grundausbildung von Piloten zum Einsatz kommen. Inhaber einer Privatpilotenlizenz k\u00f6nnen w\u00e4hrend 5 Fl\u00fcgen eine Einweisung absolvieren.<\/p>\n<p><strong>Inzwischen EASA-zertifiziert\u00a0<\/strong><\/p>\n<p>Mitte Mai 2020 erteilte die EASA die Zulassung des Elektromotors, wenig sp\u00e4ter f\u00fcr das Flugzeug und letzte Woche erfolgte der Jungfernflug: Dahinter stecken aufwendige Arbeiten. Denn bevor die Pipistrel Velis Electro als weltweit erstes Elektroflugzeug eine Musterzulassung erhielt, mussten die Bedingungen f\u00fcr Betrieb, Wartung sowie Ausbildung von Piloten und Personal von Grund auf definiert und spezifiziert werden. Diese waren im bislang geltenden EASA-Zertifizierungsrahmen nicht enthalten. Das BAZL hat bei der Entwicklung dieser neuen Zulassungsbedingungen federf\u00fchrend mitgewirkt.<\/p>\n<p><a href=\"\/\/www.bazl.admin.ch\/bazl\/de\/home.html\">www.bazl.admin.ch<\/a><\/p>\n<p>&nbsp;<\/p>\n<p class=\"nsbtextkasten\">\u00a0<\/p>\n","protected":false},"excerpt":{"rendered":"<p>Dank des in der Schweiz stationierten Elektromotorflugzeugs konnte das BAZL zusammen mit den Luftfahrtbeh\u00f6rden von Frankreich und Slowenien sowie dem Hersteller Pipistrel auf wichtige Daten eines Testflugprogramms unter EASA-Flugkonditionen zur\u00fcckgreifen. Die Zertifizierung konnte so in weniger als drei Jahren abgeschlossen werden. Mit diesem Projekt haben die EASA und das BAZL nicht nur viel Know-how \u00fcber [&hellip;]<\/p>\n","protected":false},"author":5,"featured_media":3240,"comment_status":"closed","ping_status":"closed","sticky":false,"template":"","format":"standard","meta":{"_acf_changed":false,"_yoast_wpseo_focuskw":"Elektromotorflugzeug","_yoast_wpseo_metadesc":"Das Pipistrel Velis Electro Elektroflugzeug bietet umweltfreundliche Pilotenausbildung und reduziert L\u00e4rmbelastung erheblich.","articlekey":"","footnotes":""},"categories":[580],"tags":[793,1009,1036,1914,613],"class_list":["post-10195","post","type-post","status-publish","format-standard","has-post-thumbnail","hentry","category-sustainability","tag-bazl","tag-easa","tag-elektrofulugzeug","tag-pipistrel-projekt","tag-zertifizierung"],"acf":[],"yoast_head":"<!-- This site is optimized with the Yoast SEO plugin v27.5 - https:\/\/yoast.com\/product\/yoast-seo-wordpress\/ -->\n<title>Erstes Elektromotorflugzeug hebt dank BAZL-Unterst\u00fctzung ab - Organisator<\/title>\n<meta name=\"description\" content=\"Das Pipistrel Velis Electro Elektroflugzeug bietet umweltfreundliche Pilotenausbildung und reduziert L\u00e4rmbelastung erheblich.\" \/>\n<meta name=\"robots\" content=\"index, follow, max-snippet:-1, max-image-preview:large, max-video-preview:-1\" \/>\n<link rel=\"canonical\" href=\"https:\/\/www.organisator.ch\/de\/sustainability\/2020-08-05\/erstes-elektromotorflugzeug-hebt-dank-bazl-unterstuetzung-ab\/\" \/>\n<meta property=\"og:locale\" content=\"de_DE\" \/>\n<meta property=\"og:type\" content=\"article\" \/>\n<meta property=\"og:title\" content=\"Erstes Elektromotorflugzeug hebt dank BAZL-Unterst\u00fctzung ab - Organisator\" \/>\n<meta property=\"og:description\" content=\"Das Pipistrel Velis Electro Elektroflugzeug bietet umweltfreundliche Pilotenausbildung und reduziert L\u00e4rmbelastung erheblich.\" \/>\n<meta property=\"og:url\" content=\"https:\/\/www.organisator.ch\/de\/sustainability\/2020-08-05\/erstes-elektromotorflugzeug-hebt-dank-bazl-unterstuetzung-ab\/\" \/>\n<meta property=\"og:site_name\" content=\"Organisator\" \/>\n<meta property=\"article:publisher\" content=\"https:\/\/www.facebook.com\/OrganisatorFachmagazin\" \/>\n<meta property=\"article:published_time\" content=\"2020-08-05T08:15:21+00:00\" \/>\n<meta property=\"article:modified_time\" content=\"2024-11-07T04:30:37+00:00\" \/>\n<meta property=\"og:image\" content=\"https:\/\/www.organisator.ch\/wp-content\/uploads\/2020\/08\/pipistrel-elektrofulugzeug-BAZL-UP-Umwelt-Perspektiven.png\" \/>\n\t<meta property=\"og:image:width\" content=\"1920\" \/>\n\t<meta property=\"og:image:height\" content=\"1080\" \/>\n\t<meta property=\"og:image:type\" content=\"image\/png\" \/>\n<meta name=\"author\" content=\"michael.merz\" \/>\n<meta name=\"twitter:card\" content=\"summary_large_image\" \/>\n<script type=\"application\/ld+json\" class=\"yoast-schema-graph\">{\"@context\":\"https:\\\/\\\/schema.org\",\"@graph\":[{\"@type\":\"Article\",\"@id\":\"https:\\\/\\\/www.organisator.ch\\\/sustainability\\\/2020-08-05\\\/erstes-elektromotorflugzeug-hebt-dank-bazl-unterstuetzung-ab\\\/#article\",\"isPartOf\":{\"@id\":\"https:\\\/\\\/www.organisator.ch\\\/sustainability\\\/2020-08-05\\\/erstes-elektromotorflugzeug-hebt-dank-bazl-unterstuetzung-ab\\\/\"},\"author\":{\"name\":\"michael.merz\",\"@id\":\"https:\\\/\\\/www.organisator.ch\\\/#\\\/schema\\\/person\\\/134708ca9321c57b0362cceb7948ffbd\"},\"headline\":\"Erstes Elektromotorflugzeug hebt dank BAZL-Unterst\u00fctzung ab\",\"datePublished\":\"2020-08-05T08:15:21+00:00\",\"dateModified\":\"2024-11-07T04:30:37+00:00\",\"mainEntityOfPage\":{\"@id\":\"https:\\\/\\\/www.organisator.ch\\\/sustainability\\\/2020-08-05\\\/erstes-elektromotorflugzeug-hebt-dank-bazl-unterstuetzung-ab\\\/\"},\"wordCount\":342,\"publisher\":{\"@id\":\"https:\\\/\\\/www.organisator.ch\\\/#organization\"},\"image\":{\"@id\":\"https:\\\/\\\/www.organisator.ch\\\/sustainability\\\/2020-08-05\\\/erstes-elektromotorflugzeug-hebt-dank-bazl-unterstuetzung-ab\\\/#primaryimage\"},\"thumbnailUrl\":\"https:\\\/\\\/www.organisator.ch\\\/wp-content\\\/uploads\\\/2020\\\/08\\\/pipistrel-elektrofulugzeug-BAZL-UP-Umwelt-Perspektiven.png\",\"keywords\":[\"BAZL\",\"EASA\",\"Elektrofulugzeug\",\"Pipistrel Projekt\",\"Zertifizierung\"],\"articleSection\":[\"SUSTAINABILITY\"],\"inLanguage\":\"de\"},{\"@type\":\"WebPage\",\"@id\":\"https:\\\/\\\/www.organisator.ch\\\/sustainability\\\/2020-08-05\\\/erstes-elektromotorflugzeug-hebt-dank-bazl-unterstuetzung-ab\\\/\",\"url\":\"https:\\\/\\\/www.organisator.ch\\\/sustainability\\\/2020-08-05\\\/erstes-elektromotorflugzeug-hebt-dank-bazl-unterstuetzung-ab\\\/\",\"name\":\"Erstes Elektromotorflugzeug hebt dank BAZL-Unterst\u00fctzung ab - Organisator\",\"isPartOf\":{\"@id\":\"https:\\\/\\\/www.organisator.ch\\\/#website\"},\"primaryImageOfPage\":{\"@id\":\"https:\\\/\\\/www.organisator.ch\\\/sustainability\\\/2020-08-05\\\/erstes-elektromotorflugzeug-hebt-dank-bazl-unterstuetzung-ab\\\/#primaryimage\"},\"image\":{\"@id\":\"https:\\\/\\\/www.organisator.ch\\\/sustainability\\\/2020-08-05\\\/erstes-elektromotorflugzeug-hebt-dank-bazl-unterstuetzung-ab\\\/#primaryimage\"},\"thumbnailUrl\":\"https:\\\/\\\/www.organisator.ch\\\/wp-content\\\/uploads\\\/2020\\\/08\\\/pipistrel-elektrofulugzeug-BAZL-UP-Umwelt-Perspektiven.png\",\"datePublished\":\"2020-08-05T08:15:21+00:00\",\"dateModified\":\"2024-11-07T04:30:37+00:00\",\"description\":\"Das Pipistrel Velis Electro Elektroflugzeug bietet umweltfreundliche Pilotenausbildung und reduziert L\u00e4rmbelastung erheblich.\",\"breadcrumb\":{\"@id\":\"https:\\\/\\\/www.organisator.ch\\\/sustainability\\\/2020-08-05\\\/erstes-elektromotorflugzeug-hebt-dank-bazl-unterstuetzung-ab\\\/#breadcrumb\"},\"inLanguage\":\"de\",\"potentialAction\":[{\"@type\":\"ReadAction\",\"target\":[\"https:\\\/\\\/www.organisator.ch\\\/sustainability\\\/2020-08-05\\\/erstes-elektromotorflugzeug-hebt-dank-bazl-unterstuetzung-ab\\\/\"]}]},{\"@type\":\"ImageObject\",\"inLanguage\":\"de\",\"@id\":\"https:\\\/\\\/www.organisator.ch\\\/sustainability\\\/2020-08-05\\\/erstes-elektromotorflugzeug-hebt-dank-bazl-unterstuetzung-ab\\\/#primaryimage\",\"url\":\"https:\\\/\\\/www.organisator.ch\\\/wp-content\\\/uploads\\\/2020\\\/08\\\/pipistrel-elektrofulugzeug-BAZL-UP-Umwelt-Perspektiven.png\",\"contentUrl\":\"https:\\\/\\\/www.organisator.ch\\\/wp-content\\\/uploads\\\/2020\\\/08\\\/pipistrel-elektrofulugzeug-BAZL-UP-Umwelt-Perspektiven.png\",\"width\":1920,\"height\":1080,\"caption\":\"Das Elektroflugzeug soll in der Leichtaviatik vorwiegend zur Grundausbildung von Piloten eingesetzt werden \u2013 und markiert so einen wichtigen Schritt hin zu einer umweltfreundlicheren Luftfahrt. Mit dem Projekt Pipistrel Velis Electro konnten zudem wichtige Erfahrungen und Erkenntnisse f\u00fcr die Zulassung emissionsarmer Flugzeuge mit umweltfreundlichem Antrieb gewonnen werden. (Bild: admin.ch)\"},{\"@type\":\"BreadcrumbList\",\"@id\":\"https:\\\/\\\/www.organisator.ch\\\/sustainability\\\/2020-08-05\\\/erstes-elektromotorflugzeug-hebt-dank-bazl-unterstuetzung-ab\\\/#breadcrumb\",\"itemListElement\":[{\"@type\":\"ListItem\",\"position\":1,\"name\":\"Home\",\"item\":\"https:\\\/\\\/www.organisator.ch\\\/\"},{\"@type\":\"ListItem\",\"position\":2,\"name\":\"Erstes Elektromotorflugzeug hebt dank BAZL-Unterst\u00fctzung ab\"}]},{\"@type\":\"WebSite\",\"@id\":\"https:\\\/\\\/www.organisator.ch\\\/#website\",\"url\":\"https:\\\/\\\/www.organisator.ch\\\/\",\"name\":\"Organisator\",\"description\":\"Kompetent. Praxisnah. Der ORGANISATOR bereitet in 10 Ausgaben pro Jahr die wesentlichen Themen f\u00fcr F\u00fchrungskr\u00e4fte von KMU auf.\",\"publisher\":{\"@id\":\"https:\\\/\\\/www.organisator.ch\\\/#organization\"},\"potentialAction\":[{\"@type\":\"SearchAction\",\"target\":{\"@type\":\"EntryPoint\",\"urlTemplate\":\"https:\\\/\\\/www.organisator.ch\\\/?s={search_term_string}\"},\"query-input\":{\"@type\":\"PropertyValueSpecification\",\"valueRequired\":true,\"valueName\":\"search_term_string\"}}],\"inLanguage\":\"de\"},{\"@type\":\"Organization\",\"@id\":\"https:\\\/\\\/www.organisator.ch\\\/#organization\",\"name\":\"Organisator\",\"url\":\"https:\\\/\\\/www.organisator.ch\\\/\",\"logo\":{\"@type\":\"ImageObject\",\"inLanguage\":\"de\",\"@id\":\"https:\\\/\\\/www.organisator.ch\\\/#\\\/schema\\\/logo\\\/image\\\/\",\"url\":\"https:\\\/\\\/www.organisator.ch\\\/wp-content\\\/uploads\\\/2022\\\/01\\\/Logo_Organisator_Website.png\",\"contentUrl\":\"https:\\\/\\\/www.organisator.ch\\\/wp-content\\\/uploads\\\/2022\\\/01\\\/Logo_Organisator_Website.png\",\"width\":800,\"height\":77,\"caption\":\"Organisator\"},\"image\":{\"@id\":\"https:\\\/\\\/www.organisator.ch\\\/#\\\/schema\\\/logo\\\/image\\\/\"},\"sameAs\":[\"https:\\\/\\\/www.facebook.com\\\/OrganisatorFachmagazin\",\"https:\\\/\\\/www.linkedin.com\\\/showcase\\\/organisator-das-magazin-fr-kmu\",\"https:\\\/\\\/www.xing.com\\\/news\\\/pages\\\/organisator-ch-695\",\"https:\\\/\\\/www.youtube.com\\\/channel\\\/UCGP2Sq0iWaZwT3BdIAQFYpw\"]},{\"@type\":\"Person\",\"@id\":\"https:\\\/\\\/www.organisator.ch\\\/#\\\/schema\\\/person\\\/134708ca9321c57b0362cceb7948ffbd\",\"name\":\"michael.merz\",\"image\":{\"@type\":\"ImageObject\",\"inLanguage\":\"de\",\"@id\":\"https:\\\/\\\/secure.gravatar.com\\\/avatar\\\/?s=96&d=mm&r=g\",\"url\":\"https:\\\/\\\/secure.gravatar.com\\\/avatar\\\/?s=96&d=mm&r=g\",\"contentUrl\":\"https:\\\/\\\/secure.gravatar.com\\\/avatar\\\/?s=96&d=mm&r=g\",\"caption\":\"michael.merz\"},\"url\":\"https:\\\/\\\/www.organisator.ch\\\/de\\\/author\\\/michael-merz\\\/\"}]}<\/script>\n<!-- \/ Yoast SEO plugin. -->","yoast_head_json":{"title":"Erstes Elektromotorflugzeug hebt dank BAZL-Unterst\u00fctzung ab - Organisator","description":"Das Pipistrel Velis Electro Elektroflugzeug bietet umweltfreundliche Pilotenausbildung und reduziert L\u00e4rmbelastung erheblich.","robots":{"index":"index","follow":"follow","max-snippet":"max-snippet:-1","max-image-preview":"max-image-preview:large","max-video-preview":"max-video-preview:-1"},"canonical":"https:\/\/www.organisator.ch\/de\/sustainability\/2020-08-05\/erstes-elektromotorflugzeug-hebt-dank-bazl-unterstuetzung-ab\/","og_locale":"de_DE","og_type":"article","og_title":"Erstes Elektromotorflugzeug hebt dank BAZL-Unterst\u00fctzung ab - Organisator","og_description":"Das Pipistrel Velis Electro Elektroflugzeug bietet umweltfreundliche Pilotenausbildung und reduziert L\u00e4rmbelastung erheblich.","og_url":"https:\/\/www.organisator.ch\/de\/sustainability\/2020-08-05\/erstes-elektromotorflugzeug-hebt-dank-bazl-unterstuetzung-ab\/","og_site_name":"Organisator","article_publisher":"https:\/\/www.facebook.com\/OrganisatorFachmagazin","article_published_time":"2020-08-05T08:15:21+00:00","article_modified_time":"2024-11-07T04:30:37+00:00","og_image":[{"width":1920,"height":1080,"url":"https:\/\/www.organisator.ch\/wp-content\/uploads\/2020\/08\/pipistrel-elektrofulugzeug-BAZL-UP-Umwelt-Perspektiven.png","type":"image\/png"}],"author":"michael.merz","twitter_card":"summary_large_image","schema":{"@context":"https:\/\/schema.org","@graph":[{"@type":"Article","@id":"https:\/\/www.organisator.ch\/sustainability\/2020-08-05\/erstes-elektromotorflugzeug-hebt-dank-bazl-unterstuetzung-ab\/#article","isPartOf":{"@id":"https:\/\/www.organisator.ch\/sustainability\/2020-08-05\/erstes-elektromotorflugzeug-hebt-dank-bazl-unterstuetzung-ab\/"},"author":{"name":"michael.merz","@id":"https:\/\/www.organisator.ch\/#\/schema\/person\/134708ca9321c57b0362cceb7948ffbd"},"headline":"Erstes Elektromotorflugzeug hebt dank BAZL-Unterst\u00fctzung ab","datePublished":"2020-08-05T08:15:21+00:00","dateModified":"2024-11-07T04:30:37+00:00","mainEntityOfPage":{"@id":"https:\/\/www.organisator.ch\/sustainability\/2020-08-05\/erstes-elektromotorflugzeug-hebt-dank-bazl-unterstuetzung-ab\/"},"wordCount":342,"publisher":{"@id":"https:\/\/www.organisator.ch\/#organization"},"image":{"@id":"https:\/\/www.organisator.ch\/sustainability\/2020-08-05\/erstes-elektromotorflugzeug-hebt-dank-bazl-unterstuetzung-ab\/#primaryimage"},"thumbnailUrl":"https:\/\/www.organisator.ch\/wp-content\/uploads\/2020\/08\/pipistrel-elektrofulugzeug-BAZL-UP-Umwelt-Perspektiven.png","keywords":["BAZL","EASA","Elektrofulugzeug","Pipistrel Projekt","Zertifizierung"],"articleSection":["SUSTAINABILITY"],"inLanguage":"de"},{"@type":"WebPage","@id":"https:\/\/www.organisator.ch\/sustainability\/2020-08-05\/erstes-elektromotorflugzeug-hebt-dank-bazl-unterstuetzung-ab\/","url":"https:\/\/www.organisator.ch\/sustainability\/2020-08-05\/erstes-elektromotorflugzeug-hebt-dank-bazl-unterstuetzung-ab\/","name":"Erstes Elektromotorflugzeug hebt dank BAZL-Unterst\u00fctzung ab - Organisator","isPartOf":{"@id":"https:\/\/www.organisator.ch\/#website"},"primaryImageOfPage":{"@id":"https:\/\/www.organisator.ch\/sustainability\/2020-08-05\/erstes-elektromotorflugzeug-hebt-dank-bazl-unterstuetzung-ab\/#primaryimage"},"image":{"@id":"https:\/\/www.organisator.ch\/sustainability\/2020-08-05\/erstes-elektromotorflugzeug-hebt-dank-bazl-unterstuetzung-ab\/#primaryimage"},"thumbnailUrl":"https:\/\/www.organisator.ch\/wp-content\/uploads\/2020\/08\/pipistrel-elektrofulugzeug-BAZL-UP-Umwelt-Perspektiven.png","datePublished":"2020-08-05T08:15:21+00:00","dateModified":"2024-11-07T04:30:37+00:00","description":"Das Pipistrel Velis Electro Elektroflugzeug bietet umweltfreundliche Pilotenausbildung und reduziert L\u00e4rmbelastung erheblich.","breadcrumb":{"@id":"https:\/\/www.organisator.ch\/sustainability\/2020-08-05\/erstes-elektromotorflugzeug-hebt-dank-bazl-unterstuetzung-ab\/#breadcrumb"},"inLanguage":"de","potentialAction":[{"@type":"ReadAction","target":["https:\/\/www.organisator.ch\/sustainability\/2020-08-05\/erstes-elektromotorflugzeug-hebt-dank-bazl-unterstuetzung-ab\/"]}]},{"@type":"ImageObject","inLanguage":"de","@id":"https:\/\/www.organisator.ch\/sustainability\/2020-08-05\/erstes-elektromotorflugzeug-hebt-dank-bazl-unterstuetzung-ab\/#primaryimage","url":"https:\/\/www.organisator.ch\/wp-content\/uploads\/2020\/08\/pipistrel-elektrofulugzeug-BAZL-UP-Umwelt-Perspektiven.png","contentUrl":"https:\/\/www.organisator.ch\/wp-content\/uploads\/2020\/08\/pipistrel-elektrofulugzeug-BAZL-UP-Umwelt-Perspektiven.png","width":1920,"height":1080,"caption":"Das Elektroflugzeug soll in der Leichtaviatik vorwiegend zur Grundausbildung von Piloten eingesetzt werden \u2013 und markiert so einen wichtigen Schritt hin zu einer umweltfreundlicheren Luftfahrt. Mit dem Projekt Pipistrel Velis Electro konnten zudem wichtige Erfahrungen und Erkenntnisse f\u00fcr die Zulassung emissionsarmer Flugzeuge mit umweltfreundlichem Antrieb gewonnen werden. (Bild: admin.ch)"},{"@type":"BreadcrumbList","@id":"https:\/\/www.organisator.ch\/sustainability\/2020-08-05\/erstes-elektromotorflugzeug-hebt-dank-bazl-unterstuetzung-ab\/#breadcrumb","itemListElement":[{"@type":"ListItem","position":1,"name":"Home","item":"https:\/\/www.organisator.ch\/"},{"@type":"ListItem","position":2,"name":"Erstes Elektromotorflugzeug hebt dank BAZL-Unterst\u00fctzung ab"}]},{"@type":"WebSite","@id":"https:\/\/www.organisator.ch\/#website","url":"https:\/\/www.organisator.ch\/","name":"Organisator","description":"Kompetent. Praxisnah. Der ORGANISATOR bereitet in 10 Ausgaben pro Jahr die wesentlichen Themen f\u00fcr F\u00fchrungskr\u00e4fte von KMU auf.","publisher":{"@id":"https:\/\/www.organisator.ch\/#organization"},"potentialAction":[{"@type":"SearchAction","target":{"@type":"EntryPoint","urlTemplate":"https:\/\/www.organisator.ch\/?s={search_term_string}"},"query-input":{"@type":"PropertyValueSpecification","valueRequired":true,"valueName":"search_term_string"}}],"inLanguage":"de"},{"@type":"Organization","@id":"https:\/\/www.organisator.ch\/#organization","name":"Organisator","url":"https:\/\/www.organisator.ch\/","logo":{"@type":"ImageObject","inLanguage":"de","@id":"https:\/\/www.organisator.ch\/#\/schema\/logo\/image\/","url":"https:\/\/www.organisator.ch\/wp-content\/uploads\/2022\/01\/Logo_Organisator_Website.png","contentUrl":"https:\/\/www.organisator.ch\/wp-content\/uploads\/2022\/01\/Logo_Organisator_Website.png","width":800,"height":77,"caption":"Organisator"},"image":{"@id":"https:\/\/www.organisator.ch\/#\/schema\/logo\/image\/"},"sameAs":["https:\/\/www.facebook.com\/OrganisatorFachmagazin","https:\/\/www.linkedin.com\/showcase\/organisator-das-magazin-fr-kmu","https:\/\/www.xing.com\/news\/pages\/organisator-ch-695","https:\/\/www.youtube.com\/channel\/UCGP2Sq0iWaZwT3BdIAQFYpw"]},{"@type":"Person","@id":"https:\/\/www.organisator.ch\/#\/schema\/person\/134708ca9321c57b0362cceb7948ffbd","name":"michael.merz","image":{"@type":"ImageObject","inLanguage":"de","@id":"https:\/\/secure.gravatar.com\/avatar\/?s=96&d=mm&r=g","url":"https:\/\/secure.gravatar.com\/avatar\/?s=96&d=mm&r=g","contentUrl":"https:\/\/secure.gravatar.com\/avatar\/?s=96&d=mm&r=g","caption":"michael.merz"},"url":"https:\/\/www.organisator.ch\/de\/author\/michael-merz\/"}]}},"_links":{"self":[{"href":"https:\/\/www.organisator.ch\/de\/wp-json\/wp\/v2\/posts\/10195","targetHints":{"allow":["GET"]}}],"collection":[{"href":"https:\/\/www.organisator.ch\/de\/wp-json\/wp\/v2\/posts"}],"about":[{"href":"https:\/\/www.organisator.ch\/de\/wp-json\/wp\/v2\/types\/post"}],"author":[{"embeddable":true,"href":"https:\/\/www.organisator.ch\/de\/wp-json\/wp\/v2\/users\/5"}],"replies":[{"embeddable":true,"href":"https:\/\/www.organisator.ch\/de\/wp-json\/wp\/v2\/comments?post=10195"}],"version-history":[{"count":3,"href":"https:\/\/www.organisator.ch\/de\/wp-json\/wp\/v2\/posts\/10195\/revisions"}],"predecessor-version":[{"id":31607,"href":"https:\/\/www.organisator.ch\/de\/wp-json\/wp\/v2\/posts\/10195\/revisions\/31607"}],"wp:featuredmedia":[{"embeddable":true,"href":"https:\/\/www.organisator.ch\/de\/wp-json\/wp\/v2\/media\/3240"}],"wp:attachment":[{"href":"https:\/\/www.organisator.ch\/de\/wp-json\/wp\/v2\/media?parent=10195"}],"wp:term":[{"taxonomy":"category","embeddable":true,"href":"https:\/\/www.organisator.ch\/de\/wp-json\/wp\/v2\/categories?post=10195"},{"taxonomy":"post_tag","embeddable":true,"href":"https:\/\/www.organisator.ch\/de\/wp-json\/wp\/v2\/tags?post=10195"}],"curies":[{"name":"wp","href":"https:\/\/api.w.org\/{rel}","templated":true}]}}