{"id":10197,"date":"2020-08-13T13:55:00","date_gmt":"2020-08-13T11:55:00","guid":{"rendered":"https:\/\/www.umweltperspektiven.ch\/?p=3270"},"modified":"2022-02-09T11:09:56","modified_gmt":"2022-02-09T10:09:56","slug":"wieso-der-neue-tatort-gruen-werden-soll","status":"publish","type":"post","link":"https:\/\/www.organisator.ch\/de\/sustainability\/2020-08-13\/wieso-der-neue-tatort-gruen-werden-soll\/","title":{"rendered":"Wieso der neue Tatort gr\u00fcn werden soll"},"content":{"rendered":"<figure id=\"attachment_3271\" aria-describedby=\"caption-attachment-3271\" style=\"width: 680px\" class=\"wp-caption alignnone\"><img loading=\"lazy\" decoding=\"async\" class=\"size-medium wp-image-3271\" src=\"\/\/www.umweltperspektiven.ch\/wp-content\/uploads\/2020\/08\/tatort_outdoor.jpg\" alt=\"\" width=\"680\" height=\"453\" srcset=\"https:\/\/www.organisator.ch\/wp-content\/uploads\/2020\/08\/tatort_outdoor.jpg 2303w, https:\/\/www.organisator.ch\/wp-content\/uploads\/2020\/08\/tatort_outdoor-680x453.jpg 680w, https:\/\/www.organisator.ch\/wp-content\/uploads\/2020\/08\/tatort_outdoor-1024x683.jpg 1024w, https:\/\/www.organisator.ch\/wp-content\/uploads\/2020\/08\/tatort_outdoor-768x512.jpg 768w, https:\/\/www.organisator.ch\/wp-content\/uploads\/2020\/08\/tatort_outdoor-1536x1024.jpg 1536w, https:\/\/www.organisator.ch\/wp-content\/uploads\/2020\/08\/tatort_outdoor-2048x1365.jpg 2048w, https:\/\/www.organisator.ch\/wp-content\/uploads\/2020\/08\/tatort_outdoor-18x12.jpg 18w, https:\/\/www.organisator.ch\/wp-content\/uploads\/2020\/08\/tatort_outdoor-263x175.jpg 263w, https:\/\/www.organisator.ch\/wp-content\/uploads\/2020\/08\/tatort_outdoor-525x350.jpg 525w, https:\/\/www.organisator.ch\/wp-content\/uploads\/2020\/08\/tatort_outdoor-1200x800.jpg 1200w, https:\/\/www.organisator.ch\/wp-content\/uploads\/2020\/08\/tatort_outdoor-920x613.jpg 920w, https:\/\/www.organisator.ch\/wp-content\/uploads\/2020\/08\/tatort_outdoor-1400x933.jpg 1400w, https:\/\/www.organisator.ch\/wp-content\/uploads\/2020\/08\/tatort_outdoor-300x200.jpg 300w\" sizes=\"auto, (max-width: 680px) 100vw, 680px\" \/><figcaption id=\"caption-attachment-3271\" class=\"wp-caption-text\">Tatort-Dreharbeiten mit Regisseurin Viviane Andereggen (l.) und Anna Pieri-Zuercher (2.v.l.) in Z\u00fcrich. (Copyright: SRF\/Sava Hlavacek)<\/figcaption><\/figure>\n<p>Bankenstadt, Szene-, Kultur- und Medienmetropole&#8230; Z\u00fcrich wird Tatort-Stadt. Genauer gesagt am 18. Oktober (SRF, 20.05 Uhr). Dann kommt die Stadt nach Angaben des Schweizer Fernsehens in den Kreis der deutschsprachigen Sonntagskrimist\u00e4dte.\u00a0SRF hat sich zum Ziel gesetzt, f\u00fcr seine Film- und Serienproduktionen eine systematische und langfristige Nachhaltigkeitsstrategie auszuarbeiten. Diese soll zuk\u00fcnftig den CO2-Fussabdruck von Eigenproduktionen aber auch der gesamten Branche reduzieren. Den Anfang macht der neue Tatort aus Z\u00fcrich, der als Pilotprojekt ausgew\u00e4hlt wurde.<\/p>\n<p>Unterst\u00fctzung bei der konkreten Erhebung der CO2-Emissionsdaten erh\u00e4lt SRF von der Schweizer Klimaschutzstiftung myclimate, die eine Liste \u00f6kologischer Nachhaltigkeitsmassnahmen erarbeitet hat. In der Umsetzung ist die Produktionsfirma Zodiac Pictures AG aktiv am Projekt beteiligt.<\/p>\n<p><strong>Green Filming in der Schweiz\u00a0<\/strong><\/p>\n<p>Auch f\u00fcr den neuen Tatort wurde einiges an Energie verbraucht.\u00a0Eine Stunde Fernsehprogramm zu produzieren, verursacht durchschnittlich 13,5 Tonnen CO2 \u2013 das zeigt eine Studie der britischen Filmakademie BAFTA. Allein in London City produziert die audiovisuelle Produktion j\u00e4hrlich gegen 125\u2019000 Tonnen CO2, was Emissionen von gut 24\u2019000 Haushalten entspricht.\u00a0 Zodiac Pictures AG ermittelte zusammen mit der Schweizer Klimaschutzstiftung myclimate Wege, wie man den Tatort aus Z\u00fcrich klimaschonender angehen k\u00f6nnte.<\/p>\n<p>So evaluierte Dr.\u00a0Bettina\u00a0Kahlert vom myclimate Team Leader Efficiency Consulting zuerst einmal Richtwerte wieviel Energie so ein Dreh in der Pre- und Post-Produktion, und schliesslich auch vor Ort verschleisst. So gingen 32 Tonnen CO2-Equivalente beim Dreh in Z\u00fcrich im November 2019 f\u00fcr Strom und Licht drauf, wobei der gr\u00f6sste Teil der Bereich Mobilit\u00e4t (z. B. Personen- und Materialtransporte) beanspruchte.<\/p>\n<p>F\u00fcr einen Dreh f\u00fcr den Tatort aus Luzern schlugen einst noch 15 Tonnen von insgesamt 38 CO2-Emissionen f\u00fcr Hotel\u00fcbernachtungen zu Buche, f\u00fcr den Tatort aus Z\u00fcrich waren es nur mehr f\u00fcnf Tonnen, \u00abweil die meisten Crewmitglieder in Z\u00fcrich leben und wir sonst klimaschonendere \u00dcbernachtungsm\u00f6glichkeiten nutzten\u00bb, f\u00fchrt Jessica Hefti von Zodiac Pictures erste Vergleichswerte aus.<\/p>\n<p>Jessica Hefti, TV Producerin aus Z\u00fcrich: \u00abBeim Tatort Z\u00fcrich kamen 38 neue Schauspieler*innen zusammen, die teilweise zum ersten Mal klimaschonend arbeiteten, sie alle haben es begeistert mitgetragen.\u00bb<\/p>\n<p><a href=\"\/\/www.umweltperspektiven.ch\/abo-bestellung\/\">Mehr Einsichtigen \u00fcber den neuen Tatort aus Z\u00fcrich und Erhebungen von myclimate Schweiz finden Sie in den Umwelt PERSPEKTIVEN (2020_03)\u00a0<\/a><\/p>\n<p>&nbsp;<\/p>\n<p><strong><em>Die Schweizer Stiftung Focal, deren Ziel es ist, \u00abdie gestalterischen, technischen und unternehmerischen F\u00e4higkeiten der Fachleute in den Bereichen Film, Audiovision und neue Medien zu entwickeln und zu f\u00f6rdern\u00bb, hat ein umfangreiches\u00a0<\/em><a href=\"\/\/focal.ch\/sites\/default\/files\/inline-files\/Best_Practice_Guide_English.pdf\"><em>Handbuch<\/em><\/a><em>\u00a0herausgegeben, wie sich Filme umweltbewusster produzieren lassen, mehr Details zum Thema \u00abGreen Filmmaking\u00bb unter: <\/em><\/strong><\/p>\n<p><a href=\"\/\/www.focal.ch\"><em>\u00a0focal.ch<\/em><\/a><\/p>\n<p>&nbsp;<\/p>\n","protected":false},"excerpt":{"rendered":"<p>Bankenstadt, Szene-, Kultur- und Medienmetropole&#8230; Z\u00fcrich wird Tatort-Stadt. Genauer gesagt am 18. Oktober (SRF, 20.05 Uhr). Dann kommt die Stadt nach Angaben des Schweizer Fernsehens in den Kreis der deutschsprachigen Sonntagskrimist\u00e4dte.\u00a0SRF hat sich zum Ziel gesetzt, f\u00fcr seine Film- und Serienproduktionen eine systematische und langfristige Nachhaltigkeitsstrategie auszuarbeiten. Diese soll zuk\u00fcnftig den CO2-Fussabdruck von Eigenproduktionen aber [&hellip;]<\/p>\n","protected":false},"author":5,"featured_media":3271,"comment_status":"closed","ping_status":"closed","sticky":false,"template":"","format":"standard","meta":{"_acf_changed":false,"_yoast_wpseo_focuskw":"Tatort","_yoast_wpseo_metadesc":"Mit dem neuen Tatort aus Z\u00fcrich m\u00f6chte SRF vorangehen. Das Schweizer Fernsehen SRF will neuerdings eigene Film- und Serienformate nachhaltiger produzieren.","articlekey":"","footnotes":""},"categories":[580],"tags":[1316,1505,1522,1749,424,2077,2173,2285,542],"class_list":["post-10197","post","type-post","status-publish","format-standard","has-post-thumbnail","hentry","category-sustainability","tag-green-filming","tag-klima-modellierung","tag-klimaschonend","tag-myclimate","tag-schweiz","tag-schweizer-fernsehen","tag-srf","tag-tatort","tag-zuerich"],"acf":[],"yoast_head":"<!-- This site is optimized with the Yoast SEO plugin v27.4 - https:\/\/yoast.com\/product\/yoast-seo-wordpress\/ -->\n<title>Wieso der neue Tatort gr\u00fcn werden soll - Organisator<\/title>\n<meta name=\"description\" content=\"Mit dem neuen Tatort aus Z\u00fcrich m\u00f6chte SRF vorangehen. Das Schweizer Fernsehen SRF will neuerdings eigene Film- und Serienformate nachhaltiger produzieren.\" \/>\n<meta name=\"robots\" content=\"index, follow, max-snippet:-1, max-image-preview:large, max-video-preview:-1\" \/>\n<link rel=\"canonical\" href=\"https:\/\/www.organisator.ch\/de\/sustainability\/2020-08-13\/wieso-der-neue-tatort-gruen-werden-soll\/\" \/>\n<meta property=\"og:locale\" content=\"de_DE\" \/>\n<meta property=\"og:type\" content=\"article\" \/>\n<meta property=\"og:title\" content=\"Wieso der neue Tatort gr\u00fcn werden soll - Organisator\" \/>\n<meta property=\"og:description\" content=\"Mit dem neuen Tatort aus Z\u00fcrich m\u00f6chte SRF vorangehen. Das Schweizer Fernsehen SRF will neuerdings eigene Film- und Serienformate nachhaltiger produzieren.\" \/>\n<meta property=\"og:url\" content=\"https:\/\/www.organisator.ch\/de\/sustainability\/2020-08-13\/wieso-der-neue-tatort-gruen-werden-soll\/\" \/>\n<meta property=\"og:site_name\" content=\"Organisator\" \/>\n<meta property=\"article:publisher\" content=\"https:\/\/www.facebook.com\/OrganisatorFachmagazin\" \/>\n<meta property=\"article:published_time\" content=\"2020-08-13T11:55:00+00:00\" \/>\n<meta property=\"article:modified_time\" content=\"2022-02-09T10:09:56+00:00\" \/>\n<meta property=\"og:image\" content=\"https:\/\/www.organisator.ch\/wp-content\/uploads\/2020\/08\/tatort_outdoor-1024x683.jpg\" \/>\n\t<meta property=\"og:image:width\" content=\"1024\" \/>\n\t<meta property=\"og:image:height\" content=\"683\" \/>\n\t<meta property=\"og:image:type\" content=\"image\/jpeg\" \/>\n<meta name=\"author\" content=\"michael.merz\" \/>\n<meta name=\"twitter:card\" content=\"summary_large_image\" \/>\n<script type=\"application\/ld+json\" class=\"yoast-schema-graph\">{\"@context\":\"https:\\\/\\\/schema.org\",\"@graph\":[{\"@type\":\"Article\",\"@id\":\"https:\\\/\\\/www.organisator.ch\\\/sustainability\\\/2020-08-13\\\/wieso-der-neue-tatort-gruen-werden-soll\\\/#article\",\"isPartOf\":{\"@id\":\"https:\\\/\\\/www.organisator.ch\\\/sustainability\\\/2020-08-13\\\/wieso-der-neue-tatort-gruen-werden-soll\\\/\"},\"author\":{\"name\":\"michael.merz\",\"@id\":\"https:\\\/\\\/www.organisator.ch\\\/#\\\/schema\\\/person\\\/134708ca9321c57b0362cceb7948ffbd\"},\"headline\":\"Wieso der neue Tatort gr\u00fcn werden soll\",\"datePublished\":\"2020-08-13T11:55:00+00:00\",\"dateModified\":\"2022-02-09T10:09:56+00:00\",\"mainEntityOfPage\":{\"@id\":\"https:\\\/\\\/www.organisator.ch\\\/sustainability\\\/2020-08-13\\\/wieso-der-neue-tatort-gruen-werden-soll\\\/\"},\"wordCount\":451,\"publisher\":{\"@id\":\"https:\\\/\\\/www.organisator.ch\\\/#organization\"},\"image\":{\"@id\":\"https:\\\/\\\/www.organisator.ch\\\/sustainability\\\/2020-08-13\\\/wieso-der-neue-tatort-gruen-werden-soll\\\/#primaryimage\"},\"thumbnailUrl\":\"https:\\\/\\\/www.organisator.ch\\\/wp-content\\\/uploads\\\/2020\\\/08\\\/tatort_outdoor.jpg\",\"keywords\":[\"Green Filming\",\"Klima-Modellierung\",\"klimaschonend\",\"myclimate\",\"Schweiz\",\"Schweizer Fernsehen\",\"SRF\",\"Tatort\",\"Z\u00fcrich\"],\"articleSection\":[\"SUSTAINABILITY\"],\"inLanguage\":\"de\"},{\"@type\":\"WebPage\",\"@id\":\"https:\\\/\\\/www.organisator.ch\\\/sustainability\\\/2020-08-13\\\/wieso-der-neue-tatort-gruen-werden-soll\\\/\",\"url\":\"https:\\\/\\\/www.organisator.ch\\\/sustainability\\\/2020-08-13\\\/wieso-der-neue-tatort-gruen-werden-soll\\\/\",\"name\":\"Wieso der neue Tatort gr\u00fcn werden soll - Organisator\",\"isPartOf\":{\"@id\":\"https:\\\/\\\/www.organisator.ch\\\/#website\"},\"primaryImageOfPage\":{\"@id\":\"https:\\\/\\\/www.organisator.ch\\\/sustainability\\\/2020-08-13\\\/wieso-der-neue-tatort-gruen-werden-soll\\\/#primaryimage\"},\"image\":{\"@id\":\"https:\\\/\\\/www.organisator.ch\\\/sustainability\\\/2020-08-13\\\/wieso-der-neue-tatort-gruen-werden-soll\\\/#primaryimage\"},\"thumbnailUrl\":\"https:\\\/\\\/www.organisator.ch\\\/wp-content\\\/uploads\\\/2020\\\/08\\\/tatort_outdoor.jpg\",\"datePublished\":\"2020-08-13T11:55:00+00:00\",\"dateModified\":\"2022-02-09T10:09:56+00:00\",\"description\":\"Mit dem neuen Tatort aus Z\u00fcrich m\u00f6chte SRF vorangehen. Das Schweizer Fernsehen SRF will neuerdings eigene Film- und Serienformate nachhaltiger produzieren.\",\"breadcrumb\":{\"@id\":\"https:\\\/\\\/www.organisator.ch\\\/sustainability\\\/2020-08-13\\\/wieso-der-neue-tatort-gruen-werden-soll\\\/#breadcrumb\"},\"inLanguage\":\"de\",\"potentialAction\":[{\"@type\":\"ReadAction\",\"target\":[\"https:\\\/\\\/www.organisator.ch\\\/sustainability\\\/2020-08-13\\\/wieso-der-neue-tatort-gruen-werden-soll\\\/\"]}]},{\"@type\":\"ImageObject\",\"inLanguage\":\"de\",\"@id\":\"https:\\\/\\\/www.organisator.ch\\\/sustainability\\\/2020-08-13\\\/wieso-der-neue-tatort-gruen-werden-soll\\\/#primaryimage\",\"url\":\"https:\\\/\\\/www.organisator.ch\\\/wp-content\\\/uploads\\\/2020\\\/08\\\/tatort_outdoor.jpg\",\"contentUrl\":\"https:\\\/\\\/www.organisator.ch\\\/wp-content\\\/uploads\\\/2020\\\/08\\\/tatort_outdoor.jpg\",\"width\":2303,\"height\":1535,\"caption\":\"Tatort-Dreharbeiten mit Regisseurin Viviane Andereggen (l.) und Anna Pieri-Zuercher (2.v.l.) in Z\u00fcrich. (Copyright: SRF\\\/Sava Hlavacek)\"},{\"@type\":\"BreadcrumbList\",\"@id\":\"https:\\\/\\\/www.organisator.ch\\\/sustainability\\\/2020-08-13\\\/wieso-der-neue-tatort-gruen-werden-soll\\\/#breadcrumb\",\"itemListElement\":[{\"@type\":\"ListItem\",\"position\":1,\"name\":\"Home\",\"item\":\"https:\\\/\\\/www.organisator.ch\\\/\"},{\"@type\":\"ListItem\",\"position\":2,\"name\":\"Wieso der neue Tatort gr\u00fcn werden soll\"}]},{\"@type\":\"WebSite\",\"@id\":\"https:\\\/\\\/www.organisator.ch\\\/#website\",\"url\":\"https:\\\/\\\/www.organisator.ch\\\/\",\"name\":\"Organisator\",\"description\":\"Kompetent. Praxisnah. Der ORGANISATOR bereitet in 10 Ausgaben pro Jahr die wesentlichen Themen f\u00fcr F\u00fchrungskr\u00e4fte von KMU auf.\",\"publisher\":{\"@id\":\"https:\\\/\\\/www.organisator.ch\\\/#organization\"},\"potentialAction\":[{\"@type\":\"SearchAction\",\"target\":{\"@type\":\"EntryPoint\",\"urlTemplate\":\"https:\\\/\\\/www.organisator.ch\\\/?s={search_term_string}\"},\"query-input\":{\"@type\":\"PropertyValueSpecification\",\"valueRequired\":true,\"valueName\":\"search_term_string\"}}],\"inLanguage\":\"de\"},{\"@type\":\"Organization\",\"@id\":\"https:\\\/\\\/www.organisator.ch\\\/#organization\",\"name\":\"Organisator\",\"url\":\"https:\\\/\\\/www.organisator.ch\\\/\",\"logo\":{\"@type\":\"ImageObject\",\"inLanguage\":\"de\",\"@id\":\"https:\\\/\\\/www.organisator.ch\\\/#\\\/schema\\\/logo\\\/image\\\/\",\"url\":\"https:\\\/\\\/www.organisator.ch\\\/wp-content\\\/uploads\\\/2022\\\/01\\\/Logo_Organisator_Website.png\",\"contentUrl\":\"https:\\\/\\\/www.organisator.ch\\\/wp-content\\\/uploads\\\/2022\\\/01\\\/Logo_Organisator_Website.png\",\"width\":800,\"height\":77,\"caption\":\"Organisator\"},\"image\":{\"@id\":\"https:\\\/\\\/www.organisator.ch\\\/#\\\/schema\\\/logo\\\/image\\\/\"},\"sameAs\":[\"https:\\\/\\\/www.facebook.com\\\/OrganisatorFachmagazin\",\"https:\\\/\\\/www.linkedin.com\\\/showcase\\\/organisator-das-magazin-fr-kmu\",\"https:\\\/\\\/www.xing.com\\\/news\\\/pages\\\/organisator-ch-695\",\"https:\\\/\\\/www.youtube.com\\\/channel\\\/UCGP2Sq0iWaZwT3BdIAQFYpw\"]},{\"@type\":\"Person\",\"@id\":\"https:\\\/\\\/www.organisator.ch\\\/#\\\/schema\\\/person\\\/134708ca9321c57b0362cceb7948ffbd\",\"name\":\"michael.merz\",\"image\":{\"@type\":\"ImageObject\",\"inLanguage\":\"de\",\"@id\":\"https:\\\/\\\/secure.gravatar.com\\\/avatar\\\/?s=96&d=mm&r=g\",\"url\":\"https:\\\/\\\/secure.gravatar.com\\\/avatar\\\/?s=96&d=mm&r=g\",\"contentUrl\":\"https:\\\/\\\/secure.gravatar.com\\\/avatar\\\/?s=96&d=mm&r=g\",\"caption\":\"michael.merz\"},\"url\":\"https:\\\/\\\/www.organisator.ch\\\/de\\\/author\\\/michael-merz\\\/\"}]}<\/script>\n<!-- \/ Yoast SEO plugin. -->","yoast_head_json":{"title":"Wieso der neue Tatort gr\u00fcn werden soll - Organisator","description":"Mit dem neuen Tatort aus Z\u00fcrich m\u00f6chte SRF vorangehen. Das Schweizer Fernsehen SRF will neuerdings eigene Film- und Serienformate nachhaltiger produzieren.","robots":{"index":"index","follow":"follow","max-snippet":"max-snippet:-1","max-image-preview":"max-image-preview:large","max-video-preview":"max-video-preview:-1"},"canonical":"https:\/\/www.organisator.ch\/de\/sustainability\/2020-08-13\/wieso-der-neue-tatort-gruen-werden-soll\/","og_locale":"de_DE","og_type":"article","og_title":"Wieso der neue Tatort gr\u00fcn werden soll - Organisator","og_description":"Mit dem neuen Tatort aus Z\u00fcrich m\u00f6chte SRF vorangehen. Das Schweizer Fernsehen SRF will neuerdings eigene Film- und Serienformate nachhaltiger produzieren.","og_url":"https:\/\/www.organisator.ch\/de\/sustainability\/2020-08-13\/wieso-der-neue-tatort-gruen-werden-soll\/","og_site_name":"Organisator","article_publisher":"https:\/\/www.facebook.com\/OrganisatorFachmagazin","article_published_time":"2020-08-13T11:55:00+00:00","article_modified_time":"2022-02-09T10:09:56+00:00","og_image":[{"width":1024,"height":683,"url":"https:\/\/www.organisator.ch\/wp-content\/uploads\/2020\/08\/tatort_outdoor-1024x683.jpg","type":"image\/jpeg"}],"author":"michael.merz","twitter_card":"summary_large_image","schema":{"@context":"https:\/\/schema.org","@graph":[{"@type":"Article","@id":"https:\/\/www.organisator.ch\/sustainability\/2020-08-13\/wieso-der-neue-tatort-gruen-werden-soll\/#article","isPartOf":{"@id":"https:\/\/www.organisator.ch\/sustainability\/2020-08-13\/wieso-der-neue-tatort-gruen-werden-soll\/"},"author":{"name":"michael.merz","@id":"https:\/\/www.organisator.ch\/#\/schema\/person\/134708ca9321c57b0362cceb7948ffbd"},"headline":"Wieso der neue Tatort gr\u00fcn werden soll","datePublished":"2020-08-13T11:55:00+00:00","dateModified":"2022-02-09T10:09:56+00:00","mainEntityOfPage":{"@id":"https:\/\/www.organisator.ch\/sustainability\/2020-08-13\/wieso-der-neue-tatort-gruen-werden-soll\/"},"wordCount":451,"publisher":{"@id":"https:\/\/www.organisator.ch\/#organization"},"image":{"@id":"https:\/\/www.organisator.ch\/sustainability\/2020-08-13\/wieso-der-neue-tatort-gruen-werden-soll\/#primaryimage"},"thumbnailUrl":"https:\/\/www.organisator.ch\/wp-content\/uploads\/2020\/08\/tatort_outdoor.jpg","keywords":["Green Filming","Klima-Modellierung","klimaschonend","myclimate","Schweiz","Schweizer Fernsehen","SRF","Tatort","Z\u00fcrich"],"articleSection":["SUSTAINABILITY"],"inLanguage":"de"},{"@type":"WebPage","@id":"https:\/\/www.organisator.ch\/sustainability\/2020-08-13\/wieso-der-neue-tatort-gruen-werden-soll\/","url":"https:\/\/www.organisator.ch\/sustainability\/2020-08-13\/wieso-der-neue-tatort-gruen-werden-soll\/","name":"Wieso der neue Tatort gr\u00fcn werden soll - Organisator","isPartOf":{"@id":"https:\/\/www.organisator.ch\/#website"},"primaryImageOfPage":{"@id":"https:\/\/www.organisator.ch\/sustainability\/2020-08-13\/wieso-der-neue-tatort-gruen-werden-soll\/#primaryimage"},"image":{"@id":"https:\/\/www.organisator.ch\/sustainability\/2020-08-13\/wieso-der-neue-tatort-gruen-werden-soll\/#primaryimage"},"thumbnailUrl":"https:\/\/www.organisator.ch\/wp-content\/uploads\/2020\/08\/tatort_outdoor.jpg","datePublished":"2020-08-13T11:55:00+00:00","dateModified":"2022-02-09T10:09:56+00:00","description":"Mit dem neuen Tatort aus Z\u00fcrich m\u00f6chte SRF vorangehen. Das Schweizer Fernsehen SRF will neuerdings eigene Film- und Serienformate nachhaltiger produzieren.","breadcrumb":{"@id":"https:\/\/www.organisator.ch\/sustainability\/2020-08-13\/wieso-der-neue-tatort-gruen-werden-soll\/#breadcrumb"},"inLanguage":"de","potentialAction":[{"@type":"ReadAction","target":["https:\/\/www.organisator.ch\/sustainability\/2020-08-13\/wieso-der-neue-tatort-gruen-werden-soll\/"]}]},{"@type":"ImageObject","inLanguage":"de","@id":"https:\/\/www.organisator.ch\/sustainability\/2020-08-13\/wieso-der-neue-tatort-gruen-werden-soll\/#primaryimage","url":"https:\/\/www.organisator.ch\/wp-content\/uploads\/2020\/08\/tatort_outdoor.jpg","contentUrl":"https:\/\/www.organisator.ch\/wp-content\/uploads\/2020\/08\/tatort_outdoor.jpg","width":2303,"height":1535,"caption":"Tatort-Dreharbeiten mit Regisseurin Viviane Andereggen (l.) und Anna Pieri-Zuercher (2.v.l.) in Z\u00fcrich. (Copyright: SRF\/Sava Hlavacek)"},{"@type":"BreadcrumbList","@id":"https:\/\/www.organisator.ch\/sustainability\/2020-08-13\/wieso-der-neue-tatort-gruen-werden-soll\/#breadcrumb","itemListElement":[{"@type":"ListItem","position":1,"name":"Home","item":"https:\/\/www.organisator.ch\/"},{"@type":"ListItem","position":2,"name":"Wieso der neue Tatort gr\u00fcn werden soll"}]},{"@type":"WebSite","@id":"https:\/\/www.organisator.ch\/#website","url":"https:\/\/www.organisator.ch\/","name":"Organisator","description":"Kompetent. Praxisnah. Der ORGANISATOR bereitet in 10 Ausgaben pro Jahr die wesentlichen Themen f\u00fcr F\u00fchrungskr\u00e4fte von KMU auf.","publisher":{"@id":"https:\/\/www.organisator.ch\/#organization"},"potentialAction":[{"@type":"SearchAction","target":{"@type":"EntryPoint","urlTemplate":"https:\/\/www.organisator.ch\/?s={search_term_string}"},"query-input":{"@type":"PropertyValueSpecification","valueRequired":true,"valueName":"search_term_string"}}],"inLanguage":"de"},{"@type":"Organization","@id":"https:\/\/www.organisator.ch\/#organization","name":"Organisator","url":"https:\/\/www.organisator.ch\/","logo":{"@type":"ImageObject","inLanguage":"de","@id":"https:\/\/www.organisator.ch\/#\/schema\/logo\/image\/","url":"https:\/\/www.organisator.ch\/wp-content\/uploads\/2022\/01\/Logo_Organisator_Website.png","contentUrl":"https:\/\/www.organisator.ch\/wp-content\/uploads\/2022\/01\/Logo_Organisator_Website.png","width":800,"height":77,"caption":"Organisator"},"image":{"@id":"https:\/\/www.organisator.ch\/#\/schema\/logo\/image\/"},"sameAs":["https:\/\/www.facebook.com\/OrganisatorFachmagazin","https:\/\/www.linkedin.com\/showcase\/organisator-das-magazin-fr-kmu","https:\/\/www.xing.com\/news\/pages\/organisator-ch-695","https:\/\/www.youtube.com\/channel\/UCGP2Sq0iWaZwT3BdIAQFYpw"]},{"@type":"Person","@id":"https:\/\/www.organisator.ch\/#\/schema\/person\/134708ca9321c57b0362cceb7948ffbd","name":"michael.merz","image":{"@type":"ImageObject","inLanguage":"de","@id":"https:\/\/secure.gravatar.com\/avatar\/?s=96&d=mm&r=g","url":"https:\/\/secure.gravatar.com\/avatar\/?s=96&d=mm&r=g","contentUrl":"https:\/\/secure.gravatar.com\/avatar\/?s=96&d=mm&r=g","caption":"michael.merz"},"url":"https:\/\/www.organisator.ch\/de\/author\/michael-merz\/"}]}},"_links":{"self":[{"href":"https:\/\/www.organisator.ch\/de\/wp-json\/wp\/v2\/posts\/10197","targetHints":{"allow":["GET"]}}],"collection":[{"href":"https:\/\/www.organisator.ch\/de\/wp-json\/wp\/v2\/posts"}],"about":[{"href":"https:\/\/www.organisator.ch\/de\/wp-json\/wp\/v2\/types\/post"}],"author":[{"embeddable":true,"href":"https:\/\/www.organisator.ch\/de\/wp-json\/wp\/v2\/users\/5"}],"replies":[{"embeddable":true,"href":"https:\/\/www.organisator.ch\/de\/wp-json\/wp\/v2\/comments?post=10197"}],"version-history":[{"count":1,"href":"https:\/\/www.organisator.ch\/de\/wp-json\/wp\/v2\/posts\/10197\/revisions"}],"predecessor-version":[{"id":10822,"href":"https:\/\/www.organisator.ch\/de\/wp-json\/wp\/v2\/posts\/10197\/revisions\/10822"}],"wp:featuredmedia":[{"embeddable":true,"href":"https:\/\/www.organisator.ch\/de\/wp-json\/wp\/v2\/media\/3271"}],"wp:attachment":[{"href":"https:\/\/www.organisator.ch\/de\/wp-json\/wp\/v2\/media?parent=10197"}],"wp:term":[{"taxonomy":"category","embeddable":true,"href":"https:\/\/www.organisator.ch\/de\/wp-json\/wp\/v2\/categories?post=10197"},{"taxonomy":"post_tag","embeddable":true,"href":"https:\/\/www.organisator.ch\/de\/wp-json\/wp\/v2\/tags?post=10197"}],"curies":[{"name":"wp","href":"https:\/\/api.w.org\/{rel}","templated":true}]}}