{"id":10198,"date":"2020-08-27T10:04:38","date_gmt":"2020-08-27T08:04:38","guid":{"rendered":"https:\/\/www.umweltperspektiven.ch\/?p=3291"},"modified":"2022-02-09T11:09:56","modified_gmt":"2022-02-09T10:09:56","slug":"sustainable-finance-im-schweizer-finanzsektor-verankert","status":"publish","type":"post","link":"https:\/\/www.organisator.ch\/de\/sustainability\/2020-08-27\/sustainable-finance-im-schweizer-finanzsektor-verankert\/","title":{"rendered":"Sustainable Finance im Schweizer Finanzsektor verankert"},"content":{"rendered":"<div id=\"parent-fieldname-text\">\n<figure id=\"attachment_3292\" aria-describedby=\"caption-attachment-3292\" style=\"width: 680px\" class=\"wp-caption alignnone\"><img loading=\"lazy\" decoding=\"async\" class=\"wp-image-3292 size-medium\" src=\"\/\/www.umweltperspektiven.ch\/wp-content\/uploads\/2020\/08\/UP3_Vorschau_Invest.jpg\" alt=\"\" width=\"680\" height=\"454\" \/><figcaption id=\"caption-attachment-3292\" class=\"wp-caption-text\">Besonders f\u00fcr die Schweizerische Versicherungsbranche ist Nachhaltigkeit ein Kernanliegen. Darum sorgt sie neben weiteren Verb\u00e4nden f\u00fcr eine geregelte Stossrichtung. (Bild: Unsplash)\u00a0<\/figcaption><\/figure>\n<p>Der Bundesrat analysiert m\u00f6gliche Massnahmen im Sustainable Finance Bereich, darunter fallen die Felder Transparenz, Reporting und Bepreisung von Risiken. Die Finanzbranche unterst\u00fctzt den Grundsatz des Bundes, dass dieser hierbei nur subsidi\u00e4r wirken will. Dabei ist die Angemessenheit, Wirksamkeit und wo geeignet internationale Kompatibilit\u00e4t zu ber\u00fccksichtigen.<\/p>\n<p>Der Bundesrat hat im Juni 2020 einen Bericht und Leitlinien zur Nachhaltigkeit im Finanzsektor ver\u00f6ffentlicht. Die drei Branchenverb\u00e4nde der Banken (SBVg), der Asset Manager (SFAMA) und der Privatversicherer (SVV) sowie Swiss Sustainable Finance (SSF) begr\u00fcssen das vom Bundesrat gefasste Ziel, die Schweiz als f\u00fchrenden Standort f\u00fcr nachhaltige Finanzdienstleistungen zu positionieren. Die bundesinterne Arbeitsgruppe unter der Federf\u00fchrung des Staatssekretariats f\u00fcr internationale Finanzfragen (SIF) hat hierzu erstmals ein umfassendes Rahmenwerk verfasst.<\/p>\n<p>Der Fokus wird auf geeignete Rahmenbedingungen gelegt, welche die Wettbewerbsf\u00e4higkeit des Finanzplatzes st\u00e4rken und gleichzeitig die Eigeninitiative der Branche f\u00fcr mehr Nachhaltigkeit f\u00f6rdern. Damit unterst\u00fctzt der Bundesrat die diversen, laufenden Initiativen der Branche. Gleichzeitig k\u00fcndigt er an, die Analyse offener Punkte z.B. in Bezug auf Transparenz, Reporting und die Bepreisung von Risiken zu vertiefen. Aus Sicht der Branche ist wichtig, diese Arbeiten zu nutzen, um Machbarkeit und Wirksamkeit zu kl\u00e4ren und darauf zu achten, dass entsprechende Massnahmen international abgestimmt sind.<strong>\u00a0<\/strong><\/p>\n<h2 id=\"branche-setzt-sich-fr-nachhaltigen-finanzplatz-ein\"><strong>Branche setzt sich f\u00fcr nachhaltigen Finanzplatz ein<\/strong><\/h2>\n<p>Ein zentraler Hebel f\u00fcr den Erfolg ist die Zusammenarbeit aller Akteure beziehungsweise die gemeinsame Ausrichtung auf dasselbe Ziel. \u00abNachhaltigkeit ist die einzige Option f\u00fcr die Zukunft. Dies zu erreichen ist nur gemeinsam m\u00f6glich: Der Bundesrat sorgt f\u00fcr gute Rahmenbedingungen und wir stellen als Branche sicher, dass wir die ehrgeizigen Ziele zusammen mit der Wirtschaft erreichen\u00bb, sagt J\u00f6rg Gasser, CEO der SBVg. Mit ihrer Brosch\u00fcre zu Sustainable Finance in der Schweiz und einem neuen Leitfaden f\u00fcr den Einbezug von Nachhaltigkeitskriterien in den Beratungsprozess von Privatkunden hat die SBVg mit ihren Mitgliedern erstmals Handlungsempfehlungen zur F\u00f6rderung von Nachhaltigen Finanzfl\u00fcssen (Sustainable Finance) erarbeitet und Anfang Juni publiziert. \u00abDie Finanzwirtschaft ist immer ein Abbild der Realwirtschaft. Deshalb ist es wichtig, dass wir ein gemeinsames, systemisches Verst\u00e4ndnis \u00fcber die Ursachen und M\u00f6glichkeiten von Finanz- und Realwirtschaft schaffen\u00bb, betont Gasser.<\/p>\n<p>Parallel dazu hat SFAMA \u2013 gemeinsam mit SSF \u2013 f\u00fcr ihre Mitglieder Kernbotschaften und Empfehlungen ver\u00f6ffentlicht. Diese sollen Asset Manager beim Einbezug von Nachhaltigkeitskriterien im Anlageprozess aktiv unterst\u00fctzen. Markus Fuchs, Gesch\u00e4ftsf\u00fchrer der SFAMA betont: \u00abDie Schweizer Asset Management Industrie bekennt sich klar zu einer nachhaltigen Finanzindustrie. Asset Management und Nachhaltigkeit geh\u00f6ren insbesondere unter Beachtung der geopolitischen Lage und der vor uns stehenden gesellschaftspolitischen Herausforderungen, wie der Finanzierung der Vorsorgesysteme sowie der Infrastruktur, zusammen.\u00bb<\/p>\n<p>Sabine D\u00f6beli, CEO von Swiss Sustainable Finance kommentiert dazu: \u00ab Wir begr\u00fcssen es sehr, dass die Finanzverb\u00e4nde wichtige Schritte auf dem Weg zu einer nachhaltigen Finanzwirtschaft einschlagen. Noch sind wir aber nicht am Ziel. SSF wird sich auch in Zukunft als Br\u00fcckenbauer und Beschleuniger daf\u00fcr engagieren, dass wir das ambitionierte Ziel gemeinsam erreichen.\u00bb<\/p>\n<p>Neben Rahmenbedingungen und Standards braucht es auch eine transparente Berichterstattung: \u00abMit dem vergangene Woche publizierten Nachhaltigkeitsreporting erm\u00f6glicht der SVV erstmals einen f\u00fcr die Schweizer Versicherungsbranche repr\u00e4sentativen \u00dcberblick \u00fcber die getroffenen Massnahmen\u00bb, sagt der Direktor des SVV, Thomas Helbling. Der Bericht zeigt, dass die Privatversicherer bei 86 Prozent ihrer Kapitalanlagen Nachhaltigkeitskriterien anwenden. F\u00fcr die Versicherungsbranche ist Nachhaltigkeit seit jeher ein Kernanliegen. Darum z\u00e4hlt sie zu den strategischen Stossrichtungen des Branchenverbandes.<\/p>\n<p>Dazu geh\u00f6rt, transparent \u00fcber die Entwicklung zu informieren. Entsprechend wird das Nachhaltigkeitsreporting j\u00e4hrlich publiziert. Thomas Helbling betont: \u00abDie Versicherer sind bereit, ihren Beitrag f\u00fcr einen nachhaltigen Finanzplatz zu leisten und begr\u00fcssen, dass der Staat eine subsidi\u00e4re Rolle wahrnimmt.\u00bb<\/p>\n<div class=\"factBox\">\n<h2 id=\"aktuelle-publikationen-der-verbnde-sbvg-sfama-svv-ssf\"><em><strong>Aktuelle Publikationen der Verb\u00e4nde SBVg, SFAMA, SVV &amp; SSF<\/strong><\/em><\/h2>\n<ul>\n<li><em>SBVg:\u00a0<a href=\"\/\/www.swissbanking.org\/de\/library\/studien-reports\/sustainable-finance-in-der-schweiz-von-einer-pionierin-zu-einem-international-fuhrenden-hub\/sbvg_sustainablefinance_2020_de.pdf\/@@download\/file\" target=\"_blank\" rel=\"noopener\" data-linktype=\"external\" data-val=\"..\/..\/..\/library\/studien-reports\/sustainable-finance-in-der-schweiz-von-einer-pionierin-zu-einem-international-fuhrenden-hub\/sbvg_sustainablefinance_2020_de.pdf\/@@download\/file\">Sustainable Finance in der Schweiz: Grundsatzpositionen und wirksame Ans\u00e4tze<\/a><\/em><\/li>\n<li><em>SBVg:\u00a0<a href=\"\/\/www.swissbanking.org\/de\/library\/richtlinien\/leitfaden-fuer-den-einbezug-von-esg-kriterien-in-den-beratungsprozess-fuer-privatkunden\/sbvg_sustainable-leitfaden_de.pdf\/@@download\/file\" target=\"_blank\" rel=\"noopener\" data-linktype=\"external\" data-val=\"..\/..\/..\/library\/richtlinien\/leitfaden-fuer-den-einbezug-von-esg-kriterien-in-den-beratungsprozess-fuer-privatkunden\/sbvg_sustainable-leitfaden_de.pdf\/@@download\/file\">Leitfaden f\u00fcr den Einbezug von ESG-Kriterien in den Beratungsprozess f\u00fcr Privatkunden<\/a><\/em><\/li>\n<li><em>SFAMA &amp; SSF:\u00a0<a href=\"\/\/www.sfama.ch\/de\" target=\"_blank\" rel=\"noopener\" data-linktype=\"external\" data-val=\"https:\/\/www.sfama.ch\/de\">Nachhaltiges Asset Management: Kernbotschaften und Empfehlungen \u2013 SFAMA und SSF<\/a><\/em><\/li>\n<li><em>SVV:\u00a0<a href=\"\/\/www.svv.ch\/de\/der-svv\/svv-publikationen\/svv-nachhaltigkeitsreporting-2019\" target=\"_blank\" rel=\"noopener\" data-linktype=\"external\" data-val=\"https:\/\/www.svv.ch\/de\/der-svv\/svv-publikationen\/svv-nachhaltigkeitsreporting-2019\">SVV-Nachhaltigkeitsreporting 2019<\/a><\/em><\/li>\n<li><em>SSF:\u00a0<a href=\"\/\/www.sustainablefinance.ch\/en\/swiss-sustainable-investment-market-study-2020-_content---1--3037--35722.html\" target=\"_blank\" rel=\"noopener\" data-linktype=\"external\" data-val=\"https:\/\/www.sustainablefinance.ch\/en\/swiss-sustainable-investment-market-study-2020-_content---1--3037--35722.html\">Swiss Sustainable Investment Market Study 2020<\/a>\u00a0(nur in Englisch)<\/em><\/li>\n<\/ul>\n<\/div>\n<h2><\/h2>\n<h2 id=\"ber-die-schweizerische-bankiervereinigung-sbvg\"><em><strong>\u00dcber die Schweizerische Bankiervereinigung (SBVg)<\/strong><\/em><\/h2>\n<p><em>Als Dachverband und Stimme der Banken setzt sich die Schweizerische Bankiervereinigung f\u00fcr optimale Rahmenbedingungen des Schweizer Finanzplatzes im In- und Ausland ein. Die SBVg vertritt die Interessen der Bankenbranche gegen\u00fcber Vertretern aus Wirtschaft, Politik, Regierung und Aufsichtsbeh\u00f6rden. Sie steht f\u00fcr offene M\u00e4rkte, unternehmerische Handlungsspielr\u00e4ume und faire Wettbewerbsbedingungen ein. Als Kompetenzzentrum vermittelt sie bankenrelevantes Wissen und engagiert sich f\u00fcr Zukunftsthemen. 1912 in Basel gegr\u00fcndet, z\u00e4hlt die SBVg heute nahezu 300 Institutionen und rund 12&#8217;000 Personen als Mitglieder.<\/em><\/p>\n<h2 id=\"ber-die-swiss-funds-asset-management-association-sfama\"><em><strong>\u00dcber die Swiss Funds &amp; Asset Management Association<\/strong>\u00a0<strong>(SFAMA)<\/strong><\/em><\/h2>\n<p><em>Die 1992 mit Sitz in Basel gegr\u00fcndete Swiss Funds &amp; Asset Management Association SFAMA (SFAMA) ist die repr\u00e4sentative Branchenorganisation der Schweizer Fonds- und Asset Management Industrie. Ihr Mitgliederkreis umfasst alle wichtigen schweizerischen Fondsleitungen, zahlreiche Asset Manager sowie Vertreter ausl\u00e4ndischer kollektiver Kapitalanlagen. Zudem geh\u00f6ren ihr im Asset Management t\u00e4tige Dienstleistungsunternehmen an. Die SFAMA ist aktives Mitglied der europ\u00e4ischen Investmentvereinigung European Fund and Asset Management Association (EFAMA) in Br\u00fcssel und der weltweit t\u00e4tigen International Investment Funds Association (IIFA) in Toronto.<\/em><\/p>\n<h2 id=\"ber-den-schweizerische-versicherungsverband-svv\"><em><strong>\u00dcber den Schweizerische Versicherungsverband (SVV)<\/strong><\/em><\/h2>\n<p><em>Der SVV vertritt die Interessen der privaten Versicherungswirtschaft auf nationaler und internationaler Ebene. Dem Verband geh\u00f6ren rund 75 Erst- und R\u00fcckversicherer an. Diese besch\u00e4ftigen in der Schweiz 47&#8217;700 Mitarbeitende und weitere 100&#8217;000 im Ausland. \u00dcber 85 Prozent der im Schweizer Markt erwirtschafteten Pr\u00e4mien entfallen auf die Mitgliedgesellschaften des SVV. Als massgebliche Kraft der Schweizer Wirtschaft nimmt die Versicherungsbranche volkswirtschaftliche Verantwortung auf betriebswirtschaftlicher, gesellschaftlicher und politischer Ebene \u00fcberall dort wahr, wo zentrale Erfolgsfaktoren ihrer Standorte zur Disposition stehen.<\/em><\/p>\n<h2 id=\"ber-swiss-sustainable-finance-ssf\"><em><strong>\u00dcber Swiss Sustainable Finance (SSF)<\/strong><\/em><\/h2>\n<p><em>SSF st\u00e4rkt die Positionierung der Schweiz als globaler Markt f\u00fcr nachhaltige Finanzen durch Information, Ausbildung und die F\u00f6rderung von Wachstum. Die 2014 gegr\u00fcndete Organisation hat Vertretungen in Z\u00fcrich, Genf und Lugano. Zurzeit vereinigt SSF rund 150 Mitglieder und Netzwerkpartner, darunter Finanzdienstleister, Investoren, Universit\u00e4ten und Hochschulen, \u00c4mter und andere Organisationen.<\/em><\/p>\n<div class=\"factBox\">\n<h2>\u00a0Weitere Informationen zum Thema:<\/h2>\n<p>Diese Medienmitteilung, siehe unten, ist auch in Franz\u00f6sisch und Englisch auf\u00a0<a href=\"\/\/www.swissbanking.org\/\" target=\"_blank\" rel=\"noopener\">www.swissbanking.org<\/a>\u00a0verf\u00fcgbar:<\/p>\n<\/div>\n<\/div>\n<div>\n<p><span title=\"File\"><a href=\"\/\/www.swissbanking.org\/de\/medien\/statements-und-medienmitteilungen\/sustainable-finance-im-schwei-zer-finanzsektor-verankert-finanzbranche-begruesst-bericht-und-leitlinien-des-bundesrats-zur-nachhaltigkeit-im-finanzsektor\/medienmitteilung_finanzbranche_begruesst_nachhaltigkeitsbericht_des_bundes.pdf\"><span class=\"contenttype-file state-published url itemTitle\">Medienmitteilung als PDF<\/span><\/a><\/span><\/p>\n<\/div>\n","protected":false},"excerpt":{"rendered":"<p>Der Bundesrat analysiert m\u00f6gliche Massnahmen im Sustainable Finance Bereich, darunter fallen die Felder Transparenz, Reporting und Bepreisung von Risiken. Die Finanzbranche unterst\u00fctzt den Grundsatz des Bundes, dass dieser hierbei nur subsidi\u00e4r wirken will. Dabei ist die Angemessenheit, Wirksamkeit und wo geeignet internationale Kompatibilit\u00e4t zu ber\u00fccksichtigen. Der Bundesrat hat im Juni 2020 einen Bericht und Leitlinien [&hellip;]<\/p>\n","protected":false},"author":5,"featured_media":3292,"comment_status":"closed","ping_status":"closed","sticky":false,"template":"","format":"standard","meta":{"_acf_changed":false,"_yoast_wpseo_focuskw":"Sustainable Finance","_yoast_wpseo_metadesc":"Die Branchenverb\u00e4nde begr\u00fcssen die Position des Bundesrates, optimale Rahmenbedingungen f\u00fcr Sustainable Finance Strukturen in der Schweiz zu schaffen.","articlekey":"","footnotes":""},"categories":[580],"tags":[869,883,2078,2087,2248,2263,2464],"class_list":["post-10198","post","type-post","status-publish","format-standard","has-post-thumbnail","hentry","category-sustainability","tag-branchenverbaende","tag-bund","tag-schweizer-finanzsektor","tag-schweizerische-bankiervereinigung","tag-sustainable-finance","tag-swiss-sustainable-finance","tag-versicherung"],"acf":[],"yoast_head":"<!-- This site is optimized with the Yoast SEO plugin v27.4 - https:\/\/yoast.com\/product\/yoast-seo-wordpress\/ -->\n<title>Sustainable Finance im Schweizer Finanzsektor verankert - Organisator<\/title>\n<meta name=\"description\" content=\"Die Branchenverb\u00e4nde begr\u00fcssen die Position des Bundesrates, optimale Rahmenbedingungen f\u00fcr Sustainable Finance Strukturen in der Schweiz zu schaffen.\" \/>\n<meta name=\"robots\" content=\"index, follow, max-snippet:-1, max-image-preview:large, max-video-preview:-1\" \/>\n<link rel=\"canonical\" href=\"https:\/\/www.organisator.ch\/de\/sustainability\/2020-08-27\/sustainable-finance-im-schweizer-finanzsektor-verankert\/\" \/>\n<meta property=\"og:locale\" content=\"de_DE\" \/>\n<meta property=\"og:type\" content=\"article\" \/>\n<meta property=\"og:title\" content=\"Sustainable Finance im Schweizer Finanzsektor verankert - Organisator\" \/>\n<meta property=\"og:description\" content=\"Die Branchenverb\u00e4nde begr\u00fcssen die Position des Bundesrates, optimale Rahmenbedingungen f\u00fcr Sustainable Finance Strukturen in der Schweiz zu schaffen.\" \/>\n<meta property=\"og:url\" content=\"https:\/\/www.organisator.ch\/de\/sustainability\/2020-08-27\/sustainable-finance-im-schweizer-finanzsektor-verankert\/\" \/>\n<meta property=\"og:site_name\" content=\"Organisator\" \/>\n<meta property=\"article:publisher\" content=\"https:\/\/www.facebook.com\/OrganisatorFachmagazin\" \/>\n<meta property=\"article:published_time\" content=\"2020-08-27T08:04:38+00:00\" \/>\n<meta property=\"article:modified_time\" content=\"2022-02-09T10:09:56+00:00\" \/>\n<meta property=\"og:image\" content=\"https:\/\/www.organisator.ch\/wp-content\/uploads\/2020\/08\/UP3_Vorschau_Invest-scaled.jpg\" \/>\n\t<meta property=\"og:image:width\" content=\"2560\" \/>\n\t<meta property=\"og:image:height\" content=\"1708\" \/>\n\t<meta property=\"og:image:type\" content=\"image\/jpeg\" \/>\n<meta name=\"author\" content=\"michael.merz\" \/>\n<meta name=\"twitter:card\" content=\"summary_large_image\" \/>\n<script type=\"application\/ld+json\" class=\"yoast-schema-graph\">{\"@context\":\"https:\\\/\\\/schema.org\",\"@graph\":[{\"@type\":\"Article\",\"@id\":\"https:\\\/\\\/www.organisator.ch\\\/sustainability\\\/2020-08-27\\\/sustainable-finance-im-schweizer-finanzsektor-verankert\\\/#article\",\"isPartOf\":{\"@id\":\"https:\\\/\\\/www.organisator.ch\\\/sustainability\\\/2020-08-27\\\/sustainable-finance-im-schweizer-finanzsektor-verankert\\\/\"},\"author\":{\"name\":\"michael.merz\",\"@id\":\"https:\\\/\\\/www.organisator.ch\\\/#\\\/schema\\\/person\\\/134708ca9321c57b0362cceb7948ffbd\"},\"headline\":\"Sustainable Finance im Schweizer Finanzsektor verankert\",\"datePublished\":\"2020-08-27T08:04:38+00:00\",\"dateModified\":\"2022-02-09T10:09:56+00:00\",\"mainEntityOfPage\":{\"@id\":\"https:\\\/\\\/www.organisator.ch\\\/sustainability\\\/2020-08-27\\\/sustainable-finance-im-schweizer-finanzsektor-verankert\\\/\"},\"wordCount\":1056,\"publisher\":{\"@id\":\"https:\\\/\\\/www.organisator.ch\\\/#organization\"},\"image\":{\"@id\":\"https:\\\/\\\/www.organisator.ch\\\/sustainability\\\/2020-08-27\\\/sustainable-finance-im-schweizer-finanzsektor-verankert\\\/#primaryimage\"},\"thumbnailUrl\":\"https:\\\/\\\/www.organisator.ch\\\/wp-content\\\/uploads\\\/2020\\\/08\\\/UP3_Vorschau_Invest-scaled.jpg\",\"keywords\":[\"Branchenverb\u00e4nde\",\"Bund\",\"Schweizer Finanzsektor\",\"Schweizerische Bankiervereinigung\",\"Sustainable Finance\",\"Swiss Sustainable Finance\",\"Versicherung\"],\"articleSection\":[\"SUSTAINABILITY\"],\"inLanguage\":\"de\"},{\"@type\":\"WebPage\",\"@id\":\"https:\\\/\\\/www.organisator.ch\\\/sustainability\\\/2020-08-27\\\/sustainable-finance-im-schweizer-finanzsektor-verankert\\\/\",\"url\":\"https:\\\/\\\/www.organisator.ch\\\/sustainability\\\/2020-08-27\\\/sustainable-finance-im-schweizer-finanzsektor-verankert\\\/\",\"name\":\"Sustainable Finance im Schweizer Finanzsektor verankert - Organisator\",\"isPartOf\":{\"@id\":\"https:\\\/\\\/www.organisator.ch\\\/#website\"},\"primaryImageOfPage\":{\"@id\":\"https:\\\/\\\/www.organisator.ch\\\/sustainability\\\/2020-08-27\\\/sustainable-finance-im-schweizer-finanzsektor-verankert\\\/#primaryimage\"},\"image\":{\"@id\":\"https:\\\/\\\/www.organisator.ch\\\/sustainability\\\/2020-08-27\\\/sustainable-finance-im-schweizer-finanzsektor-verankert\\\/#primaryimage\"},\"thumbnailUrl\":\"https:\\\/\\\/www.organisator.ch\\\/wp-content\\\/uploads\\\/2020\\\/08\\\/UP3_Vorschau_Invest-scaled.jpg\",\"datePublished\":\"2020-08-27T08:04:38+00:00\",\"dateModified\":\"2022-02-09T10:09:56+00:00\",\"description\":\"Die Branchenverb\u00e4nde begr\u00fcssen die Position des Bundesrates, optimale Rahmenbedingungen f\u00fcr Sustainable Finance Strukturen in der Schweiz zu schaffen.\",\"breadcrumb\":{\"@id\":\"https:\\\/\\\/www.organisator.ch\\\/sustainability\\\/2020-08-27\\\/sustainable-finance-im-schweizer-finanzsektor-verankert\\\/#breadcrumb\"},\"inLanguage\":\"de\",\"potentialAction\":[{\"@type\":\"ReadAction\",\"target\":[\"https:\\\/\\\/www.organisator.ch\\\/sustainability\\\/2020-08-27\\\/sustainable-finance-im-schweizer-finanzsektor-verankert\\\/\"]}]},{\"@type\":\"ImageObject\",\"inLanguage\":\"de\",\"@id\":\"https:\\\/\\\/www.organisator.ch\\\/sustainability\\\/2020-08-27\\\/sustainable-finance-im-schweizer-finanzsektor-verankert\\\/#primaryimage\",\"url\":\"https:\\\/\\\/www.organisator.ch\\\/wp-content\\\/uploads\\\/2020\\\/08\\\/UP3_Vorschau_Invest-scaled.jpg\",\"contentUrl\":\"https:\\\/\\\/www.organisator.ch\\\/wp-content\\\/uploads\\\/2020\\\/08\\\/UP3_Vorschau_Invest-scaled.jpg\",\"width\":2560,\"height\":1708},{\"@type\":\"BreadcrumbList\",\"@id\":\"https:\\\/\\\/www.organisator.ch\\\/sustainability\\\/2020-08-27\\\/sustainable-finance-im-schweizer-finanzsektor-verankert\\\/#breadcrumb\",\"itemListElement\":[{\"@type\":\"ListItem\",\"position\":1,\"name\":\"Home\",\"item\":\"https:\\\/\\\/www.organisator.ch\\\/\"},{\"@type\":\"ListItem\",\"position\":2,\"name\":\"Sustainable Finance im Schweizer Finanzsektor verankert\"}]},{\"@type\":\"WebSite\",\"@id\":\"https:\\\/\\\/www.organisator.ch\\\/#website\",\"url\":\"https:\\\/\\\/www.organisator.ch\\\/\",\"name\":\"Organisator\",\"description\":\"Kompetent. Praxisnah. Der ORGANISATOR bereitet in 10 Ausgaben pro Jahr die wesentlichen Themen f\u00fcr F\u00fchrungskr\u00e4fte von KMU auf.\",\"publisher\":{\"@id\":\"https:\\\/\\\/www.organisator.ch\\\/#organization\"},\"potentialAction\":[{\"@type\":\"SearchAction\",\"target\":{\"@type\":\"EntryPoint\",\"urlTemplate\":\"https:\\\/\\\/www.organisator.ch\\\/?s={search_term_string}\"},\"query-input\":{\"@type\":\"PropertyValueSpecification\",\"valueRequired\":true,\"valueName\":\"search_term_string\"}}],\"inLanguage\":\"de\"},{\"@type\":\"Organization\",\"@id\":\"https:\\\/\\\/www.organisator.ch\\\/#organization\",\"name\":\"Organisator\",\"url\":\"https:\\\/\\\/www.organisator.ch\\\/\",\"logo\":{\"@type\":\"ImageObject\",\"inLanguage\":\"de\",\"@id\":\"https:\\\/\\\/www.organisator.ch\\\/#\\\/schema\\\/logo\\\/image\\\/\",\"url\":\"https:\\\/\\\/www.organisator.ch\\\/wp-content\\\/uploads\\\/2022\\\/01\\\/Logo_Organisator_Website.png\",\"contentUrl\":\"https:\\\/\\\/www.organisator.ch\\\/wp-content\\\/uploads\\\/2022\\\/01\\\/Logo_Organisator_Website.png\",\"width\":800,\"height\":77,\"caption\":\"Organisator\"},\"image\":{\"@id\":\"https:\\\/\\\/www.organisator.ch\\\/#\\\/schema\\\/logo\\\/image\\\/\"},\"sameAs\":[\"https:\\\/\\\/www.facebook.com\\\/OrganisatorFachmagazin\",\"https:\\\/\\\/www.linkedin.com\\\/showcase\\\/organisator-das-magazin-fr-kmu\",\"https:\\\/\\\/www.xing.com\\\/news\\\/pages\\\/organisator-ch-695\",\"https:\\\/\\\/www.youtube.com\\\/channel\\\/UCGP2Sq0iWaZwT3BdIAQFYpw\"]},{\"@type\":\"Person\",\"@id\":\"https:\\\/\\\/www.organisator.ch\\\/#\\\/schema\\\/person\\\/134708ca9321c57b0362cceb7948ffbd\",\"name\":\"michael.merz\",\"image\":{\"@type\":\"ImageObject\",\"inLanguage\":\"de\",\"@id\":\"https:\\\/\\\/secure.gravatar.com\\\/avatar\\\/?s=96&d=mm&r=g\",\"url\":\"https:\\\/\\\/secure.gravatar.com\\\/avatar\\\/?s=96&d=mm&r=g\",\"contentUrl\":\"https:\\\/\\\/secure.gravatar.com\\\/avatar\\\/?s=96&d=mm&r=g\",\"caption\":\"michael.merz\"},\"url\":\"https:\\\/\\\/www.organisator.ch\\\/de\\\/author\\\/michael-merz\\\/\"}]}<\/script>\n<!-- \/ Yoast SEO plugin. -->","yoast_head_json":{"title":"Sustainable Finance im Schweizer Finanzsektor verankert - Organisator","description":"Die Branchenverb\u00e4nde begr\u00fcssen die Position des Bundesrates, optimale Rahmenbedingungen f\u00fcr Sustainable Finance Strukturen in der Schweiz zu schaffen.","robots":{"index":"index","follow":"follow","max-snippet":"max-snippet:-1","max-image-preview":"max-image-preview:large","max-video-preview":"max-video-preview:-1"},"canonical":"https:\/\/www.organisator.ch\/de\/sustainability\/2020-08-27\/sustainable-finance-im-schweizer-finanzsektor-verankert\/","og_locale":"de_DE","og_type":"article","og_title":"Sustainable Finance im Schweizer Finanzsektor verankert - Organisator","og_description":"Die Branchenverb\u00e4nde begr\u00fcssen die Position des Bundesrates, optimale Rahmenbedingungen f\u00fcr Sustainable Finance Strukturen in der Schweiz zu schaffen.","og_url":"https:\/\/www.organisator.ch\/de\/sustainability\/2020-08-27\/sustainable-finance-im-schweizer-finanzsektor-verankert\/","og_site_name":"Organisator","article_publisher":"https:\/\/www.facebook.com\/OrganisatorFachmagazin","article_published_time":"2020-08-27T08:04:38+00:00","article_modified_time":"2022-02-09T10:09:56+00:00","og_image":[{"width":2560,"height":1708,"url":"https:\/\/www.organisator.ch\/wp-content\/uploads\/2020\/08\/UP3_Vorschau_Invest-scaled.jpg","type":"image\/jpeg"}],"author":"michael.merz","twitter_card":"summary_large_image","schema":{"@context":"https:\/\/schema.org","@graph":[{"@type":"Article","@id":"https:\/\/www.organisator.ch\/sustainability\/2020-08-27\/sustainable-finance-im-schweizer-finanzsektor-verankert\/#article","isPartOf":{"@id":"https:\/\/www.organisator.ch\/sustainability\/2020-08-27\/sustainable-finance-im-schweizer-finanzsektor-verankert\/"},"author":{"name":"michael.merz","@id":"https:\/\/www.organisator.ch\/#\/schema\/person\/134708ca9321c57b0362cceb7948ffbd"},"headline":"Sustainable Finance im Schweizer Finanzsektor verankert","datePublished":"2020-08-27T08:04:38+00:00","dateModified":"2022-02-09T10:09:56+00:00","mainEntityOfPage":{"@id":"https:\/\/www.organisator.ch\/sustainability\/2020-08-27\/sustainable-finance-im-schweizer-finanzsektor-verankert\/"},"wordCount":1056,"publisher":{"@id":"https:\/\/www.organisator.ch\/#organization"},"image":{"@id":"https:\/\/www.organisator.ch\/sustainability\/2020-08-27\/sustainable-finance-im-schweizer-finanzsektor-verankert\/#primaryimage"},"thumbnailUrl":"https:\/\/www.organisator.ch\/wp-content\/uploads\/2020\/08\/UP3_Vorschau_Invest-scaled.jpg","keywords":["Branchenverb\u00e4nde","Bund","Schweizer Finanzsektor","Schweizerische Bankiervereinigung","Sustainable Finance","Swiss Sustainable Finance","Versicherung"],"articleSection":["SUSTAINABILITY"],"inLanguage":"de"},{"@type":"WebPage","@id":"https:\/\/www.organisator.ch\/sustainability\/2020-08-27\/sustainable-finance-im-schweizer-finanzsektor-verankert\/","url":"https:\/\/www.organisator.ch\/sustainability\/2020-08-27\/sustainable-finance-im-schweizer-finanzsektor-verankert\/","name":"Sustainable Finance im Schweizer Finanzsektor verankert - Organisator","isPartOf":{"@id":"https:\/\/www.organisator.ch\/#website"},"primaryImageOfPage":{"@id":"https:\/\/www.organisator.ch\/sustainability\/2020-08-27\/sustainable-finance-im-schweizer-finanzsektor-verankert\/#primaryimage"},"image":{"@id":"https:\/\/www.organisator.ch\/sustainability\/2020-08-27\/sustainable-finance-im-schweizer-finanzsektor-verankert\/#primaryimage"},"thumbnailUrl":"https:\/\/www.organisator.ch\/wp-content\/uploads\/2020\/08\/UP3_Vorschau_Invest-scaled.jpg","datePublished":"2020-08-27T08:04:38+00:00","dateModified":"2022-02-09T10:09:56+00:00","description":"Die Branchenverb\u00e4nde begr\u00fcssen die Position des Bundesrates, optimale Rahmenbedingungen f\u00fcr Sustainable Finance Strukturen in der Schweiz zu schaffen.","breadcrumb":{"@id":"https:\/\/www.organisator.ch\/sustainability\/2020-08-27\/sustainable-finance-im-schweizer-finanzsektor-verankert\/#breadcrumb"},"inLanguage":"de","potentialAction":[{"@type":"ReadAction","target":["https:\/\/www.organisator.ch\/sustainability\/2020-08-27\/sustainable-finance-im-schweizer-finanzsektor-verankert\/"]}]},{"@type":"ImageObject","inLanguage":"de","@id":"https:\/\/www.organisator.ch\/sustainability\/2020-08-27\/sustainable-finance-im-schweizer-finanzsektor-verankert\/#primaryimage","url":"https:\/\/www.organisator.ch\/wp-content\/uploads\/2020\/08\/UP3_Vorschau_Invest-scaled.jpg","contentUrl":"https:\/\/www.organisator.ch\/wp-content\/uploads\/2020\/08\/UP3_Vorschau_Invest-scaled.jpg","width":2560,"height":1708},{"@type":"BreadcrumbList","@id":"https:\/\/www.organisator.ch\/sustainability\/2020-08-27\/sustainable-finance-im-schweizer-finanzsektor-verankert\/#breadcrumb","itemListElement":[{"@type":"ListItem","position":1,"name":"Home","item":"https:\/\/www.organisator.ch\/"},{"@type":"ListItem","position":2,"name":"Sustainable Finance im Schweizer Finanzsektor verankert"}]},{"@type":"WebSite","@id":"https:\/\/www.organisator.ch\/#website","url":"https:\/\/www.organisator.ch\/","name":"Organisator","description":"Kompetent. Praxisnah. Der ORGANISATOR bereitet in 10 Ausgaben pro Jahr die wesentlichen Themen f\u00fcr F\u00fchrungskr\u00e4fte von KMU auf.","publisher":{"@id":"https:\/\/www.organisator.ch\/#organization"},"potentialAction":[{"@type":"SearchAction","target":{"@type":"EntryPoint","urlTemplate":"https:\/\/www.organisator.ch\/?s={search_term_string}"},"query-input":{"@type":"PropertyValueSpecification","valueRequired":true,"valueName":"search_term_string"}}],"inLanguage":"de"},{"@type":"Organization","@id":"https:\/\/www.organisator.ch\/#organization","name":"Organisator","url":"https:\/\/www.organisator.ch\/","logo":{"@type":"ImageObject","inLanguage":"de","@id":"https:\/\/www.organisator.ch\/#\/schema\/logo\/image\/","url":"https:\/\/www.organisator.ch\/wp-content\/uploads\/2022\/01\/Logo_Organisator_Website.png","contentUrl":"https:\/\/www.organisator.ch\/wp-content\/uploads\/2022\/01\/Logo_Organisator_Website.png","width":800,"height":77,"caption":"Organisator"},"image":{"@id":"https:\/\/www.organisator.ch\/#\/schema\/logo\/image\/"},"sameAs":["https:\/\/www.facebook.com\/OrganisatorFachmagazin","https:\/\/www.linkedin.com\/showcase\/organisator-das-magazin-fr-kmu","https:\/\/www.xing.com\/news\/pages\/organisator-ch-695","https:\/\/www.youtube.com\/channel\/UCGP2Sq0iWaZwT3BdIAQFYpw"]},{"@type":"Person","@id":"https:\/\/www.organisator.ch\/#\/schema\/person\/134708ca9321c57b0362cceb7948ffbd","name":"michael.merz","image":{"@type":"ImageObject","inLanguage":"de","@id":"https:\/\/secure.gravatar.com\/avatar\/?s=96&d=mm&r=g","url":"https:\/\/secure.gravatar.com\/avatar\/?s=96&d=mm&r=g","contentUrl":"https:\/\/secure.gravatar.com\/avatar\/?s=96&d=mm&r=g","caption":"michael.merz"},"url":"https:\/\/www.organisator.ch\/de\/author\/michael-merz\/"}]}},"_links":{"self":[{"href":"https:\/\/www.organisator.ch\/de\/wp-json\/wp\/v2\/posts\/10198","targetHints":{"allow":["GET"]}}],"collection":[{"href":"https:\/\/www.organisator.ch\/de\/wp-json\/wp\/v2\/posts"}],"about":[{"href":"https:\/\/www.organisator.ch\/de\/wp-json\/wp\/v2\/types\/post"}],"author":[{"embeddable":true,"href":"https:\/\/www.organisator.ch\/de\/wp-json\/wp\/v2\/users\/5"}],"replies":[{"embeddable":true,"href":"https:\/\/www.organisator.ch\/de\/wp-json\/wp\/v2\/comments?post=10198"}],"version-history":[{"count":1,"href":"https:\/\/www.organisator.ch\/de\/wp-json\/wp\/v2\/posts\/10198\/revisions"}],"predecessor-version":[{"id":10821,"href":"https:\/\/www.organisator.ch\/de\/wp-json\/wp\/v2\/posts\/10198\/revisions\/10821"}],"wp:featuredmedia":[{"embeddable":true,"href":"https:\/\/www.organisator.ch\/de\/wp-json\/wp\/v2\/media\/3292"}],"wp:attachment":[{"href":"https:\/\/www.organisator.ch\/de\/wp-json\/wp\/v2\/media?parent=10198"}],"wp:term":[{"taxonomy":"category","embeddable":true,"href":"https:\/\/www.organisator.ch\/de\/wp-json\/wp\/v2\/categories?post=10198"},{"taxonomy":"post_tag","embeddable":true,"href":"https:\/\/www.organisator.ch\/de\/wp-json\/wp\/v2\/tags?post=10198"}],"curies":[{"name":"wp","href":"https:\/\/api.w.org\/{rel}","templated":true}]}}