{"id":10199,"date":"2020-08-25T15:30:32","date_gmt":"2020-08-25T13:30:32","guid":{"rendered":"https:\/\/www.umweltperspektiven.ch\/?p=3297"},"modified":"2020-08-25T15:30:32","modified_gmt":"2020-08-25T13:30:32","slug":"der-energiepionier-hansjuerg-leibundgut-tritt-ab-seine-visionen-bleiben-bestehen","status":"publish","type":"post","link":"https:\/\/www.organisator.ch\/de\/allgemein\/2020-08-25\/der-energiepionier-hansjuerg-leibundgut-tritt-ab-seine-visionen-bleiben-bestehen\/","title":{"rendered":"Der Energiepionier Hansj\u00fcrg Leibundgut tritt ab, seine Visionen bleiben bestehen"},"content":{"rendered":"<p>&nbsp;<\/p>\n<figure id=\"attachment_3298\" aria-describedby=\"caption-attachment-3298\" style=\"width: 680px\" class=\"wp-caption alignnone\"><img loading=\"lazy\" decoding=\"async\" class=\"size-medium wp-image-3298\" src=\"\/\/www.umweltperspektiven.ch\/wp-content\/uploads\/2020\/08\/200824_HJL-mit-Geschenk.jpg\" alt=\"\" width=\"680\" height=\"453\" \/><figcaption id=\"caption-attachment-3298\" class=\"wp-caption-text\">Hansj\u00fcrg Leibundgut hat f\u00fcr sein Werk mehrere Preise erhalten, so erhielt er 2017 eine Anerkennung von der Jury von SIA. (Bild: zVg)<\/figcaption><\/figure>\n<p>An der gestrigen Generalversammlung der von ihm gemeinsam mit dem Bau- und Immobilienunternehmer Balz Halter im Jahr 2004 gegr\u00fcndeten BS2 AG verabschiedete sich Hansj\u00fcrg Leibundgut von seinen Verwaltungsratskollegen und den BS2-Aktion\u00e4ren. Sein unerm\u00fcdlicher Einsatz f\u00fcr eine Zukunft ohne fossile Brennstoffe wurde von langj\u00e4hrigen Weggef\u00e4hrten gew\u00fcrdigt.\u00a0<em>\u00abHansj\u00fcrg Leibundguts unb\u00e4ndiger Drang, die Bauindustrie und den Geb\u00e4udepark im Interesse der Gesellschaft und Umwelt zu innovieren sowie seine unbestechliche Art zu denken und zu agieren, ist nicht immer auf Freude und Zustimmung gestossen. Dass er aber in sehr vielem richtig lag und unsere Industrie nachhaltig beeinflusst und weitergebracht hat, steht heute ausser Zweifel.\u00bb,\u00a0<\/em>hob\u00a0<strong>Balz Halter<\/strong>\u00a0in seiner Laudatio hervor.<\/p>\n<p>Auch\u00a0<strong>Adrian Altenburger<\/strong>, Instituts- und Studiengangleiter Technik &amp; Architektur an der Hochschule Luzern und SIA-Vizepr\u00e4sident hat die Jahre der Zusammenarbeit in bester Erinnerung:\u00a0<em>\u00abEs gab in meiner beruflichen Laufbahn nur wenige Menschen, die mich sowohl fachlich als auch pers\u00f6nlich begeistert haben. Hansj\u00fcrg Leibundgut war so einer. Mit seiner argumentativ starken und herausfordernden Art hat er mich in unserer gemeinsamen Zeit bei Amstein + Walthert zwar oft aus der Komfortzone geholt, aber nicht nur in der Sache, sondern auch f\u00fcr mich immer einen Mehrwert generiert.\u201c<\/em><\/p>\n<p><strong>Vom \u00abMephisto der Energie\u00bb zum anerkannten Pionier<br \/>\n<\/strong>Leibundgut hat sich auch politisch engagiert und dabei so manches Mal provoziert, um Aufmerksamkeit f\u00fcr sein Anliegen zu schaffen. Kaum verwunderlich, dass er dabei aneckte. So wurde er beispielsweise \u00f6ffentlich als Phantast, Vision\u00e4r, Utopist, Besessener, Getriebener, gar als Mephisto der Energie bezeichnet. Im Dokumentationsfilm\u00a0<a href=\"\/\/www.youtube.com\/watch?v=ww7NaZu8a7w\">\u00abEnergiepioniere\u00bb<\/a>\u00a0des Schweizer Regisseurs Samuel Stefan meint\u00a0<strong>Leibundgut<\/strong>, all diese Bezeichnungen w\u00fcrden durchaus stimmen und erg\u00e4nzt:\u00a0<em>\u00abEine Utopie ist an sich nichts Schlechtes. Es ist ein Bild, das man zeichnet, das dem Paradies entspricht.\u00bb<\/em>\u00a0In diesem Film stellt mit\u00a0<strong>Bertrand Piccard<\/strong>\u00a0ein anderer Vision\u00e4r folgende Frage in den Raum:\u00a0<em>\u00abSind diejenigen verr\u00fcckt, die nichts \u00e4ndern wollen oder sind es die Pioniere, die alles \u00e4ndern wollen? Die Zukunft wird zeigen, wer verr\u00fcckt war. Das Problem ist, dass es dann vielleicht schon zu sp\u00e4t sein wird.\u00bb<\/em><\/p>\n<p><strong>Von der ETH in den Markt<\/strong><br \/>\nDamit es eben nicht zu sp\u00e4t sein wird und Leibundguts zahlreiche Erfindungen zu einem emissionsfreien Heizungssystem zusammengef\u00fchrt werden konnten, haben innovative Unternehmen aus der Geb\u00e4udetechnikbranche und Bauwirtschaft die\u00a0<a href=\"\/\/www.2sol.ch\/\">Allianz 2SOL<\/a>\u00a0im Herbst 2013 mit grossem Medienecho lanciert. Gemeinsam und auf Leibundguts Ans\u00e4tzen basierend haben sie technische Komponenten unterschiedlicher Hersteller und involvierte Gewerke aufeinander abgestimmt und so ein marktf\u00e4higes Systemprinzip geschaffen. Der Verein Allianz 2SOL setzt sich f\u00fcr einen emissionsfreien Geb\u00e4udepark ein und unterst\u00fctzt Bauherrschaften und Fachleute als Anlaufstelle und Kompetenzzentrum. Die Allianz 2SOL bietet keine kommerziellen Dienstleistungen und Produkte an. Im Gegensatz zur BS2 AG, die Gr\u00fcndungsmitglied der Allianz 2SOL ist und neben den technischen Komponenten f\u00fcr ein emissionsfreies Geb\u00e4udeenergiesystem auch alle f\u00fcr dessen Planung und Realisierung ben\u00f6tigten Dienstleistungen anbietet. Dieses Gesamtpaket nennt sich BS2 Zeleganz und erhielt 2017 eine Anerkennung von der Jury von\u00a0<a href=\"\/\/www.sia.ch\/de\/themen\/umsicht-17\/anerkennungen\/bs2-zeleganz\/\">SIA Umsicht<\/a>.<\/p>\n<p><em>\u00abDas System Zeleganz setzt konsequent auf eine Energieversorgung ohne fossile Energietr\u00e4ger und erm\u00f6glicht gleichzeitig wieder eine gr\u00f6ssere architektonische Freiheit im Bereich der Geb\u00e4udeh\u00fclle \u2013 sowohl f\u00fcr Neu- wie f\u00fcr Bestandsbauten. Wie aus dem innovativen systemischen Ansatz eine konkurrenzf\u00e4hige Produktpalette entwickelt wurde, die zugleich \u00f6konomische Synergien erlaubt, ist ermutigend und exemplarisch f\u00fcr einen gelungenen Technologietransfer im Cleantech-Bereich.\u00bb<\/em>\u00a0lautet das Fazit der Jury.<\/p>\n<p><strong>Marc B\u00e4tschmann<\/strong>, seit 2014 CEO der BS2 AG, sagt \u00fcber seinen ehemaligen Professor: \u00ab<em>Die Zusammenarbeit mit Hansj\u00fcrg Leibundgut war immer spannend \u2013 ob an seiner Professur an der ETH oder mit ihm zusammen in der BS2. Die Ideen und neuen L\u00f6sungsans\u00e4tze f\u00fcr jegliche technische Herausforderungen sprudelten nur so aus ihm heraus. Ich bewundere nach wie vor, wie konsequent und zielorientiert er seine Ideen weiterverfolgt hat und sich auch von grossen Widerst\u00e4nden nicht von seinem Weg hat abbringen lassen. Dieser \u00abSpirit\u00bb lebt in der BS2 weiter. Das sp\u00fcren wir t\u00e4glich. F\u00fcr uns als Vertreter der j\u00fcngeren Generation ist das grosse Vertrauen einmalig, das er in junge Personen gesteckt und diese mit seiner Unterst\u00fctzung stets gef\u00f6rdert hat. Mit Stolz verfolgen wir seine Vision von einem emissionsfreien Geb\u00e4udepark weiter.\u00bb<\/em><\/p>\n<p><em>\u00a0<\/em><strong>Leibundgut ging es immer um die Sache, um die Logik, um pr\u00e4zises Denken und um die physikalischen Realit\u00e4ten<br \/>\n<\/strong>F\u00fcr ihn stand nie sein pers\u00f6nliches Prestige im Vordergrund, sondern die Wirkung seines Tuns. Er wollte etwas bewegen im Interesse der Gesellschaft und der Umwelt. Dieser Drang und sein unbestechliches Denken und Agieren hat ihm nicht nur Freunde gebracht. Aber weil es ihm um die Sache und die Wirkung ging, hat er das in Kauf genommen. Dadurch hat er nicht nur viel bewegt, sondern das Denken in vielen K\u00f6pfen ge\u00e4ndert.<\/p>\n<p><strong>Der Energiepionier \u00fcbergibt die Fackel<br \/>\n<\/strong>Die Verwaltungsr\u00e4te und Aktion\u00e4re sowie die Mitarbeitenden der BS2 AG bedauern Leibundguts Ausscheiden aus dem VR der BS2 AG sehr, k\u00f6nnen seinen Entscheid aber gut nachvollziehen. Er hat auch mehr als genug geleistet f\u00fcr dieses Unternehmen, als dass er nicht guten Gewissens Aufgabe und Verantwortung an j\u00fcngere Kr\u00e4fte \u00fcbergeben k\u00f6nnte. Wir danken ihm f\u00fcr die Wegstrecke, die wir gemeinsam mit ihm gehen durften und w\u00fcnschen ihm von Herzen alles Gute.<\/p>\n<p><em><u>Weiterf\u00fchrende Links:\u00a0<\/u><a href=\"\/\/ethz.ch\/services\/de\/organisation\/who-is-who\/emeritierte-professorinnen-und-professoren\/details.MTMxODU0.TGlzdC80MDEsLTc0NzY4NzYw.html\"><strong>ETH Z\u00fcrich<\/strong>\u00a0\u2013 Emeritierte Professorinnen und Professoren\u00a0<\/a><\/em><\/p>\n","protected":false},"excerpt":{"rendered":"<p>&nbsp; An der gestrigen Generalversammlung der von ihm gemeinsam mit dem Bau- und Immobilienunternehmer Balz Halter im Jahr 2004 gegr\u00fcndeten BS2 AG verabschiedete sich Hansj\u00fcrg Leibundgut von seinen Verwaltungsratskollegen und den BS2-Aktion\u00e4ren. Sein unerm\u00fcdlicher Einsatz f\u00fcr eine Zukunft ohne fossile Brennstoffe wurde von langj\u00e4hrigen Weggef\u00e4hrten gew\u00fcrdigt.\u00a0\u00abHansj\u00fcrg Leibundguts unb\u00e4ndiger Drang, die Bauindustrie und den Geb\u00e4udepark im [&hellip;]<\/p>\n","protected":false},"author":5,"featured_media":3298,"comment_status":"closed","ping_status":"closed","sticky":false,"template":"","format":"standard","meta":{"_acf_changed":false,"_yoast_wpseo_focuskw":"Hansj\u00fcrg Leibundgut","_yoast_wpseo_metadesc":"Der Energiepionier Hansj\u00fcrg Leibundgut zieht sich f\u00fcnf Jahre nach seiner Emeritierung von der ETH Z\u00fcrich nun ganz ins Privatleben zur\u00fcck.","articlekey":"","footnotes":""},"categories":[1],"tags":[584,1127,1253,381,2119,2351],"class_list":["post-10199","post","type-post","status-publish","format-standard","has-post-thumbnail","hentry","category-allgemein","tag-energie","tag-eth","tag-gebaeudeschutz","tag-personalia","tag-sia","tag-umwelt"],"acf":[],"yoast_head":"<!-- This site is optimized with the Yoast SEO plugin v27.4 - https:\/\/yoast.com\/product\/yoast-seo-wordpress\/ -->\n<title>Der Energiepionier Hansj\u00fcrg Leibundgut tritt ab, seine Visionen bleiben bestehen - Organisator<\/title>\n<meta name=\"description\" content=\"Der Energiepionier Hansj\u00fcrg Leibundgut zieht sich f\u00fcnf Jahre nach seiner Emeritierung von der ETH Z\u00fcrich nun ganz ins Privatleben zur\u00fcck.\" \/>\n<meta name=\"robots\" content=\"index, follow, max-snippet:-1, max-image-preview:large, max-video-preview:-1\" \/>\n<link rel=\"canonical\" href=\"https:\/\/www.organisator.ch\/de\/allgemein\/2020-08-25\/der-energiepionier-hansjuerg-leibundgut-tritt-ab-seine-visionen-bleiben-bestehen\/\" \/>\n<meta property=\"og:locale\" content=\"de_DE\" \/>\n<meta property=\"og:type\" content=\"article\" \/>\n<meta property=\"og:title\" content=\"Der Energiepionier Hansj\u00fcrg Leibundgut tritt ab, seine Visionen bleiben bestehen - Organisator\" \/>\n<meta property=\"og:description\" content=\"Der Energiepionier Hansj\u00fcrg Leibundgut zieht sich f\u00fcnf Jahre nach seiner Emeritierung von der ETH Z\u00fcrich nun ganz ins Privatleben zur\u00fcck.\" \/>\n<meta property=\"og:url\" content=\"https:\/\/www.organisator.ch\/de\/allgemein\/2020-08-25\/der-energiepionier-hansjuerg-leibundgut-tritt-ab-seine-visionen-bleiben-bestehen\/\" \/>\n<meta property=\"og:site_name\" content=\"Organisator\" \/>\n<meta property=\"article:publisher\" content=\"https:\/\/www.facebook.com\/OrganisatorFachmagazin\" \/>\n<meta property=\"article:published_time\" content=\"2020-08-25T13:30:32+00:00\" \/>\n<meta property=\"og:image\" content=\"https:\/\/www.organisator.ch\/wp-content\/uploads\/2020\/08\/200824_HJL-mit-Geschenk-scaled.jpg\" \/>\n\t<meta property=\"og:image:width\" content=\"2560\" \/>\n\t<meta property=\"og:image:height\" content=\"1707\" \/>\n\t<meta property=\"og:image:type\" content=\"image\/jpeg\" \/>\n<meta name=\"author\" content=\"michael.merz\" \/>\n<meta name=\"twitter:card\" content=\"summary_large_image\" \/>\n<script type=\"application\/ld+json\" class=\"yoast-schema-graph\">{\"@context\":\"https:\\\/\\\/schema.org\",\"@graph\":[{\"@type\":\"Article\",\"@id\":\"https:\\\/\\\/www.organisator.ch\\\/fr\\\/general\\\/2020-08-25\\\/der-energiepionier-hansjuerg-leibundgut-tritt-ab-seine-visionen-bleiben-bestehen\\\/#article\",\"isPartOf\":{\"@id\":\"https:\\\/\\\/www.organisator.ch\\\/fr\\\/general\\\/2020-08-25\\\/der-energiepionier-hansjuerg-leibundgut-tritt-ab-seine-visionen-bleiben-bestehen\\\/\"},\"author\":{\"name\":\"michael.merz\",\"@id\":\"https:\\\/\\\/www.organisator.ch\\\/#\\\/schema\\\/person\\\/134708ca9321c57b0362cceb7948ffbd\"},\"headline\":\"Der Energiepionier Hansj\u00fcrg Leibundgut tritt ab, seine Visionen bleiben bestehen\",\"datePublished\":\"2020-08-25T13:30:32+00:00\",\"mainEntityOfPage\":{\"@id\":\"https:\\\/\\\/www.organisator.ch\\\/fr\\\/general\\\/2020-08-25\\\/der-energiepionier-hansjuerg-leibundgut-tritt-ab-seine-visionen-bleiben-bestehen\\\/\"},\"wordCount\":937,\"publisher\":{\"@id\":\"https:\\\/\\\/www.organisator.ch\\\/#organization\"},\"image\":{\"@id\":\"https:\\\/\\\/www.organisator.ch\\\/fr\\\/general\\\/2020-08-25\\\/der-energiepionier-hansjuerg-leibundgut-tritt-ab-seine-visionen-bleiben-bestehen\\\/#primaryimage\"},\"thumbnailUrl\":\"https:\\\/\\\/www.organisator.ch\\\/wp-content\\\/uploads\\\/2020\\\/08\\\/200824_HJL-mit-Geschenk-scaled.jpg\",\"keywords\":[\"ENERGIE\",\"ETH\",\"Geb\u00e4udeschutz\",\"Personalia\",\"SIA\",\"Umwelt\"],\"inLanguage\":\"de\"},{\"@type\":\"WebPage\",\"@id\":\"https:\\\/\\\/www.organisator.ch\\\/fr\\\/general\\\/2020-08-25\\\/der-energiepionier-hansjuerg-leibundgut-tritt-ab-seine-visionen-bleiben-bestehen\\\/\",\"url\":\"https:\\\/\\\/www.organisator.ch\\\/fr\\\/general\\\/2020-08-25\\\/der-energiepionier-hansjuerg-leibundgut-tritt-ab-seine-visionen-bleiben-bestehen\\\/\",\"name\":\"Der Energiepionier Hansj\u00fcrg Leibundgut tritt ab, seine Visionen bleiben bestehen - Organisator\",\"isPartOf\":{\"@id\":\"https:\\\/\\\/www.organisator.ch\\\/#website\"},\"primaryImageOfPage\":{\"@id\":\"https:\\\/\\\/www.organisator.ch\\\/fr\\\/general\\\/2020-08-25\\\/der-energiepionier-hansjuerg-leibundgut-tritt-ab-seine-visionen-bleiben-bestehen\\\/#primaryimage\"},\"image\":{\"@id\":\"https:\\\/\\\/www.organisator.ch\\\/fr\\\/general\\\/2020-08-25\\\/der-energiepionier-hansjuerg-leibundgut-tritt-ab-seine-visionen-bleiben-bestehen\\\/#primaryimage\"},\"thumbnailUrl\":\"https:\\\/\\\/www.organisator.ch\\\/wp-content\\\/uploads\\\/2020\\\/08\\\/200824_HJL-mit-Geschenk-scaled.jpg\",\"datePublished\":\"2020-08-25T13:30:32+00:00\",\"description\":\"Der Energiepionier Hansj\u00fcrg Leibundgut zieht sich f\u00fcnf Jahre nach seiner Emeritierung von der ETH Z\u00fcrich nun ganz ins Privatleben zur\u00fcck.\",\"breadcrumb\":{\"@id\":\"https:\\\/\\\/www.organisator.ch\\\/fr\\\/general\\\/2020-08-25\\\/der-energiepionier-hansjuerg-leibundgut-tritt-ab-seine-visionen-bleiben-bestehen\\\/#breadcrumb\"},\"inLanguage\":\"de\",\"potentialAction\":[{\"@type\":\"ReadAction\",\"target\":[\"https:\\\/\\\/www.organisator.ch\\\/fr\\\/general\\\/2020-08-25\\\/der-energiepionier-hansjuerg-leibundgut-tritt-ab-seine-visionen-bleiben-bestehen\\\/\"]}]},{\"@type\":\"ImageObject\",\"inLanguage\":\"de\",\"@id\":\"https:\\\/\\\/www.organisator.ch\\\/fr\\\/general\\\/2020-08-25\\\/der-energiepionier-hansjuerg-leibundgut-tritt-ab-seine-visionen-bleiben-bestehen\\\/#primaryimage\",\"url\":\"https:\\\/\\\/www.organisator.ch\\\/wp-content\\\/uploads\\\/2020\\\/08\\\/200824_HJL-mit-Geschenk-scaled.jpg\",\"contentUrl\":\"https:\\\/\\\/www.organisator.ch\\\/wp-content\\\/uploads\\\/2020\\\/08\\\/200824_HJL-mit-Geschenk-scaled.jpg\",\"width\":2560,\"height\":1707,\"caption\":\"Hansj\u00fcrg Leibundgut hat f\u00fcr sein Werk mehrere Preise erhalten, so erhielt er 2017 eine Anerkennung von der Jury von SIA. (Bild: zVg)\"},{\"@type\":\"BreadcrumbList\",\"@id\":\"https:\\\/\\\/www.organisator.ch\\\/fr\\\/general\\\/2020-08-25\\\/der-energiepionier-hansjuerg-leibundgut-tritt-ab-seine-visionen-bleiben-bestehen\\\/#breadcrumb\",\"itemListElement\":[{\"@type\":\"ListItem\",\"position\":1,\"name\":\"Home\",\"item\":\"https:\\\/\\\/www.organisator.ch\\\/\"},{\"@type\":\"ListItem\",\"position\":2,\"name\":\"Der Energiepionier Hansj\u00fcrg Leibundgut tritt ab, seine Visionen bleiben bestehen\"}]},{\"@type\":\"WebSite\",\"@id\":\"https:\\\/\\\/www.organisator.ch\\\/#website\",\"url\":\"https:\\\/\\\/www.organisator.ch\\\/\",\"name\":\"Organisator\",\"description\":\"Kompetent. Praxisnah. Der ORGANISATOR bereitet in 10 Ausgaben pro Jahr die wesentlichen Themen f\u00fcr F\u00fchrungskr\u00e4fte von KMU auf.\",\"publisher\":{\"@id\":\"https:\\\/\\\/www.organisator.ch\\\/#organization\"},\"potentialAction\":[{\"@type\":\"SearchAction\",\"target\":{\"@type\":\"EntryPoint\",\"urlTemplate\":\"https:\\\/\\\/www.organisator.ch\\\/?s={search_term_string}\"},\"query-input\":{\"@type\":\"PropertyValueSpecification\",\"valueRequired\":true,\"valueName\":\"search_term_string\"}}],\"inLanguage\":\"de\"},{\"@type\":\"Organization\",\"@id\":\"https:\\\/\\\/www.organisator.ch\\\/#organization\",\"name\":\"Organisator\",\"url\":\"https:\\\/\\\/www.organisator.ch\\\/\",\"logo\":{\"@type\":\"ImageObject\",\"inLanguage\":\"de\",\"@id\":\"https:\\\/\\\/www.organisator.ch\\\/#\\\/schema\\\/logo\\\/image\\\/\",\"url\":\"https:\\\/\\\/www.organisator.ch\\\/wp-content\\\/uploads\\\/2022\\\/01\\\/Logo_Organisator_Website.png\",\"contentUrl\":\"https:\\\/\\\/www.organisator.ch\\\/wp-content\\\/uploads\\\/2022\\\/01\\\/Logo_Organisator_Website.png\",\"width\":800,\"height\":77,\"caption\":\"Organisator\"},\"image\":{\"@id\":\"https:\\\/\\\/www.organisator.ch\\\/#\\\/schema\\\/logo\\\/image\\\/\"},\"sameAs\":[\"https:\\\/\\\/www.facebook.com\\\/OrganisatorFachmagazin\",\"https:\\\/\\\/www.linkedin.com\\\/showcase\\\/organisator-das-magazin-fr-kmu\",\"https:\\\/\\\/www.xing.com\\\/news\\\/pages\\\/organisator-ch-695\",\"https:\\\/\\\/www.youtube.com\\\/channel\\\/UCGP2Sq0iWaZwT3BdIAQFYpw\"]},{\"@type\":\"Person\",\"@id\":\"https:\\\/\\\/www.organisator.ch\\\/#\\\/schema\\\/person\\\/134708ca9321c57b0362cceb7948ffbd\",\"name\":\"michael.merz\",\"image\":{\"@type\":\"ImageObject\",\"inLanguage\":\"de\",\"@id\":\"https:\\\/\\\/secure.gravatar.com\\\/avatar\\\/?s=96&d=mm&r=g\",\"url\":\"https:\\\/\\\/secure.gravatar.com\\\/avatar\\\/?s=96&d=mm&r=g\",\"contentUrl\":\"https:\\\/\\\/secure.gravatar.com\\\/avatar\\\/?s=96&d=mm&r=g\",\"caption\":\"michael.merz\"},\"url\":\"https:\\\/\\\/www.organisator.ch\\\/de\\\/author\\\/michael-merz\\\/\"}]}<\/script>\n<!-- \/ Yoast SEO plugin. -->","yoast_head_json":{"title":"Der Energiepionier Hansj\u00fcrg Leibundgut tritt ab, seine Visionen bleiben bestehen - Organisator","description":"Der Energiepionier Hansj\u00fcrg Leibundgut zieht sich f\u00fcnf Jahre nach seiner Emeritierung von der ETH Z\u00fcrich nun ganz ins Privatleben zur\u00fcck.","robots":{"index":"index","follow":"follow","max-snippet":"max-snippet:-1","max-image-preview":"max-image-preview:large","max-video-preview":"max-video-preview:-1"},"canonical":"https:\/\/www.organisator.ch\/de\/allgemein\/2020-08-25\/der-energiepionier-hansjuerg-leibundgut-tritt-ab-seine-visionen-bleiben-bestehen\/","og_locale":"de_DE","og_type":"article","og_title":"Der Energiepionier Hansj\u00fcrg Leibundgut tritt ab, seine Visionen bleiben bestehen - Organisator","og_description":"Der Energiepionier Hansj\u00fcrg Leibundgut zieht sich f\u00fcnf Jahre nach seiner Emeritierung von der ETH Z\u00fcrich nun ganz ins Privatleben zur\u00fcck.","og_url":"https:\/\/www.organisator.ch\/de\/allgemein\/2020-08-25\/der-energiepionier-hansjuerg-leibundgut-tritt-ab-seine-visionen-bleiben-bestehen\/","og_site_name":"Organisator","article_publisher":"https:\/\/www.facebook.com\/OrganisatorFachmagazin","article_published_time":"2020-08-25T13:30:32+00:00","og_image":[{"width":2560,"height":1707,"url":"https:\/\/www.organisator.ch\/wp-content\/uploads\/2020\/08\/200824_HJL-mit-Geschenk-scaled.jpg","type":"image\/jpeg"}],"author":"michael.merz","twitter_card":"summary_large_image","schema":{"@context":"https:\/\/schema.org","@graph":[{"@type":"Article","@id":"https:\/\/www.organisator.ch\/fr\/general\/2020-08-25\/der-energiepionier-hansjuerg-leibundgut-tritt-ab-seine-visionen-bleiben-bestehen\/#article","isPartOf":{"@id":"https:\/\/www.organisator.ch\/fr\/general\/2020-08-25\/der-energiepionier-hansjuerg-leibundgut-tritt-ab-seine-visionen-bleiben-bestehen\/"},"author":{"name":"michael.merz","@id":"https:\/\/www.organisator.ch\/#\/schema\/person\/134708ca9321c57b0362cceb7948ffbd"},"headline":"Der Energiepionier Hansj\u00fcrg Leibundgut tritt ab, seine Visionen bleiben bestehen","datePublished":"2020-08-25T13:30:32+00:00","mainEntityOfPage":{"@id":"https:\/\/www.organisator.ch\/fr\/general\/2020-08-25\/der-energiepionier-hansjuerg-leibundgut-tritt-ab-seine-visionen-bleiben-bestehen\/"},"wordCount":937,"publisher":{"@id":"https:\/\/www.organisator.ch\/#organization"},"image":{"@id":"https:\/\/www.organisator.ch\/fr\/general\/2020-08-25\/der-energiepionier-hansjuerg-leibundgut-tritt-ab-seine-visionen-bleiben-bestehen\/#primaryimage"},"thumbnailUrl":"https:\/\/www.organisator.ch\/wp-content\/uploads\/2020\/08\/200824_HJL-mit-Geschenk-scaled.jpg","keywords":["ENERGIE","ETH","Geb\u00e4udeschutz","Personalia","SIA","Umwelt"],"inLanguage":"de"},{"@type":"WebPage","@id":"https:\/\/www.organisator.ch\/fr\/general\/2020-08-25\/der-energiepionier-hansjuerg-leibundgut-tritt-ab-seine-visionen-bleiben-bestehen\/","url":"https:\/\/www.organisator.ch\/fr\/general\/2020-08-25\/der-energiepionier-hansjuerg-leibundgut-tritt-ab-seine-visionen-bleiben-bestehen\/","name":"Der Energiepionier Hansj\u00fcrg Leibundgut tritt ab, seine Visionen bleiben bestehen - Organisator","isPartOf":{"@id":"https:\/\/www.organisator.ch\/#website"},"primaryImageOfPage":{"@id":"https:\/\/www.organisator.ch\/fr\/general\/2020-08-25\/der-energiepionier-hansjuerg-leibundgut-tritt-ab-seine-visionen-bleiben-bestehen\/#primaryimage"},"image":{"@id":"https:\/\/www.organisator.ch\/fr\/general\/2020-08-25\/der-energiepionier-hansjuerg-leibundgut-tritt-ab-seine-visionen-bleiben-bestehen\/#primaryimage"},"thumbnailUrl":"https:\/\/www.organisator.ch\/wp-content\/uploads\/2020\/08\/200824_HJL-mit-Geschenk-scaled.jpg","datePublished":"2020-08-25T13:30:32+00:00","description":"Der Energiepionier Hansj\u00fcrg Leibundgut zieht sich f\u00fcnf Jahre nach seiner Emeritierung von der ETH Z\u00fcrich nun ganz ins Privatleben zur\u00fcck.","breadcrumb":{"@id":"https:\/\/www.organisator.ch\/fr\/general\/2020-08-25\/der-energiepionier-hansjuerg-leibundgut-tritt-ab-seine-visionen-bleiben-bestehen\/#breadcrumb"},"inLanguage":"de","potentialAction":[{"@type":"ReadAction","target":["https:\/\/www.organisator.ch\/fr\/general\/2020-08-25\/der-energiepionier-hansjuerg-leibundgut-tritt-ab-seine-visionen-bleiben-bestehen\/"]}]},{"@type":"ImageObject","inLanguage":"de","@id":"https:\/\/www.organisator.ch\/fr\/general\/2020-08-25\/der-energiepionier-hansjuerg-leibundgut-tritt-ab-seine-visionen-bleiben-bestehen\/#primaryimage","url":"https:\/\/www.organisator.ch\/wp-content\/uploads\/2020\/08\/200824_HJL-mit-Geschenk-scaled.jpg","contentUrl":"https:\/\/www.organisator.ch\/wp-content\/uploads\/2020\/08\/200824_HJL-mit-Geschenk-scaled.jpg","width":2560,"height":1707,"caption":"Hansj\u00fcrg Leibundgut hat f\u00fcr sein Werk mehrere Preise erhalten, so erhielt er 2017 eine Anerkennung von der Jury von SIA. (Bild: zVg)"},{"@type":"BreadcrumbList","@id":"https:\/\/www.organisator.ch\/fr\/general\/2020-08-25\/der-energiepionier-hansjuerg-leibundgut-tritt-ab-seine-visionen-bleiben-bestehen\/#breadcrumb","itemListElement":[{"@type":"ListItem","position":1,"name":"Home","item":"https:\/\/www.organisator.ch\/"},{"@type":"ListItem","position":2,"name":"Der Energiepionier Hansj\u00fcrg Leibundgut tritt ab, seine Visionen bleiben bestehen"}]},{"@type":"WebSite","@id":"https:\/\/www.organisator.ch\/#website","url":"https:\/\/www.organisator.ch\/","name":"Organisator","description":"Kompetent. Praxisnah. Der ORGANISATOR bereitet in 10 Ausgaben pro Jahr die wesentlichen Themen f\u00fcr F\u00fchrungskr\u00e4fte von KMU auf.","publisher":{"@id":"https:\/\/www.organisator.ch\/#organization"},"potentialAction":[{"@type":"SearchAction","target":{"@type":"EntryPoint","urlTemplate":"https:\/\/www.organisator.ch\/?s={search_term_string}"},"query-input":{"@type":"PropertyValueSpecification","valueRequired":true,"valueName":"search_term_string"}}],"inLanguage":"de"},{"@type":"Organization","@id":"https:\/\/www.organisator.ch\/#organization","name":"Organisator","url":"https:\/\/www.organisator.ch\/","logo":{"@type":"ImageObject","inLanguage":"de","@id":"https:\/\/www.organisator.ch\/#\/schema\/logo\/image\/","url":"https:\/\/www.organisator.ch\/wp-content\/uploads\/2022\/01\/Logo_Organisator_Website.png","contentUrl":"https:\/\/www.organisator.ch\/wp-content\/uploads\/2022\/01\/Logo_Organisator_Website.png","width":800,"height":77,"caption":"Organisator"},"image":{"@id":"https:\/\/www.organisator.ch\/#\/schema\/logo\/image\/"},"sameAs":["https:\/\/www.facebook.com\/OrganisatorFachmagazin","https:\/\/www.linkedin.com\/showcase\/organisator-das-magazin-fr-kmu","https:\/\/www.xing.com\/news\/pages\/organisator-ch-695","https:\/\/www.youtube.com\/channel\/UCGP2Sq0iWaZwT3BdIAQFYpw"]},{"@type":"Person","@id":"https:\/\/www.organisator.ch\/#\/schema\/person\/134708ca9321c57b0362cceb7948ffbd","name":"michael.merz","image":{"@type":"ImageObject","inLanguage":"de","@id":"https:\/\/secure.gravatar.com\/avatar\/?s=96&d=mm&r=g","url":"https:\/\/secure.gravatar.com\/avatar\/?s=96&d=mm&r=g","contentUrl":"https:\/\/secure.gravatar.com\/avatar\/?s=96&d=mm&r=g","caption":"michael.merz"},"url":"https:\/\/www.organisator.ch\/de\/author\/michael-merz\/"}]}},"_links":{"self":[{"href":"https:\/\/www.organisator.ch\/de\/wp-json\/wp\/v2\/posts\/10199","targetHints":{"allow":["GET"]}}],"collection":[{"href":"https:\/\/www.organisator.ch\/de\/wp-json\/wp\/v2\/posts"}],"about":[{"href":"https:\/\/www.organisator.ch\/de\/wp-json\/wp\/v2\/types\/post"}],"author":[{"embeddable":true,"href":"https:\/\/www.organisator.ch\/de\/wp-json\/wp\/v2\/users\/5"}],"replies":[{"embeddable":true,"href":"https:\/\/www.organisator.ch\/de\/wp-json\/wp\/v2\/comments?post=10199"}],"version-history":[{"count":0,"href":"https:\/\/www.organisator.ch\/de\/wp-json\/wp\/v2\/posts\/10199\/revisions"}],"wp:featuredmedia":[{"embeddable":true,"href":"https:\/\/www.organisator.ch\/de\/wp-json\/wp\/v2\/media\/3298"}],"wp:attachment":[{"href":"https:\/\/www.organisator.ch\/de\/wp-json\/wp\/v2\/media?parent=10199"}],"wp:term":[{"taxonomy":"category","embeddable":true,"href":"https:\/\/www.organisator.ch\/de\/wp-json\/wp\/v2\/categories?post=10199"},{"taxonomy":"post_tag","embeddable":true,"href":"https:\/\/www.organisator.ch\/de\/wp-json\/wp\/v2\/tags?post=10199"}],"curies":[{"name":"wp","href":"https:\/\/api.w.org\/{rel}","templated":true}]}}