{"id":10202,"date":"2020-09-07T11:37:01","date_gmt":"2020-09-07T09:37:01","guid":{"rendered":"https:\/\/www.umweltperspektiven.ch\/?p=3323"},"modified":"2022-02-09T11:05:33","modified_gmt":"2022-02-09T10:05:33","slug":"igsu-clean-up-day-die-nationale-bewegung-gegen-littering","status":"publish","type":"post","link":"https:\/\/www.organisator.ch\/de\/sustainability\/2020-09-07\/igsu-clean-up-day-die-nationale-bewegung-gegen-littering\/","title":{"rendered":"IGSU Clean-Up-Day, die nationale Bewegung gegen Littering"},"content":{"rendered":"<figure id=\"attachment_3324\" aria-describedby=\"caption-attachment-3324\" style=\"width: 617px\" class=\"wp-caption alignnone\"><img loading=\"lazy\" decoding=\"async\" class=\"size-full wp-image-3324\" src=\"\/\/www.umweltperspektiven.ch\/wp-content\/uploads\/2020\/09\/Clean-Up-Day.jpg.png\" alt=\"\" width=\"617\" height=\"364\" srcset=\"https:\/\/www.organisator.ch\/wp-content\/uploads\/2020\/09\/Clean-Up-Day.jpg.png 617w, https:\/\/www.organisator.ch\/wp-content\/uploads\/2020\/09\/Clean-Up-Day.jpg-18x12.png 18w, https:\/\/www.organisator.ch\/wp-content\/uploads\/2020\/09\/Clean-Up-Day.jpg-297x175.png 297w, https:\/\/www.organisator.ch\/wp-content\/uploads\/2020\/09\/Clean-Up-Day.jpg-593x350.png 593w, https:\/\/www.organisator.ch\/wp-content\/uploads\/2020\/09\/Clean-Up-Day.jpg-300x177.png 300w\" sizes=\"auto, (max-width: 617px) 100vw, 617px\" \/><figcaption id=\"caption-attachment-3324\" class=\"wp-caption-text\">Clean-Up-Day 2020: Wenn Aufr\u00e4umen Sinn und Zweck dient, aber auch viel Spass macht. (Bild: IGSU)\u00a0<\/figcaption><\/figure>\n<p><span style=\"font-size: 10.5pt; font-family: 'Arial',sans-serif;\">Der nationale Clean-Up-Day wird 2020 zum achten Mal durchgef\u00fchrt und von der Interessengemeinschaft saubere Umwelt (IGSU) organisiert. In allen Schweizer Regionen finden Aktionen statt.\u00a0<\/span><span style=\"font-size: 10.5pt; font-family: 'Arial',sans-serif;\">So l\u00e4sst das Jugendhaus Oase in <span style=\"font-family: 'Arial',sans-serif;\">K\u00fcssnacht am Rigi SZ<\/span> bei ihrer Aufr\u00e4um-Aktion verschiedene Gruppen von Jugendlichen gegeneinander antreten: Sie werden an unterschiedlichen Orten herumliegenden Abfall einsammeln und ihre Abfalls\u00e4cke im Anschluss w\u00e4gen. Die drei Gruppen, deren Abfalls\u00e4cke am meisten Kilos auf die Waage bringen, werden mit Gutscheinen belohnt. Danach wird am See mit Musik, Glac\u00e9s und Getr\u00e4nken gefeiert.<br \/>\n<\/span><\/p>\n<p><span style=\"font-size: 10.5pt; font-family: 'Arial',sans-serif;\">AGLILO, der Elternverein des Gymnasiums Liceo <span style=\"font-family: 'Arial',sans-serif;\">Locarno TI<\/span>, wird wie in den vergangenen Jahren mit den Sch\u00fclerinnen und Sch\u00fclern der Oberstufe am Flussufer, in Parks und um die Schule aufr\u00e4umen. Und auch der Verein Vully aujourd\u2032hui nimmt mit der Gemeinde <span style=\"font-family: 'Arial',sans-serif;\">Praz-Vully FR<\/span> am Clean-Up-Day teil. Strassen und Wege werden von Abfall befreit und eine Schatzsuche soll die Teilnehmenden motivieren und f\u00fcr das Thema Littering sensibilisieren. Im Anschluss an die Aktion gibt es eine Preisverleihung und einen kleinen Ap\u00e9ro.<\/span><\/p>\n<p><span style=\"font-size: 10.5pt; font-family: 'Arial',sans-serif;\">Littering st\u00f6rt, schadet der Umwelt und wirkt sich negativ auf die Lebensqualit\u00e4t und das Sicherheitsempfinden der Bev\u00f6lkerung aus. Am j\u00e4hrlichen IGSU Clean-Up-Day setzen Zehntausende von Freiwilligen ein Zeichen gegen das achtlose Wegwerfen von Abfall. <span style=\"font-family: 'Arial',sans-serif;\">Helfen Sie mit, diesem Engagement zu weiterer Aufmerksamkeit zu verhelfen und damit dieser Pr\u00e4ventionskampagne noch mehr Gewicht zu verleihen.<\/span> Nehmen Sie mit den lokalen Organisatoren oder mit der IGSU Kontakt auf, besuchen Sie die Aktionen und berichten Sie dar\u00fcber \u2013 f\u00fcr eine saubere Schweiz.\u00a0\u00a0<\/span><\/p>\n<p><a href=\"file:\/\/\/C:\/Users\/mermic\/Downloads\/Anmeldungen%20Clean-Up__Stand-20200902.pdf\"><em><span style=\"font-size: 10.5pt; font-family: 'Arial',sans-serif;\">Anbei finden Sie eine Liste der Aktionen (nach Kantonen geordnet) mit entsprechenden Kontaktangaben. Eins\u00e4tze von prominenten Pers\u00f6nlichkeiten, Politikerinnen und Politikern sind gelb markiert. Die Liste wird laufend aktualisiert und Ihnen auf Wunsch zugestellt.<\/span><\/em><\/a><\/p>\n<p>&nbsp;<\/p>\n<p>&nbsp;<\/p>\n<p>&nbsp;<\/p>\n<p>&nbsp;<\/p>\n","protected":false},"excerpt":{"rendered":"<p>Der nationale Clean-Up-Day wird 2020 zum achten Mal durchgef\u00fchrt und von der Interessengemeinschaft saubere Umwelt (IGSU) organisiert. In allen Schweizer Regionen finden Aktionen statt.\u00a0So l\u00e4sst das Jugendhaus Oase in K\u00fcssnacht am Rigi SZ bei ihrer Aufr\u00e4um-Aktion verschiedene Gruppen von Jugendlichen gegeneinander antreten: Sie werden an unterschiedlichen Orten herumliegenden Abfall einsammeln und ihre Abfalls\u00e4cke im Anschluss [&hellip;]<\/p>\n","protected":false},"author":5,"featured_media":3324,"comment_status":"closed","ping_status":"closed","sticky":false,"template":"","format":"standard","meta":{"_acf_changed":false,"_yoast_wpseo_focuskw":"Clean-Up-Day","_yoast_wpseo_metadesc":"Am Freitag, 11. September und Samstag, 12. September 2020 ist nationaler IGSU Clean-Up-Day. Anbei die Liste aller diesj\u00e4hrigen Aktionen.","articlekey":"","footnotes":""},"categories":[580],"tags":[643,674,688,918,1395,424],"class_list":["post-10202","post","type-post","status-publish","format-standard","has-post-thumbnail","hentry","category-sustainability","tag-643","tag-adressen","tag-aktionen","tag-clean-up-day","tag-igsu","tag-schweiz"],"acf":[],"yoast_head":"<!-- This site is optimized with the Yoast SEO plugin v27.5 - https:\/\/yoast.com\/product\/yoast-seo-wordpress\/ -->\n<title>IGSU Clean-Up-Day, die nationale Bewegung gegen Littering - Organisator<\/title>\n<meta name=\"description\" content=\"Am Freitag, 11. September und Samstag, 12. September 2020 ist nationaler IGSU Clean-Up-Day. Anbei die Liste aller diesj\u00e4hrigen Aktionen.\" \/>\n<meta name=\"robots\" content=\"index, follow, max-snippet:-1, max-image-preview:large, max-video-preview:-1\" \/>\n<link rel=\"canonical\" href=\"https:\/\/www.organisator.ch\/de\/sustainability\/2020-09-07\/igsu-clean-up-day-die-nationale-bewegung-gegen-littering\/\" \/>\n<meta property=\"og:locale\" content=\"de_DE\" \/>\n<meta property=\"og:type\" content=\"article\" \/>\n<meta property=\"og:title\" content=\"IGSU Clean-Up-Day, die nationale Bewegung gegen Littering - Organisator\" \/>\n<meta property=\"og:description\" content=\"Am Freitag, 11. September und Samstag, 12. September 2020 ist nationaler IGSU Clean-Up-Day. Anbei die Liste aller diesj\u00e4hrigen Aktionen.\" \/>\n<meta property=\"og:url\" content=\"https:\/\/www.organisator.ch\/de\/sustainability\/2020-09-07\/igsu-clean-up-day-die-nationale-bewegung-gegen-littering\/\" \/>\n<meta property=\"og:site_name\" content=\"Organisator\" \/>\n<meta property=\"article:publisher\" content=\"https:\/\/www.facebook.com\/OrganisatorFachmagazin\" \/>\n<meta property=\"article:published_time\" content=\"2020-09-07T09:37:01+00:00\" \/>\n<meta property=\"article:modified_time\" content=\"2022-02-09T10:05:33+00:00\" \/>\n<meta property=\"og:image\" content=\"https:\/\/www.organisator.ch\/wp-content\/uploads\/2020\/09\/Clean-Up-Day.jpg.png\" \/>\n\t<meta property=\"og:image:width\" content=\"617\" \/>\n\t<meta property=\"og:image:height\" content=\"364\" \/>\n\t<meta property=\"og:image:type\" content=\"image\/png\" \/>\n<meta name=\"author\" content=\"michael.merz\" \/>\n<meta name=\"twitter:card\" content=\"summary_large_image\" \/>\n<script type=\"application\/ld+json\" class=\"yoast-schema-graph\">{\"@context\":\"https:\\\/\\\/schema.org\",\"@graph\":[{\"@type\":\"Article\",\"@id\":\"https:\\\/\\\/www.organisator.ch\\\/sustainability\\\/2020-09-07\\\/igsu-clean-up-day-die-nationale-bewegung-gegen-littering\\\/#article\",\"isPartOf\":{\"@id\":\"https:\\\/\\\/www.organisator.ch\\\/sustainability\\\/2020-09-07\\\/igsu-clean-up-day-die-nationale-bewegung-gegen-littering\\\/\"},\"author\":{\"name\":\"michael.merz\",\"@id\":\"https:\\\/\\\/www.organisator.ch\\\/#\\\/schema\\\/person\\\/134708ca9321c57b0362cceb7948ffbd\"},\"headline\":\"IGSU Clean-Up-Day, die nationale Bewegung gegen Littering\",\"datePublished\":\"2020-09-07T09:37:01+00:00\",\"dateModified\":\"2022-02-09T10:05:33+00:00\",\"mainEntityOfPage\":{\"@id\":\"https:\\\/\\\/www.organisator.ch\\\/sustainability\\\/2020-09-07\\\/igsu-clean-up-day-die-nationale-bewegung-gegen-littering\\\/\"},\"wordCount\":327,\"publisher\":{\"@id\":\"https:\\\/\\\/www.organisator.ch\\\/#organization\"},\"image\":{\"@id\":\"https:\\\/\\\/www.organisator.ch\\\/sustainability\\\/2020-09-07\\\/igsu-clean-up-day-die-nationale-bewegung-gegen-littering\\\/#primaryimage\"},\"thumbnailUrl\":\"https:\\\/\\\/www.organisator.ch\\\/wp-content\\\/uploads\\\/2020\\\/09\\\/Clean-Up-Day.jpg.png\",\"keywords\":[\"2020\",\"Adressen\",\"Aktionen\",\"Clean-Up Day\",\"IGSU\",\"Schweiz\"],\"articleSection\":[\"SUSTAINABILITY\"],\"inLanguage\":\"de\"},{\"@type\":\"WebPage\",\"@id\":\"https:\\\/\\\/www.organisator.ch\\\/sustainability\\\/2020-09-07\\\/igsu-clean-up-day-die-nationale-bewegung-gegen-littering\\\/\",\"url\":\"https:\\\/\\\/www.organisator.ch\\\/sustainability\\\/2020-09-07\\\/igsu-clean-up-day-die-nationale-bewegung-gegen-littering\\\/\",\"name\":\"IGSU Clean-Up-Day, die nationale Bewegung gegen Littering - Organisator\",\"isPartOf\":{\"@id\":\"https:\\\/\\\/www.organisator.ch\\\/#website\"},\"primaryImageOfPage\":{\"@id\":\"https:\\\/\\\/www.organisator.ch\\\/sustainability\\\/2020-09-07\\\/igsu-clean-up-day-die-nationale-bewegung-gegen-littering\\\/#primaryimage\"},\"image\":{\"@id\":\"https:\\\/\\\/www.organisator.ch\\\/sustainability\\\/2020-09-07\\\/igsu-clean-up-day-die-nationale-bewegung-gegen-littering\\\/#primaryimage\"},\"thumbnailUrl\":\"https:\\\/\\\/www.organisator.ch\\\/wp-content\\\/uploads\\\/2020\\\/09\\\/Clean-Up-Day.jpg.png\",\"datePublished\":\"2020-09-07T09:37:01+00:00\",\"dateModified\":\"2022-02-09T10:05:33+00:00\",\"description\":\"Am Freitag, 11. September und Samstag, 12. September 2020 ist nationaler IGSU Clean-Up-Day. Anbei die Liste aller diesj\u00e4hrigen Aktionen.\",\"breadcrumb\":{\"@id\":\"https:\\\/\\\/www.organisator.ch\\\/sustainability\\\/2020-09-07\\\/igsu-clean-up-day-die-nationale-bewegung-gegen-littering\\\/#breadcrumb\"},\"inLanguage\":\"de\",\"potentialAction\":[{\"@type\":\"ReadAction\",\"target\":[\"https:\\\/\\\/www.organisator.ch\\\/sustainability\\\/2020-09-07\\\/igsu-clean-up-day-die-nationale-bewegung-gegen-littering\\\/\"]}]},{\"@type\":\"ImageObject\",\"inLanguage\":\"de\",\"@id\":\"https:\\\/\\\/www.organisator.ch\\\/sustainability\\\/2020-09-07\\\/igsu-clean-up-day-die-nationale-bewegung-gegen-littering\\\/#primaryimage\",\"url\":\"https:\\\/\\\/www.organisator.ch\\\/wp-content\\\/uploads\\\/2020\\\/09\\\/Clean-Up-Day.jpg.png\",\"contentUrl\":\"https:\\\/\\\/www.organisator.ch\\\/wp-content\\\/uploads\\\/2020\\\/09\\\/Clean-Up-Day.jpg.png\",\"width\":617,\"height\":364,\"caption\":\"sfsf\"},{\"@type\":\"BreadcrumbList\",\"@id\":\"https:\\\/\\\/www.organisator.ch\\\/sustainability\\\/2020-09-07\\\/igsu-clean-up-day-die-nationale-bewegung-gegen-littering\\\/#breadcrumb\",\"itemListElement\":[{\"@type\":\"ListItem\",\"position\":1,\"name\":\"Home\",\"item\":\"https:\\\/\\\/www.organisator.ch\\\/\"},{\"@type\":\"ListItem\",\"position\":2,\"name\":\"IGSU Clean-Up-Day, die nationale Bewegung gegen Littering\"}]},{\"@type\":\"WebSite\",\"@id\":\"https:\\\/\\\/www.organisator.ch\\\/#website\",\"url\":\"https:\\\/\\\/www.organisator.ch\\\/\",\"name\":\"Organisator\",\"description\":\"Kompetent. Praxisnah. Der ORGANISATOR bereitet in 10 Ausgaben pro Jahr die wesentlichen Themen f\u00fcr F\u00fchrungskr\u00e4fte von KMU auf.\",\"publisher\":{\"@id\":\"https:\\\/\\\/www.organisator.ch\\\/#organization\"},\"potentialAction\":[{\"@type\":\"SearchAction\",\"target\":{\"@type\":\"EntryPoint\",\"urlTemplate\":\"https:\\\/\\\/www.organisator.ch\\\/?s={search_term_string}\"},\"query-input\":{\"@type\":\"PropertyValueSpecification\",\"valueRequired\":true,\"valueName\":\"search_term_string\"}}],\"inLanguage\":\"de\"},{\"@type\":\"Organization\",\"@id\":\"https:\\\/\\\/www.organisator.ch\\\/#organization\",\"name\":\"Organisator\",\"url\":\"https:\\\/\\\/www.organisator.ch\\\/\",\"logo\":{\"@type\":\"ImageObject\",\"inLanguage\":\"de\",\"@id\":\"https:\\\/\\\/www.organisator.ch\\\/#\\\/schema\\\/logo\\\/image\\\/\",\"url\":\"https:\\\/\\\/www.organisator.ch\\\/wp-content\\\/uploads\\\/2022\\\/01\\\/Logo_Organisator_Website.png\",\"contentUrl\":\"https:\\\/\\\/www.organisator.ch\\\/wp-content\\\/uploads\\\/2022\\\/01\\\/Logo_Organisator_Website.png\",\"width\":800,\"height\":77,\"caption\":\"Organisator\"},\"image\":{\"@id\":\"https:\\\/\\\/www.organisator.ch\\\/#\\\/schema\\\/logo\\\/image\\\/\"},\"sameAs\":[\"https:\\\/\\\/www.facebook.com\\\/OrganisatorFachmagazin\",\"https:\\\/\\\/www.linkedin.com\\\/showcase\\\/organisator-das-magazin-fr-kmu\",\"https:\\\/\\\/www.xing.com\\\/news\\\/pages\\\/organisator-ch-695\",\"https:\\\/\\\/www.youtube.com\\\/channel\\\/UCGP2Sq0iWaZwT3BdIAQFYpw\"]},{\"@type\":\"Person\",\"@id\":\"https:\\\/\\\/www.organisator.ch\\\/#\\\/schema\\\/person\\\/134708ca9321c57b0362cceb7948ffbd\",\"name\":\"michael.merz\",\"image\":{\"@type\":\"ImageObject\",\"inLanguage\":\"de\",\"@id\":\"https:\\\/\\\/secure.gravatar.com\\\/avatar\\\/?s=96&d=mm&r=g\",\"url\":\"https:\\\/\\\/secure.gravatar.com\\\/avatar\\\/?s=96&d=mm&r=g\",\"contentUrl\":\"https:\\\/\\\/secure.gravatar.com\\\/avatar\\\/?s=96&d=mm&r=g\",\"caption\":\"michael.merz\"},\"url\":\"https:\\\/\\\/www.organisator.ch\\\/de\\\/author\\\/michael-merz\\\/\"}]}<\/script>\n<!-- \/ Yoast SEO plugin. -->","yoast_head_json":{"title":"IGSU Clean-Up-Day, die nationale Bewegung gegen Littering - Organisator","description":"Am Freitag, 11. September und Samstag, 12. September 2020 ist nationaler IGSU Clean-Up-Day. Anbei die Liste aller diesj\u00e4hrigen Aktionen.","robots":{"index":"index","follow":"follow","max-snippet":"max-snippet:-1","max-image-preview":"max-image-preview:large","max-video-preview":"max-video-preview:-1"},"canonical":"https:\/\/www.organisator.ch\/de\/sustainability\/2020-09-07\/igsu-clean-up-day-die-nationale-bewegung-gegen-littering\/","og_locale":"de_DE","og_type":"article","og_title":"IGSU Clean-Up-Day, die nationale Bewegung gegen Littering - Organisator","og_description":"Am Freitag, 11. September und Samstag, 12. September 2020 ist nationaler IGSU Clean-Up-Day. Anbei die Liste aller diesj\u00e4hrigen Aktionen.","og_url":"https:\/\/www.organisator.ch\/de\/sustainability\/2020-09-07\/igsu-clean-up-day-die-nationale-bewegung-gegen-littering\/","og_site_name":"Organisator","article_publisher":"https:\/\/www.facebook.com\/OrganisatorFachmagazin","article_published_time":"2020-09-07T09:37:01+00:00","article_modified_time":"2022-02-09T10:05:33+00:00","og_image":[{"width":617,"height":364,"url":"https:\/\/www.organisator.ch\/wp-content\/uploads\/2020\/09\/Clean-Up-Day.jpg.png","type":"image\/png"}],"author":"michael.merz","twitter_card":"summary_large_image","schema":{"@context":"https:\/\/schema.org","@graph":[{"@type":"Article","@id":"https:\/\/www.organisator.ch\/sustainability\/2020-09-07\/igsu-clean-up-day-die-nationale-bewegung-gegen-littering\/#article","isPartOf":{"@id":"https:\/\/www.organisator.ch\/sustainability\/2020-09-07\/igsu-clean-up-day-die-nationale-bewegung-gegen-littering\/"},"author":{"name":"michael.merz","@id":"https:\/\/www.organisator.ch\/#\/schema\/person\/134708ca9321c57b0362cceb7948ffbd"},"headline":"IGSU Clean-Up-Day, die nationale Bewegung gegen Littering","datePublished":"2020-09-07T09:37:01+00:00","dateModified":"2022-02-09T10:05:33+00:00","mainEntityOfPage":{"@id":"https:\/\/www.organisator.ch\/sustainability\/2020-09-07\/igsu-clean-up-day-die-nationale-bewegung-gegen-littering\/"},"wordCount":327,"publisher":{"@id":"https:\/\/www.organisator.ch\/#organization"},"image":{"@id":"https:\/\/www.organisator.ch\/sustainability\/2020-09-07\/igsu-clean-up-day-die-nationale-bewegung-gegen-littering\/#primaryimage"},"thumbnailUrl":"https:\/\/www.organisator.ch\/wp-content\/uploads\/2020\/09\/Clean-Up-Day.jpg.png","keywords":["2020","Adressen","Aktionen","Clean-Up Day","IGSU","Schweiz"],"articleSection":["SUSTAINABILITY"],"inLanguage":"de"},{"@type":"WebPage","@id":"https:\/\/www.organisator.ch\/sustainability\/2020-09-07\/igsu-clean-up-day-die-nationale-bewegung-gegen-littering\/","url":"https:\/\/www.organisator.ch\/sustainability\/2020-09-07\/igsu-clean-up-day-die-nationale-bewegung-gegen-littering\/","name":"IGSU Clean-Up-Day, die nationale Bewegung gegen Littering - Organisator","isPartOf":{"@id":"https:\/\/www.organisator.ch\/#website"},"primaryImageOfPage":{"@id":"https:\/\/www.organisator.ch\/sustainability\/2020-09-07\/igsu-clean-up-day-die-nationale-bewegung-gegen-littering\/#primaryimage"},"image":{"@id":"https:\/\/www.organisator.ch\/sustainability\/2020-09-07\/igsu-clean-up-day-die-nationale-bewegung-gegen-littering\/#primaryimage"},"thumbnailUrl":"https:\/\/www.organisator.ch\/wp-content\/uploads\/2020\/09\/Clean-Up-Day.jpg.png","datePublished":"2020-09-07T09:37:01+00:00","dateModified":"2022-02-09T10:05:33+00:00","description":"Am Freitag, 11. September und Samstag, 12. September 2020 ist nationaler IGSU Clean-Up-Day. Anbei die Liste aller diesj\u00e4hrigen Aktionen.","breadcrumb":{"@id":"https:\/\/www.organisator.ch\/sustainability\/2020-09-07\/igsu-clean-up-day-die-nationale-bewegung-gegen-littering\/#breadcrumb"},"inLanguage":"de","potentialAction":[{"@type":"ReadAction","target":["https:\/\/www.organisator.ch\/sustainability\/2020-09-07\/igsu-clean-up-day-die-nationale-bewegung-gegen-littering\/"]}]},{"@type":"ImageObject","inLanguage":"de","@id":"https:\/\/www.organisator.ch\/sustainability\/2020-09-07\/igsu-clean-up-day-die-nationale-bewegung-gegen-littering\/#primaryimage","url":"https:\/\/www.organisator.ch\/wp-content\/uploads\/2020\/09\/Clean-Up-Day.jpg.png","contentUrl":"https:\/\/www.organisator.ch\/wp-content\/uploads\/2020\/09\/Clean-Up-Day.jpg.png","width":617,"height":364,"caption":"sfsf"},{"@type":"BreadcrumbList","@id":"https:\/\/www.organisator.ch\/sustainability\/2020-09-07\/igsu-clean-up-day-die-nationale-bewegung-gegen-littering\/#breadcrumb","itemListElement":[{"@type":"ListItem","position":1,"name":"Home","item":"https:\/\/www.organisator.ch\/"},{"@type":"ListItem","position":2,"name":"IGSU Clean-Up-Day, die nationale Bewegung gegen Littering"}]},{"@type":"WebSite","@id":"https:\/\/www.organisator.ch\/#website","url":"https:\/\/www.organisator.ch\/","name":"Organisator","description":"Kompetent. Praxisnah. Der ORGANISATOR bereitet in 10 Ausgaben pro Jahr die wesentlichen Themen f\u00fcr F\u00fchrungskr\u00e4fte von KMU auf.","publisher":{"@id":"https:\/\/www.organisator.ch\/#organization"},"potentialAction":[{"@type":"SearchAction","target":{"@type":"EntryPoint","urlTemplate":"https:\/\/www.organisator.ch\/?s={search_term_string}"},"query-input":{"@type":"PropertyValueSpecification","valueRequired":true,"valueName":"search_term_string"}}],"inLanguage":"de"},{"@type":"Organization","@id":"https:\/\/www.organisator.ch\/#organization","name":"Organisator","url":"https:\/\/www.organisator.ch\/","logo":{"@type":"ImageObject","inLanguage":"de","@id":"https:\/\/www.organisator.ch\/#\/schema\/logo\/image\/","url":"https:\/\/www.organisator.ch\/wp-content\/uploads\/2022\/01\/Logo_Organisator_Website.png","contentUrl":"https:\/\/www.organisator.ch\/wp-content\/uploads\/2022\/01\/Logo_Organisator_Website.png","width":800,"height":77,"caption":"Organisator"},"image":{"@id":"https:\/\/www.organisator.ch\/#\/schema\/logo\/image\/"},"sameAs":["https:\/\/www.facebook.com\/OrganisatorFachmagazin","https:\/\/www.linkedin.com\/showcase\/organisator-das-magazin-fr-kmu","https:\/\/www.xing.com\/news\/pages\/organisator-ch-695","https:\/\/www.youtube.com\/channel\/UCGP2Sq0iWaZwT3BdIAQFYpw"]},{"@type":"Person","@id":"https:\/\/www.organisator.ch\/#\/schema\/person\/134708ca9321c57b0362cceb7948ffbd","name":"michael.merz","image":{"@type":"ImageObject","inLanguage":"de","@id":"https:\/\/secure.gravatar.com\/avatar\/?s=96&d=mm&r=g","url":"https:\/\/secure.gravatar.com\/avatar\/?s=96&d=mm&r=g","contentUrl":"https:\/\/secure.gravatar.com\/avatar\/?s=96&d=mm&r=g","caption":"michael.merz"},"url":"https:\/\/www.organisator.ch\/de\/author\/michael-merz\/"}]}},"_links":{"self":[{"href":"https:\/\/www.organisator.ch\/de\/wp-json\/wp\/v2\/posts\/10202","targetHints":{"allow":["GET"]}}],"collection":[{"href":"https:\/\/www.organisator.ch\/de\/wp-json\/wp\/v2\/posts"}],"about":[{"href":"https:\/\/www.organisator.ch\/de\/wp-json\/wp\/v2\/types\/post"}],"author":[{"embeddable":true,"href":"https:\/\/www.organisator.ch\/de\/wp-json\/wp\/v2\/users\/5"}],"replies":[{"embeddable":true,"href":"https:\/\/www.organisator.ch\/de\/wp-json\/wp\/v2\/comments?post=10202"}],"version-history":[{"count":1,"href":"https:\/\/www.organisator.ch\/de\/wp-json\/wp\/v2\/posts\/10202\/revisions"}],"predecessor-version":[{"id":10386,"href":"https:\/\/www.organisator.ch\/de\/wp-json\/wp\/v2\/posts\/10202\/revisions\/10386"}],"wp:featuredmedia":[{"embeddable":true,"href":"https:\/\/www.organisator.ch\/de\/wp-json\/wp\/v2\/media\/3324"}],"wp:attachment":[{"href":"https:\/\/www.organisator.ch\/de\/wp-json\/wp\/v2\/media?parent=10202"}],"wp:term":[{"taxonomy":"category","embeddable":true,"href":"https:\/\/www.organisator.ch\/de\/wp-json\/wp\/v2\/categories?post=10202"},{"taxonomy":"post_tag","embeddable":true,"href":"https:\/\/www.organisator.ch\/de\/wp-json\/wp\/v2\/tags?post=10202"}],"curies":[{"name":"wp","href":"https:\/\/api.w.org\/{rel}","templated":true}]}}