{"id":10204,"date":"2020-09-07T13:04:15","date_gmt":"2020-09-07T11:04:15","guid":{"rendered":"https:\/\/www.umweltperspektiven.ch\/?p=3332"},"modified":"2020-09-07T13:04:15","modified_gmt":"2020-09-07T11:04:15","slug":"neue-leiterin-fuer-soziale-verantwortung-von-unternehmen-fuer-societe-generale","status":"publish","type":"post","link":"https:\/\/www.organisator.ch\/de\/allgemein\/2020-09-07\/neue-leiterin-fuer-soziale-verantwortung-von-unternehmen-fuer-societe-generale\/","title":{"rendered":"Neue Leiterin f\u00fcr Soziale Verantwortung von Unternehmen f\u00fcr Societe Generale"},"content":{"rendered":"<figure id=\"attachment_3333\" aria-describedby=\"caption-attachment-3333\" style=\"width: 637px\" class=\"wp-caption alignnone\"><img loading=\"lazy\" decoding=\"async\" class=\"size-full wp-image-3333\" src=\"\/\/www.umweltperspektiven.ch\/wp-content\/uploads\/2020\/09\/Personalia-Doroth\u00e9e-Chapuis-UP-Umwelt-Perspektiven.jpg\" alt=\"\" width=\"637\" height=\"806\" \/><figcaption id=\"caption-attachment-3333\" class=\"wp-caption-text\">Doroth\u00e9e Chapuis wurde im August 2020 zur Leiterin CSR bei der Societe Generale Private Banking Schweiz, Luxemburg und Monaco ernannt. (Bild: Societe Generale)<\/figcaption><\/figure>\n<p>In ihrer neuen Funktion f\u00fcr Societe Generale ist Doroth\u00e9e Chapuis verantwortlich f\u00fcr die Entwicklung aller Projekte im Zusammenhang mit der sozialen Verantwortung der Unternehmen (Corporate Social Responsibility, CSR), einer strategischen Achse f\u00fcr das Private Banking und f\u00fcr die Gruppe Societe Generale.<\/p>\n<p>In diesem Rahmen besteht ihre Aufgabe darin, die CSR-Strategie der Privatbank zu organisieren und zu erweitern, indem sie Initiativen und Projekte koordiniert, die sich auf L\u00f6sungen mit Mehrwert f\u00fcr die Kunden beziehen. Insbesondere wird sie weiterhin das Angebot nachhaltiger und positiver L\u00f6sungen, die f\u00fcr private Investoren entwickelt wurden, erweitern und f\u00f6rdern. Sie wird eng mit den Experten der Gruppe f\u00fcr nachhaltige und positiv wirkende Investitionen in der Schweiz und international zusammenarbeiten.<\/p>\n<p>Ihre Aufgabe besteht auch darin, zur Umsetzung der Engagementstrategie des Unternehmens f\u00fcr eine verantwortungsvollere Privatbank beizutragen.<\/p>\n<p>Von Genf aus wird sie diese Verantwortung zus\u00e4tzlich zu ihren derzeitigen Positionen als Marketingdirektorin f\u00fcr SGPB Schweiz und stellvertretende Marketingdirektorin f\u00fcr Private Banking in Luxemburg und Monaco \u00fcbernehmen. Doroth\u00e9e Chapuis berichtet an Antoine Blouin, Leiter Wealth Management Solutions der SGPB Schweiz, und Christine Puente Castan, Marketingdirektorin der SGPB Luxemburg, Monaco und Schweiz.<\/p>\n<p>Doroth\u00e9e Chapuis ist Absolventin der Ingenieurschule f\u00fcr Bergbau in Saint Etienne, Frankreich.\u00a0Sie trat 2001 in die Gruppe der Societe Generale ein, zun\u00e4chst in der Verm\u00f6gensverwaltung, wo sie nacheinander die Positionen Leiterin Leistungsanalyse und Kundenreporting und dann Portfoliomanagerin besetzte.<\/p>\n<p><a href=\"\/\/www.socgen.com\">www.socgen.com<\/a><\/p>\n<p>&nbsp;<\/p>\n<p>&nbsp;<\/p>\n","protected":false},"excerpt":{"rendered":"<p>In ihrer neuen Funktion f\u00fcr Societe Generale ist Doroth\u00e9e Chapuis verantwortlich f\u00fcr die Entwicklung aller Projekte im Zusammenhang mit der sozialen Verantwortung der Unternehmen (Corporate Social Responsibility, CSR), einer strategischen Achse f\u00fcr das Private Banking und f\u00fcr die Gruppe Societe Generale. In diesem Rahmen besteht ihre Aufgabe darin, die CSR-Strategie der Privatbank zu organisieren und [&hellip;]<\/p>\n","protected":false},"author":5,"featured_media":9726,"comment_status":"closed","ping_status":"closed","sticky":false,"template":"","format":"standard","meta":{"_acf_changed":false,"_yoast_wpseo_focuskw":"Societe Generale","_yoast_wpseo_metadesc":"Societe Generale ernennt Doroth\u00e9e Chapuis zur Leiterin CSR der Societe Generale Private Banking (SGPB) Schweiz, Luxemburg und Monaco.","articlekey":"","footnotes":""},"categories":[1],"tags":[70,381,424,441],"class_list":["post-10204","post","type-post","status-publish","format-standard","has-post-thumbnail","hentry","category-allgemein","tag-banking","tag-personalia","tag-schweiz","tag-soziale-verantwortung"],"acf":[],"yoast_head":"<!-- This site is optimized with the Yoast SEO plugin v27.4 - https:\/\/yoast.com\/product\/yoast-seo-wordpress\/ -->\n<title>Neue Leiterin f\u00fcr Soziale Verantwortung von Unternehmen f\u00fcr Societe Generale - Organisator<\/title>\n<meta name=\"description\" content=\"Societe Generale ernennt Doroth\u00e9e Chapuis zur Leiterin CSR der Societe Generale Private Banking (SGPB) Schweiz, Luxemburg und Monaco.\" \/>\n<meta name=\"robots\" content=\"index, follow, max-snippet:-1, max-image-preview:large, max-video-preview:-1\" \/>\n<link rel=\"canonical\" href=\"https:\/\/www.organisator.ch\/de\/allgemein\/2020-09-07\/neue-leiterin-fuer-soziale-verantwortung-von-unternehmen-fuer-societe-generale\/\" \/>\n<meta property=\"og:locale\" content=\"de_DE\" \/>\n<meta property=\"og:type\" content=\"article\" \/>\n<meta property=\"og:title\" content=\"Neue Leiterin f\u00fcr Soziale Verantwortung von Unternehmen f\u00fcr Societe Generale - Organisator\" \/>\n<meta property=\"og:description\" content=\"Societe Generale ernennt Doroth\u00e9e Chapuis zur Leiterin CSR der Societe Generale Private Banking (SGPB) Schweiz, Luxemburg und Monaco.\" \/>\n<meta property=\"og:url\" content=\"https:\/\/www.organisator.ch\/de\/allgemein\/2020-09-07\/neue-leiterin-fuer-soziale-verantwortung-von-unternehmen-fuer-societe-generale\/\" \/>\n<meta property=\"og:site_name\" content=\"Organisator\" \/>\n<meta property=\"article:publisher\" content=\"https:\/\/www.facebook.com\/OrganisatorFachmagazin\" \/>\n<meta property=\"article:published_time\" content=\"2020-09-07T11:04:15+00:00\" \/>\n<meta property=\"og:image\" content=\"https:\/\/www.organisator.ch\/wp-content\/uploads\/2020\/09\/Personalia-Dorothee-Chapuis-UP-Umwelt-Perspektiven.jpg\" \/>\n\t<meta property=\"og:image:width\" content=\"637\" \/>\n\t<meta property=\"og:image:height\" content=\"806\" \/>\n\t<meta property=\"og:image:type\" content=\"image\/jpeg\" \/>\n<meta name=\"author\" content=\"michael.merz\" \/>\n<meta name=\"twitter:card\" content=\"summary_large_image\" \/>\n<script type=\"application\/ld+json\" class=\"yoast-schema-graph\">{\"@context\":\"https:\\\/\\\/schema.org\",\"@graph\":[{\"@type\":\"Article\",\"@id\":\"https:\\\/\\\/www.organisator.ch\\\/de\\\/allgemein\\\/2020-09-07\\\/neue-leiterin-fuer-soziale-verantwortung-von-unternehmen-fuer-societe-generale\\\/#article\",\"isPartOf\":{\"@id\":\"https:\\\/\\\/www.organisator.ch\\\/de\\\/allgemein\\\/2020-09-07\\\/neue-leiterin-fuer-soziale-verantwortung-von-unternehmen-fuer-societe-generale\\\/\"},\"author\":{\"name\":\"michael.merz\",\"@id\":\"https:\\\/\\\/www.organisator.ch\\\/#\\\/schema\\\/person\\\/134708ca9321c57b0362cceb7948ffbd\"},\"headline\":\"Neue Leiterin f\u00fcr Soziale Verantwortung von Unternehmen f\u00fcr Societe Generale\",\"datePublished\":\"2020-09-07T11:04:15+00:00\",\"mainEntityOfPage\":{\"@id\":\"https:\\\/\\\/www.organisator.ch\\\/de\\\/allgemein\\\/2020-09-07\\\/neue-leiterin-fuer-soziale-verantwortung-von-unternehmen-fuer-societe-generale\\\/\"},\"wordCount\":285,\"publisher\":{\"@id\":\"https:\\\/\\\/www.organisator.ch\\\/#organization\"},\"image\":{\"@id\":\"https:\\\/\\\/www.organisator.ch\\\/de\\\/allgemein\\\/2020-09-07\\\/neue-leiterin-fuer-soziale-verantwortung-von-unternehmen-fuer-societe-generale\\\/#primaryimage\"},\"thumbnailUrl\":\"https:\\\/\\\/www.organisator.ch\\\/wp-content\\\/uploads\\\/2020\\\/09\\\/Personalia-Dorothee-Chapuis-UP-Umwelt-Perspektiven.jpg\",\"keywords\":[\"Banking\",\"Personalia\",\"Schweiz\",\"Soziale Verantwortung\"],\"inLanguage\":\"de\"},{\"@type\":\"WebPage\",\"@id\":\"https:\\\/\\\/www.organisator.ch\\\/de\\\/allgemein\\\/2020-09-07\\\/neue-leiterin-fuer-soziale-verantwortung-von-unternehmen-fuer-societe-generale\\\/\",\"url\":\"https:\\\/\\\/www.organisator.ch\\\/de\\\/allgemein\\\/2020-09-07\\\/neue-leiterin-fuer-soziale-verantwortung-von-unternehmen-fuer-societe-generale\\\/\",\"name\":\"Neue Leiterin f\u00fcr Soziale Verantwortung von Unternehmen f\u00fcr Societe Generale - Organisator\",\"isPartOf\":{\"@id\":\"https:\\\/\\\/www.organisator.ch\\\/#website\"},\"primaryImageOfPage\":{\"@id\":\"https:\\\/\\\/www.organisator.ch\\\/de\\\/allgemein\\\/2020-09-07\\\/neue-leiterin-fuer-soziale-verantwortung-von-unternehmen-fuer-societe-generale\\\/#primaryimage\"},\"image\":{\"@id\":\"https:\\\/\\\/www.organisator.ch\\\/de\\\/allgemein\\\/2020-09-07\\\/neue-leiterin-fuer-soziale-verantwortung-von-unternehmen-fuer-societe-generale\\\/#primaryimage\"},\"thumbnailUrl\":\"https:\\\/\\\/www.organisator.ch\\\/wp-content\\\/uploads\\\/2020\\\/09\\\/Personalia-Dorothee-Chapuis-UP-Umwelt-Perspektiven.jpg\",\"datePublished\":\"2020-09-07T11:04:15+00:00\",\"description\":\"Societe Generale ernennt Doroth\u00e9e Chapuis zur Leiterin CSR der Societe Generale Private Banking (SGPB) Schweiz, Luxemburg und Monaco.\",\"breadcrumb\":{\"@id\":\"https:\\\/\\\/www.organisator.ch\\\/de\\\/allgemein\\\/2020-09-07\\\/neue-leiterin-fuer-soziale-verantwortung-von-unternehmen-fuer-societe-generale\\\/#breadcrumb\"},\"inLanguage\":\"de\",\"potentialAction\":[{\"@type\":\"ReadAction\",\"target\":[\"https:\\\/\\\/www.organisator.ch\\\/de\\\/allgemein\\\/2020-09-07\\\/neue-leiterin-fuer-soziale-verantwortung-von-unternehmen-fuer-societe-generale\\\/\"]}]},{\"@type\":\"ImageObject\",\"inLanguage\":\"de\",\"@id\":\"https:\\\/\\\/www.organisator.ch\\\/de\\\/allgemein\\\/2020-09-07\\\/neue-leiterin-fuer-soziale-verantwortung-von-unternehmen-fuer-societe-generale\\\/#primaryimage\",\"url\":\"https:\\\/\\\/www.organisator.ch\\\/wp-content\\\/uploads\\\/2020\\\/09\\\/Personalia-Dorothee-Chapuis-UP-Umwelt-Perspektiven.jpg\",\"contentUrl\":\"https:\\\/\\\/www.organisator.ch\\\/wp-content\\\/uploads\\\/2020\\\/09\\\/Personalia-Dorothee-Chapuis-UP-Umwelt-Perspektiven.jpg\",\"width\":637,\"height\":806,\"caption\":\"Doroth\u00e9e Chapuis wurde im August 2020 zur Leiterin CSR bei der Societe Generale Private Banking Schweiz, Luxemburg und Monaco ernannt\"},{\"@type\":\"BreadcrumbList\",\"@id\":\"https:\\\/\\\/www.organisator.ch\\\/de\\\/allgemein\\\/2020-09-07\\\/neue-leiterin-fuer-soziale-verantwortung-von-unternehmen-fuer-societe-generale\\\/#breadcrumb\",\"itemListElement\":[{\"@type\":\"ListItem\",\"position\":1,\"name\":\"Home\",\"item\":\"https:\\\/\\\/www.organisator.ch\\\/\"},{\"@type\":\"ListItem\",\"position\":2,\"name\":\"Neue Leiterin f\u00fcr Soziale Verantwortung von Unternehmen f\u00fcr Societe Generale\"}]},{\"@type\":\"WebSite\",\"@id\":\"https:\\\/\\\/www.organisator.ch\\\/#website\",\"url\":\"https:\\\/\\\/www.organisator.ch\\\/\",\"name\":\"Organisator\",\"description\":\"Kompetent. Praxisnah. Der ORGANISATOR bereitet in 10 Ausgaben pro Jahr die wesentlichen Themen f\u00fcr F\u00fchrungskr\u00e4fte von KMU auf.\",\"publisher\":{\"@id\":\"https:\\\/\\\/www.organisator.ch\\\/#organization\"},\"potentialAction\":[{\"@type\":\"SearchAction\",\"target\":{\"@type\":\"EntryPoint\",\"urlTemplate\":\"https:\\\/\\\/www.organisator.ch\\\/?s={search_term_string}\"},\"query-input\":{\"@type\":\"PropertyValueSpecification\",\"valueRequired\":true,\"valueName\":\"search_term_string\"}}],\"inLanguage\":\"de\"},{\"@type\":\"Organization\",\"@id\":\"https:\\\/\\\/www.organisator.ch\\\/#organization\",\"name\":\"Organisator\",\"url\":\"https:\\\/\\\/www.organisator.ch\\\/\",\"logo\":{\"@type\":\"ImageObject\",\"inLanguage\":\"de\",\"@id\":\"https:\\\/\\\/www.organisator.ch\\\/#\\\/schema\\\/logo\\\/image\\\/\",\"url\":\"https:\\\/\\\/www.organisator.ch\\\/wp-content\\\/uploads\\\/2022\\\/01\\\/Logo_Organisator_Website.png\",\"contentUrl\":\"https:\\\/\\\/www.organisator.ch\\\/wp-content\\\/uploads\\\/2022\\\/01\\\/Logo_Organisator_Website.png\",\"width\":800,\"height\":77,\"caption\":\"Organisator\"},\"image\":{\"@id\":\"https:\\\/\\\/www.organisator.ch\\\/#\\\/schema\\\/logo\\\/image\\\/\"},\"sameAs\":[\"https:\\\/\\\/www.facebook.com\\\/OrganisatorFachmagazin\",\"https:\\\/\\\/www.linkedin.com\\\/showcase\\\/organisator-das-magazin-fr-kmu\",\"https:\\\/\\\/www.xing.com\\\/news\\\/pages\\\/organisator-ch-695\",\"https:\\\/\\\/www.youtube.com\\\/channel\\\/UCGP2Sq0iWaZwT3BdIAQFYpw\"]},{\"@type\":\"Person\",\"@id\":\"https:\\\/\\\/www.organisator.ch\\\/#\\\/schema\\\/person\\\/134708ca9321c57b0362cceb7948ffbd\",\"name\":\"michael.merz\",\"image\":{\"@type\":\"ImageObject\",\"inLanguage\":\"de\",\"@id\":\"https:\\\/\\\/secure.gravatar.com\\\/avatar\\\/?s=96&d=mm&r=g\",\"url\":\"https:\\\/\\\/secure.gravatar.com\\\/avatar\\\/?s=96&d=mm&r=g\",\"contentUrl\":\"https:\\\/\\\/secure.gravatar.com\\\/avatar\\\/?s=96&d=mm&r=g\",\"caption\":\"michael.merz\"},\"url\":\"https:\\\/\\\/www.organisator.ch\\\/de\\\/author\\\/michael-merz\\\/\"}]}<\/script>\n<!-- \/ Yoast SEO plugin. -->","yoast_head_json":{"title":"Neue Leiterin f\u00fcr Soziale Verantwortung von Unternehmen f\u00fcr Societe Generale - Organisator","description":"Societe Generale ernennt Doroth\u00e9e Chapuis zur Leiterin CSR der Societe Generale Private Banking (SGPB) Schweiz, Luxemburg und Monaco.","robots":{"index":"index","follow":"follow","max-snippet":"max-snippet:-1","max-image-preview":"max-image-preview:large","max-video-preview":"max-video-preview:-1"},"canonical":"https:\/\/www.organisator.ch\/de\/allgemein\/2020-09-07\/neue-leiterin-fuer-soziale-verantwortung-von-unternehmen-fuer-societe-generale\/","og_locale":"de_DE","og_type":"article","og_title":"Neue Leiterin f\u00fcr Soziale Verantwortung von Unternehmen f\u00fcr Societe Generale - Organisator","og_description":"Societe Generale ernennt Doroth\u00e9e Chapuis zur Leiterin CSR der Societe Generale Private Banking (SGPB) Schweiz, Luxemburg und Monaco.","og_url":"https:\/\/www.organisator.ch\/de\/allgemein\/2020-09-07\/neue-leiterin-fuer-soziale-verantwortung-von-unternehmen-fuer-societe-generale\/","og_site_name":"Organisator","article_publisher":"https:\/\/www.facebook.com\/OrganisatorFachmagazin","article_published_time":"2020-09-07T11:04:15+00:00","og_image":[{"width":637,"height":806,"url":"https:\/\/www.organisator.ch\/wp-content\/uploads\/2020\/09\/Personalia-Dorothee-Chapuis-UP-Umwelt-Perspektiven.jpg","type":"image\/jpeg"}],"author":"michael.merz","twitter_card":"summary_large_image","schema":{"@context":"https:\/\/schema.org","@graph":[{"@type":"Article","@id":"https:\/\/www.organisator.ch\/de\/allgemein\/2020-09-07\/neue-leiterin-fuer-soziale-verantwortung-von-unternehmen-fuer-societe-generale\/#article","isPartOf":{"@id":"https:\/\/www.organisator.ch\/de\/allgemein\/2020-09-07\/neue-leiterin-fuer-soziale-verantwortung-von-unternehmen-fuer-societe-generale\/"},"author":{"name":"michael.merz","@id":"https:\/\/www.organisator.ch\/#\/schema\/person\/134708ca9321c57b0362cceb7948ffbd"},"headline":"Neue Leiterin f\u00fcr Soziale Verantwortung von Unternehmen f\u00fcr Societe Generale","datePublished":"2020-09-07T11:04:15+00:00","mainEntityOfPage":{"@id":"https:\/\/www.organisator.ch\/de\/allgemein\/2020-09-07\/neue-leiterin-fuer-soziale-verantwortung-von-unternehmen-fuer-societe-generale\/"},"wordCount":285,"publisher":{"@id":"https:\/\/www.organisator.ch\/#organization"},"image":{"@id":"https:\/\/www.organisator.ch\/de\/allgemein\/2020-09-07\/neue-leiterin-fuer-soziale-verantwortung-von-unternehmen-fuer-societe-generale\/#primaryimage"},"thumbnailUrl":"https:\/\/www.organisator.ch\/wp-content\/uploads\/2020\/09\/Personalia-Dorothee-Chapuis-UP-Umwelt-Perspektiven.jpg","keywords":["Banking","Personalia","Schweiz","Soziale Verantwortung"],"inLanguage":"de"},{"@type":"WebPage","@id":"https:\/\/www.organisator.ch\/de\/allgemein\/2020-09-07\/neue-leiterin-fuer-soziale-verantwortung-von-unternehmen-fuer-societe-generale\/","url":"https:\/\/www.organisator.ch\/de\/allgemein\/2020-09-07\/neue-leiterin-fuer-soziale-verantwortung-von-unternehmen-fuer-societe-generale\/","name":"Neue Leiterin f\u00fcr Soziale Verantwortung von Unternehmen f\u00fcr Societe Generale - Organisator","isPartOf":{"@id":"https:\/\/www.organisator.ch\/#website"},"primaryImageOfPage":{"@id":"https:\/\/www.organisator.ch\/de\/allgemein\/2020-09-07\/neue-leiterin-fuer-soziale-verantwortung-von-unternehmen-fuer-societe-generale\/#primaryimage"},"image":{"@id":"https:\/\/www.organisator.ch\/de\/allgemein\/2020-09-07\/neue-leiterin-fuer-soziale-verantwortung-von-unternehmen-fuer-societe-generale\/#primaryimage"},"thumbnailUrl":"https:\/\/www.organisator.ch\/wp-content\/uploads\/2020\/09\/Personalia-Dorothee-Chapuis-UP-Umwelt-Perspektiven.jpg","datePublished":"2020-09-07T11:04:15+00:00","description":"Societe Generale ernennt Doroth\u00e9e Chapuis zur Leiterin CSR der Societe Generale Private Banking (SGPB) Schweiz, Luxemburg und Monaco.","breadcrumb":{"@id":"https:\/\/www.organisator.ch\/de\/allgemein\/2020-09-07\/neue-leiterin-fuer-soziale-verantwortung-von-unternehmen-fuer-societe-generale\/#breadcrumb"},"inLanguage":"de","potentialAction":[{"@type":"ReadAction","target":["https:\/\/www.organisator.ch\/de\/allgemein\/2020-09-07\/neue-leiterin-fuer-soziale-verantwortung-von-unternehmen-fuer-societe-generale\/"]}]},{"@type":"ImageObject","inLanguage":"de","@id":"https:\/\/www.organisator.ch\/de\/allgemein\/2020-09-07\/neue-leiterin-fuer-soziale-verantwortung-von-unternehmen-fuer-societe-generale\/#primaryimage","url":"https:\/\/www.organisator.ch\/wp-content\/uploads\/2020\/09\/Personalia-Dorothee-Chapuis-UP-Umwelt-Perspektiven.jpg","contentUrl":"https:\/\/www.organisator.ch\/wp-content\/uploads\/2020\/09\/Personalia-Dorothee-Chapuis-UP-Umwelt-Perspektiven.jpg","width":637,"height":806,"caption":"Doroth\u00e9e Chapuis wurde im August 2020 zur Leiterin CSR bei der Societe Generale Private Banking Schweiz, Luxemburg und Monaco ernannt"},{"@type":"BreadcrumbList","@id":"https:\/\/www.organisator.ch\/de\/allgemein\/2020-09-07\/neue-leiterin-fuer-soziale-verantwortung-von-unternehmen-fuer-societe-generale\/#breadcrumb","itemListElement":[{"@type":"ListItem","position":1,"name":"Home","item":"https:\/\/www.organisator.ch\/"},{"@type":"ListItem","position":2,"name":"Neue Leiterin f\u00fcr Soziale Verantwortung von Unternehmen f\u00fcr Societe Generale"}]},{"@type":"WebSite","@id":"https:\/\/www.organisator.ch\/#website","url":"https:\/\/www.organisator.ch\/","name":"Organisator","description":"Kompetent. Praxisnah. Der ORGANISATOR bereitet in 10 Ausgaben pro Jahr die wesentlichen Themen f\u00fcr F\u00fchrungskr\u00e4fte von KMU auf.","publisher":{"@id":"https:\/\/www.organisator.ch\/#organization"},"potentialAction":[{"@type":"SearchAction","target":{"@type":"EntryPoint","urlTemplate":"https:\/\/www.organisator.ch\/?s={search_term_string}"},"query-input":{"@type":"PropertyValueSpecification","valueRequired":true,"valueName":"search_term_string"}}],"inLanguage":"de"},{"@type":"Organization","@id":"https:\/\/www.organisator.ch\/#organization","name":"Organisator","url":"https:\/\/www.organisator.ch\/","logo":{"@type":"ImageObject","inLanguage":"de","@id":"https:\/\/www.organisator.ch\/#\/schema\/logo\/image\/","url":"https:\/\/www.organisator.ch\/wp-content\/uploads\/2022\/01\/Logo_Organisator_Website.png","contentUrl":"https:\/\/www.organisator.ch\/wp-content\/uploads\/2022\/01\/Logo_Organisator_Website.png","width":800,"height":77,"caption":"Organisator"},"image":{"@id":"https:\/\/www.organisator.ch\/#\/schema\/logo\/image\/"},"sameAs":["https:\/\/www.facebook.com\/OrganisatorFachmagazin","https:\/\/www.linkedin.com\/showcase\/organisator-das-magazin-fr-kmu","https:\/\/www.xing.com\/news\/pages\/organisator-ch-695","https:\/\/www.youtube.com\/channel\/UCGP2Sq0iWaZwT3BdIAQFYpw"]},{"@type":"Person","@id":"https:\/\/www.organisator.ch\/#\/schema\/person\/134708ca9321c57b0362cceb7948ffbd","name":"michael.merz","image":{"@type":"ImageObject","inLanguage":"de","@id":"https:\/\/secure.gravatar.com\/avatar\/?s=96&d=mm&r=g","url":"https:\/\/secure.gravatar.com\/avatar\/?s=96&d=mm&r=g","contentUrl":"https:\/\/secure.gravatar.com\/avatar\/?s=96&d=mm&r=g","caption":"michael.merz"},"url":"https:\/\/www.organisator.ch\/de\/author\/michael-merz\/"}]}},"_links":{"self":[{"href":"https:\/\/www.organisator.ch\/de\/wp-json\/wp\/v2\/posts\/10204","targetHints":{"allow":["GET"]}}],"collection":[{"href":"https:\/\/www.organisator.ch\/de\/wp-json\/wp\/v2\/posts"}],"about":[{"href":"https:\/\/www.organisator.ch\/de\/wp-json\/wp\/v2\/types\/post"}],"author":[{"embeddable":true,"href":"https:\/\/www.organisator.ch\/de\/wp-json\/wp\/v2\/users\/5"}],"replies":[{"embeddable":true,"href":"https:\/\/www.organisator.ch\/de\/wp-json\/wp\/v2\/comments?post=10204"}],"version-history":[{"count":0,"href":"https:\/\/www.organisator.ch\/de\/wp-json\/wp\/v2\/posts\/10204\/revisions"}],"wp:featuredmedia":[{"embeddable":true,"href":"https:\/\/www.organisator.ch\/de\/wp-json\/wp\/v2\/media\/9726"}],"wp:attachment":[{"href":"https:\/\/www.organisator.ch\/de\/wp-json\/wp\/v2\/media?parent=10204"}],"wp:term":[{"taxonomy":"category","embeddable":true,"href":"https:\/\/www.organisator.ch\/de\/wp-json\/wp\/v2\/categories?post=10204"},{"taxonomy":"post_tag","embeddable":true,"href":"https:\/\/www.organisator.ch\/de\/wp-json\/wp\/v2\/tags?post=10204"}],"curies":[{"name":"wp","href":"https:\/\/api.w.org\/{rel}","templated":true}]}}