{"id":10205,"date":"2020-09-08T13:58:19","date_gmt":"2020-09-08T11:58:19","guid":{"rendered":"https:\/\/www.umweltperspektiven.ch\/?p=3336"},"modified":"2022-02-09T11:09:56","modified_gmt":"2022-02-09T10:09:56","slug":"veranstaltungshinweis-vegetarismus-und-umweltschutz","status":"publish","type":"post","link":"https:\/\/www.organisator.ch\/de\/sustainability\/2020-09-08\/veranstaltungshinweis-vegetarismus-und-umweltschutz\/","title":{"rendered":"Veranstaltungshinweis: Vegetarismus und Umweltschutz"},"content":{"rendered":"<figure id=\"attachment_3337\" aria-describedby=\"caption-attachment-3337\" style=\"width: 640px\" class=\"wp-caption alignnone\"><img loading=\"lazy\" decoding=\"async\" class=\"wp-image-3337 size-full\" src=\"\/\/www.umweltperspektiven.ch\/wp-content\/uploads\/2020\/09\/Veranstaltungshinweis-Vegetarismus-und-Umweltschutz-UP_Umwelt-Perspektiven.jpg\" alt=\"\" width=\"640\" height=\"438\" srcset=\"https:\/\/www.organisator.ch\/wp-content\/uploads\/2020\/09\/Veranstaltungshinweis-Vegetarismus-und-Umweltschutz-UP_Umwelt-Perspektiven.jpg 640w, https:\/\/www.organisator.ch\/wp-content\/uploads\/2020\/09\/Veranstaltungshinweis-Vegetarismus-und-Umweltschutz-UP_Umwelt-Perspektiven-18x12.jpg 18w, https:\/\/www.organisator.ch\/wp-content\/uploads\/2020\/09\/Veranstaltungshinweis-Vegetarismus-und-Umweltschutz-UP_Umwelt-Perspektiven-256x175.jpg 256w, https:\/\/www.organisator.ch\/wp-content\/uploads\/2020\/09\/Veranstaltungshinweis-Vegetarismus-und-Umweltschutz-UP_Umwelt-Perspektiven-511x350.jpg 511w, https:\/\/www.organisator.ch\/wp-content\/uploads\/2020\/09\/Veranstaltungshinweis-Vegetarismus-und-Umweltschutz-UP_Umwelt-Perspektiven-300x205.jpg 300w\" sizes=\"auto, (max-width: 640px) 100vw, 640px\" \/><figcaption id=\"caption-attachment-3337\" class=\"wp-caption-text\">Unsere Essgewohnheiten sollen sich zugunsten Umweltgesichtspunkten \u00e4ndern &#8211; oder empfindlich einschr\u00e4nken? Rolf Hiltl l\u00e4dt zur Debatte. (Bild: zVg)<\/figcaption><\/figure>\n<p>Bei n\u00e4heren Blick zeigt sich n\u00e4mlich, dass es durchaus ernstzunehmende Argumente gibt, Vegetarismus und Umweltschutz zu qualifizieren. So hat eine international besetzte, interdisziplin\u00e4r arbeitende Forschergruppe 2019 im Fachmagazin \u00abThe Lancet\u00bb im Zuge einer umfangreichen Studie die Empfehlung f\u00fcr eine \u00abPlanetary Diet\u00bb erstellt, die sowohl die Umwelt nachhaltig sch\u00fctzen als auch die im Jahr 2050 erwarteten 10 Milliarden Menschen gesund erhalten k\u00f6nnen soll \u2013 eine beispiellose Win-Win-Situation f\u00fcr alle, z\u00e4hlen doch auch Fleisch-Schmecker wenigstens nicht g\u00e4nzlich zu den Verlierern:<\/p>\n<p>So sind neben Milch und Ei auch Gefl\u00fcgel sowie Rind- und Schweinefleisch drin enthalten \u2013 nat\u00fcrlich bei Weitem nicht in der Menge, wie sie f\u00fcr die Bev\u00f6lkerung der modernen Industrie- und Dienstleistungsgesellschaften weltweit mittlerweile zum Standard geworden ist, doch fliegen sie eben auch nicht v\u00f6llig raus. Es ist also keine rein vegetarische oder gar vegane Di\u00e4t, die die Welt im Gleichgewicht erh\u00e4lt, sondern durchaus eine Mischern\u00e4hrung; und dass die Gesundheit des Menschen eine wichtige Zielvorgabe bei der Berechnung dieser Di\u00e4t darstellte, ist ja keineswegs als Makel zu deuten, sondern als nicht herausk\u00fcrzbare Randbedingung jedweder Gleichung, die die Sorge um die Umwelt in den Mittelpunkt stellt.<\/p>\n<p><strong>Einzelprodukte und gute Argumente\u00a0<\/strong><\/p>\n<p>Ein weiteres Argument gegen die vollst\u00e4ndige Abkehr von tierischen Produkten in der menschlichen Ern\u00e4hrung wird von der Biologin Florianne Koechlin vorgetragen: Sie hat in mehreren Beitr\u00e4gen, u.\u00a0a. 2019 f\u00fcr die \u00abNZZ am Sonntag\u00bb, gegen ein moralisches Verbot, Tiere zu essen, zentral damit argumentiert, dass wir damit der Weidetierhaltung den Todesstoss versetzen w\u00fcrden: Nicht zuletzt f\u00fcr unsere Umwelt und den Artenreichtum aber gelte es diese zu erhalten, denn die grasfressende Nutztiere w\u00fcrden die Weiden offen und frei halten und damit vor Vergandung bewahren. Umgekehrt aber sei den Bauern nicht zuzumuten, ihre Tiere aus reiner Liebe zur Natur die Tiere zu hegen und zu pflegen.<\/p>\n<p>Nimmt man dieses Argument ernst, gib es auch hier handfeste Umweltschutzgr\u00fcnde zugunsten eines moderaten Fleischkonsums; wiederum nicht im Stile der industriellen Landwirtschaft, wie wir es gegenw\u00e4rtig erleben, aber doch inklusive der M\u00f6glichkeit einer, wie die Autorin es ausdr\u00fcckt, \u00abtierfreundlichen und \u00f6kologischen Fleischproduktion\u00bb.<\/p>\n<p>Abseits solcher allgemeinen \u00dcberlegungen zugunsten einer Mischern\u00e4hrung r\u00fccken mehr und mehr Einzelprodukte in den \u00f6ffentlichen Fokus, die gerade vegetarische Essgewohnheiten nicht zuletzt aus Umweltgesichtspunkten empfindlich einzuschr\u00e4nken drohen: So ist beispielsweise die CO2-Bilanz bestimmter Milchprodukte alles andere als berauschend. Glaubt man entsprechenden Auflistungen, liegt beispielsweise der Genuss von Butter h\u00e4ufig noch vor dem ber\u00fcchtigten Rindfleisch \u2013 rund 24\u00a0gr zu etwa 13\u00b0gr CO<sup>2<\/sup> lautet hier die Bilanz pro Kilo.<\/p>\n<p>Derlei Betrachtungen m\u00f6gen einen nun dazu verleiten, schlicht einen Gang h\u00f6her zu schalten und jedweden tierischen Produkten abzuschw\u00f6ren. Doch auch hier finden sich schwarze Schafe: So wird etwa argumentiert, die Bilanz von Reis sei doppelt so schlecht wie die von Schweinefleisch \u2013 u.\u00a0a. weil aus den gefluteten Reisfeldern grosse Mengen extrem klimasch\u00e4dliches Methan entweichen.<\/p>\n<p>Nat\u00fcrlich verm\u00f6gen solche Beispiele nicht der pflanzlichen Ern\u00e4hrung als solche eine Absage zu erteilen, und nicht alle Vergleiche machen Sinn: Wenn 2015 eine Studie der Carnergie Mellon University (Pennsylvania, USA) zum Schluss kommt, dass f\u00fcr Kopfsalat auf seinem Weg zum Gaumen sage und schreibe dreimal so viel Treibhausgasemissionen in die Atmosph\u00e4re entlassen werden wie im Fall von Schweinefleisch, lohnt ein Blick auf die Details: So wurde f\u00fcr diese Rechnung die gleiche Energiemenge von 1000\u00a0kcal zugrunde gelegt, die aus diesen Nahrungsmitteln gewonnen werden soll \u2013wer aber verspeist innerhalb einer Mahlzeit schon die daf\u00fcr notwendige Menge von Salatk\u00f6pfen?<\/p>\n<p>Um diesen und \u00e4hnlichen Fehlschl\u00fcssen zu entgehen, wird dem Gespr\u00e4ch mit Rolf Hiltl ein einf\u00fchrendes Referat von Adrian M\u00fcller vorangestellt, einem Experten des Forschungsinstituts f\u00fcr biologischen Landbau (FiBL). Er wird Publikum wie Diskutanden in einem aufschlussreichen Streifzug durch den Dickicht aus Anbaumethoden, Nachhaltigkeits-Labels und Ressourcenrechnungen die wissenschaftliche N\u00e4hrgrundlage f\u00fcr das Gespr\u00e4ch bereitstellen. Und im Anschluss erwartet die G\u00e4ste ein ebenso schmackhafter wie nachhaltiger Ap\u00e9ro mit K\u00f6stlichkeiten vom Hiltl Catering.<\/p>\n<p><em>Zur Veranstaltung \u00abKlima retten, Tofu essen?\u00bb k\u00f6nnen Sie sich <a href=\"\/\/www.paulusakademie.ch\/programm\/?eid=16466&amp;event-title=Klima+retten%2C+Tofu+essen%3F+%E2%80%93+17.09.2020\">hier<\/a> anmelden.\u00a0<\/em><\/p>\n<p>Do, 17. September, 19 Uhr bis 20:30 Uhr, Veranstaltungszentrum Paulus Akademie, Pfingstweidstrasse 28, 8005 Z\u00fcrich.<\/p>\n<p>(Kosten: CHF 35.-\u00a0 inkl. Ap\u00e9ro; erm\u00e4ssigt CHF 24.-).<\/p>\n<p>&nbsp;<\/p>\n","protected":false},"excerpt":{"rendered":"<p>Bei n\u00e4heren Blick zeigt sich n\u00e4mlich, dass es durchaus ernstzunehmende Argumente gibt, Vegetarismus und Umweltschutz zu qualifizieren. So hat eine international besetzte, interdisziplin\u00e4r arbeitende Forschergruppe 2019 im Fachmagazin \u00abThe Lancet\u00bb im Zuge einer umfangreichen Studie die Empfehlung f\u00fcr eine \u00abPlanetary Diet\u00bb erstellt, die sowohl die Umwelt nachhaltig sch\u00fctzen als auch die im Jahr 2050 erwarteten [&hellip;]<\/p>\n","protected":false},"author":5,"featured_media":3337,"comment_status":"closed","ping_status":"closed","sticky":false,"template":"","format":"standard","meta":{"_acf_changed":false,"_yoast_wpseo_focuskw":"Vegetarismus und Umweltschutz","_yoast_wpseo_metadesc":"Sch\u00fctzen Vegis auch wirklich vor Umwelt- und Gesundheitsrisiken? Schl\u00e4gt \u00ablokal\u00bb \u00abbio\u00bb? Ist Milch mies? Und jedes Steak eine Sauerei?","articlekey":"","footnotes":""},"categories":[580],"tags":[989,181,1191,1715,1722,2042,489,2430,2488],"class_list":["post-10205","post","type-post","status-publish","format-standard","has-post-thumbnail","hentry","category-sustainability","tag-diskussion","tag-ernaehrung","tag-fleisch","tag-milch","tag-mischernaehrung","tag-salat","tag-umweltschutz","tag-vegetarismus","tag-vortrag"],"acf":[],"yoast_head":"<!-- This site is optimized with the Yoast SEO plugin v27.5 - https:\/\/yoast.com\/product\/yoast-seo-wordpress\/ -->\n<title>Veranstaltungshinweis: Vegetarismus und Umweltschutz - Organisator<\/title>\n<meta name=\"description\" content=\"Sch\u00fctzen Vegis auch wirklich vor Umwelt- und Gesundheitsrisiken? Schl\u00e4gt \u00ablokal\u00bb \u00abbio\u00bb? Ist Milch mies? Und jedes Steak eine Sauerei?\" \/>\n<meta name=\"robots\" content=\"index, follow, max-snippet:-1, max-image-preview:large, max-video-preview:-1\" \/>\n<link rel=\"canonical\" href=\"https:\/\/www.organisator.ch\/de\/sustainability\/2020-09-08\/veranstaltungshinweis-vegetarismus-und-umweltschutz\/\" \/>\n<meta property=\"og:locale\" content=\"de_DE\" \/>\n<meta property=\"og:type\" content=\"article\" \/>\n<meta property=\"og:title\" content=\"Veranstaltungshinweis: Vegetarismus und Umweltschutz - Organisator\" \/>\n<meta property=\"og:description\" content=\"Sch\u00fctzen Vegis auch wirklich vor Umwelt- und Gesundheitsrisiken? Schl\u00e4gt \u00ablokal\u00bb \u00abbio\u00bb? Ist Milch mies? Und jedes Steak eine Sauerei?\" \/>\n<meta property=\"og:url\" content=\"https:\/\/www.organisator.ch\/de\/sustainability\/2020-09-08\/veranstaltungshinweis-vegetarismus-und-umweltschutz\/\" \/>\n<meta property=\"og:site_name\" content=\"Organisator\" \/>\n<meta property=\"article:publisher\" content=\"https:\/\/www.facebook.com\/OrganisatorFachmagazin\" \/>\n<meta property=\"article:published_time\" content=\"2020-09-08T11:58:19+00:00\" \/>\n<meta property=\"article:modified_time\" content=\"2022-02-09T10:09:56+00:00\" \/>\n<meta property=\"og:image\" content=\"https:\/\/www.organisator.ch\/wp-content\/uploads\/2020\/09\/Veranstaltungshinweis-Vegetarismus-und-Umweltschutz-UP_Umwelt-Perspektiven.jpg\" \/>\n\t<meta property=\"og:image:width\" content=\"640\" \/>\n\t<meta property=\"og:image:height\" content=\"438\" \/>\n\t<meta property=\"og:image:type\" content=\"image\/jpeg\" \/>\n<meta name=\"author\" content=\"michael.merz\" \/>\n<meta name=\"twitter:card\" content=\"summary_large_image\" \/>\n<script type=\"application\/ld+json\" class=\"yoast-schema-graph\">{\"@context\":\"https:\\\/\\\/schema.org\",\"@graph\":[{\"@type\":\"Article\",\"@id\":\"https:\\\/\\\/www.organisator.ch\\\/sustainability\\\/2020-09-08\\\/veranstaltungshinweis-vegetarismus-und-umweltschutz\\\/#article\",\"isPartOf\":{\"@id\":\"https:\\\/\\\/www.organisator.ch\\\/sustainability\\\/2020-09-08\\\/veranstaltungshinweis-vegetarismus-und-umweltschutz\\\/\"},\"author\":{\"name\":\"michael.merz\",\"@id\":\"https:\\\/\\\/www.organisator.ch\\\/#\\\/schema\\\/person\\\/134708ca9321c57b0362cceb7948ffbd\"},\"headline\":\"Veranstaltungshinweis: Vegetarismus und Umweltschutz\",\"datePublished\":\"2020-09-08T11:58:19+00:00\",\"dateModified\":\"2022-02-09T10:09:56+00:00\",\"mainEntityOfPage\":{\"@id\":\"https:\\\/\\\/www.organisator.ch\\\/sustainability\\\/2020-09-08\\\/veranstaltungshinweis-vegetarismus-und-umweltschutz\\\/\"},\"wordCount\":735,\"publisher\":{\"@id\":\"https:\\\/\\\/www.organisator.ch\\\/#organization\"},\"image\":{\"@id\":\"https:\\\/\\\/www.organisator.ch\\\/sustainability\\\/2020-09-08\\\/veranstaltungshinweis-vegetarismus-und-umweltschutz\\\/#primaryimage\"},\"thumbnailUrl\":\"https:\\\/\\\/www.organisator.ch\\\/wp-content\\\/uploads\\\/2020\\\/09\\\/Veranstaltungshinweis-Vegetarismus-und-Umweltschutz-UP_Umwelt-Perspektiven.jpg\",\"keywords\":[\"Diskussion\",\"Ern\u00e4hrung\",\"Fleisch\",\"Milch\",\"Mischern\u00e4hrung\",\"Salat\",\"Umweltschutz\",\"Vegetarismus\",\"Vortrag\"],\"articleSection\":[\"SUSTAINABILITY\"],\"inLanguage\":\"de\"},{\"@type\":\"WebPage\",\"@id\":\"https:\\\/\\\/www.organisator.ch\\\/sustainability\\\/2020-09-08\\\/veranstaltungshinweis-vegetarismus-und-umweltschutz\\\/\",\"url\":\"https:\\\/\\\/www.organisator.ch\\\/sustainability\\\/2020-09-08\\\/veranstaltungshinweis-vegetarismus-und-umweltschutz\\\/\",\"name\":\"Veranstaltungshinweis: Vegetarismus und Umweltschutz - Organisator\",\"isPartOf\":{\"@id\":\"https:\\\/\\\/www.organisator.ch\\\/#website\"},\"primaryImageOfPage\":{\"@id\":\"https:\\\/\\\/www.organisator.ch\\\/sustainability\\\/2020-09-08\\\/veranstaltungshinweis-vegetarismus-und-umweltschutz\\\/#primaryimage\"},\"image\":{\"@id\":\"https:\\\/\\\/www.organisator.ch\\\/sustainability\\\/2020-09-08\\\/veranstaltungshinweis-vegetarismus-und-umweltschutz\\\/#primaryimage\"},\"thumbnailUrl\":\"https:\\\/\\\/www.organisator.ch\\\/wp-content\\\/uploads\\\/2020\\\/09\\\/Veranstaltungshinweis-Vegetarismus-und-Umweltschutz-UP_Umwelt-Perspektiven.jpg\",\"datePublished\":\"2020-09-08T11:58:19+00:00\",\"dateModified\":\"2022-02-09T10:09:56+00:00\",\"description\":\"Sch\u00fctzen Vegis auch wirklich vor Umwelt- und Gesundheitsrisiken? Schl\u00e4gt \u00ablokal\u00bb \u00abbio\u00bb? Ist Milch mies? Und jedes Steak eine Sauerei?\",\"breadcrumb\":{\"@id\":\"https:\\\/\\\/www.organisator.ch\\\/sustainability\\\/2020-09-08\\\/veranstaltungshinweis-vegetarismus-und-umweltschutz\\\/#breadcrumb\"},\"inLanguage\":\"de\",\"potentialAction\":[{\"@type\":\"ReadAction\",\"target\":[\"https:\\\/\\\/www.organisator.ch\\\/sustainability\\\/2020-09-08\\\/veranstaltungshinweis-vegetarismus-und-umweltschutz\\\/\"]}]},{\"@type\":\"ImageObject\",\"inLanguage\":\"de\",\"@id\":\"https:\\\/\\\/www.organisator.ch\\\/sustainability\\\/2020-09-08\\\/veranstaltungshinweis-vegetarismus-und-umweltschutz\\\/#primaryimage\",\"url\":\"https:\\\/\\\/www.organisator.ch\\\/wp-content\\\/uploads\\\/2020\\\/09\\\/Veranstaltungshinweis-Vegetarismus-und-Umweltschutz-UP_Umwelt-Perspektiven.jpg\",\"contentUrl\":\"https:\\\/\\\/www.organisator.ch\\\/wp-content\\\/uploads\\\/2020\\\/09\\\/Veranstaltungshinweis-Vegetarismus-und-Umweltschutz-UP_Umwelt-Perspektiven.jpg\",\"width\":640,\"height\":438},{\"@type\":\"BreadcrumbList\",\"@id\":\"https:\\\/\\\/www.organisator.ch\\\/sustainability\\\/2020-09-08\\\/veranstaltungshinweis-vegetarismus-und-umweltschutz\\\/#breadcrumb\",\"itemListElement\":[{\"@type\":\"ListItem\",\"position\":1,\"name\":\"Home\",\"item\":\"https:\\\/\\\/www.organisator.ch\\\/\"},{\"@type\":\"ListItem\",\"position\":2,\"name\":\"Veranstaltungshinweis: Vegetarismus und Umweltschutz\"}]},{\"@type\":\"WebSite\",\"@id\":\"https:\\\/\\\/www.organisator.ch\\\/#website\",\"url\":\"https:\\\/\\\/www.organisator.ch\\\/\",\"name\":\"Organisator\",\"description\":\"Kompetent. Praxisnah. Der ORGANISATOR bereitet in 10 Ausgaben pro Jahr die wesentlichen Themen f\u00fcr F\u00fchrungskr\u00e4fte von KMU auf.\",\"publisher\":{\"@id\":\"https:\\\/\\\/www.organisator.ch\\\/#organization\"},\"potentialAction\":[{\"@type\":\"SearchAction\",\"target\":{\"@type\":\"EntryPoint\",\"urlTemplate\":\"https:\\\/\\\/www.organisator.ch\\\/?s={search_term_string}\"},\"query-input\":{\"@type\":\"PropertyValueSpecification\",\"valueRequired\":true,\"valueName\":\"search_term_string\"}}],\"inLanguage\":\"de\"},{\"@type\":\"Organization\",\"@id\":\"https:\\\/\\\/www.organisator.ch\\\/#organization\",\"name\":\"Organisator\",\"url\":\"https:\\\/\\\/www.organisator.ch\\\/\",\"logo\":{\"@type\":\"ImageObject\",\"inLanguage\":\"de\",\"@id\":\"https:\\\/\\\/www.organisator.ch\\\/#\\\/schema\\\/logo\\\/image\\\/\",\"url\":\"https:\\\/\\\/www.organisator.ch\\\/wp-content\\\/uploads\\\/2022\\\/01\\\/Logo_Organisator_Website.png\",\"contentUrl\":\"https:\\\/\\\/www.organisator.ch\\\/wp-content\\\/uploads\\\/2022\\\/01\\\/Logo_Organisator_Website.png\",\"width\":800,\"height\":77,\"caption\":\"Organisator\"},\"image\":{\"@id\":\"https:\\\/\\\/www.organisator.ch\\\/#\\\/schema\\\/logo\\\/image\\\/\"},\"sameAs\":[\"https:\\\/\\\/www.facebook.com\\\/OrganisatorFachmagazin\",\"https:\\\/\\\/www.linkedin.com\\\/showcase\\\/organisator-das-magazin-fr-kmu\",\"https:\\\/\\\/www.xing.com\\\/news\\\/pages\\\/organisator-ch-695\",\"https:\\\/\\\/www.youtube.com\\\/channel\\\/UCGP2Sq0iWaZwT3BdIAQFYpw\"]},{\"@type\":\"Person\",\"@id\":\"https:\\\/\\\/www.organisator.ch\\\/#\\\/schema\\\/person\\\/134708ca9321c57b0362cceb7948ffbd\",\"name\":\"michael.merz\",\"image\":{\"@type\":\"ImageObject\",\"inLanguage\":\"de\",\"@id\":\"https:\\\/\\\/secure.gravatar.com\\\/avatar\\\/?s=96&d=mm&r=g\",\"url\":\"https:\\\/\\\/secure.gravatar.com\\\/avatar\\\/?s=96&d=mm&r=g\",\"contentUrl\":\"https:\\\/\\\/secure.gravatar.com\\\/avatar\\\/?s=96&d=mm&r=g\",\"caption\":\"michael.merz\"},\"url\":\"https:\\\/\\\/www.organisator.ch\\\/de\\\/author\\\/michael-merz\\\/\"}]}<\/script>\n<!-- \/ Yoast SEO plugin. -->","yoast_head_json":{"title":"Veranstaltungshinweis: Vegetarismus und Umweltschutz - Organisator","description":"Sch\u00fctzen Vegis auch wirklich vor Umwelt- und Gesundheitsrisiken? Schl\u00e4gt \u00ablokal\u00bb \u00abbio\u00bb? Ist Milch mies? Und jedes Steak eine Sauerei?","robots":{"index":"index","follow":"follow","max-snippet":"max-snippet:-1","max-image-preview":"max-image-preview:large","max-video-preview":"max-video-preview:-1"},"canonical":"https:\/\/www.organisator.ch\/de\/sustainability\/2020-09-08\/veranstaltungshinweis-vegetarismus-und-umweltschutz\/","og_locale":"de_DE","og_type":"article","og_title":"Veranstaltungshinweis: Vegetarismus und Umweltschutz - Organisator","og_description":"Sch\u00fctzen Vegis auch wirklich vor Umwelt- und Gesundheitsrisiken? Schl\u00e4gt \u00ablokal\u00bb \u00abbio\u00bb? Ist Milch mies? Und jedes Steak eine Sauerei?","og_url":"https:\/\/www.organisator.ch\/de\/sustainability\/2020-09-08\/veranstaltungshinweis-vegetarismus-und-umweltschutz\/","og_site_name":"Organisator","article_publisher":"https:\/\/www.facebook.com\/OrganisatorFachmagazin","article_published_time":"2020-09-08T11:58:19+00:00","article_modified_time":"2022-02-09T10:09:56+00:00","og_image":[{"width":640,"height":438,"url":"https:\/\/www.organisator.ch\/wp-content\/uploads\/2020\/09\/Veranstaltungshinweis-Vegetarismus-und-Umweltschutz-UP_Umwelt-Perspektiven.jpg","type":"image\/jpeg"}],"author":"michael.merz","twitter_card":"summary_large_image","schema":{"@context":"https:\/\/schema.org","@graph":[{"@type":"Article","@id":"https:\/\/www.organisator.ch\/sustainability\/2020-09-08\/veranstaltungshinweis-vegetarismus-und-umweltschutz\/#article","isPartOf":{"@id":"https:\/\/www.organisator.ch\/sustainability\/2020-09-08\/veranstaltungshinweis-vegetarismus-und-umweltschutz\/"},"author":{"name":"michael.merz","@id":"https:\/\/www.organisator.ch\/#\/schema\/person\/134708ca9321c57b0362cceb7948ffbd"},"headline":"Veranstaltungshinweis: Vegetarismus und Umweltschutz","datePublished":"2020-09-08T11:58:19+00:00","dateModified":"2022-02-09T10:09:56+00:00","mainEntityOfPage":{"@id":"https:\/\/www.organisator.ch\/sustainability\/2020-09-08\/veranstaltungshinweis-vegetarismus-und-umweltschutz\/"},"wordCount":735,"publisher":{"@id":"https:\/\/www.organisator.ch\/#organization"},"image":{"@id":"https:\/\/www.organisator.ch\/sustainability\/2020-09-08\/veranstaltungshinweis-vegetarismus-und-umweltschutz\/#primaryimage"},"thumbnailUrl":"https:\/\/www.organisator.ch\/wp-content\/uploads\/2020\/09\/Veranstaltungshinweis-Vegetarismus-und-Umweltschutz-UP_Umwelt-Perspektiven.jpg","keywords":["Diskussion","Ern\u00e4hrung","Fleisch","Milch","Mischern\u00e4hrung","Salat","Umweltschutz","Vegetarismus","Vortrag"],"articleSection":["SUSTAINABILITY"],"inLanguage":"de"},{"@type":"WebPage","@id":"https:\/\/www.organisator.ch\/sustainability\/2020-09-08\/veranstaltungshinweis-vegetarismus-und-umweltschutz\/","url":"https:\/\/www.organisator.ch\/sustainability\/2020-09-08\/veranstaltungshinweis-vegetarismus-und-umweltschutz\/","name":"Veranstaltungshinweis: Vegetarismus und Umweltschutz - Organisator","isPartOf":{"@id":"https:\/\/www.organisator.ch\/#website"},"primaryImageOfPage":{"@id":"https:\/\/www.organisator.ch\/sustainability\/2020-09-08\/veranstaltungshinweis-vegetarismus-und-umweltschutz\/#primaryimage"},"image":{"@id":"https:\/\/www.organisator.ch\/sustainability\/2020-09-08\/veranstaltungshinweis-vegetarismus-und-umweltschutz\/#primaryimage"},"thumbnailUrl":"https:\/\/www.organisator.ch\/wp-content\/uploads\/2020\/09\/Veranstaltungshinweis-Vegetarismus-und-Umweltschutz-UP_Umwelt-Perspektiven.jpg","datePublished":"2020-09-08T11:58:19+00:00","dateModified":"2022-02-09T10:09:56+00:00","description":"Sch\u00fctzen Vegis auch wirklich vor Umwelt- und Gesundheitsrisiken? Schl\u00e4gt \u00ablokal\u00bb \u00abbio\u00bb? Ist Milch mies? Und jedes Steak eine Sauerei?","breadcrumb":{"@id":"https:\/\/www.organisator.ch\/sustainability\/2020-09-08\/veranstaltungshinweis-vegetarismus-und-umweltschutz\/#breadcrumb"},"inLanguage":"de","potentialAction":[{"@type":"ReadAction","target":["https:\/\/www.organisator.ch\/sustainability\/2020-09-08\/veranstaltungshinweis-vegetarismus-und-umweltschutz\/"]}]},{"@type":"ImageObject","inLanguage":"de","@id":"https:\/\/www.organisator.ch\/sustainability\/2020-09-08\/veranstaltungshinweis-vegetarismus-und-umweltschutz\/#primaryimage","url":"https:\/\/www.organisator.ch\/wp-content\/uploads\/2020\/09\/Veranstaltungshinweis-Vegetarismus-und-Umweltschutz-UP_Umwelt-Perspektiven.jpg","contentUrl":"https:\/\/www.organisator.ch\/wp-content\/uploads\/2020\/09\/Veranstaltungshinweis-Vegetarismus-und-Umweltschutz-UP_Umwelt-Perspektiven.jpg","width":640,"height":438},{"@type":"BreadcrumbList","@id":"https:\/\/www.organisator.ch\/sustainability\/2020-09-08\/veranstaltungshinweis-vegetarismus-und-umweltschutz\/#breadcrumb","itemListElement":[{"@type":"ListItem","position":1,"name":"Home","item":"https:\/\/www.organisator.ch\/"},{"@type":"ListItem","position":2,"name":"Veranstaltungshinweis: Vegetarismus und Umweltschutz"}]},{"@type":"WebSite","@id":"https:\/\/www.organisator.ch\/#website","url":"https:\/\/www.organisator.ch\/","name":"Organisator","description":"Kompetent. Praxisnah. Der ORGANISATOR bereitet in 10 Ausgaben pro Jahr die wesentlichen Themen f\u00fcr F\u00fchrungskr\u00e4fte von KMU auf.","publisher":{"@id":"https:\/\/www.organisator.ch\/#organization"},"potentialAction":[{"@type":"SearchAction","target":{"@type":"EntryPoint","urlTemplate":"https:\/\/www.organisator.ch\/?s={search_term_string}"},"query-input":{"@type":"PropertyValueSpecification","valueRequired":true,"valueName":"search_term_string"}}],"inLanguage":"de"},{"@type":"Organization","@id":"https:\/\/www.organisator.ch\/#organization","name":"Organisator","url":"https:\/\/www.organisator.ch\/","logo":{"@type":"ImageObject","inLanguage":"de","@id":"https:\/\/www.organisator.ch\/#\/schema\/logo\/image\/","url":"https:\/\/www.organisator.ch\/wp-content\/uploads\/2022\/01\/Logo_Organisator_Website.png","contentUrl":"https:\/\/www.organisator.ch\/wp-content\/uploads\/2022\/01\/Logo_Organisator_Website.png","width":800,"height":77,"caption":"Organisator"},"image":{"@id":"https:\/\/www.organisator.ch\/#\/schema\/logo\/image\/"},"sameAs":["https:\/\/www.facebook.com\/OrganisatorFachmagazin","https:\/\/www.linkedin.com\/showcase\/organisator-das-magazin-fr-kmu","https:\/\/www.xing.com\/news\/pages\/organisator-ch-695","https:\/\/www.youtube.com\/channel\/UCGP2Sq0iWaZwT3BdIAQFYpw"]},{"@type":"Person","@id":"https:\/\/www.organisator.ch\/#\/schema\/person\/134708ca9321c57b0362cceb7948ffbd","name":"michael.merz","image":{"@type":"ImageObject","inLanguage":"de","@id":"https:\/\/secure.gravatar.com\/avatar\/?s=96&d=mm&r=g","url":"https:\/\/secure.gravatar.com\/avatar\/?s=96&d=mm&r=g","contentUrl":"https:\/\/secure.gravatar.com\/avatar\/?s=96&d=mm&r=g","caption":"michael.merz"},"url":"https:\/\/www.organisator.ch\/de\/author\/michael-merz\/"}]}},"_links":{"self":[{"href":"https:\/\/www.organisator.ch\/de\/wp-json\/wp\/v2\/posts\/10205","targetHints":{"allow":["GET"]}}],"collection":[{"href":"https:\/\/www.organisator.ch\/de\/wp-json\/wp\/v2\/posts"}],"about":[{"href":"https:\/\/www.organisator.ch\/de\/wp-json\/wp\/v2\/types\/post"}],"author":[{"embeddable":true,"href":"https:\/\/www.organisator.ch\/de\/wp-json\/wp\/v2\/users\/5"}],"replies":[{"embeddable":true,"href":"https:\/\/www.organisator.ch\/de\/wp-json\/wp\/v2\/comments?post=10205"}],"version-history":[{"count":1,"href":"https:\/\/www.organisator.ch\/de\/wp-json\/wp\/v2\/posts\/10205\/revisions"}],"predecessor-version":[{"id":10818,"href":"https:\/\/www.organisator.ch\/de\/wp-json\/wp\/v2\/posts\/10205\/revisions\/10818"}],"wp:featuredmedia":[{"embeddable":true,"href":"https:\/\/www.organisator.ch\/de\/wp-json\/wp\/v2\/media\/3337"}],"wp:attachment":[{"href":"https:\/\/www.organisator.ch\/de\/wp-json\/wp\/v2\/media?parent=10205"}],"wp:term":[{"taxonomy":"category","embeddable":true,"href":"https:\/\/www.organisator.ch\/de\/wp-json\/wp\/v2\/categories?post=10205"},{"taxonomy":"post_tag","embeddable":true,"href":"https:\/\/www.organisator.ch\/de\/wp-json\/wp\/v2\/tags?post=10205"}],"curies":[{"name":"wp","href":"https:\/\/api.w.org\/{rel}","templated":true}]}}