{"id":10206,"date":"2020-09-08T17:20:49","date_gmt":"2020-09-08T15:20:49","guid":{"rendered":"https:\/\/www.umweltperspektiven.ch\/?p=3340"},"modified":"2022-02-09T11:09:55","modified_gmt":"2022-02-09T10:09:55","slug":"swiss-green-economy-symposium-2020-mit-dialog-und-eigensinn-zur-nachhaltigkeit","status":"publish","type":"post","link":"https:\/\/www.organisator.ch\/de\/sustainability\/2020-09-08\/swiss-green-economy-symposium-2020-mit-dialog-und-eigensinn-zur-nachhaltigkeit\/","title":{"rendered":"Swiss Green Economy Symposium 2020: Mit Dialog und Eigensinn zur Nachhaltigkeit"},"content":{"rendered":"<p>&nbsp;<\/p>\n<figure id=\"attachment_3341\" aria-describedby=\"caption-attachment-3341\" style=\"width: 612px\" class=\"wp-caption alignnone\"><img loading=\"lazy\" decoding=\"async\" class=\"wp-image-3341\" src=\"\/\/www.umweltperspektiven.ch\/wp-content\/uploads\/2020\/09\/SGES.jpg\" alt=\"\" width=\"612\" height=\"459\" \/><figcaption id=\"caption-attachment-3341\" class=\"wp-caption-text\">Stets objektiv: die Moderatoren am SGES 2020 Sonja Hassler und Dominique Reber. (Bild: Michael Merz)<\/figcaption><\/figure>\n<p>In seiner Begr\u00fcssungsrede zum Swiss Green Economy Symposium 2020\u00a0zeigte der Stadtpr\u00e4sident von Winterthur, wie die zweitgr\u00f6sste Stadt des Kantons Z\u00fcrich nachhaltige Stadtentwicklung interpretiert:\u00a0\u00abViel Inspiration, Neugierde und Interesse an Kooperationen. All dies brauchen wir f\u00fcr erfolgreiche Innovationen\u00bb, l\u00e4utete Michael K\u00fcnzle das Swiss Green Economy Symposium ein. Als n\u00e4chsten Programmpunkt diskutierten Vertreter aus Wirtschaft, Wissenschaft, Politik und Verwaltung, wie sich Digitalisierung und vision\u00e4res Denken f\u00fcr Nachhaltigkeit nutzen l\u00e4sst.<\/p>\n<p>So zeigte sich etwa, wie Unternehmen mittels Blockchain-Technologie nachhaltiger wirtschaften und welche Chancen 5G \u2013 Stichwort CO2-Reduktion (siehe sonst auch eine Gegen\u00fcberstellung unter\u00a0<a href=\"\/\/www.risiko-dialog.ch\/projekt\/divergierende-risikobewertungen-im-bereich-mobilfunk\/\">&#8222;Divergierende Risikobewertungen im Bereich Mobilfunk<\/a>&#8222;)\u00a0\u2013 bietet. Die Teilnehmenden waren sich einig, dass Veranstaltungen wie das Swiss Green Economy Symposium wichtig sind, um miteinander Silodenken \u00fcberwinden und gemeinsam innovative Ideen entwickeln zu k\u00f6nnen.<\/p>\n<p><strong>\u00a0<\/strong><strong>Preise gehen an EMPA-Holz-Team und ZHAW-Studierende<\/strong><\/p>\n<p>Professor Ingo Burgert von der Eidgen\u00f6ssischen Materialpr\u00fcfungs- und Forschungsanstalt Empa verdeutlichte, welche Faszination mit dem Material Holz verbunden sein kann. Er und sein WoodTec-Team der Empa erhielten den SDG-Unternehmens-Award des Swiss Green Economy Symposiums. Mit der Preisvergabe w\u00fcrdigte das Swiss Green Economy Symposium die Forschenden f\u00fcr ihre Leistung rund um das Thema nachhaltiges Bauen mit Holz. Weitere Preise gingen an ZHAW-Studierende f\u00fcr ihre herausragenden Bachelor- und Masterarbeiten. Auf der B\u00fchne zeigten sich die jungen Menschen sichtlich erfreut \u00fcber den Award und der von Professor Jean-Marc Piveteau, Rektor ZHAW, gehaltenen Laudatio.<\/p>\n<p>Nach einem Kurzfilm zum Thema Food Waste und einer Networking-Pause stand der n\u00e4chste Programmpunkt des Morgens an: \u00abJetzt durchstarten mit der Kreislaufwirtschaft\u00bb. In den Referaten und Panel-Diskussionen zeigten die Teilnehmenden anhand konkreter Beispiele, etwa Abfallverwertungsanlagen, Plastic-Recycling oder Zementproduktion, wie Kreislaufwirtschaft eine Wachstumschance sein kann. Richtig umgesetzt, kann sie neue Arbeitspl\u00e4tze schaffen und die Umweltbelastung reduzieren helfen.<\/p>\n<p><strong>Nachhaltig aus der Krise<\/strong><\/p>\n<p>Bevor es zum wohlverdienten Lunch ging, zeigten die Teilnehmerinnen und Teilnehmer nochmals volle Aufmerksamkeit. Auf der B\u00fchne \u2013 und sp\u00e4ter auch im pers\u00f6nlichen Gespr\u00e4ch \u2013 diskutierten sie, wie sich nachhaltige Wege aus der Krise finden lassen. Klar zeigte sich etwa, wie sich mittels Technologie das Gesundheitssystem verbessern l\u00e4sst und wie Holz auf der Baustelle andere Materialien wie Beton nachhaltig erg\u00e4nzt.<\/p>\n<p>Am Nachmittag teilten sich die Besucher auf. Sie w\u00e4hlten zwischen zahlreichen Innovationsforen, in denen \u00fcber so unterschiedliche Themen wie hochtechnologische Lebensmittel, Impact Investing, Kehrichtschlacken und autonome Fahrzeuge vertieft diskutiert werden konnte. Im Innovationsforum zu Smart Cities, als Beispiel eines dieser Foren hier kurz vorgestellt, standen zuerst Pilotprojekte aus Winterthur (z.B. Klimasimulation Lokstadt, Datengenerierung durch Fuss-\/Veloverkehr-F\u00f6rderaktion, Elektrosammelfahrzeug) im Fokus. Auch zu Aktivit\u00e4ten aus anderen Schweizer und ausl\u00e4ndischen St\u00e4dten, der Wirtschaft und der internationalen Organisationen konnten die Teilnehmenden viel lernen und rege diskutieren.<\/p>\n<p><strong>Beliebtes Thema: &#8222;Smart Cities&#8220;\u00a0<\/strong><\/p>\n<p>Aufgrund des grossen Interesses am Thema Smart Cities erstreckte sich das Innovationsforum auch auf den Folgetag, der von der niederl\u00e4ndischen Botschaft er\u00f6ffnet wurde und damit die Zusammenarbeit mit dem Partnerland unterstrich. Der zweite Tag des Innovationsforums Smart Cities bot eine Dialogplattfom f\u00fcr die nationalen Verb\u00e4nde Smart City Hub Switzerland sowie Smart City Alliance und wertvolle Vernetzungsm\u00f6glichkeiten f\u00fcr deren Mitglieder, die konkrete Erfahrungen mit den Anwesenden teilten.<\/p>\n<p>Dar\u00fcber hinaus kamen auch online zugeschaltet internationale Initiativen wie \u00abUnited for Smart Sustainable Cities\u00bb der ITU-UN und das Global Smart City Partnership Program der Weltbank sowie vor Ort Exportm\u00f6glichkeiten von Switzerland Global Enterprise und F\u00f6rderinstrumente von SNF, Innosuisse und EnergieSchweiz f\u00fcr Gemeinden zu Wort. In kleineren Workshops konnten viele Smart-City-Themen angeregt vertieft und partnerschaftlich weiterentwickelt werden.<\/p>\n<p>Als letztes Referat des Haupttages zeigte Regierungsrat Martin Neukom unter anderem, weshalb in Zukunft Solarfassaden an den Geb\u00e4uden Standard sein werden und weshalb die Zukunft klar nicht den Verbrennungsmotoren geh\u00f6rt. Nach einem intensiven, aber spannenden und inspirierenden Tag war es dann Zeit, um zum informelleren Programm \u00fcberzugehen: Am Networking-Ap\u00e9ro konnten die Teilnehmenden nochmals alles Revue passieren lassen und offene Punkte ausdiskutieren.<\/p>\n<p>Musikalisch begleitet vom JazzChur-Haustrio liessen sie den Haupttag des Swiss Green Economy Symposiums 2020 ausklingen.<\/p>\n<p><a href=\"\/\/www.sges.ch\">www.sges.ch<\/a><\/p>\n","protected":false},"excerpt":{"rendered":"<p>&nbsp; In seiner Begr\u00fcssungsrede zum Swiss Green Economy Symposium 2020\u00a0zeigte der Stadtpr\u00e4sident von Winterthur, wie die zweitgr\u00f6sste Stadt des Kantons Z\u00fcrich nachhaltige Stadtentwicklung interpretiert:\u00a0\u00abViel Inspiration, Neugierde und Interesse an Kooperationen. All dies brauchen wir f\u00fcr erfolgreiche Innovationen\u00bb, l\u00e4utete Michael K\u00fcnzle das Swiss Green Economy Symposium ein. Als n\u00e4chsten Programmpunkt diskutierten Vertreter aus Wirtschaft, Wissenschaft, Politik [&hellip;]<\/p>\n","protected":false},"author":5,"featured_media":9727,"comment_status":"closed","ping_status":"closed","sticky":false,"template":"","format":"standard","meta":{"_acf_changed":false,"_yoast_wpseo_focuskw":"Swiss Green Economy Symposium 2020","_yoast_wpseo_metadesc":"Im Mittelpunkt am 7. Swiss Green Economy Symposium 2020 standen die Themen Strategiefindung, Digitalisierung und Kreislaufwirtschaft auf dem Programm.","articlekey":"","footnotes":""},"categories":[580],"tags":[131,156,458,2260,502,2574,2577],"class_list":["post-10206","post","type-post","status-publish","format-standard","has-post-thumbnail","hentry","category-sustainability","tag-corona-krise","tag-digitalisierung","tag-strategie","tag-swiss-green-economy-symposium-2020","tag-veranstaltungen","tag-winterthur","tag-wirtschaftlichkeit"],"acf":[],"yoast_head":"<!-- This site is optimized with the Yoast SEO plugin v27.4 - https:\/\/yoast.com\/product\/yoast-seo-wordpress\/ -->\n<title>Swiss Green Economy Symposium 2020: Mit Dialog und Eigensinn zur Nachhaltigkeit - Organisator<\/title>\n<meta name=\"description\" content=\"Im Mittelpunkt am 7. Swiss Green Economy Symposium 2020 standen die Themen Strategiefindung, Digitalisierung und Kreislaufwirtschaft auf dem Programm.\" \/>\n<meta name=\"robots\" content=\"index, follow, max-snippet:-1, max-image-preview:large, max-video-preview:-1\" \/>\n<link rel=\"canonical\" href=\"https:\/\/www.organisator.ch\/de\/sustainability\/2020-09-08\/swiss-green-economy-symposium-2020-mit-dialog-und-eigensinn-zur-nachhaltigkeit\/\" \/>\n<meta property=\"og:locale\" content=\"de_DE\" \/>\n<meta property=\"og:type\" content=\"article\" \/>\n<meta property=\"og:title\" content=\"Swiss Green Economy Symposium 2020: Mit Dialog und Eigensinn zur Nachhaltigkeit - Organisator\" \/>\n<meta property=\"og:description\" content=\"Im Mittelpunkt am 7. Swiss Green Economy Symposium 2020 standen die Themen Strategiefindung, Digitalisierung und Kreislaufwirtschaft auf dem Programm.\" \/>\n<meta property=\"og:url\" content=\"https:\/\/www.organisator.ch\/de\/sustainability\/2020-09-08\/swiss-green-economy-symposium-2020-mit-dialog-und-eigensinn-zur-nachhaltigkeit\/\" \/>\n<meta property=\"og:site_name\" content=\"Organisator\" \/>\n<meta property=\"article:publisher\" content=\"https:\/\/www.facebook.com\/OrganisatorFachmagazin\" \/>\n<meta property=\"article:published_time\" content=\"2020-09-08T15:20:49+00:00\" \/>\n<meta property=\"article:modified_time\" content=\"2022-02-09T10:09:55+00:00\" \/>\n<meta property=\"og:image\" content=\"https:\/\/www.organisator.ch\/wp-content\/uploads\/2020\/09\/SGES-scaled.jpg\" \/>\n\t<meta property=\"og:image:width\" content=\"2560\" \/>\n\t<meta property=\"og:image:height\" content=\"1920\" \/>\n\t<meta property=\"og:image:type\" content=\"image\/jpeg\" \/>\n<meta name=\"author\" content=\"michael.merz\" \/>\n<meta name=\"twitter:card\" content=\"summary_large_image\" \/>\n<script type=\"application\/ld+json\" class=\"yoast-schema-graph\">{\"@context\":\"https:\\\/\\\/schema.org\",\"@graph\":[{\"@type\":\"Article\",\"@id\":\"https:\\\/\\\/www.organisator.ch\\\/sustainability\\\/2020-09-08\\\/swiss-green-economy-symposium-2020-mit-dialog-und-eigensinn-zur-nachhaltigkeit\\\/#article\",\"isPartOf\":{\"@id\":\"https:\\\/\\\/www.organisator.ch\\\/sustainability\\\/2020-09-08\\\/swiss-green-economy-symposium-2020-mit-dialog-und-eigensinn-zur-nachhaltigkeit\\\/\"},\"author\":{\"name\":\"michael.merz\",\"@id\":\"https:\\\/\\\/www.organisator.ch\\\/#\\\/schema\\\/person\\\/134708ca9321c57b0362cceb7948ffbd\"},\"headline\":\"Swiss Green Economy Symposium 2020: Mit Dialog und Eigensinn zur Nachhaltigkeit\",\"datePublished\":\"2020-09-08T15:20:49+00:00\",\"dateModified\":\"2022-02-09T10:09:55+00:00\",\"mainEntityOfPage\":{\"@id\":\"https:\\\/\\\/www.organisator.ch\\\/sustainability\\\/2020-09-08\\\/swiss-green-economy-symposium-2020-mit-dialog-und-eigensinn-zur-nachhaltigkeit\\\/\"},\"wordCount\":700,\"publisher\":{\"@id\":\"https:\\\/\\\/www.organisator.ch\\\/#organization\"},\"image\":{\"@id\":\"https:\\\/\\\/www.organisator.ch\\\/sustainability\\\/2020-09-08\\\/swiss-green-economy-symposium-2020-mit-dialog-und-eigensinn-zur-nachhaltigkeit\\\/#primaryimage\"},\"thumbnailUrl\":\"https:\\\/\\\/www.organisator.ch\\\/wp-content\\\/uploads\\\/2020\\\/09\\\/SGES-scaled.jpg\",\"keywords\":[\"Corona-Krise\",\"Digitalisierung\",\"Strategie\",\"Swiss Green Economy Symposium 2020\",\"Veranstaltungen\",\"Winterthur\",\"Wirtschaftlichkeit\"],\"articleSection\":[\"SUSTAINABILITY\"],\"inLanguage\":\"de\"},{\"@type\":\"WebPage\",\"@id\":\"https:\\\/\\\/www.organisator.ch\\\/sustainability\\\/2020-09-08\\\/swiss-green-economy-symposium-2020-mit-dialog-und-eigensinn-zur-nachhaltigkeit\\\/\",\"url\":\"https:\\\/\\\/www.organisator.ch\\\/sustainability\\\/2020-09-08\\\/swiss-green-economy-symposium-2020-mit-dialog-und-eigensinn-zur-nachhaltigkeit\\\/\",\"name\":\"Swiss Green Economy Symposium 2020: Mit Dialog und Eigensinn zur Nachhaltigkeit - Organisator\",\"isPartOf\":{\"@id\":\"https:\\\/\\\/www.organisator.ch\\\/#website\"},\"primaryImageOfPage\":{\"@id\":\"https:\\\/\\\/www.organisator.ch\\\/sustainability\\\/2020-09-08\\\/swiss-green-economy-symposium-2020-mit-dialog-und-eigensinn-zur-nachhaltigkeit\\\/#primaryimage\"},\"image\":{\"@id\":\"https:\\\/\\\/www.organisator.ch\\\/sustainability\\\/2020-09-08\\\/swiss-green-economy-symposium-2020-mit-dialog-und-eigensinn-zur-nachhaltigkeit\\\/#primaryimage\"},\"thumbnailUrl\":\"https:\\\/\\\/www.organisator.ch\\\/wp-content\\\/uploads\\\/2020\\\/09\\\/SGES-scaled.jpg\",\"datePublished\":\"2020-09-08T15:20:49+00:00\",\"dateModified\":\"2022-02-09T10:09:55+00:00\",\"description\":\"Im Mittelpunkt am 7. Swiss Green Economy Symposium 2020 standen die Themen Strategiefindung, Digitalisierung und Kreislaufwirtschaft auf dem Programm.\",\"breadcrumb\":{\"@id\":\"https:\\\/\\\/www.organisator.ch\\\/sustainability\\\/2020-09-08\\\/swiss-green-economy-symposium-2020-mit-dialog-und-eigensinn-zur-nachhaltigkeit\\\/#breadcrumb\"},\"inLanguage\":\"de\",\"potentialAction\":[{\"@type\":\"ReadAction\",\"target\":[\"https:\\\/\\\/www.organisator.ch\\\/sustainability\\\/2020-09-08\\\/swiss-green-economy-symposium-2020-mit-dialog-und-eigensinn-zur-nachhaltigkeit\\\/\"]}]},{\"@type\":\"ImageObject\",\"inLanguage\":\"de\",\"@id\":\"https:\\\/\\\/www.organisator.ch\\\/sustainability\\\/2020-09-08\\\/swiss-green-economy-symposium-2020-mit-dialog-und-eigensinn-zur-nachhaltigkeit\\\/#primaryimage\",\"url\":\"https:\\\/\\\/www.organisator.ch\\\/wp-content\\\/uploads\\\/2020\\\/09\\\/SGES-scaled.jpg\",\"contentUrl\":\"https:\\\/\\\/www.organisator.ch\\\/wp-content\\\/uploads\\\/2020\\\/09\\\/SGES-scaled.jpg\",\"width\":2560,\"height\":1920},{\"@type\":\"BreadcrumbList\",\"@id\":\"https:\\\/\\\/www.organisator.ch\\\/sustainability\\\/2020-09-08\\\/swiss-green-economy-symposium-2020-mit-dialog-und-eigensinn-zur-nachhaltigkeit\\\/#breadcrumb\",\"itemListElement\":[{\"@type\":\"ListItem\",\"position\":1,\"name\":\"Home\",\"item\":\"https:\\\/\\\/www.organisator.ch\\\/\"},{\"@type\":\"ListItem\",\"position\":2,\"name\":\"Swiss Green Economy Symposium 2020: Mit Dialog und Eigensinn zur Nachhaltigkeit\"}]},{\"@type\":\"WebSite\",\"@id\":\"https:\\\/\\\/www.organisator.ch\\\/#website\",\"url\":\"https:\\\/\\\/www.organisator.ch\\\/\",\"name\":\"Organisator\",\"description\":\"Kompetent. Praxisnah. Der ORGANISATOR bereitet in 10 Ausgaben pro Jahr die wesentlichen Themen f\u00fcr F\u00fchrungskr\u00e4fte von KMU auf.\",\"publisher\":{\"@id\":\"https:\\\/\\\/www.organisator.ch\\\/#organization\"},\"potentialAction\":[{\"@type\":\"SearchAction\",\"target\":{\"@type\":\"EntryPoint\",\"urlTemplate\":\"https:\\\/\\\/www.organisator.ch\\\/?s={search_term_string}\"},\"query-input\":{\"@type\":\"PropertyValueSpecification\",\"valueRequired\":true,\"valueName\":\"search_term_string\"}}],\"inLanguage\":\"de\"},{\"@type\":\"Organization\",\"@id\":\"https:\\\/\\\/www.organisator.ch\\\/#organization\",\"name\":\"Organisator\",\"url\":\"https:\\\/\\\/www.organisator.ch\\\/\",\"logo\":{\"@type\":\"ImageObject\",\"inLanguage\":\"de\",\"@id\":\"https:\\\/\\\/www.organisator.ch\\\/#\\\/schema\\\/logo\\\/image\\\/\",\"url\":\"https:\\\/\\\/www.organisator.ch\\\/wp-content\\\/uploads\\\/2022\\\/01\\\/Logo_Organisator_Website.png\",\"contentUrl\":\"https:\\\/\\\/www.organisator.ch\\\/wp-content\\\/uploads\\\/2022\\\/01\\\/Logo_Organisator_Website.png\",\"width\":800,\"height\":77,\"caption\":\"Organisator\"},\"image\":{\"@id\":\"https:\\\/\\\/www.organisator.ch\\\/#\\\/schema\\\/logo\\\/image\\\/\"},\"sameAs\":[\"https:\\\/\\\/www.facebook.com\\\/OrganisatorFachmagazin\",\"https:\\\/\\\/www.linkedin.com\\\/showcase\\\/organisator-das-magazin-fr-kmu\",\"https:\\\/\\\/www.xing.com\\\/news\\\/pages\\\/organisator-ch-695\",\"https:\\\/\\\/www.youtube.com\\\/channel\\\/UCGP2Sq0iWaZwT3BdIAQFYpw\"]},{\"@type\":\"Person\",\"@id\":\"https:\\\/\\\/www.organisator.ch\\\/#\\\/schema\\\/person\\\/134708ca9321c57b0362cceb7948ffbd\",\"name\":\"michael.merz\",\"image\":{\"@type\":\"ImageObject\",\"inLanguage\":\"de\",\"@id\":\"https:\\\/\\\/secure.gravatar.com\\\/avatar\\\/?s=96&d=mm&r=g\",\"url\":\"https:\\\/\\\/secure.gravatar.com\\\/avatar\\\/?s=96&d=mm&r=g\",\"contentUrl\":\"https:\\\/\\\/secure.gravatar.com\\\/avatar\\\/?s=96&d=mm&r=g\",\"caption\":\"michael.merz\"},\"url\":\"https:\\\/\\\/www.organisator.ch\\\/de\\\/author\\\/michael-merz\\\/\"}]}<\/script>\n<!-- \/ Yoast SEO plugin. -->","yoast_head_json":{"title":"Swiss Green Economy Symposium 2020: Mit Dialog und Eigensinn zur Nachhaltigkeit - Organisator","description":"Im Mittelpunkt am 7. Swiss Green Economy Symposium 2020 standen die Themen Strategiefindung, Digitalisierung und Kreislaufwirtschaft auf dem Programm.","robots":{"index":"index","follow":"follow","max-snippet":"max-snippet:-1","max-image-preview":"max-image-preview:large","max-video-preview":"max-video-preview:-1"},"canonical":"https:\/\/www.organisator.ch\/de\/sustainability\/2020-09-08\/swiss-green-economy-symposium-2020-mit-dialog-und-eigensinn-zur-nachhaltigkeit\/","og_locale":"de_DE","og_type":"article","og_title":"Swiss Green Economy Symposium 2020: Mit Dialog und Eigensinn zur Nachhaltigkeit - Organisator","og_description":"Im Mittelpunkt am 7. Swiss Green Economy Symposium 2020 standen die Themen Strategiefindung, Digitalisierung und Kreislaufwirtschaft auf dem Programm.","og_url":"https:\/\/www.organisator.ch\/de\/sustainability\/2020-09-08\/swiss-green-economy-symposium-2020-mit-dialog-und-eigensinn-zur-nachhaltigkeit\/","og_site_name":"Organisator","article_publisher":"https:\/\/www.facebook.com\/OrganisatorFachmagazin","article_published_time":"2020-09-08T15:20:49+00:00","article_modified_time":"2022-02-09T10:09:55+00:00","og_image":[{"width":2560,"height":1920,"url":"https:\/\/www.organisator.ch\/wp-content\/uploads\/2020\/09\/SGES-scaled.jpg","type":"image\/jpeg"}],"author":"michael.merz","twitter_card":"summary_large_image","schema":{"@context":"https:\/\/schema.org","@graph":[{"@type":"Article","@id":"https:\/\/www.organisator.ch\/sustainability\/2020-09-08\/swiss-green-economy-symposium-2020-mit-dialog-und-eigensinn-zur-nachhaltigkeit\/#article","isPartOf":{"@id":"https:\/\/www.organisator.ch\/sustainability\/2020-09-08\/swiss-green-economy-symposium-2020-mit-dialog-und-eigensinn-zur-nachhaltigkeit\/"},"author":{"name":"michael.merz","@id":"https:\/\/www.organisator.ch\/#\/schema\/person\/134708ca9321c57b0362cceb7948ffbd"},"headline":"Swiss Green Economy Symposium 2020: Mit Dialog und Eigensinn zur Nachhaltigkeit","datePublished":"2020-09-08T15:20:49+00:00","dateModified":"2022-02-09T10:09:55+00:00","mainEntityOfPage":{"@id":"https:\/\/www.organisator.ch\/sustainability\/2020-09-08\/swiss-green-economy-symposium-2020-mit-dialog-und-eigensinn-zur-nachhaltigkeit\/"},"wordCount":700,"publisher":{"@id":"https:\/\/www.organisator.ch\/#organization"},"image":{"@id":"https:\/\/www.organisator.ch\/sustainability\/2020-09-08\/swiss-green-economy-symposium-2020-mit-dialog-und-eigensinn-zur-nachhaltigkeit\/#primaryimage"},"thumbnailUrl":"https:\/\/www.organisator.ch\/wp-content\/uploads\/2020\/09\/SGES-scaled.jpg","keywords":["Corona-Krise","Digitalisierung","Strategie","Swiss Green Economy Symposium 2020","Veranstaltungen","Winterthur","Wirtschaftlichkeit"],"articleSection":["SUSTAINABILITY"],"inLanguage":"de"},{"@type":"WebPage","@id":"https:\/\/www.organisator.ch\/sustainability\/2020-09-08\/swiss-green-economy-symposium-2020-mit-dialog-und-eigensinn-zur-nachhaltigkeit\/","url":"https:\/\/www.organisator.ch\/sustainability\/2020-09-08\/swiss-green-economy-symposium-2020-mit-dialog-und-eigensinn-zur-nachhaltigkeit\/","name":"Swiss Green Economy Symposium 2020: Mit Dialog und Eigensinn zur Nachhaltigkeit - Organisator","isPartOf":{"@id":"https:\/\/www.organisator.ch\/#website"},"primaryImageOfPage":{"@id":"https:\/\/www.organisator.ch\/sustainability\/2020-09-08\/swiss-green-economy-symposium-2020-mit-dialog-und-eigensinn-zur-nachhaltigkeit\/#primaryimage"},"image":{"@id":"https:\/\/www.organisator.ch\/sustainability\/2020-09-08\/swiss-green-economy-symposium-2020-mit-dialog-und-eigensinn-zur-nachhaltigkeit\/#primaryimage"},"thumbnailUrl":"https:\/\/www.organisator.ch\/wp-content\/uploads\/2020\/09\/SGES-scaled.jpg","datePublished":"2020-09-08T15:20:49+00:00","dateModified":"2022-02-09T10:09:55+00:00","description":"Im Mittelpunkt am 7. Swiss Green Economy Symposium 2020 standen die Themen Strategiefindung, Digitalisierung und Kreislaufwirtschaft auf dem Programm.","breadcrumb":{"@id":"https:\/\/www.organisator.ch\/sustainability\/2020-09-08\/swiss-green-economy-symposium-2020-mit-dialog-und-eigensinn-zur-nachhaltigkeit\/#breadcrumb"},"inLanguage":"de","potentialAction":[{"@type":"ReadAction","target":["https:\/\/www.organisator.ch\/sustainability\/2020-09-08\/swiss-green-economy-symposium-2020-mit-dialog-und-eigensinn-zur-nachhaltigkeit\/"]}]},{"@type":"ImageObject","inLanguage":"de","@id":"https:\/\/www.organisator.ch\/sustainability\/2020-09-08\/swiss-green-economy-symposium-2020-mit-dialog-und-eigensinn-zur-nachhaltigkeit\/#primaryimage","url":"https:\/\/www.organisator.ch\/wp-content\/uploads\/2020\/09\/SGES-scaled.jpg","contentUrl":"https:\/\/www.organisator.ch\/wp-content\/uploads\/2020\/09\/SGES-scaled.jpg","width":2560,"height":1920},{"@type":"BreadcrumbList","@id":"https:\/\/www.organisator.ch\/sustainability\/2020-09-08\/swiss-green-economy-symposium-2020-mit-dialog-und-eigensinn-zur-nachhaltigkeit\/#breadcrumb","itemListElement":[{"@type":"ListItem","position":1,"name":"Home","item":"https:\/\/www.organisator.ch\/"},{"@type":"ListItem","position":2,"name":"Swiss Green Economy Symposium 2020: Mit Dialog und Eigensinn zur Nachhaltigkeit"}]},{"@type":"WebSite","@id":"https:\/\/www.organisator.ch\/#website","url":"https:\/\/www.organisator.ch\/","name":"Organisator","description":"Kompetent. Praxisnah. Der ORGANISATOR bereitet in 10 Ausgaben pro Jahr die wesentlichen Themen f\u00fcr F\u00fchrungskr\u00e4fte von KMU auf.","publisher":{"@id":"https:\/\/www.organisator.ch\/#organization"},"potentialAction":[{"@type":"SearchAction","target":{"@type":"EntryPoint","urlTemplate":"https:\/\/www.organisator.ch\/?s={search_term_string}"},"query-input":{"@type":"PropertyValueSpecification","valueRequired":true,"valueName":"search_term_string"}}],"inLanguage":"de"},{"@type":"Organization","@id":"https:\/\/www.organisator.ch\/#organization","name":"Organisator","url":"https:\/\/www.organisator.ch\/","logo":{"@type":"ImageObject","inLanguage":"de","@id":"https:\/\/www.organisator.ch\/#\/schema\/logo\/image\/","url":"https:\/\/www.organisator.ch\/wp-content\/uploads\/2022\/01\/Logo_Organisator_Website.png","contentUrl":"https:\/\/www.organisator.ch\/wp-content\/uploads\/2022\/01\/Logo_Organisator_Website.png","width":800,"height":77,"caption":"Organisator"},"image":{"@id":"https:\/\/www.organisator.ch\/#\/schema\/logo\/image\/"},"sameAs":["https:\/\/www.facebook.com\/OrganisatorFachmagazin","https:\/\/www.linkedin.com\/showcase\/organisator-das-magazin-fr-kmu","https:\/\/www.xing.com\/news\/pages\/organisator-ch-695","https:\/\/www.youtube.com\/channel\/UCGP2Sq0iWaZwT3BdIAQFYpw"]},{"@type":"Person","@id":"https:\/\/www.organisator.ch\/#\/schema\/person\/134708ca9321c57b0362cceb7948ffbd","name":"michael.merz","image":{"@type":"ImageObject","inLanguage":"de","@id":"https:\/\/secure.gravatar.com\/avatar\/?s=96&d=mm&r=g","url":"https:\/\/secure.gravatar.com\/avatar\/?s=96&d=mm&r=g","contentUrl":"https:\/\/secure.gravatar.com\/avatar\/?s=96&d=mm&r=g","caption":"michael.merz"},"url":"https:\/\/www.organisator.ch\/de\/author\/michael-merz\/"}]}},"_links":{"self":[{"href":"https:\/\/www.organisator.ch\/de\/wp-json\/wp\/v2\/posts\/10206","targetHints":{"allow":["GET"]}}],"collection":[{"href":"https:\/\/www.organisator.ch\/de\/wp-json\/wp\/v2\/posts"}],"about":[{"href":"https:\/\/www.organisator.ch\/de\/wp-json\/wp\/v2\/types\/post"}],"author":[{"embeddable":true,"href":"https:\/\/www.organisator.ch\/de\/wp-json\/wp\/v2\/users\/5"}],"replies":[{"embeddable":true,"href":"https:\/\/www.organisator.ch\/de\/wp-json\/wp\/v2\/comments?post=10206"}],"version-history":[{"count":1,"href":"https:\/\/www.organisator.ch\/de\/wp-json\/wp\/v2\/posts\/10206\/revisions"}],"predecessor-version":[{"id":10817,"href":"https:\/\/www.organisator.ch\/de\/wp-json\/wp\/v2\/posts\/10206\/revisions\/10817"}],"wp:featuredmedia":[{"embeddable":true,"href":"https:\/\/www.organisator.ch\/de\/wp-json\/wp\/v2\/media\/9727"}],"wp:attachment":[{"href":"https:\/\/www.organisator.ch\/de\/wp-json\/wp\/v2\/media?parent=10206"}],"wp:term":[{"taxonomy":"category","embeddable":true,"href":"https:\/\/www.organisator.ch\/de\/wp-json\/wp\/v2\/categories?post=10206"},{"taxonomy":"post_tag","embeddable":true,"href":"https:\/\/www.organisator.ch\/de\/wp-json\/wp\/v2\/tags?post=10206"}],"curies":[{"name":"wp","href":"https:\/\/api.w.org\/{rel}","templated":true}]}}