{"id":10207,"date":"2020-09-11T14:38:51","date_gmt":"2020-09-11T12:38:51","guid":{"rendered":"https:\/\/www.umweltperspektiven.ch\/?p=3345"},"modified":"2022-02-09T11:10:49","modified_gmt":"2022-02-09T10:10:49","slug":"ifat-umweltexpertise-aus-aller-welt-digital-vernetzt","status":"publish","type":"post","link":"https:\/\/www.organisator.ch\/de\/sustainability\/2020-09-11\/ifat-umweltexpertise-aus-aller-welt-digital-vernetzt\/","title":{"rendered":"IFAT: Umweltexpertise aus aller Welt digital vernetzt"},"content":{"rendered":"<figure id=\"attachment_3346\" aria-describedby=\"caption-attachment-3346\" style=\"width: 680px\" class=\"wp-caption alignnone\"><img loading=\"lazy\" decoding=\"async\" class=\"size-medium wp-image-3346\" src=\"\/\/www.umweltperspektiven.ch\/wp-content\/uploads\/2020\/09\/IFAT-UP-Umwelt-Perspektiven.jpg\" alt=\"\" width=\"680\" height=\"453\" srcset=\"https:\/\/www.organisator.ch\/wp-content\/uploads\/2020\/09\/IFAT-UP-Umwelt-Perspektiven.jpg 1920w, https:\/\/www.organisator.ch\/wp-content\/uploads\/2020\/09\/IFAT-UP-Umwelt-Perspektiven-680x453.jpg 680w, https:\/\/www.organisator.ch\/wp-content\/uploads\/2020\/09\/IFAT-UP-Umwelt-Perspektiven-1024x683.jpg 1024w, https:\/\/www.organisator.ch\/wp-content\/uploads\/2020\/09\/IFAT-UP-Umwelt-Perspektiven-768x512.jpg 768w, https:\/\/www.organisator.ch\/wp-content\/uploads\/2020\/09\/IFAT-UP-Umwelt-Perspektiven-1536x1024.jpg 1536w, https:\/\/www.organisator.ch\/wp-content\/uploads\/2020\/09\/IFAT-UP-Umwelt-Perspektiven-18x12.jpg 18w, https:\/\/www.organisator.ch\/wp-content\/uploads\/2020\/09\/IFAT-UP-Umwelt-Perspektiven-263x175.jpg 263w, https:\/\/www.organisator.ch\/wp-content\/uploads\/2020\/09\/IFAT-UP-Umwelt-Perspektiven-525x350.jpg 525w, https:\/\/www.organisator.ch\/wp-content\/uploads\/2020\/09\/IFAT-UP-Umwelt-Perspektiven-1200x800.jpg 1200w, https:\/\/www.organisator.ch\/wp-content\/uploads\/2020\/09\/IFAT-UP-Umwelt-Perspektiven-920x613.jpg 920w, https:\/\/www.organisator.ch\/wp-content\/uploads\/2020\/09\/IFAT-UP-Umwelt-Perspektiven-1400x933.jpg 1400w, https:\/\/www.organisator.ch\/wp-content\/uploads\/2020\/09\/IFAT-UP-Umwelt-Perspektiven-300x200.jpg 300w\" sizes=\"auto, (max-width: 680px) 100vw, 680px\" \/><figcaption id=\"caption-attachment-3346\" class=\"wp-caption-text\">Ein Bild der Er\u00f6ffnung des IFAT impact Business Summits 2020. (Bild: IFAT)<\/figcaption><\/figure>\n<p>&nbsp;<\/p>\n<p>\u201eDie Corona-Pandemie zwingt uns alle, neue Wege zu gehen \u2013 wir haben jetzt den ersten digitalen IFAT impact Business Summit realisiert\u201c, erkl\u00e4rt Stefan Rummel, Gesch\u00e4ftsf\u00fchrer der Messe M\u00fcnchen. Die drei Tage des Events waren dicht gepackt mit B2B-Networking und Wissenstransfer f\u00fcr die internationale Umweltbranche. \u201eAuch 2021 wollen wir wieder digitale Formate anbieten. Zudem starten die Vorbereitungen f\u00fcr die IFAT 2022, Unternehmen k\u00f6nnen sich wieder als Aussteller anmelden\u201c.<\/p>\n<h2>Digitale Interaktion auf vielen Ebenen<\/h2>\n<p>Fundament des digitalen Summit war das IFAT Ausstellerportal mit mehr als 3.000 gelisteten Unternehmen sowie ihren Produkten und L\u00f6sungen. W\u00e4hrend des Events fanden 154 Produktpr\u00e4sentationen statt und mehr als 1.400 1:1-Meetings konnten gebucht werden. Parallel dazu lief ein Konferenzprogramm mit 20 Sessions und rund 70 Speakern. Einen Gro\u00dfteil davon realisierten die Partner der IFAT sowie die IFAT-Spin-offs aus China, Indien und Afrika. Rund 2.100 Teilnehmer aus 104 L\u00e4ndern nutzten die verschiedenen Angebote des Summits.<\/p>\n<h2>Von Joghurtbechern, Afrika-Einblicken und K\u00fcnstlicher Intelligenz<\/h2>\n<p>Wege zur Kreislaufwirtschaft waren ein zentrales Thema, so auch bei der L\u00f6sungstour \u201eVom Joghurtbecher zum neuen recycelten Produkt\u201c. Die Experten machten drei Top-Ma\u00dfnahmen fest: Recyclinggerechteres Design der Produkte, Sensibilisieren der Endverbraucher f\u00fcr eine bessere Vorsortierung und Quotenvorgaben seitens der (EU-)Politik, damit mehr Recyclingware in Plastikneuprodukte einflie\u00dfen kann. \u201ePlastik ist notwendig f\u00fcr unser Leben. Es fragt sich nur, wie wir damit umgehen\u201c, meinte Michael Perl von der SeSoTec GmbH.<\/p>\n<p>Daneben gab es zahlreiche Einblicke in internationale M\u00e4rkte, so auch zu Afrika: \u201eAfrika leidet nicht unter Wassermangel\u201c, sagte Sylvain Usher, Gesch\u00e4ftsf\u00fchrer der African Water Association (AfWA). \u201eDas Problem ist, dass das Wasser aufgrund vieler Lecks oder illegaler Ausleitungen nicht beim Verbraucher ankommt. Der Kampf gegen Wasserverluste ist daher eines der zentralen Anliegen des afrikanischen Wassermanagements.\u201c<\/p>\n<p>Interessant auch Aussagen zur K\u00fcnstlichen Intelligenz in der Umweltbranche: \u201eDen unmittelbarsten und st\u00e4rksten Einfluss hat K\u00fcnstliche Intelligenz im Greentech-Bereich beim Management des Klimawandels und bei der Kreislaufwirtschaft\u201c, sagte Dr. Philipp Gerbert, Direktor bei appliedAI, Deutschlands f\u00fchrender Initiative f\u00fcr K\u00fcnstliche Intelligenz (KI). Allerdings m\u00fcsse die KI zun\u00e4chst ihren eigenen CO2-Fu\u00dfabdruck durch Emissionen aus dem Stromverbrauch der Rechenzentren eliminieren. Prof. Dr. Ralf Boris Wehrspohn, Vorstand bei der Fraunhofer-Gesellschaft, verwies unter anderem auf die vielen potenziellen Anwendungen in der Wasserwirtschaft, sei es Online-Monitoring von Trinkwasser, wirtschaftlichere und resiliente Kl\u00e4ranlagen oder nachhaltiges Wassermanagement in St\u00e4dten.<\/p>\n<p><em>Inhalte aus der Konferenz werden in K\u00fcrze auf der Website der IFAT zur Verf\u00fcgung stehen:<\/em><\/p>\n<p><a href=\"\/\/www.ifat.de\">www.ifat.de<\/a><\/p>\n<p>&nbsp;<\/p>\n<p>&nbsp;<\/p>\n","protected":false},"excerpt":{"rendered":"<p>&nbsp; \u201eDie Corona-Pandemie zwingt uns alle, neue Wege zu gehen \u2013 wir haben jetzt den ersten digitalen IFAT impact Business Summit realisiert\u201c, erkl\u00e4rt Stefan Rummel, Gesch\u00e4ftsf\u00fchrer der Messe M\u00fcnchen. Die drei Tage des Events waren dicht gepackt mit B2B-Networking und Wissenstransfer f\u00fcr die internationale Umweltbranche. \u201eAuch 2021 wollen wir wieder digitale Formate anbieten. Zudem starten [&hellip;]<\/p>\n","protected":false},"author":5,"featured_media":3346,"comment_status":"closed","ping_status":"closed","sticky":false,"template":"","format":"standard","meta":{"_acf_changed":false,"_yoast_wpseo_focuskw":"IFAT","_yoast_wpseo_metadesc":"Drei Tage voller Gesch\u00e4ftskontakte und Wissenstransfer \u2013 das war der erste komplett digitale IFAT impact Business Summit vom 8. bis 10. September 2020.","articlekey":"","footnotes":""},"categories":[580],"tags":[985,1392,1987,2239,2514],"class_list":["post-10207","post","type-post","status-publish","format-standard","has-post-thumbnail","hentry","category-sustainability","tag-digitale-technologien","tag-ifat","tag-recycling","tag-summit","tag-wasser-management"],"acf":[],"yoast_head":"<!-- This site is optimized with the Yoast SEO plugin v27.5 - https:\/\/yoast.com\/product\/yoast-seo-wordpress\/ -->\n<title>IFAT: Umweltexpertise aus aller Welt digital vernetzt - Organisator<\/title>\n<meta name=\"description\" content=\"Drei Tage voller Gesch\u00e4ftskontakte und Wissenstransfer \u2013 das war der erste komplett digitale IFAT impact Business Summit vom 8. bis 10. September 2020.\" \/>\n<meta name=\"robots\" content=\"index, follow, max-snippet:-1, max-image-preview:large, max-video-preview:-1\" \/>\n<link rel=\"canonical\" href=\"https:\/\/www.organisator.ch\/de\/sustainability\/2020-09-11\/ifat-umweltexpertise-aus-aller-welt-digital-vernetzt\/\" \/>\n<meta property=\"og:locale\" content=\"de_DE\" \/>\n<meta property=\"og:type\" content=\"article\" \/>\n<meta property=\"og:title\" content=\"IFAT: Umweltexpertise aus aller Welt digital vernetzt - Organisator\" \/>\n<meta property=\"og:description\" content=\"Drei Tage voller Gesch\u00e4ftskontakte und Wissenstransfer \u2013 das war der erste komplett digitale IFAT impact Business Summit vom 8. bis 10. September 2020.\" \/>\n<meta property=\"og:url\" content=\"https:\/\/www.organisator.ch\/de\/sustainability\/2020-09-11\/ifat-umweltexpertise-aus-aller-welt-digital-vernetzt\/\" \/>\n<meta property=\"og:site_name\" content=\"Organisator\" \/>\n<meta property=\"article:publisher\" content=\"https:\/\/www.facebook.com\/OrganisatorFachmagazin\" \/>\n<meta property=\"article:published_time\" content=\"2020-09-11T12:38:51+00:00\" \/>\n<meta property=\"article:modified_time\" content=\"2022-02-09T10:10:49+00:00\" \/>\n<meta property=\"og:image\" content=\"https:\/\/www.organisator.ch\/wp-content\/uploads\/2020\/09\/IFAT-UP-Umwelt-Perspektiven.jpg\" \/>\n\t<meta property=\"og:image:width\" content=\"1920\" \/>\n\t<meta property=\"og:image:height\" content=\"1280\" \/>\n\t<meta property=\"og:image:type\" content=\"image\/jpeg\" \/>\n<meta name=\"author\" content=\"michael.merz\" \/>\n<meta name=\"twitter:card\" content=\"summary_large_image\" \/>\n<script type=\"application\/ld+json\" class=\"yoast-schema-graph\">{\"@context\":\"https:\\\/\\\/schema.org\",\"@graph\":[{\"@type\":\"Article\",\"@id\":\"https:\\\/\\\/www.organisator.ch\\\/sustainability\\\/2020-09-11\\\/ifat-umweltexpertise-aus-aller-welt-digital-vernetzt\\\/#article\",\"isPartOf\":{\"@id\":\"https:\\\/\\\/www.organisator.ch\\\/sustainability\\\/2020-09-11\\\/ifat-umweltexpertise-aus-aller-welt-digital-vernetzt\\\/\"},\"author\":{\"name\":\"michael.merz\",\"@id\":\"https:\\\/\\\/www.organisator.ch\\\/#\\\/schema\\\/person\\\/134708ca9321c57b0362cceb7948ffbd\"},\"headline\":\"IFAT: Umweltexpertise aus aller Welt digital vernetzt\",\"datePublished\":\"2020-09-11T12:38:51+00:00\",\"dateModified\":\"2022-02-09T10:10:49+00:00\",\"mainEntityOfPage\":{\"@id\":\"https:\\\/\\\/www.organisator.ch\\\/sustainability\\\/2020-09-11\\\/ifat-umweltexpertise-aus-aller-welt-digital-vernetzt\\\/\"},\"wordCount\":440,\"publisher\":{\"@id\":\"https:\\\/\\\/www.organisator.ch\\\/#organization\"},\"image\":{\"@id\":\"https:\\\/\\\/www.organisator.ch\\\/sustainability\\\/2020-09-11\\\/ifat-umweltexpertise-aus-aller-welt-digital-vernetzt\\\/#primaryimage\"},\"thumbnailUrl\":\"https:\\\/\\\/www.organisator.ch\\\/wp-content\\\/uploads\\\/2020\\\/09\\\/IFAT-UP-Umwelt-Perspektiven.jpg\",\"keywords\":[\"Digitale Technologien\",\"IFAT\",\"Recycling\",\"Summit\",\"Wasser-Management\"],\"articleSection\":[\"SUSTAINABILITY\"],\"inLanguage\":\"de\"},{\"@type\":\"WebPage\",\"@id\":\"https:\\\/\\\/www.organisator.ch\\\/sustainability\\\/2020-09-11\\\/ifat-umweltexpertise-aus-aller-welt-digital-vernetzt\\\/\",\"url\":\"https:\\\/\\\/www.organisator.ch\\\/sustainability\\\/2020-09-11\\\/ifat-umweltexpertise-aus-aller-welt-digital-vernetzt\\\/\",\"name\":\"IFAT: Umweltexpertise aus aller Welt digital vernetzt - Organisator\",\"isPartOf\":{\"@id\":\"https:\\\/\\\/www.organisator.ch\\\/#website\"},\"primaryImageOfPage\":{\"@id\":\"https:\\\/\\\/www.organisator.ch\\\/sustainability\\\/2020-09-11\\\/ifat-umweltexpertise-aus-aller-welt-digital-vernetzt\\\/#primaryimage\"},\"image\":{\"@id\":\"https:\\\/\\\/www.organisator.ch\\\/sustainability\\\/2020-09-11\\\/ifat-umweltexpertise-aus-aller-welt-digital-vernetzt\\\/#primaryimage\"},\"thumbnailUrl\":\"https:\\\/\\\/www.organisator.ch\\\/wp-content\\\/uploads\\\/2020\\\/09\\\/IFAT-UP-Umwelt-Perspektiven.jpg\",\"datePublished\":\"2020-09-11T12:38:51+00:00\",\"dateModified\":\"2022-02-09T10:10:49+00:00\",\"description\":\"Drei Tage voller Gesch\u00e4ftskontakte und Wissenstransfer \u2013 das war der erste komplett digitale IFAT impact Business Summit vom 8. bis 10. September 2020.\",\"breadcrumb\":{\"@id\":\"https:\\\/\\\/www.organisator.ch\\\/sustainability\\\/2020-09-11\\\/ifat-umweltexpertise-aus-aller-welt-digital-vernetzt\\\/#breadcrumb\"},\"inLanguage\":\"de\",\"potentialAction\":[{\"@type\":\"ReadAction\",\"target\":[\"https:\\\/\\\/www.organisator.ch\\\/sustainability\\\/2020-09-11\\\/ifat-umweltexpertise-aus-aller-welt-digital-vernetzt\\\/\"]}]},{\"@type\":\"ImageObject\",\"inLanguage\":\"de\",\"@id\":\"https:\\\/\\\/www.organisator.ch\\\/sustainability\\\/2020-09-11\\\/ifat-umweltexpertise-aus-aller-welt-digital-vernetzt\\\/#primaryimage\",\"url\":\"https:\\\/\\\/www.organisator.ch\\\/wp-content\\\/uploads\\\/2020\\\/09\\\/IFAT-UP-Umwelt-Perspektiven.jpg\",\"contentUrl\":\"https:\\\/\\\/www.organisator.ch\\\/wp-content\\\/uploads\\\/2020\\\/09\\\/IFAT-UP-Umwelt-Perspektiven.jpg\",\"width\":1920,\"height\":1280,\"caption\":\"Ein Bild der Er\u00f6ffnung des IFAT impact Business Summits 2020. (Bild: IFAT)\"},{\"@type\":\"BreadcrumbList\",\"@id\":\"https:\\\/\\\/www.organisator.ch\\\/sustainability\\\/2020-09-11\\\/ifat-umweltexpertise-aus-aller-welt-digital-vernetzt\\\/#breadcrumb\",\"itemListElement\":[{\"@type\":\"ListItem\",\"position\":1,\"name\":\"Home\",\"item\":\"https:\\\/\\\/www.organisator.ch\\\/\"},{\"@type\":\"ListItem\",\"position\":2,\"name\":\"IFAT: Umweltexpertise aus aller Welt digital vernetzt\"}]},{\"@type\":\"WebSite\",\"@id\":\"https:\\\/\\\/www.organisator.ch\\\/#website\",\"url\":\"https:\\\/\\\/www.organisator.ch\\\/\",\"name\":\"Organisator\",\"description\":\"Kompetent. Praxisnah. Der ORGANISATOR bereitet in 10 Ausgaben pro Jahr die wesentlichen Themen f\u00fcr F\u00fchrungskr\u00e4fte von KMU auf.\",\"publisher\":{\"@id\":\"https:\\\/\\\/www.organisator.ch\\\/#organization\"},\"potentialAction\":[{\"@type\":\"SearchAction\",\"target\":{\"@type\":\"EntryPoint\",\"urlTemplate\":\"https:\\\/\\\/www.organisator.ch\\\/?s={search_term_string}\"},\"query-input\":{\"@type\":\"PropertyValueSpecification\",\"valueRequired\":true,\"valueName\":\"search_term_string\"}}],\"inLanguage\":\"de\"},{\"@type\":\"Organization\",\"@id\":\"https:\\\/\\\/www.organisator.ch\\\/#organization\",\"name\":\"Organisator\",\"url\":\"https:\\\/\\\/www.organisator.ch\\\/\",\"logo\":{\"@type\":\"ImageObject\",\"inLanguage\":\"de\",\"@id\":\"https:\\\/\\\/www.organisator.ch\\\/#\\\/schema\\\/logo\\\/image\\\/\",\"url\":\"https:\\\/\\\/www.organisator.ch\\\/wp-content\\\/uploads\\\/2022\\\/01\\\/Logo_Organisator_Website.png\",\"contentUrl\":\"https:\\\/\\\/www.organisator.ch\\\/wp-content\\\/uploads\\\/2022\\\/01\\\/Logo_Organisator_Website.png\",\"width\":800,\"height\":77,\"caption\":\"Organisator\"},\"image\":{\"@id\":\"https:\\\/\\\/www.organisator.ch\\\/#\\\/schema\\\/logo\\\/image\\\/\"},\"sameAs\":[\"https:\\\/\\\/www.facebook.com\\\/OrganisatorFachmagazin\",\"https:\\\/\\\/www.linkedin.com\\\/showcase\\\/organisator-das-magazin-fr-kmu\",\"https:\\\/\\\/www.xing.com\\\/news\\\/pages\\\/organisator-ch-695\",\"https:\\\/\\\/www.youtube.com\\\/channel\\\/UCGP2Sq0iWaZwT3BdIAQFYpw\"]},{\"@type\":\"Person\",\"@id\":\"https:\\\/\\\/www.organisator.ch\\\/#\\\/schema\\\/person\\\/134708ca9321c57b0362cceb7948ffbd\",\"name\":\"michael.merz\",\"image\":{\"@type\":\"ImageObject\",\"inLanguage\":\"de\",\"@id\":\"https:\\\/\\\/secure.gravatar.com\\\/avatar\\\/?s=96&d=mm&r=g\",\"url\":\"https:\\\/\\\/secure.gravatar.com\\\/avatar\\\/?s=96&d=mm&r=g\",\"contentUrl\":\"https:\\\/\\\/secure.gravatar.com\\\/avatar\\\/?s=96&d=mm&r=g\",\"caption\":\"michael.merz\"},\"url\":\"https:\\\/\\\/www.organisator.ch\\\/de\\\/author\\\/michael-merz\\\/\"}]}<\/script>\n<!-- \/ Yoast SEO plugin. -->","yoast_head_json":{"title":"IFAT: Umweltexpertise aus aller Welt digital vernetzt - Organisator","description":"Drei Tage voller Gesch\u00e4ftskontakte und Wissenstransfer \u2013 das war der erste komplett digitale IFAT impact Business Summit vom 8. bis 10. September 2020.","robots":{"index":"index","follow":"follow","max-snippet":"max-snippet:-1","max-image-preview":"max-image-preview:large","max-video-preview":"max-video-preview:-1"},"canonical":"https:\/\/www.organisator.ch\/de\/sustainability\/2020-09-11\/ifat-umweltexpertise-aus-aller-welt-digital-vernetzt\/","og_locale":"de_DE","og_type":"article","og_title":"IFAT: Umweltexpertise aus aller Welt digital vernetzt - Organisator","og_description":"Drei Tage voller Gesch\u00e4ftskontakte und Wissenstransfer \u2013 das war der erste komplett digitale IFAT impact Business Summit vom 8. bis 10. September 2020.","og_url":"https:\/\/www.organisator.ch\/de\/sustainability\/2020-09-11\/ifat-umweltexpertise-aus-aller-welt-digital-vernetzt\/","og_site_name":"Organisator","article_publisher":"https:\/\/www.facebook.com\/OrganisatorFachmagazin","article_published_time":"2020-09-11T12:38:51+00:00","article_modified_time":"2022-02-09T10:10:49+00:00","og_image":[{"width":1920,"height":1280,"url":"https:\/\/www.organisator.ch\/wp-content\/uploads\/2020\/09\/IFAT-UP-Umwelt-Perspektiven.jpg","type":"image\/jpeg"}],"author":"michael.merz","twitter_card":"summary_large_image","schema":{"@context":"https:\/\/schema.org","@graph":[{"@type":"Article","@id":"https:\/\/www.organisator.ch\/sustainability\/2020-09-11\/ifat-umweltexpertise-aus-aller-welt-digital-vernetzt\/#article","isPartOf":{"@id":"https:\/\/www.organisator.ch\/sustainability\/2020-09-11\/ifat-umweltexpertise-aus-aller-welt-digital-vernetzt\/"},"author":{"name":"michael.merz","@id":"https:\/\/www.organisator.ch\/#\/schema\/person\/134708ca9321c57b0362cceb7948ffbd"},"headline":"IFAT: Umweltexpertise aus aller Welt digital vernetzt","datePublished":"2020-09-11T12:38:51+00:00","dateModified":"2022-02-09T10:10:49+00:00","mainEntityOfPage":{"@id":"https:\/\/www.organisator.ch\/sustainability\/2020-09-11\/ifat-umweltexpertise-aus-aller-welt-digital-vernetzt\/"},"wordCount":440,"publisher":{"@id":"https:\/\/www.organisator.ch\/#organization"},"image":{"@id":"https:\/\/www.organisator.ch\/sustainability\/2020-09-11\/ifat-umweltexpertise-aus-aller-welt-digital-vernetzt\/#primaryimage"},"thumbnailUrl":"https:\/\/www.organisator.ch\/wp-content\/uploads\/2020\/09\/IFAT-UP-Umwelt-Perspektiven.jpg","keywords":["Digitale Technologien","IFAT","Recycling","Summit","Wasser-Management"],"articleSection":["SUSTAINABILITY"],"inLanguage":"de"},{"@type":"WebPage","@id":"https:\/\/www.organisator.ch\/sustainability\/2020-09-11\/ifat-umweltexpertise-aus-aller-welt-digital-vernetzt\/","url":"https:\/\/www.organisator.ch\/sustainability\/2020-09-11\/ifat-umweltexpertise-aus-aller-welt-digital-vernetzt\/","name":"IFAT: Umweltexpertise aus aller Welt digital vernetzt - Organisator","isPartOf":{"@id":"https:\/\/www.organisator.ch\/#website"},"primaryImageOfPage":{"@id":"https:\/\/www.organisator.ch\/sustainability\/2020-09-11\/ifat-umweltexpertise-aus-aller-welt-digital-vernetzt\/#primaryimage"},"image":{"@id":"https:\/\/www.organisator.ch\/sustainability\/2020-09-11\/ifat-umweltexpertise-aus-aller-welt-digital-vernetzt\/#primaryimage"},"thumbnailUrl":"https:\/\/www.organisator.ch\/wp-content\/uploads\/2020\/09\/IFAT-UP-Umwelt-Perspektiven.jpg","datePublished":"2020-09-11T12:38:51+00:00","dateModified":"2022-02-09T10:10:49+00:00","description":"Drei Tage voller Gesch\u00e4ftskontakte und Wissenstransfer \u2013 das war der erste komplett digitale IFAT impact Business Summit vom 8. bis 10. September 2020.","breadcrumb":{"@id":"https:\/\/www.organisator.ch\/sustainability\/2020-09-11\/ifat-umweltexpertise-aus-aller-welt-digital-vernetzt\/#breadcrumb"},"inLanguage":"de","potentialAction":[{"@type":"ReadAction","target":["https:\/\/www.organisator.ch\/sustainability\/2020-09-11\/ifat-umweltexpertise-aus-aller-welt-digital-vernetzt\/"]}]},{"@type":"ImageObject","inLanguage":"de","@id":"https:\/\/www.organisator.ch\/sustainability\/2020-09-11\/ifat-umweltexpertise-aus-aller-welt-digital-vernetzt\/#primaryimage","url":"https:\/\/www.organisator.ch\/wp-content\/uploads\/2020\/09\/IFAT-UP-Umwelt-Perspektiven.jpg","contentUrl":"https:\/\/www.organisator.ch\/wp-content\/uploads\/2020\/09\/IFAT-UP-Umwelt-Perspektiven.jpg","width":1920,"height":1280,"caption":"Ein Bild der Er\u00f6ffnung des IFAT impact Business Summits 2020. (Bild: IFAT)"},{"@type":"BreadcrumbList","@id":"https:\/\/www.organisator.ch\/sustainability\/2020-09-11\/ifat-umweltexpertise-aus-aller-welt-digital-vernetzt\/#breadcrumb","itemListElement":[{"@type":"ListItem","position":1,"name":"Home","item":"https:\/\/www.organisator.ch\/"},{"@type":"ListItem","position":2,"name":"IFAT: Umweltexpertise aus aller Welt digital vernetzt"}]},{"@type":"WebSite","@id":"https:\/\/www.organisator.ch\/#website","url":"https:\/\/www.organisator.ch\/","name":"Organisator","description":"Kompetent. Praxisnah. Der ORGANISATOR bereitet in 10 Ausgaben pro Jahr die wesentlichen Themen f\u00fcr F\u00fchrungskr\u00e4fte von KMU auf.","publisher":{"@id":"https:\/\/www.organisator.ch\/#organization"},"potentialAction":[{"@type":"SearchAction","target":{"@type":"EntryPoint","urlTemplate":"https:\/\/www.organisator.ch\/?s={search_term_string}"},"query-input":{"@type":"PropertyValueSpecification","valueRequired":true,"valueName":"search_term_string"}}],"inLanguage":"de"},{"@type":"Organization","@id":"https:\/\/www.organisator.ch\/#organization","name":"Organisator","url":"https:\/\/www.organisator.ch\/","logo":{"@type":"ImageObject","inLanguage":"de","@id":"https:\/\/www.organisator.ch\/#\/schema\/logo\/image\/","url":"https:\/\/www.organisator.ch\/wp-content\/uploads\/2022\/01\/Logo_Organisator_Website.png","contentUrl":"https:\/\/www.organisator.ch\/wp-content\/uploads\/2022\/01\/Logo_Organisator_Website.png","width":800,"height":77,"caption":"Organisator"},"image":{"@id":"https:\/\/www.organisator.ch\/#\/schema\/logo\/image\/"},"sameAs":["https:\/\/www.facebook.com\/OrganisatorFachmagazin","https:\/\/www.linkedin.com\/showcase\/organisator-das-magazin-fr-kmu","https:\/\/www.xing.com\/news\/pages\/organisator-ch-695","https:\/\/www.youtube.com\/channel\/UCGP2Sq0iWaZwT3BdIAQFYpw"]},{"@type":"Person","@id":"https:\/\/www.organisator.ch\/#\/schema\/person\/134708ca9321c57b0362cceb7948ffbd","name":"michael.merz","image":{"@type":"ImageObject","inLanguage":"de","@id":"https:\/\/secure.gravatar.com\/avatar\/?s=96&d=mm&r=g","url":"https:\/\/secure.gravatar.com\/avatar\/?s=96&d=mm&r=g","contentUrl":"https:\/\/secure.gravatar.com\/avatar\/?s=96&d=mm&r=g","caption":"michael.merz"},"url":"https:\/\/www.organisator.ch\/de\/author\/michael-merz\/"}]}},"_links":{"self":[{"href":"https:\/\/www.organisator.ch\/de\/wp-json\/wp\/v2\/posts\/10207","targetHints":{"allow":["GET"]}}],"collection":[{"href":"https:\/\/www.organisator.ch\/de\/wp-json\/wp\/v2\/posts"}],"about":[{"href":"https:\/\/www.organisator.ch\/de\/wp-json\/wp\/v2\/types\/post"}],"author":[{"embeddable":true,"href":"https:\/\/www.organisator.ch\/de\/wp-json\/wp\/v2\/users\/5"}],"replies":[{"embeddable":true,"href":"https:\/\/www.organisator.ch\/de\/wp-json\/wp\/v2\/comments?post=10207"}],"version-history":[{"count":1,"href":"https:\/\/www.organisator.ch\/de\/wp-json\/wp\/v2\/posts\/10207\/revisions"}],"predecessor-version":[{"id":10995,"href":"https:\/\/www.organisator.ch\/de\/wp-json\/wp\/v2\/posts\/10207\/revisions\/10995"}],"wp:featuredmedia":[{"embeddable":true,"href":"https:\/\/www.organisator.ch\/de\/wp-json\/wp\/v2\/media\/3346"}],"wp:attachment":[{"href":"https:\/\/www.organisator.ch\/de\/wp-json\/wp\/v2\/media?parent=10207"}],"wp:term":[{"taxonomy":"category","embeddable":true,"href":"https:\/\/www.organisator.ch\/de\/wp-json\/wp\/v2\/categories?post=10207"},{"taxonomy":"post_tag","embeddable":true,"href":"https:\/\/www.organisator.ch\/de\/wp-json\/wp\/v2\/tags?post=10207"}],"curies":[{"name":"wp","href":"https:\/\/api.w.org\/{rel}","templated":true}]}}