{"id":10209,"date":"2020-09-15T10:23:55","date_gmt":"2020-09-15T08:23:55","guid":{"rendered":"https:\/\/www.umweltperspektiven.ch\/?p=3351"},"modified":"2024-11-07T05:13:37","modified_gmt":"2024-11-07T04:13:37","slug":"ubs-empfiehlt-kuenftig-nachhaltige-anlagen","status":"publish","type":"post","link":"https:\/\/www.organisator.ch\/de\/sustainability\/2020-09-15\/ubs-empfiehlt-kuenftig-nachhaltige-anlagen\/","title":{"rendered":"UBS empfiehlt k\u00fcnftig nachhaltige Anlagen"},"content":{"rendered":"<header>\n<figure id=\"attachment_3352\" aria-describedby=\"caption-attachment-3352\" style=\"width: 680px\" class=\"wp-caption alignnone\"><img loading=\"lazy\" decoding=\"async\" class=\"wp-image-3352 size-medium\" src=\"https:\/\/www.organisator.ch\/wp-content\/uploads\/2020\/09\/UBS-Nachhaltig-Portfolio-UP_Umwelt-Perspektiven-680x454.jpg\" alt=\"Nachhaltige Investitionen UBS\" width=\"680\" height=\"454\" srcset=\"https:\/\/www.organisator.ch\/wp-content\/uploads\/2020\/09\/UBS-Nachhaltig-Portfolio-UP_Umwelt-Perspektiven-680x454.jpg 680w, https:\/\/www.organisator.ch\/wp-content\/uploads\/2020\/09\/UBS-Nachhaltig-Portfolio-UP_Umwelt-Perspektiven-1024x683.jpg 1024w, https:\/\/www.organisator.ch\/wp-content\/uploads\/2020\/09\/UBS-Nachhaltig-Portfolio-UP_Umwelt-Perspektiven-768x512.jpg 768w, https:\/\/www.organisator.ch\/wp-content\/uploads\/2020\/09\/UBS-Nachhaltig-Portfolio-UP_Umwelt-Perspektiven-1536x1024.jpg 1536w, https:\/\/www.organisator.ch\/wp-content\/uploads\/2020\/09\/UBS-Nachhaltig-Portfolio-UP_Umwelt-Perspektiven-2048x1366.jpg 2048w, https:\/\/www.organisator.ch\/wp-content\/uploads\/2020\/09\/UBS-Nachhaltig-Portfolio-UP_Umwelt-Perspektiven-18x12.jpg 18w, https:\/\/www.organisator.ch\/wp-content\/uploads\/2020\/09\/UBS-Nachhaltig-Portfolio-UP_Umwelt-Perspektiven-262x175.jpg 262w, https:\/\/www.organisator.ch\/wp-content\/uploads\/2020\/09\/UBS-Nachhaltig-Portfolio-UP_Umwelt-Perspektiven-525x350.jpg 525w, https:\/\/www.organisator.ch\/wp-content\/uploads\/2020\/09\/UBS-Nachhaltig-Portfolio-UP_Umwelt-Perspektiven-1199x800.jpg 1199w, https:\/\/www.organisator.ch\/wp-content\/uploads\/2020\/09\/UBS-Nachhaltig-Portfolio-UP_Umwelt-Perspektiven-920x614.jpg 920w, https:\/\/www.organisator.ch\/wp-content\/uploads\/2020\/09\/UBS-Nachhaltig-Portfolio-UP_Umwelt-Perspektiven-1400x934.jpg 1400w, https:\/\/www.organisator.ch\/wp-content\/uploads\/2020\/09\/UBS-Nachhaltig-Portfolio-UP_Umwelt-Perspektiven-300x200.jpg 300w\" sizes=\"auto, (max-width: 680px) 100vw, 680px\" \/><figcaption id=\"caption-attachment-3352\" class=\"wp-caption-text\">UBS sieht h\u00f6here Renditen bei nachhaltigen Portfolios. (Bild: Unsplash)<\/figcaption><\/figure><\/p>\n<p>UBS, weltweit f\u00fchrender Verm\u00f6gensverwalter und Verwalter nachhaltiger Anlagen, hat heute bekannt gegeben, fortan nachhaltige Investitionen als bevorzugte L\u00f6sung an global investierende Kunden weiterzugeben. UBS verwaltet nachhaltige Kernanlagen im Gesamtwert von 488 Milliarden USD (Quelle:\u00a02019 UBS Sustainability Report). Es sei, so heisst es in der Medienmitteilung vom 10. September, das erste global f\u00fchrende Finanzinstitut, welches diese Empfehlung ausspricht.<\/p>\n<p>und Kunden, die weltweit investieren, eine starke Diversifizierung bietet, auch wenn traditionelle Investments unter gewissen Umst\u00e4nden weiterhin die passendste L\u00f6sung bleiben werden. Die wichtigsten nachhaltigen Indizes haben sich demnach seit Jahresbeginn besser entwickelt als traditionelle \u00c4quivalente.<\/p>\n<\/header>\n<div class=\"news-content\">\n<p><strong>Nachhaltigkeitsaspekte nicht mehr zu ignorieren\u00a0<\/strong><\/p>\n<p>\u201eDie Pr\u00e4ferenzverschiebung\u00a0hin zu nachhaltigen Produkten und Dienstleistungen steht erst am Anfang\u201c, so Iqbal Khan, Ko-Pr\u00e4sident des UBS Global Wealth Managements. \u201eWir glauben, dass sich nachhaltige Anlagen f\u00fcr Privatkunden als eine der attraktivsten und langfristigsten Investitionsm\u00f6glichkeiten dieser und auch der kommenden Jahrzehnte erweisen werden.\u201c<\/p>\n<p>COVID-19 habe \u201eein Ausrufezeichen hinter die wichtigsten Verschiebungen im Finanzdienstleistungssektor dieser Generation gesetzt\u201c, kommentiert Tom Naratil, Ko-Pr\u00e4sident des UBS Global Wealth Managements und Pr\u00e4sident UBS Americas. \u201eDie Pandemie hat die Verwundbarkeit und Verflechtung unserer Gesellschaften und Branchen in den Fokus der Anleger ger\u00fcckt und gezeigt, dass Nachhaltigkeitsaspekte k\u00fcnftig nicht mehr ignoriert werden k\u00f6nnen.\u201c<\/p>\n<p>Die UBS wolle ihre Kundschaft dabei unterst\u00fctzen, \u201eneue Chancen zu nutzen und die Risiken des 21. Jahrhunderts intelligenter zu managen\u201c, sagt Huw van Steenis, Chair UBS Sustainable Finance Committee und Senior Advisor to the CEO. \u201eNachhaltiges Wirtschaften hat sich inzwischen als Standard etabliert und stellt sowohl f\u00fcr unsere Kunden wie auch f\u00fcr die strategischen Wachstumschancen der UBS eine Schl\u00fcsselkomponente dar.\u201c<\/p>\n<p><a href=\"\/\/www.ubs.com\">www.ubs.com<\/a><\/p>\n<\/div>\n","protected":false},"excerpt":{"rendered":"<p>UBS, weltweit f\u00fchrender Verm\u00f6gensverwalter und Verwalter nachhaltiger Anlagen, hat heute bekannt gegeben, fortan nachhaltige Investitionen als bevorzugte L\u00f6sung an global investierende Kunden weiterzugeben. UBS verwaltet nachhaltige Kernanlagen im Gesamtwert von 488 Milliarden USD (Quelle:\u00a02019 UBS Sustainability Report). Es sei, so heisst es in der Medienmitteilung vom 10. September, das erste global f\u00fchrende Finanzinstitut, welches diese [&hellip;]<\/p>\n","protected":false},"author":5,"featured_media":3352,"comment_status":"closed","ping_status":"closed","sticky":false,"template":"","format":"standard","meta":{"_acf_changed":false,"_yoast_wpseo_focuskw":"Nachhaltige Investitionen UBS","_yoast_wpseo_metadesc":"UBS sieht h\u00f6here Renditen bei nachhaltigen Portfolios und f\u00f6rdert nachhaltige Investitionen als bevorzugte L\u00f6sung.","articlekey":"","footnotes":""},"categories":[580],"tags":[1300,1755,1785,1936,2345],"class_list":["post-10209","post","type-post","status-publish","format-standard","has-post-thumbnail","hentry","category-sustainability","tag-global-investments","tag-nachhaltig-investieren","tag-nachhaltiges-wirtschaften","tag-portfolio","tag-ubs"],"acf":[],"yoast_head":"<!-- This site is optimized with the Yoast SEO plugin v27.5 - https:\/\/yoast.com\/product\/yoast-seo-wordpress\/ -->\n<title>UBS empfiehlt k\u00fcnftig nachhaltige Anlagen - Organisator<\/title>\n<meta name=\"description\" content=\"UBS sieht h\u00f6here Renditen bei nachhaltigen Portfolios und f\u00f6rdert nachhaltige Investitionen als bevorzugte L\u00f6sung.\" \/>\n<meta name=\"robots\" content=\"index, follow, max-snippet:-1, max-image-preview:large, max-video-preview:-1\" \/>\n<link rel=\"canonical\" href=\"https:\/\/www.organisator.ch\/de\/sustainability\/2020-09-15\/ubs-empfiehlt-kuenftig-nachhaltige-anlagen\/\" \/>\n<meta property=\"og:locale\" content=\"de_DE\" \/>\n<meta property=\"og:type\" content=\"article\" \/>\n<meta property=\"og:title\" content=\"UBS empfiehlt k\u00fcnftig nachhaltige Anlagen - Organisator\" \/>\n<meta property=\"og:description\" content=\"UBS sieht h\u00f6here Renditen bei nachhaltigen Portfolios und f\u00f6rdert nachhaltige Investitionen als bevorzugte L\u00f6sung.\" \/>\n<meta property=\"og:url\" content=\"https:\/\/www.organisator.ch\/de\/sustainability\/2020-09-15\/ubs-empfiehlt-kuenftig-nachhaltige-anlagen\/\" \/>\n<meta property=\"og:site_name\" content=\"Organisator\" \/>\n<meta property=\"article:publisher\" content=\"https:\/\/www.facebook.com\/OrganisatorFachmagazin\" \/>\n<meta property=\"article:published_time\" content=\"2020-09-15T08:23:55+00:00\" \/>\n<meta property=\"article:modified_time\" content=\"2024-11-07T04:13:37+00:00\" \/>\n<meta property=\"og:image\" content=\"https:\/\/www.organisator.ch\/wp-content\/uploads\/2020\/09\/UBS-Nachhaltig-Portfolio-UP_Umwelt-Perspektiven-scaled.jpg\" \/>\n\t<meta property=\"og:image:width\" content=\"2560\" \/>\n\t<meta property=\"og:image:height\" content=\"1707\" \/>\n\t<meta property=\"og:image:type\" content=\"image\/jpeg\" \/>\n<meta name=\"author\" content=\"michael.merz\" \/>\n<meta name=\"twitter:card\" content=\"summary_large_image\" \/>\n<script type=\"application\/ld+json\" class=\"yoast-schema-graph\">{\"@context\":\"https:\\\/\\\/schema.org\",\"@graph\":[{\"@type\":\"Article\",\"@id\":\"https:\\\/\\\/www.organisator.ch\\\/sustainability\\\/2020-09-15\\\/ubs-empfiehlt-kuenftig-nachhaltige-anlagen\\\/#article\",\"isPartOf\":{\"@id\":\"https:\\\/\\\/www.organisator.ch\\\/sustainability\\\/2020-09-15\\\/ubs-empfiehlt-kuenftig-nachhaltige-anlagen\\\/\"},\"author\":{\"name\":\"michael.merz\",\"@id\":\"https:\\\/\\\/www.organisator.ch\\\/#\\\/schema\\\/person\\\/134708ca9321c57b0362cceb7948ffbd\"},\"headline\":\"UBS empfiehlt k\u00fcnftig nachhaltige Anlagen\",\"datePublished\":\"2020-09-15T08:23:55+00:00\",\"dateModified\":\"2024-11-07T04:13:37+00:00\",\"mainEntityOfPage\":{\"@id\":\"https:\\\/\\\/www.organisator.ch\\\/sustainability\\\/2020-09-15\\\/ubs-empfiehlt-kuenftig-nachhaltige-anlagen\\\/\"},\"wordCount\":297,\"publisher\":{\"@id\":\"https:\\\/\\\/www.organisator.ch\\\/#organization\"},\"image\":{\"@id\":\"https:\\\/\\\/www.organisator.ch\\\/sustainability\\\/2020-09-15\\\/ubs-empfiehlt-kuenftig-nachhaltige-anlagen\\\/#primaryimage\"},\"thumbnailUrl\":\"https:\\\/\\\/www.organisator.ch\\\/wp-content\\\/uploads\\\/2020\\\/09\\\/UBS-Nachhaltig-Portfolio-UP_Umwelt-Perspektiven-scaled.jpg\",\"keywords\":[\"global investments\",\"Nachhaltig Investieren\",\"Nachhaltiges Wirtschaften\",\"Portfolio\",\"UBS\"],\"articleSection\":[\"SUSTAINABILITY\"],\"inLanguage\":\"de\"},{\"@type\":\"WebPage\",\"@id\":\"https:\\\/\\\/www.organisator.ch\\\/sustainability\\\/2020-09-15\\\/ubs-empfiehlt-kuenftig-nachhaltige-anlagen\\\/\",\"url\":\"https:\\\/\\\/www.organisator.ch\\\/sustainability\\\/2020-09-15\\\/ubs-empfiehlt-kuenftig-nachhaltige-anlagen\\\/\",\"name\":\"UBS empfiehlt k\u00fcnftig nachhaltige Anlagen - Organisator\",\"isPartOf\":{\"@id\":\"https:\\\/\\\/www.organisator.ch\\\/#website\"},\"primaryImageOfPage\":{\"@id\":\"https:\\\/\\\/www.organisator.ch\\\/sustainability\\\/2020-09-15\\\/ubs-empfiehlt-kuenftig-nachhaltige-anlagen\\\/#primaryimage\"},\"image\":{\"@id\":\"https:\\\/\\\/www.organisator.ch\\\/sustainability\\\/2020-09-15\\\/ubs-empfiehlt-kuenftig-nachhaltige-anlagen\\\/#primaryimage\"},\"thumbnailUrl\":\"https:\\\/\\\/www.organisator.ch\\\/wp-content\\\/uploads\\\/2020\\\/09\\\/UBS-Nachhaltig-Portfolio-UP_Umwelt-Perspektiven-scaled.jpg\",\"datePublished\":\"2020-09-15T08:23:55+00:00\",\"dateModified\":\"2024-11-07T04:13:37+00:00\",\"description\":\"UBS sieht h\u00f6here Renditen bei nachhaltigen Portfolios und f\u00f6rdert nachhaltige Investitionen als bevorzugte L\u00f6sung.\",\"breadcrumb\":{\"@id\":\"https:\\\/\\\/www.organisator.ch\\\/sustainability\\\/2020-09-15\\\/ubs-empfiehlt-kuenftig-nachhaltige-anlagen\\\/#breadcrumb\"},\"inLanguage\":\"de\",\"potentialAction\":[{\"@type\":\"ReadAction\",\"target\":[\"https:\\\/\\\/www.organisator.ch\\\/sustainability\\\/2020-09-15\\\/ubs-empfiehlt-kuenftig-nachhaltige-anlagen\\\/\"]}]},{\"@type\":\"ImageObject\",\"inLanguage\":\"de\",\"@id\":\"https:\\\/\\\/www.organisator.ch\\\/sustainability\\\/2020-09-15\\\/ubs-empfiehlt-kuenftig-nachhaltige-anlagen\\\/#primaryimage\",\"url\":\"https:\\\/\\\/www.organisator.ch\\\/wp-content\\\/uploads\\\/2020\\\/09\\\/UBS-Nachhaltig-Portfolio-UP_Umwelt-Perspektiven-scaled.jpg\",\"contentUrl\":\"https:\\\/\\\/www.organisator.ch\\\/wp-content\\\/uploads\\\/2020\\\/09\\\/UBS-Nachhaltig-Portfolio-UP_Umwelt-Perspektiven-scaled.jpg\",\"width\":2560,\"height\":1707,\"caption\":\"UBS sieht h\u00f6here Renditen bei nachhaltigen Portfolios. (Bild: Unsplash)\"},{\"@type\":\"BreadcrumbList\",\"@id\":\"https:\\\/\\\/www.organisator.ch\\\/sustainability\\\/2020-09-15\\\/ubs-empfiehlt-kuenftig-nachhaltige-anlagen\\\/#breadcrumb\",\"itemListElement\":[{\"@type\":\"ListItem\",\"position\":1,\"name\":\"Home\",\"item\":\"https:\\\/\\\/www.organisator.ch\\\/\"},{\"@type\":\"ListItem\",\"position\":2,\"name\":\"UBS empfiehlt k\u00fcnftig nachhaltige Anlagen\"}]},{\"@type\":\"WebSite\",\"@id\":\"https:\\\/\\\/www.organisator.ch\\\/#website\",\"url\":\"https:\\\/\\\/www.organisator.ch\\\/\",\"name\":\"Organisator\",\"description\":\"Kompetent. Praxisnah. Der ORGANISATOR bereitet in 10 Ausgaben pro Jahr die wesentlichen Themen f\u00fcr F\u00fchrungskr\u00e4fte von KMU auf.\",\"publisher\":{\"@id\":\"https:\\\/\\\/www.organisator.ch\\\/#organization\"},\"potentialAction\":[{\"@type\":\"SearchAction\",\"target\":{\"@type\":\"EntryPoint\",\"urlTemplate\":\"https:\\\/\\\/www.organisator.ch\\\/?s={search_term_string}\"},\"query-input\":{\"@type\":\"PropertyValueSpecification\",\"valueRequired\":true,\"valueName\":\"search_term_string\"}}],\"inLanguage\":\"de\"},{\"@type\":\"Organization\",\"@id\":\"https:\\\/\\\/www.organisator.ch\\\/#organization\",\"name\":\"Organisator\",\"url\":\"https:\\\/\\\/www.organisator.ch\\\/\",\"logo\":{\"@type\":\"ImageObject\",\"inLanguage\":\"de\",\"@id\":\"https:\\\/\\\/www.organisator.ch\\\/#\\\/schema\\\/logo\\\/image\\\/\",\"url\":\"https:\\\/\\\/www.organisator.ch\\\/wp-content\\\/uploads\\\/2022\\\/01\\\/Logo_Organisator_Website.png\",\"contentUrl\":\"https:\\\/\\\/www.organisator.ch\\\/wp-content\\\/uploads\\\/2022\\\/01\\\/Logo_Organisator_Website.png\",\"width\":800,\"height\":77,\"caption\":\"Organisator\"},\"image\":{\"@id\":\"https:\\\/\\\/www.organisator.ch\\\/#\\\/schema\\\/logo\\\/image\\\/\"},\"sameAs\":[\"https:\\\/\\\/www.facebook.com\\\/OrganisatorFachmagazin\",\"https:\\\/\\\/www.linkedin.com\\\/showcase\\\/organisator-das-magazin-fr-kmu\",\"https:\\\/\\\/www.xing.com\\\/news\\\/pages\\\/organisator-ch-695\",\"https:\\\/\\\/www.youtube.com\\\/channel\\\/UCGP2Sq0iWaZwT3BdIAQFYpw\"]},{\"@type\":\"Person\",\"@id\":\"https:\\\/\\\/www.organisator.ch\\\/#\\\/schema\\\/person\\\/134708ca9321c57b0362cceb7948ffbd\",\"name\":\"michael.merz\",\"image\":{\"@type\":\"ImageObject\",\"inLanguage\":\"de\",\"@id\":\"https:\\\/\\\/secure.gravatar.com\\\/avatar\\\/?s=96&d=mm&r=g\",\"url\":\"https:\\\/\\\/secure.gravatar.com\\\/avatar\\\/?s=96&d=mm&r=g\",\"contentUrl\":\"https:\\\/\\\/secure.gravatar.com\\\/avatar\\\/?s=96&d=mm&r=g\",\"caption\":\"michael.merz\"},\"url\":\"https:\\\/\\\/www.organisator.ch\\\/de\\\/author\\\/michael-merz\\\/\"}]}<\/script>\n<!-- \/ Yoast SEO plugin. -->","yoast_head_json":{"title":"UBS empfiehlt k\u00fcnftig nachhaltige Anlagen - Organisator","description":"UBS sieht h\u00f6here Renditen bei nachhaltigen Portfolios und f\u00f6rdert nachhaltige Investitionen als bevorzugte L\u00f6sung.","robots":{"index":"index","follow":"follow","max-snippet":"max-snippet:-1","max-image-preview":"max-image-preview:large","max-video-preview":"max-video-preview:-1"},"canonical":"https:\/\/www.organisator.ch\/de\/sustainability\/2020-09-15\/ubs-empfiehlt-kuenftig-nachhaltige-anlagen\/","og_locale":"de_DE","og_type":"article","og_title":"UBS empfiehlt k\u00fcnftig nachhaltige Anlagen - Organisator","og_description":"UBS sieht h\u00f6here Renditen bei nachhaltigen Portfolios und f\u00f6rdert nachhaltige Investitionen als bevorzugte L\u00f6sung.","og_url":"https:\/\/www.organisator.ch\/de\/sustainability\/2020-09-15\/ubs-empfiehlt-kuenftig-nachhaltige-anlagen\/","og_site_name":"Organisator","article_publisher":"https:\/\/www.facebook.com\/OrganisatorFachmagazin","article_published_time":"2020-09-15T08:23:55+00:00","article_modified_time":"2024-11-07T04:13:37+00:00","og_image":[{"width":2560,"height":1707,"url":"https:\/\/www.organisator.ch\/wp-content\/uploads\/2020\/09\/UBS-Nachhaltig-Portfolio-UP_Umwelt-Perspektiven-scaled.jpg","type":"image\/jpeg"}],"author":"michael.merz","twitter_card":"summary_large_image","schema":{"@context":"https:\/\/schema.org","@graph":[{"@type":"Article","@id":"https:\/\/www.organisator.ch\/sustainability\/2020-09-15\/ubs-empfiehlt-kuenftig-nachhaltige-anlagen\/#article","isPartOf":{"@id":"https:\/\/www.organisator.ch\/sustainability\/2020-09-15\/ubs-empfiehlt-kuenftig-nachhaltige-anlagen\/"},"author":{"name":"michael.merz","@id":"https:\/\/www.organisator.ch\/#\/schema\/person\/134708ca9321c57b0362cceb7948ffbd"},"headline":"UBS empfiehlt k\u00fcnftig nachhaltige Anlagen","datePublished":"2020-09-15T08:23:55+00:00","dateModified":"2024-11-07T04:13:37+00:00","mainEntityOfPage":{"@id":"https:\/\/www.organisator.ch\/sustainability\/2020-09-15\/ubs-empfiehlt-kuenftig-nachhaltige-anlagen\/"},"wordCount":297,"publisher":{"@id":"https:\/\/www.organisator.ch\/#organization"},"image":{"@id":"https:\/\/www.organisator.ch\/sustainability\/2020-09-15\/ubs-empfiehlt-kuenftig-nachhaltige-anlagen\/#primaryimage"},"thumbnailUrl":"https:\/\/www.organisator.ch\/wp-content\/uploads\/2020\/09\/UBS-Nachhaltig-Portfolio-UP_Umwelt-Perspektiven-scaled.jpg","keywords":["global investments","Nachhaltig Investieren","Nachhaltiges Wirtschaften","Portfolio","UBS"],"articleSection":["SUSTAINABILITY"],"inLanguage":"de"},{"@type":"WebPage","@id":"https:\/\/www.organisator.ch\/sustainability\/2020-09-15\/ubs-empfiehlt-kuenftig-nachhaltige-anlagen\/","url":"https:\/\/www.organisator.ch\/sustainability\/2020-09-15\/ubs-empfiehlt-kuenftig-nachhaltige-anlagen\/","name":"UBS empfiehlt k\u00fcnftig nachhaltige Anlagen - Organisator","isPartOf":{"@id":"https:\/\/www.organisator.ch\/#website"},"primaryImageOfPage":{"@id":"https:\/\/www.organisator.ch\/sustainability\/2020-09-15\/ubs-empfiehlt-kuenftig-nachhaltige-anlagen\/#primaryimage"},"image":{"@id":"https:\/\/www.organisator.ch\/sustainability\/2020-09-15\/ubs-empfiehlt-kuenftig-nachhaltige-anlagen\/#primaryimage"},"thumbnailUrl":"https:\/\/www.organisator.ch\/wp-content\/uploads\/2020\/09\/UBS-Nachhaltig-Portfolio-UP_Umwelt-Perspektiven-scaled.jpg","datePublished":"2020-09-15T08:23:55+00:00","dateModified":"2024-11-07T04:13:37+00:00","description":"UBS sieht h\u00f6here Renditen bei nachhaltigen Portfolios und f\u00f6rdert nachhaltige Investitionen als bevorzugte L\u00f6sung.","breadcrumb":{"@id":"https:\/\/www.organisator.ch\/sustainability\/2020-09-15\/ubs-empfiehlt-kuenftig-nachhaltige-anlagen\/#breadcrumb"},"inLanguage":"de","potentialAction":[{"@type":"ReadAction","target":["https:\/\/www.organisator.ch\/sustainability\/2020-09-15\/ubs-empfiehlt-kuenftig-nachhaltige-anlagen\/"]}]},{"@type":"ImageObject","inLanguage":"de","@id":"https:\/\/www.organisator.ch\/sustainability\/2020-09-15\/ubs-empfiehlt-kuenftig-nachhaltige-anlagen\/#primaryimage","url":"https:\/\/www.organisator.ch\/wp-content\/uploads\/2020\/09\/UBS-Nachhaltig-Portfolio-UP_Umwelt-Perspektiven-scaled.jpg","contentUrl":"https:\/\/www.organisator.ch\/wp-content\/uploads\/2020\/09\/UBS-Nachhaltig-Portfolio-UP_Umwelt-Perspektiven-scaled.jpg","width":2560,"height":1707,"caption":"UBS sieht h\u00f6here Renditen bei nachhaltigen Portfolios. (Bild: Unsplash)"},{"@type":"BreadcrumbList","@id":"https:\/\/www.organisator.ch\/sustainability\/2020-09-15\/ubs-empfiehlt-kuenftig-nachhaltige-anlagen\/#breadcrumb","itemListElement":[{"@type":"ListItem","position":1,"name":"Home","item":"https:\/\/www.organisator.ch\/"},{"@type":"ListItem","position":2,"name":"UBS empfiehlt k\u00fcnftig nachhaltige Anlagen"}]},{"@type":"WebSite","@id":"https:\/\/www.organisator.ch\/#website","url":"https:\/\/www.organisator.ch\/","name":"Organisator","description":"Kompetent. Praxisnah. Der ORGANISATOR bereitet in 10 Ausgaben pro Jahr die wesentlichen Themen f\u00fcr F\u00fchrungskr\u00e4fte von KMU auf.","publisher":{"@id":"https:\/\/www.organisator.ch\/#organization"},"potentialAction":[{"@type":"SearchAction","target":{"@type":"EntryPoint","urlTemplate":"https:\/\/www.organisator.ch\/?s={search_term_string}"},"query-input":{"@type":"PropertyValueSpecification","valueRequired":true,"valueName":"search_term_string"}}],"inLanguage":"de"},{"@type":"Organization","@id":"https:\/\/www.organisator.ch\/#organization","name":"Organisator","url":"https:\/\/www.organisator.ch\/","logo":{"@type":"ImageObject","inLanguage":"de","@id":"https:\/\/www.organisator.ch\/#\/schema\/logo\/image\/","url":"https:\/\/www.organisator.ch\/wp-content\/uploads\/2022\/01\/Logo_Organisator_Website.png","contentUrl":"https:\/\/www.organisator.ch\/wp-content\/uploads\/2022\/01\/Logo_Organisator_Website.png","width":800,"height":77,"caption":"Organisator"},"image":{"@id":"https:\/\/www.organisator.ch\/#\/schema\/logo\/image\/"},"sameAs":["https:\/\/www.facebook.com\/OrganisatorFachmagazin","https:\/\/www.linkedin.com\/showcase\/organisator-das-magazin-fr-kmu","https:\/\/www.xing.com\/news\/pages\/organisator-ch-695","https:\/\/www.youtube.com\/channel\/UCGP2Sq0iWaZwT3BdIAQFYpw"]},{"@type":"Person","@id":"https:\/\/www.organisator.ch\/#\/schema\/person\/134708ca9321c57b0362cceb7948ffbd","name":"michael.merz","image":{"@type":"ImageObject","inLanguage":"de","@id":"https:\/\/secure.gravatar.com\/avatar\/?s=96&d=mm&r=g","url":"https:\/\/secure.gravatar.com\/avatar\/?s=96&d=mm&r=g","contentUrl":"https:\/\/secure.gravatar.com\/avatar\/?s=96&d=mm&r=g","caption":"michael.merz"},"url":"https:\/\/www.organisator.ch\/de\/author\/michael-merz\/"}]}},"_links":{"self":[{"href":"https:\/\/www.organisator.ch\/de\/wp-json\/wp\/v2\/posts\/10209","targetHints":{"allow":["GET"]}}],"collection":[{"href":"https:\/\/www.organisator.ch\/de\/wp-json\/wp\/v2\/posts"}],"about":[{"href":"https:\/\/www.organisator.ch\/de\/wp-json\/wp\/v2\/types\/post"}],"author":[{"embeddable":true,"href":"https:\/\/www.organisator.ch\/de\/wp-json\/wp\/v2\/users\/5"}],"replies":[{"embeddable":true,"href":"https:\/\/www.organisator.ch\/de\/wp-json\/wp\/v2\/comments?post=10209"}],"version-history":[{"count":3,"href":"https:\/\/www.organisator.ch\/de\/wp-json\/wp\/v2\/posts\/10209\/revisions"}],"predecessor-version":[{"id":31602,"href":"https:\/\/www.organisator.ch\/de\/wp-json\/wp\/v2\/posts\/10209\/revisions\/31602"}],"wp:featuredmedia":[{"embeddable":true,"href":"https:\/\/www.organisator.ch\/de\/wp-json\/wp\/v2\/media\/3352"}],"wp:attachment":[{"href":"https:\/\/www.organisator.ch\/de\/wp-json\/wp\/v2\/media?parent=10209"}],"wp:term":[{"taxonomy":"category","embeddable":true,"href":"https:\/\/www.organisator.ch\/de\/wp-json\/wp\/v2\/categories?post=10209"},{"taxonomy":"post_tag","embeddable":true,"href":"https:\/\/www.organisator.ch\/de\/wp-json\/wp\/v2\/tags?post=10209"}],"curies":[{"name":"wp","href":"https:\/\/api.w.org\/{rel}","templated":true}]}}