{"id":10213,"date":"2020-09-30T12:53:51","date_gmt":"2020-09-30T10:53:51","guid":{"rendered":"https:\/\/www.umweltperspektiven.ch\/?p=3395"},"modified":"2024-11-07T05:07:26","modified_gmt":"2024-11-07T04:07:26","slug":"vorschau-1-zurich-forum-for-sustainable-investment-zfsi","status":"publish","type":"post","link":"https:\/\/www.organisator.ch\/de\/sustainability\/2020-09-30\/vorschau-1-zurich-forum-for-sustainable-investment-zfsi\/","title":{"rendered":"Vorschau: 1.\u00a0Zurich Forum for Sustainable Investment, ZFSI"},"content":{"rendered":"<p>&nbsp;<\/p>\n<figure id=\"attachment_3397\" aria-describedby=\"caption-attachment-3397\" style=\"width: 680px\" class=\"wp-caption alignnone\"><img loading=\"lazy\" decoding=\"async\" class=\"wp-image-3397 size-medium\" src=\"https:\/\/www.organisator.ch\/wp-content\/uploads\/2018\/04\/Engagiert-fuer-mehr-Weiblichkeit-in-der-Schweizer-Wirtschaft_Organisator-680x376.jpeg\" alt=\"Investments\" width=\"680\" height=\"376\" srcset=\"https:\/\/www.organisator.ch\/wp-content\/uploads\/2018\/04\/Engagiert-fuer-mehr-Weiblichkeit-in-der-Schweizer-Wirtschaft_Organisator-680x376.jpeg 680w, https:\/\/www.organisator.ch\/wp-content\/uploads\/2018\/04\/Engagiert-fuer-mehr-Weiblichkeit-in-der-Schweizer-Wirtschaft_Organisator-16x9.jpeg 16w, https:\/\/www.organisator.ch\/wp-content\/uploads\/2018\/04\/Engagiert-fuer-mehr-Weiblichkeit-in-der-Schweizer-Wirtschaft_Organisator-316x175.jpeg 316w, https:\/\/www.organisator.ch\/wp-content\/uploads\/2018\/04\/Engagiert-fuer-mehr-Weiblichkeit-in-der-Schweizer-Wirtschaft_Organisator-632x350.jpeg 632w, https:\/\/www.organisator.ch\/wp-content\/uploads\/2018\/04\/Engagiert-fuer-mehr-Weiblichkeit-in-der-Schweizer-Wirtschaft_Organisator-300x166.jpeg 300w, https:\/\/www.organisator.ch\/wp-content\/uploads\/2018\/04\/Engagiert-fuer-mehr-Weiblichkeit-in-der-Schweizer-Wirtschaft_Organisator.jpeg 690w\" sizes=\"auto, (max-width: 680px) 100vw, 680px\" \/><figcaption id=\"caption-attachment-3397\" class=\"wp-caption-text\">Am 1. Zurich Forum for Sustainable Investment, ZFSI, m\u00f6chte auch Thomas Vellacott, CEO von WWF Schweiz, N\u00e4gel mit K\u00f6pfen f\u00fcr nachhaltige Portfolios machen. (Bild: zVg)<\/figcaption><\/figure>\n<p>Die Financial Community \u00a0hat die Notwendigkeit erkannt, Investments strikt in Einklang mit \u00f6kologischen und sozialen Kriterien zu bringen. Dabei spielt der Gedankenaustausch innerhalb der Branche eine Schl\u00fcsselrolle. Am 29. Oktober ist daher das erste ZFSI ein wichitges Stelldichein qualifizierter Anlageprofis. Nebst diversen fachspezifischen Workshops und Paneldiskussionen leuchten drei Hauptredner das Thema aus.<\/p>\n<p>Thomas Vellacott, CEO von WWF Schweiz, geht Fragen rund um \u201eNachaltige Finanzen: Megatrend oder Modeerscheinung?\u201c auf den Grund. Thomas Moser, Mitglied der erweiterten SNB Direktion, gibt Einblick in die Anlagepolitik der Nationalbank unter spezieller Ber\u00fccksichtigung von ESG. Stefan Fl\u00fcckiger vom Internationalen Staatssekretariat f\u00fcr Finanzfragten, SIF, titelt: Swiss Sustainable Finance Hub: Gemeinsam die Kraft der Innovation nutzen.<\/p>\n<p>&nbsp;<\/p>\n<p><strong>Einzelne Konferenzen\u00a0<\/strong><\/p>\n<ul>\n<li><a class=\"paoc-popup popupaoc-link\" data-target=\"popuppaoc-modal-22927\" data-conf=\"{&quot;content&quot;:{ &quot;target&quot; : &quot;#paoc-modal-1&quot;, &quot;effect&quot;: &quot;fadein&quot;, &quot;positionX&quot;: &quot;center&quot;, &quot;positionY&quot;: &quot;center&quot;, &quot;fullscreen&quot;: false, &quot;speedIn&quot;: 300, &quot;speedOut&quot;: 300, &quot;delay&quot;: 150, &quot;width&quot;: &quot;60%&quot; },&quot;loader&quot;:{&quot;active&quot;: true},&quot;overlay&quot;:{&quot;active&quot;: true}}\">&#8222;SOLAR is revolutionizing the energy sector &#8211; Active Solar;\u00a0 <\/a><\/li>\n<li><a class=\"paoc-popup popupaoc-link\" data-target=\"popuppaoc-modal-22927\" data-conf=\"{&quot;content&quot;:{ &quot;target&quot; : &quot;#paoc-modal-1&quot;, &quot;effect&quot;: &quot;fadein&quot;, &quot;positionX&quot;: &quot;center&quot;, &quot;positionY&quot;: &quot;center&quot;, &quot;fullscreen&quot;: false, &quot;speedIn&quot;: 300, &quot;speedOut&quot;: 300, &quot;delay&quot;: 150, &quot;width&quot;: &quot;60%&quot; },&quot;loader&quot;:{&quot;active&quot;: true},&quot;overlay&quot;:{&quot;active&quot;: true}}\">&#8222;<\/a><a class=\"paoc-popup popupaoc-link\" data-target=\"popuppaoc-modal-22928\" data-conf=\"{&quot;content&quot;:{ &quot;target&quot; : &quot;#paoc-modal-2&quot;, &quot;effect&quot;: &quot;fadein&quot;, &quot;positionX&quot;: &quot;center&quot;, &quot;positionY&quot;: &quot;center&quot;, &quot;fullscreen&quot;: false, &quot;speedIn&quot;: 300, &quot;speedOut&quot;: 300, &quot;delay&quot;: 150, &quot;width&quot;: &quot;60%&quot; },&quot;loader&quot;:{&quot;active&quot;: true},&quot;overlay&quot;:{&quot;active&quot;: true}}\">How to combine impact and performance?&#8220; &#8211; Asteria Investment; <\/a><\/li>\n<li><a class=\"paoc-popup popupaoc-link\" data-target=\"popuppaoc-modal-22928\" data-conf=\"{&quot;content&quot;:{ &quot;target&quot; : &quot;#paoc-modal-2&quot;, &quot;effect&quot;: &quot;fadein&quot;, &quot;positionX&quot;: &quot;center&quot;, &quot;positionY&quot;: &quot;center&quot;, &quot;fullscreen&quot;: false, &quot;speedIn&quot;: 300, &quot;speedOut&quot;: 300, &quot;delay&quot;: 150, &quot;width&quot;: &quot;60%&quot; },&quot;loader&quot;:{&quot;active&quot;: true},&quot;overlay&quot;:{&quot;active&quot;: true}}\">&#8222;Managers\u00a0<\/a><a class=\"paoc-popup popupaoc-link\" data-target=\"popuppaoc-modal-23031\" data-conf=\"{&quot;content&quot;:{ &quot;target&quot; : &quot;#paoc-modal-3&quot;, &quot;effect&quot;: &quot;fadein&quot;, &quot;positionX&quot;: &quot;center&quot;, &quot;positionY&quot;: &quot;center&quot;, &quot;fullscreen&quot;: false, &quot;speedIn&quot;: 300, &quot;speedOut&quot;: 300, &quot;delay&quot;: 150, &quot;width&quot;: &quot;60%&quot; },&quot;loader&quot;:{&quot;active&quot;: true},&quot;overlay&quot;:{&quot;active&quot;: true}}\">SDGs and Engagement \u2013 Investing to improve \u2013 Impact in listed stocks&#8220; &#8211; BMO GAM\u00a0<\/a><a class=\"paoc-popup popupaoc-link\" data-target=\"popuppaoc-modal-22687\" data-conf=\"{&quot;content&quot;:{ &quot;target&quot; : &quot;#paoc-modal-4&quot;, &quot;effect&quot;: &quot;fadein&quot;, &quot;positionX&quot;: &quot;center&quot;, &quot;positionY&quot;: &quot;center&quot;, &quot;fullscreen&quot;: false, &quot;speedIn&quot;: 300, &quot;speedOut&quot;: 300, &quot;delay&quot;: 150, &quot;width&quot;: &quot;60%&quot; },&quot;loader&quot;:{&quot;active&quot;: true},&quot;overlay&quot;:{&quot;active&quot;: true}}\">Active; <\/a><\/li>\n<li><a class=\"paoc-popup popupaoc-link\" data-target=\"popuppaoc-modal-22687\" data-conf=\"{&quot;content&quot;:{ &quot;target&quot; : &quot;#paoc-modal-4&quot;, &quot;effect&quot;: &quot;fadein&quot;, &quot;positionX&quot;: &quot;center&quot;, &quot;positionY&quot;: &quot;center&quot;, &quot;fullscreen&quot;: false, &quot;speedIn&quot;: 300, &quot;speedOut&quot;: 300, &quot;delay&quot;: 150, &quot;width&quot;: &quot;60%&quot; },&quot;loader&quot;:{&quot;active&quot;: true},&quot;overlay&quot;:{&quot;active&quot;: true}}\">&#8222;ESG integration for companies: measuring &amp; engaging on what matters&#8220; &#8211; DPAM<\/a><\/li>\n<\/ul>\n<p><em>Weitere Details und die Namen weiterer illustren K\u00f6pfe am ZFSI in Z\u00fcrich finden Sie <a href=\"\/\/voxia.ch\/de\/zfsi2020-zurich-forum-for-sustainable-investment\/\">hier<\/a><\/em><\/p>\n<p>&nbsp;<\/p>\n<p>\u00dcber das ZFSI:<\/p>\n<p>Das Zurich Forum for Sustainable Investment, ZFSI, ist ein wegweisender Anlass im Bereich nachhaltiger Finanzdienstleistungen. Auf dieser Plattform informieren sich Anleger \u00fcber Best Practices. Hier pflegen namhafte Verm\u00f6gensverwalter und Hauptakteure der nachhaltigen Finanzindustrie einen vertieften Austausch. Die Ziele dieses Treffens sind:<\/p>\n<ul>\n<li><em>Auf die enormen Herausforderungen in den Bereichen soziale Verantwortung, Umwelt und Corporate Governance aufmerksam machen, welchen Unternehmen heute gegen\u00fcberstehen;<\/em><\/li>\n<li><em>Die Schweiz als innovativen Standort f\u00fcr nachhaltige Finanzdienstleistungen im Kontext eines verst\u00e4rkten Wettbewerbs zu f\u00f6rdern;<\/em><\/li>\n<li><em>Pr\u00e4sentation des SRI-Produkte- und Dienstleistungsmarktes f\u00fcr Verm\u00f6gensverwalter und Portfoliomanager;<\/em><\/li>\n<li><em>Eine Plattform zu bieten, um innovative nachhaltige Anlagel\u00f6sungen professionellen Anlegern zu pr\u00e4sentieren.<\/em><\/li>\n<\/ul>\n<p>&nbsp;<\/p>\n<p>&nbsp;<\/p>\n<p>&nbsp;<\/p>\n<p>&nbsp;<\/p>\n","protected":false},"excerpt":{"rendered":"<p>&nbsp; Die Financial Community \u00a0hat die Notwendigkeit erkannt, Investments strikt in Einklang mit \u00f6kologischen und sozialen Kriterien zu bringen. Dabei spielt der Gedankenaustausch innerhalb der Branche eine Schl\u00fcsselrolle. Am 29. Oktober ist daher das erste ZFSI ein wichitges Stelldichein qualifizierter Anlageprofis. Nebst diversen fachspezifischen Workshops und Paneldiskussionen leuchten drei Hauptredner das Thema aus. Thomas Vellacott, [&hellip;]<\/p>\n","protected":false},"author":5,"featured_media":9732,"comment_status":"closed","ping_status":"closed","sticky":false,"template":"","format":"standard","meta":{"_acf_changed":false,"_yoast_wpseo_focuskw":"Investments","_yoast_wpseo_metadesc":"Thomas Vellacott vom WWF Schweiz spricht am Zurich Forum f\u00fcr nachhaltige Investitionen \u00fcber nachhaltige Portfolios.","articlekey":"","footnotes":""},"categories":[580],"tags":[188,221,1554,2250,542],"class_list":["post-10213","post","type-post","status-publish","format-standard","has-post-thumbnail","hentry","category-sustainability","tag-events","tag-forum","tag-konferenzen","tag-sustainable-investment","tag-zuerich"],"acf":[],"yoast_head":"<!-- This site is optimized with the Yoast SEO plugin v27.5 - https:\/\/yoast.com\/product\/yoast-seo-wordpress\/ -->\n<title>Vorschau: 1.\u00a0Zurich Forum for Sustainable Investment, ZFSI - Organisator<\/title>\n<meta name=\"description\" content=\"Thomas Vellacott vom WWF Schweiz spricht am Zurich Forum f\u00fcr nachhaltige Investitionen \u00fcber nachhaltige Portfolios.\" \/>\n<meta name=\"robots\" content=\"index, follow, max-snippet:-1, max-image-preview:large, max-video-preview:-1\" \/>\n<link rel=\"canonical\" href=\"https:\/\/www.organisator.ch\/de\/sustainability\/2020-09-30\/vorschau-1-zurich-forum-for-sustainable-investment-zfsi\/\" \/>\n<meta property=\"og:locale\" content=\"de_DE\" \/>\n<meta property=\"og:type\" content=\"article\" \/>\n<meta property=\"og:title\" content=\"Vorschau: 1.\u00a0Zurich Forum for Sustainable Investment, ZFSI - Organisator\" \/>\n<meta property=\"og:description\" content=\"Thomas Vellacott vom WWF Schweiz spricht am Zurich Forum f\u00fcr nachhaltige Investitionen \u00fcber nachhaltige Portfolios.\" \/>\n<meta property=\"og:url\" content=\"https:\/\/www.organisator.ch\/de\/sustainability\/2020-09-30\/vorschau-1-zurich-forum-for-sustainable-investment-zfsi\/\" \/>\n<meta property=\"og:site_name\" content=\"Organisator\" \/>\n<meta property=\"article:publisher\" content=\"https:\/\/www.facebook.com\/OrganisatorFachmagazin\" \/>\n<meta property=\"article:published_time\" content=\"2020-09-30T10:53:51+00:00\" \/>\n<meta property=\"article:modified_time\" content=\"2024-11-07T04:07:26+00:00\" \/>\n<meta property=\"og:image\" content=\"https:\/\/www.organisator.ch\/wp-content\/uploads\/2020\/09\/Photo-THV-scaled.jpg\" \/>\n\t<meta property=\"og:image:width\" content=\"2560\" \/>\n\t<meta property=\"og:image:height\" content=\"1707\" \/>\n\t<meta property=\"og:image:type\" content=\"image\/jpeg\" \/>\n<meta name=\"author\" content=\"michael.merz\" \/>\n<meta name=\"twitter:card\" content=\"summary_large_image\" \/>\n<script type=\"application\/ld+json\" class=\"yoast-schema-graph\">{\"@context\":\"https:\\\/\\\/schema.org\",\"@graph\":[{\"@type\":\"Article\",\"@id\":\"https:\\\/\\\/www.organisator.ch\\\/sustainability\\\/2020-09-30\\\/vorschau-1-zurich-forum-for-sustainable-investment-zfsi\\\/#article\",\"isPartOf\":{\"@id\":\"https:\\\/\\\/www.organisator.ch\\\/sustainability\\\/2020-09-30\\\/vorschau-1-zurich-forum-for-sustainable-investment-zfsi\\\/\"},\"author\":{\"name\":\"michael.merz\",\"@id\":\"https:\\\/\\\/www.organisator.ch\\\/#\\\/schema\\\/person\\\/134708ca9321c57b0362cceb7948ffbd\"},\"headline\":\"Vorschau: 1.\u00a0Zurich Forum for Sustainable Investment, ZFSI\",\"datePublished\":\"2020-09-30T10:53:51+00:00\",\"dateModified\":\"2024-11-07T04:07:26+00:00\",\"mainEntityOfPage\":{\"@id\":\"https:\\\/\\\/www.organisator.ch\\\/sustainability\\\/2020-09-30\\\/vorschau-1-zurich-forum-for-sustainable-investment-zfsi\\\/\"},\"wordCount\":333,\"publisher\":{\"@id\":\"https:\\\/\\\/www.organisator.ch\\\/#organization\"},\"image\":{\"@id\":\"https:\\\/\\\/www.organisator.ch\\\/sustainability\\\/2020-09-30\\\/vorschau-1-zurich-forum-for-sustainable-investment-zfsi\\\/#primaryimage\"},\"thumbnailUrl\":\"https:\\\/\\\/www.organisator.ch\\\/wp-content\\\/uploads\\\/2020\\\/09\\\/Photo-THV-scaled.jpg\",\"keywords\":[\"Events\",\"Forum\",\"Konferenzen\",\"Sustainable Investment\",\"Z\u00fcrich\"],\"articleSection\":[\"SUSTAINABILITY\"],\"inLanguage\":\"de\"},{\"@type\":\"WebPage\",\"@id\":\"https:\\\/\\\/www.organisator.ch\\\/sustainability\\\/2020-09-30\\\/vorschau-1-zurich-forum-for-sustainable-investment-zfsi\\\/\",\"url\":\"https:\\\/\\\/www.organisator.ch\\\/sustainability\\\/2020-09-30\\\/vorschau-1-zurich-forum-for-sustainable-investment-zfsi\\\/\",\"name\":\"Vorschau: 1.\u00a0Zurich Forum for Sustainable Investment, ZFSI - Organisator\",\"isPartOf\":{\"@id\":\"https:\\\/\\\/www.organisator.ch\\\/#website\"},\"primaryImageOfPage\":{\"@id\":\"https:\\\/\\\/www.organisator.ch\\\/sustainability\\\/2020-09-30\\\/vorschau-1-zurich-forum-for-sustainable-investment-zfsi\\\/#primaryimage\"},\"image\":{\"@id\":\"https:\\\/\\\/www.organisator.ch\\\/sustainability\\\/2020-09-30\\\/vorschau-1-zurich-forum-for-sustainable-investment-zfsi\\\/#primaryimage\"},\"thumbnailUrl\":\"https:\\\/\\\/www.organisator.ch\\\/wp-content\\\/uploads\\\/2020\\\/09\\\/Photo-THV-scaled.jpg\",\"datePublished\":\"2020-09-30T10:53:51+00:00\",\"dateModified\":\"2024-11-07T04:07:26+00:00\",\"description\":\"Thomas Vellacott vom WWF Schweiz spricht am Zurich Forum f\u00fcr nachhaltige Investitionen \u00fcber nachhaltige Portfolios.\",\"breadcrumb\":{\"@id\":\"https:\\\/\\\/www.organisator.ch\\\/sustainability\\\/2020-09-30\\\/vorschau-1-zurich-forum-for-sustainable-investment-zfsi\\\/#breadcrumb\"},\"inLanguage\":\"de\",\"potentialAction\":[{\"@type\":\"ReadAction\",\"target\":[\"https:\\\/\\\/www.organisator.ch\\\/sustainability\\\/2020-09-30\\\/vorschau-1-zurich-forum-for-sustainable-investment-zfsi\\\/\"]}]},{\"@type\":\"ImageObject\",\"inLanguage\":\"de\",\"@id\":\"https:\\\/\\\/www.organisator.ch\\\/sustainability\\\/2020-09-30\\\/vorschau-1-zurich-forum-for-sustainable-investment-zfsi\\\/#primaryimage\",\"url\":\"https:\\\/\\\/www.organisator.ch\\\/wp-content\\\/uploads\\\/2020\\\/09\\\/Photo-THV-scaled.jpg\",\"contentUrl\":\"https:\\\/\\\/www.organisator.ch\\\/wp-content\\\/uploads\\\/2020\\\/09\\\/Photo-THV-scaled.jpg\",\"width\":2560,\"height\":1707,\"caption\":\"N\u00e4gel mit K\u00f6pfen f\u00fcr nachhaltige Anlagen\"},{\"@type\":\"BreadcrumbList\",\"@id\":\"https:\\\/\\\/www.organisator.ch\\\/sustainability\\\/2020-09-30\\\/vorschau-1-zurich-forum-for-sustainable-investment-zfsi\\\/#breadcrumb\",\"itemListElement\":[{\"@type\":\"ListItem\",\"position\":1,\"name\":\"Home\",\"item\":\"https:\\\/\\\/www.organisator.ch\\\/\"},{\"@type\":\"ListItem\",\"position\":2,\"name\":\"Vorschau: 1.\u00a0Zurich Forum for Sustainable Investment, ZFSI\"}]},{\"@type\":\"WebSite\",\"@id\":\"https:\\\/\\\/www.organisator.ch\\\/#website\",\"url\":\"https:\\\/\\\/www.organisator.ch\\\/\",\"name\":\"Organisator\",\"description\":\"Kompetent. Praxisnah. Der ORGANISATOR bereitet in 10 Ausgaben pro Jahr die wesentlichen Themen f\u00fcr F\u00fchrungskr\u00e4fte von KMU auf.\",\"publisher\":{\"@id\":\"https:\\\/\\\/www.organisator.ch\\\/#organization\"},\"potentialAction\":[{\"@type\":\"SearchAction\",\"target\":{\"@type\":\"EntryPoint\",\"urlTemplate\":\"https:\\\/\\\/www.organisator.ch\\\/?s={search_term_string}\"},\"query-input\":{\"@type\":\"PropertyValueSpecification\",\"valueRequired\":true,\"valueName\":\"search_term_string\"}}],\"inLanguage\":\"de\"},{\"@type\":\"Organization\",\"@id\":\"https:\\\/\\\/www.organisator.ch\\\/#organization\",\"name\":\"Organisator\",\"url\":\"https:\\\/\\\/www.organisator.ch\\\/\",\"logo\":{\"@type\":\"ImageObject\",\"inLanguage\":\"de\",\"@id\":\"https:\\\/\\\/www.organisator.ch\\\/#\\\/schema\\\/logo\\\/image\\\/\",\"url\":\"https:\\\/\\\/www.organisator.ch\\\/wp-content\\\/uploads\\\/2022\\\/01\\\/Logo_Organisator_Website.png\",\"contentUrl\":\"https:\\\/\\\/www.organisator.ch\\\/wp-content\\\/uploads\\\/2022\\\/01\\\/Logo_Organisator_Website.png\",\"width\":800,\"height\":77,\"caption\":\"Organisator\"},\"image\":{\"@id\":\"https:\\\/\\\/www.organisator.ch\\\/#\\\/schema\\\/logo\\\/image\\\/\"},\"sameAs\":[\"https:\\\/\\\/www.facebook.com\\\/OrganisatorFachmagazin\",\"https:\\\/\\\/www.linkedin.com\\\/showcase\\\/organisator-das-magazin-fr-kmu\",\"https:\\\/\\\/www.xing.com\\\/news\\\/pages\\\/organisator-ch-695\",\"https:\\\/\\\/www.youtube.com\\\/channel\\\/UCGP2Sq0iWaZwT3BdIAQFYpw\"]},{\"@type\":\"Person\",\"@id\":\"https:\\\/\\\/www.organisator.ch\\\/#\\\/schema\\\/person\\\/134708ca9321c57b0362cceb7948ffbd\",\"name\":\"michael.merz\",\"image\":{\"@type\":\"ImageObject\",\"inLanguage\":\"de\",\"@id\":\"https:\\\/\\\/secure.gravatar.com\\\/avatar\\\/?s=96&d=mm&r=g\",\"url\":\"https:\\\/\\\/secure.gravatar.com\\\/avatar\\\/?s=96&d=mm&r=g\",\"contentUrl\":\"https:\\\/\\\/secure.gravatar.com\\\/avatar\\\/?s=96&d=mm&r=g\",\"caption\":\"michael.merz\"},\"url\":\"https:\\\/\\\/www.organisator.ch\\\/de\\\/author\\\/michael-merz\\\/\"}]}<\/script>\n<!-- \/ Yoast SEO plugin. -->","yoast_head_json":{"title":"Vorschau: 1.\u00a0Zurich Forum for Sustainable Investment, ZFSI - Organisator","description":"Thomas Vellacott vom WWF Schweiz spricht am Zurich Forum f\u00fcr nachhaltige Investitionen \u00fcber nachhaltige Portfolios.","robots":{"index":"index","follow":"follow","max-snippet":"max-snippet:-1","max-image-preview":"max-image-preview:large","max-video-preview":"max-video-preview:-1"},"canonical":"https:\/\/www.organisator.ch\/de\/sustainability\/2020-09-30\/vorschau-1-zurich-forum-for-sustainable-investment-zfsi\/","og_locale":"de_DE","og_type":"article","og_title":"Vorschau: 1.\u00a0Zurich Forum for Sustainable Investment, ZFSI - Organisator","og_description":"Thomas Vellacott vom WWF Schweiz spricht am Zurich Forum f\u00fcr nachhaltige Investitionen \u00fcber nachhaltige Portfolios.","og_url":"https:\/\/www.organisator.ch\/de\/sustainability\/2020-09-30\/vorschau-1-zurich-forum-for-sustainable-investment-zfsi\/","og_site_name":"Organisator","article_publisher":"https:\/\/www.facebook.com\/OrganisatorFachmagazin","article_published_time":"2020-09-30T10:53:51+00:00","article_modified_time":"2024-11-07T04:07:26+00:00","og_image":[{"width":2560,"height":1707,"url":"https:\/\/www.organisator.ch\/wp-content\/uploads\/2020\/09\/Photo-THV-scaled.jpg","type":"image\/jpeg"}],"author":"michael.merz","twitter_card":"summary_large_image","schema":{"@context":"https:\/\/schema.org","@graph":[{"@type":"Article","@id":"https:\/\/www.organisator.ch\/sustainability\/2020-09-30\/vorschau-1-zurich-forum-for-sustainable-investment-zfsi\/#article","isPartOf":{"@id":"https:\/\/www.organisator.ch\/sustainability\/2020-09-30\/vorschau-1-zurich-forum-for-sustainable-investment-zfsi\/"},"author":{"name":"michael.merz","@id":"https:\/\/www.organisator.ch\/#\/schema\/person\/134708ca9321c57b0362cceb7948ffbd"},"headline":"Vorschau: 1.\u00a0Zurich Forum for Sustainable Investment, ZFSI","datePublished":"2020-09-30T10:53:51+00:00","dateModified":"2024-11-07T04:07:26+00:00","mainEntityOfPage":{"@id":"https:\/\/www.organisator.ch\/sustainability\/2020-09-30\/vorschau-1-zurich-forum-for-sustainable-investment-zfsi\/"},"wordCount":333,"publisher":{"@id":"https:\/\/www.organisator.ch\/#organization"},"image":{"@id":"https:\/\/www.organisator.ch\/sustainability\/2020-09-30\/vorschau-1-zurich-forum-for-sustainable-investment-zfsi\/#primaryimage"},"thumbnailUrl":"https:\/\/www.organisator.ch\/wp-content\/uploads\/2020\/09\/Photo-THV-scaled.jpg","keywords":["Events","Forum","Konferenzen","Sustainable Investment","Z\u00fcrich"],"articleSection":["SUSTAINABILITY"],"inLanguage":"de"},{"@type":"WebPage","@id":"https:\/\/www.organisator.ch\/sustainability\/2020-09-30\/vorschau-1-zurich-forum-for-sustainable-investment-zfsi\/","url":"https:\/\/www.organisator.ch\/sustainability\/2020-09-30\/vorschau-1-zurich-forum-for-sustainable-investment-zfsi\/","name":"Vorschau: 1.\u00a0Zurich Forum for Sustainable Investment, ZFSI - Organisator","isPartOf":{"@id":"https:\/\/www.organisator.ch\/#website"},"primaryImageOfPage":{"@id":"https:\/\/www.organisator.ch\/sustainability\/2020-09-30\/vorschau-1-zurich-forum-for-sustainable-investment-zfsi\/#primaryimage"},"image":{"@id":"https:\/\/www.organisator.ch\/sustainability\/2020-09-30\/vorschau-1-zurich-forum-for-sustainable-investment-zfsi\/#primaryimage"},"thumbnailUrl":"https:\/\/www.organisator.ch\/wp-content\/uploads\/2020\/09\/Photo-THV-scaled.jpg","datePublished":"2020-09-30T10:53:51+00:00","dateModified":"2024-11-07T04:07:26+00:00","description":"Thomas Vellacott vom WWF Schweiz spricht am Zurich Forum f\u00fcr nachhaltige Investitionen \u00fcber nachhaltige Portfolios.","breadcrumb":{"@id":"https:\/\/www.organisator.ch\/sustainability\/2020-09-30\/vorschau-1-zurich-forum-for-sustainable-investment-zfsi\/#breadcrumb"},"inLanguage":"de","potentialAction":[{"@type":"ReadAction","target":["https:\/\/www.organisator.ch\/sustainability\/2020-09-30\/vorschau-1-zurich-forum-for-sustainable-investment-zfsi\/"]}]},{"@type":"ImageObject","inLanguage":"de","@id":"https:\/\/www.organisator.ch\/sustainability\/2020-09-30\/vorschau-1-zurich-forum-for-sustainable-investment-zfsi\/#primaryimage","url":"https:\/\/www.organisator.ch\/wp-content\/uploads\/2020\/09\/Photo-THV-scaled.jpg","contentUrl":"https:\/\/www.organisator.ch\/wp-content\/uploads\/2020\/09\/Photo-THV-scaled.jpg","width":2560,"height":1707,"caption":"N\u00e4gel mit K\u00f6pfen f\u00fcr nachhaltige Anlagen"},{"@type":"BreadcrumbList","@id":"https:\/\/www.organisator.ch\/sustainability\/2020-09-30\/vorschau-1-zurich-forum-for-sustainable-investment-zfsi\/#breadcrumb","itemListElement":[{"@type":"ListItem","position":1,"name":"Home","item":"https:\/\/www.organisator.ch\/"},{"@type":"ListItem","position":2,"name":"Vorschau: 1.\u00a0Zurich Forum for Sustainable Investment, ZFSI"}]},{"@type":"WebSite","@id":"https:\/\/www.organisator.ch\/#website","url":"https:\/\/www.organisator.ch\/","name":"Organisator","description":"Kompetent. Praxisnah. Der ORGANISATOR bereitet in 10 Ausgaben pro Jahr die wesentlichen Themen f\u00fcr F\u00fchrungskr\u00e4fte von KMU auf.","publisher":{"@id":"https:\/\/www.organisator.ch\/#organization"},"potentialAction":[{"@type":"SearchAction","target":{"@type":"EntryPoint","urlTemplate":"https:\/\/www.organisator.ch\/?s={search_term_string}"},"query-input":{"@type":"PropertyValueSpecification","valueRequired":true,"valueName":"search_term_string"}}],"inLanguage":"de"},{"@type":"Organization","@id":"https:\/\/www.organisator.ch\/#organization","name":"Organisator","url":"https:\/\/www.organisator.ch\/","logo":{"@type":"ImageObject","inLanguage":"de","@id":"https:\/\/www.organisator.ch\/#\/schema\/logo\/image\/","url":"https:\/\/www.organisator.ch\/wp-content\/uploads\/2022\/01\/Logo_Organisator_Website.png","contentUrl":"https:\/\/www.organisator.ch\/wp-content\/uploads\/2022\/01\/Logo_Organisator_Website.png","width":800,"height":77,"caption":"Organisator"},"image":{"@id":"https:\/\/www.organisator.ch\/#\/schema\/logo\/image\/"},"sameAs":["https:\/\/www.facebook.com\/OrganisatorFachmagazin","https:\/\/www.linkedin.com\/showcase\/organisator-das-magazin-fr-kmu","https:\/\/www.xing.com\/news\/pages\/organisator-ch-695","https:\/\/www.youtube.com\/channel\/UCGP2Sq0iWaZwT3BdIAQFYpw"]},{"@type":"Person","@id":"https:\/\/www.organisator.ch\/#\/schema\/person\/134708ca9321c57b0362cceb7948ffbd","name":"michael.merz","image":{"@type":"ImageObject","inLanguage":"de","@id":"https:\/\/secure.gravatar.com\/avatar\/?s=96&d=mm&r=g","url":"https:\/\/secure.gravatar.com\/avatar\/?s=96&d=mm&r=g","contentUrl":"https:\/\/secure.gravatar.com\/avatar\/?s=96&d=mm&r=g","caption":"michael.merz"},"url":"https:\/\/www.organisator.ch\/de\/author\/michael-merz\/"}]}},"_links":{"self":[{"href":"https:\/\/www.organisator.ch\/de\/wp-json\/wp\/v2\/posts\/10213","targetHints":{"allow":["GET"]}}],"collection":[{"href":"https:\/\/www.organisator.ch\/de\/wp-json\/wp\/v2\/posts"}],"about":[{"href":"https:\/\/www.organisator.ch\/de\/wp-json\/wp\/v2\/types\/post"}],"author":[{"embeddable":true,"href":"https:\/\/www.organisator.ch\/de\/wp-json\/wp\/v2\/users\/5"}],"replies":[{"embeddable":true,"href":"https:\/\/www.organisator.ch\/de\/wp-json\/wp\/v2\/comments?post=10213"}],"version-history":[{"count":3,"href":"https:\/\/www.organisator.ch\/de\/wp-json\/wp\/v2\/posts\/10213\/revisions"}],"predecessor-version":[{"id":31600,"href":"https:\/\/www.organisator.ch\/de\/wp-json\/wp\/v2\/posts\/10213\/revisions\/31600"}],"wp:featuredmedia":[{"embeddable":true,"href":"https:\/\/www.organisator.ch\/de\/wp-json\/wp\/v2\/media\/9732"}],"wp:attachment":[{"href":"https:\/\/www.organisator.ch\/de\/wp-json\/wp\/v2\/media?parent=10213"}],"wp:term":[{"taxonomy":"category","embeddable":true,"href":"https:\/\/www.organisator.ch\/de\/wp-json\/wp\/v2\/categories?post=10213"},{"taxonomy":"post_tag","embeddable":true,"href":"https:\/\/www.organisator.ch\/de\/wp-json\/wp\/v2\/tags?post=10213"}],"curies":[{"name":"wp","href":"https:\/\/api.w.org\/{rel}","templated":true}]}}