{"id":10214,"date":"2020-10-07T12:17:19","date_gmt":"2020-10-07T10:17:19","guid":{"rendered":"https:\/\/www.umweltperspektiven.ch\/?p=3402"},"modified":"2022-02-09T11:09:55","modified_gmt":"2022-02-09T10:09:55","slug":"open-days-und-climate-show-die-schweiz-pulsiert-fuer-das-klima","status":"publish","type":"post","link":"https:\/\/www.organisator.ch\/de\/sustainability\/2020-10-07\/open-days-und-climate-show-die-schweiz-pulsiert-fuer-das-klima\/","title":{"rendered":"Open Days und Climate Show: Die Schweiz pulsiert f\u00fcr das Klima"},"content":{"rendered":"<p>&nbsp;<\/p>\n<p><strong><img loading=\"lazy\" decoding=\"async\" class=\"alignnone size-medium wp-image-3403\" src=\"\/\/www.umweltperspektiven.ch\/wp-content\/uploads\/2020\/10\/Climate-Show_UP_Umwelt-Perspektiven.jpg\" alt=\"\" width=\"680\" height=\"471\" srcset=\"https:\/\/www.organisator.ch\/wp-content\/uploads\/2020\/10\/Climate-Show_UP_Umwelt-Perspektiven.jpg 2217w, https:\/\/www.organisator.ch\/wp-content\/uploads\/2020\/10\/Climate-Show_UP_Umwelt-Perspektiven-680x471.jpg 680w, https:\/\/www.organisator.ch\/wp-content\/uploads\/2020\/10\/Climate-Show_UP_Umwelt-Perspektiven-1024x710.jpg 1024w, https:\/\/www.organisator.ch\/wp-content\/uploads\/2020\/10\/Climate-Show_UP_Umwelt-Perspektiven-768x532.jpg 768w, https:\/\/www.organisator.ch\/wp-content\/uploads\/2020\/10\/Climate-Show_UP_Umwelt-Perspektiven-1536x1065.jpg 1536w, https:\/\/www.organisator.ch\/wp-content\/uploads\/2020\/10\/Climate-Show_UP_Umwelt-Perspektiven-2048x1420.jpg 2048w, https:\/\/www.organisator.ch\/wp-content\/uploads\/2020\/10\/Climate-Show_UP_Umwelt-Perspektiven-18x12.jpg 18w, https:\/\/www.organisator.ch\/wp-content\/uploads\/2020\/10\/Climate-Show_UP_Umwelt-Perspektiven-252x175.jpg 252w, https:\/\/www.organisator.ch\/wp-content\/uploads\/2020\/10\/Climate-Show_UP_Umwelt-Perspektiven-505x350.jpg 505w, https:\/\/www.organisator.ch\/wp-content\/uploads\/2020\/10\/Climate-Show_UP_Umwelt-Perspektiven-1154x800.jpg 1154w, https:\/\/www.organisator.ch\/wp-content\/uploads\/2020\/10\/Climate-Show_UP_Umwelt-Perspektiven-920x638.jpg 920w, https:\/\/www.organisator.ch\/wp-content\/uploads\/2020\/10\/Climate-Show_UP_Umwelt-Perspektiven-1400x971.jpg 1400w, https:\/\/www.organisator.ch\/wp-content\/uploads\/2020\/10\/Climate-Show_UP_Umwelt-Perspektiven-2019x1400.jpg 2019w, https:\/\/www.organisator.ch\/wp-content\/uploads\/2020\/10\/Climate-Show_UP_Umwelt-Perspektiven-300x208.jpg 300w\" sizes=\"auto, (max-width: 680px) 100vw, 680px\" \/><\/strong><\/p>\n<p>Mit den <a href=\"\/\/climateshowmarket.com\/\">Open Days f\u00fcr nachhaltige L\u00f6sungen und Innovationen zum Klimaschutz<\/a> (Open Days) bietet die <a href=\"\/\/www.climateshow.ch\/\">Climate Show<\/a> eine einzigartige Alternative zu ihren in diesem Jahr pandemiebedingt abgesagten Messen. Unter dem Motto \u00abDie Schweiz pulsiert f\u00fcr das Klima\u00bb finden erstmals am 30. und 31. Oktober 2020 schweizweite Tage der offenen T\u00fcr f\u00fcr nachhaltige L\u00f6sungen und Innovationen zum Klimaschutz statt. Ziel der Open Days ist, Unternehmen in der Schweiz, die im Bereich der Nachhaltigkeit t\u00e4tig sind, zu unterst\u00fctzen und sowohl der breiten \u00d6ffentlichkeit wie auch Fachleuten und den Medien die M\u00f6glichkeit zu geben, innovative Projekte in ihrer Region zu entdecken. 100 Unternehmen nehmen bereits an der Veranstaltung teil, die unter anderem von der <a href=\"\/\/www.klimastiftung.ch\/de\/\">Klimastiftung Schweiz<\/a>, der <a href=\"\/\/www.vevey.ch\/\">Stadt Vevey<\/a> und <a href=\"\/\/www.cleantech-alps.com\/de\/\">CleantechAlps<\/a> unterst\u00fctzt wird.<\/p>\n<p>Die Climate Show folgt mit diesem alternativen Veranstaltungsangebot ihrem globalen Konzept rund um die Nachhaltigkeit, das Schweizer Unternehmen eine z\u00fcgigere Markteinf\u00fchrung ihrer nachhaltigen L\u00f6sungen erm\u00f6glichen will.<\/p>\n<p><strong>Weitere Events im November und M\u00e4rz vorgesehen\u00a0\u00a0<\/strong><\/p>\n<p>Im Anschluss an die Open Days findet am 4. und 11. November 2020 mit dem \u00abCatwalk\u00bb der Wettbewerb f\u00fcr nachhaltige Innovationen 2020 statt.\u00a0In Partnerschaft mit dem <a href=\"\/\/www.bafu.admin.ch\/bafu\/de\/home.html\">Bundesamt f\u00fcr Umwelt<\/a> und CleantechAlps (CTAlps) organisiert die Climate Show die zweite Ausgabe des Catwalks, der innovative Unternehmen in den Mittelpunkt stellt, die sich f\u00fcr den Klimaschutz einsetzen. Der Wettbewerb findet in Lausanne in zwei Runden am 4. und 11. November statt. Die sechs Partner des Klimasalons sind eingeladen, jeweils drei Unternehmen auszuw\u00e4hlen, die nach ihrer Einsch\u00e4tzung nachhaltige L\u00f6sungen mit realen Auswirkungen auf \u00d6kologie und globale Erw\u00e4rmung anbieten.<\/p>\n<p>Die Catwalk-Jury besteht aus mindestens drei Weltklasse-Unternehmern, -Investoren<br \/>\noder -Journalisten, die die Teilnehmer auf der Grundlage ihrer Pitches und ihrer Antworten auf die anschliessende Fragerunde beurteilen.<\/p>\n<p>Die Teams verteilen sich wie folgt:<\/p>\n<p>&#8211; Team 1: Bundesamt f\u00fcr Umwelt (BAFU)<\/p>\n<p>&#8211; Team 2: Klimastiftung Schweiz (FSC)<\/p>\n<p>&#8211; Team 3: CleantechAlps (CTAlps)<\/p>\n<p>&#8211; Team 4: Loomish<\/p>\n<p>&#8211; Team 5: Swiss Youth for Climate (SYFC)<\/p>\n<p>&#8211; Team 6: Climate Show<\/p>\n<p>Am Ende der zweiten Phase wird dem Gewinner-Unternehmen der \u00abSylvester Cat Award\u00bb verliehen. Alle Informationen \u00fcber den Wettbewerb, die Kriterien und Details des Verfahrens auf <a href=\"\/\/www.climateshowmarket.com\/catwalk\/\">www.climateshowmarket.com\/catwalk\/<\/a><\/p>\n<p>Die aufgrund der Pandemie-Situation verschobenen Ausstellungen der Climate Show werden neu vom 10. bis 14. M\u00e4rz 2021 im Palexpo Genf und vom 1. bis 3. Dezember 2021 in Montreux durchgef\u00fchrt.<\/p>\n<p><strong>Eintauchen in die Welt nachhaltiger Unternehmen <\/strong><\/p>\n<p>KMU, Start-ups, Selbst\u00e4ndige und Unternehmer, die im Bereich der Nachhaltigkeit t\u00e4tig sind, \u00f6ffnen am 30. und 31. Oktober 2020 in Zusammenarbeit mit verschiedenen Verb\u00e4nden, Organisationen und Stiftungen ihre T\u00fcren f\u00fcr Besucherinnen und Besucher, um ihre nachhaltigen L\u00f6sungen und Innovationen im Rahmen von Workshops und\/oder Pr\u00e4sentationen vorzustellen. \u00abF\u00fcr uns bieten die Open Days eine ideale M\u00f6glichkeit, nachhaltige L\u00f6sungen kennenzulernen und einen Austausch mit Investoren, Partnern und weiteren Interessierten herzustellen. Bei uns im Technopark Z\u00fcrich k\u00f6nnen die Besucher unsere \u201eBeleuchtung der Zukunft\u201c live erleben\u00bb, erl\u00e4utert Sina Ungewitter von der <a href=\"\/\/ledcity.ch\/\">LEDCity AG<\/a>, was Interessierte erwartet.<\/p>\n<p>100 Unternehmen sind bereits angemeldet, ihr Spektrum reicht von erneuerbaren Energien und klimaschonender Mobilit\u00e4t bis zu nachhaltiger Landwirtschaft und deckt mehr als 158 Kategorien und Unterkategorien mit direktem Bezug zu Nachhaltigkeit und Klima ab. Dazu Sibylle Duttwiler von <a href=\"\/\/fahrbiogas.ch\/\">fahrBiogas<\/a> in Flurlingen: \u00abBei uns erlebt man w\u00e4hrend der Open Days, wie man mit Abf\u00e4llen Autofahren kann. Unternehmen zeigen ihre Fahrzeugmodelle und berichten von den positiven Erfahrungen im Alltag.\u00bb<\/p>\n<p><strong>\u00a0<\/strong><strong>Pro-aktive Unterst\u00fctzung f\u00fcr KMU<\/strong><\/p>\n<p>Die Open Days 2020 sind f\u00fcr kleine und mittlere Unternehmen, die klimafreundliche und\/oder nachhaltige L\u00f6sungen anbieten von entscheidender Bedeutung. Die COVID-19-Pandemie hat viele von ihnen in gesch\u00e4ftliche und finanzielle Schwierigkeiten gebracht. Mit den Open Days folgen die Climate Show und ihre Partner der gezielten Nachfrage einiger dieser Unternehmen und bieten ihnen eine kostenlose alternative Pr\u00e4sentationsplattform. So haben die breite \u00d6ffentlichkeit und Fachleute in der ganzen Schweiz die M\u00f6glichkeit, nachhaltige und innovative L\u00f6sungen zu entdecken.<\/p>\n<p>\u00abDas Ziel der Open Days ist es, gemeinsam nachhaltige Aktivit\u00e4ten anzuregen und die Gesch\u00e4ftst\u00e4tigkeit von Unternehmen und Unternehmern zu f\u00f6rdern, insbesondere derjenigen, die von der Covid-19-Krise betroffen sind\u00bb, erkl\u00e4rt Nadia Plata, Gr\u00fcnderin und Direktorin der Climate Show.<\/p>\n<p>Auch das Hotel- und Gastst\u00e4ttengewerbe, das von der Pandemie stark betroffen ist, wird von der Dynamik dieser Initiative profitieren. Die gleichzeitige Durchf\u00fchrung der Veranstaltung in der franz\u00f6sisch-, deutsch- und italienischsprachigen Schweiz verkn\u00fcpft sich mit einem Begr\u00fcssungsprogramm f\u00fcr Besucher aus den jeweils anderen Kantonen. Dazu geh\u00f6rt der Besuch nachhaltiger Projekte, einschliesslich umweltvertr\u00e4glicher Unterk\u00fcnfte und Verpflegung.<\/p>\n<p>F\u00fcr die Open Days kann die Climate Show auf wertvolle Partner wie CleantechAlps, <a href=\"\/\/www.unil.ch\/researcher\/en\/home\/menuguid\/entrepreneuriat.html\">Unil Hub Entrepreneurship and Innovation<\/a>, die Klimastiftung Schweiz, <a href=\"\/\/www.syfc.ch\/\">Swiss Youth for Climate<\/a> und die Stadt Vevey z\u00e4hlen.<\/p>\n<p>&nbsp;<\/p>\n<p><em>Die Teilnahme an den Open Days ist f\u00fcr Unternehmen und Besucher kostenlos. Lediglich eine Registrierung ist erforderlich unter <a href=\"\/\/www.climateshowmarket.com\">www.climateshowmarket.com<\/a> .<\/em><\/p>\n<p><strong>\u00a0<\/strong><\/p>\n<p>&nbsp;<\/p>\n","protected":false},"excerpt":{"rendered":"<p>&nbsp; Mit den Open Days f\u00fcr nachhaltige L\u00f6sungen und Innovationen zum Klimaschutz (Open Days) bietet die Climate Show eine einzigartige Alternative zu ihren in diesem Jahr pandemiebedingt abgesagten Messen. Unter dem Motto \u00abDie Schweiz pulsiert f\u00fcr das Klima\u00bb finden erstmals am 30. und 31. Oktober 2020 schweizweite Tage der offenen T\u00fcr f\u00fcr nachhaltige L\u00f6sungen und [&hellip;]<\/p>\n","protected":false},"author":5,"featured_media":3403,"comment_status":"closed","ping_status":"closed","sticky":false,"template":"","format":"standard","meta":{"_acf_changed":false,"_yoast_wpseo_focuskw":"Open Days","_yoast_wpseo_metadesc":"Erstmals finden am 30. und 31. Oktober schweizweit Open Days f\u00fcr nachhaltige L\u00f6sungen und Innovationen zum Klimaschutz statt.","articlekey":"","footnotes":""},"categories":[580],"tags":[900,942,188,1757,1772,1876,424],"class_list":["post-10214","post","type-post","status-publish","format-standard","has-post-thumbnail","hentry","category-sustainability","tag-catwalks","tag-competition","tag-events","tag-nachhaltige-berufe","tag-nachhaltige-start-ups","tag-open-days","tag-schweiz"],"acf":[],"yoast_head":"<!-- This site is optimized with the Yoast SEO plugin v27.5 - https:\/\/yoast.com\/product\/yoast-seo-wordpress\/ -->\n<title>Open Days und Climate Show: Die Schweiz pulsiert f\u00fcr das Klima - Organisator<\/title>\n<meta name=\"description\" content=\"Erstmals finden am 30. und 31. Oktober schweizweit Open Days f\u00fcr nachhaltige L\u00f6sungen und Innovationen zum Klimaschutz statt.\" \/>\n<meta name=\"robots\" content=\"index, follow, max-snippet:-1, max-image-preview:large, max-video-preview:-1\" \/>\n<link rel=\"canonical\" href=\"https:\/\/www.organisator.ch\/de\/sustainability\/2020-10-07\/open-days-und-climate-show-die-schweiz-pulsiert-fuer-das-klima\/\" \/>\n<meta property=\"og:locale\" content=\"de_DE\" \/>\n<meta property=\"og:type\" content=\"article\" \/>\n<meta property=\"og:title\" content=\"Open Days und Climate Show: Die Schweiz pulsiert f\u00fcr das Klima - Organisator\" \/>\n<meta property=\"og:description\" content=\"Erstmals finden am 30. und 31. Oktober schweizweit Open Days f\u00fcr nachhaltige L\u00f6sungen und Innovationen zum Klimaschutz statt.\" \/>\n<meta property=\"og:url\" content=\"https:\/\/www.organisator.ch\/de\/sustainability\/2020-10-07\/open-days-und-climate-show-die-schweiz-pulsiert-fuer-das-klima\/\" \/>\n<meta property=\"og:site_name\" content=\"Organisator\" \/>\n<meta property=\"article:publisher\" content=\"https:\/\/www.facebook.com\/OrganisatorFachmagazin\" \/>\n<meta property=\"article:published_time\" content=\"2020-10-07T10:17:19+00:00\" \/>\n<meta property=\"article:modified_time\" content=\"2022-02-09T10:09:55+00:00\" \/>\n<meta property=\"og:image\" content=\"https:\/\/www.organisator.ch\/wp-content\/uploads\/2020\/10\/Climate-Show_UP_Umwelt-Perspektiven.jpg\" \/>\n\t<meta property=\"og:image:width\" content=\"2217\" \/>\n\t<meta property=\"og:image:height\" content=\"1537\" \/>\n\t<meta property=\"og:image:type\" content=\"image\/jpeg\" \/>\n<meta name=\"author\" content=\"michael.merz\" \/>\n<meta name=\"twitter:card\" content=\"summary_large_image\" \/>\n<script type=\"application\/ld+json\" class=\"yoast-schema-graph\">{\"@context\":\"https:\\\/\\\/schema.org\",\"@graph\":[{\"@type\":\"Article\",\"@id\":\"https:\\\/\\\/www.organisator.ch\\\/sustainability\\\/2020-10-07\\\/open-days-und-climate-show-die-schweiz-pulsiert-fuer-das-klima\\\/#article\",\"isPartOf\":{\"@id\":\"https:\\\/\\\/www.organisator.ch\\\/sustainability\\\/2020-10-07\\\/open-days-und-climate-show-die-schweiz-pulsiert-fuer-das-klima\\\/\"},\"author\":{\"name\":\"michael.merz\",\"@id\":\"https:\\\/\\\/www.organisator.ch\\\/#\\\/schema\\\/person\\\/134708ca9321c57b0362cceb7948ffbd\"},\"headline\":\"Open Days und Climate Show: Die Schweiz pulsiert f\u00fcr das Klima\",\"datePublished\":\"2020-10-07T10:17:19+00:00\",\"dateModified\":\"2022-02-09T10:09:55+00:00\",\"mainEntityOfPage\":{\"@id\":\"https:\\\/\\\/www.organisator.ch\\\/sustainability\\\/2020-10-07\\\/open-days-und-climate-show-die-schweiz-pulsiert-fuer-das-klima\\\/\"},\"wordCount\":817,\"publisher\":{\"@id\":\"https:\\\/\\\/www.organisator.ch\\\/#organization\"},\"image\":{\"@id\":\"https:\\\/\\\/www.organisator.ch\\\/sustainability\\\/2020-10-07\\\/open-days-und-climate-show-die-schweiz-pulsiert-fuer-das-klima\\\/#primaryimage\"},\"thumbnailUrl\":\"https:\\\/\\\/www.organisator.ch\\\/wp-content\\\/uploads\\\/2020\\\/10\\\/Climate-Show_UP_Umwelt-Perspektiven.jpg\",\"keywords\":[\"Catwalks\",\"Competition\",\"Events\",\"Nachhaltige Berufe\",\"Nachhaltige Start-ups\",\"Open Days\",\"Schweiz\"],\"articleSection\":[\"SUSTAINABILITY\"],\"inLanguage\":\"de\"},{\"@type\":\"WebPage\",\"@id\":\"https:\\\/\\\/www.organisator.ch\\\/sustainability\\\/2020-10-07\\\/open-days-und-climate-show-die-schweiz-pulsiert-fuer-das-klima\\\/\",\"url\":\"https:\\\/\\\/www.organisator.ch\\\/sustainability\\\/2020-10-07\\\/open-days-und-climate-show-die-schweiz-pulsiert-fuer-das-klima\\\/\",\"name\":\"Open Days und Climate Show: Die Schweiz pulsiert f\u00fcr das Klima - Organisator\",\"isPartOf\":{\"@id\":\"https:\\\/\\\/www.organisator.ch\\\/#website\"},\"primaryImageOfPage\":{\"@id\":\"https:\\\/\\\/www.organisator.ch\\\/sustainability\\\/2020-10-07\\\/open-days-und-climate-show-die-schweiz-pulsiert-fuer-das-klima\\\/#primaryimage\"},\"image\":{\"@id\":\"https:\\\/\\\/www.organisator.ch\\\/sustainability\\\/2020-10-07\\\/open-days-und-climate-show-die-schweiz-pulsiert-fuer-das-klima\\\/#primaryimage\"},\"thumbnailUrl\":\"https:\\\/\\\/www.organisator.ch\\\/wp-content\\\/uploads\\\/2020\\\/10\\\/Climate-Show_UP_Umwelt-Perspektiven.jpg\",\"datePublished\":\"2020-10-07T10:17:19+00:00\",\"dateModified\":\"2022-02-09T10:09:55+00:00\",\"description\":\"Erstmals finden am 30. und 31. Oktober schweizweit Open Days f\u00fcr nachhaltige L\u00f6sungen und Innovationen zum Klimaschutz statt.\",\"breadcrumb\":{\"@id\":\"https:\\\/\\\/www.organisator.ch\\\/sustainability\\\/2020-10-07\\\/open-days-und-climate-show-die-schweiz-pulsiert-fuer-das-klima\\\/#breadcrumb\"},\"inLanguage\":\"de\",\"potentialAction\":[{\"@type\":\"ReadAction\",\"target\":[\"https:\\\/\\\/www.organisator.ch\\\/sustainability\\\/2020-10-07\\\/open-days-und-climate-show-die-schweiz-pulsiert-fuer-das-klima\\\/\"]}]},{\"@type\":\"ImageObject\",\"inLanguage\":\"de\",\"@id\":\"https:\\\/\\\/www.organisator.ch\\\/sustainability\\\/2020-10-07\\\/open-days-und-climate-show-die-schweiz-pulsiert-fuer-das-klima\\\/#primaryimage\",\"url\":\"https:\\\/\\\/www.organisator.ch\\\/wp-content\\\/uploads\\\/2020\\\/10\\\/Climate-Show_UP_Umwelt-Perspektiven.jpg\",\"contentUrl\":\"https:\\\/\\\/www.organisator.ch\\\/wp-content\\\/uploads\\\/2020\\\/10\\\/Climate-Show_UP_Umwelt-Perspektiven.jpg\",\"width\":2217,\"height\":1537},{\"@type\":\"BreadcrumbList\",\"@id\":\"https:\\\/\\\/www.organisator.ch\\\/sustainability\\\/2020-10-07\\\/open-days-und-climate-show-die-schweiz-pulsiert-fuer-das-klima\\\/#breadcrumb\",\"itemListElement\":[{\"@type\":\"ListItem\",\"position\":1,\"name\":\"Home\",\"item\":\"https:\\\/\\\/www.organisator.ch\\\/\"},{\"@type\":\"ListItem\",\"position\":2,\"name\":\"Open Days und Climate Show: Die Schweiz pulsiert f\u00fcr das Klima\"}]},{\"@type\":\"WebSite\",\"@id\":\"https:\\\/\\\/www.organisator.ch\\\/#website\",\"url\":\"https:\\\/\\\/www.organisator.ch\\\/\",\"name\":\"Organisator\",\"description\":\"Kompetent. Praxisnah. Der ORGANISATOR bereitet in 10 Ausgaben pro Jahr die wesentlichen Themen f\u00fcr F\u00fchrungskr\u00e4fte von KMU auf.\",\"publisher\":{\"@id\":\"https:\\\/\\\/www.organisator.ch\\\/#organization\"},\"potentialAction\":[{\"@type\":\"SearchAction\",\"target\":{\"@type\":\"EntryPoint\",\"urlTemplate\":\"https:\\\/\\\/www.organisator.ch\\\/?s={search_term_string}\"},\"query-input\":{\"@type\":\"PropertyValueSpecification\",\"valueRequired\":true,\"valueName\":\"search_term_string\"}}],\"inLanguage\":\"de\"},{\"@type\":\"Organization\",\"@id\":\"https:\\\/\\\/www.organisator.ch\\\/#organization\",\"name\":\"Organisator\",\"url\":\"https:\\\/\\\/www.organisator.ch\\\/\",\"logo\":{\"@type\":\"ImageObject\",\"inLanguage\":\"de\",\"@id\":\"https:\\\/\\\/www.organisator.ch\\\/#\\\/schema\\\/logo\\\/image\\\/\",\"url\":\"https:\\\/\\\/www.organisator.ch\\\/wp-content\\\/uploads\\\/2022\\\/01\\\/Logo_Organisator_Website.png\",\"contentUrl\":\"https:\\\/\\\/www.organisator.ch\\\/wp-content\\\/uploads\\\/2022\\\/01\\\/Logo_Organisator_Website.png\",\"width\":800,\"height\":77,\"caption\":\"Organisator\"},\"image\":{\"@id\":\"https:\\\/\\\/www.organisator.ch\\\/#\\\/schema\\\/logo\\\/image\\\/\"},\"sameAs\":[\"https:\\\/\\\/www.facebook.com\\\/OrganisatorFachmagazin\",\"https:\\\/\\\/www.linkedin.com\\\/showcase\\\/organisator-das-magazin-fr-kmu\",\"https:\\\/\\\/www.xing.com\\\/news\\\/pages\\\/organisator-ch-695\",\"https:\\\/\\\/www.youtube.com\\\/channel\\\/UCGP2Sq0iWaZwT3BdIAQFYpw\"]},{\"@type\":\"Person\",\"@id\":\"https:\\\/\\\/www.organisator.ch\\\/#\\\/schema\\\/person\\\/134708ca9321c57b0362cceb7948ffbd\",\"name\":\"michael.merz\",\"image\":{\"@type\":\"ImageObject\",\"inLanguage\":\"de\",\"@id\":\"https:\\\/\\\/secure.gravatar.com\\\/avatar\\\/?s=96&d=mm&r=g\",\"url\":\"https:\\\/\\\/secure.gravatar.com\\\/avatar\\\/?s=96&d=mm&r=g\",\"contentUrl\":\"https:\\\/\\\/secure.gravatar.com\\\/avatar\\\/?s=96&d=mm&r=g\",\"caption\":\"michael.merz\"},\"url\":\"https:\\\/\\\/www.organisator.ch\\\/de\\\/author\\\/michael-merz\\\/\"}]}<\/script>\n<!-- \/ Yoast SEO plugin. -->","yoast_head_json":{"title":"Open Days und Climate Show: Die Schweiz pulsiert f\u00fcr das Klima - Organisator","description":"Erstmals finden am 30. und 31. Oktober schweizweit Open Days f\u00fcr nachhaltige L\u00f6sungen und Innovationen zum Klimaschutz statt.","robots":{"index":"index","follow":"follow","max-snippet":"max-snippet:-1","max-image-preview":"max-image-preview:large","max-video-preview":"max-video-preview:-1"},"canonical":"https:\/\/www.organisator.ch\/de\/sustainability\/2020-10-07\/open-days-und-climate-show-die-schweiz-pulsiert-fuer-das-klima\/","og_locale":"de_DE","og_type":"article","og_title":"Open Days und Climate Show: Die Schweiz pulsiert f\u00fcr das Klima - Organisator","og_description":"Erstmals finden am 30. und 31. Oktober schweizweit Open Days f\u00fcr nachhaltige L\u00f6sungen und Innovationen zum Klimaschutz statt.","og_url":"https:\/\/www.organisator.ch\/de\/sustainability\/2020-10-07\/open-days-und-climate-show-die-schweiz-pulsiert-fuer-das-klima\/","og_site_name":"Organisator","article_publisher":"https:\/\/www.facebook.com\/OrganisatorFachmagazin","article_published_time":"2020-10-07T10:17:19+00:00","article_modified_time":"2022-02-09T10:09:55+00:00","og_image":[{"width":2217,"height":1537,"url":"https:\/\/www.organisator.ch\/wp-content\/uploads\/2020\/10\/Climate-Show_UP_Umwelt-Perspektiven.jpg","type":"image\/jpeg"}],"author":"michael.merz","twitter_card":"summary_large_image","schema":{"@context":"https:\/\/schema.org","@graph":[{"@type":"Article","@id":"https:\/\/www.organisator.ch\/sustainability\/2020-10-07\/open-days-und-climate-show-die-schweiz-pulsiert-fuer-das-klima\/#article","isPartOf":{"@id":"https:\/\/www.organisator.ch\/sustainability\/2020-10-07\/open-days-und-climate-show-die-schweiz-pulsiert-fuer-das-klima\/"},"author":{"name":"michael.merz","@id":"https:\/\/www.organisator.ch\/#\/schema\/person\/134708ca9321c57b0362cceb7948ffbd"},"headline":"Open Days und Climate Show: Die Schweiz pulsiert f\u00fcr das Klima","datePublished":"2020-10-07T10:17:19+00:00","dateModified":"2022-02-09T10:09:55+00:00","mainEntityOfPage":{"@id":"https:\/\/www.organisator.ch\/sustainability\/2020-10-07\/open-days-und-climate-show-die-schweiz-pulsiert-fuer-das-klima\/"},"wordCount":817,"publisher":{"@id":"https:\/\/www.organisator.ch\/#organization"},"image":{"@id":"https:\/\/www.organisator.ch\/sustainability\/2020-10-07\/open-days-und-climate-show-die-schweiz-pulsiert-fuer-das-klima\/#primaryimage"},"thumbnailUrl":"https:\/\/www.organisator.ch\/wp-content\/uploads\/2020\/10\/Climate-Show_UP_Umwelt-Perspektiven.jpg","keywords":["Catwalks","Competition","Events","Nachhaltige Berufe","Nachhaltige Start-ups","Open Days","Schweiz"],"articleSection":["SUSTAINABILITY"],"inLanguage":"de"},{"@type":"WebPage","@id":"https:\/\/www.organisator.ch\/sustainability\/2020-10-07\/open-days-und-climate-show-die-schweiz-pulsiert-fuer-das-klima\/","url":"https:\/\/www.organisator.ch\/sustainability\/2020-10-07\/open-days-und-climate-show-die-schweiz-pulsiert-fuer-das-klima\/","name":"Open Days und Climate Show: Die Schweiz pulsiert f\u00fcr das Klima - Organisator","isPartOf":{"@id":"https:\/\/www.organisator.ch\/#website"},"primaryImageOfPage":{"@id":"https:\/\/www.organisator.ch\/sustainability\/2020-10-07\/open-days-und-climate-show-die-schweiz-pulsiert-fuer-das-klima\/#primaryimage"},"image":{"@id":"https:\/\/www.organisator.ch\/sustainability\/2020-10-07\/open-days-und-climate-show-die-schweiz-pulsiert-fuer-das-klima\/#primaryimage"},"thumbnailUrl":"https:\/\/www.organisator.ch\/wp-content\/uploads\/2020\/10\/Climate-Show_UP_Umwelt-Perspektiven.jpg","datePublished":"2020-10-07T10:17:19+00:00","dateModified":"2022-02-09T10:09:55+00:00","description":"Erstmals finden am 30. und 31. Oktober schweizweit Open Days f\u00fcr nachhaltige L\u00f6sungen und Innovationen zum Klimaschutz statt.","breadcrumb":{"@id":"https:\/\/www.organisator.ch\/sustainability\/2020-10-07\/open-days-und-climate-show-die-schweiz-pulsiert-fuer-das-klima\/#breadcrumb"},"inLanguage":"de","potentialAction":[{"@type":"ReadAction","target":["https:\/\/www.organisator.ch\/sustainability\/2020-10-07\/open-days-und-climate-show-die-schweiz-pulsiert-fuer-das-klima\/"]}]},{"@type":"ImageObject","inLanguage":"de","@id":"https:\/\/www.organisator.ch\/sustainability\/2020-10-07\/open-days-und-climate-show-die-schweiz-pulsiert-fuer-das-klima\/#primaryimage","url":"https:\/\/www.organisator.ch\/wp-content\/uploads\/2020\/10\/Climate-Show_UP_Umwelt-Perspektiven.jpg","contentUrl":"https:\/\/www.organisator.ch\/wp-content\/uploads\/2020\/10\/Climate-Show_UP_Umwelt-Perspektiven.jpg","width":2217,"height":1537},{"@type":"BreadcrumbList","@id":"https:\/\/www.organisator.ch\/sustainability\/2020-10-07\/open-days-und-climate-show-die-schweiz-pulsiert-fuer-das-klima\/#breadcrumb","itemListElement":[{"@type":"ListItem","position":1,"name":"Home","item":"https:\/\/www.organisator.ch\/"},{"@type":"ListItem","position":2,"name":"Open Days und Climate Show: Die Schweiz pulsiert f\u00fcr das Klima"}]},{"@type":"WebSite","@id":"https:\/\/www.organisator.ch\/#website","url":"https:\/\/www.organisator.ch\/","name":"Organisator","description":"Kompetent. Praxisnah. Der ORGANISATOR bereitet in 10 Ausgaben pro Jahr die wesentlichen Themen f\u00fcr F\u00fchrungskr\u00e4fte von KMU auf.","publisher":{"@id":"https:\/\/www.organisator.ch\/#organization"},"potentialAction":[{"@type":"SearchAction","target":{"@type":"EntryPoint","urlTemplate":"https:\/\/www.organisator.ch\/?s={search_term_string}"},"query-input":{"@type":"PropertyValueSpecification","valueRequired":true,"valueName":"search_term_string"}}],"inLanguage":"de"},{"@type":"Organization","@id":"https:\/\/www.organisator.ch\/#organization","name":"Organisator","url":"https:\/\/www.organisator.ch\/","logo":{"@type":"ImageObject","inLanguage":"de","@id":"https:\/\/www.organisator.ch\/#\/schema\/logo\/image\/","url":"https:\/\/www.organisator.ch\/wp-content\/uploads\/2022\/01\/Logo_Organisator_Website.png","contentUrl":"https:\/\/www.organisator.ch\/wp-content\/uploads\/2022\/01\/Logo_Organisator_Website.png","width":800,"height":77,"caption":"Organisator"},"image":{"@id":"https:\/\/www.organisator.ch\/#\/schema\/logo\/image\/"},"sameAs":["https:\/\/www.facebook.com\/OrganisatorFachmagazin","https:\/\/www.linkedin.com\/showcase\/organisator-das-magazin-fr-kmu","https:\/\/www.xing.com\/news\/pages\/organisator-ch-695","https:\/\/www.youtube.com\/channel\/UCGP2Sq0iWaZwT3BdIAQFYpw"]},{"@type":"Person","@id":"https:\/\/www.organisator.ch\/#\/schema\/person\/134708ca9321c57b0362cceb7948ffbd","name":"michael.merz","image":{"@type":"ImageObject","inLanguage":"de","@id":"https:\/\/secure.gravatar.com\/avatar\/?s=96&d=mm&r=g","url":"https:\/\/secure.gravatar.com\/avatar\/?s=96&d=mm&r=g","contentUrl":"https:\/\/secure.gravatar.com\/avatar\/?s=96&d=mm&r=g","caption":"michael.merz"},"url":"https:\/\/www.organisator.ch\/de\/author\/michael-merz\/"}]}},"_links":{"self":[{"href":"https:\/\/www.organisator.ch\/de\/wp-json\/wp\/v2\/posts\/10214","targetHints":{"allow":["GET"]}}],"collection":[{"href":"https:\/\/www.organisator.ch\/de\/wp-json\/wp\/v2\/posts"}],"about":[{"href":"https:\/\/www.organisator.ch\/de\/wp-json\/wp\/v2\/types\/post"}],"author":[{"embeddable":true,"href":"https:\/\/www.organisator.ch\/de\/wp-json\/wp\/v2\/users\/5"}],"replies":[{"embeddable":true,"href":"https:\/\/www.organisator.ch\/de\/wp-json\/wp\/v2\/comments?post=10214"}],"version-history":[{"count":1,"href":"https:\/\/www.organisator.ch\/de\/wp-json\/wp\/v2\/posts\/10214\/revisions"}],"predecessor-version":[{"id":10813,"href":"https:\/\/www.organisator.ch\/de\/wp-json\/wp\/v2\/posts\/10214\/revisions\/10813"}],"wp:featuredmedia":[{"embeddable":true,"href":"https:\/\/www.organisator.ch\/de\/wp-json\/wp\/v2\/media\/3403"}],"wp:attachment":[{"href":"https:\/\/www.organisator.ch\/de\/wp-json\/wp\/v2\/media?parent=10214"}],"wp:term":[{"taxonomy":"category","embeddable":true,"href":"https:\/\/www.organisator.ch\/de\/wp-json\/wp\/v2\/categories?post=10214"},{"taxonomy":"post_tag","embeddable":true,"href":"https:\/\/www.organisator.ch\/de\/wp-json\/wp\/v2\/tags?post=10214"}],"curies":[{"name":"wp","href":"https:\/\/api.w.org\/{rel}","templated":true}]}}