{"id":10218,"date":"2020-10-14T11:04:03","date_gmt":"2020-10-14T09:04:03","guid":{"rendered":"https:\/\/www.umweltperspektiven.ch\/?p=3430"},"modified":"2020-10-14T11:04:03","modified_gmt":"2020-10-14T09:04:03","slug":"weltnormentag-2020-wo-uns-normen-schuetzen","status":"publish","type":"post","link":"https:\/\/www.organisator.ch\/de\/allgemein\/2020-10-14\/weltnormentag-2020-wo-uns-normen-schuetzen\/","title":{"rendered":"Weltnormentag 2020: Wo uns Normen sch\u00fctzen"},"content":{"rendered":"<p>&nbsp;<\/p>\n<figure id=\"attachment_3432\" aria-describedby=\"caption-attachment-3432\" style=\"width: 680px\" class=\"wp-caption alignnone\"><img loading=\"lazy\" decoding=\"async\" class=\"wp-image-3432 size-medium\" src=\"\/\/www.umweltperspektiven.ch\/wp-content\/uploads\/2020\/10\/Weltnormentag-up_umweltperpektiven.jpg\" alt=\"\" width=\"680\" height=\"454\" \/><figcaption id=\"caption-attachment-3432\" class=\"wp-caption-text\">Der Weltnormentag, englisch World Standards Day, wird j\u00e4hrlich am 14. Oktober begangen. Es ist ein Gedenktag, der von der Internationalen Organisation f\u00fcr Normung (ISO), der International Electrotechnical Commission (IEC) und der Internationalen Fernmeldeunion (ITU) ins Leben gerufen wurde. (Bild: Unsplash)<\/figcaption><\/figure>\n<p>In der Pressemitteilung zum Weltnormentag 2020 steht ein zentraler Satz: \u00abUm den menschlichen Einfluss auf unseren Planeten zu verringern, brauchen wir den politischen Willen, konkrete Massnahmen und die richtigen Instrumente.\u00a0Internationale Normen sind ein solches Instrument.\u00bb Doch l\u00e4sst sich unsere Welt mit Normen sch\u00fctzen? Geht das? Das Motto kommt jedoch von der ISO mit Sitz in Genf.<\/p>\n<p><strong>Normen sind volkswirtschaftlich wichtig<\/strong><\/p>\n<p>\u00dcber die vielen Normen, die wir beachten sollen, wundern oder \u00e4rgern wir uns gelegentlich. Meist jedoch sind wir froh, dass Dinge genormt sind. So z. B., dass wir einheitliche Telefon- und Internetstandards haben, dass wir einheitliche Masse haben, dass Kabel und Stecker \u00fcbereinstimmen, dass Schrauben und Muttern zusammenpassen, Rohre und Rohrverbinder dicht sind und dass die Ziegel beim Hausbau gleich gross sind.<\/p>\n<p>Normen sind nicht einfach nur Vorschriften, auch wenn wir sie manchmal so empfinden. Standardisierte Vorgaben oder Gepflogenheiten sind volkswirtschaftlich bedeutsam und n\u00fctzlich. \u00dcberall, wo Menschen zusammenarbeiten, macht es Sinn, dass Produkte einheitliche Ma\u00dfe und Schnittstellen haben und zusammenpassen. Nationale und internationale Normen sind gewissermassen die Sprache des Welthandels.<\/p>\n<p><strong>Weltnormentag f\u00fcr den Umweltschutz<\/strong><\/p>\n<p>Jedes Jahr wird am 14. Oktober der Gr\u00fcndung der Internationalen Organisation f\u00fcr Normung (ISO &#8211; International Organization for Standardization) gedacht. Und jedes Jahr steht der Gedenktag unter einem bestimmten Motto. Dieses Jahr ist es der Schutz des Planeten Erde.<\/p>\n<p>Die Erde, sagt ISO, sei wie ein Schiff voller Leben in der Weite unseres Sonnensystems. Das Leben auf der Erde h\u00e4ngt von der Energie ab, die von der Sonne kommt. Im letzten Jahrhundert haben jedoch menschliche und grossfl\u00e4chige industrielle Aktivit\u00e4ten unserer modernen Zivilisation Treibhausgase, Abf\u00e4lle und Chemikalien produziert, die es in dieser Art und Menge vorher nicht gab und die nun die Existenz des Planeten Erde bedrohen. Doch nicht nur die Chemikalien, auch unser Umgang mit tierischer Nahrung und die Corona-Pandemie weisen uns dieses Jahr un\u00fcbersehbar und schmerzlich auf die Bedrohung hin.<\/p>\n<p><strong>Was tun gegen den Klimawandel?<\/strong><\/p>\n<p>\u00dcberall auf der Erde sp\u00fcren wir die negativen Auswirkungen auf unser Klima und damit auf alle Lebensformen. Auch wenn es Menschen, ja sogar Nationen gibt, die es noch immer nicht wahrhaben wollen: Die Erde heizt sich auf, wir haben Extremwetterlagen, mehr Trockenheit und D\u00fcrre, mehr \u00dcberschwemmungen, mehr Wirbelst\u00fcrme und mehr heftige Starkregen. Gleichzeitig erfordern das weltweite Bev\u00f6lkerungswachstum und eine zunehmende Verst\u00e4dterung den verantwortungsvollen Umgang mit begrenzten Ressourcen. Der Verzehr von Wildtieren aus Urwaldgebieten ist &#8211; wie wir durch das Auftauchen immer neuer Viren erkennen &#8211; nicht die L\u00f6sung. Rette sich wer kann! Doch wohin?<\/p>\n<p><strong>Normen zum Schutz von Umwelt, Luft, Wasser<\/strong><\/p>\n<p>Um die negativen Auswirkungen des Menschen auf unseren Planeten zu verringern, brauchen wir den politischen Willen, konkrete Massnahmen und die richtigen Instrumente. Dazu geh\u00f6ren auch internationale Standards, sagt die ISO. Die internationalen Normen von IEC, ISO und ITU, die europ\u00e4ischen Normen und viele nationale Normen und andere G\u00fctezeichen besch\u00e4ftigen sich mit technischen Herausforderungen und passenden L\u00f6sungen. Die internationalen Standards tragen dazu bei, Fachwissen und Expertenwissen in Industrie- und Entwicklungsl\u00e4ndern gleichermassen zu teilen.<\/p>\n<p>Normen decken auch die vielf\u00e4ltigen Aspekte der Energieeinsparung, der Wasser- und Luftqualit\u00e4t ab. Normen gibt es f\u00fcr fast alle Branchen, f\u00fcr Produkte und Dienstleistungen. Der Baubereich zum Beispiel hat viele Schnittstellen und M\u00f6glichkeiten f\u00fcr den Schutz von Umwelt, Gew\u00e4sser und Luft. F\u00fcr die weltweiten Bem\u00fchungen zum Schutz des Planeten brauchen wir nicht nur, aber auch Normen. Sie legen standardisierte Protokolle und Messmethoden fest &#8211; auch \u00fcber politische und sprachliche Grenzen hinweg.<\/p>\n<p>ISO ist \u00fcberzeugt, dass die breite Anwendung international anerkannter Normen mit dazu beitr\u00e4gt, die Umweltauswirkungen industrieller Produktion und Prozesse zu verringern, die Wiederverwendung begrenzter Ressourcen zu erleichtern und die Energieeffizienz zu verbessern.<\/p>\n<p><em>Mehr zu ISO und zum Internationalen Normentag erfahren Sie auf den Internetseiten von ISO <u><a href=\"\/\/www.iso.org\/world-standards-day.html\">https:\/\/www.iso.org\/world-standards-day.html<\/a><\/u><\/em><\/p>\n<p>&nbsp;<\/p>\n","protected":false},"excerpt":{"rendered":"<p>&nbsp; In der Pressemitteilung zum Weltnormentag 2020 steht ein zentraler Satz: \u00abUm den menschlichen Einfluss auf unseren Planeten zu verringern, brauchen wir den politischen Willen, konkrete Massnahmen und die richtigen Instrumente.\u00a0Internationale Normen sind ein solches Instrument.\u00bb Doch l\u00e4sst sich unsere Welt mit Normen sch\u00fctzen? Geht das? Das Motto kommt jedoch von der ISO mit Sitz [&hellip;]<\/p>\n","protected":false},"author":5,"featured_media":3432,"comment_status":"closed","ping_status":"closed","sticky":false,"template":"","format":"standard","meta":{"_acf_changed":false,"_yoast_wpseo_focuskw":"Weltnormentag","_yoast_wpseo_metadesc":"\"Protecting the planet with standards\", heisst das Motto zum Weltnormentag 2020 der Internationalen Organisation f\u00fcr Normung (ISO).","articlekey":"","footnotes":""},"categories":[1],"tags":[266,1448,1740,1844,424,2550,2576],"class_list":["post-10218","post","type-post","status-publish","format-standard","has-post-thumbnail","hentry","category-allgemein","tag-industrie","tag-iso","tag-motto","tag-normen","tag-schweiz","tag-weltnormentag","tag-wirtschaft"],"acf":[],"yoast_head":"<!-- This site is optimized with the Yoast SEO plugin v27.5 - https:\/\/yoast.com\/product\/yoast-seo-wordpress\/ -->\n<title>Weltnormentag 2020: Wo uns Normen sch\u00fctzen - Organisator<\/title>\n<meta name=\"description\" content=\"&quot;Protecting the planet with standards&quot;, heisst das Motto zum Weltnormentag 2020 der Internationalen Organisation f\u00fcr Normung (ISO).\" \/>\n<meta name=\"robots\" content=\"index, follow, max-snippet:-1, max-image-preview:large, max-video-preview:-1\" \/>\n<link rel=\"canonical\" href=\"https:\/\/www.organisator.ch\/de\/allgemein\/2020-10-14\/weltnormentag-2020-wo-uns-normen-schuetzen\/\" \/>\n<meta property=\"og:locale\" content=\"de_DE\" \/>\n<meta property=\"og:type\" content=\"article\" \/>\n<meta property=\"og:title\" content=\"Weltnormentag 2020: Wo uns Normen sch\u00fctzen - Organisator\" \/>\n<meta property=\"og:description\" content=\"&quot;Protecting the planet with standards&quot;, heisst das Motto zum Weltnormentag 2020 der Internationalen Organisation f\u00fcr Normung (ISO).\" \/>\n<meta property=\"og:url\" content=\"https:\/\/www.organisator.ch\/de\/allgemein\/2020-10-14\/weltnormentag-2020-wo-uns-normen-schuetzen\/\" \/>\n<meta property=\"og:site_name\" content=\"Organisator\" \/>\n<meta property=\"article:publisher\" content=\"https:\/\/www.facebook.com\/OrganisatorFachmagazin\" \/>\n<meta property=\"article:published_time\" content=\"2020-10-14T09:04:03+00:00\" \/>\n<meta property=\"og:image\" content=\"https:\/\/www.organisator.ch\/wp-content\/uploads\/2020\/10\/Weltnormentag-up_umweltperpektiven-scaled.jpg\" \/>\n\t<meta property=\"og:image:width\" content=\"2560\" \/>\n\t<meta property=\"og:image:height\" content=\"1709\" \/>\n\t<meta property=\"og:image:type\" content=\"image\/jpeg\" \/>\n<meta name=\"author\" content=\"michael.merz\" \/>\n<meta name=\"twitter:card\" content=\"summary_large_image\" \/>\n<script type=\"application\/ld+json\" class=\"yoast-schema-graph\">{\"@context\":\"https:\\\/\\\/schema.org\",\"@graph\":[{\"@type\":\"Article\",\"@id\":\"https:\\\/\\\/www.organisator.ch\\\/en\\\/general\\\/2020-10-14\\\/weltnormentag-2020-wo-uns-normen-schuetzen\\\/#article\",\"isPartOf\":{\"@id\":\"https:\\\/\\\/www.organisator.ch\\\/en\\\/general\\\/2020-10-14\\\/weltnormentag-2020-wo-uns-normen-schuetzen\\\/\"},\"author\":{\"name\":\"michael.merz\",\"@id\":\"https:\\\/\\\/www.organisator.ch\\\/#\\\/schema\\\/person\\\/134708ca9321c57b0362cceb7948ffbd\"},\"headline\":\"Weltnormentag 2020: Wo uns Normen sch\u00fctzen\",\"datePublished\":\"2020-10-14T09:04:03+00:00\",\"mainEntityOfPage\":{\"@id\":\"https:\\\/\\\/www.organisator.ch\\\/en\\\/general\\\/2020-10-14\\\/weltnormentag-2020-wo-uns-normen-schuetzen\\\/\"},\"wordCount\":695,\"publisher\":{\"@id\":\"https:\\\/\\\/www.organisator.ch\\\/#organization\"},\"image\":{\"@id\":\"https:\\\/\\\/www.organisator.ch\\\/en\\\/general\\\/2020-10-14\\\/weltnormentag-2020-wo-uns-normen-schuetzen\\\/#primaryimage\"},\"thumbnailUrl\":\"https:\\\/\\\/www.organisator.ch\\\/wp-content\\\/uploads\\\/2020\\\/10\\\/Weltnormentag-up_umweltperpektiven-scaled.jpg\",\"keywords\":[\"Industrie\",\"ISO\",\"Motto\",\"Normen\",\"Schweiz\",\"Weltnormentag\",\"Wirtschaft\"],\"inLanguage\":\"de\"},{\"@type\":\"WebPage\",\"@id\":\"https:\\\/\\\/www.organisator.ch\\\/en\\\/general\\\/2020-10-14\\\/weltnormentag-2020-wo-uns-normen-schuetzen\\\/\",\"url\":\"https:\\\/\\\/www.organisator.ch\\\/en\\\/general\\\/2020-10-14\\\/weltnormentag-2020-wo-uns-normen-schuetzen\\\/\",\"name\":\"Weltnormentag 2020: Wo uns Normen sch\u00fctzen - Organisator\",\"isPartOf\":{\"@id\":\"https:\\\/\\\/www.organisator.ch\\\/#website\"},\"primaryImageOfPage\":{\"@id\":\"https:\\\/\\\/www.organisator.ch\\\/en\\\/general\\\/2020-10-14\\\/weltnormentag-2020-wo-uns-normen-schuetzen\\\/#primaryimage\"},\"image\":{\"@id\":\"https:\\\/\\\/www.organisator.ch\\\/en\\\/general\\\/2020-10-14\\\/weltnormentag-2020-wo-uns-normen-schuetzen\\\/#primaryimage\"},\"thumbnailUrl\":\"https:\\\/\\\/www.organisator.ch\\\/wp-content\\\/uploads\\\/2020\\\/10\\\/Weltnormentag-up_umweltperpektiven-scaled.jpg\",\"datePublished\":\"2020-10-14T09:04:03+00:00\",\"description\":\"\\\"Protecting the planet with standards\\\", heisst das Motto zum Weltnormentag 2020 der Internationalen Organisation f\u00fcr Normung (ISO).\",\"breadcrumb\":{\"@id\":\"https:\\\/\\\/www.organisator.ch\\\/en\\\/general\\\/2020-10-14\\\/weltnormentag-2020-wo-uns-normen-schuetzen\\\/#breadcrumb\"},\"inLanguage\":\"de\",\"potentialAction\":[{\"@type\":\"ReadAction\",\"target\":[\"https:\\\/\\\/www.organisator.ch\\\/en\\\/general\\\/2020-10-14\\\/weltnormentag-2020-wo-uns-normen-schuetzen\\\/\"]}]},{\"@type\":\"ImageObject\",\"inLanguage\":\"de\",\"@id\":\"https:\\\/\\\/www.organisator.ch\\\/en\\\/general\\\/2020-10-14\\\/weltnormentag-2020-wo-uns-normen-schuetzen\\\/#primaryimage\",\"url\":\"https:\\\/\\\/www.organisator.ch\\\/wp-content\\\/uploads\\\/2020\\\/10\\\/Weltnormentag-up_umweltperpektiven-scaled.jpg\",\"contentUrl\":\"https:\\\/\\\/www.organisator.ch\\\/wp-content\\\/uploads\\\/2020\\\/10\\\/Weltnormentag-up_umweltperpektiven-scaled.jpg\",\"width\":2560,\"height\":1709},{\"@type\":\"BreadcrumbList\",\"@id\":\"https:\\\/\\\/www.organisator.ch\\\/en\\\/general\\\/2020-10-14\\\/weltnormentag-2020-wo-uns-normen-schuetzen\\\/#breadcrumb\",\"itemListElement\":[{\"@type\":\"ListItem\",\"position\":1,\"name\":\"Home\",\"item\":\"https:\\\/\\\/www.organisator.ch\\\/\"},{\"@type\":\"ListItem\",\"position\":2,\"name\":\"Weltnormentag 2020: Wo uns Normen sch\u00fctzen\"}]},{\"@type\":\"WebSite\",\"@id\":\"https:\\\/\\\/www.organisator.ch\\\/#website\",\"url\":\"https:\\\/\\\/www.organisator.ch\\\/\",\"name\":\"Organisator\",\"description\":\"Kompetent. Praxisnah. Der ORGANISATOR bereitet in 10 Ausgaben pro Jahr die wesentlichen Themen f\u00fcr F\u00fchrungskr\u00e4fte von KMU auf.\",\"publisher\":{\"@id\":\"https:\\\/\\\/www.organisator.ch\\\/#organization\"},\"potentialAction\":[{\"@type\":\"SearchAction\",\"target\":{\"@type\":\"EntryPoint\",\"urlTemplate\":\"https:\\\/\\\/www.organisator.ch\\\/?s={search_term_string}\"},\"query-input\":{\"@type\":\"PropertyValueSpecification\",\"valueRequired\":true,\"valueName\":\"search_term_string\"}}],\"inLanguage\":\"de\"},{\"@type\":\"Organization\",\"@id\":\"https:\\\/\\\/www.organisator.ch\\\/#organization\",\"name\":\"Organisator\",\"url\":\"https:\\\/\\\/www.organisator.ch\\\/\",\"logo\":{\"@type\":\"ImageObject\",\"inLanguage\":\"de\",\"@id\":\"https:\\\/\\\/www.organisator.ch\\\/#\\\/schema\\\/logo\\\/image\\\/\",\"url\":\"https:\\\/\\\/www.organisator.ch\\\/wp-content\\\/uploads\\\/2022\\\/01\\\/Logo_Organisator_Website.png\",\"contentUrl\":\"https:\\\/\\\/www.organisator.ch\\\/wp-content\\\/uploads\\\/2022\\\/01\\\/Logo_Organisator_Website.png\",\"width\":800,\"height\":77,\"caption\":\"Organisator\"},\"image\":{\"@id\":\"https:\\\/\\\/www.organisator.ch\\\/#\\\/schema\\\/logo\\\/image\\\/\"},\"sameAs\":[\"https:\\\/\\\/www.facebook.com\\\/OrganisatorFachmagazin\",\"https:\\\/\\\/www.linkedin.com\\\/showcase\\\/organisator-das-magazin-fr-kmu\",\"https:\\\/\\\/www.xing.com\\\/news\\\/pages\\\/organisator-ch-695\",\"https:\\\/\\\/www.youtube.com\\\/channel\\\/UCGP2Sq0iWaZwT3BdIAQFYpw\"]},{\"@type\":\"Person\",\"@id\":\"https:\\\/\\\/www.organisator.ch\\\/#\\\/schema\\\/person\\\/134708ca9321c57b0362cceb7948ffbd\",\"name\":\"michael.merz\",\"image\":{\"@type\":\"ImageObject\",\"inLanguage\":\"de\",\"@id\":\"https:\\\/\\\/secure.gravatar.com\\\/avatar\\\/?s=96&d=mm&r=g\",\"url\":\"https:\\\/\\\/secure.gravatar.com\\\/avatar\\\/?s=96&d=mm&r=g\",\"contentUrl\":\"https:\\\/\\\/secure.gravatar.com\\\/avatar\\\/?s=96&d=mm&r=g\",\"caption\":\"michael.merz\"},\"url\":\"https:\\\/\\\/www.organisator.ch\\\/de\\\/author\\\/michael-merz\\\/\"}]}<\/script>\n<!-- \/ Yoast SEO plugin. -->","yoast_head_json":{"title":"Weltnormentag 2020: Wo uns Normen sch\u00fctzen - Organisator","description":"\"Protecting the planet with standards\", heisst das Motto zum Weltnormentag 2020 der Internationalen Organisation f\u00fcr Normung (ISO).","robots":{"index":"index","follow":"follow","max-snippet":"max-snippet:-1","max-image-preview":"max-image-preview:large","max-video-preview":"max-video-preview:-1"},"canonical":"https:\/\/www.organisator.ch\/de\/allgemein\/2020-10-14\/weltnormentag-2020-wo-uns-normen-schuetzen\/","og_locale":"de_DE","og_type":"article","og_title":"Weltnormentag 2020: Wo uns Normen sch\u00fctzen - Organisator","og_description":"\"Protecting the planet with standards\", heisst das Motto zum Weltnormentag 2020 der Internationalen Organisation f\u00fcr Normung (ISO).","og_url":"https:\/\/www.organisator.ch\/de\/allgemein\/2020-10-14\/weltnormentag-2020-wo-uns-normen-schuetzen\/","og_site_name":"Organisator","article_publisher":"https:\/\/www.facebook.com\/OrganisatorFachmagazin","article_published_time":"2020-10-14T09:04:03+00:00","og_image":[{"width":2560,"height":1709,"url":"https:\/\/www.organisator.ch\/wp-content\/uploads\/2020\/10\/Weltnormentag-up_umweltperpektiven-scaled.jpg","type":"image\/jpeg"}],"author":"michael.merz","twitter_card":"summary_large_image","schema":{"@context":"https:\/\/schema.org","@graph":[{"@type":"Article","@id":"https:\/\/www.organisator.ch\/en\/general\/2020-10-14\/weltnormentag-2020-wo-uns-normen-schuetzen\/#article","isPartOf":{"@id":"https:\/\/www.organisator.ch\/en\/general\/2020-10-14\/weltnormentag-2020-wo-uns-normen-schuetzen\/"},"author":{"name":"michael.merz","@id":"https:\/\/www.organisator.ch\/#\/schema\/person\/134708ca9321c57b0362cceb7948ffbd"},"headline":"Weltnormentag 2020: Wo uns Normen sch\u00fctzen","datePublished":"2020-10-14T09:04:03+00:00","mainEntityOfPage":{"@id":"https:\/\/www.organisator.ch\/en\/general\/2020-10-14\/weltnormentag-2020-wo-uns-normen-schuetzen\/"},"wordCount":695,"publisher":{"@id":"https:\/\/www.organisator.ch\/#organization"},"image":{"@id":"https:\/\/www.organisator.ch\/en\/general\/2020-10-14\/weltnormentag-2020-wo-uns-normen-schuetzen\/#primaryimage"},"thumbnailUrl":"https:\/\/www.organisator.ch\/wp-content\/uploads\/2020\/10\/Weltnormentag-up_umweltperpektiven-scaled.jpg","keywords":["Industrie","ISO","Motto","Normen","Schweiz","Weltnormentag","Wirtschaft"],"inLanguage":"de"},{"@type":"WebPage","@id":"https:\/\/www.organisator.ch\/en\/general\/2020-10-14\/weltnormentag-2020-wo-uns-normen-schuetzen\/","url":"https:\/\/www.organisator.ch\/en\/general\/2020-10-14\/weltnormentag-2020-wo-uns-normen-schuetzen\/","name":"Weltnormentag 2020: Wo uns Normen sch\u00fctzen - Organisator","isPartOf":{"@id":"https:\/\/www.organisator.ch\/#website"},"primaryImageOfPage":{"@id":"https:\/\/www.organisator.ch\/en\/general\/2020-10-14\/weltnormentag-2020-wo-uns-normen-schuetzen\/#primaryimage"},"image":{"@id":"https:\/\/www.organisator.ch\/en\/general\/2020-10-14\/weltnormentag-2020-wo-uns-normen-schuetzen\/#primaryimage"},"thumbnailUrl":"https:\/\/www.organisator.ch\/wp-content\/uploads\/2020\/10\/Weltnormentag-up_umweltperpektiven-scaled.jpg","datePublished":"2020-10-14T09:04:03+00:00","description":"\"Protecting the planet with standards\", heisst das Motto zum Weltnormentag 2020 der Internationalen Organisation f\u00fcr Normung (ISO).","breadcrumb":{"@id":"https:\/\/www.organisator.ch\/en\/general\/2020-10-14\/weltnormentag-2020-wo-uns-normen-schuetzen\/#breadcrumb"},"inLanguage":"de","potentialAction":[{"@type":"ReadAction","target":["https:\/\/www.organisator.ch\/en\/general\/2020-10-14\/weltnormentag-2020-wo-uns-normen-schuetzen\/"]}]},{"@type":"ImageObject","inLanguage":"de","@id":"https:\/\/www.organisator.ch\/en\/general\/2020-10-14\/weltnormentag-2020-wo-uns-normen-schuetzen\/#primaryimage","url":"https:\/\/www.organisator.ch\/wp-content\/uploads\/2020\/10\/Weltnormentag-up_umweltperpektiven-scaled.jpg","contentUrl":"https:\/\/www.organisator.ch\/wp-content\/uploads\/2020\/10\/Weltnormentag-up_umweltperpektiven-scaled.jpg","width":2560,"height":1709},{"@type":"BreadcrumbList","@id":"https:\/\/www.organisator.ch\/en\/general\/2020-10-14\/weltnormentag-2020-wo-uns-normen-schuetzen\/#breadcrumb","itemListElement":[{"@type":"ListItem","position":1,"name":"Home","item":"https:\/\/www.organisator.ch\/"},{"@type":"ListItem","position":2,"name":"Weltnormentag 2020: Wo uns Normen sch\u00fctzen"}]},{"@type":"WebSite","@id":"https:\/\/www.organisator.ch\/#website","url":"https:\/\/www.organisator.ch\/","name":"Organisator","description":"Kompetent. Praxisnah. Der ORGANISATOR bereitet in 10 Ausgaben pro Jahr die wesentlichen Themen f\u00fcr F\u00fchrungskr\u00e4fte von KMU auf.","publisher":{"@id":"https:\/\/www.organisator.ch\/#organization"},"potentialAction":[{"@type":"SearchAction","target":{"@type":"EntryPoint","urlTemplate":"https:\/\/www.organisator.ch\/?s={search_term_string}"},"query-input":{"@type":"PropertyValueSpecification","valueRequired":true,"valueName":"search_term_string"}}],"inLanguage":"de"},{"@type":"Organization","@id":"https:\/\/www.organisator.ch\/#organization","name":"Organisator","url":"https:\/\/www.organisator.ch\/","logo":{"@type":"ImageObject","inLanguage":"de","@id":"https:\/\/www.organisator.ch\/#\/schema\/logo\/image\/","url":"https:\/\/www.organisator.ch\/wp-content\/uploads\/2022\/01\/Logo_Organisator_Website.png","contentUrl":"https:\/\/www.organisator.ch\/wp-content\/uploads\/2022\/01\/Logo_Organisator_Website.png","width":800,"height":77,"caption":"Organisator"},"image":{"@id":"https:\/\/www.organisator.ch\/#\/schema\/logo\/image\/"},"sameAs":["https:\/\/www.facebook.com\/OrganisatorFachmagazin","https:\/\/www.linkedin.com\/showcase\/organisator-das-magazin-fr-kmu","https:\/\/www.xing.com\/news\/pages\/organisator-ch-695","https:\/\/www.youtube.com\/channel\/UCGP2Sq0iWaZwT3BdIAQFYpw"]},{"@type":"Person","@id":"https:\/\/www.organisator.ch\/#\/schema\/person\/134708ca9321c57b0362cceb7948ffbd","name":"michael.merz","image":{"@type":"ImageObject","inLanguage":"de","@id":"https:\/\/secure.gravatar.com\/avatar\/?s=96&d=mm&r=g","url":"https:\/\/secure.gravatar.com\/avatar\/?s=96&d=mm&r=g","contentUrl":"https:\/\/secure.gravatar.com\/avatar\/?s=96&d=mm&r=g","caption":"michael.merz"},"url":"https:\/\/www.organisator.ch\/de\/author\/michael-merz\/"}]}},"_links":{"self":[{"href":"https:\/\/www.organisator.ch\/de\/wp-json\/wp\/v2\/posts\/10218","targetHints":{"allow":["GET"]}}],"collection":[{"href":"https:\/\/www.organisator.ch\/de\/wp-json\/wp\/v2\/posts"}],"about":[{"href":"https:\/\/www.organisator.ch\/de\/wp-json\/wp\/v2\/types\/post"}],"author":[{"embeddable":true,"href":"https:\/\/www.organisator.ch\/de\/wp-json\/wp\/v2\/users\/5"}],"replies":[{"embeddable":true,"href":"https:\/\/www.organisator.ch\/de\/wp-json\/wp\/v2\/comments?post=10218"}],"version-history":[{"count":0,"href":"https:\/\/www.organisator.ch\/de\/wp-json\/wp\/v2\/posts\/10218\/revisions"}],"wp:featuredmedia":[{"embeddable":true,"href":"https:\/\/www.organisator.ch\/de\/wp-json\/wp\/v2\/media\/3432"}],"wp:attachment":[{"href":"https:\/\/www.organisator.ch\/de\/wp-json\/wp\/v2\/media?parent=10218"}],"wp:term":[{"taxonomy":"category","embeddable":true,"href":"https:\/\/www.organisator.ch\/de\/wp-json\/wp\/v2\/categories?post=10218"},{"taxonomy":"post_tag","embeddable":true,"href":"https:\/\/www.organisator.ch\/de\/wp-json\/wp\/v2\/tags?post=10218"}],"curies":[{"name":"wp","href":"https:\/\/api.w.org\/{rel}","templated":true}]}}