{"id":10227,"date":"2020-11-30T14:34:08","date_gmt":"2020-11-30T13:34:08","guid":{"rendered":"https:\/\/www.umweltperspektiven.ch\/?p=3535"},"modified":"2022-02-09T11:06:12","modified_gmt":"2022-02-09T10:06:12","slug":"energiestrategie-2050-nur-kurzfristig-auf-kurs","status":"publish","type":"post","link":"https:\/\/www.organisator.ch\/de\/sustainability\/2020-11-30\/energiestrategie-2050-nur-kurzfristig-auf-kurs\/","title":{"rendered":"Energiestrategie 2050: nur kurzfristig auf Kurs"},"content":{"rendered":"<figure id=\"attachment_3536\" aria-describedby=\"caption-attachment-3536\" style=\"width: 625px\" class=\"wp-caption alignnone\"><img loading=\"lazy\" decoding=\"async\" class=\"size-full wp-image-3536\" src=\"\/\/www.umweltperspektiven.ch\/wp-content\/uploads\/2020\/11\/Energiestrategie.jpg\" alt=\"\" width=\"625\" height=\"404\" srcset=\"https:\/\/www.organisator.ch\/wp-content\/uploads\/2020\/11\/Energiestrategie.jpg 625w, https:\/\/www.organisator.ch\/wp-content\/uploads\/2020\/11\/Energiestrategie-18x12.jpg 18w, https:\/\/www.organisator.ch\/wp-content\/uploads\/2020\/11\/Energiestrategie-271x175.jpg 271w, https:\/\/www.organisator.ch\/wp-content\/uploads\/2020\/11\/Energiestrategie-541x350.jpg 541w, https:\/\/www.organisator.ch\/wp-content\/uploads\/2020\/11\/Energiestrategie-300x194.jpg 300w\" sizes=\"auto, (max-width: 625px) 100vw, 625px\" \/><figcaption id=\"caption-attachment-3536\" class=\"wp-caption-text\">Quelle: BFE \/ heyday<\/figcaption><\/figure>\n<p>Im geltenden Energiegesetz sind f\u00fcr die Jahre 2020 und 2035 Richtwerte zum Ausbau der erneuerbaren Energien und der Wasserkraft sowie zur Senkung des Energie- und Stromverbrauchs festgeschrieben. Das Monitoring der Energiestrategie 2050 beobachtet deren Entwicklung und viele andere Themen und Indikatoren. Der heute publizierte dritte j\u00e4hrliche <a href=\"\/\/www.newsd.admin.ch\/newsd\/message\/attachments\/64107.pdf\">Monitoringbericht 2020<\/a> zeigt die Situation per Ende 2019. Die Auswirkungen der Covid19-Pandemie auf den Energiesektor sind deshalb mit wenigen Ausnahmen noch nicht enthalten.<\/p>\n<p><strong>Stromproduktion aus erneuerbaren Energien (ohne Wasserkraft)<\/strong><\/p>\n<p>Die steigt seit 2000 an, seit 2010 hat sich das Wachstum verst\u00e4rkt. 2019 lag die erneuerbare Stromproduktion\u00a0bei 4\u2019186 Gigawattstunden (GWh) oder bei 6,2% der gesamten Netto-Elektrizit\u00e4tsproduktion. Der Richtwert 2020 betr\u00e4gt 4\u2019400 GWh. Zwischen dem Basisjahr 2010 und 2020 wird ein Zuwachs von 3\u2019000 GWh angestrebt. Davon waren 2019 bereits knapp 93% erreicht. Der Richtwert f\u00fcr 2020 ist damit in Griffweite. Der Richtwert f\u00fcr das Jahr 2035 liegt bei 11\u2018400 GWh. Um ihn zu erreichen, m\u00fcsste der j\u00e4hrliche Nettozuwachs bei durchschnittlich rund 451 GWh liegen, also mehr als bisher.<\/p>\n<p><strong>Stromproduktion aus Wasserkraft<\/strong><\/p>\n<p>2019 lag die mittlere Netto-Produktionserwartung aus Wasserkraft bei 36&#8217;137 GWh. Der Richtwert 2035 betr\u00e4gt 37\u2018400 GWh. Basisjahr ist hier 2011, bis 2035 wird ein Nettozuwachs von rund 2&#8217;000 GWh angestrebt (kein Richtwert 2020 im Gesetz). Davon waren 2019 rund 38% erreicht. Um den Richtwert 2035 zu erreichen, braucht es in den kommenden Jahren einen Nettozuwachs von durchschnittlich 79 GWh pro Jahr, das liegt etwa in der Gr\u00f6ssenordnung des bisherigen Zuwachses.<\/p>\n<p><strong>Endenergieverbrauch pro Kopf<\/strong><\/p>\n<p>Er hat seit 2000 abgenommen. 2019 lag er 19,1% unter dem Basisjahr 2000, witterungsbereinigt betr\u00e4gt der R\u00fcckgang 18,1%. Damit wurde der Richtwert 2020 (-16%) bereits erreicht. Um den Richtwert 2035 (-43%) zu erreichen, muss der witterungsbereinigte Endenergieverbrauch pro Kopf k\u00fcnftig um durchschnittlich 2,2% pro Jahr sinken. Das ist mehr als der mittlere R\u00fcckgang in den letzten 10 Jahren (-1,4%).<\/p>\n<p><strong>Stromverbrauch pro Kopf<\/strong><\/p>\n<p>Dieser nahm bis 2006 zu, seither ist der Trend r\u00fcckl\u00e4ufig. 2019 lag er 8,3% unter dem Wert von 2000, witterungsbereinigt betrug der R\u00fcckgang 8,0%. Auch hier ist der Richtwert 2020 (-3%) bereits erreicht. Um den Richtwert 2035 (-13%) zu erreichen, muss der witterungsbereinigte Stromverbrauch pro Kopf k\u00fcnftig um durchschnittlich 0,4% pro Jahr sinken. Das ist weniger als der mittlere R\u00fcckgang in den letzten 10 Jahren (-1,0%).<\/p>\n<p><strong>PV-Anlagen im Eigenverbrauch und intelligente Netzkomponenten<\/strong><\/p>\n<p>Das Monitoring weist dieses Jahr erstmals auch Indikatoren zu Photovoltaik-Anlagen (PV-Anlagen) auf, bei denen die Anlagenbetreiber einen Teil des produzierten Stroms selbst verbrauchen. Der Eigenverbrauch ist ein wichtiger Treiber f\u00fcr den Ausbau und die Dezentralisierung der Stromversorgung. Ein besonders hohes Potenzial haben dabei so genannte Zusammenschl\u00fcsse zum Eigenverbrauch (ZEV) von benachbarten Anlagenbetreibern und Endverbrauchern.<\/p>\n<p>Die Daten basieren auf einer Umfrage bei den Schweizer Stromverteilnetzbetreibern. Demnach gab es Ende 2019 nach provisorischen Angaben inklusive ZEV insgesamt 76\u2019919 PV-Anlagen im Eigenverbrauch (das sind rund 78% aller PV-Anlagen). Ihre installierte Leistung lag bei total 1\u2019278 Megawatt (MW). Sie speisten insgesamt 746&#8217;724 Megawattstunden (MWh) Strom ins Verteilnetz ein. Rund 3080 der Anlagen waren in ZEV eingebunden. Mit ihrer installierten Leistung von rund 124 MW speisten sie insgesamt rund 51\u2019000 MWh Strom ins Verteilnetz ein.<\/p>\n<p>Der berechnete Eigenverbrauch der PV-Anlagen (Einzelanlagen und ZEV) lag 2019 bei rund 0,48 Milliarden Kilowattstunden. Das sind etwa 0,8% des Gesamtstromverbrauchs der Schweiz von 57,2 Mrd. kWh im Jahr 2019. Der durchschnittliche Eigenverbrauchsgrad der PV-Anlagen lag bei rund 39%. Soviel wurde also insgesamt direkt vor Ort verbraucht, der Rest wurde ins Verteilnetz eingespeist.<\/p>\n<p>Die wachsende dezentrale Stromerzeugung stellt die Stromnetze vor Herausforderungen. Intelligente Netze (Smart Grid) helfen, diese zu l\u00f6sen. Eine zentrale Komponente solcher Netze sind intelligente Stromz\u00e4hler (Smart Meter). 2019 waren nach Angaben der Verteilnetzbetreiber schweizweit rund 944\u2019220 Smart Meter installiert und werden als solche betrieben. Das ist ein Anteil von knapp 17%. Gem\u00e4ss Stromversorgungsverordnung m\u00fcssen bis 2027 80% aller Messeinrichtungen Smart Meter sein.<\/p>\n<p><strong>44 Indikatoren in 7 Themenfeldern<\/strong><\/p>\n<p>Der ausf\u00fchrliche Monitoring-Bericht enth\u00e4lt insgesamt 44 Indikatoren sowie deskriptive Teile in sieben Themenfeldern: Energieverbrauch und -produktion, Netzentwicklung, Versorgungssicherheit, Ausgaben und Preise, energiebedingte CO2-Emissionen, Forschung und Technologie sowie Internationales. Die wichtigsten Indikatoren gibt es auch in einer Kurzfassung. Beide Berichte sind im Internet verf\u00fcgbar (www.energiemonitoring.ch). Alle f\u00fcnf Jahre erfolgt zudem eine Berichterstattung des Bundesrats zuhanden des Parlaments. Diese umfasst vertiefende Untersuchungen und eine energiepolitische Standortbestimmung.<\/p>\n<p><em>Pressemeldung <a href=\"\/\/www.bfe.admin.ch\/\">Bundesamt f\u00fcr Energie<\/a><\/em><\/p>\n<p>&nbsp;<\/p>\n","protected":false},"excerpt":{"rendered":"<p>Im geltenden Energiegesetz sind f\u00fcr die Jahre 2020 und 2035 Richtwerte zum Ausbau der erneuerbaren Energien und der Wasserkraft sowie zur Senkung des Energie- und Stromverbrauchs festgeschrieben. Das Monitoring der Energiestrategie 2050 beobachtet deren Entwicklung und viele andere Themen und Indikatoren. Der heute publizierte dritte j\u00e4hrliche Monitoringbericht 2020 zeigt die Situation per Ende 2019. Die [&hellip;]<\/p>\n","protected":false},"author":6,"featured_media":3536,"comment_status":"closed","ping_status":"closed","sticky":false,"template":"","format":"standard","meta":{"_acf_changed":false,"_yoast_wpseo_focuskw":"Energiestrategie","_yoast_wpseo_metadesc":"Energiestrategie 2050: Das BFE hat den Monitoringbericht 2020 ver\u00f6ffentlicht. Kurzfristig ist das Land auf Kurs, langfristig ist die Herausforderung gross.","articlekey":"","footnotes":""},"categories":[580],"tags":[807,1087,1098,1734],"class_list":["post-10227","post","type-post","status-publish","format-standard","has-post-thumbnail","hentry","category-sustainability","tag-bfe","tag-energiestrategie-2020","tag-enerneuerbare-energie","tag-monitoringbericht"],"acf":[],"yoast_head":"<!-- This site is optimized with the Yoast SEO plugin v27.4 - https:\/\/yoast.com\/product\/yoast-seo-wordpress\/ -->\n<title>Energiestrategie 2050: nur kurzfristig auf Kurs - Organisator<\/title>\n<meta name=\"description\" content=\"Energiestrategie 2050: Das BFE hat den Monitoringbericht 2020 ver\u00f6ffentlicht. Kurzfristig ist das Land auf Kurs, langfristig ist die Herausforderung gross.\" \/>\n<meta name=\"robots\" content=\"index, follow, max-snippet:-1, max-image-preview:large, max-video-preview:-1\" \/>\n<link rel=\"canonical\" href=\"https:\/\/www.organisator.ch\/de\/sustainability\/2020-11-30\/energiestrategie-2050-nur-kurzfristig-auf-kurs\/\" \/>\n<meta property=\"og:locale\" content=\"de_DE\" \/>\n<meta property=\"og:type\" content=\"article\" \/>\n<meta property=\"og:title\" content=\"Energiestrategie 2050: nur kurzfristig auf Kurs - Organisator\" \/>\n<meta property=\"og:description\" content=\"Energiestrategie 2050: Das BFE hat den Monitoringbericht 2020 ver\u00f6ffentlicht. Kurzfristig ist das Land auf Kurs, langfristig ist die Herausforderung gross.\" \/>\n<meta property=\"og:url\" content=\"https:\/\/www.organisator.ch\/de\/sustainability\/2020-11-30\/energiestrategie-2050-nur-kurzfristig-auf-kurs\/\" \/>\n<meta property=\"og:site_name\" content=\"Organisator\" \/>\n<meta property=\"article:publisher\" content=\"https:\/\/www.facebook.com\/OrganisatorFachmagazin\" \/>\n<meta property=\"article:published_time\" content=\"2020-11-30T13:34:08+00:00\" \/>\n<meta property=\"article:modified_time\" content=\"2022-02-09T10:06:12+00:00\" \/>\n<meta property=\"og:image\" content=\"https:\/\/www.organisator.ch\/wp-content\/uploads\/2020\/11\/Energiestrategie.jpg\" \/>\n\t<meta property=\"og:image:width\" content=\"625\" \/>\n\t<meta property=\"og:image:height\" content=\"404\" \/>\n\t<meta property=\"og:image:type\" content=\"image\/jpeg\" \/>\n<meta name=\"author\" content=\"roger.straessle\" \/>\n<meta name=\"twitter:card\" content=\"summary_large_image\" \/>\n<script type=\"application\/ld+json\" class=\"yoast-schema-graph\">{\"@context\":\"https:\\\/\\\/schema.org\",\"@graph\":[{\"@type\":\"Article\",\"@id\":\"https:\\\/\\\/www.organisator.ch\\\/sustainability\\\/2020-11-30\\\/energiestrategie-2050-nur-kurzfristig-auf-kurs\\\/#article\",\"isPartOf\":{\"@id\":\"https:\\\/\\\/www.organisator.ch\\\/sustainability\\\/2020-11-30\\\/energiestrategie-2050-nur-kurzfristig-auf-kurs\\\/\"},\"author\":{\"name\":\"roger.straessle\",\"@id\":\"https:\\\/\\\/www.organisator.ch\\\/#\\\/schema\\\/person\\\/a800b8c54e208b160517a7dcc323161d\"},\"headline\":\"Energiestrategie 2050: nur kurzfristig auf Kurs\",\"datePublished\":\"2020-11-30T13:34:08+00:00\",\"dateModified\":\"2022-02-09T10:06:12+00:00\",\"mainEntityOfPage\":{\"@id\":\"https:\\\/\\\/www.organisator.ch\\\/sustainability\\\/2020-11-30\\\/energiestrategie-2050-nur-kurzfristig-auf-kurs\\\/\"},\"wordCount\":670,\"publisher\":{\"@id\":\"https:\\\/\\\/www.organisator.ch\\\/#organization\"},\"image\":{\"@id\":\"https:\\\/\\\/www.organisator.ch\\\/sustainability\\\/2020-11-30\\\/energiestrategie-2050-nur-kurzfristig-auf-kurs\\\/#primaryimage\"},\"thumbnailUrl\":\"https:\\\/\\\/www.organisator.ch\\\/wp-content\\\/uploads\\\/2020\\\/11\\\/Energiestrategie.jpg\",\"keywords\":[\"BFE\",\"Energiestrategie 2020\",\"Enerneuerbare Energie\",\"Monitoringbericht\"],\"articleSection\":[\"SUSTAINABILITY\"],\"inLanguage\":\"de\"},{\"@type\":\"WebPage\",\"@id\":\"https:\\\/\\\/www.organisator.ch\\\/sustainability\\\/2020-11-30\\\/energiestrategie-2050-nur-kurzfristig-auf-kurs\\\/\",\"url\":\"https:\\\/\\\/www.organisator.ch\\\/sustainability\\\/2020-11-30\\\/energiestrategie-2050-nur-kurzfristig-auf-kurs\\\/\",\"name\":\"Energiestrategie 2050: nur kurzfristig auf Kurs - Organisator\",\"isPartOf\":{\"@id\":\"https:\\\/\\\/www.organisator.ch\\\/#website\"},\"primaryImageOfPage\":{\"@id\":\"https:\\\/\\\/www.organisator.ch\\\/sustainability\\\/2020-11-30\\\/energiestrategie-2050-nur-kurzfristig-auf-kurs\\\/#primaryimage\"},\"image\":{\"@id\":\"https:\\\/\\\/www.organisator.ch\\\/sustainability\\\/2020-11-30\\\/energiestrategie-2050-nur-kurzfristig-auf-kurs\\\/#primaryimage\"},\"thumbnailUrl\":\"https:\\\/\\\/www.organisator.ch\\\/wp-content\\\/uploads\\\/2020\\\/11\\\/Energiestrategie.jpg\",\"datePublished\":\"2020-11-30T13:34:08+00:00\",\"dateModified\":\"2022-02-09T10:06:12+00:00\",\"description\":\"Energiestrategie 2050: Das BFE hat den Monitoringbericht 2020 ver\u00f6ffentlicht. Kurzfristig ist das Land auf Kurs, langfristig ist die Herausforderung gross.\",\"breadcrumb\":{\"@id\":\"https:\\\/\\\/www.organisator.ch\\\/sustainability\\\/2020-11-30\\\/energiestrategie-2050-nur-kurzfristig-auf-kurs\\\/#breadcrumb\"},\"inLanguage\":\"de\",\"potentialAction\":[{\"@type\":\"ReadAction\",\"target\":[\"https:\\\/\\\/www.organisator.ch\\\/sustainability\\\/2020-11-30\\\/energiestrategie-2050-nur-kurzfristig-auf-kurs\\\/\"]}]},{\"@type\":\"ImageObject\",\"inLanguage\":\"de\",\"@id\":\"https:\\\/\\\/www.organisator.ch\\\/sustainability\\\/2020-11-30\\\/energiestrategie-2050-nur-kurzfristig-auf-kurs\\\/#primaryimage\",\"url\":\"https:\\\/\\\/www.organisator.ch\\\/wp-content\\\/uploads\\\/2020\\\/11\\\/Energiestrategie.jpg\",\"contentUrl\":\"https:\\\/\\\/www.organisator.ch\\\/wp-content\\\/uploads\\\/2020\\\/11\\\/Energiestrategie.jpg\",\"width\":625,\"height\":404,\"caption\":\"Quelle: BFE \\\/ heyday\"},{\"@type\":\"BreadcrumbList\",\"@id\":\"https:\\\/\\\/www.organisator.ch\\\/sustainability\\\/2020-11-30\\\/energiestrategie-2050-nur-kurzfristig-auf-kurs\\\/#breadcrumb\",\"itemListElement\":[{\"@type\":\"ListItem\",\"position\":1,\"name\":\"Home\",\"item\":\"https:\\\/\\\/www.organisator.ch\\\/\"},{\"@type\":\"ListItem\",\"position\":2,\"name\":\"Energiestrategie 2050: nur kurzfristig auf Kurs\"}]},{\"@type\":\"WebSite\",\"@id\":\"https:\\\/\\\/www.organisator.ch\\\/#website\",\"url\":\"https:\\\/\\\/www.organisator.ch\\\/\",\"name\":\"Organisator\",\"description\":\"Kompetent. Praxisnah. Der ORGANISATOR bereitet in 10 Ausgaben pro Jahr die wesentlichen Themen f\u00fcr F\u00fchrungskr\u00e4fte von KMU auf.\",\"publisher\":{\"@id\":\"https:\\\/\\\/www.organisator.ch\\\/#organization\"},\"potentialAction\":[{\"@type\":\"SearchAction\",\"target\":{\"@type\":\"EntryPoint\",\"urlTemplate\":\"https:\\\/\\\/www.organisator.ch\\\/?s={search_term_string}\"},\"query-input\":{\"@type\":\"PropertyValueSpecification\",\"valueRequired\":true,\"valueName\":\"search_term_string\"}}],\"inLanguage\":\"de\"},{\"@type\":\"Organization\",\"@id\":\"https:\\\/\\\/www.organisator.ch\\\/#organization\",\"name\":\"Organisator\",\"url\":\"https:\\\/\\\/www.organisator.ch\\\/\",\"logo\":{\"@type\":\"ImageObject\",\"inLanguage\":\"de\",\"@id\":\"https:\\\/\\\/www.organisator.ch\\\/#\\\/schema\\\/logo\\\/image\\\/\",\"url\":\"https:\\\/\\\/www.organisator.ch\\\/wp-content\\\/uploads\\\/2022\\\/01\\\/Logo_Organisator_Website.png\",\"contentUrl\":\"https:\\\/\\\/www.organisator.ch\\\/wp-content\\\/uploads\\\/2022\\\/01\\\/Logo_Organisator_Website.png\",\"width\":800,\"height\":77,\"caption\":\"Organisator\"},\"image\":{\"@id\":\"https:\\\/\\\/www.organisator.ch\\\/#\\\/schema\\\/logo\\\/image\\\/\"},\"sameAs\":[\"https:\\\/\\\/www.facebook.com\\\/OrganisatorFachmagazin\",\"https:\\\/\\\/www.linkedin.com\\\/showcase\\\/organisator-das-magazin-fr-kmu\",\"https:\\\/\\\/www.xing.com\\\/news\\\/pages\\\/organisator-ch-695\",\"https:\\\/\\\/www.youtube.com\\\/channel\\\/UCGP2Sq0iWaZwT3BdIAQFYpw\"]},{\"@type\":\"Person\",\"@id\":\"https:\\\/\\\/www.organisator.ch\\\/#\\\/schema\\\/person\\\/a800b8c54e208b160517a7dcc323161d\",\"name\":\"roger.straessle\",\"image\":{\"@type\":\"ImageObject\",\"inLanguage\":\"de\",\"@id\":\"https:\\\/\\\/secure.gravatar.com\\\/avatar\\\/?s=96&d=mm&r=g\",\"url\":\"https:\\\/\\\/secure.gravatar.com\\\/avatar\\\/?s=96&d=mm&r=g\",\"contentUrl\":\"https:\\\/\\\/secure.gravatar.com\\\/avatar\\\/?s=96&d=mm&r=g\",\"caption\":\"roger.straessle\"},\"url\":\"https:\\\/\\\/www.organisator.ch\\\/de\\\/author\\\/roger-straessle\\\/\"}]}<\/script>\n<!-- \/ Yoast SEO plugin. -->","yoast_head_json":{"title":"Energiestrategie 2050: nur kurzfristig auf Kurs - Organisator","description":"Energiestrategie 2050: Das BFE hat den Monitoringbericht 2020 ver\u00f6ffentlicht. Kurzfristig ist das Land auf Kurs, langfristig ist die Herausforderung gross.","robots":{"index":"index","follow":"follow","max-snippet":"max-snippet:-1","max-image-preview":"max-image-preview:large","max-video-preview":"max-video-preview:-1"},"canonical":"https:\/\/www.organisator.ch\/de\/sustainability\/2020-11-30\/energiestrategie-2050-nur-kurzfristig-auf-kurs\/","og_locale":"de_DE","og_type":"article","og_title":"Energiestrategie 2050: nur kurzfristig auf Kurs - Organisator","og_description":"Energiestrategie 2050: Das BFE hat den Monitoringbericht 2020 ver\u00f6ffentlicht. Kurzfristig ist das Land auf Kurs, langfristig ist die Herausforderung gross.","og_url":"https:\/\/www.organisator.ch\/de\/sustainability\/2020-11-30\/energiestrategie-2050-nur-kurzfristig-auf-kurs\/","og_site_name":"Organisator","article_publisher":"https:\/\/www.facebook.com\/OrganisatorFachmagazin","article_published_time":"2020-11-30T13:34:08+00:00","article_modified_time":"2022-02-09T10:06:12+00:00","og_image":[{"width":625,"height":404,"url":"https:\/\/www.organisator.ch\/wp-content\/uploads\/2020\/11\/Energiestrategie.jpg","type":"image\/jpeg"}],"author":"roger.straessle","twitter_card":"summary_large_image","schema":{"@context":"https:\/\/schema.org","@graph":[{"@type":"Article","@id":"https:\/\/www.organisator.ch\/sustainability\/2020-11-30\/energiestrategie-2050-nur-kurzfristig-auf-kurs\/#article","isPartOf":{"@id":"https:\/\/www.organisator.ch\/sustainability\/2020-11-30\/energiestrategie-2050-nur-kurzfristig-auf-kurs\/"},"author":{"name":"roger.straessle","@id":"https:\/\/www.organisator.ch\/#\/schema\/person\/a800b8c54e208b160517a7dcc323161d"},"headline":"Energiestrategie 2050: nur kurzfristig auf Kurs","datePublished":"2020-11-30T13:34:08+00:00","dateModified":"2022-02-09T10:06:12+00:00","mainEntityOfPage":{"@id":"https:\/\/www.organisator.ch\/sustainability\/2020-11-30\/energiestrategie-2050-nur-kurzfristig-auf-kurs\/"},"wordCount":670,"publisher":{"@id":"https:\/\/www.organisator.ch\/#organization"},"image":{"@id":"https:\/\/www.organisator.ch\/sustainability\/2020-11-30\/energiestrategie-2050-nur-kurzfristig-auf-kurs\/#primaryimage"},"thumbnailUrl":"https:\/\/www.organisator.ch\/wp-content\/uploads\/2020\/11\/Energiestrategie.jpg","keywords":["BFE","Energiestrategie 2020","Enerneuerbare Energie","Monitoringbericht"],"articleSection":["SUSTAINABILITY"],"inLanguage":"de"},{"@type":"WebPage","@id":"https:\/\/www.organisator.ch\/sustainability\/2020-11-30\/energiestrategie-2050-nur-kurzfristig-auf-kurs\/","url":"https:\/\/www.organisator.ch\/sustainability\/2020-11-30\/energiestrategie-2050-nur-kurzfristig-auf-kurs\/","name":"Energiestrategie 2050: nur kurzfristig auf Kurs - Organisator","isPartOf":{"@id":"https:\/\/www.organisator.ch\/#website"},"primaryImageOfPage":{"@id":"https:\/\/www.organisator.ch\/sustainability\/2020-11-30\/energiestrategie-2050-nur-kurzfristig-auf-kurs\/#primaryimage"},"image":{"@id":"https:\/\/www.organisator.ch\/sustainability\/2020-11-30\/energiestrategie-2050-nur-kurzfristig-auf-kurs\/#primaryimage"},"thumbnailUrl":"https:\/\/www.organisator.ch\/wp-content\/uploads\/2020\/11\/Energiestrategie.jpg","datePublished":"2020-11-30T13:34:08+00:00","dateModified":"2022-02-09T10:06:12+00:00","description":"Energiestrategie 2050: Das BFE hat den Monitoringbericht 2020 ver\u00f6ffentlicht. Kurzfristig ist das Land auf Kurs, langfristig ist die Herausforderung gross.","breadcrumb":{"@id":"https:\/\/www.organisator.ch\/sustainability\/2020-11-30\/energiestrategie-2050-nur-kurzfristig-auf-kurs\/#breadcrumb"},"inLanguage":"de","potentialAction":[{"@type":"ReadAction","target":["https:\/\/www.organisator.ch\/sustainability\/2020-11-30\/energiestrategie-2050-nur-kurzfristig-auf-kurs\/"]}]},{"@type":"ImageObject","inLanguage":"de","@id":"https:\/\/www.organisator.ch\/sustainability\/2020-11-30\/energiestrategie-2050-nur-kurzfristig-auf-kurs\/#primaryimage","url":"https:\/\/www.organisator.ch\/wp-content\/uploads\/2020\/11\/Energiestrategie.jpg","contentUrl":"https:\/\/www.organisator.ch\/wp-content\/uploads\/2020\/11\/Energiestrategie.jpg","width":625,"height":404,"caption":"Quelle: BFE \/ heyday"},{"@type":"BreadcrumbList","@id":"https:\/\/www.organisator.ch\/sustainability\/2020-11-30\/energiestrategie-2050-nur-kurzfristig-auf-kurs\/#breadcrumb","itemListElement":[{"@type":"ListItem","position":1,"name":"Home","item":"https:\/\/www.organisator.ch\/"},{"@type":"ListItem","position":2,"name":"Energiestrategie 2050: nur kurzfristig auf Kurs"}]},{"@type":"WebSite","@id":"https:\/\/www.organisator.ch\/#website","url":"https:\/\/www.organisator.ch\/","name":"Organisator","description":"Kompetent. Praxisnah. Der ORGANISATOR bereitet in 10 Ausgaben pro Jahr die wesentlichen Themen f\u00fcr F\u00fchrungskr\u00e4fte von KMU auf.","publisher":{"@id":"https:\/\/www.organisator.ch\/#organization"},"potentialAction":[{"@type":"SearchAction","target":{"@type":"EntryPoint","urlTemplate":"https:\/\/www.organisator.ch\/?s={search_term_string}"},"query-input":{"@type":"PropertyValueSpecification","valueRequired":true,"valueName":"search_term_string"}}],"inLanguage":"de"},{"@type":"Organization","@id":"https:\/\/www.organisator.ch\/#organization","name":"Organisator","url":"https:\/\/www.organisator.ch\/","logo":{"@type":"ImageObject","inLanguage":"de","@id":"https:\/\/www.organisator.ch\/#\/schema\/logo\/image\/","url":"https:\/\/www.organisator.ch\/wp-content\/uploads\/2022\/01\/Logo_Organisator_Website.png","contentUrl":"https:\/\/www.organisator.ch\/wp-content\/uploads\/2022\/01\/Logo_Organisator_Website.png","width":800,"height":77,"caption":"Organisator"},"image":{"@id":"https:\/\/www.organisator.ch\/#\/schema\/logo\/image\/"},"sameAs":["https:\/\/www.facebook.com\/OrganisatorFachmagazin","https:\/\/www.linkedin.com\/showcase\/organisator-das-magazin-fr-kmu","https:\/\/www.xing.com\/news\/pages\/organisator-ch-695","https:\/\/www.youtube.com\/channel\/UCGP2Sq0iWaZwT3BdIAQFYpw"]},{"@type":"Person","@id":"https:\/\/www.organisator.ch\/#\/schema\/person\/a800b8c54e208b160517a7dcc323161d","name":"roger.straessle","image":{"@type":"ImageObject","inLanguage":"de","@id":"https:\/\/secure.gravatar.com\/avatar\/?s=96&d=mm&r=g","url":"https:\/\/secure.gravatar.com\/avatar\/?s=96&d=mm&r=g","contentUrl":"https:\/\/secure.gravatar.com\/avatar\/?s=96&d=mm&r=g","caption":"roger.straessle"},"url":"https:\/\/www.organisator.ch\/de\/author\/roger-straessle\/"}]}},"_links":{"self":[{"href":"https:\/\/www.organisator.ch\/de\/wp-json\/wp\/v2\/posts\/10227","targetHints":{"allow":["GET"]}}],"collection":[{"href":"https:\/\/www.organisator.ch\/de\/wp-json\/wp\/v2\/posts"}],"about":[{"href":"https:\/\/www.organisator.ch\/de\/wp-json\/wp\/v2\/types\/post"}],"author":[{"embeddable":true,"href":"https:\/\/www.organisator.ch\/de\/wp-json\/wp\/v2\/users\/6"}],"replies":[{"embeddable":true,"href":"https:\/\/www.organisator.ch\/de\/wp-json\/wp\/v2\/comments?post=10227"}],"version-history":[{"count":1,"href":"https:\/\/www.organisator.ch\/de\/wp-json\/wp\/v2\/posts\/10227\/revisions"}],"predecessor-version":[{"id":10509,"href":"https:\/\/www.organisator.ch\/de\/wp-json\/wp\/v2\/posts\/10227\/revisions\/10509"}],"wp:featuredmedia":[{"embeddable":true,"href":"https:\/\/www.organisator.ch\/de\/wp-json\/wp\/v2\/media\/3536"}],"wp:attachment":[{"href":"https:\/\/www.organisator.ch\/de\/wp-json\/wp\/v2\/media?parent=10227"}],"wp:term":[{"taxonomy":"category","embeddable":true,"href":"https:\/\/www.organisator.ch\/de\/wp-json\/wp\/v2\/categories?post=10227"},{"taxonomy":"post_tag","embeddable":true,"href":"https:\/\/www.organisator.ch\/de\/wp-json\/wp\/v2\/tags?post=10227"}],"curies":[{"name":"wp","href":"https:\/\/api.w.org\/{rel}","templated":true}]}}