{"id":10233,"date":"2021-01-07T06:02:23","date_gmt":"2021-01-07T05:02:23","guid":{"rendered":"https:\/\/www.umweltperspektiven.ch\/?p=3641"},"modified":"2022-02-09T11:06:11","modified_gmt":"2022-02-09T10:06:11","slug":"ausgezeichnete-energieprojekte","status":"publish","type":"post","link":"https:\/\/www.organisator.ch\/de\/sustainability\/2021-01-07\/ausgezeichnete-energieprojekte\/","title":{"rendered":"Ausgezeichnete Energieprojekte"},"content":{"rendered":"<figure id=\"attachment_3642\" aria-describedby=\"caption-attachment-3642\" style=\"width: 680px\" class=\"wp-caption aligncenter\"><img loading=\"lazy\" decoding=\"async\" class=\"wp-image-3642 size-medium\" src=\"\/\/www.umweltperspektiven.ch\/wp-content\/uploads\/2021\/01\/hydrospider.jpg\" alt=\"Watt d'Or\" width=\"680\" height=\"476\" \/><figcaption id=\"caption-attachment-3642\" class=\"wp-caption-text\">Verschiedene Unternehmen bauen in der Schweiz den weltweit ersten kommerziellen Kreislauf f\u00fcr erneuerbaren Wasserstoff auf. Daf\u00fcr gibt\u2019s den Watt d\u2019Or in der Kategorie energieeffiziente Mobilit\u00e4t. Quelle: Hydrospider<\/figcaption><\/figure>\n<p>Bereits zum vierzehnten Mal hat das Bundesamt f\u00fcr Energie heute den renommierten Energiepreis verliehen. F\u00fcr den diesj\u00e4hrigen Watt d\u2019Or wurden 64 Bewerbungen eingereicht und daraus 24 Beitr\u00e4ge f\u00fcr die Endrunde nominiert. Daraus hat die Jury die Siegerprojekte in den vier Kategorien gek\u00fcrt:<\/p>\n<p><strong><em>Kategorie Energietechnologien:<\/em><\/strong> Der Weg zu einer klimaneutralen Schweiz f\u00fchrt \u00fcber eine starke Elektrifizierung, Dezentralisierung und auch \u00fcber eine zunehmende Digitalisierung des Energieversorgungssystems. Dabei spielen Verteilnetze eine wichtige Rolle. An ihnen \u00abh\u00e4ngen\u00bb das \u00fcbergeordnete \u00dcbertragungsnetz mit den grossen Kraftwerken, aber auch immer mehr Solaranlagen, Elektrotankstellen, W\u00e4rmepumpen und schliesslich auch die Steckdosen der Verbraucher. Die klassische L\u00f6sung daf\u00fcr war bisher der stetige und teure Ausbau der Verteilnetze. Eine bessere, kosteng\u00fcnstigere und sicherere L\u00f6sung bietet das ETH-Spin-Off Adaptricity. Mit seinen Softwarel\u00f6sungen liefert es smarte Antworten f\u00fcr die Planung und die transparente \u00dcberwachung der Netze und macht die Verteilnetze so fit f\u00fcr die klimaneutrale und erneuerbare Energiezukunft.<\/p>\n<p><strong><em>Kategorie Erneuerbare Energien:<\/em><\/strong> Hoch oben in den Schweizer Alpen ist die Atmosph\u00e4re d\u00fcnner, die Sonnenstrahlung st\u00e4rker und der Schnee reflektiert im Winter das Licht. Ideale Voraussetzungen f\u00fcr die Solarstromproduktion, insbesondere im Winter. Das Westschweizer Energieversorgungsunternehmen Romande Energie nutzt die guten alpinen Bedingungen, um seine erneuerbare Stromproduktion weiter auszubauen und die Energiestrategie der Schweiz voranzubringen. Auf dem Stausee Lac des Toules im Wallis, auf 1&#8217;800 Metern \u00fcber Meer, hat sie darum einen \u00abKraftort\u00bb geschaffen. Neben der Energie aus Wasserkraft liefert der Stausee nun auch Solarstrom von einem schwimmenden alpinen Solarkraftwerk. F\u00fcr die auf dieser H\u00f6he weltweit einzigartige Anlage hat Romande Energie zusammen mit ABB Schweiz erfolgreich viele technische Probleme gel\u00f6st. So erfolgreich, dass sich bereits andere Energieversorgungsunternehmen im In- und Ausland daf\u00fcr interessieren.<\/p>\n<p><strong><em>Kategorie Energieeffiziente Mobilit\u00e4t:<\/em><\/strong> Wasserstoff wird bei der weltweiten klimaneutralen Energieversorgung eine wichtige Rolle spielen. Das ist mittlerweile unbestritten. Viele L\u00e4nder und auch die EU sind deshalb daran, umfassende Wasserstoffstrategien zu definieren. Es geht dabei nicht nur um die CO2-freie Versorgungssicherheit, es geht auch um einen Milliardenmarkt f\u00fcr Wasserstoff- und andere klimafreundliche Technologien. Die Schweiz spielt dank einer weltweit einmaligen Initiative in der Wasserstoff Champions-League mit. Die Hydrospider AG, die Hyundai Hydrogen Mobility AG, die H2 Energy AG und der F\u00f6rderverein H2 Mobilit\u00e4t Schweiz bauen in der Schweiz den weltweit ersten kommerziellen Kreislauf f\u00fcr erneuerbaren Wasserstoff auf. Dieses stark engagierte Unternehmensnetzwerk treibt Angebot und Nachfrage nach erneuerbarem Wasserstoff parallel voran, ganz ohne staatliche F\u00f6rderung. Das Businessmodell umfasst Wasserstofflastwagen, -tankstellen sowie Produktion und Logistik des erneuerbaren Wasserstoffs. Heute sind rund 50 Wasserstofflastwagen in der Schweiz, bald sollen es \u00fcber 1&#8217;000 sein. Auch das Ausland beobachtet diese Entwicklung mit grossem Interesse.<\/p>\n<p><strong><em>Kategorie Geb\u00e4ude und Raum<\/em><\/strong> (zwei Gewinner):<\/p>\n<p>In ihrer neuen \u00dcberbauung in M\u00e4nnedorf setzen Walter Schmid, Energiepionier und Pr\u00e4sident der Stiftung Umwelt Arena Schweiz und sein Sohn, der Architekt Ren\u00e9 Schmid, Ren\u00e9 Schmid Architekten AG in Z\u00fcrich, auf die Energieselbstversorgung im Verbund. Der gesamte j\u00e4hrliche Energiebedarf der \u00dcberbauung wird mit Photovoltaikanlagen an den Fassaden und auf dem Dach und zus\u00e4tzlich mit Windenergieanlagen selbst produziert. Dennoch sind die Geb\u00e4ude nicht energieautark, sondern ans Strom- und Gasnetz angeschlossen. Die H\u00e4lfte des selbst produzierten Stroms verbrauchen die Mieterinnen und Mieter direkt vor Ort. Der Rest wird im Stromnetz zu einer Power-to-Gas Anlage transportiert, zu erneuerbarem Gas umgewandelt und im Erdgasnetz f\u00fcr die Strom- und W\u00e4rmeproduktion im Winter gespeichert. Die Verbundnetze sorgen also f\u00fcr die saisonale Speicherung der selbstproduzierten Energie. Ein Konzept, das eine vollst\u00e4ndig erneuerbare und CO2-freie Energieversorgung erm\u00f6glicht und einen aktiven Beitrag zur Reduktion der Winterstroml\u00fccke leistet.<\/p>\n<p>Die meisten \u00e4lteren B\u00fcrogeb\u00e4ude der Schweiz sind Energieschleudern. Energetische Sanierungen kosten viel Geld, dauern oft lange und die komplizierte Haustechnik verunsichert Bauherren. In St. Gallen steht ein frisch saniertes B\u00fcrogeb\u00e4ude aus den Sechzigerjahren, welches diese Bedenken zerstreut. Hier wurde das Energiekonzept von Beat Kegel \u2013 kurz \u00abKegels Regel\u00bb &#8211; zusammen mit dem St. Galler Immobilienunternehmen Mettiss AG umgesetzt. So konnte die Sanierung sehr rasch und kosteng\u00fcnstig realisiert werden und das Geb\u00e4ude erreicht spielend den Passivhaus-Standard. Dies dank einem kosteng\u00fcnstigen Low-Tech-L\u00fcftungs- und Heizungssystem mit vorgefertigten Br\u00fcstungselementen und Verbundl\u00fcftern in den T\u00fcren. Die neue Mieterin, die Universit\u00e4t St. Gallen, ist mit dem Raumklima und den Energiekosten sehr zufrieden. \u00abKegels Regel\u00bb k\u00f6nnte bei der Sanierung weiterer B\u00fcrogeb\u00e4ude wie auch im Wohnungsbau und bei Neubauten Schule machen.<\/p>\n<p><em>Die Preisverleihung Watt d&#8217;Or findet aufgrund der Pandemiesituation in sehr kleinem Rahmen statt. Sie wird aber per Live-Stream via Internet (<a href=\"\/\/www.bfe.admin.ch\/bfe\/de\/home\/das-bfe\/watt-d-or.html\">www.wattdor.ch<\/a>) \u00fcbertragen.<\/em><\/p>\n","protected":false},"excerpt":{"rendered":"<p>Bereits zum vierzehnten Mal hat das Bundesamt f\u00fcr Energie heute den renommierten Energiepreis verliehen. F\u00fcr den diesj\u00e4hrigen Watt d\u2019Or wurden 64 Bewerbungen eingereicht und daraus 24 Beitr\u00e4ge f\u00fcr die Endrunde nominiert. Daraus hat die Jury die Siegerprojekte in den vier Kategorien gek\u00fcrt: Kategorie Energietechnologien: Der Weg zu einer klimaneutralen Schweiz f\u00fchrt \u00fcber eine starke Elektrifizierung, [&hellip;]<\/p>\n","protected":false},"author":6,"featured_media":9750,"comment_status":"closed","ping_status":"closed","sticky":false,"template":"","format":"standard","meta":{"_acf_changed":false,"_yoast_wpseo_focuskw":"Watt d'Or","_yoast_wpseo_metadesc":"Das Bundesamt f\u00fcr Energie hat den Schweizer Energiepreis Watt d'Or 2021 vergeben. Die goldenen Gewinner des Jahres 2021 im Umwelt Perspektiven.","articlekey":"","footnotes":""},"categories":[580],"tags":[672,884,1216,1342,1387,1389,1705,2007,2032,2537],"class_list":["post-10233","post","type-post","status-publish","format-standard","has-post-thumbnail","hentry","category-sustainability","tag-adaptricity","tag-bundesamt-fuer-energie","tag-foerderverein-h2-mobilitaet-schweiz","tag-h2-energy-ag","tag-hydrospider-ag","tag-hyundai-hydrogen-mobility-ag","tag-mettiss-ag","tag-rene-schmid-architekten-ag","tag-romande-energie","tag-watt-dor"],"acf":[],"yoast_head":"<!-- This site is optimized with the Yoast SEO plugin v27.5 - https:\/\/yoast.com\/product\/yoast-seo-wordpress\/ -->\n<title>Ausgezeichnete Energieprojekte - Organisator<\/title>\n<meta name=\"description\" content=\"Das Bundesamt f\u00fcr Energie hat den Schweizer Energiepreis Watt d&#039;Or 2021 vergeben. Die goldenen Gewinner des Jahres 2021 im Umwelt Perspektiven.\" \/>\n<meta name=\"robots\" content=\"index, follow, max-snippet:-1, max-image-preview:large, max-video-preview:-1\" \/>\n<link rel=\"canonical\" href=\"https:\/\/www.organisator.ch\/de\/sustainability\/2021-01-07\/ausgezeichnete-energieprojekte\/\" \/>\n<meta property=\"og:locale\" content=\"de_DE\" \/>\n<meta property=\"og:type\" content=\"article\" \/>\n<meta property=\"og:title\" content=\"Ausgezeichnete Energieprojekte - Organisator\" \/>\n<meta property=\"og:description\" content=\"Das Bundesamt f\u00fcr Energie hat den Schweizer Energiepreis Watt d&#039;Or 2021 vergeben. Die goldenen Gewinner des Jahres 2021 im Umwelt Perspektiven.\" \/>\n<meta property=\"og:url\" content=\"https:\/\/www.organisator.ch\/de\/sustainability\/2021-01-07\/ausgezeichnete-energieprojekte\/\" \/>\n<meta property=\"og:site_name\" content=\"Organisator\" \/>\n<meta property=\"article:publisher\" content=\"https:\/\/www.facebook.com\/OrganisatorFachmagazin\" \/>\n<meta property=\"article:published_time\" content=\"2021-01-07T05:02:23+00:00\" \/>\n<meta property=\"article:modified_time\" content=\"2022-02-09T10:06:11+00:00\" \/>\n<meta property=\"og:image\" content=\"https:\/\/www.organisator.ch\/wp-content\/uploads\/2021\/01\/hydrospider.jpg\" \/>\n\t<meta property=\"og:image:width\" content=\"848\" \/>\n\t<meta property=\"og:image:height\" content=\"593\" \/>\n\t<meta property=\"og:image:type\" content=\"image\/jpeg\" \/>\n<meta name=\"author\" content=\"roger.straessle\" \/>\n<meta name=\"twitter:card\" content=\"summary_large_image\" \/>\n<script type=\"application\/ld+json\" class=\"yoast-schema-graph\">{\"@context\":\"https:\\\/\\\/schema.org\",\"@graph\":[{\"@type\":\"Article\",\"@id\":\"https:\\\/\\\/www.organisator.ch\\\/sustainability\\\/2021-01-07\\\/ausgezeichnete-energieprojekte\\\/#article\",\"isPartOf\":{\"@id\":\"https:\\\/\\\/www.organisator.ch\\\/sustainability\\\/2021-01-07\\\/ausgezeichnete-energieprojekte\\\/\"},\"author\":{\"name\":\"roger.straessle\",\"@id\":\"https:\\\/\\\/www.organisator.ch\\\/#\\\/schema\\\/person\\\/a800b8c54e208b160517a7dcc323161d\"},\"headline\":\"Ausgezeichnete Energieprojekte\",\"datePublished\":\"2021-01-07T05:02:23+00:00\",\"dateModified\":\"2022-02-09T10:06:11+00:00\",\"mainEntityOfPage\":{\"@id\":\"https:\\\/\\\/www.organisator.ch\\\/sustainability\\\/2021-01-07\\\/ausgezeichnete-energieprojekte\\\/\"},\"wordCount\":805,\"publisher\":{\"@id\":\"https:\\\/\\\/www.organisator.ch\\\/#organization\"},\"image\":{\"@id\":\"https:\\\/\\\/www.organisator.ch\\\/sustainability\\\/2021-01-07\\\/ausgezeichnete-energieprojekte\\\/#primaryimage\"},\"thumbnailUrl\":\"https:\\\/\\\/www.organisator.ch\\\/wp-content\\\/uploads\\\/2021\\\/01\\\/hydrospider.jpg\",\"keywords\":[\"Adaptricity\",\"Bundesamt f\u00fcr Energie\",\"F\u00f6rderverein H2 Mobilit\u00e4t Schweiz\",\"H2 Energy AG\",\"Hydrospider AG\",\"Hyundai Hydrogen Mobility AG\",\"Mettiss AG\",\"Ren\u00e9 Schmid Architekten AG\",\"Romande Energie\",\"Watt d'Or\"],\"articleSection\":[\"SUSTAINABILITY\"],\"inLanguage\":\"de\"},{\"@type\":\"WebPage\",\"@id\":\"https:\\\/\\\/www.organisator.ch\\\/sustainability\\\/2021-01-07\\\/ausgezeichnete-energieprojekte\\\/\",\"url\":\"https:\\\/\\\/www.organisator.ch\\\/sustainability\\\/2021-01-07\\\/ausgezeichnete-energieprojekte\\\/\",\"name\":\"Ausgezeichnete Energieprojekte - Organisator\",\"isPartOf\":{\"@id\":\"https:\\\/\\\/www.organisator.ch\\\/#website\"},\"primaryImageOfPage\":{\"@id\":\"https:\\\/\\\/www.organisator.ch\\\/sustainability\\\/2021-01-07\\\/ausgezeichnete-energieprojekte\\\/#primaryimage\"},\"image\":{\"@id\":\"https:\\\/\\\/www.organisator.ch\\\/sustainability\\\/2021-01-07\\\/ausgezeichnete-energieprojekte\\\/#primaryimage\"},\"thumbnailUrl\":\"https:\\\/\\\/www.organisator.ch\\\/wp-content\\\/uploads\\\/2021\\\/01\\\/hydrospider.jpg\",\"datePublished\":\"2021-01-07T05:02:23+00:00\",\"dateModified\":\"2022-02-09T10:06:11+00:00\",\"description\":\"Das Bundesamt f\u00fcr Energie hat den Schweizer Energiepreis Watt d'Or 2021 vergeben. Die goldenen Gewinner des Jahres 2021 im Umwelt Perspektiven.\",\"breadcrumb\":{\"@id\":\"https:\\\/\\\/www.organisator.ch\\\/sustainability\\\/2021-01-07\\\/ausgezeichnete-energieprojekte\\\/#breadcrumb\"},\"inLanguage\":\"de\",\"potentialAction\":[{\"@type\":\"ReadAction\",\"target\":[\"https:\\\/\\\/www.organisator.ch\\\/sustainability\\\/2021-01-07\\\/ausgezeichnete-energieprojekte\\\/\"]}]},{\"@type\":\"ImageObject\",\"inLanguage\":\"de\",\"@id\":\"https:\\\/\\\/www.organisator.ch\\\/sustainability\\\/2021-01-07\\\/ausgezeichnete-energieprojekte\\\/#primaryimage\",\"url\":\"https:\\\/\\\/www.organisator.ch\\\/wp-content\\\/uploads\\\/2021\\\/01\\\/hydrospider.jpg\",\"contentUrl\":\"https:\\\/\\\/www.organisator.ch\\\/wp-content\\\/uploads\\\/2021\\\/01\\\/hydrospider.jpg\",\"width\":848,\"height\":593,\"caption\":\"Verschiedene Unternehmen bauen in der Schweiz den weltweit ersten kommerziellen Kreislauf f\u00fcr erneuerbaren Wasserstoff auf. Daf\u00fcr gibt\u2019s den Watt d\u2019Or. Quelle: Hydrospider\"},{\"@type\":\"BreadcrumbList\",\"@id\":\"https:\\\/\\\/www.organisator.ch\\\/sustainability\\\/2021-01-07\\\/ausgezeichnete-energieprojekte\\\/#breadcrumb\",\"itemListElement\":[{\"@type\":\"ListItem\",\"position\":1,\"name\":\"Home\",\"item\":\"https:\\\/\\\/www.organisator.ch\\\/\"},{\"@type\":\"ListItem\",\"position\":2,\"name\":\"Ausgezeichnete Energieprojekte\"}]},{\"@type\":\"WebSite\",\"@id\":\"https:\\\/\\\/www.organisator.ch\\\/#website\",\"url\":\"https:\\\/\\\/www.organisator.ch\\\/\",\"name\":\"Organisator\",\"description\":\"Kompetent. Praxisnah. Der ORGANISATOR bereitet in 10 Ausgaben pro Jahr die wesentlichen Themen f\u00fcr F\u00fchrungskr\u00e4fte von KMU auf.\",\"publisher\":{\"@id\":\"https:\\\/\\\/www.organisator.ch\\\/#organization\"},\"potentialAction\":[{\"@type\":\"SearchAction\",\"target\":{\"@type\":\"EntryPoint\",\"urlTemplate\":\"https:\\\/\\\/www.organisator.ch\\\/?s={search_term_string}\"},\"query-input\":{\"@type\":\"PropertyValueSpecification\",\"valueRequired\":true,\"valueName\":\"search_term_string\"}}],\"inLanguage\":\"de\"},{\"@type\":\"Organization\",\"@id\":\"https:\\\/\\\/www.organisator.ch\\\/#organization\",\"name\":\"Organisator\",\"url\":\"https:\\\/\\\/www.organisator.ch\\\/\",\"logo\":{\"@type\":\"ImageObject\",\"inLanguage\":\"de\",\"@id\":\"https:\\\/\\\/www.organisator.ch\\\/#\\\/schema\\\/logo\\\/image\\\/\",\"url\":\"https:\\\/\\\/www.organisator.ch\\\/wp-content\\\/uploads\\\/2022\\\/01\\\/Logo_Organisator_Website.png\",\"contentUrl\":\"https:\\\/\\\/www.organisator.ch\\\/wp-content\\\/uploads\\\/2022\\\/01\\\/Logo_Organisator_Website.png\",\"width\":800,\"height\":77,\"caption\":\"Organisator\"},\"image\":{\"@id\":\"https:\\\/\\\/www.organisator.ch\\\/#\\\/schema\\\/logo\\\/image\\\/\"},\"sameAs\":[\"https:\\\/\\\/www.facebook.com\\\/OrganisatorFachmagazin\",\"https:\\\/\\\/www.linkedin.com\\\/showcase\\\/organisator-das-magazin-fr-kmu\",\"https:\\\/\\\/www.xing.com\\\/news\\\/pages\\\/organisator-ch-695\",\"https:\\\/\\\/www.youtube.com\\\/channel\\\/UCGP2Sq0iWaZwT3BdIAQFYpw\"]},{\"@type\":\"Person\",\"@id\":\"https:\\\/\\\/www.organisator.ch\\\/#\\\/schema\\\/person\\\/a800b8c54e208b160517a7dcc323161d\",\"name\":\"roger.straessle\",\"image\":{\"@type\":\"ImageObject\",\"inLanguage\":\"de\",\"@id\":\"https:\\\/\\\/secure.gravatar.com\\\/avatar\\\/?s=96&d=mm&r=g\",\"url\":\"https:\\\/\\\/secure.gravatar.com\\\/avatar\\\/?s=96&d=mm&r=g\",\"contentUrl\":\"https:\\\/\\\/secure.gravatar.com\\\/avatar\\\/?s=96&d=mm&r=g\",\"caption\":\"roger.straessle\"},\"url\":\"https:\\\/\\\/www.organisator.ch\\\/de\\\/author\\\/roger-straessle\\\/\"}]}<\/script>\n<!-- \/ Yoast SEO plugin. -->","yoast_head_json":{"title":"Ausgezeichnete Energieprojekte - Organisator","description":"Das Bundesamt f\u00fcr Energie hat den Schweizer Energiepreis Watt d'Or 2021 vergeben. Die goldenen Gewinner des Jahres 2021 im Umwelt Perspektiven.","robots":{"index":"index","follow":"follow","max-snippet":"max-snippet:-1","max-image-preview":"max-image-preview:large","max-video-preview":"max-video-preview:-1"},"canonical":"https:\/\/www.organisator.ch\/de\/sustainability\/2021-01-07\/ausgezeichnete-energieprojekte\/","og_locale":"de_DE","og_type":"article","og_title":"Ausgezeichnete Energieprojekte - Organisator","og_description":"Das Bundesamt f\u00fcr Energie hat den Schweizer Energiepreis Watt d'Or 2021 vergeben. Die goldenen Gewinner des Jahres 2021 im Umwelt Perspektiven.","og_url":"https:\/\/www.organisator.ch\/de\/sustainability\/2021-01-07\/ausgezeichnete-energieprojekte\/","og_site_name":"Organisator","article_publisher":"https:\/\/www.facebook.com\/OrganisatorFachmagazin","article_published_time":"2021-01-07T05:02:23+00:00","article_modified_time":"2022-02-09T10:06:11+00:00","og_image":[{"width":848,"height":593,"url":"https:\/\/www.organisator.ch\/wp-content\/uploads\/2021\/01\/hydrospider.jpg","type":"image\/jpeg"}],"author":"roger.straessle","twitter_card":"summary_large_image","schema":{"@context":"https:\/\/schema.org","@graph":[{"@type":"Article","@id":"https:\/\/www.organisator.ch\/sustainability\/2021-01-07\/ausgezeichnete-energieprojekte\/#article","isPartOf":{"@id":"https:\/\/www.organisator.ch\/sustainability\/2021-01-07\/ausgezeichnete-energieprojekte\/"},"author":{"name":"roger.straessle","@id":"https:\/\/www.organisator.ch\/#\/schema\/person\/a800b8c54e208b160517a7dcc323161d"},"headline":"Ausgezeichnete Energieprojekte","datePublished":"2021-01-07T05:02:23+00:00","dateModified":"2022-02-09T10:06:11+00:00","mainEntityOfPage":{"@id":"https:\/\/www.organisator.ch\/sustainability\/2021-01-07\/ausgezeichnete-energieprojekte\/"},"wordCount":805,"publisher":{"@id":"https:\/\/www.organisator.ch\/#organization"},"image":{"@id":"https:\/\/www.organisator.ch\/sustainability\/2021-01-07\/ausgezeichnete-energieprojekte\/#primaryimage"},"thumbnailUrl":"https:\/\/www.organisator.ch\/wp-content\/uploads\/2021\/01\/hydrospider.jpg","keywords":["Adaptricity","Bundesamt f\u00fcr Energie","F\u00f6rderverein H2 Mobilit\u00e4t Schweiz","H2 Energy AG","Hydrospider AG","Hyundai Hydrogen Mobility AG","Mettiss AG","Ren\u00e9 Schmid Architekten AG","Romande Energie","Watt d'Or"],"articleSection":["SUSTAINABILITY"],"inLanguage":"de"},{"@type":"WebPage","@id":"https:\/\/www.organisator.ch\/sustainability\/2021-01-07\/ausgezeichnete-energieprojekte\/","url":"https:\/\/www.organisator.ch\/sustainability\/2021-01-07\/ausgezeichnete-energieprojekte\/","name":"Ausgezeichnete Energieprojekte - Organisator","isPartOf":{"@id":"https:\/\/www.organisator.ch\/#website"},"primaryImageOfPage":{"@id":"https:\/\/www.organisator.ch\/sustainability\/2021-01-07\/ausgezeichnete-energieprojekte\/#primaryimage"},"image":{"@id":"https:\/\/www.organisator.ch\/sustainability\/2021-01-07\/ausgezeichnete-energieprojekte\/#primaryimage"},"thumbnailUrl":"https:\/\/www.organisator.ch\/wp-content\/uploads\/2021\/01\/hydrospider.jpg","datePublished":"2021-01-07T05:02:23+00:00","dateModified":"2022-02-09T10:06:11+00:00","description":"Das Bundesamt f\u00fcr Energie hat den Schweizer Energiepreis Watt d'Or 2021 vergeben. Die goldenen Gewinner des Jahres 2021 im Umwelt Perspektiven.","breadcrumb":{"@id":"https:\/\/www.organisator.ch\/sustainability\/2021-01-07\/ausgezeichnete-energieprojekte\/#breadcrumb"},"inLanguage":"de","potentialAction":[{"@type":"ReadAction","target":["https:\/\/www.organisator.ch\/sustainability\/2021-01-07\/ausgezeichnete-energieprojekte\/"]}]},{"@type":"ImageObject","inLanguage":"de","@id":"https:\/\/www.organisator.ch\/sustainability\/2021-01-07\/ausgezeichnete-energieprojekte\/#primaryimage","url":"https:\/\/www.organisator.ch\/wp-content\/uploads\/2021\/01\/hydrospider.jpg","contentUrl":"https:\/\/www.organisator.ch\/wp-content\/uploads\/2021\/01\/hydrospider.jpg","width":848,"height":593,"caption":"Verschiedene Unternehmen bauen in der Schweiz den weltweit ersten kommerziellen Kreislauf f\u00fcr erneuerbaren Wasserstoff auf. Daf\u00fcr gibt\u2019s den Watt d\u2019Or. Quelle: Hydrospider"},{"@type":"BreadcrumbList","@id":"https:\/\/www.organisator.ch\/sustainability\/2021-01-07\/ausgezeichnete-energieprojekte\/#breadcrumb","itemListElement":[{"@type":"ListItem","position":1,"name":"Home","item":"https:\/\/www.organisator.ch\/"},{"@type":"ListItem","position":2,"name":"Ausgezeichnete Energieprojekte"}]},{"@type":"WebSite","@id":"https:\/\/www.organisator.ch\/#website","url":"https:\/\/www.organisator.ch\/","name":"Organisator","description":"Kompetent. Praxisnah. Der ORGANISATOR bereitet in 10 Ausgaben pro Jahr die wesentlichen Themen f\u00fcr F\u00fchrungskr\u00e4fte von KMU auf.","publisher":{"@id":"https:\/\/www.organisator.ch\/#organization"},"potentialAction":[{"@type":"SearchAction","target":{"@type":"EntryPoint","urlTemplate":"https:\/\/www.organisator.ch\/?s={search_term_string}"},"query-input":{"@type":"PropertyValueSpecification","valueRequired":true,"valueName":"search_term_string"}}],"inLanguage":"de"},{"@type":"Organization","@id":"https:\/\/www.organisator.ch\/#organization","name":"Organisator","url":"https:\/\/www.organisator.ch\/","logo":{"@type":"ImageObject","inLanguage":"de","@id":"https:\/\/www.organisator.ch\/#\/schema\/logo\/image\/","url":"https:\/\/www.organisator.ch\/wp-content\/uploads\/2022\/01\/Logo_Organisator_Website.png","contentUrl":"https:\/\/www.organisator.ch\/wp-content\/uploads\/2022\/01\/Logo_Organisator_Website.png","width":800,"height":77,"caption":"Organisator"},"image":{"@id":"https:\/\/www.organisator.ch\/#\/schema\/logo\/image\/"},"sameAs":["https:\/\/www.facebook.com\/OrganisatorFachmagazin","https:\/\/www.linkedin.com\/showcase\/organisator-das-magazin-fr-kmu","https:\/\/www.xing.com\/news\/pages\/organisator-ch-695","https:\/\/www.youtube.com\/channel\/UCGP2Sq0iWaZwT3BdIAQFYpw"]},{"@type":"Person","@id":"https:\/\/www.organisator.ch\/#\/schema\/person\/a800b8c54e208b160517a7dcc323161d","name":"roger.straessle","image":{"@type":"ImageObject","inLanguage":"de","@id":"https:\/\/secure.gravatar.com\/avatar\/?s=96&d=mm&r=g","url":"https:\/\/secure.gravatar.com\/avatar\/?s=96&d=mm&r=g","contentUrl":"https:\/\/secure.gravatar.com\/avatar\/?s=96&d=mm&r=g","caption":"roger.straessle"},"url":"https:\/\/www.organisator.ch\/de\/author\/roger-straessle\/"}]}},"_links":{"self":[{"href":"https:\/\/www.organisator.ch\/de\/wp-json\/wp\/v2\/posts\/10233","targetHints":{"allow":["GET"]}}],"collection":[{"href":"https:\/\/www.organisator.ch\/de\/wp-json\/wp\/v2\/posts"}],"about":[{"href":"https:\/\/www.organisator.ch\/de\/wp-json\/wp\/v2\/types\/post"}],"author":[{"embeddable":true,"href":"https:\/\/www.organisator.ch\/de\/wp-json\/wp\/v2\/users\/6"}],"replies":[{"embeddable":true,"href":"https:\/\/www.organisator.ch\/de\/wp-json\/wp\/v2\/comments?post=10233"}],"version-history":[{"count":1,"href":"https:\/\/www.organisator.ch\/de\/wp-json\/wp\/v2\/posts\/10233\/revisions"}],"predecessor-version":[{"id":10504,"href":"https:\/\/www.organisator.ch\/de\/wp-json\/wp\/v2\/posts\/10233\/revisions\/10504"}],"wp:featuredmedia":[{"embeddable":true,"href":"https:\/\/www.organisator.ch\/de\/wp-json\/wp\/v2\/media\/9750"}],"wp:attachment":[{"href":"https:\/\/www.organisator.ch\/de\/wp-json\/wp\/v2\/media?parent=10233"}],"wp:term":[{"taxonomy":"category","embeddable":true,"href":"https:\/\/www.organisator.ch\/de\/wp-json\/wp\/v2\/categories?post=10233"},{"taxonomy":"post_tag","embeddable":true,"href":"https:\/\/www.organisator.ch\/de\/wp-json\/wp\/v2\/tags?post=10233"}],"curies":[{"name":"wp","href":"https:\/\/api.w.org\/{rel}","templated":true}]}}