{"id":10235,"date":"2021-01-19T06:00:47","date_gmt":"2021-01-19T05:00:47","guid":{"rendered":"https:\/\/www.umweltperspektiven.ch\/?p=3693"},"modified":"2022-02-09T11:06:11","modified_gmt":"2022-02-09T10:06:11","slug":"infrawatt-waehlt-nachfolge-der-geschaeftsfuehrung","status":"publish","type":"post","link":"https:\/\/www.organisator.ch\/de\/sustainability\/2021-01-19\/infrawatt-waehlt-nachfolge-der-geschaeftsfuehrung\/","title":{"rendered":"InfraWatt w\u00e4hlt Nachfolge der Gesch\u00e4ftsf\u00fchrung"},"content":{"rendered":"<figure id=\"attachment_3694\" aria-describedby=\"caption-attachment-3694\" style=\"width: 680px\" class=\"wp-caption alignnone\"><img loading=\"lazy\" decoding=\"async\" class=\"wp-image-3694 size-medium\" src=\"\/\/www.umweltperspektiven.ch\/wp-content\/uploads\/2021\/01\/Infrawatt-1.jpg\" alt=\"Infrawatt\" width=\"680\" height=\"880\" srcset=\"https:\/\/www.organisator.ch\/wp-content\/uploads\/2021\/01\/Infrawatt-1.jpg 1181w, https:\/\/www.organisator.ch\/wp-content\/uploads\/2021\/01\/Infrawatt-1-680x880.jpg 680w, https:\/\/www.organisator.ch\/wp-content\/uploads\/2021\/01\/Infrawatt-1-791x1024.jpg 791w, https:\/\/www.organisator.ch\/wp-content\/uploads\/2021\/01\/Infrawatt-1-768x994.jpg 768w, https:\/\/www.organisator.ch\/wp-content\/uploads\/2021\/01\/Infrawatt-1-9x12.jpg 9w, https:\/\/www.organisator.ch\/wp-content\/uploads\/2021\/01\/Infrawatt-1-135x175.jpg 135w, https:\/\/www.organisator.ch\/wp-content\/uploads\/2021\/01\/Infrawatt-1-271x350.jpg 271w, https:\/\/www.organisator.ch\/wp-content\/uploads\/2021\/01\/Infrawatt-1-618x800.jpg 618w, https:\/\/www.organisator.ch\/wp-content\/uploads\/2021\/01\/Infrawatt-1-920x1190.jpg 920w, https:\/\/www.organisator.ch\/wp-content\/uploads\/2021\/01\/Infrawatt-1-1082x1400.jpg 1082w, https:\/\/www.organisator.ch\/wp-content\/uploads\/2021\/01\/Infrawatt-1-300x388.jpg 300w\" sizes=\"auto, (max-width: 680px) 100vw, 680px\" \/><figcaption id=\"caption-attachment-3694\" class=\"wp-caption-text\">Laure Deschaintre, die zuk\u00fcnftige Infrawatt-Gesch\u00e4ftsf\u00fchrerin. \u00a9 Infrawatt<\/figcaption><\/figure>\n<p>Ernst A. M\u00fcller war treibende Kraft und Initiant bei der Gr\u00fcndung von InfraWatt. Er koordinierte als Gesch\u00e4ftsf\u00fchrer die Geschicke des Vereins von Anfang an und positionierte den Verein erfolgreich als Dreh- und Angelscheibe zum Thema erneuerbare Energien zwischen den verschiedenen Ver- und Entsorgungsverb\u00e4nden (VSA, VBSA, SVGW und VFS), der Energiewirtschaft, den Bundes\u00e4mtern in Bern und den Kantonen. Dank einem starken Netzwerk sei es gelungen, wichtige politische Akzente zu setzen und die Rahmenbedingungen f\u00fcr Energieinvestitionen zu verbessern, schreibt der Verein. Mit aktiver Information, Aus- und Weiterbildung sowie neutraler Beratung von Investoren, Betreibern von Infrastrukturanlagen und Planern stosse man immer wieder bedeutende Energieprojekte an, so die Organisation.<\/p>\n<p><strong>Ab April neue Gesch\u00e4ftsf\u00fchrerin<\/strong><\/p>\n<p>Der InfraWatt-Vorstand, der von Alt-St\u00e4nderat Filippo Lombardi pr\u00e4sidiert wird, hat die Nachfolgerin von Ernst A. M\u00fcller bekannt gegeben: Ab Anfang April 2021 wird Laure Deschaintre von der Firma Planair SA die Gesch\u00e4ftsf\u00fchrung des Vereins \u00fcbernehmen. Als Ingenieurin mit Masterabschluss in Klima-, W\u00e4rme- und Energietechnik, ihren Praxiserfahrungen und der Leitung von Projekten (u.a. mit 18 EU-Partnern) bringe sie umfassende Fachkompetenzen im Energiebereich und F\u00fchrungserfahrung mit. Ihre Vernetzung in der Energiebranche im In- und Ausland sowie ihre Mehrsprachigkeit (F, D und E) w\u00fcrden InfraWatt zudem als schweizweiten Verein mit Austrahlung auf die Nachbarl\u00e4nder st\u00e4rken.<\/p>\n<p>Als Gesch\u00e4ftsf\u00fchrerin wolle Frau Deschaintre die richtigen Rahmenbedingungen sicherstellen, damit die Mitglieder ihre wichtige Rolle im Energiemarkt der Zukunft ausbauen k\u00f6nne, heisst es in der Medienmitteilung.<\/p>\n<p><strong>InfraWatt wird 10 Jahre alt<\/strong><\/p>\n<p>InfraWatt wurde im Januar 2010 gegr\u00fcndet, um die Energienutzung aus Abwasser, Abfall, Abw\u00e4rme und Trinkwasser zu f\u00f6rdern. Konkret geht es um die Unterst\u00fctzung der Betreiber von Kl\u00e4ranlagen, Kehrichtverwertungsanlagen und Wasserversorgungen bei der Ermittlung und Realisierung von wirtschaftlichen Energiepotenzialen. Damit soll die erneuerbare Stromproduktion erh\u00f6ht werden, auch im Winterhalbjahr. Zudem setzt sich der Verein daf\u00fcr ein, dass die riesigen Abw\u00e4rmemengen aus den KVA und aus dem Abwasser vermehrt genutzt werden, denn mit diesen k\u00f6nnte bis 2050 rund ein Sechstel des gesamten W\u00e4rmebedarfes in der Schweiz CO<sub>2<\/sub>-frei abgedeckt werden, betont der Verein. Damit k\u00f6nne InfraWatt einen wichtigen Beitrag zu den Energie- und Klimazielen der Schweiz leisten, heisst es abschliessend.<\/p>\n<p><em>Quelle: InfraWatt <\/em><\/p>\n","protected":false},"excerpt":{"rendered":"<p>Ernst A. M\u00fcller war treibende Kraft und Initiant bei der Gr\u00fcndung von InfraWatt. Er koordinierte als Gesch\u00e4ftsf\u00fchrer die Geschicke des Vereins von Anfang an und positionierte den Verein erfolgreich als Dreh- und Angelscheibe zum Thema erneuerbare Energien zwischen den verschiedenen Ver- und Entsorgungsverb\u00e4nden (VSA, VBSA, SVGW und VFS), der Energiewirtschaft, den Bundes\u00e4mtern in Bern und [&hellip;]<\/p>\n","protected":false},"author":6,"featured_media":3694,"comment_status":"closed","ping_status":"closed","sticky":false,"template":"","format":"standard","meta":{"_acf_changed":false,"_yoast_wpseo_focuskw":"InfraWatt","_yoast_wpseo_metadesc":"Ernst A. M\u00fcller \u00fcbergibt die Gesch\u00e4ftsf\u00fchrung von InfraWatt auf April 2021 in j\u00fcngere H\u00e4nde: Laure Deschaintre heisst die Nachfolgerin.","articlekey":"","footnotes":""},"categories":[580],"tags":[662,664,1076,1121,1407,1482,1580,1601,2334],"class_list":["post-10235","post","type-post","status-publish","format-standard","has-post-thumbnail","hentry","category-sustainability","tag-abwaermenutzung","tag-abwasseranlagen","tag-energienutzung","tag-ernst-a-mueller","tag-infrawatt","tag-kehrichtverwertungsanlagen","tag-kva","tag-laure-deschaintre","tag-trinkwasserversorgung"],"acf":[],"yoast_head":"<!-- This site is optimized with the Yoast SEO plugin v27.4 - https:\/\/yoast.com\/product\/yoast-seo-wordpress\/ -->\n<title>InfraWatt w\u00e4hlt Nachfolge der Gesch\u00e4ftsf\u00fchrung - Organisator<\/title>\n<meta name=\"description\" content=\"Ernst A. M\u00fcller \u00fcbergibt die Gesch\u00e4ftsf\u00fchrung von InfraWatt auf April 2021 in j\u00fcngere H\u00e4nde: Laure Deschaintre heisst die Nachfolgerin.\" \/>\n<meta name=\"robots\" content=\"index, follow, max-snippet:-1, max-image-preview:large, max-video-preview:-1\" \/>\n<link rel=\"canonical\" href=\"https:\/\/www.organisator.ch\/de\/sustainability\/2021-01-19\/infrawatt-waehlt-nachfolge-der-geschaeftsfuehrung\/\" \/>\n<meta property=\"og:locale\" content=\"de_DE\" \/>\n<meta property=\"og:type\" content=\"article\" \/>\n<meta property=\"og:title\" content=\"InfraWatt w\u00e4hlt Nachfolge der Gesch\u00e4ftsf\u00fchrung - Organisator\" \/>\n<meta property=\"og:description\" content=\"Ernst A. M\u00fcller \u00fcbergibt die Gesch\u00e4ftsf\u00fchrung von InfraWatt auf April 2021 in j\u00fcngere H\u00e4nde: Laure Deschaintre heisst die Nachfolgerin.\" \/>\n<meta property=\"og:url\" content=\"https:\/\/www.organisator.ch\/de\/sustainability\/2021-01-19\/infrawatt-waehlt-nachfolge-der-geschaeftsfuehrung\/\" \/>\n<meta property=\"og:site_name\" content=\"Organisator\" \/>\n<meta property=\"article:publisher\" content=\"https:\/\/www.facebook.com\/OrganisatorFachmagazin\" \/>\n<meta property=\"article:published_time\" content=\"2021-01-19T05:00:47+00:00\" \/>\n<meta property=\"article:modified_time\" content=\"2022-02-09T10:06:11+00:00\" \/>\n<meta property=\"og:image\" content=\"https:\/\/www.organisator.ch\/wp-content\/uploads\/2021\/01\/Infrawatt-1.jpg\" \/>\n\t<meta property=\"og:image:width\" content=\"1181\" \/>\n\t<meta property=\"og:image:height\" content=\"1528\" \/>\n\t<meta property=\"og:image:type\" content=\"image\/jpeg\" \/>\n<meta name=\"author\" content=\"roger.straessle\" \/>\n<meta name=\"twitter:card\" content=\"summary_large_image\" \/>\n<script type=\"application\/ld+json\" class=\"yoast-schema-graph\">{\"@context\":\"https:\\\/\\\/schema.org\",\"@graph\":[{\"@type\":\"Article\",\"@id\":\"https:\\\/\\\/www.organisator.ch\\\/sustainability\\\/2021-01-19\\\/infrawatt-waehlt-nachfolge-der-geschaeftsfuehrung\\\/#article\",\"isPartOf\":{\"@id\":\"https:\\\/\\\/www.organisator.ch\\\/sustainability\\\/2021-01-19\\\/infrawatt-waehlt-nachfolge-der-geschaeftsfuehrung\\\/\"},\"author\":{\"name\":\"roger.straessle\",\"@id\":\"https:\\\/\\\/www.organisator.ch\\\/#\\\/schema\\\/person\\\/a800b8c54e208b160517a7dcc323161d\"},\"headline\":\"InfraWatt w\u00e4hlt Nachfolge der Gesch\u00e4ftsf\u00fchrung\",\"datePublished\":\"2021-01-19T05:00:47+00:00\",\"dateModified\":\"2022-02-09T10:06:11+00:00\",\"mainEntityOfPage\":{\"@id\":\"https:\\\/\\\/www.organisator.ch\\\/sustainability\\\/2021-01-19\\\/infrawatt-waehlt-nachfolge-der-geschaeftsfuehrung\\\/\"},\"wordCount\":395,\"publisher\":{\"@id\":\"https:\\\/\\\/www.organisator.ch\\\/#organization\"},\"image\":{\"@id\":\"https:\\\/\\\/www.organisator.ch\\\/sustainability\\\/2021-01-19\\\/infrawatt-waehlt-nachfolge-der-geschaeftsfuehrung\\\/#primaryimage\"},\"thumbnailUrl\":\"https:\\\/\\\/www.organisator.ch\\\/wp-content\\\/uploads\\\/2021\\\/01\\\/Infrawatt-1.jpg\",\"keywords\":[\"Abw\u00e4rmenutzung\",\"Abwasseranlagen\",\"Energienutzung\",\"Ernst A. M\u00fcller\",\"Infrawatt\",\"Kehrichtverwertungsanlagen\",\"KVA\",\"Laure Deschaintre\",\"Trinkwasserversorgung\"],\"articleSection\":[\"SUSTAINABILITY\"],\"inLanguage\":\"de\"},{\"@type\":\"WebPage\",\"@id\":\"https:\\\/\\\/www.organisator.ch\\\/sustainability\\\/2021-01-19\\\/infrawatt-waehlt-nachfolge-der-geschaeftsfuehrung\\\/\",\"url\":\"https:\\\/\\\/www.organisator.ch\\\/sustainability\\\/2021-01-19\\\/infrawatt-waehlt-nachfolge-der-geschaeftsfuehrung\\\/\",\"name\":\"InfraWatt w\u00e4hlt Nachfolge der Gesch\u00e4ftsf\u00fchrung - Organisator\",\"isPartOf\":{\"@id\":\"https:\\\/\\\/www.organisator.ch\\\/#website\"},\"primaryImageOfPage\":{\"@id\":\"https:\\\/\\\/www.organisator.ch\\\/sustainability\\\/2021-01-19\\\/infrawatt-waehlt-nachfolge-der-geschaeftsfuehrung\\\/#primaryimage\"},\"image\":{\"@id\":\"https:\\\/\\\/www.organisator.ch\\\/sustainability\\\/2021-01-19\\\/infrawatt-waehlt-nachfolge-der-geschaeftsfuehrung\\\/#primaryimage\"},\"thumbnailUrl\":\"https:\\\/\\\/www.organisator.ch\\\/wp-content\\\/uploads\\\/2021\\\/01\\\/Infrawatt-1.jpg\",\"datePublished\":\"2021-01-19T05:00:47+00:00\",\"dateModified\":\"2022-02-09T10:06:11+00:00\",\"description\":\"Ernst A. M\u00fcller \u00fcbergibt die Gesch\u00e4ftsf\u00fchrung von InfraWatt auf April 2021 in j\u00fcngere H\u00e4nde: Laure Deschaintre heisst die Nachfolgerin.\",\"breadcrumb\":{\"@id\":\"https:\\\/\\\/www.organisator.ch\\\/sustainability\\\/2021-01-19\\\/infrawatt-waehlt-nachfolge-der-geschaeftsfuehrung\\\/#breadcrumb\"},\"inLanguage\":\"de\",\"potentialAction\":[{\"@type\":\"ReadAction\",\"target\":[\"https:\\\/\\\/www.organisator.ch\\\/sustainability\\\/2021-01-19\\\/infrawatt-waehlt-nachfolge-der-geschaeftsfuehrung\\\/\"]}]},{\"@type\":\"ImageObject\",\"inLanguage\":\"de\",\"@id\":\"https:\\\/\\\/www.organisator.ch\\\/sustainability\\\/2021-01-19\\\/infrawatt-waehlt-nachfolge-der-geschaeftsfuehrung\\\/#primaryimage\",\"url\":\"https:\\\/\\\/www.organisator.ch\\\/wp-content\\\/uploads\\\/2021\\\/01\\\/Infrawatt-1.jpg\",\"contentUrl\":\"https:\\\/\\\/www.organisator.ch\\\/wp-content\\\/uploads\\\/2021\\\/01\\\/Infrawatt-1.jpg\",\"width\":1181,\"height\":1528,\"caption\":\"Laure Deschaintre , die zuk\u00fcnftige Infrawatt-Gesch\u00e4ftsf\u00fchrerin. \u00a9 Infrawatt.\"},{\"@type\":\"BreadcrumbList\",\"@id\":\"https:\\\/\\\/www.organisator.ch\\\/sustainability\\\/2021-01-19\\\/infrawatt-waehlt-nachfolge-der-geschaeftsfuehrung\\\/#breadcrumb\",\"itemListElement\":[{\"@type\":\"ListItem\",\"position\":1,\"name\":\"Home\",\"item\":\"https:\\\/\\\/www.organisator.ch\\\/\"},{\"@type\":\"ListItem\",\"position\":2,\"name\":\"InfraWatt w\u00e4hlt Nachfolge der Gesch\u00e4ftsf\u00fchrung\"}]},{\"@type\":\"WebSite\",\"@id\":\"https:\\\/\\\/www.organisator.ch\\\/#website\",\"url\":\"https:\\\/\\\/www.organisator.ch\\\/\",\"name\":\"Organisator\",\"description\":\"Kompetent. Praxisnah. Der ORGANISATOR bereitet in 10 Ausgaben pro Jahr die wesentlichen Themen f\u00fcr F\u00fchrungskr\u00e4fte von KMU auf.\",\"publisher\":{\"@id\":\"https:\\\/\\\/www.organisator.ch\\\/#organization\"},\"potentialAction\":[{\"@type\":\"SearchAction\",\"target\":{\"@type\":\"EntryPoint\",\"urlTemplate\":\"https:\\\/\\\/www.organisator.ch\\\/?s={search_term_string}\"},\"query-input\":{\"@type\":\"PropertyValueSpecification\",\"valueRequired\":true,\"valueName\":\"search_term_string\"}}],\"inLanguage\":\"de\"},{\"@type\":\"Organization\",\"@id\":\"https:\\\/\\\/www.organisator.ch\\\/#organization\",\"name\":\"Organisator\",\"url\":\"https:\\\/\\\/www.organisator.ch\\\/\",\"logo\":{\"@type\":\"ImageObject\",\"inLanguage\":\"de\",\"@id\":\"https:\\\/\\\/www.organisator.ch\\\/#\\\/schema\\\/logo\\\/image\\\/\",\"url\":\"https:\\\/\\\/www.organisator.ch\\\/wp-content\\\/uploads\\\/2022\\\/01\\\/Logo_Organisator_Website.png\",\"contentUrl\":\"https:\\\/\\\/www.organisator.ch\\\/wp-content\\\/uploads\\\/2022\\\/01\\\/Logo_Organisator_Website.png\",\"width\":800,\"height\":77,\"caption\":\"Organisator\"},\"image\":{\"@id\":\"https:\\\/\\\/www.organisator.ch\\\/#\\\/schema\\\/logo\\\/image\\\/\"},\"sameAs\":[\"https:\\\/\\\/www.facebook.com\\\/OrganisatorFachmagazin\",\"https:\\\/\\\/www.linkedin.com\\\/showcase\\\/organisator-das-magazin-fr-kmu\",\"https:\\\/\\\/www.xing.com\\\/news\\\/pages\\\/organisator-ch-695\",\"https:\\\/\\\/www.youtube.com\\\/channel\\\/UCGP2Sq0iWaZwT3BdIAQFYpw\"]},{\"@type\":\"Person\",\"@id\":\"https:\\\/\\\/www.organisator.ch\\\/#\\\/schema\\\/person\\\/a800b8c54e208b160517a7dcc323161d\",\"name\":\"roger.straessle\",\"image\":{\"@type\":\"ImageObject\",\"inLanguage\":\"de\",\"@id\":\"https:\\\/\\\/secure.gravatar.com\\\/avatar\\\/?s=96&d=mm&r=g\",\"url\":\"https:\\\/\\\/secure.gravatar.com\\\/avatar\\\/?s=96&d=mm&r=g\",\"contentUrl\":\"https:\\\/\\\/secure.gravatar.com\\\/avatar\\\/?s=96&d=mm&r=g\",\"caption\":\"roger.straessle\"},\"url\":\"https:\\\/\\\/www.organisator.ch\\\/de\\\/author\\\/roger-straessle\\\/\"}]}<\/script>\n<!-- \/ Yoast SEO plugin. -->","yoast_head_json":{"title":"InfraWatt w\u00e4hlt Nachfolge der Gesch\u00e4ftsf\u00fchrung - Organisator","description":"Ernst A. M\u00fcller \u00fcbergibt die Gesch\u00e4ftsf\u00fchrung von InfraWatt auf April 2021 in j\u00fcngere H\u00e4nde: Laure Deschaintre heisst die Nachfolgerin.","robots":{"index":"index","follow":"follow","max-snippet":"max-snippet:-1","max-image-preview":"max-image-preview:large","max-video-preview":"max-video-preview:-1"},"canonical":"https:\/\/www.organisator.ch\/de\/sustainability\/2021-01-19\/infrawatt-waehlt-nachfolge-der-geschaeftsfuehrung\/","og_locale":"de_DE","og_type":"article","og_title":"InfraWatt w\u00e4hlt Nachfolge der Gesch\u00e4ftsf\u00fchrung - Organisator","og_description":"Ernst A. M\u00fcller \u00fcbergibt die Gesch\u00e4ftsf\u00fchrung von InfraWatt auf April 2021 in j\u00fcngere H\u00e4nde: Laure Deschaintre heisst die Nachfolgerin.","og_url":"https:\/\/www.organisator.ch\/de\/sustainability\/2021-01-19\/infrawatt-waehlt-nachfolge-der-geschaeftsfuehrung\/","og_site_name":"Organisator","article_publisher":"https:\/\/www.facebook.com\/OrganisatorFachmagazin","article_published_time":"2021-01-19T05:00:47+00:00","article_modified_time":"2022-02-09T10:06:11+00:00","og_image":[{"width":1181,"height":1528,"url":"https:\/\/www.organisator.ch\/wp-content\/uploads\/2021\/01\/Infrawatt-1.jpg","type":"image\/jpeg"}],"author":"roger.straessle","twitter_card":"summary_large_image","schema":{"@context":"https:\/\/schema.org","@graph":[{"@type":"Article","@id":"https:\/\/www.organisator.ch\/sustainability\/2021-01-19\/infrawatt-waehlt-nachfolge-der-geschaeftsfuehrung\/#article","isPartOf":{"@id":"https:\/\/www.organisator.ch\/sustainability\/2021-01-19\/infrawatt-waehlt-nachfolge-der-geschaeftsfuehrung\/"},"author":{"name":"roger.straessle","@id":"https:\/\/www.organisator.ch\/#\/schema\/person\/a800b8c54e208b160517a7dcc323161d"},"headline":"InfraWatt w\u00e4hlt Nachfolge der Gesch\u00e4ftsf\u00fchrung","datePublished":"2021-01-19T05:00:47+00:00","dateModified":"2022-02-09T10:06:11+00:00","mainEntityOfPage":{"@id":"https:\/\/www.organisator.ch\/sustainability\/2021-01-19\/infrawatt-waehlt-nachfolge-der-geschaeftsfuehrung\/"},"wordCount":395,"publisher":{"@id":"https:\/\/www.organisator.ch\/#organization"},"image":{"@id":"https:\/\/www.organisator.ch\/sustainability\/2021-01-19\/infrawatt-waehlt-nachfolge-der-geschaeftsfuehrung\/#primaryimage"},"thumbnailUrl":"https:\/\/www.organisator.ch\/wp-content\/uploads\/2021\/01\/Infrawatt-1.jpg","keywords":["Abw\u00e4rmenutzung","Abwasseranlagen","Energienutzung","Ernst A. M\u00fcller","Infrawatt","Kehrichtverwertungsanlagen","KVA","Laure Deschaintre","Trinkwasserversorgung"],"articleSection":["SUSTAINABILITY"],"inLanguage":"de"},{"@type":"WebPage","@id":"https:\/\/www.organisator.ch\/sustainability\/2021-01-19\/infrawatt-waehlt-nachfolge-der-geschaeftsfuehrung\/","url":"https:\/\/www.organisator.ch\/sustainability\/2021-01-19\/infrawatt-waehlt-nachfolge-der-geschaeftsfuehrung\/","name":"InfraWatt w\u00e4hlt Nachfolge der Gesch\u00e4ftsf\u00fchrung - Organisator","isPartOf":{"@id":"https:\/\/www.organisator.ch\/#website"},"primaryImageOfPage":{"@id":"https:\/\/www.organisator.ch\/sustainability\/2021-01-19\/infrawatt-waehlt-nachfolge-der-geschaeftsfuehrung\/#primaryimage"},"image":{"@id":"https:\/\/www.organisator.ch\/sustainability\/2021-01-19\/infrawatt-waehlt-nachfolge-der-geschaeftsfuehrung\/#primaryimage"},"thumbnailUrl":"https:\/\/www.organisator.ch\/wp-content\/uploads\/2021\/01\/Infrawatt-1.jpg","datePublished":"2021-01-19T05:00:47+00:00","dateModified":"2022-02-09T10:06:11+00:00","description":"Ernst A. M\u00fcller \u00fcbergibt die Gesch\u00e4ftsf\u00fchrung von InfraWatt auf April 2021 in j\u00fcngere H\u00e4nde: Laure Deschaintre heisst die Nachfolgerin.","breadcrumb":{"@id":"https:\/\/www.organisator.ch\/sustainability\/2021-01-19\/infrawatt-waehlt-nachfolge-der-geschaeftsfuehrung\/#breadcrumb"},"inLanguage":"de","potentialAction":[{"@type":"ReadAction","target":["https:\/\/www.organisator.ch\/sustainability\/2021-01-19\/infrawatt-waehlt-nachfolge-der-geschaeftsfuehrung\/"]}]},{"@type":"ImageObject","inLanguage":"de","@id":"https:\/\/www.organisator.ch\/sustainability\/2021-01-19\/infrawatt-waehlt-nachfolge-der-geschaeftsfuehrung\/#primaryimage","url":"https:\/\/www.organisator.ch\/wp-content\/uploads\/2021\/01\/Infrawatt-1.jpg","contentUrl":"https:\/\/www.organisator.ch\/wp-content\/uploads\/2021\/01\/Infrawatt-1.jpg","width":1181,"height":1528,"caption":"Laure Deschaintre , die zuk\u00fcnftige Infrawatt-Gesch\u00e4ftsf\u00fchrerin. \u00a9 Infrawatt."},{"@type":"BreadcrumbList","@id":"https:\/\/www.organisator.ch\/sustainability\/2021-01-19\/infrawatt-waehlt-nachfolge-der-geschaeftsfuehrung\/#breadcrumb","itemListElement":[{"@type":"ListItem","position":1,"name":"Home","item":"https:\/\/www.organisator.ch\/"},{"@type":"ListItem","position":2,"name":"InfraWatt w\u00e4hlt Nachfolge der Gesch\u00e4ftsf\u00fchrung"}]},{"@type":"WebSite","@id":"https:\/\/www.organisator.ch\/#website","url":"https:\/\/www.organisator.ch\/","name":"Organisator","description":"Kompetent. Praxisnah. Der ORGANISATOR bereitet in 10 Ausgaben pro Jahr die wesentlichen Themen f\u00fcr F\u00fchrungskr\u00e4fte von KMU auf.","publisher":{"@id":"https:\/\/www.organisator.ch\/#organization"},"potentialAction":[{"@type":"SearchAction","target":{"@type":"EntryPoint","urlTemplate":"https:\/\/www.organisator.ch\/?s={search_term_string}"},"query-input":{"@type":"PropertyValueSpecification","valueRequired":true,"valueName":"search_term_string"}}],"inLanguage":"de"},{"@type":"Organization","@id":"https:\/\/www.organisator.ch\/#organization","name":"Organisator","url":"https:\/\/www.organisator.ch\/","logo":{"@type":"ImageObject","inLanguage":"de","@id":"https:\/\/www.organisator.ch\/#\/schema\/logo\/image\/","url":"https:\/\/www.organisator.ch\/wp-content\/uploads\/2022\/01\/Logo_Organisator_Website.png","contentUrl":"https:\/\/www.organisator.ch\/wp-content\/uploads\/2022\/01\/Logo_Organisator_Website.png","width":800,"height":77,"caption":"Organisator"},"image":{"@id":"https:\/\/www.organisator.ch\/#\/schema\/logo\/image\/"},"sameAs":["https:\/\/www.facebook.com\/OrganisatorFachmagazin","https:\/\/www.linkedin.com\/showcase\/organisator-das-magazin-fr-kmu","https:\/\/www.xing.com\/news\/pages\/organisator-ch-695","https:\/\/www.youtube.com\/channel\/UCGP2Sq0iWaZwT3BdIAQFYpw"]},{"@type":"Person","@id":"https:\/\/www.organisator.ch\/#\/schema\/person\/a800b8c54e208b160517a7dcc323161d","name":"roger.straessle","image":{"@type":"ImageObject","inLanguage":"de","@id":"https:\/\/secure.gravatar.com\/avatar\/?s=96&d=mm&r=g","url":"https:\/\/secure.gravatar.com\/avatar\/?s=96&d=mm&r=g","contentUrl":"https:\/\/secure.gravatar.com\/avatar\/?s=96&d=mm&r=g","caption":"roger.straessle"},"url":"https:\/\/www.organisator.ch\/de\/author\/roger-straessle\/"}]}},"_links":{"self":[{"href":"https:\/\/www.organisator.ch\/de\/wp-json\/wp\/v2\/posts\/10235","targetHints":{"allow":["GET"]}}],"collection":[{"href":"https:\/\/www.organisator.ch\/de\/wp-json\/wp\/v2\/posts"}],"about":[{"href":"https:\/\/www.organisator.ch\/de\/wp-json\/wp\/v2\/types\/post"}],"author":[{"embeddable":true,"href":"https:\/\/www.organisator.ch\/de\/wp-json\/wp\/v2\/users\/6"}],"replies":[{"embeddable":true,"href":"https:\/\/www.organisator.ch\/de\/wp-json\/wp\/v2\/comments?post=10235"}],"version-history":[{"count":1,"href":"https:\/\/www.organisator.ch\/de\/wp-json\/wp\/v2\/posts\/10235\/revisions"}],"predecessor-version":[{"id":10502,"href":"https:\/\/www.organisator.ch\/de\/wp-json\/wp\/v2\/posts\/10235\/revisions\/10502"}],"wp:featuredmedia":[{"embeddable":true,"href":"https:\/\/www.organisator.ch\/de\/wp-json\/wp\/v2\/media\/3694"}],"wp:attachment":[{"href":"https:\/\/www.organisator.ch\/de\/wp-json\/wp\/v2\/media?parent=10235"}],"wp:term":[{"taxonomy":"category","embeddable":true,"href":"https:\/\/www.organisator.ch\/de\/wp-json\/wp\/v2\/categories?post=10235"},{"taxonomy":"post_tag","embeddable":true,"href":"https:\/\/www.organisator.ch\/de\/wp-json\/wp\/v2\/tags?post=10235"}],"curies":[{"name":"wp","href":"https:\/\/api.w.org\/{rel}","templated":true}]}}