{"id":10241,"date":"2021-02-10T08:16:26","date_gmt":"2021-02-10T07:16:26","guid":{"rendered":"https:\/\/www.umweltperspektiven.ch\/?p=3736"},"modified":"2022-02-09T11:09:27","modified_gmt":"2022-02-09T10:09:27","slug":"den-bremsscheiben-und-reifenabrieb-erfassen","status":"publish","type":"post","link":"https:\/\/www.organisator.ch\/de\/sustainability\/2021-02-10\/den-bremsscheiben-und-reifenabrieb-erfassen\/","title":{"rendered":"Den Bremsscheiben- und Reifenabrieb erfassen"},"content":{"rendered":"<figure id=\"attachment_3737\" aria-describedby=\"caption-attachment-3737\" style=\"width: 680px\" class=\"wp-caption alignnone\"><img loading=\"lazy\" decoding=\"async\" class=\"wp-image-3737 size-medium\" src=\"\/\/www.umweltperspektiven.ch\/wp-content\/uploads\/2021\/01\/65038.jpg\" alt=\"Bremsstaubmessung\" width=\"680\" height=\"510\" srcset=\"https:\/\/www.organisator.ch\/wp-content\/uploads\/2021\/01\/65038.jpg 2048w, https:\/\/www.organisator.ch\/wp-content\/uploads\/2021\/01\/65038-680x510.jpg 680w, https:\/\/www.organisator.ch\/wp-content\/uploads\/2021\/01\/65038-1024x768.jpg 1024w, https:\/\/www.organisator.ch\/wp-content\/uploads\/2021\/01\/65038-768x576.jpg 768w, https:\/\/www.organisator.ch\/wp-content\/uploads\/2021\/01\/65038-1536x1152.jpg 1536w, https:\/\/www.organisator.ch\/wp-content\/uploads\/2021\/01\/65038-16x12.jpg 16w, https:\/\/www.organisator.ch\/wp-content\/uploads\/2021\/01\/65038-233x175.jpg 233w, https:\/\/www.organisator.ch\/wp-content\/uploads\/2021\/01\/65038-467x350.jpg 467w, https:\/\/www.organisator.ch\/wp-content\/uploads\/2021\/01\/65038-1067x800.jpg 1067w, https:\/\/www.organisator.ch\/wp-content\/uploads\/2021\/01\/65038-920x690.jpg 920w, https:\/\/www.organisator.ch\/wp-content\/uploads\/2021\/01\/65038-1400x1050.jpg 1400w, https:\/\/www.organisator.ch\/wp-content\/uploads\/2021\/01\/65038-1867x1400.jpg 1867w, https:\/\/www.organisator.ch\/wp-content\/uploads\/2021\/01\/65038-300x225.jpg 300w\" sizes=\"auto, (max-width: 680px) 100vw, 680px\" \/><figcaption id=\"caption-attachment-3737\" class=\"wp-caption-text\">\u00a9 Empa<\/figcaption><\/figure>\n<p>Der VW Jetta Hybrid auf dem Rollenmessstand im Empa-Motorenhaus hat bereits eine jahrelange Karriere als Flottenfahrzeug hinter sich. Seit Juli 2020 dient er, festgegurtet in der Testkammer, einem neuen Forschungszweck: Er soll Bremsstaub erzeugen, und zwar streng entlang dem normierten WLTP-Fahrzyklus, mit dem auch die Auspuffemissionen ermittelt werden.<\/p>\n<p>Das Interesse an Bremsstaubmessungen ist noch relativ jung: Im Juni 2016 beschloss eine Abteilung der UN-Wirtschaftskommission UNECE namens \u00abParticle Measurement Programme Informal Working Group\u00bb (PMP IWG), dass es an der Zeit w\u00e4re, ein allgemein nutzbares Testverfahren f\u00fcr Bremsstaub zu entwickeln, mit dem sich Masse und Anzahl der emittierten Partikel zuverl\u00e4ssig feststellen lassen. Seither haben sich einige Forschungsinstitutionen, Fahrzeughersteller und Spezialfirmen f\u00fcr Messger\u00e4te mit dem Thema besch\u00e4ftigt. Doch das Problem ist nicht ganz einfach zu l\u00f6sen.<\/p>\n<h3>Verteilt in alle Richtungen<\/h3>\n<p>Anderes als ein Auspuffrohr, das verl\u00e4sslich in eine Richtung bl\u00e4st, verteilt eine rotierende Bremse ihre Partikel in alle Raumrichtungen. Man muss die Partikel also zun\u00e4chst einfangen und dann durch einen Trichter Richtung Messger\u00e4t fliegen lassen. Bei dem Prozess darf so wenig wie m\u00f6glich verloren gehen: Weder d\u00fcrfen leichte Partikel entweichen, noch d\u00fcrfen schwere Partikel in den Leitungen liegen bleiben.<\/p>\n<p>Zwei weitere Komplikationen kommen dazu: Die Bremse eines Autos steckt an einer rotierenden Antriebswelle, die es f\u00fcr die Messung sorgf\u00e4ltig abzudichten gilt, damit keine Partikel entschwinden. Und eine Bremse braucht K\u00fchlung. Beim fahrenden Auto sorgt der Fahrtwind zusammen mit Ventilationslamellen zwischen den Bremsscheiben f\u00fcr einen k\u00fchlenden Luftzug. Eine voll eingeschlossene Bremse auf einem Pr\u00fcfstand kann dagegen schnell heisslaufen \u2013 und w\u00fcrde dann v\u00f6llig andere Partikel produzieren als im realen Alltagsverkehr. Eine solche Messung w\u00e4re von geringem Wert.<\/p>\n<p><strong>Alle Emissionen gleichzeitig messen<\/strong><strong>\u00a0<\/strong><\/p>\n<p>Die Arbeitsgruppe PMP IWG der UNECE l\u00f6st das Problem durch eine Vereinfachung: Die gew\u00fcnschten Bremsentests sollen in vollst\u00e4ndig geschlossenen Pr\u00fcfst\u00e4nden ablaufen. Solche Pr\u00fcfst\u00e4nde gibt es. Sie \u00e4hneln grossen Schr\u00e4nken, in denen Bremsscheiben und Bremsbel\u00e4ge aufeinander reiben. Getestet wird also nur ein Bauteil, nicht das ganze Auto.<\/p>\n<p>\u00abWir versuchen es auf anderem Weg\u00bb, sagt Panayotis Dimopoulos Eggenschwiler, der den Versuchsaufbau an der Empa konzipiert. \u00abWir wollen w\u00e4hrend eines Fahrversuchs am Pr\u00fcfstand alle Emissionen eines Autos gleichzeitig messen. Das hat eine gr\u00f6ssere Aussagekraft als Daten aus einem isolierten Bremspr\u00fcfstand, die dann auf reale Verh\u00e4ltnisse umgerechnet werden m\u00fcssen.\u00bb<\/p>\n<h3>Eine luftige Spezialkonstruktion<\/h3>\n<p>Gemeinsam mit dem Ingenieur Daniel Schreiber hat Dimopoulos Eggenschwiler eine Empa-Variante des Tests entwickelt, die nun mit ihren Ergebnissen den Vergleich mit anderen, internationalen Arbeitsgruppen bestehen muss. Bei der Empa steht ein ganzes, reales Auto auf dem Pr\u00fcfstand, der eingangs erw\u00e4hnte VW Jetta Hybrid. Die Bremse des rechten Vorderrads wurde mit einem speziell konstruierten Metallgeh\u00e4use umh\u00fcllt. Ein Druckluftschlauch f\u00f6rdert von der Wagenfront her grosse Mengen K\u00fchlluft in die Blechh\u00fclle, zugleich ist die Luft das Transportmedium f\u00fcr die abgeriebenen Bremspartikel. Diese werden neben dem Schweller des Wagens in eine etwa ein Meter lange R\u00f6hre gelenkt und landen nach kurzer Flugzeit in einem 13-stufigen Kaskadenimpaktor, einem speziellen Messger\u00e4t, das Partikel nach Gr\u00f6sse sortiert. Nach dem Test k\u00f6nnen die Partikelfraktionen gewogen chemisch analysiert und, je nach Bedarf, auch im Elektronenmikroskop etwa auf ihre Morphologie untersucht werden.<\/p>\n<p>\u00abIn Vorversuchen haben wir bereits festgestellt, aus welchen Bestandteilen die Partikel bestehen\u00bb, sagt Dimopoulos Eggenschwiler. \u00abEs ist vor allem Eisenoxid, das haupts\u00e4chlich von der Bremsscheibe stammt, sowie eine Reihe von Elementen wie Aluminium, Magnesium, Kalzium, Kalium und Titan, die von den Bremsbel\u00e4gen her kommen.\u00bb Neben grossen, schweren Partikeln sind auch kleinere dabei, die durchaus eingeatmet und in die Lunge gelangen k\u00f6nnen.<\/p>\n<h3>Bremsen Hybridautos anders?<\/h3>\n<p>Nachdem das Messverfahren nun stabil l\u00e4uft, wird der VW Jetta zun\u00e4chst im gesetzlich vorgeschriebenen WLTP-Zyklus betrieben und dabei seine Bremspartikel in die Z\u00e4hlmaschine liefern. Danach sind weitere Versuchsreihen geplant. \u00abWir wollen zum Beispiel herausfinden, ob Hybridautos anders bremsen als Autos mit herk\u00f6mmlichem Antrieb und dadurch auch andere Emissionen verursachen\u00bb, erl\u00e4utert der Projektleiter. Hybridautos k\u00f6nnen auch mit Hilfe ihres Elektromotors bremsen und m\u00fcssen die mechanischen Bremsen daher seltener einsetzen. \u00abMit den Messwerten wird es m\u00f6glich sein, die Betriebsphasen kommender Fahrzeuggenerationen zu optimieren und die Bremsstaubemissionen besser zu kontrollieren als heute.\u00bb<\/p>\n","protected":false},"excerpt":{"rendered":"<p>Der VW Jetta Hybrid auf dem Rollenmessstand im Empa-Motorenhaus hat bereits eine jahrelange Karriere als Flottenfahrzeug hinter sich. Seit Juli 2020 dient er, festgegurtet in der Testkammer, einem neuen Forschungszweck: Er soll Bremsstaub erzeugen, und zwar streng entlang dem normierten WLTP-Fahrzyklus, mit dem auch die Auspuffemissionen ermittelt werden. Das Interesse an Bremsstaubmessungen ist noch relativ [&hellip;]<\/p>\n","protected":false},"author":6,"featured_media":3737,"comment_status":"closed","ping_status":"closed","sticky":false,"template":"","format":"standard","meta":{"_acf_changed":false,"_yoast_wpseo_focuskw":"Bremsstaubmessung","_yoast_wpseo_metadesc":"","articlekey":"","footnotes":""},"categories":[580],"tags":[872,873,1052,218,1999],"class_list":["post-10241","post","type-post","status-publish","format-standard","has-post-thumbnail","hentry","category-sustainability","tag-bremsabrieb","tag-bremsstaubmessung","tag-empa","tag-forschung","tag-reifenabrieb"],"acf":[],"yoast_head":"<!-- This site is optimized with the Yoast SEO plugin v27.4 - https:\/\/yoast.com\/product\/yoast-seo-wordpress\/ -->\n<title>Den Bremsscheiben- und Reifenabrieb erfassen - Organisator<\/title>\n<meta name=\"robots\" content=\"index, follow, max-snippet:-1, max-image-preview:large, max-video-preview:-1\" \/>\n<link rel=\"canonical\" href=\"https:\/\/www.organisator.ch\/de\/sustainability\/2021-02-10\/den-bremsscheiben-und-reifenabrieb-erfassen\/\" \/>\n<meta property=\"og:locale\" content=\"de_DE\" \/>\n<meta property=\"og:type\" content=\"article\" \/>\n<meta property=\"og:title\" content=\"Den Bremsscheiben- und Reifenabrieb erfassen - Organisator\" \/>\n<meta property=\"og:description\" content=\"Der VW Jetta Hybrid auf dem Rollenmessstand im Empa-Motorenhaus hat bereits eine jahrelange Karriere als Flottenfahrzeug hinter sich. Seit Juli 2020 dient er, festgegurtet in der Testkammer, einem neuen Forschungszweck: Er soll Bremsstaub erzeugen, und zwar streng entlang dem normierten WLTP-Fahrzyklus, mit dem auch die Auspuffemissionen ermittelt werden. Das Interesse an Bremsstaubmessungen ist noch relativ [&hellip;]\" \/>\n<meta property=\"og:url\" content=\"https:\/\/www.organisator.ch\/de\/sustainability\/2021-02-10\/den-bremsscheiben-und-reifenabrieb-erfassen\/\" \/>\n<meta property=\"og:site_name\" content=\"Organisator\" \/>\n<meta property=\"article:publisher\" content=\"https:\/\/www.facebook.com\/OrganisatorFachmagazin\" \/>\n<meta property=\"article:published_time\" content=\"2021-02-10T07:16:26+00:00\" \/>\n<meta property=\"article:modified_time\" content=\"2022-02-09T10:09:27+00:00\" \/>\n<meta property=\"og:image\" content=\"https:\/\/www.organisator.ch\/wp-content\/uploads\/2021\/01\/65038.jpg\" \/>\n\t<meta property=\"og:image:width\" content=\"2048\" \/>\n\t<meta property=\"og:image:height\" content=\"1536\" \/>\n\t<meta property=\"og:image:type\" content=\"image\/jpeg\" \/>\n<meta name=\"author\" content=\"roger.straessle\" \/>\n<meta name=\"twitter:card\" content=\"summary_large_image\" \/>\n<script type=\"application\/ld+json\" class=\"yoast-schema-graph\">{\"@context\":\"https:\\\/\\\/schema.org\",\"@graph\":[{\"@type\":\"Article\",\"@id\":\"https:\\\/\\\/www.organisator.ch\\\/sustainability\\\/2021-02-10\\\/den-bremsscheiben-und-reifenabrieb-erfassen\\\/#article\",\"isPartOf\":{\"@id\":\"https:\\\/\\\/www.organisator.ch\\\/sustainability\\\/2021-02-10\\\/den-bremsscheiben-und-reifenabrieb-erfassen\\\/\"},\"author\":{\"name\":\"roger.straessle\",\"@id\":\"https:\\\/\\\/www.organisator.ch\\\/#\\\/schema\\\/person\\\/a800b8c54e208b160517a7dcc323161d\"},\"headline\":\"Den Bremsscheiben- und Reifenabrieb erfassen\",\"datePublished\":\"2021-02-10T07:16:26+00:00\",\"dateModified\":\"2022-02-09T10:09:27+00:00\",\"mainEntityOfPage\":{\"@id\":\"https:\\\/\\\/www.organisator.ch\\\/sustainability\\\/2021-02-10\\\/den-bremsscheiben-und-reifenabrieb-erfassen\\\/\"},\"wordCount\":722,\"publisher\":{\"@id\":\"https:\\\/\\\/www.organisator.ch\\\/#organization\"},\"image\":{\"@id\":\"https:\\\/\\\/www.organisator.ch\\\/sustainability\\\/2021-02-10\\\/den-bremsscheiben-und-reifenabrieb-erfassen\\\/#primaryimage\"},\"thumbnailUrl\":\"https:\\\/\\\/www.organisator.ch\\\/wp-content\\\/uploads\\\/2021\\\/01\\\/65038.jpg\",\"keywords\":[\"Bremsabrieb\",\"Bremsstaubmessung\",\"Empa\",\"Forschung\",\"Reifenabrieb\"],\"articleSection\":[\"SUSTAINABILITY\"],\"inLanguage\":\"de\"},{\"@type\":\"WebPage\",\"@id\":\"https:\\\/\\\/www.organisator.ch\\\/sustainability\\\/2021-02-10\\\/den-bremsscheiben-und-reifenabrieb-erfassen\\\/\",\"url\":\"https:\\\/\\\/www.organisator.ch\\\/sustainability\\\/2021-02-10\\\/den-bremsscheiben-und-reifenabrieb-erfassen\\\/\",\"name\":\"Den Bremsscheiben- und Reifenabrieb erfassen - Organisator\",\"isPartOf\":{\"@id\":\"https:\\\/\\\/www.organisator.ch\\\/#website\"},\"primaryImageOfPage\":{\"@id\":\"https:\\\/\\\/www.organisator.ch\\\/sustainability\\\/2021-02-10\\\/den-bremsscheiben-und-reifenabrieb-erfassen\\\/#primaryimage\"},\"image\":{\"@id\":\"https:\\\/\\\/www.organisator.ch\\\/sustainability\\\/2021-02-10\\\/den-bremsscheiben-und-reifenabrieb-erfassen\\\/#primaryimage\"},\"thumbnailUrl\":\"https:\\\/\\\/www.organisator.ch\\\/wp-content\\\/uploads\\\/2021\\\/01\\\/65038.jpg\",\"datePublished\":\"2021-02-10T07:16:26+00:00\",\"dateModified\":\"2022-02-09T10:09:27+00:00\",\"breadcrumb\":{\"@id\":\"https:\\\/\\\/www.organisator.ch\\\/sustainability\\\/2021-02-10\\\/den-bremsscheiben-und-reifenabrieb-erfassen\\\/#breadcrumb\"},\"inLanguage\":\"de\",\"potentialAction\":[{\"@type\":\"ReadAction\",\"target\":[\"https:\\\/\\\/www.organisator.ch\\\/sustainability\\\/2021-02-10\\\/den-bremsscheiben-und-reifenabrieb-erfassen\\\/\"]}]},{\"@type\":\"ImageObject\",\"inLanguage\":\"de\",\"@id\":\"https:\\\/\\\/www.organisator.ch\\\/sustainability\\\/2021-02-10\\\/den-bremsscheiben-und-reifenabrieb-erfassen\\\/#primaryimage\",\"url\":\"https:\\\/\\\/www.organisator.ch\\\/wp-content\\\/uploads\\\/2021\\\/01\\\/65038.jpg\",\"contentUrl\":\"https:\\\/\\\/www.organisator.ch\\\/wp-content\\\/uploads\\\/2021\\\/01\\\/65038.jpg\",\"width\":2048,\"height\":1536,\"caption\":\"\u00a9 Empa\"},{\"@type\":\"BreadcrumbList\",\"@id\":\"https:\\\/\\\/www.organisator.ch\\\/sustainability\\\/2021-02-10\\\/den-bremsscheiben-und-reifenabrieb-erfassen\\\/#breadcrumb\",\"itemListElement\":[{\"@type\":\"ListItem\",\"position\":1,\"name\":\"Home\",\"item\":\"https:\\\/\\\/www.organisator.ch\\\/\"},{\"@type\":\"ListItem\",\"position\":2,\"name\":\"Den Bremsscheiben- und Reifenabrieb erfassen\"}]},{\"@type\":\"WebSite\",\"@id\":\"https:\\\/\\\/www.organisator.ch\\\/#website\",\"url\":\"https:\\\/\\\/www.organisator.ch\\\/\",\"name\":\"Organisator\",\"description\":\"Kompetent. Praxisnah. Der ORGANISATOR bereitet in 10 Ausgaben pro Jahr die wesentlichen Themen f\u00fcr F\u00fchrungskr\u00e4fte von KMU auf.\",\"publisher\":{\"@id\":\"https:\\\/\\\/www.organisator.ch\\\/#organization\"},\"potentialAction\":[{\"@type\":\"SearchAction\",\"target\":{\"@type\":\"EntryPoint\",\"urlTemplate\":\"https:\\\/\\\/www.organisator.ch\\\/?s={search_term_string}\"},\"query-input\":{\"@type\":\"PropertyValueSpecification\",\"valueRequired\":true,\"valueName\":\"search_term_string\"}}],\"inLanguage\":\"de\"},{\"@type\":\"Organization\",\"@id\":\"https:\\\/\\\/www.organisator.ch\\\/#organization\",\"name\":\"Organisator\",\"url\":\"https:\\\/\\\/www.organisator.ch\\\/\",\"logo\":{\"@type\":\"ImageObject\",\"inLanguage\":\"de\",\"@id\":\"https:\\\/\\\/www.organisator.ch\\\/#\\\/schema\\\/logo\\\/image\\\/\",\"url\":\"https:\\\/\\\/www.organisator.ch\\\/wp-content\\\/uploads\\\/2022\\\/01\\\/Logo_Organisator_Website.png\",\"contentUrl\":\"https:\\\/\\\/www.organisator.ch\\\/wp-content\\\/uploads\\\/2022\\\/01\\\/Logo_Organisator_Website.png\",\"width\":800,\"height\":77,\"caption\":\"Organisator\"},\"image\":{\"@id\":\"https:\\\/\\\/www.organisator.ch\\\/#\\\/schema\\\/logo\\\/image\\\/\"},\"sameAs\":[\"https:\\\/\\\/www.facebook.com\\\/OrganisatorFachmagazin\",\"https:\\\/\\\/www.linkedin.com\\\/showcase\\\/organisator-das-magazin-fr-kmu\",\"https:\\\/\\\/www.xing.com\\\/news\\\/pages\\\/organisator-ch-695\",\"https:\\\/\\\/www.youtube.com\\\/channel\\\/UCGP2Sq0iWaZwT3BdIAQFYpw\"]},{\"@type\":\"Person\",\"@id\":\"https:\\\/\\\/www.organisator.ch\\\/#\\\/schema\\\/person\\\/a800b8c54e208b160517a7dcc323161d\",\"name\":\"roger.straessle\",\"image\":{\"@type\":\"ImageObject\",\"inLanguage\":\"de\",\"@id\":\"https:\\\/\\\/secure.gravatar.com\\\/avatar\\\/?s=96&d=mm&r=g\",\"url\":\"https:\\\/\\\/secure.gravatar.com\\\/avatar\\\/?s=96&d=mm&r=g\",\"contentUrl\":\"https:\\\/\\\/secure.gravatar.com\\\/avatar\\\/?s=96&d=mm&r=g\",\"caption\":\"roger.straessle\"},\"url\":\"https:\\\/\\\/www.organisator.ch\\\/de\\\/author\\\/roger-straessle\\\/\"}]}<\/script>\n<!-- \/ Yoast SEO plugin. -->","yoast_head_json":{"title":"Den Bremsscheiben- und Reifenabrieb erfassen - Organisator","robots":{"index":"index","follow":"follow","max-snippet":"max-snippet:-1","max-image-preview":"max-image-preview:large","max-video-preview":"max-video-preview:-1"},"canonical":"https:\/\/www.organisator.ch\/de\/sustainability\/2021-02-10\/den-bremsscheiben-und-reifenabrieb-erfassen\/","og_locale":"de_DE","og_type":"article","og_title":"Den Bremsscheiben- und Reifenabrieb erfassen - Organisator","og_description":"Der VW Jetta Hybrid auf dem Rollenmessstand im Empa-Motorenhaus hat bereits eine jahrelange Karriere als Flottenfahrzeug hinter sich. Seit Juli 2020 dient er, festgegurtet in der Testkammer, einem neuen Forschungszweck: Er soll Bremsstaub erzeugen, und zwar streng entlang dem normierten WLTP-Fahrzyklus, mit dem auch die Auspuffemissionen ermittelt werden. Das Interesse an Bremsstaubmessungen ist noch relativ [&hellip;]","og_url":"https:\/\/www.organisator.ch\/de\/sustainability\/2021-02-10\/den-bremsscheiben-und-reifenabrieb-erfassen\/","og_site_name":"Organisator","article_publisher":"https:\/\/www.facebook.com\/OrganisatorFachmagazin","article_published_time":"2021-02-10T07:16:26+00:00","article_modified_time":"2022-02-09T10:09:27+00:00","og_image":[{"width":2048,"height":1536,"url":"https:\/\/www.organisator.ch\/wp-content\/uploads\/2021\/01\/65038.jpg","type":"image\/jpeg"}],"author":"roger.straessle","twitter_card":"summary_large_image","schema":{"@context":"https:\/\/schema.org","@graph":[{"@type":"Article","@id":"https:\/\/www.organisator.ch\/sustainability\/2021-02-10\/den-bremsscheiben-und-reifenabrieb-erfassen\/#article","isPartOf":{"@id":"https:\/\/www.organisator.ch\/sustainability\/2021-02-10\/den-bremsscheiben-und-reifenabrieb-erfassen\/"},"author":{"name":"roger.straessle","@id":"https:\/\/www.organisator.ch\/#\/schema\/person\/a800b8c54e208b160517a7dcc323161d"},"headline":"Den Bremsscheiben- und Reifenabrieb erfassen","datePublished":"2021-02-10T07:16:26+00:00","dateModified":"2022-02-09T10:09:27+00:00","mainEntityOfPage":{"@id":"https:\/\/www.organisator.ch\/sustainability\/2021-02-10\/den-bremsscheiben-und-reifenabrieb-erfassen\/"},"wordCount":722,"publisher":{"@id":"https:\/\/www.organisator.ch\/#organization"},"image":{"@id":"https:\/\/www.organisator.ch\/sustainability\/2021-02-10\/den-bremsscheiben-und-reifenabrieb-erfassen\/#primaryimage"},"thumbnailUrl":"https:\/\/www.organisator.ch\/wp-content\/uploads\/2021\/01\/65038.jpg","keywords":["Bremsabrieb","Bremsstaubmessung","Empa","Forschung","Reifenabrieb"],"articleSection":["SUSTAINABILITY"],"inLanguage":"de"},{"@type":"WebPage","@id":"https:\/\/www.organisator.ch\/sustainability\/2021-02-10\/den-bremsscheiben-und-reifenabrieb-erfassen\/","url":"https:\/\/www.organisator.ch\/sustainability\/2021-02-10\/den-bremsscheiben-und-reifenabrieb-erfassen\/","name":"Den Bremsscheiben- und Reifenabrieb erfassen - Organisator","isPartOf":{"@id":"https:\/\/www.organisator.ch\/#website"},"primaryImageOfPage":{"@id":"https:\/\/www.organisator.ch\/sustainability\/2021-02-10\/den-bremsscheiben-und-reifenabrieb-erfassen\/#primaryimage"},"image":{"@id":"https:\/\/www.organisator.ch\/sustainability\/2021-02-10\/den-bremsscheiben-und-reifenabrieb-erfassen\/#primaryimage"},"thumbnailUrl":"https:\/\/www.organisator.ch\/wp-content\/uploads\/2021\/01\/65038.jpg","datePublished":"2021-02-10T07:16:26+00:00","dateModified":"2022-02-09T10:09:27+00:00","breadcrumb":{"@id":"https:\/\/www.organisator.ch\/sustainability\/2021-02-10\/den-bremsscheiben-und-reifenabrieb-erfassen\/#breadcrumb"},"inLanguage":"de","potentialAction":[{"@type":"ReadAction","target":["https:\/\/www.organisator.ch\/sustainability\/2021-02-10\/den-bremsscheiben-und-reifenabrieb-erfassen\/"]}]},{"@type":"ImageObject","inLanguage":"de","@id":"https:\/\/www.organisator.ch\/sustainability\/2021-02-10\/den-bremsscheiben-und-reifenabrieb-erfassen\/#primaryimage","url":"https:\/\/www.organisator.ch\/wp-content\/uploads\/2021\/01\/65038.jpg","contentUrl":"https:\/\/www.organisator.ch\/wp-content\/uploads\/2021\/01\/65038.jpg","width":2048,"height":1536,"caption":"\u00a9 Empa"},{"@type":"BreadcrumbList","@id":"https:\/\/www.organisator.ch\/sustainability\/2021-02-10\/den-bremsscheiben-und-reifenabrieb-erfassen\/#breadcrumb","itemListElement":[{"@type":"ListItem","position":1,"name":"Home","item":"https:\/\/www.organisator.ch\/"},{"@type":"ListItem","position":2,"name":"Den Bremsscheiben- und Reifenabrieb erfassen"}]},{"@type":"WebSite","@id":"https:\/\/www.organisator.ch\/#website","url":"https:\/\/www.organisator.ch\/","name":"Organisator","description":"Kompetent. Praxisnah. Der ORGANISATOR bereitet in 10 Ausgaben pro Jahr die wesentlichen Themen f\u00fcr F\u00fchrungskr\u00e4fte von KMU auf.","publisher":{"@id":"https:\/\/www.organisator.ch\/#organization"},"potentialAction":[{"@type":"SearchAction","target":{"@type":"EntryPoint","urlTemplate":"https:\/\/www.organisator.ch\/?s={search_term_string}"},"query-input":{"@type":"PropertyValueSpecification","valueRequired":true,"valueName":"search_term_string"}}],"inLanguage":"de"},{"@type":"Organization","@id":"https:\/\/www.organisator.ch\/#organization","name":"Organisator","url":"https:\/\/www.organisator.ch\/","logo":{"@type":"ImageObject","inLanguage":"de","@id":"https:\/\/www.organisator.ch\/#\/schema\/logo\/image\/","url":"https:\/\/www.organisator.ch\/wp-content\/uploads\/2022\/01\/Logo_Organisator_Website.png","contentUrl":"https:\/\/www.organisator.ch\/wp-content\/uploads\/2022\/01\/Logo_Organisator_Website.png","width":800,"height":77,"caption":"Organisator"},"image":{"@id":"https:\/\/www.organisator.ch\/#\/schema\/logo\/image\/"},"sameAs":["https:\/\/www.facebook.com\/OrganisatorFachmagazin","https:\/\/www.linkedin.com\/showcase\/organisator-das-magazin-fr-kmu","https:\/\/www.xing.com\/news\/pages\/organisator-ch-695","https:\/\/www.youtube.com\/channel\/UCGP2Sq0iWaZwT3BdIAQFYpw"]},{"@type":"Person","@id":"https:\/\/www.organisator.ch\/#\/schema\/person\/a800b8c54e208b160517a7dcc323161d","name":"roger.straessle","image":{"@type":"ImageObject","inLanguage":"de","@id":"https:\/\/secure.gravatar.com\/avatar\/?s=96&d=mm&r=g","url":"https:\/\/secure.gravatar.com\/avatar\/?s=96&d=mm&r=g","contentUrl":"https:\/\/secure.gravatar.com\/avatar\/?s=96&d=mm&r=g","caption":"roger.straessle"},"url":"https:\/\/www.organisator.ch\/de\/author\/roger-straessle\/"}]}},"_links":{"self":[{"href":"https:\/\/www.organisator.ch\/de\/wp-json\/wp\/v2\/posts\/10241","targetHints":{"allow":["GET"]}}],"collection":[{"href":"https:\/\/www.organisator.ch\/de\/wp-json\/wp\/v2\/posts"}],"about":[{"href":"https:\/\/www.organisator.ch\/de\/wp-json\/wp\/v2\/types\/post"}],"author":[{"embeddable":true,"href":"https:\/\/www.organisator.ch\/de\/wp-json\/wp\/v2\/users\/6"}],"replies":[{"embeddable":true,"href":"https:\/\/www.organisator.ch\/de\/wp-json\/wp\/v2\/comments?post=10241"}],"version-history":[{"count":1,"href":"https:\/\/www.organisator.ch\/de\/wp-json\/wp\/v2\/posts\/10241\/revisions"}],"predecessor-version":[{"id":10779,"href":"https:\/\/www.organisator.ch\/de\/wp-json\/wp\/v2\/posts\/10241\/revisions\/10779"}],"wp:featuredmedia":[{"embeddable":true,"href":"https:\/\/www.organisator.ch\/de\/wp-json\/wp\/v2\/media\/3737"}],"wp:attachment":[{"href":"https:\/\/www.organisator.ch\/de\/wp-json\/wp\/v2\/media?parent=10241"}],"wp:term":[{"taxonomy":"category","embeddable":true,"href":"https:\/\/www.organisator.ch\/de\/wp-json\/wp\/v2\/categories?post=10241"},{"taxonomy":"post_tag","embeddable":true,"href":"https:\/\/www.organisator.ch\/de\/wp-json\/wp\/v2\/tags?post=10241"}],"curies":[{"name":"wp","href":"https:\/\/api.w.org\/{rel}","templated":true}]}}