{"id":10248,"date":"2021-02-24T09:22:38","date_gmt":"2021-02-24T08:22:38","guid":{"rendered":"https:\/\/www.umweltperspektiven.ch\/?p=3827"},"modified":"2022-02-09T11:06:46","modified_gmt":"2022-02-09T10:06:46","slug":"einkaufen-im-laden-oder-online-was-sagt-die-klimabilanz","status":"publish","type":"post","link":"https:\/\/www.organisator.ch\/de\/sustainability\/2021-02-24\/einkaufen-im-laden-oder-online-was-sagt-die-klimabilanz\/","title":{"rendered":"Einkaufen im Laden oder online: Was sagt die Klimabilanz?"},"content":{"rendered":"<figure id=\"attachment_3828\" aria-describedby=\"caption-attachment-3828\" style=\"width: 680px\" class=\"wp-caption aligncenter\"><img loading=\"lazy\" decoding=\"async\" class=\"wp-image-3828 size-medium\" src=\"\/\/www.umweltperspektiven.ch\/wp-content\/uploads\/2021\/02\/Abbildung.jpg\" alt=\"Online-Handel\" width=\"680\" height=\"411\" srcset=\"https:\/\/www.organisator.ch\/wp-content\/uploads\/2021\/02\/Abbildung.jpg 689w, https:\/\/www.organisator.ch\/wp-content\/uploads\/2021\/02\/Abbildung-680x411.jpg 680w, https:\/\/www.organisator.ch\/wp-content\/uploads\/2021\/02\/Abbildung-18x12.jpg 18w, https:\/\/www.organisator.ch\/wp-content\/uploads\/2021\/02\/Abbildung-290x175.jpg 290w, https:\/\/www.organisator.ch\/wp-content\/uploads\/2021\/02\/Abbildung-580x350.jpg 580w, https:\/\/www.organisator.ch\/wp-content\/uploads\/2021\/02\/Abbildung-300x181.jpg 300w\" sizes=\"auto, (max-width: 680px) 100vw, 680px\" \/><figcaption id=\"caption-attachment-3828\" class=\"wp-caption-text\">Treibhausgasemissionen im Lebenszyklus von Produkten.<br \/>Quelle: Umweltbundesamt<\/figcaption><\/figure>\n<p>Die Studie <a href=\"\/\/www.umweltbundesamt.de\/publikationen\/die-oekologisierung-des-onlinehandels\">\u00abDie \u00d6kologisierung des Online-Handels\u00bb<\/a> im Auftrag des Umweltbundesamt (UBA) in Deutschland hat sich mit den Treibhausgasemissionen des Online-Handels besch\u00e4ftigt. Sie vergleicht unterschiedliche Einkaufvarianten \u2013 station\u00e4r und online. Eine Einkaufsfahrt von 5 km im eigenen Auto zum Beispiel erzeugt 600 bis 1100 g CO2, w\u00e4hrend die Einkaufsfahrt mit dem Fahrrad 0 g CO2\u00a0emittiert. F\u00fcr eine Lieferung per Onlinedienst fallen im Schnitt zwischen 200 und 400 g CO2\u00a0an. Die im Vergleich zur Fahrt im eigenen Auto geringeren Emissionen liegen u.a. an der besseren Fahrzeugauslastung, der effizienten Gestaltung der Lieferrouten und dem zunehmenden Einsatz von Elektrofahrzeugen. Die wichtigsten\u00a0<a href=\"\/\/www.umweltbundesamt.de\/service\/glossar\/k?tag=Klimaschutz#alphabar\">Klimaschutz<\/a>-Stellschrauben im station\u00e4ren Handel sind die Energieverbr\u00e4uche vor Ort und die Wahl des Verkehrsmittels der Kundinnen und Kunden. Umweltbelastende Faktoren im Online-Handel sind daf\u00fcr die Versandverpackungsabf\u00e4lle und der Lieferabschnitt bis zur Haust\u00fcr, die so genannte \u00abletzte Meile\u00bb.<\/p>\n<p><strong>Fehlende Umweltinformationen im Online-Handel<\/strong><\/p>\n<p>Eine weitere\u00a0<a href=\"\/\/www.umweltbundesamt.de\/service\/glossar\/u?tag=UBA#alphabar\">UBA<\/a>-Studie (<a href=\"\/\/www.umweltbundesamt.de\/publikationen\/foerderung-des-nachhaltigen-konsums-durch-digitale\">\u00abF\u00f6rderung des nachhaltigen Konsums durch digitale Produktinformationen\u00bb<\/a>) zeigt, dass Umweltsiegel im Online-Handel bisher nur unzureichend abgebildet werden. Auch Informationen zu Reparierbarkeit und Verf\u00fcgbarkeit von Updates sind demnach meistens nicht vorhanden. Diese Eigenschaften spielen \u2013 anders als der Preis oder das Design \u2013 bei der Kaufentscheidung deshalb oft nur eine untergeordnete Rolle, wie das UBA schreibt. Eine Ausnahme sei die Energieverbrauchskennzeichnung, da sie gesetzlich vorgeschrieben sei. Das UBA empfiehlt deshalb, eine Aussagepflicht zur Herstellergarantie sowie Kenngr\u00f6ssen zur durchschnittlichen Lebensdauer der Produkte einzuf\u00fchren. Bestehende Siegel wie das EU-Ecolabel oder der Blaue Engel sollten direkt bei den Produktinfos angezeigt werden, diese Informationen ausserdem in Preisvergleichs- und Verkaufsplattformen integriert werden.<\/p>\n<p><strong>Problem Verpackungsabfall<\/strong><\/p>\n<p>Mehr Umweltschutz sei auch bei den Versandverpackungen m\u00f6glich. Viele Produkte w\u00fcrden sich zum Beispiel ohne Schaden in der Originalverpackung \u2013 ohne zus\u00e4tzliche Versandverpackung \u2013 versenden lassen werden.<\/p>\n<p>Mehrwegverpackungen, die von den Kundinnen und Kunden leer zur\u00fcckgeschickt werden, seien ebenfalls sinnvoll. Insgesamt liessen sich der Studie zufolge bei den Versandhandelsverpackungen pro Jahr zwischen 180\u2019000 und 370\u2019000 Tonnen Verpackungsabfall einsparen. Dies entspreche einer Reduktion um 22 bis 45 Prozent. Im Bereich Logistik berge der Einsatz von Elektrofahrzeugen oder Fahrr\u00e4dern zur Auslieferung grosse Potenziale, ausserdem auch die Nutzung von Packstationen f\u00fcr eine effiziente Zustellung, so das UBA. Auch die Verbraucherinnen und Verbraucher k\u00f6nnten ihre Umweltbilanz verbessern, indem sie umweltfreundliche Produkte kaufen, beim Online-Einkauf h\u00e4ufige Retouren vermeiden und gezielt Mehrwegsysteme oder den Verzicht auf Versandverpackung nachfragen. \u00abEs muss nicht immer der Neukauf sein. Oft sind gute gebrauchte Ger\u00e4te oder eine Leihe oder Miete eine gute Alternative \u2013 vor allem bei Produkten, die man ohnehin selten nutzt wie Bohrmaschine, Rasenm\u00e4her oder Heckenschere. Auch die Reparatur scheinbar defekter Haushaltsger\u00e4te kann den Neukauf oft vermeiden\u00bb, so UBA-Pr\u00e4sident\u00a0 Dirk Messner.<\/p>\n<p>Weitere Informationen: Die vorliegenden Daten sind erste Ergebnisse des Forschungsvorhabens \u00ab\u00d6kologisierung des Online-Handels\u00bb. Die Angaben zu den CO2\u00a0bzw.\u00a0 CO2e (CO2-\u00c4quivalente)-Emissionen stammen aus diversen \u00f6kobilanziellen Studien und wurden im Projekt zusammengef\u00fchrt und teilweise selbst berechnet, wie das UBA schreibt. Die Angaben zum Verpackungsabfall sind aus der GVM-Datenbank. Die Daten zu den umweltbezogenen Produktinformationen aus dem Bericht \u00abF\u00f6rderung des nachhaltigen Konsums durch digitale Produktinformationen\u00bb sind teilweise vom UBA erhoben oder stammen ebenfalls aus der im Bericht angegebenen Literatur.<\/p>\n<p><em>Quelle: Umweltbundesamt<\/em><\/p>\n<p>&nbsp;<\/p>\n<p>&nbsp;<\/p>\n","protected":false},"excerpt":{"rendered":"<p>Die Studie \u00abDie \u00d6kologisierung des Online-Handels\u00bb im Auftrag des Umweltbundesamt (UBA) in Deutschland hat sich mit den Treibhausgasemissionen des Online-Handels besch\u00e4ftigt. Sie vergleicht unterschiedliche Einkaufvarianten \u2013 station\u00e4r und online. Eine Einkaufsfahrt von 5 km im eigenen Auto zum Beispiel erzeugt 600 bis 1100 g CO2, w\u00e4hrend die Einkaufsfahrt mit dem Fahrrad 0 g CO2\u00a0emittiert. F\u00fcr [&hellip;]<\/p>\n","protected":false},"author":6,"featured_media":3830,"comment_status":"closed","ping_status":"closed","sticky":false,"template":"","format":"standard","meta":{"_acf_changed":false,"_yoast_wpseo_focuskw":"Online-Handel","_yoast_wpseo_metadesc":"Einkaufen im Laden oder online: Was ist besser f\u00fcrs Klima? Die Studie \u00abDie \u00d6kologisierung des Online-Handels\u00bb geht der Sache auf den Grund.","articlekey":"","footnotes":""},"categories":[580],"tags":[928,1507,367,459,460,2325],"class_list":["post-10248","post","type-post","status-publish","format-standard","has-post-thumbnail","hentry","category-sustainability","tag-co2","tag-klimabilanz","tag-online-handel","tag-studie","tag-studien","tag-treibhausgas-emissionen"],"acf":[],"yoast_head":"<!-- This site is optimized with the Yoast SEO plugin v27.5 - https:\/\/yoast.com\/product\/yoast-seo-wordpress\/ -->\n<title>Einkaufen im Laden oder online: Was sagt die Klimabilanz? - Organisator<\/title>\n<meta name=\"description\" content=\"Einkaufen im Laden oder online: Was ist besser f\u00fcrs Klima? Die Studie \u00abDie \u00d6kologisierung des Online-Handels\u00bb geht der Sache auf den Grund.\" \/>\n<meta name=\"robots\" content=\"index, follow, max-snippet:-1, max-image-preview:large, max-video-preview:-1\" \/>\n<link rel=\"canonical\" href=\"https:\/\/www.organisator.ch\/de\/sustainability\/2021-02-24\/einkaufen-im-laden-oder-online-was-sagt-die-klimabilanz\/\" \/>\n<meta property=\"og:locale\" content=\"de_DE\" \/>\n<meta property=\"og:type\" content=\"article\" \/>\n<meta property=\"og:title\" content=\"Einkaufen im Laden oder online: Was sagt die Klimabilanz? - Organisator\" \/>\n<meta property=\"og:description\" content=\"Einkaufen im Laden oder online: Was ist besser f\u00fcrs Klima? Die Studie \u00abDie \u00d6kologisierung des Online-Handels\u00bb geht der Sache auf den Grund.\" \/>\n<meta property=\"og:url\" content=\"https:\/\/www.organisator.ch\/de\/sustainability\/2021-02-24\/einkaufen-im-laden-oder-online-was-sagt-die-klimabilanz\/\" \/>\n<meta property=\"og:site_name\" content=\"Organisator\" \/>\n<meta property=\"article:publisher\" content=\"https:\/\/www.facebook.com\/OrganisatorFachmagazin\" \/>\n<meta property=\"article:published_time\" content=\"2021-02-24T08:22:38+00:00\" \/>\n<meta property=\"article:modified_time\" content=\"2022-02-09T10:06:46+00:00\" \/>\n<meta property=\"og:image\" content=\"https:\/\/www.organisator.ch\/wp-content\/uploads\/2021\/02\/Abbildung_bearbeitet-1-1.jpg\" \/>\n\t<meta property=\"og:image:width\" content=\"485\" \/>\n\t<meta property=\"og:image:height\" content=\"304\" \/>\n\t<meta property=\"og:image:type\" content=\"image\/jpeg\" \/>\n<meta name=\"author\" content=\"roger.straessle\" \/>\n<meta name=\"twitter:card\" content=\"summary_large_image\" \/>\n<script type=\"application\/ld+json\" class=\"yoast-schema-graph\">{\"@context\":\"https:\\\/\\\/schema.org\",\"@graph\":[{\"@type\":\"Article\",\"@id\":\"https:\\\/\\\/www.organisator.ch\\\/sustainability\\\/2021-02-24\\\/einkaufen-im-laden-oder-online-was-sagt-die-klimabilanz\\\/#article\",\"isPartOf\":{\"@id\":\"https:\\\/\\\/www.organisator.ch\\\/sustainability\\\/2021-02-24\\\/einkaufen-im-laden-oder-online-was-sagt-die-klimabilanz\\\/\"},\"author\":{\"name\":\"roger.straessle\",\"@id\":\"https:\\\/\\\/www.organisator.ch\\\/#\\\/schema\\\/person\\\/a800b8c54e208b160517a7dcc323161d\"},\"headline\":\"Einkaufen im Laden oder online: Was sagt die Klimabilanz?\",\"datePublished\":\"2021-02-24T08:22:38+00:00\",\"dateModified\":\"2022-02-09T10:06:46+00:00\",\"mainEntityOfPage\":{\"@id\":\"https:\\\/\\\/www.organisator.ch\\\/sustainability\\\/2021-02-24\\\/einkaufen-im-laden-oder-online-was-sagt-die-klimabilanz\\\/\"},\"wordCount\":543,\"publisher\":{\"@id\":\"https:\\\/\\\/www.organisator.ch\\\/#organization\"},\"image\":{\"@id\":\"https:\\\/\\\/www.organisator.ch\\\/sustainability\\\/2021-02-24\\\/einkaufen-im-laden-oder-online-was-sagt-die-klimabilanz\\\/#primaryimage\"},\"thumbnailUrl\":\"https:\\\/\\\/www.organisator.ch\\\/wp-content\\\/uploads\\\/2021\\\/02\\\/Abbildung_bearbeitet-1-1.jpg\",\"keywords\":[\"CO2\",\"Klimabilanz\",\"Online-Handel\",\"Studie\",\"Studien\",\"Treibhausgas-Emissionen\"],\"articleSection\":[\"SUSTAINABILITY\"],\"inLanguage\":\"de\"},{\"@type\":\"WebPage\",\"@id\":\"https:\\\/\\\/www.organisator.ch\\\/sustainability\\\/2021-02-24\\\/einkaufen-im-laden-oder-online-was-sagt-die-klimabilanz\\\/\",\"url\":\"https:\\\/\\\/www.organisator.ch\\\/sustainability\\\/2021-02-24\\\/einkaufen-im-laden-oder-online-was-sagt-die-klimabilanz\\\/\",\"name\":\"Einkaufen im Laden oder online: Was sagt die Klimabilanz? - Organisator\",\"isPartOf\":{\"@id\":\"https:\\\/\\\/www.organisator.ch\\\/#website\"},\"primaryImageOfPage\":{\"@id\":\"https:\\\/\\\/www.organisator.ch\\\/sustainability\\\/2021-02-24\\\/einkaufen-im-laden-oder-online-was-sagt-die-klimabilanz\\\/#primaryimage\"},\"image\":{\"@id\":\"https:\\\/\\\/www.organisator.ch\\\/sustainability\\\/2021-02-24\\\/einkaufen-im-laden-oder-online-was-sagt-die-klimabilanz\\\/#primaryimage\"},\"thumbnailUrl\":\"https:\\\/\\\/www.organisator.ch\\\/wp-content\\\/uploads\\\/2021\\\/02\\\/Abbildung_bearbeitet-1-1.jpg\",\"datePublished\":\"2021-02-24T08:22:38+00:00\",\"dateModified\":\"2022-02-09T10:06:46+00:00\",\"description\":\"Einkaufen im Laden oder online: Was ist besser f\u00fcrs Klima? Die Studie \u00abDie \u00d6kologisierung des Online-Handels\u00bb geht der Sache auf den Grund.\",\"breadcrumb\":{\"@id\":\"https:\\\/\\\/www.organisator.ch\\\/sustainability\\\/2021-02-24\\\/einkaufen-im-laden-oder-online-was-sagt-die-klimabilanz\\\/#breadcrumb\"},\"inLanguage\":\"de\",\"potentialAction\":[{\"@type\":\"ReadAction\",\"target\":[\"https:\\\/\\\/www.organisator.ch\\\/sustainability\\\/2021-02-24\\\/einkaufen-im-laden-oder-online-was-sagt-die-klimabilanz\\\/\"]}]},{\"@type\":\"ImageObject\",\"inLanguage\":\"de\",\"@id\":\"https:\\\/\\\/www.organisator.ch\\\/sustainability\\\/2021-02-24\\\/einkaufen-im-laden-oder-online-was-sagt-die-klimabilanz\\\/#primaryimage\",\"url\":\"https:\\\/\\\/www.organisator.ch\\\/wp-content\\\/uploads\\\/2021\\\/02\\\/Abbildung_bearbeitet-1-1.jpg\",\"contentUrl\":\"https:\\\/\\\/www.organisator.ch\\\/wp-content\\\/uploads\\\/2021\\\/02\\\/Abbildung_bearbeitet-1-1.jpg\",\"width\":485,\"height\":304,\"caption\":\"Quelle: Umweltbundesamt\"},{\"@type\":\"BreadcrumbList\",\"@id\":\"https:\\\/\\\/www.organisator.ch\\\/sustainability\\\/2021-02-24\\\/einkaufen-im-laden-oder-online-was-sagt-die-klimabilanz\\\/#breadcrumb\",\"itemListElement\":[{\"@type\":\"ListItem\",\"position\":1,\"name\":\"Home\",\"item\":\"https:\\\/\\\/www.organisator.ch\\\/\"},{\"@type\":\"ListItem\",\"position\":2,\"name\":\"Einkaufen im Laden oder online: Was sagt die Klimabilanz?\"}]},{\"@type\":\"WebSite\",\"@id\":\"https:\\\/\\\/www.organisator.ch\\\/#website\",\"url\":\"https:\\\/\\\/www.organisator.ch\\\/\",\"name\":\"Organisator\",\"description\":\"Kompetent. Praxisnah. Der ORGANISATOR bereitet in 10 Ausgaben pro Jahr die wesentlichen Themen f\u00fcr F\u00fchrungskr\u00e4fte von KMU auf.\",\"publisher\":{\"@id\":\"https:\\\/\\\/www.organisator.ch\\\/#organization\"},\"potentialAction\":[{\"@type\":\"SearchAction\",\"target\":{\"@type\":\"EntryPoint\",\"urlTemplate\":\"https:\\\/\\\/www.organisator.ch\\\/?s={search_term_string}\"},\"query-input\":{\"@type\":\"PropertyValueSpecification\",\"valueRequired\":true,\"valueName\":\"search_term_string\"}}],\"inLanguage\":\"de\"},{\"@type\":\"Organization\",\"@id\":\"https:\\\/\\\/www.organisator.ch\\\/#organization\",\"name\":\"Organisator\",\"url\":\"https:\\\/\\\/www.organisator.ch\\\/\",\"logo\":{\"@type\":\"ImageObject\",\"inLanguage\":\"de\",\"@id\":\"https:\\\/\\\/www.organisator.ch\\\/#\\\/schema\\\/logo\\\/image\\\/\",\"url\":\"https:\\\/\\\/www.organisator.ch\\\/wp-content\\\/uploads\\\/2022\\\/01\\\/Logo_Organisator_Website.png\",\"contentUrl\":\"https:\\\/\\\/www.organisator.ch\\\/wp-content\\\/uploads\\\/2022\\\/01\\\/Logo_Organisator_Website.png\",\"width\":800,\"height\":77,\"caption\":\"Organisator\"},\"image\":{\"@id\":\"https:\\\/\\\/www.organisator.ch\\\/#\\\/schema\\\/logo\\\/image\\\/\"},\"sameAs\":[\"https:\\\/\\\/www.facebook.com\\\/OrganisatorFachmagazin\",\"https:\\\/\\\/www.linkedin.com\\\/showcase\\\/organisator-das-magazin-fr-kmu\",\"https:\\\/\\\/www.xing.com\\\/news\\\/pages\\\/organisator-ch-695\",\"https:\\\/\\\/www.youtube.com\\\/channel\\\/UCGP2Sq0iWaZwT3BdIAQFYpw\"]},{\"@type\":\"Person\",\"@id\":\"https:\\\/\\\/www.organisator.ch\\\/#\\\/schema\\\/person\\\/a800b8c54e208b160517a7dcc323161d\",\"name\":\"roger.straessle\",\"image\":{\"@type\":\"ImageObject\",\"inLanguage\":\"de\",\"@id\":\"https:\\\/\\\/secure.gravatar.com\\\/avatar\\\/?s=96&d=mm&r=g\",\"url\":\"https:\\\/\\\/secure.gravatar.com\\\/avatar\\\/?s=96&d=mm&r=g\",\"contentUrl\":\"https:\\\/\\\/secure.gravatar.com\\\/avatar\\\/?s=96&d=mm&r=g\",\"caption\":\"roger.straessle\"},\"url\":\"https:\\\/\\\/www.organisator.ch\\\/de\\\/author\\\/roger-straessle\\\/\"}]}<\/script>\n<!-- \/ Yoast SEO plugin. -->","yoast_head_json":{"title":"Einkaufen im Laden oder online: Was sagt die Klimabilanz? - Organisator","description":"Einkaufen im Laden oder online: Was ist besser f\u00fcrs Klima? Die Studie \u00abDie \u00d6kologisierung des Online-Handels\u00bb geht der Sache auf den Grund.","robots":{"index":"index","follow":"follow","max-snippet":"max-snippet:-1","max-image-preview":"max-image-preview:large","max-video-preview":"max-video-preview:-1"},"canonical":"https:\/\/www.organisator.ch\/de\/sustainability\/2021-02-24\/einkaufen-im-laden-oder-online-was-sagt-die-klimabilanz\/","og_locale":"de_DE","og_type":"article","og_title":"Einkaufen im Laden oder online: Was sagt die Klimabilanz? - Organisator","og_description":"Einkaufen im Laden oder online: Was ist besser f\u00fcrs Klima? Die Studie \u00abDie \u00d6kologisierung des Online-Handels\u00bb geht der Sache auf den Grund.","og_url":"https:\/\/www.organisator.ch\/de\/sustainability\/2021-02-24\/einkaufen-im-laden-oder-online-was-sagt-die-klimabilanz\/","og_site_name":"Organisator","article_publisher":"https:\/\/www.facebook.com\/OrganisatorFachmagazin","article_published_time":"2021-02-24T08:22:38+00:00","article_modified_time":"2022-02-09T10:06:46+00:00","og_image":[{"width":485,"height":304,"url":"https:\/\/www.organisator.ch\/wp-content\/uploads\/2021\/02\/Abbildung_bearbeitet-1-1.jpg","type":"image\/jpeg"}],"author":"roger.straessle","twitter_card":"summary_large_image","schema":{"@context":"https:\/\/schema.org","@graph":[{"@type":"Article","@id":"https:\/\/www.organisator.ch\/sustainability\/2021-02-24\/einkaufen-im-laden-oder-online-was-sagt-die-klimabilanz\/#article","isPartOf":{"@id":"https:\/\/www.organisator.ch\/sustainability\/2021-02-24\/einkaufen-im-laden-oder-online-was-sagt-die-klimabilanz\/"},"author":{"name":"roger.straessle","@id":"https:\/\/www.organisator.ch\/#\/schema\/person\/a800b8c54e208b160517a7dcc323161d"},"headline":"Einkaufen im Laden oder online: Was sagt die Klimabilanz?","datePublished":"2021-02-24T08:22:38+00:00","dateModified":"2022-02-09T10:06:46+00:00","mainEntityOfPage":{"@id":"https:\/\/www.organisator.ch\/sustainability\/2021-02-24\/einkaufen-im-laden-oder-online-was-sagt-die-klimabilanz\/"},"wordCount":543,"publisher":{"@id":"https:\/\/www.organisator.ch\/#organization"},"image":{"@id":"https:\/\/www.organisator.ch\/sustainability\/2021-02-24\/einkaufen-im-laden-oder-online-was-sagt-die-klimabilanz\/#primaryimage"},"thumbnailUrl":"https:\/\/www.organisator.ch\/wp-content\/uploads\/2021\/02\/Abbildung_bearbeitet-1-1.jpg","keywords":["CO2","Klimabilanz","Online-Handel","Studie","Studien","Treibhausgas-Emissionen"],"articleSection":["SUSTAINABILITY"],"inLanguage":"de"},{"@type":"WebPage","@id":"https:\/\/www.organisator.ch\/sustainability\/2021-02-24\/einkaufen-im-laden-oder-online-was-sagt-die-klimabilanz\/","url":"https:\/\/www.organisator.ch\/sustainability\/2021-02-24\/einkaufen-im-laden-oder-online-was-sagt-die-klimabilanz\/","name":"Einkaufen im Laden oder online: Was sagt die Klimabilanz? - Organisator","isPartOf":{"@id":"https:\/\/www.organisator.ch\/#website"},"primaryImageOfPage":{"@id":"https:\/\/www.organisator.ch\/sustainability\/2021-02-24\/einkaufen-im-laden-oder-online-was-sagt-die-klimabilanz\/#primaryimage"},"image":{"@id":"https:\/\/www.organisator.ch\/sustainability\/2021-02-24\/einkaufen-im-laden-oder-online-was-sagt-die-klimabilanz\/#primaryimage"},"thumbnailUrl":"https:\/\/www.organisator.ch\/wp-content\/uploads\/2021\/02\/Abbildung_bearbeitet-1-1.jpg","datePublished":"2021-02-24T08:22:38+00:00","dateModified":"2022-02-09T10:06:46+00:00","description":"Einkaufen im Laden oder online: Was ist besser f\u00fcrs Klima? Die Studie \u00abDie \u00d6kologisierung des Online-Handels\u00bb geht der Sache auf den Grund.","breadcrumb":{"@id":"https:\/\/www.organisator.ch\/sustainability\/2021-02-24\/einkaufen-im-laden-oder-online-was-sagt-die-klimabilanz\/#breadcrumb"},"inLanguage":"de","potentialAction":[{"@type":"ReadAction","target":["https:\/\/www.organisator.ch\/sustainability\/2021-02-24\/einkaufen-im-laden-oder-online-was-sagt-die-klimabilanz\/"]}]},{"@type":"ImageObject","inLanguage":"de","@id":"https:\/\/www.organisator.ch\/sustainability\/2021-02-24\/einkaufen-im-laden-oder-online-was-sagt-die-klimabilanz\/#primaryimage","url":"https:\/\/www.organisator.ch\/wp-content\/uploads\/2021\/02\/Abbildung_bearbeitet-1-1.jpg","contentUrl":"https:\/\/www.organisator.ch\/wp-content\/uploads\/2021\/02\/Abbildung_bearbeitet-1-1.jpg","width":485,"height":304,"caption":"Quelle: Umweltbundesamt"},{"@type":"BreadcrumbList","@id":"https:\/\/www.organisator.ch\/sustainability\/2021-02-24\/einkaufen-im-laden-oder-online-was-sagt-die-klimabilanz\/#breadcrumb","itemListElement":[{"@type":"ListItem","position":1,"name":"Home","item":"https:\/\/www.organisator.ch\/"},{"@type":"ListItem","position":2,"name":"Einkaufen im Laden oder online: Was sagt die Klimabilanz?"}]},{"@type":"WebSite","@id":"https:\/\/www.organisator.ch\/#website","url":"https:\/\/www.organisator.ch\/","name":"Organisator","description":"Kompetent. Praxisnah. Der ORGANISATOR bereitet in 10 Ausgaben pro Jahr die wesentlichen Themen f\u00fcr F\u00fchrungskr\u00e4fte von KMU auf.","publisher":{"@id":"https:\/\/www.organisator.ch\/#organization"},"potentialAction":[{"@type":"SearchAction","target":{"@type":"EntryPoint","urlTemplate":"https:\/\/www.organisator.ch\/?s={search_term_string}"},"query-input":{"@type":"PropertyValueSpecification","valueRequired":true,"valueName":"search_term_string"}}],"inLanguage":"de"},{"@type":"Organization","@id":"https:\/\/www.organisator.ch\/#organization","name":"Organisator","url":"https:\/\/www.organisator.ch\/","logo":{"@type":"ImageObject","inLanguage":"de","@id":"https:\/\/www.organisator.ch\/#\/schema\/logo\/image\/","url":"https:\/\/www.organisator.ch\/wp-content\/uploads\/2022\/01\/Logo_Organisator_Website.png","contentUrl":"https:\/\/www.organisator.ch\/wp-content\/uploads\/2022\/01\/Logo_Organisator_Website.png","width":800,"height":77,"caption":"Organisator"},"image":{"@id":"https:\/\/www.organisator.ch\/#\/schema\/logo\/image\/"},"sameAs":["https:\/\/www.facebook.com\/OrganisatorFachmagazin","https:\/\/www.linkedin.com\/showcase\/organisator-das-magazin-fr-kmu","https:\/\/www.xing.com\/news\/pages\/organisator-ch-695","https:\/\/www.youtube.com\/channel\/UCGP2Sq0iWaZwT3BdIAQFYpw"]},{"@type":"Person","@id":"https:\/\/www.organisator.ch\/#\/schema\/person\/a800b8c54e208b160517a7dcc323161d","name":"roger.straessle","image":{"@type":"ImageObject","inLanguage":"de","@id":"https:\/\/secure.gravatar.com\/avatar\/?s=96&d=mm&r=g","url":"https:\/\/secure.gravatar.com\/avatar\/?s=96&d=mm&r=g","contentUrl":"https:\/\/secure.gravatar.com\/avatar\/?s=96&d=mm&r=g","caption":"roger.straessle"},"url":"https:\/\/www.organisator.ch\/de\/author\/roger-straessle\/"}]}},"_links":{"self":[{"href":"https:\/\/www.organisator.ch\/de\/wp-json\/wp\/v2\/posts\/10248","targetHints":{"allow":["GET"]}}],"collection":[{"href":"https:\/\/www.organisator.ch\/de\/wp-json\/wp\/v2\/posts"}],"about":[{"href":"https:\/\/www.organisator.ch\/de\/wp-json\/wp\/v2\/types\/post"}],"author":[{"embeddable":true,"href":"https:\/\/www.organisator.ch\/de\/wp-json\/wp\/v2\/users\/6"}],"replies":[{"embeddable":true,"href":"https:\/\/www.organisator.ch\/de\/wp-json\/wp\/v2\/comments?post=10248"}],"version-history":[{"count":1,"href":"https:\/\/www.organisator.ch\/de\/wp-json\/wp\/v2\/posts\/10248\/revisions"}],"predecessor-version":[{"id":10656,"href":"https:\/\/www.organisator.ch\/de\/wp-json\/wp\/v2\/posts\/10248\/revisions\/10656"}],"wp:featuredmedia":[{"embeddable":true,"href":"https:\/\/www.organisator.ch\/de\/wp-json\/wp\/v2\/media\/3830"}],"wp:attachment":[{"href":"https:\/\/www.organisator.ch\/de\/wp-json\/wp\/v2\/media?parent=10248"}],"wp:term":[{"taxonomy":"category","embeddable":true,"href":"https:\/\/www.organisator.ch\/de\/wp-json\/wp\/v2\/categories?post=10248"},{"taxonomy":"post_tag","embeddable":true,"href":"https:\/\/www.organisator.ch\/de\/wp-json\/wp\/v2\/tags?post=10248"}],"curies":[{"name":"wp","href":"https:\/\/api.w.org\/{rel}","templated":true}]}}