{"id":10250,"date":"2021-02-19T13:54:29","date_gmt":"2021-02-19T12:54:29","guid":{"rendered":"https:\/\/www.umweltperspektiven.ch\/?p=3858"},"modified":"2022-02-09T11:05:31","modified_gmt":"2022-02-09T10:05:31","slug":"schub-fuer-die-plastik-separatsammlung","status":"publish","type":"post","link":"https:\/\/www.organisator.ch\/de\/sustainability\/2021-02-19\/schub-fuer-die-plastik-separatsammlung\/","title":{"rendered":"Plastik-Separatsammlung: Standards mit Entsorgern definiert"},"content":{"rendered":"<p><img loading=\"lazy\" decoding=\"async\" class=\"size-medium wp-image-3859 aligncenter\" src=\"\/\/www.umweltperspektiven.ch\/wp-content\/uploads\/2021\/02\/Depositphotos_323379624_s-2019.jpg\" alt=\"\" width=\"680\" height=\"454\" srcset=\"https:\/\/www.organisator.ch\/wp-content\/uploads\/2021\/02\/Depositphotos_323379624_s-2019.jpg 1000w, https:\/\/www.organisator.ch\/wp-content\/uploads\/2021\/02\/Depositphotos_323379624_s-2019-680x454.jpg 680w, https:\/\/www.organisator.ch\/wp-content\/uploads\/2021\/02\/Depositphotos_323379624_s-2019-768x512.jpg 768w, https:\/\/www.organisator.ch\/wp-content\/uploads\/2021\/02\/Depositphotos_323379624_s-2019-18x12.jpg 18w, https:\/\/www.organisator.ch\/wp-content\/uploads\/2021\/02\/Depositphotos_323379624_s-2019-262x175.jpg 262w, https:\/\/www.organisator.ch\/wp-content\/uploads\/2021\/02\/Depositphotos_323379624_s-2019-525x350.jpg 525w, https:\/\/www.organisator.ch\/wp-content\/uploads\/2021\/02\/Depositphotos_323379624_s-2019-920x614.jpg 920w, https:\/\/www.organisator.ch\/wp-content\/uploads\/2021\/02\/Depositphotos_323379624_s-2019-300x200.jpg 300w\" sizes=\"auto, (max-width: 680px) 100vw, 680px\" \/><\/p>\n<p>\u00a9 Depositphotos, Robertobintti70<\/p>\n<p>\u00dcber zehn Prozent des Abfalls in einem durchschnittlichen Kehrichtsack bestehen aus Plastik. Ausgangsmaterial f\u00fcr die Plastikproduktion ist Erd\u00f6l, ein nicht erneuerbarer Rohstoff. Bei der Verbrennung der Plastikabf\u00e4lle in der Kehrichtverwertungsanlage (KVA) wird zwar Strom und Fernw\u00e4rme gewonnen, doch der Rohstoff geht unwiederbringlich verloren. Zudem wird bei der Herstellung und Verbrennung von Plastik CO<sub>2<\/sub> freigesetzt, was zur Klimaerw\u00e4rmung beitr\u00e4gt. Es gibt also gute Gr\u00fcnde, Plastikabf\u00e4lle nicht zu verbrennen, sondern neuen Kunststoff daraus zu machen. Trotzdem gibt es noch nicht in vielen Z\u00fcrcher Gemeinden Separatsammlungen f\u00fcr Plastik. Denn Plastik-Recycling ist nicht in jedem Fall \u00f6kologisch sinnvoll, wie die Baudirektion des Kantons Z\u00fcrich schreibt. Nur wenn bestimmte Voraussetzungen erf\u00fcllt seien, sei es besser, Plastikabf\u00e4lle separat zu sammeln statt damit Strom und W\u00e4rme in einer KVA zu erzeugen.<\/p>\n<h2><strong>Plastik darf nicht im Meer landen<br \/>\n<\/strong><\/h2>\n<p>Gem\u00e4ss Baudirektion ist es f\u00fcr ein \u00f6kologisch sinnvolles Plastik-Recycling wichtig, dass ein m\u00f6glichst hoher Anteil der gesammelten Kunststoffabf\u00e4lle tats\u00e4chlich wieder f\u00fcr die Herstellung m\u00f6glichst hochwertiger neuer Kunststoffprodukte verwendet werden kann. Heute liegt dieser Anteil bestenfalls bei 50 Prozent. Denn die Auftrennung des aus den verschiedensten Plastikarten zusammengesetzten Kunststoffabfalls zu sortenreinem, qualitativ hochstehendem Ausgangsmaterial f\u00fcr neuen Plastik sei technisch sehr anspruchsvoll. Der nicht verwertbare Restabfall d\u00fcrfe unter keinen Umst\u00e4nden in fernen L\u00e4ndern unsachgem\u00e4ss abgelagert oder verbrannt werden, oder gar in die Umwelt gelangen \u2013 sonst seien Kunststoff-Separatsammlungen kontraproduktiv. Darum sei es entscheidend, dass der Kunststoff, der nicht in den Stoffkreislauf zur\u00fcck gelange, korrekt in einer Schweizer Entsorgungsanlage verwertet werde.<\/p>\n<h2><strong>Sinnvolle Sammlungen einzuf\u00fchren war bisher schwierig<br \/>\n<\/strong><\/h2>\n<p>F\u00fcr die Entsorgung von Haushaltabf\u00e4llen sind die St\u00e4dte und Gemeinden zust\u00e4ndig. Sie k\u00f6nnen privaten Firmen die Erlaubnis erteilen, Kunststoffsammlungen in ihrer Gemeinde einzurichten. Viele Gemeinden w\u00fcrden dies auch gerne tun. Doch bisher sei es f\u00fcr sie sehr schwierig zu beurteilen und zu \u00fcberpr\u00fcfen, ob das Entsorgungsunternehmen die Abf\u00e4lle auch wirklich \u00f6kologisch sinnvoll verwerte, so die Baudirektion. Nun schafft eine Vereinbarung zwischen der Baudirektion und dem Verein Schweizer Plastic Recycler (VSPR) Abhilfe. Entsorgungsunternehmen, welche in Z\u00fcrcher Gemeinden eine Separatsammlung f\u00fcr Kunststoffabf\u00e4lle etablieren m\u00f6chten, k\u00f6nnen sich der Vereinbarung anschliessen, wie es in der Medienmitteilung heisst. Damit w\u00fcrden sich die Entsorger zur Einhaltung hoher Umweltweltstandards verpflichten. Erteilen St\u00e4dte und Gemeinden k\u00fcnftig die Bewilligung f\u00fcr eine Separatsammlung einem Unternehmen, das die Vereinbarung unterzeichnet hat, k\u00f6nnen sie sicher sein, wirklich etwas Gutes f\u00fcr die Umwelt zu tun, wie in der Medienmitteilung betont wird. Das d\u00fcrfte, so der Kanton, \u00f6kologisch sinnvollen Separatsammlungen von Kunststoffen im Kanton Z\u00fcrich einen starken Schub verleihen. Genau dies sei die Idee hinter der Vereinbarung zwischen Kanton und Entsorgungsbranche.<\/p>\n<h2><strong>Vereinbarung zwischen Kanton und Plastikverwertern<\/strong><\/h2>\n<p>Die wesentlichen Punkte, zu deren Einhaltung sich Entsorgungsunternehmen verpflichten, welche die Vereinbarung unterzeichnen:<br \/>\n&#8211; Der Anteil des gesammelten Kunststoffs, der als Sekund\u00e4rrohstoff (Kunststoffgranulat) zur\u00fcck in den Kreislauf geht, soll mindestens 50% betragen und kontinuierlich steigen:<br \/>\n&#8211; bis 2025 auf 55%<br \/>\n&#8211; bis 2028 auf 60%<br \/>\n&#8211; bis 2030 auf 65% und mehr<br \/>\n&#8211; ab 2030: j\u00e4hrliche Zunahme, bis 70% erreicht sind<br \/>\n&#8211; Die Qualit\u00e4t des Sekund\u00e4rrohstoffs soll derjenigen von Prim\u00e4rrohstoff entsprechen.<br \/>\n&#8211; Die nicht verwertbaren Restmengen m\u00fcssen korrekt in einer Schweizer Entsorgungsanlage verbrannt werden \u2013 etwa in einer KVA oder in einem Zementwerk.<\/p>\n<p>Um eine l\u00fcckenlose Kontrolle \u00fcber die Entsorgungswege von Plastikabf\u00e4llen zu erm\u00f6glichen, hat der Verein Schweizer Plastic Recycler ein Lizenzsystem f\u00fcr die Entsorger aufgebaut. Die Erf\u00fcllung der oben genannten Kriterien m\u00fcssen die lizenzierten Entsorgungsunternehmen im Rahmen eines Monitorings nachweisen und durch eine unabh\u00e4ngige Auditierung \u00fcberpr\u00fcfen lassen.<br \/>\n<em><br \/>\nQuelle: Baudirektion, Kanton Z\u00fcrich<\/em><\/p>\n<p>&nbsp;<\/p>\n<p><em>Weitere Beitr\u00e4ge zum Thema:\u00a0<\/em><\/p>\n<p><em><a href=\"\/\/www.umweltperspektiven.ch\/zuercher-kva-das-aus-fuer-stofflich-verwertbare-kunststoffabfaelle\/\">Z\u00fcrcher KVA: Das Aus f\u00fcr stofflich verwertbare Kunststoffabf\u00e4lle<\/a><\/em><\/p>\n","protected":false},"excerpt":{"rendered":"<p>\u00a9 Depositphotos, Robertobintti70 \u00dcber zehn Prozent des Abfalls in einem durchschnittlichen Kehrichtsack bestehen aus Plastik. Ausgangsmaterial f\u00fcr die Plastikproduktion ist Erd\u00f6l, ein nicht erneuerbarer Rohstoff. Bei der Verbrennung der Plastikabf\u00e4lle in der Kehrichtverwertungsanlage (KVA) wird zwar Strom und Fernw\u00e4rme gewonnen, doch der Rohstoff geht unwiederbringlich verloren. Zudem wird bei der Herstellung und Verbrennung von Plastik [&hellip;]<\/p>\n","protected":false},"author":6,"featured_media":3859,"comment_status":"closed","ping_status":"closed","sticky":false,"template":"","format":"standard","meta":{"_acf_changed":false,"_yoast_wpseo_focuskw":"Plastik-Separatsammlung","_yoast_wpseo_metadesc":"Schub f\u00fcr die Plastik-Separatsammlung im Kanton Z\u00fcrich: Nun hat der Kanton zusammen mit Plastikentsorgern Standards definiert.","articlekey":"","footnotes":""},"categories":[580],"tags":[780,1350,1474,1917,1919,2112],"class_list":["post-10250","post","type-post","status-publish","format-standard","has-post-thumbnail","hentry","category-sustainability","tag-baudirektion","tag-haushaltabfaelle","tag-kanton-zuerich","tag-plastik","tag-plastik-recycling","tag-separatsammlung"],"acf":[],"yoast_head":"<!-- This site is optimized with the Yoast SEO plugin v27.5 - https:\/\/yoast.com\/product\/yoast-seo-wordpress\/ -->\n<title>Plastik-Separatsammlung: Standards mit Entsorgern definiert - Organisator<\/title>\n<meta name=\"description\" content=\"Schub f\u00fcr die Plastik-Separatsammlung im Kanton Z\u00fcrich: Nun hat der Kanton zusammen mit Plastikentsorgern Standards definiert.\" \/>\n<meta name=\"robots\" content=\"index, follow, max-snippet:-1, max-image-preview:large, max-video-preview:-1\" \/>\n<link rel=\"canonical\" href=\"https:\/\/www.organisator.ch\/de\/sustainability\/2021-02-19\/schub-fuer-die-plastik-separatsammlung\/\" \/>\n<meta property=\"og:locale\" content=\"de_DE\" \/>\n<meta property=\"og:type\" content=\"article\" \/>\n<meta property=\"og:title\" content=\"Plastik-Separatsammlung: Standards mit Entsorgern definiert - Organisator\" \/>\n<meta property=\"og:description\" content=\"Schub f\u00fcr die Plastik-Separatsammlung im Kanton Z\u00fcrich: Nun hat der Kanton zusammen mit Plastikentsorgern Standards definiert.\" \/>\n<meta property=\"og:url\" content=\"https:\/\/www.organisator.ch\/de\/sustainability\/2021-02-19\/schub-fuer-die-plastik-separatsammlung\/\" \/>\n<meta property=\"og:site_name\" content=\"Organisator\" \/>\n<meta property=\"article:publisher\" content=\"https:\/\/www.facebook.com\/OrganisatorFachmagazin\" \/>\n<meta property=\"article:published_time\" content=\"2021-02-19T12:54:29+00:00\" \/>\n<meta property=\"article:modified_time\" content=\"2022-02-09T10:05:31+00:00\" \/>\n<meta property=\"og:image\" content=\"https:\/\/www.organisator.ch\/wp-content\/uploads\/2021\/02\/Depositphotos_323379624_s-2019.jpg\" \/>\n\t<meta property=\"og:image:width\" content=\"1000\" \/>\n\t<meta property=\"og:image:height\" content=\"667\" \/>\n\t<meta property=\"og:image:type\" content=\"image\/jpeg\" \/>\n<meta name=\"author\" content=\"roger.straessle\" \/>\n<meta name=\"twitter:card\" content=\"summary_large_image\" \/>\n<script type=\"application\/ld+json\" class=\"yoast-schema-graph\">{\"@context\":\"https:\\\/\\\/schema.org\",\"@graph\":[{\"@type\":\"Article\",\"@id\":\"https:\\\/\\\/www.organisator.ch\\\/sustainability\\\/2021-02-19\\\/schub-fuer-die-plastik-separatsammlung\\\/#article\",\"isPartOf\":{\"@id\":\"https:\\\/\\\/www.organisator.ch\\\/sustainability\\\/2021-02-19\\\/schub-fuer-die-plastik-separatsammlung\\\/\"},\"author\":{\"name\":\"roger.straessle\",\"@id\":\"https:\\\/\\\/www.organisator.ch\\\/#\\\/schema\\\/person\\\/a800b8c54e208b160517a7dcc323161d\"},\"headline\":\"Plastik-Separatsammlung: Standards mit Entsorgern definiert\",\"datePublished\":\"2021-02-19T12:54:29+00:00\",\"dateModified\":\"2022-02-09T10:05:31+00:00\",\"mainEntityOfPage\":{\"@id\":\"https:\\\/\\\/www.organisator.ch\\\/sustainability\\\/2021-02-19\\\/schub-fuer-die-plastik-separatsammlung\\\/\"},\"wordCount\":636,\"publisher\":{\"@id\":\"https:\\\/\\\/www.organisator.ch\\\/#organization\"},\"image\":{\"@id\":\"https:\\\/\\\/www.organisator.ch\\\/sustainability\\\/2021-02-19\\\/schub-fuer-die-plastik-separatsammlung\\\/#primaryimage\"},\"thumbnailUrl\":\"https:\\\/\\\/www.organisator.ch\\\/wp-content\\\/uploads\\\/2021\\\/02\\\/Depositphotos_323379624_s-2019.jpg\",\"keywords\":[\"Baudirektion\",\"Haushaltabf\u00e4lle\",\"Kanton Z\u00fcrich\",\"Plastik\",\"Plastik-Recycling\",\"Separatsammlung\"],\"articleSection\":[\"SUSTAINABILITY\"],\"inLanguage\":\"de\"},{\"@type\":\"WebPage\",\"@id\":\"https:\\\/\\\/www.organisator.ch\\\/sustainability\\\/2021-02-19\\\/schub-fuer-die-plastik-separatsammlung\\\/\",\"url\":\"https:\\\/\\\/www.organisator.ch\\\/sustainability\\\/2021-02-19\\\/schub-fuer-die-plastik-separatsammlung\\\/\",\"name\":\"Plastik-Separatsammlung: Standards mit Entsorgern definiert - Organisator\",\"isPartOf\":{\"@id\":\"https:\\\/\\\/www.organisator.ch\\\/#website\"},\"primaryImageOfPage\":{\"@id\":\"https:\\\/\\\/www.organisator.ch\\\/sustainability\\\/2021-02-19\\\/schub-fuer-die-plastik-separatsammlung\\\/#primaryimage\"},\"image\":{\"@id\":\"https:\\\/\\\/www.organisator.ch\\\/sustainability\\\/2021-02-19\\\/schub-fuer-die-plastik-separatsammlung\\\/#primaryimage\"},\"thumbnailUrl\":\"https:\\\/\\\/www.organisator.ch\\\/wp-content\\\/uploads\\\/2021\\\/02\\\/Depositphotos_323379624_s-2019.jpg\",\"datePublished\":\"2021-02-19T12:54:29+00:00\",\"dateModified\":\"2022-02-09T10:05:31+00:00\",\"description\":\"Schub f\u00fcr die Plastik-Separatsammlung im Kanton Z\u00fcrich: Nun hat der Kanton zusammen mit Plastikentsorgern Standards definiert.\",\"breadcrumb\":{\"@id\":\"https:\\\/\\\/www.organisator.ch\\\/sustainability\\\/2021-02-19\\\/schub-fuer-die-plastik-separatsammlung\\\/#breadcrumb\"},\"inLanguage\":\"de\",\"potentialAction\":[{\"@type\":\"ReadAction\",\"target\":[\"https:\\\/\\\/www.organisator.ch\\\/sustainability\\\/2021-02-19\\\/schub-fuer-die-plastik-separatsammlung\\\/\"]}]},{\"@type\":\"ImageObject\",\"inLanguage\":\"de\",\"@id\":\"https:\\\/\\\/www.organisator.ch\\\/sustainability\\\/2021-02-19\\\/schub-fuer-die-plastik-separatsammlung\\\/#primaryimage\",\"url\":\"https:\\\/\\\/www.organisator.ch\\\/wp-content\\\/uploads\\\/2021\\\/02\\\/Depositphotos_323379624_s-2019.jpg\",\"contentUrl\":\"https:\\\/\\\/www.organisator.ch\\\/wp-content\\\/uploads\\\/2021\\\/02\\\/Depositphotos_323379624_s-2019.jpg\",\"width\":1000,\"height\":667,\"caption\":\"\u00a9 Depositphotos, Robertobintti70\"},{\"@type\":\"BreadcrumbList\",\"@id\":\"https:\\\/\\\/www.organisator.ch\\\/sustainability\\\/2021-02-19\\\/schub-fuer-die-plastik-separatsammlung\\\/#breadcrumb\",\"itemListElement\":[{\"@type\":\"ListItem\",\"position\":1,\"name\":\"Home\",\"item\":\"https:\\\/\\\/www.organisator.ch\\\/\"},{\"@type\":\"ListItem\",\"position\":2,\"name\":\"Plastik-Separatsammlung: Standards mit Entsorgern definiert\"}]},{\"@type\":\"WebSite\",\"@id\":\"https:\\\/\\\/www.organisator.ch\\\/#website\",\"url\":\"https:\\\/\\\/www.organisator.ch\\\/\",\"name\":\"Organisator\",\"description\":\"Kompetent. Praxisnah. Der ORGANISATOR bereitet in 10 Ausgaben pro Jahr die wesentlichen Themen f\u00fcr F\u00fchrungskr\u00e4fte von KMU auf.\",\"publisher\":{\"@id\":\"https:\\\/\\\/www.organisator.ch\\\/#organization\"},\"potentialAction\":[{\"@type\":\"SearchAction\",\"target\":{\"@type\":\"EntryPoint\",\"urlTemplate\":\"https:\\\/\\\/www.organisator.ch\\\/?s={search_term_string}\"},\"query-input\":{\"@type\":\"PropertyValueSpecification\",\"valueRequired\":true,\"valueName\":\"search_term_string\"}}],\"inLanguage\":\"de\"},{\"@type\":\"Organization\",\"@id\":\"https:\\\/\\\/www.organisator.ch\\\/#organization\",\"name\":\"Organisator\",\"url\":\"https:\\\/\\\/www.organisator.ch\\\/\",\"logo\":{\"@type\":\"ImageObject\",\"inLanguage\":\"de\",\"@id\":\"https:\\\/\\\/www.organisator.ch\\\/#\\\/schema\\\/logo\\\/image\\\/\",\"url\":\"https:\\\/\\\/www.organisator.ch\\\/wp-content\\\/uploads\\\/2022\\\/01\\\/Logo_Organisator_Website.png\",\"contentUrl\":\"https:\\\/\\\/www.organisator.ch\\\/wp-content\\\/uploads\\\/2022\\\/01\\\/Logo_Organisator_Website.png\",\"width\":800,\"height\":77,\"caption\":\"Organisator\"},\"image\":{\"@id\":\"https:\\\/\\\/www.organisator.ch\\\/#\\\/schema\\\/logo\\\/image\\\/\"},\"sameAs\":[\"https:\\\/\\\/www.facebook.com\\\/OrganisatorFachmagazin\",\"https:\\\/\\\/www.linkedin.com\\\/showcase\\\/organisator-das-magazin-fr-kmu\",\"https:\\\/\\\/www.xing.com\\\/news\\\/pages\\\/organisator-ch-695\",\"https:\\\/\\\/www.youtube.com\\\/channel\\\/UCGP2Sq0iWaZwT3BdIAQFYpw\"]},{\"@type\":\"Person\",\"@id\":\"https:\\\/\\\/www.organisator.ch\\\/#\\\/schema\\\/person\\\/a800b8c54e208b160517a7dcc323161d\",\"name\":\"roger.straessle\",\"image\":{\"@type\":\"ImageObject\",\"inLanguage\":\"de\",\"@id\":\"https:\\\/\\\/secure.gravatar.com\\\/avatar\\\/?s=96&d=mm&r=g\",\"url\":\"https:\\\/\\\/secure.gravatar.com\\\/avatar\\\/?s=96&d=mm&r=g\",\"contentUrl\":\"https:\\\/\\\/secure.gravatar.com\\\/avatar\\\/?s=96&d=mm&r=g\",\"caption\":\"roger.straessle\"},\"url\":\"https:\\\/\\\/www.organisator.ch\\\/de\\\/author\\\/roger-straessle\\\/\"}]}<\/script>\n<!-- \/ Yoast SEO plugin. -->","yoast_head_json":{"title":"Plastik-Separatsammlung: Standards mit Entsorgern definiert - Organisator","description":"Schub f\u00fcr die Plastik-Separatsammlung im Kanton Z\u00fcrich: Nun hat der Kanton zusammen mit Plastikentsorgern Standards definiert.","robots":{"index":"index","follow":"follow","max-snippet":"max-snippet:-1","max-image-preview":"max-image-preview:large","max-video-preview":"max-video-preview:-1"},"canonical":"https:\/\/www.organisator.ch\/de\/sustainability\/2021-02-19\/schub-fuer-die-plastik-separatsammlung\/","og_locale":"de_DE","og_type":"article","og_title":"Plastik-Separatsammlung: Standards mit Entsorgern definiert - Organisator","og_description":"Schub f\u00fcr die Plastik-Separatsammlung im Kanton Z\u00fcrich: Nun hat der Kanton zusammen mit Plastikentsorgern Standards definiert.","og_url":"https:\/\/www.organisator.ch\/de\/sustainability\/2021-02-19\/schub-fuer-die-plastik-separatsammlung\/","og_site_name":"Organisator","article_publisher":"https:\/\/www.facebook.com\/OrganisatorFachmagazin","article_published_time":"2021-02-19T12:54:29+00:00","article_modified_time":"2022-02-09T10:05:31+00:00","og_image":[{"width":1000,"height":667,"url":"https:\/\/www.organisator.ch\/wp-content\/uploads\/2021\/02\/Depositphotos_323379624_s-2019.jpg","type":"image\/jpeg"}],"author":"roger.straessle","twitter_card":"summary_large_image","schema":{"@context":"https:\/\/schema.org","@graph":[{"@type":"Article","@id":"https:\/\/www.organisator.ch\/sustainability\/2021-02-19\/schub-fuer-die-plastik-separatsammlung\/#article","isPartOf":{"@id":"https:\/\/www.organisator.ch\/sustainability\/2021-02-19\/schub-fuer-die-plastik-separatsammlung\/"},"author":{"name":"roger.straessle","@id":"https:\/\/www.organisator.ch\/#\/schema\/person\/a800b8c54e208b160517a7dcc323161d"},"headline":"Plastik-Separatsammlung: Standards mit Entsorgern definiert","datePublished":"2021-02-19T12:54:29+00:00","dateModified":"2022-02-09T10:05:31+00:00","mainEntityOfPage":{"@id":"https:\/\/www.organisator.ch\/sustainability\/2021-02-19\/schub-fuer-die-plastik-separatsammlung\/"},"wordCount":636,"publisher":{"@id":"https:\/\/www.organisator.ch\/#organization"},"image":{"@id":"https:\/\/www.organisator.ch\/sustainability\/2021-02-19\/schub-fuer-die-plastik-separatsammlung\/#primaryimage"},"thumbnailUrl":"https:\/\/www.organisator.ch\/wp-content\/uploads\/2021\/02\/Depositphotos_323379624_s-2019.jpg","keywords":["Baudirektion","Haushaltabf\u00e4lle","Kanton Z\u00fcrich","Plastik","Plastik-Recycling","Separatsammlung"],"articleSection":["SUSTAINABILITY"],"inLanguage":"de"},{"@type":"WebPage","@id":"https:\/\/www.organisator.ch\/sustainability\/2021-02-19\/schub-fuer-die-plastik-separatsammlung\/","url":"https:\/\/www.organisator.ch\/sustainability\/2021-02-19\/schub-fuer-die-plastik-separatsammlung\/","name":"Plastik-Separatsammlung: Standards mit Entsorgern definiert - Organisator","isPartOf":{"@id":"https:\/\/www.organisator.ch\/#website"},"primaryImageOfPage":{"@id":"https:\/\/www.organisator.ch\/sustainability\/2021-02-19\/schub-fuer-die-plastik-separatsammlung\/#primaryimage"},"image":{"@id":"https:\/\/www.organisator.ch\/sustainability\/2021-02-19\/schub-fuer-die-plastik-separatsammlung\/#primaryimage"},"thumbnailUrl":"https:\/\/www.organisator.ch\/wp-content\/uploads\/2021\/02\/Depositphotos_323379624_s-2019.jpg","datePublished":"2021-02-19T12:54:29+00:00","dateModified":"2022-02-09T10:05:31+00:00","description":"Schub f\u00fcr die Plastik-Separatsammlung im Kanton Z\u00fcrich: Nun hat der Kanton zusammen mit Plastikentsorgern Standards definiert.","breadcrumb":{"@id":"https:\/\/www.organisator.ch\/sustainability\/2021-02-19\/schub-fuer-die-plastik-separatsammlung\/#breadcrumb"},"inLanguage":"de","potentialAction":[{"@type":"ReadAction","target":["https:\/\/www.organisator.ch\/sustainability\/2021-02-19\/schub-fuer-die-plastik-separatsammlung\/"]}]},{"@type":"ImageObject","inLanguage":"de","@id":"https:\/\/www.organisator.ch\/sustainability\/2021-02-19\/schub-fuer-die-plastik-separatsammlung\/#primaryimage","url":"https:\/\/www.organisator.ch\/wp-content\/uploads\/2021\/02\/Depositphotos_323379624_s-2019.jpg","contentUrl":"https:\/\/www.organisator.ch\/wp-content\/uploads\/2021\/02\/Depositphotos_323379624_s-2019.jpg","width":1000,"height":667,"caption":"\u00a9 Depositphotos, Robertobintti70"},{"@type":"BreadcrumbList","@id":"https:\/\/www.organisator.ch\/sustainability\/2021-02-19\/schub-fuer-die-plastik-separatsammlung\/#breadcrumb","itemListElement":[{"@type":"ListItem","position":1,"name":"Home","item":"https:\/\/www.organisator.ch\/"},{"@type":"ListItem","position":2,"name":"Plastik-Separatsammlung: Standards mit Entsorgern definiert"}]},{"@type":"WebSite","@id":"https:\/\/www.organisator.ch\/#website","url":"https:\/\/www.organisator.ch\/","name":"Organisator","description":"Kompetent. Praxisnah. Der ORGANISATOR bereitet in 10 Ausgaben pro Jahr die wesentlichen Themen f\u00fcr F\u00fchrungskr\u00e4fte von KMU auf.","publisher":{"@id":"https:\/\/www.organisator.ch\/#organization"},"potentialAction":[{"@type":"SearchAction","target":{"@type":"EntryPoint","urlTemplate":"https:\/\/www.organisator.ch\/?s={search_term_string}"},"query-input":{"@type":"PropertyValueSpecification","valueRequired":true,"valueName":"search_term_string"}}],"inLanguage":"de"},{"@type":"Organization","@id":"https:\/\/www.organisator.ch\/#organization","name":"Organisator","url":"https:\/\/www.organisator.ch\/","logo":{"@type":"ImageObject","inLanguage":"de","@id":"https:\/\/www.organisator.ch\/#\/schema\/logo\/image\/","url":"https:\/\/www.organisator.ch\/wp-content\/uploads\/2022\/01\/Logo_Organisator_Website.png","contentUrl":"https:\/\/www.organisator.ch\/wp-content\/uploads\/2022\/01\/Logo_Organisator_Website.png","width":800,"height":77,"caption":"Organisator"},"image":{"@id":"https:\/\/www.organisator.ch\/#\/schema\/logo\/image\/"},"sameAs":["https:\/\/www.facebook.com\/OrganisatorFachmagazin","https:\/\/www.linkedin.com\/showcase\/organisator-das-magazin-fr-kmu","https:\/\/www.xing.com\/news\/pages\/organisator-ch-695","https:\/\/www.youtube.com\/channel\/UCGP2Sq0iWaZwT3BdIAQFYpw"]},{"@type":"Person","@id":"https:\/\/www.organisator.ch\/#\/schema\/person\/a800b8c54e208b160517a7dcc323161d","name":"roger.straessle","image":{"@type":"ImageObject","inLanguage":"de","@id":"https:\/\/secure.gravatar.com\/avatar\/?s=96&d=mm&r=g","url":"https:\/\/secure.gravatar.com\/avatar\/?s=96&d=mm&r=g","contentUrl":"https:\/\/secure.gravatar.com\/avatar\/?s=96&d=mm&r=g","caption":"roger.straessle"},"url":"https:\/\/www.organisator.ch\/de\/author\/roger-straessle\/"}]}},"_links":{"self":[{"href":"https:\/\/www.organisator.ch\/de\/wp-json\/wp\/v2\/posts\/10250","targetHints":{"allow":["GET"]}}],"collection":[{"href":"https:\/\/www.organisator.ch\/de\/wp-json\/wp\/v2\/posts"}],"about":[{"href":"https:\/\/www.organisator.ch\/de\/wp-json\/wp\/v2\/types\/post"}],"author":[{"embeddable":true,"href":"https:\/\/www.organisator.ch\/de\/wp-json\/wp\/v2\/users\/6"}],"replies":[{"embeddable":true,"href":"https:\/\/www.organisator.ch\/de\/wp-json\/wp\/v2\/comments?post=10250"}],"version-history":[{"count":1,"href":"https:\/\/www.organisator.ch\/de\/wp-json\/wp\/v2\/posts\/10250\/revisions"}],"predecessor-version":[{"id":10375,"href":"https:\/\/www.organisator.ch\/de\/wp-json\/wp\/v2\/posts\/10250\/revisions\/10375"}],"wp:featuredmedia":[{"embeddable":true,"href":"https:\/\/www.organisator.ch\/de\/wp-json\/wp\/v2\/media\/3859"}],"wp:attachment":[{"href":"https:\/\/www.organisator.ch\/de\/wp-json\/wp\/v2\/media?parent=10250"}],"wp:term":[{"taxonomy":"category","embeddable":true,"href":"https:\/\/www.organisator.ch\/de\/wp-json\/wp\/v2\/categories?post=10250"},{"taxonomy":"post_tag","embeddable":true,"href":"https:\/\/www.organisator.ch\/de\/wp-json\/wp\/v2\/tags?post=10250"}],"curies":[{"name":"wp","href":"https:\/\/api.w.org\/{rel}","templated":true}]}}