{"id":10251,"date":"2021-02-22T08:12:14","date_gmt":"2021-02-22T07:12:14","guid":{"rendered":"https:\/\/www.umweltperspektiven.ch\/?p=3866"},"modified":"2021-02-22T08:12:14","modified_gmt":"2021-02-22T07:12:14","slug":"neue-vizedirektorin-im-bafu","status":"publish","type":"post","link":"https:\/\/www.organisator.ch\/de\/allgemein\/2021-02-22\/neue-vizedirektorin-im-bafu\/","title":{"rendered":"Neue Vizedirektorin im Bafu"},"content":{"rendered":"<p>&nbsp;<\/p>\n<figure id=\"attachment_3867\" aria-describedby=\"caption-attachment-3867\" style=\"width: 680px\" class=\"wp-caption aligncenter\"><img loading=\"lazy\" decoding=\"async\" class=\"wp-image-3867 size-medium\" src=\"\/\/www.umweltperspektiven.ch\/wp-content\/uploads\/2021\/02\/65272.jpg\" alt=\"Petra Zimmermann\" width=\"680\" height=\"721\" \/><figcaption id=\"caption-attachment-3867\" class=\"wp-caption-text\">\u00a9 Bafu<\/figcaption><\/figure>\n<p>Petra Zimmermann \u00fcbernimmt den neu gestalteten Direktionsbereich mit Verantwortung f\u00fcr IT, Sprachdienst, Ressourcen und Betriebswirtschaft des Bundesamtes f\u00fcr Umwelt (Bafu). Sie ist zudem Chefin der Sektion Umweltbeobachtung und der beiden Abteilungen Recht und Internationales.<\/p>\n<p>Petra Zimmermann hat in Karlsruhe (D) Physik mit Nebenf\u00e4chern in Informatik, Mathematik und Maschinenbau studiert und 2005 an der ETH Z\u00fcrich im Bereich Data Analytics, Artificial Intelligence, Visualisierung und Smart Cities doktoriert. Von 2006 bis 2010 leitete sie die Internet-Koordinationsstelle der kantonalen Verwaltung Aargau. In dieser Funktion baute sie die digitale Plattform des Kantons auf und verantwortete die Systemintegration f\u00fcr den gesamten Webauftritt und das Intranet.<\/p>\n<p><strong>Breite F\u00fchrungserfahrung<\/strong><\/p>\n<p>Parallel zu einer Management-Weiterbildung an der Hochschule St. Gallen arbeitete sie danach in der Energiebranche. 2013-2017 war sie Mitglied der Gesch\u00e4ftsleitung Informationstechnologie Post bei der Schweizerischen Post und gestaltete die IT-Architektur neu. In dieser Funktion setzte sie sich auch mit Fragestellungen zum Arbeitsplatz der Zukunft, Cloudtechnologien und Sicherheitsmanagement auseinander. 2018 und 2019 leitete Petra Zimmermann die Digital-Einheit des globalen Vorwerk Konzerns. Seit 2020 ist sie bei der Zurich Versicherung Mitglied des Management Teams Transformation &amp; Technology. In dieser Funktion ist sie f\u00fcr die Unternehmensarchitektur in den Bereichen Business, IT und Daten verantwortlich.<\/p>\n<p>Die 50-j\u00e4hrige Zimmermann verf\u00fcgt \u00fcber breite F\u00fchrungserfahrung in unterschiedlichen Unternehmenskulturen und hat in verschiedenen Bereichen auch Nachhaltigkeitsthemen bearbeitet.<\/p>\n<p><em>Pressemeldung Bafu<\/em><\/p>\n<p>&nbsp;<\/p>\n","protected":false},"excerpt":{"rendered":"<p>&nbsp; Petra Zimmermann \u00fcbernimmt den neu gestalteten Direktionsbereich mit Verantwortung f\u00fcr IT, Sprachdienst, Ressourcen und Betriebswirtschaft des Bundesamtes f\u00fcr Umwelt (Bafu). Sie ist zudem Chefin der Sektion Umweltbeobachtung und der beiden Abteilungen Recht und Internationales. Petra Zimmermann hat in Karlsruhe (D) Physik mit Nebenf\u00e4chern in Informatik, Mathematik und Maschinenbau studiert und 2005 an der ETH [&hellip;]<\/p>\n","protected":false},"author":6,"featured_media":9766,"comment_status":"closed","ping_status":"closed","sticky":false,"template":"","format":"standard","meta":{"_acf_changed":false,"_yoast_wpseo_focuskw":"Petra Zimmermann","_yoast_wpseo_metadesc":"Die neue Vizedirektorin im Bundesamt f\u00fcr Umwelt heisst Petra Zimmermann. Sie ist Physikerin und Digitalisierungsspezialistin.","articlekey":"","footnotes":""},"categories":[1],"tags":[762,1898,2480],"class_list":["post-10251","post","type-post","status-publish","format-standard","has-post-thumbnail","hentry","category-allgemein","tag-bafu","tag-petra-zimmermann","tag-vizedirektorin"],"acf":[],"yoast_head":"<!-- This site is optimized with the Yoast SEO plugin v27.4 - https:\/\/yoast.com\/product\/yoast-seo-wordpress\/ -->\n<title>Neue Vizedirektorin im Bafu - Organisator<\/title>\n<meta name=\"description\" content=\"Die neue Vizedirektorin im Bundesamt f\u00fcr Umwelt heisst Petra Zimmermann. Sie ist Physikerin und Digitalisierungsspezialistin.\" \/>\n<meta name=\"robots\" content=\"index, follow, max-snippet:-1, max-image-preview:large, max-video-preview:-1\" \/>\n<link rel=\"canonical\" href=\"https:\/\/www.organisator.ch\/de\/allgemein\/2021-02-22\/neue-vizedirektorin-im-bafu\/\" \/>\n<meta property=\"og:locale\" content=\"de_DE\" \/>\n<meta property=\"og:type\" content=\"article\" \/>\n<meta property=\"og:title\" content=\"Neue Vizedirektorin im Bafu - Organisator\" \/>\n<meta property=\"og:description\" content=\"Die neue Vizedirektorin im Bundesamt f\u00fcr Umwelt heisst Petra Zimmermann. Sie ist Physikerin und Digitalisierungsspezialistin.\" \/>\n<meta property=\"og:url\" content=\"https:\/\/www.organisator.ch\/de\/allgemein\/2021-02-22\/neue-vizedirektorin-im-bafu\/\" \/>\n<meta property=\"og:site_name\" content=\"Organisator\" \/>\n<meta property=\"article:publisher\" content=\"https:\/\/www.facebook.com\/OrganisatorFachmagazin\" \/>\n<meta property=\"article:published_time\" content=\"2021-02-22T07:12:14+00:00\" \/>\n<meta property=\"og:image\" content=\"https:\/\/www.organisator.ch\/wp-content\/uploads\/2021\/02\/65272-966x1024.jpg\" \/>\n\t<meta property=\"og:image:width\" content=\"966\" \/>\n\t<meta property=\"og:image:height\" content=\"1024\" \/>\n\t<meta property=\"og:image:type\" content=\"image\/jpeg\" \/>\n<meta name=\"author\" content=\"roger.straessle\" \/>\n<meta name=\"twitter:card\" content=\"summary_large_image\" \/>\n<script type=\"application\/ld+json\" class=\"yoast-schema-graph\">{\"@context\":\"https:\\\/\\\/schema.org\",\"@graph\":[{\"@type\":\"Article\",\"@id\":\"https:\\\/\\\/www.organisator.ch\\\/en\\\/general\\\/2021-02-22\\\/neue-vizedirektorin-im-bafu\\\/#article\",\"isPartOf\":{\"@id\":\"https:\\\/\\\/www.organisator.ch\\\/en\\\/general\\\/2021-02-22\\\/neue-vizedirektorin-im-bafu\\\/\"},\"author\":{\"name\":\"roger.straessle\",\"@id\":\"https:\\\/\\\/www.organisator.ch\\\/#\\\/schema\\\/person\\\/a800b8c54e208b160517a7dcc323161d\"},\"headline\":\"Neue Vizedirektorin im Bafu\",\"datePublished\":\"2021-02-22T07:12:14+00:00\",\"mainEntityOfPage\":{\"@id\":\"https:\\\/\\\/www.organisator.ch\\\/en\\\/general\\\/2021-02-22\\\/neue-vizedirektorin-im-bafu\\\/\"},\"wordCount\":233,\"publisher\":{\"@id\":\"https:\\\/\\\/www.organisator.ch\\\/#organization\"},\"image\":{\"@id\":\"https:\\\/\\\/www.organisator.ch\\\/en\\\/general\\\/2021-02-22\\\/neue-vizedirektorin-im-bafu\\\/#primaryimage\"},\"thumbnailUrl\":\"https:\\\/\\\/www.organisator.ch\\\/wp-content\\\/uploads\\\/2021\\\/02\\\/65272.jpg\",\"keywords\":[\"BAFU\",\"Petra Zimmermann\",\"Vizedirektorin\"],\"inLanguage\":\"de\"},{\"@type\":\"WebPage\",\"@id\":\"https:\\\/\\\/www.organisator.ch\\\/en\\\/general\\\/2021-02-22\\\/neue-vizedirektorin-im-bafu\\\/\",\"url\":\"https:\\\/\\\/www.organisator.ch\\\/en\\\/general\\\/2021-02-22\\\/neue-vizedirektorin-im-bafu\\\/\",\"name\":\"Neue Vizedirektorin im Bafu - Organisator\",\"isPartOf\":{\"@id\":\"https:\\\/\\\/www.organisator.ch\\\/#website\"},\"primaryImageOfPage\":{\"@id\":\"https:\\\/\\\/www.organisator.ch\\\/en\\\/general\\\/2021-02-22\\\/neue-vizedirektorin-im-bafu\\\/#primaryimage\"},\"image\":{\"@id\":\"https:\\\/\\\/www.organisator.ch\\\/en\\\/general\\\/2021-02-22\\\/neue-vizedirektorin-im-bafu\\\/#primaryimage\"},\"thumbnailUrl\":\"https:\\\/\\\/www.organisator.ch\\\/wp-content\\\/uploads\\\/2021\\\/02\\\/65272.jpg\",\"datePublished\":\"2021-02-22T07:12:14+00:00\",\"description\":\"Die neue Vizedirektorin im Bundesamt f\u00fcr Umwelt heisst Petra Zimmermann. Sie ist Physikerin und Digitalisierungsspezialistin.\",\"breadcrumb\":{\"@id\":\"https:\\\/\\\/www.organisator.ch\\\/en\\\/general\\\/2021-02-22\\\/neue-vizedirektorin-im-bafu\\\/#breadcrumb\"},\"inLanguage\":\"de\",\"potentialAction\":[{\"@type\":\"ReadAction\",\"target\":[\"https:\\\/\\\/www.organisator.ch\\\/en\\\/general\\\/2021-02-22\\\/neue-vizedirektorin-im-bafu\\\/\"]}]},{\"@type\":\"ImageObject\",\"inLanguage\":\"de\",\"@id\":\"https:\\\/\\\/www.organisator.ch\\\/en\\\/general\\\/2021-02-22\\\/neue-vizedirektorin-im-bafu\\\/#primaryimage\",\"url\":\"https:\\\/\\\/www.organisator.ch\\\/wp-content\\\/uploads\\\/2021\\\/02\\\/65272.jpg\",\"contentUrl\":\"https:\\\/\\\/www.organisator.ch\\\/wp-content\\\/uploads\\\/2021\\\/02\\\/65272.jpg\",\"width\":1984,\"height\":2104,\"caption\":\"\u00a9 Bafu\"},{\"@type\":\"BreadcrumbList\",\"@id\":\"https:\\\/\\\/www.organisator.ch\\\/en\\\/general\\\/2021-02-22\\\/neue-vizedirektorin-im-bafu\\\/#breadcrumb\",\"itemListElement\":[{\"@type\":\"ListItem\",\"position\":1,\"name\":\"Home\",\"item\":\"https:\\\/\\\/www.organisator.ch\\\/\"},{\"@type\":\"ListItem\",\"position\":2,\"name\":\"Neue Vizedirektorin im Bafu\"}]},{\"@type\":\"WebSite\",\"@id\":\"https:\\\/\\\/www.organisator.ch\\\/#website\",\"url\":\"https:\\\/\\\/www.organisator.ch\\\/\",\"name\":\"Organisator\",\"description\":\"Kompetent. Praxisnah. Der ORGANISATOR bereitet in 10 Ausgaben pro Jahr die wesentlichen Themen f\u00fcr F\u00fchrungskr\u00e4fte von KMU auf.\",\"publisher\":{\"@id\":\"https:\\\/\\\/www.organisator.ch\\\/#organization\"},\"potentialAction\":[{\"@type\":\"SearchAction\",\"target\":{\"@type\":\"EntryPoint\",\"urlTemplate\":\"https:\\\/\\\/www.organisator.ch\\\/?s={search_term_string}\"},\"query-input\":{\"@type\":\"PropertyValueSpecification\",\"valueRequired\":true,\"valueName\":\"search_term_string\"}}],\"inLanguage\":\"de\"},{\"@type\":\"Organization\",\"@id\":\"https:\\\/\\\/www.organisator.ch\\\/#organization\",\"name\":\"Organisator\",\"url\":\"https:\\\/\\\/www.organisator.ch\\\/\",\"logo\":{\"@type\":\"ImageObject\",\"inLanguage\":\"de\",\"@id\":\"https:\\\/\\\/www.organisator.ch\\\/#\\\/schema\\\/logo\\\/image\\\/\",\"url\":\"https:\\\/\\\/www.organisator.ch\\\/wp-content\\\/uploads\\\/2022\\\/01\\\/Logo_Organisator_Website.png\",\"contentUrl\":\"https:\\\/\\\/www.organisator.ch\\\/wp-content\\\/uploads\\\/2022\\\/01\\\/Logo_Organisator_Website.png\",\"width\":800,\"height\":77,\"caption\":\"Organisator\"},\"image\":{\"@id\":\"https:\\\/\\\/www.organisator.ch\\\/#\\\/schema\\\/logo\\\/image\\\/\"},\"sameAs\":[\"https:\\\/\\\/www.facebook.com\\\/OrganisatorFachmagazin\",\"https:\\\/\\\/www.linkedin.com\\\/showcase\\\/organisator-das-magazin-fr-kmu\",\"https:\\\/\\\/www.xing.com\\\/news\\\/pages\\\/organisator-ch-695\",\"https:\\\/\\\/www.youtube.com\\\/channel\\\/UCGP2Sq0iWaZwT3BdIAQFYpw\"]},{\"@type\":\"Person\",\"@id\":\"https:\\\/\\\/www.organisator.ch\\\/#\\\/schema\\\/person\\\/a800b8c54e208b160517a7dcc323161d\",\"name\":\"roger.straessle\",\"image\":{\"@type\":\"ImageObject\",\"inLanguage\":\"de\",\"@id\":\"https:\\\/\\\/secure.gravatar.com\\\/avatar\\\/?s=96&d=mm&r=g\",\"url\":\"https:\\\/\\\/secure.gravatar.com\\\/avatar\\\/?s=96&d=mm&r=g\",\"contentUrl\":\"https:\\\/\\\/secure.gravatar.com\\\/avatar\\\/?s=96&d=mm&r=g\",\"caption\":\"roger.straessle\"},\"url\":\"https:\\\/\\\/www.organisator.ch\\\/de\\\/author\\\/roger-straessle\\\/\"}]}<\/script>\n<!-- \/ Yoast SEO plugin. -->","yoast_head_json":{"title":"Neue Vizedirektorin im Bafu - Organisator","description":"Die neue Vizedirektorin im Bundesamt f\u00fcr Umwelt heisst Petra Zimmermann. Sie ist Physikerin und Digitalisierungsspezialistin.","robots":{"index":"index","follow":"follow","max-snippet":"max-snippet:-1","max-image-preview":"max-image-preview:large","max-video-preview":"max-video-preview:-1"},"canonical":"https:\/\/www.organisator.ch\/de\/allgemein\/2021-02-22\/neue-vizedirektorin-im-bafu\/","og_locale":"de_DE","og_type":"article","og_title":"Neue Vizedirektorin im Bafu - Organisator","og_description":"Die neue Vizedirektorin im Bundesamt f\u00fcr Umwelt heisst Petra Zimmermann. Sie ist Physikerin und Digitalisierungsspezialistin.","og_url":"https:\/\/www.organisator.ch\/de\/allgemein\/2021-02-22\/neue-vizedirektorin-im-bafu\/","og_site_name":"Organisator","article_publisher":"https:\/\/www.facebook.com\/OrganisatorFachmagazin","article_published_time":"2021-02-22T07:12:14+00:00","og_image":[{"width":966,"height":1024,"url":"https:\/\/www.organisator.ch\/wp-content\/uploads\/2021\/02\/65272-966x1024.jpg","type":"image\/jpeg"}],"author":"roger.straessle","twitter_card":"summary_large_image","schema":{"@context":"https:\/\/schema.org","@graph":[{"@type":"Article","@id":"https:\/\/www.organisator.ch\/en\/general\/2021-02-22\/neue-vizedirektorin-im-bafu\/#article","isPartOf":{"@id":"https:\/\/www.organisator.ch\/en\/general\/2021-02-22\/neue-vizedirektorin-im-bafu\/"},"author":{"name":"roger.straessle","@id":"https:\/\/www.organisator.ch\/#\/schema\/person\/a800b8c54e208b160517a7dcc323161d"},"headline":"Neue Vizedirektorin im Bafu","datePublished":"2021-02-22T07:12:14+00:00","mainEntityOfPage":{"@id":"https:\/\/www.organisator.ch\/en\/general\/2021-02-22\/neue-vizedirektorin-im-bafu\/"},"wordCount":233,"publisher":{"@id":"https:\/\/www.organisator.ch\/#organization"},"image":{"@id":"https:\/\/www.organisator.ch\/en\/general\/2021-02-22\/neue-vizedirektorin-im-bafu\/#primaryimage"},"thumbnailUrl":"https:\/\/www.organisator.ch\/wp-content\/uploads\/2021\/02\/65272.jpg","keywords":["BAFU","Petra Zimmermann","Vizedirektorin"],"inLanguage":"de"},{"@type":"WebPage","@id":"https:\/\/www.organisator.ch\/en\/general\/2021-02-22\/neue-vizedirektorin-im-bafu\/","url":"https:\/\/www.organisator.ch\/en\/general\/2021-02-22\/neue-vizedirektorin-im-bafu\/","name":"Neue Vizedirektorin im Bafu - Organisator","isPartOf":{"@id":"https:\/\/www.organisator.ch\/#website"},"primaryImageOfPage":{"@id":"https:\/\/www.organisator.ch\/en\/general\/2021-02-22\/neue-vizedirektorin-im-bafu\/#primaryimage"},"image":{"@id":"https:\/\/www.organisator.ch\/en\/general\/2021-02-22\/neue-vizedirektorin-im-bafu\/#primaryimage"},"thumbnailUrl":"https:\/\/www.organisator.ch\/wp-content\/uploads\/2021\/02\/65272.jpg","datePublished":"2021-02-22T07:12:14+00:00","description":"Die neue Vizedirektorin im Bundesamt f\u00fcr Umwelt heisst Petra Zimmermann. Sie ist Physikerin und Digitalisierungsspezialistin.","breadcrumb":{"@id":"https:\/\/www.organisator.ch\/en\/general\/2021-02-22\/neue-vizedirektorin-im-bafu\/#breadcrumb"},"inLanguage":"de","potentialAction":[{"@type":"ReadAction","target":["https:\/\/www.organisator.ch\/en\/general\/2021-02-22\/neue-vizedirektorin-im-bafu\/"]}]},{"@type":"ImageObject","inLanguage":"de","@id":"https:\/\/www.organisator.ch\/en\/general\/2021-02-22\/neue-vizedirektorin-im-bafu\/#primaryimage","url":"https:\/\/www.organisator.ch\/wp-content\/uploads\/2021\/02\/65272.jpg","contentUrl":"https:\/\/www.organisator.ch\/wp-content\/uploads\/2021\/02\/65272.jpg","width":1984,"height":2104,"caption":"\u00a9 Bafu"},{"@type":"BreadcrumbList","@id":"https:\/\/www.organisator.ch\/en\/general\/2021-02-22\/neue-vizedirektorin-im-bafu\/#breadcrumb","itemListElement":[{"@type":"ListItem","position":1,"name":"Home","item":"https:\/\/www.organisator.ch\/"},{"@type":"ListItem","position":2,"name":"Neue Vizedirektorin im Bafu"}]},{"@type":"WebSite","@id":"https:\/\/www.organisator.ch\/#website","url":"https:\/\/www.organisator.ch\/","name":"Organisator","description":"Kompetent. Praxisnah. Der ORGANISATOR bereitet in 10 Ausgaben pro Jahr die wesentlichen Themen f\u00fcr F\u00fchrungskr\u00e4fte von KMU auf.","publisher":{"@id":"https:\/\/www.organisator.ch\/#organization"},"potentialAction":[{"@type":"SearchAction","target":{"@type":"EntryPoint","urlTemplate":"https:\/\/www.organisator.ch\/?s={search_term_string}"},"query-input":{"@type":"PropertyValueSpecification","valueRequired":true,"valueName":"search_term_string"}}],"inLanguage":"de"},{"@type":"Organization","@id":"https:\/\/www.organisator.ch\/#organization","name":"Organisator","url":"https:\/\/www.organisator.ch\/","logo":{"@type":"ImageObject","inLanguage":"de","@id":"https:\/\/www.organisator.ch\/#\/schema\/logo\/image\/","url":"https:\/\/www.organisator.ch\/wp-content\/uploads\/2022\/01\/Logo_Organisator_Website.png","contentUrl":"https:\/\/www.organisator.ch\/wp-content\/uploads\/2022\/01\/Logo_Organisator_Website.png","width":800,"height":77,"caption":"Organisator"},"image":{"@id":"https:\/\/www.organisator.ch\/#\/schema\/logo\/image\/"},"sameAs":["https:\/\/www.facebook.com\/OrganisatorFachmagazin","https:\/\/www.linkedin.com\/showcase\/organisator-das-magazin-fr-kmu","https:\/\/www.xing.com\/news\/pages\/organisator-ch-695","https:\/\/www.youtube.com\/channel\/UCGP2Sq0iWaZwT3BdIAQFYpw"]},{"@type":"Person","@id":"https:\/\/www.organisator.ch\/#\/schema\/person\/a800b8c54e208b160517a7dcc323161d","name":"roger.straessle","image":{"@type":"ImageObject","inLanguage":"de","@id":"https:\/\/secure.gravatar.com\/avatar\/?s=96&d=mm&r=g","url":"https:\/\/secure.gravatar.com\/avatar\/?s=96&d=mm&r=g","contentUrl":"https:\/\/secure.gravatar.com\/avatar\/?s=96&d=mm&r=g","caption":"roger.straessle"},"url":"https:\/\/www.organisator.ch\/de\/author\/roger-straessle\/"}]}},"_links":{"self":[{"href":"https:\/\/www.organisator.ch\/de\/wp-json\/wp\/v2\/posts\/10251","targetHints":{"allow":["GET"]}}],"collection":[{"href":"https:\/\/www.organisator.ch\/de\/wp-json\/wp\/v2\/posts"}],"about":[{"href":"https:\/\/www.organisator.ch\/de\/wp-json\/wp\/v2\/types\/post"}],"author":[{"embeddable":true,"href":"https:\/\/www.organisator.ch\/de\/wp-json\/wp\/v2\/users\/6"}],"replies":[{"embeddable":true,"href":"https:\/\/www.organisator.ch\/de\/wp-json\/wp\/v2\/comments?post=10251"}],"version-history":[{"count":0,"href":"https:\/\/www.organisator.ch\/de\/wp-json\/wp\/v2\/posts\/10251\/revisions"}],"wp:featuredmedia":[{"embeddable":true,"href":"https:\/\/www.organisator.ch\/de\/wp-json\/wp\/v2\/media\/9766"}],"wp:attachment":[{"href":"https:\/\/www.organisator.ch\/de\/wp-json\/wp\/v2\/media?parent=10251"}],"wp:term":[{"taxonomy":"category","embeddable":true,"href":"https:\/\/www.organisator.ch\/de\/wp-json\/wp\/v2\/categories?post=10251"},{"taxonomy":"post_tag","embeddable":true,"href":"https:\/\/www.organisator.ch\/de\/wp-json\/wp\/v2\/tags?post=10251"}],"curies":[{"name":"wp","href":"https:\/\/api.w.org\/{rel}","templated":true}]}}