{"id":10260,"date":"2021-03-19T08:00:44","date_gmt":"2021-03-19T07:00:44","guid":{"rendered":"https:\/\/www.umweltperspektiven.ch\/?p=3958"},"modified":"2022-02-09T11:06:10","modified_gmt":"2022-02-09T10:06:10","slug":"gesucht-schlaue-solarprojekte","status":"publish","type":"post","link":"https:\/\/www.organisator.ch\/de\/sustainability\/2021-03-19\/gesucht-schlaue-solarprojekte\/","title":{"rendered":"Gesucht: schlaue Solarprojekte"},"content":{"rendered":"<figure id=\"attachment_3960\" aria-describedby=\"caption-attachment-3960\" style=\"width: 513px\" class=\"wp-caption aligncenter\"><img loading=\"lazy\" decoding=\"async\" class=\"wp-image-3960 size-full\" src=\"\/\/www.umweltperspektiven.ch\/wp-content\/uploads\/2021\/03\/Solarpreis.jpg\" alt=\"Solarpreis 2021\" width=\"513\" height=\"325\" srcset=\"https:\/\/www.organisator.ch\/wp-content\/uploads\/2021\/03\/Solarpreis.jpg 513w, https:\/\/www.organisator.ch\/wp-content\/uploads\/2021\/03\/Solarpreis-18x12.jpg 18w, https:\/\/www.organisator.ch\/wp-content\/uploads\/2021\/03\/Solarpreis-276x175.jpg 276w, https:\/\/www.organisator.ch\/wp-content\/uploads\/2021\/03\/Solarpreis-300x190.jpg 300w\" sizes=\"auto, (max-width: 513px) 100vw, 513px\" \/><figcaption id=\"caption-attachment-3960\" class=\"wp-caption-text\">\u00a9 Solar Agentur Schweiz<\/figcaption><\/figure>\n<p>In der Schweiz werden immer mehr Plus-Energie-Bauten (PEB) und PEB-Mehrfamilienh\u00e4user erstellt. Dank effizienter Bauweise und solargenutzten D\u00e4chern und Fassaden decken sie den gesamten Jahresenergiebedarf f\u00fcr Warmwasser, Heizung und Strom selbst. Dazu erzeugen sie zus\u00e4tzliche CO2-freie Solarstrom\u00fcbersch\u00fcsse, die ins \u00f6ffentliche Stromnetz fliessen oder zum Aufladen der Elektrofahrzeuge genutzt werden. In den letzten Jahren wurden immer wieder Wohn- und Gesch\u00e4fts-PEB mit einer CO2-freien Eigenenergieversorgung von \u00fcber 500% bis sogar 800% mit dem Solarpreis ausgezeichnet. Diese Zahl veranschaulicht das enorme Energiepotenzial, das dank dem neusten Stand der Technik im Geb\u00e4udebereich und besonders bei Mehrfamilienh\u00e4usern ausgesch\u00f6pft werden kann.<\/p>\n<p><strong>Bewerbung bis Mitte April einreichen<\/strong><\/p>\n<p>Innovative Solarbauten und Energieanlagen sowie engagierte Pers\u00f6nlichkeiten und Institutionen, die sich besonders f\u00fcr erneuerbare Energien einsetzen, k\u00f6nnen noch bis zum 15. April 2021 angemeldet werden. Anmeldeberechtigt sind energieeffiziente Geb\u00e4ude und Anlagen (Sonnen-, Holz- und Biomasseenergie), die zwischen dem 1.1.2019 und 15.4.2021 in Betrieb genommen wurden bzw. werden. Die sch\u00f6nsten PlusEnergieBauten\u00ae werden mit dem renommierten Norman Foster Solar Award und ev. mit dem Europ\u00e4ischen Solarpreis ausgezeichnet.<\/p>\n<p>Der Schweizer Solarpreis 2021 wird in folgenden drei Kategorien im Herbst 2021 in Genf verliehen:<\/p>\n<ul>\n<li>Personen\/Institutionen: nat\u00fcrliche\/juristische Personen, Unternehmen, Gemeinden\/Kantone, \u00f6ffentliche Anstalten<\/li>\n<li>Geb\u00e4ude: Neubauten, Sanierungen und Plus-Energie-Bauten \u2013 insbesondere PEB-Mehrfamilienh\u00e4user<\/li>\n<li>Anlagen: thermische Sonnenkollektoren, Photovoltaikanlagen, Biomasse- und Umweltw\u00e4rmeanlagen<\/li>\n<\/ul>\n<p>Die Anmeldefrist f\u00fcr den Solarpreis 2021 l\u00e4uft noch bis am <strong>15. April 2021<\/strong>.<\/p>\n<p><em>Die Anmeldung\/Teilnahme ist kostenlos. Anmeldeformulare, Teilnahmebedingungen und das Solarpreis- und PEB-Reglement ist hier zu finden:\u00a0<a href=\"\/\/www.solaragentur.ch\">www.solaragentur.ch<\/a><\/em><\/p>\n<p><em>F\u00fcr weitere Ausk\u00fcnfte:\u00a0Gallus Cadonau, Gesch\u00e4ftsf\u00fchrer SAS, Renate Fleiner und Selina Jung, Mitarbeitende SAS, Tel. 044 252 40 04, info@solaragentur.ch<\/em><\/p>\n","protected":false},"excerpt":{"rendered":"<p>In der Schweiz werden immer mehr Plus-Energie-Bauten (PEB) und PEB-Mehrfamilienh\u00e4user erstellt. Dank effizienter Bauweise und solargenutzten D\u00e4chern und Fassaden decken sie den gesamten Jahresenergiebedarf f\u00fcr Warmwasser, Heizung und Strom selbst. Dazu erzeugen sie zus\u00e4tzliche CO2-freie Solarstrom\u00fcbersch\u00fcsse, die ins \u00f6ffentliche Stromnetz fliessen oder zum Aufladen der Elektrofahrzeuge genutzt werden. In den letzten Jahren wurden immer wieder [&hellip;]<\/p>\n","protected":false},"author":6,"featured_media":3960,"comment_status":"closed","ping_status":"closed","sticky":false,"template":"","format":"standard","meta":{"_acf_changed":false,"_yoast_wpseo_focuskw":"Solarpreis 2021","_yoast_wpseo_metadesc":"Bewerbungen f\u00fcr den renommierten Schweizer Solarpreis 2021 nimmt die Solar Agentur Schweiz noch bis am 15. April entgegen.","articlekey":"","footnotes":""},"categories":[580],"tags":[1931,2139,2142,2148],"class_list":["post-10260","post","type-post","status-publish","format-standard","has-post-thumbnail","hentry","category-sustainability","tag-plusenergiebauten","tag-solar-agentur-schweiz","tag-solaranlagen","tag-solarpreis-2021"],"acf":[],"yoast_head":"<!-- This site is optimized with the Yoast SEO plugin v27.4 - https:\/\/yoast.com\/product\/yoast-seo-wordpress\/ -->\n<title>Gesucht: schlaue Solarprojekte - Organisator<\/title>\n<meta name=\"description\" content=\"Bewerbungen f\u00fcr den renommierten Schweizer Solarpreis 2021 nimmt die Solar Agentur Schweiz noch bis am 15. April entgegen.\" \/>\n<meta name=\"robots\" content=\"index, follow, max-snippet:-1, max-image-preview:large, max-video-preview:-1\" \/>\n<link rel=\"canonical\" href=\"https:\/\/www.organisator.ch\/de\/sustainability\/2021-03-19\/gesucht-schlaue-solarprojekte\/\" \/>\n<meta property=\"og:locale\" content=\"de_DE\" \/>\n<meta property=\"og:type\" content=\"article\" \/>\n<meta property=\"og:title\" content=\"Gesucht: schlaue Solarprojekte - Organisator\" \/>\n<meta property=\"og:description\" content=\"Bewerbungen f\u00fcr den renommierten Schweizer Solarpreis 2021 nimmt die Solar Agentur Schweiz noch bis am 15. April entgegen.\" \/>\n<meta property=\"og:url\" content=\"https:\/\/www.organisator.ch\/de\/sustainability\/2021-03-19\/gesucht-schlaue-solarprojekte\/\" \/>\n<meta property=\"og:site_name\" content=\"Organisator\" \/>\n<meta property=\"article:publisher\" content=\"https:\/\/www.facebook.com\/OrganisatorFachmagazin\" \/>\n<meta property=\"article:published_time\" content=\"2021-03-19T07:00:44+00:00\" \/>\n<meta property=\"article:modified_time\" content=\"2022-02-09T10:06:10+00:00\" \/>\n<meta property=\"og:image\" content=\"https:\/\/www.organisator.ch\/wp-content\/uploads\/2021\/03\/Solarpreis.jpg\" \/>\n\t<meta property=\"og:image:width\" content=\"513\" \/>\n\t<meta property=\"og:image:height\" content=\"325\" \/>\n\t<meta property=\"og:image:type\" content=\"image\/jpeg\" \/>\n<meta name=\"author\" content=\"roger.straessle\" \/>\n<meta name=\"twitter:card\" content=\"summary_large_image\" \/>\n<script type=\"application\/ld+json\" class=\"yoast-schema-graph\">{\"@context\":\"https:\\\/\\\/schema.org\",\"@graph\":[{\"@type\":\"Article\",\"@id\":\"https:\\\/\\\/www.organisator.ch\\\/sustainability\\\/2021-03-19\\\/gesucht-schlaue-solarprojekte\\\/#article\",\"isPartOf\":{\"@id\":\"https:\\\/\\\/www.organisator.ch\\\/sustainability\\\/2021-03-19\\\/gesucht-schlaue-solarprojekte\\\/\"},\"author\":{\"name\":\"roger.straessle\",\"@id\":\"https:\\\/\\\/www.organisator.ch\\\/#\\\/schema\\\/person\\\/a800b8c54e208b160517a7dcc323161d\"},\"headline\":\"Gesucht: schlaue Solarprojekte\",\"datePublished\":\"2021-03-19T07:00:44+00:00\",\"dateModified\":\"2022-02-09T10:06:10+00:00\",\"mainEntityOfPage\":{\"@id\":\"https:\\\/\\\/www.organisator.ch\\\/sustainability\\\/2021-03-19\\\/gesucht-schlaue-solarprojekte\\\/\"},\"wordCount\":283,\"publisher\":{\"@id\":\"https:\\\/\\\/www.organisator.ch\\\/#organization\"},\"image\":{\"@id\":\"https:\\\/\\\/www.organisator.ch\\\/sustainability\\\/2021-03-19\\\/gesucht-schlaue-solarprojekte\\\/#primaryimage\"},\"thumbnailUrl\":\"https:\\\/\\\/www.organisator.ch\\\/wp-content\\\/uploads\\\/2021\\\/03\\\/Solarpreis.jpg\",\"keywords\":[\"PlusEnergieBauten\",\"Solar Agentur Schweiz\",\"Solaranlagen\",\"Solarpreis 2021\"],\"articleSection\":[\"SUSTAINABILITY\"],\"inLanguage\":\"de\"},{\"@type\":\"WebPage\",\"@id\":\"https:\\\/\\\/www.organisator.ch\\\/sustainability\\\/2021-03-19\\\/gesucht-schlaue-solarprojekte\\\/\",\"url\":\"https:\\\/\\\/www.organisator.ch\\\/sustainability\\\/2021-03-19\\\/gesucht-schlaue-solarprojekte\\\/\",\"name\":\"Gesucht: schlaue Solarprojekte - Organisator\",\"isPartOf\":{\"@id\":\"https:\\\/\\\/www.organisator.ch\\\/#website\"},\"primaryImageOfPage\":{\"@id\":\"https:\\\/\\\/www.organisator.ch\\\/sustainability\\\/2021-03-19\\\/gesucht-schlaue-solarprojekte\\\/#primaryimage\"},\"image\":{\"@id\":\"https:\\\/\\\/www.organisator.ch\\\/sustainability\\\/2021-03-19\\\/gesucht-schlaue-solarprojekte\\\/#primaryimage\"},\"thumbnailUrl\":\"https:\\\/\\\/www.organisator.ch\\\/wp-content\\\/uploads\\\/2021\\\/03\\\/Solarpreis.jpg\",\"datePublished\":\"2021-03-19T07:00:44+00:00\",\"dateModified\":\"2022-02-09T10:06:10+00:00\",\"description\":\"Bewerbungen f\u00fcr den renommierten Schweizer Solarpreis 2021 nimmt die Solar Agentur Schweiz noch bis am 15. April entgegen.\",\"breadcrumb\":{\"@id\":\"https:\\\/\\\/www.organisator.ch\\\/sustainability\\\/2021-03-19\\\/gesucht-schlaue-solarprojekte\\\/#breadcrumb\"},\"inLanguage\":\"de\",\"potentialAction\":[{\"@type\":\"ReadAction\",\"target\":[\"https:\\\/\\\/www.organisator.ch\\\/sustainability\\\/2021-03-19\\\/gesucht-schlaue-solarprojekte\\\/\"]}]},{\"@type\":\"ImageObject\",\"inLanguage\":\"de\",\"@id\":\"https:\\\/\\\/www.organisator.ch\\\/sustainability\\\/2021-03-19\\\/gesucht-schlaue-solarprojekte\\\/#primaryimage\",\"url\":\"https:\\\/\\\/www.organisator.ch\\\/wp-content\\\/uploads\\\/2021\\\/03\\\/Solarpreis.jpg\",\"contentUrl\":\"https:\\\/\\\/www.organisator.ch\\\/wp-content\\\/uploads\\\/2021\\\/03\\\/Solarpreis.jpg\",\"width\":513,\"height\":325,\"caption\":\"\u00a9 Solar Agentur Schweiz\"},{\"@type\":\"BreadcrumbList\",\"@id\":\"https:\\\/\\\/www.organisator.ch\\\/sustainability\\\/2021-03-19\\\/gesucht-schlaue-solarprojekte\\\/#breadcrumb\",\"itemListElement\":[{\"@type\":\"ListItem\",\"position\":1,\"name\":\"Home\",\"item\":\"https:\\\/\\\/www.organisator.ch\\\/\"},{\"@type\":\"ListItem\",\"position\":2,\"name\":\"Gesucht: schlaue Solarprojekte\"}]},{\"@type\":\"WebSite\",\"@id\":\"https:\\\/\\\/www.organisator.ch\\\/#website\",\"url\":\"https:\\\/\\\/www.organisator.ch\\\/\",\"name\":\"Organisator\",\"description\":\"Kompetent. Praxisnah. Der ORGANISATOR bereitet in 10 Ausgaben pro Jahr die wesentlichen Themen f\u00fcr F\u00fchrungskr\u00e4fte von KMU auf.\",\"publisher\":{\"@id\":\"https:\\\/\\\/www.organisator.ch\\\/#organization\"},\"potentialAction\":[{\"@type\":\"SearchAction\",\"target\":{\"@type\":\"EntryPoint\",\"urlTemplate\":\"https:\\\/\\\/www.organisator.ch\\\/?s={search_term_string}\"},\"query-input\":{\"@type\":\"PropertyValueSpecification\",\"valueRequired\":true,\"valueName\":\"search_term_string\"}}],\"inLanguage\":\"de\"},{\"@type\":\"Organization\",\"@id\":\"https:\\\/\\\/www.organisator.ch\\\/#organization\",\"name\":\"Organisator\",\"url\":\"https:\\\/\\\/www.organisator.ch\\\/\",\"logo\":{\"@type\":\"ImageObject\",\"inLanguage\":\"de\",\"@id\":\"https:\\\/\\\/www.organisator.ch\\\/#\\\/schema\\\/logo\\\/image\\\/\",\"url\":\"https:\\\/\\\/www.organisator.ch\\\/wp-content\\\/uploads\\\/2022\\\/01\\\/Logo_Organisator_Website.png\",\"contentUrl\":\"https:\\\/\\\/www.organisator.ch\\\/wp-content\\\/uploads\\\/2022\\\/01\\\/Logo_Organisator_Website.png\",\"width\":800,\"height\":77,\"caption\":\"Organisator\"},\"image\":{\"@id\":\"https:\\\/\\\/www.organisator.ch\\\/#\\\/schema\\\/logo\\\/image\\\/\"},\"sameAs\":[\"https:\\\/\\\/www.facebook.com\\\/OrganisatorFachmagazin\",\"https:\\\/\\\/www.linkedin.com\\\/showcase\\\/organisator-das-magazin-fr-kmu\",\"https:\\\/\\\/www.xing.com\\\/news\\\/pages\\\/organisator-ch-695\",\"https:\\\/\\\/www.youtube.com\\\/channel\\\/UCGP2Sq0iWaZwT3BdIAQFYpw\"]},{\"@type\":\"Person\",\"@id\":\"https:\\\/\\\/www.organisator.ch\\\/#\\\/schema\\\/person\\\/a800b8c54e208b160517a7dcc323161d\",\"name\":\"roger.straessle\",\"image\":{\"@type\":\"ImageObject\",\"inLanguage\":\"de\",\"@id\":\"https:\\\/\\\/secure.gravatar.com\\\/avatar\\\/?s=96&d=mm&r=g\",\"url\":\"https:\\\/\\\/secure.gravatar.com\\\/avatar\\\/?s=96&d=mm&r=g\",\"contentUrl\":\"https:\\\/\\\/secure.gravatar.com\\\/avatar\\\/?s=96&d=mm&r=g\",\"caption\":\"roger.straessle\"},\"url\":\"https:\\\/\\\/www.organisator.ch\\\/de\\\/author\\\/roger-straessle\\\/\"}]}<\/script>\n<!-- \/ Yoast SEO plugin. -->","yoast_head_json":{"title":"Gesucht: schlaue Solarprojekte - Organisator","description":"Bewerbungen f\u00fcr den renommierten Schweizer Solarpreis 2021 nimmt die Solar Agentur Schweiz noch bis am 15. April entgegen.","robots":{"index":"index","follow":"follow","max-snippet":"max-snippet:-1","max-image-preview":"max-image-preview:large","max-video-preview":"max-video-preview:-1"},"canonical":"https:\/\/www.organisator.ch\/de\/sustainability\/2021-03-19\/gesucht-schlaue-solarprojekte\/","og_locale":"de_DE","og_type":"article","og_title":"Gesucht: schlaue Solarprojekte - Organisator","og_description":"Bewerbungen f\u00fcr den renommierten Schweizer Solarpreis 2021 nimmt die Solar Agentur Schweiz noch bis am 15. April entgegen.","og_url":"https:\/\/www.organisator.ch\/de\/sustainability\/2021-03-19\/gesucht-schlaue-solarprojekte\/","og_site_name":"Organisator","article_publisher":"https:\/\/www.facebook.com\/OrganisatorFachmagazin","article_published_time":"2021-03-19T07:00:44+00:00","article_modified_time":"2022-02-09T10:06:10+00:00","og_image":[{"width":513,"height":325,"url":"https:\/\/www.organisator.ch\/wp-content\/uploads\/2021\/03\/Solarpreis.jpg","type":"image\/jpeg"}],"author":"roger.straessle","twitter_card":"summary_large_image","schema":{"@context":"https:\/\/schema.org","@graph":[{"@type":"Article","@id":"https:\/\/www.organisator.ch\/sustainability\/2021-03-19\/gesucht-schlaue-solarprojekte\/#article","isPartOf":{"@id":"https:\/\/www.organisator.ch\/sustainability\/2021-03-19\/gesucht-schlaue-solarprojekte\/"},"author":{"name":"roger.straessle","@id":"https:\/\/www.organisator.ch\/#\/schema\/person\/a800b8c54e208b160517a7dcc323161d"},"headline":"Gesucht: schlaue Solarprojekte","datePublished":"2021-03-19T07:00:44+00:00","dateModified":"2022-02-09T10:06:10+00:00","mainEntityOfPage":{"@id":"https:\/\/www.organisator.ch\/sustainability\/2021-03-19\/gesucht-schlaue-solarprojekte\/"},"wordCount":283,"publisher":{"@id":"https:\/\/www.organisator.ch\/#organization"},"image":{"@id":"https:\/\/www.organisator.ch\/sustainability\/2021-03-19\/gesucht-schlaue-solarprojekte\/#primaryimage"},"thumbnailUrl":"https:\/\/www.organisator.ch\/wp-content\/uploads\/2021\/03\/Solarpreis.jpg","keywords":["PlusEnergieBauten","Solar Agentur Schweiz","Solaranlagen","Solarpreis 2021"],"articleSection":["SUSTAINABILITY"],"inLanguage":"de"},{"@type":"WebPage","@id":"https:\/\/www.organisator.ch\/sustainability\/2021-03-19\/gesucht-schlaue-solarprojekte\/","url":"https:\/\/www.organisator.ch\/sustainability\/2021-03-19\/gesucht-schlaue-solarprojekte\/","name":"Gesucht: schlaue Solarprojekte - Organisator","isPartOf":{"@id":"https:\/\/www.organisator.ch\/#website"},"primaryImageOfPage":{"@id":"https:\/\/www.organisator.ch\/sustainability\/2021-03-19\/gesucht-schlaue-solarprojekte\/#primaryimage"},"image":{"@id":"https:\/\/www.organisator.ch\/sustainability\/2021-03-19\/gesucht-schlaue-solarprojekte\/#primaryimage"},"thumbnailUrl":"https:\/\/www.organisator.ch\/wp-content\/uploads\/2021\/03\/Solarpreis.jpg","datePublished":"2021-03-19T07:00:44+00:00","dateModified":"2022-02-09T10:06:10+00:00","description":"Bewerbungen f\u00fcr den renommierten Schweizer Solarpreis 2021 nimmt die Solar Agentur Schweiz noch bis am 15. April entgegen.","breadcrumb":{"@id":"https:\/\/www.organisator.ch\/sustainability\/2021-03-19\/gesucht-schlaue-solarprojekte\/#breadcrumb"},"inLanguage":"de","potentialAction":[{"@type":"ReadAction","target":["https:\/\/www.organisator.ch\/sustainability\/2021-03-19\/gesucht-schlaue-solarprojekte\/"]}]},{"@type":"ImageObject","inLanguage":"de","@id":"https:\/\/www.organisator.ch\/sustainability\/2021-03-19\/gesucht-schlaue-solarprojekte\/#primaryimage","url":"https:\/\/www.organisator.ch\/wp-content\/uploads\/2021\/03\/Solarpreis.jpg","contentUrl":"https:\/\/www.organisator.ch\/wp-content\/uploads\/2021\/03\/Solarpreis.jpg","width":513,"height":325,"caption":"\u00a9 Solar Agentur Schweiz"},{"@type":"BreadcrumbList","@id":"https:\/\/www.organisator.ch\/sustainability\/2021-03-19\/gesucht-schlaue-solarprojekte\/#breadcrumb","itemListElement":[{"@type":"ListItem","position":1,"name":"Home","item":"https:\/\/www.organisator.ch\/"},{"@type":"ListItem","position":2,"name":"Gesucht: schlaue Solarprojekte"}]},{"@type":"WebSite","@id":"https:\/\/www.organisator.ch\/#website","url":"https:\/\/www.organisator.ch\/","name":"Organisator","description":"Kompetent. Praxisnah. Der ORGANISATOR bereitet in 10 Ausgaben pro Jahr die wesentlichen Themen f\u00fcr F\u00fchrungskr\u00e4fte von KMU auf.","publisher":{"@id":"https:\/\/www.organisator.ch\/#organization"},"potentialAction":[{"@type":"SearchAction","target":{"@type":"EntryPoint","urlTemplate":"https:\/\/www.organisator.ch\/?s={search_term_string}"},"query-input":{"@type":"PropertyValueSpecification","valueRequired":true,"valueName":"search_term_string"}}],"inLanguage":"de"},{"@type":"Organization","@id":"https:\/\/www.organisator.ch\/#organization","name":"Organisator","url":"https:\/\/www.organisator.ch\/","logo":{"@type":"ImageObject","inLanguage":"de","@id":"https:\/\/www.organisator.ch\/#\/schema\/logo\/image\/","url":"https:\/\/www.organisator.ch\/wp-content\/uploads\/2022\/01\/Logo_Organisator_Website.png","contentUrl":"https:\/\/www.organisator.ch\/wp-content\/uploads\/2022\/01\/Logo_Organisator_Website.png","width":800,"height":77,"caption":"Organisator"},"image":{"@id":"https:\/\/www.organisator.ch\/#\/schema\/logo\/image\/"},"sameAs":["https:\/\/www.facebook.com\/OrganisatorFachmagazin","https:\/\/www.linkedin.com\/showcase\/organisator-das-magazin-fr-kmu","https:\/\/www.xing.com\/news\/pages\/organisator-ch-695","https:\/\/www.youtube.com\/channel\/UCGP2Sq0iWaZwT3BdIAQFYpw"]},{"@type":"Person","@id":"https:\/\/www.organisator.ch\/#\/schema\/person\/a800b8c54e208b160517a7dcc323161d","name":"roger.straessle","image":{"@type":"ImageObject","inLanguage":"de","@id":"https:\/\/secure.gravatar.com\/avatar\/?s=96&d=mm&r=g","url":"https:\/\/secure.gravatar.com\/avatar\/?s=96&d=mm&r=g","contentUrl":"https:\/\/secure.gravatar.com\/avatar\/?s=96&d=mm&r=g","caption":"roger.straessle"},"url":"https:\/\/www.organisator.ch\/de\/author\/roger-straessle\/"}]}},"_links":{"self":[{"href":"https:\/\/www.organisator.ch\/de\/wp-json\/wp\/v2\/posts\/10260","targetHints":{"allow":["GET"]}}],"collection":[{"href":"https:\/\/www.organisator.ch\/de\/wp-json\/wp\/v2\/posts"}],"about":[{"href":"https:\/\/www.organisator.ch\/de\/wp-json\/wp\/v2\/types\/post"}],"author":[{"embeddable":true,"href":"https:\/\/www.organisator.ch\/de\/wp-json\/wp\/v2\/users\/6"}],"replies":[{"embeddable":true,"href":"https:\/\/www.organisator.ch\/de\/wp-json\/wp\/v2\/comments?post=10260"}],"version-history":[{"count":1,"href":"https:\/\/www.organisator.ch\/de\/wp-json\/wp\/v2\/posts\/10260\/revisions"}],"predecessor-version":[{"id":10493,"href":"https:\/\/www.organisator.ch\/de\/wp-json\/wp\/v2\/posts\/10260\/revisions\/10493"}],"wp:featuredmedia":[{"embeddable":true,"href":"https:\/\/www.organisator.ch\/de\/wp-json\/wp\/v2\/media\/3960"}],"wp:attachment":[{"href":"https:\/\/www.organisator.ch\/de\/wp-json\/wp\/v2\/media?parent=10260"}],"wp:term":[{"taxonomy":"category","embeddable":true,"href":"https:\/\/www.organisator.ch\/de\/wp-json\/wp\/v2\/categories?post=10260"},{"taxonomy":"post_tag","embeddable":true,"href":"https:\/\/www.organisator.ch\/de\/wp-json\/wp\/v2\/tags?post=10260"}],"curies":[{"name":"wp","href":"https:\/\/api.w.org\/{rel}","templated":true}]}}