{"id":10261,"date":"2021-03-19T09:06:11","date_gmt":"2021-03-19T08:06:11","guid":{"rendered":"https:\/\/www.umweltperspektiven.ch\/?p=3968"},"modified":"2022-02-09T11:06:10","modified_gmt":"2022-02-09T10:06:10","slug":"kilometerkosten-e-autos-guenstiger-als-verbrenner","status":"publish","type":"post","link":"https:\/\/www.organisator.ch\/de\/sustainability\/2021-03-19\/kilometerkosten-e-autos-guenstiger-als-verbrenner\/","title":{"rendered":"Km-Kosten: Elektroautos g\u00fcnstiger als Verbrenner"},"content":{"rendered":"<figure id=\"attachment_3969\" aria-describedby=\"caption-attachment-3969\" style=\"width: 680px\" class=\"wp-caption aligncenter\"><img loading=\"lazy\" decoding=\"async\" class=\"size-medium wp-image-3969\" src=\"\/\/www.umweltperspektiven.ch\/wp-content\/uploads\/2021\/03\/Auto.jpg\" alt=\"\" width=\"680\" height=\"475\" \/><figcaption id=\"caption-attachment-3969\" class=\"wp-caption-text\">\u00a9 TCS<\/figcaption><\/figure>\n<p>Die Kilometerkosten f\u00fcr das TCS-Durchschnittsfahrzeug (Benziner, Kaufpreis 35\u2018000 Fr. und 15\u2018000 Kilometer Jahreslaufleistung) sinken 2021 um einen Rappen gegen\u00fcber dem Vorjahr und liegen bei 70 Rappen pro Kilometer. Dies zeigt die j\u00e4hrliche Kilometerkostenberechnung des TCS.<\/p>\n<p><strong>Elektrofahrzeuge lohnen sich<\/strong><\/p>\n<p>Die geringeren Treibstoff- und Servicekosten der Elektrofahrzeuge, kumuliert \u00fcber zehn Jahre Nutzungsdauer, kompensieren ab einer gewissen Kilometerleistung die etwas h\u00f6heren Neupreise f\u00fcr E-Fahrzeuge, wie der TCS schreibt. Je h\u00f6her die Laufleistung sei, umso gr\u00f6sser das Einsparpotenzial der Treibstoffkosten bei E-Fahrzeugen. Im Vergleich zum Vorjahr falle diese Differenz kleiner aus,<\/p>\n<ul>\n<li>da mit Stromkosten von 0,2 Fr.\/kWh (Vorjahr 0,15 Fr.\/kWh),<\/li>\n<li>Benzinkosten von 1,45 Fr.\/Liter (Vorjahr 1,61 Fr.\/Liter),<\/li>\n<li>Dieselkosten von 1,53 Fr.\/Liter (Vorjahr 1,73 Fr.\/Liter)<\/li>\n<\/ul>\n<p>gerechnet wurde.<\/p>\n<p><em>Hier geht es zu den Gesamtkosten (Berechnung der TCO, also\u00a0 den Total Cost of Ownership\/ Gesamtkosten) der f\u00fcnf meistverkauften Verbrenner-PW und Elektroautos des Jahres 2020 (Berechnung f\u00fcr 75&#8217;000, 150&#8217;000 und 300&#8217;000 km):\u00a0<a href=\"\/\/www.umweltperspektiven.ch\/wp-content\/uploads\/2021\/03\/tab-top-5.pdf\">tab-top-5<\/a><\/em><\/p>\n<p><em>Die ungef\u00e4hren Kilometerkosten 2021 f\u00fcr jedes beliebige Fahrzeug k\u00f6nnen unter\u00a0<a href=\"\/\/www.tcs.ch\/mam\/Digital-Media\/PDF\/Booklets\/kilometerkosten.pdf\">www.tcs.ch<\/a>\u00a0eingesehen oder mit der\u00a0<a href=\"\/\/www.tcs.ch\/de\/testberichte-ratgeber\/ratgeber\/fahrzeug-kaufen-verkaufen\/autosuche-vergleich.php\">TCS Autosuche<\/a>\u00a0berechnet werden.<\/em><\/p>\n<p><em>Hier geht es zur Autoumweltliste des VCS: <a href=\"\/\/www.autoumweltliste.ch\">www.autoumweltliste.ch<\/a><\/em><\/p>\n<p><em>Weitere Themen zur Elektromobilit\u00e4t hier:\u00a0<\/em><em><a href=\"\/\/www.umweltperspektiven.ch\/roadmap-elektromobilitaet-ch-drei-vorschlaege\/\">Roadmap Elektromobilit\u00e4t CH: drei Vorschl\u00e4ge<\/a><\/em><\/p>\n<p>&nbsp;<\/p>\n<blockquote><p>Echtzeit-Daten von www.ich-tanke-strom.ch<\/p>\n<p>Die \u00f6ffentliche Ladeinfrastruktur f\u00fcr Elektrofahrzeuge in der Schweiz wird stetig ausgebaut. Um diese Entwicklung zu dokumentieren, wertet das Bundesamt f\u00fcr Energie die Echtzeit-Daten von www.ich-tanke-strom.ch regelm\u00e4ssig aus und leitet daraus Kennzahlen zur \u00f6ffentlichen Ladeinfrastruktur in der Schweiz ab. Diese Kennzahlen stehen als nun als Open Data zur freien Verf\u00fcgung und sind als Datenvisualisierung auf <a href=\"\/\/www.ich-tanke-strom.ch\/kennzahlen\">www.ich-tanke-strom.ch\/kennzahlen<\/a> einsehbar, wie das Bundesamt f\u00fcr Energie schreibt.<\/p><\/blockquote>\n<p>&nbsp;<\/p>\n<p>&nbsp;<\/p>\n","protected":false},"excerpt":{"rendered":"<p>Die Kilometerkosten f\u00fcr das TCS-Durchschnittsfahrzeug (Benziner, Kaufpreis 35\u2018000 Fr. und 15\u2018000 Kilometer Jahreslaufleistung) sinken 2021 um einen Rappen gegen\u00fcber dem Vorjahr und liegen bei 70 Rappen pro Kilometer. Dies zeigt die j\u00e4hrliche Kilometerkostenberechnung des TCS. Elektrofahrzeuge lohnen sich Die geringeren Treibstoff- und Servicekosten der Elektrofahrzeuge, kumuliert \u00fcber zehn Jahre Nutzungsdauer, kompensieren ab einer gewissen Kilometerleistung [&hellip;]<\/p>\n","protected":false},"author":6,"featured_media":9777,"comment_status":"closed","ping_status":"closed","sticky":false,"template":"","format":"standard","meta":{"_acf_changed":false,"_yoast_wpseo_focuskw":"Kilometerkosten","_yoast_wpseo_metadesc":"Die durchschnittlichen Kilometerkosten liegen gem\u00e4ss TCS-Berechnung 2021 pro Kilometer um einen Rappen tiefer als im Vorjahr","articlekey":"","footnotes":""},"categories":[580],"tags":[1035,354,2287],"class_list":["post-10261","post","type-post","status-publish","format-standard","has-post-thumbnail","hentry","category-sustainability","tag-elektrofahrzeug","tag-mobilitaet","tag-tcs"],"acf":[],"yoast_head":"<!-- This site is optimized with the Yoast SEO plugin v27.4 - https:\/\/yoast.com\/product\/yoast-seo-wordpress\/ -->\n<title>Km-Kosten: Elektroautos g\u00fcnstiger als Verbrenner - Organisator<\/title>\n<meta name=\"description\" content=\"Die durchschnittlichen Kilometerkosten liegen gem\u00e4ss TCS-Berechnung 2021 pro Kilometer um einen Rappen tiefer als im Vorjahr\" \/>\n<meta name=\"robots\" content=\"index, follow, max-snippet:-1, max-image-preview:large, max-video-preview:-1\" \/>\n<link rel=\"canonical\" href=\"https:\/\/www.organisator.ch\/de\/sustainability\/2021-03-19\/kilometerkosten-e-autos-guenstiger-als-verbrenner\/\" \/>\n<meta property=\"og:locale\" content=\"de_DE\" \/>\n<meta property=\"og:type\" content=\"article\" \/>\n<meta property=\"og:title\" content=\"Km-Kosten: Elektroautos g\u00fcnstiger als Verbrenner - Organisator\" \/>\n<meta property=\"og:description\" content=\"Die durchschnittlichen Kilometerkosten liegen gem\u00e4ss TCS-Berechnung 2021 pro Kilometer um einen Rappen tiefer als im Vorjahr\" \/>\n<meta property=\"og:url\" content=\"https:\/\/www.organisator.ch\/de\/sustainability\/2021-03-19\/kilometerkosten-e-autos-guenstiger-als-verbrenner\/\" \/>\n<meta property=\"og:site_name\" content=\"Organisator\" \/>\n<meta property=\"article:publisher\" content=\"https:\/\/www.facebook.com\/OrganisatorFachmagazin\" \/>\n<meta property=\"article:published_time\" content=\"2021-03-19T08:06:11+00:00\" \/>\n<meta property=\"article:modified_time\" content=\"2022-02-09T10:06:10+00:00\" \/>\n<meta property=\"og:image\" content=\"https:\/\/www.organisator.ch\/wp-content\/uploads\/2021\/03\/Auto.jpg\" \/>\n\t<meta property=\"og:image:width\" content=\"803\" \/>\n\t<meta property=\"og:image:height\" content=\"561\" \/>\n\t<meta property=\"og:image:type\" content=\"image\/jpeg\" \/>\n<meta name=\"author\" content=\"roger.straessle\" \/>\n<meta name=\"twitter:card\" content=\"summary_large_image\" \/>\n<script type=\"application\/ld+json\" class=\"yoast-schema-graph\">{\"@context\":\"https:\\\/\\\/schema.org\",\"@graph\":[{\"@type\":\"Article\",\"@id\":\"https:\\\/\\\/www.organisator.ch\\\/sustainability\\\/2021-03-19\\\/kilometerkosten-e-autos-guenstiger-als-verbrenner\\\/#article\",\"isPartOf\":{\"@id\":\"https:\\\/\\\/www.organisator.ch\\\/sustainability\\\/2021-03-19\\\/kilometerkosten-e-autos-guenstiger-als-verbrenner\\\/\"},\"author\":{\"name\":\"roger.straessle\",\"@id\":\"https:\\\/\\\/www.organisator.ch\\\/#\\\/schema\\\/person\\\/a800b8c54e208b160517a7dcc323161d\"},\"headline\":\"Km-Kosten: Elektroautos g\u00fcnstiger als Verbrenner\",\"datePublished\":\"2021-03-19T08:06:11+00:00\",\"dateModified\":\"2022-02-09T10:06:10+00:00\",\"mainEntityOfPage\":{\"@id\":\"https:\\\/\\\/www.organisator.ch\\\/sustainability\\\/2021-03-19\\\/kilometerkosten-e-autos-guenstiger-als-verbrenner\\\/\"},\"wordCount\":286,\"publisher\":{\"@id\":\"https:\\\/\\\/www.organisator.ch\\\/#organization\"},\"image\":{\"@id\":\"https:\\\/\\\/www.organisator.ch\\\/sustainability\\\/2021-03-19\\\/kilometerkosten-e-autos-guenstiger-als-verbrenner\\\/#primaryimage\"},\"thumbnailUrl\":\"https:\\\/\\\/www.organisator.ch\\\/wp-content\\\/uploads\\\/2021\\\/03\\\/Auto.jpg\",\"keywords\":[\"Elektrofahrzeug\",\"Mobilit\u00e4t\",\"TCS\"],\"articleSection\":[\"SUSTAINABILITY\"],\"inLanguage\":\"de\"},{\"@type\":\"WebPage\",\"@id\":\"https:\\\/\\\/www.organisator.ch\\\/sustainability\\\/2021-03-19\\\/kilometerkosten-e-autos-guenstiger-als-verbrenner\\\/\",\"url\":\"https:\\\/\\\/www.organisator.ch\\\/sustainability\\\/2021-03-19\\\/kilometerkosten-e-autos-guenstiger-als-verbrenner\\\/\",\"name\":\"Km-Kosten: Elektroautos g\u00fcnstiger als Verbrenner - Organisator\",\"isPartOf\":{\"@id\":\"https:\\\/\\\/www.organisator.ch\\\/#website\"},\"primaryImageOfPage\":{\"@id\":\"https:\\\/\\\/www.organisator.ch\\\/sustainability\\\/2021-03-19\\\/kilometerkosten-e-autos-guenstiger-als-verbrenner\\\/#primaryimage\"},\"image\":{\"@id\":\"https:\\\/\\\/www.organisator.ch\\\/sustainability\\\/2021-03-19\\\/kilometerkosten-e-autos-guenstiger-als-verbrenner\\\/#primaryimage\"},\"thumbnailUrl\":\"https:\\\/\\\/www.organisator.ch\\\/wp-content\\\/uploads\\\/2021\\\/03\\\/Auto.jpg\",\"datePublished\":\"2021-03-19T08:06:11+00:00\",\"dateModified\":\"2022-02-09T10:06:10+00:00\",\"description\":\"Die durchschnittlichen Kilometerkosten liegen gem\u00e4ss TCS-Berechnung 2021 pro Kilometer um einen Rappen tiefer als im Vorjahr\",\"breadcrumb\":{\"@id\":\"https:\\\/\\\/www.organisator.ch\\\/sustainability\\\/2021-03-19\\\/kilometerkosten-e-autos-guenstiger-als-verbrenner\\\/#breadcrumb\"},\"inLanguage\":\"de\",\"potentialAction\":[{\"@type\":\"ReadAction\",\"target\":[\"https:\\\/\\\/www.organisator.ch\\\/sustainability\\\/2021-03-19\\\/kilometerkosten-e-autos-guenstiger-als-verbrenner\\\/\"]}]},{\"@type\":\"ImageObject\",\"inLanguage\":\"de\",\"@id\":\"https:\\\/\\\/www.organisator.ch\\\/sustainability\\\/2021-03-19\\\/kilometerkosten-e-autos-guenstiger-als-verbrenner\\\/#primaryimage\",\"url\":\"https:\\\/\\\/www.organisator.ch\\\/wp-content\\\/uploads\\\/2021\\\/03\\\/Auto.jpg\",\"contentUrl\":\"https:\\\/\\\/www.organisator.ch\\\/wp-content\\\/uploads\\\/2021\\\/03\\\/Auto.jpg\",\"width\":803,\"height\":561,\"caption\":\"\u00a9 TCS\"},{\"@type\":\"BreadcrumbList\",\"@id\":\"https:\\\/\\\/www.organisator.ch\\\/sustainability\\\/2021-03-19\\\/kilometerkosten-e-autos-guenstiger-als-verbrenner\\\/#breadcrumb\",\"itemListElement\":[{\"@type\":\"ListItem\",\"position\":1,\"name\":\"Home\",\"item\":\"https:\\\/\\\/www.organisator.ch\\\/\"},{\"@type\":\"ListItem\",\"position\":2,\"name\":\"Km-Kosten: Elektroautos g\u00fcnstiger als Verbrenner\"}]},{\"@type\":\"WebSite\",\"@id\":\"https:\\\/\\\/www.organisator.ch\\\/#website\",\"url\":\"https:\\\/\\\/www.organisator.ch\\\/\",\"name\":\"Organisator\",\"description\":\"Kompetent. Praxisnah. Der ORGANISATOR bereitet in 10 Ausgaben pro Jahr die wesentlichen Themen f\u00fcr F\u00fchrungskr\u00e4fte von KMU auf.\",\"publisher\":{\"@id\":\"https:\\\/\\\/www.organisator.ch\\\/#organization\"},\"potentialAction\":[{\"@type\":\"SearchAction\",\"target\":{\"@type\":\"EntryPoint\",\"urlTemplate\":\"https:\\\/\\\/www.organisator.ch\\\/?s={search_term_string}\"},\"query-input\":{\"@type\":\"PropertyValueSpecification\",\"valueRequired\":true,\"valueName\":\"search_term_string\"}}],\"inLanguage\":\"de\"},{\"@type\":\"Organization\",\"@id\":\"https:\\\/\\\/www.organisator.ch\\\/#organization\",\"name\":\"Organisator\",\"url\":\"https:\\\/\\\/www.organisator.ch\\\/\",\"logo\":{\"@type\":\"ImageObject\",\"inLanguage\":\"de\",\"@id\":\"https:\\\/\\\/www.organisator.ch\\\/#\\\/schema\\\/logo\\\/image\\\/\",\"url\":\"https:\\\/\\\/www.organisator.ch\\\/wp-content\\\/uploads\\\/2022\\\/01\\\/Logo_Organisator_Website.png\",\"contentUrl\":\"https:\\\/\\\/www.organisator.ch\\\/wp-content\\\/uploads\\\/2022\\\/01\\\/Logo_Organisator_Website.png\",\"width\":800,\"height\":77,\"caption\":\"Organisator\"},\"image\":{\"@id\":\"https:\\\/\\\/www.organisator.ch\\\/#\\\/schema\\\/logo\\\/image\\\/\"},\"sameAs\":[\"https:\\\/\\\/www.facebook.com\\\/OrganisatorFachmagazin\",\"https:\\\/\\\/www.linkedin.com\\\/showcase\\\/organisator-das-magazin-fr-kmu\",\"https:\\\/\\\/www.xing.com\\\/news\\\/pages\\\/organisator-ch-695\",\"https:\\\/\\\/www.youtube.com\\\/channel\\\/UCGP2Sq0iWaZwT3BdIAQFYpw\"]},{\"@type\":\"Person\",\"@id\":\"https:\\\/\\\/www.organisator.ch\\\/#\\\/schema\\\/person\\\/a800b8c54e208b160517a7dcc323161d\",\"name\":\"roger.straessle\",\"image\":{\"@type\":\"ImageObject\",\"inLanguage\":\"de\",\"@id\":\"https:\\\/\\\/secure.gravatar.com\\\/avatar\\\/?s=96&d=mm&r=g\",\"url\":\"https:\\\/\\\/secure.gravatar.com\\\/avatar\\\/?s=96&d=mm&r=g\",\"contentUrl\":\"https:\\\/\\\/secure.gravatar.com\\\/avatar\\\/?s=96&d=mm&r=g\",\"caption\":\"roger.straessle\"},\"url\":\"https:\\\/\\\/www.organisator.ch\\\/de\\\/author\\\/roger-straessle\\\/\"}]}<\/script>\n<!-- \/ Yoast SEO plugin. -->","yoast_head_json":{"title":"Km-Kosten: Elektroautos g\u00fcnstiger als Verbrenner - Organisator","description":"Die durchschnittlichen Kilometerkosten liegen gem\u00e4ss TCS-Berechnung 2021 pro Kilometer um einen Rappen tiefer als im Vorjahr","robots":{"index":"index","follow":"follow","max-snippet":"max-snippet:-1","max-image-preview":"max-image-preview:large","max-video-preview":"max-video-preview:-1"},"canonical":"https:\/\/www.organisator.ch\/de\/sustainability\/2021-03-19\/kilometerkosten-e-autos-guenstiger-als-verbrenner\/","og_locale":"de_DE","og_type":"article","og_title":"Km-Kosten: Elektroautos g\u00fcnstiger als Verbrenner - Organisator","og_description":"Die durchschnittlichen Kilometerkosten liegen gem\u00e4ss TCS-Berechnung 2021 pro Kilometer um einen Rappen tiefer als im Vorjahr","og_url":"https:\/\/www.organisator.ch\/de\/sustainability\/2021-03-19\/kilometerkosten-e-autos-guenstiger-als-verbrenner\/","og_site_name":"Organisator","article_publisher":"https:\/\/www.facebook.com\/OrganisatorFachmagazin","article_published_time":"2021-03-19T08:06:11+00:00","article_modified_time":"2022-02-09T10:06:10+00:00","og_image":[{"width":803,"height":561,"url":"https:\/\/www.organisator.ch\/wp-content\/uploads\/2021\/03\/Auto.jpg","type":"image\/jpeg"}],"author":"roger.straessle","twitter_card":"summary_large_image","schema":{"@context":"https:\/\/schema.org","@graph":[{"@type":"Article","@id":"https:\/\/www.organisator.ch\/sustainability\/2021-03-19\/kilometerkosten-e-autos-guenstiger-als-verbrenner\/#article","isPartOf":{"@id":"https:\/\/www.organisator.ch\/sustainability\/2021-03-19\/kilometerkosten-e-autos-guenstiger-als-verbrenner\/"},"author":{"name":"roger.straessle","@id":"https:\/\/www.organisator.ch\/#\/schema\/person\/a800b8c54e208b160517a7dcc323161d"},"headline":"Km-Kosten: Elektroautos g\u00fcnstiger als Verbrenner","datePublished":"2021-03-19T08:06:11+00:00","dateModified":"2022-02-09T10:06:10+00:00","mainEntityOfPage":{"@id":"https:\/\/www.organisator.ch\/sustainability\/2021-03-19\/kilometerkosten-e-autos-guenstiger-als-verbrenner\/"},"wordCount":286,"publisher":{"@id":"https:\/\/www.organisator.ch\/#organization"},"image":{"@id":"https:\/\/www.organisator.ch\/sustainability\/2021-03-19\/kilometerkosten-e-autos-guenstiger-als-verbrenner\/#primaryimage"},"thumbnailUrl":"https:\/\/www.organisator.ch\/wp-content\/uploads\/2021\/03\/Auto.jpg","keywords":["Elektrofahrzeug","Mobilit\u00e4t","TCS"],"articleSection":["SUSTAINABILITY"],"inLanguage":"de"},{"@type":"WebPage","@id":"https:\/\/www.organisator.ch\/sustainability\/2021-03-19\/kilometerkosten-e-autos-guenstiger-als-verbrenner\/","url":"https:\/\/www.organisator.ch\/sustainability\/2021-03-19\/kilometerkosten-e-autos-guenstiger-als-verbrenner\/","name":"Km-Kosten: Elektroautos g\u00fcnstiger als Verbrenner - Organisator","isPartOf":{"@id":"https:\/\/www.organisator.ch\/#website"},"primaryImageOfPage":{"@id":"https:\/\/www.organisator.ch\/sustainability\/2021-03-19\/kilometerkosten-e-autos-guenstiger-als-verbrenner\/#primaryimage"},"image":{"@id":"https:\/\/www.organisator.ch\/sustainability\/2021-03-19\/kilometerkosten-e-autos-guenstiger-als-verbrenner\/#primaryimage"},"thumbnailUrl":"https:\/\/www.organisator.ch\/wp-content\/uploads\/2021\/03\/Auto.jpg","datePublished":"2021-03-19T08:06:11+00:00","dateModified":"2022-02-09T10:06:10+00:00","description":"Die durchschnittlichen Kilometerkosten liegen gem\u00e4ss TCS-Berechnung 2021 pro Kilometer um einen Rappen tiefer als im Vorjahr","breadcrumb":{"@id":"https:\/\/www.organisator.ch\/sustainability\/2021-03-19\/kilometerkosten-e-autos-guenstiger-als-verbrenner\/#breadcrumb"},"inLanguage":"de","potentialAction":[{"@type":"ReadAction","target":["https:\/\/www.organisator.ch\/sustainability\/2021-03-19\/kilometerkosten-e-autos-guenstiger-als-verbrenner\/"]}]},{"@type":"ImageObject","inLanguage":"de","@id":"https:\/\/www.organisator.ch\/sustainability\/2021-03-19\/kilometerkosten-e-autos-guenstiger-als-verbrenner\/#primaryimage","url":"https:\/\/www.organisator.ch\/wp-content\/uploads\/2021\/03\/Auto.jpg","contentUrl":"https:\/\/www.organisator.ch\/wp-content\/uploads\/2021\/03\/Auto.jpg","width":803,"height":561,"caption":"\u00a9 TCS"},{"@type":"BreadcrumbList","@id":"https:\/\/www.organisator.ch\/sustainability\/2021-03-19\/kilometerkosten-e-autos-guenstiger-als-verbrenner\/#breadcrumb","itemListElement":[{"@type":"ListItem","position":1,"name":"Home","item":"https:\/\/www.organisator.ch\/"},{"@type":"ListItem","position":2,"name":"Km-Kosten: Elektroautos g\u00fcnstiger als Verbrenner"}]},{"@type":"WebSite","@id":"https:\/\/www.organisator.ch\/#website","url":"https:\/\/www.organisator.ch\/","name":"Organisator","description":"Kompetent. Praxisnah. Der ORGANISATOR bereitet in 10 Ausgaben pro Jahr die wesentlichen Themen f\u00fcr F\u00fchrungskr\u00e4fte von KMU auf.","publisher":{"@id":"https:\/\/www.organisator.ch\/#organization"},"potentialAction":[{"@type":"SearchAction","target":{"@type":"EntryPoint","urlTemplate":"https:\/\/www.organisator.ch\/?s={search_term_string}"},"query-input":{"@type":"PropertyValueSpecification","valueRequired":true,"valueName":"search_term_string"}}],"inLanguage":"de"},{"@type":"Organization","@id":"https:\/\/www.organisator.ch\/#organization","name":"Organisator","url":"https:\/\/www.organisator.ch\/","logo":{"@type":"ImageObject","inLanguage":"de","@id":"https:\/\/www.organisator.ch\/#\/schema\/logo\/image\/","url":"https:\/\/www.organisator.ch\/wp-content\/uploads\/2022\/01\/Logo_Organisator_Website.png","contentUrl":"https:\/\/www.organisator.ch\/wp-content\/uploads\/2022\/01\/Logo_Organisator_Website.png","width":800,"height":77,"caption":"Organisator"},"image":{"@id":"https:\/\/www.organisator.ch\/#\/schema\/logo\/image\/"},"sameAs":["https:\/\/www.facebook.com\/OrganisatorFachmagazin","https:\/\/www.linkedin.com\/showcase\/organisator-das-magazin-fr-kmu","https:\/\/www.xing.com\/news\/pages\/organisator-ch-695","https:\/\/www.youtube.com\/channel\/UCGP2Sq0iWaZwT3BdIAQFYpw"]},{"@type":"Person","@id":"https:\/\/www.organisator.ch\/#\/schema\/person\/a800b8c54e208b160517a7dcc323161d","name":"roger.straessle","image":{"@type":"ImageObject","inLanguage":"de","@id":"https:\/\/secure.gravatar.com\/avatar\/?s=96&d=mm&r=g","url":"https:\/\/secure.gravatar.com\/avatar\/?s=96&d=mm&r=g","contentUrl":"https:\/\/secure.gravatar.com\/avatar\/?s=96&d=mm&r=g","caption":"roger.straessle"},"url":"https:\/\/www.organisator.ch\/de\/author\/roger-straessle\/"}]}},"_links":{"self":[{"href":"https:\/\/www.organisator.ch\/de\/wp-json\/wp\/v2\/posts\/10261","targetHints":{"allow":["GET"]}}],"collection":[{"href":"https:\/\/www.organisator.ch\/de\/wp-json\/wp\/v2\/posts"}],"about":[{"href":"https:\/\/www.organisator.ch\/de\/wp-json\/wp\/v2\/types\/post"}],"author":[{"embeddable":true,"href":"https:\/\/www.organisator.ch\/de\/wp-json\/wp\/v2\/users\/6"}],"replies":[{"embeddable":true,"href":"https:\/\/www.organisator.ch\/de\/wp-json\/wp\/v2\/comments?post=10261"}],"version-history":[{"count":1,"href":"https:\/\/www.organisator.ch\/de\/wp-json\/wp\/v2\/posts\/10261\/revisions"}],"predecessor-version":[{"id":10492,"href":"https:\/\/www.organisator.ch\/de\/wp-json\/wp\/v2\/posts\/10261\/revisions\/10492"}],"wp:featuredmedia":[{"embeddable":true,"href":"https:\/\/www.organisator.ch\/de\/wp-json\/wp\/v2\/media\/9777"}],"wp:attachment":[{"href":"https:\/\/www.organisator.ch\/de\/wp-json\/wp\/v2\/media?parent=10261"}],"wp:term":[{"taxonomy":"category","embeddable":true,"href":"https:\/\/www.organisator.ch\/de\/wp-json\/wp\/v2\/categories?post=10261"},{"taxonomy":"post_tag","embeddable":true,"href":"https:\/\/www.organisator.ch\/de\/wp-json\/wp\/v2\/tags?post=10261"}],"curies":[{"name":"wp","href":"https:\/\/api.w.org\/{rel}","templated":true}]}}