{"id":10263,"date":"2021-03-23T09:29:39","date_gmt":"2021-03-23T08:29:39","guid":{"rendered":"https:\/\/www.umweltperspektiven.ch\/?p=3985"},"modified":"2022-02-09T11:06:09","modified_gmt":"2022-02-09T10:06:09","slug":"energieschweiz-neue-website-und-neues-erscheinungsbild","status":"publish","type":"post","link":"https:\/\/www.organisator.ch\/de\/sustainability\/2021-03-23\/energieschweiz-neue-website-und-neues-erscheinungsbild\/","title":{"rendered":"EnergieSchweiz: neue Website und neues Erscheinungsbild"},"content":{"rendered":"<figure id=\"attachment_3986\" aria-describedby=\"caption-attachment-3986\" style=\"width: 680px\" class=\"wp-caption aligncenter\"><img loading=\"lazy\" decoding=\"async\" class=\"size-medium wp-image-3986\" src=\"\/\/www.umweltperspektiven.ch\/wp-content\/uploads\/2021\/03\/EnergieSchweiz.jpg\" alt=\"EnergieSchweiz\" width=\"680\" height=\"437\" \/><figcaption id=\"caption-attachment-3986\" class=\"wp-caption-text\">Die einzelnen Themen sind auf der neuen Website rasch gefunden. \u00a9 EnergieSchweiz<\/figcaption><\/figure>\n<p>Die neue Website <a href=\"\/\/www.energieschweiz.ch\">www.energieschweiz.ch<\/a> ist die wichtigste Publikationsplattform von EnergieSchweiz. Sie enth\u00e4lt Informationen und Beratungsangebote f\u00fcr Privatpersonen, Unternehmen und die \u00f6ffentliche Hand auf ihrem Weg zu einem effizienten und nachhaltigen Umgang mit Energie. Die neue Website f\u00fchre die Nutzerinnen und Nutzer intuitiv durch die verschiedenen Themen, so das Bundesamt f\u00fcr Energie (siehe Abbildung).<\/p>\n<p><strong>Reduziertes Design<\/strong><\/p>\n<p>Das neue Erscheinungsbild sei reduziert, einheitlich und stringent, schreibt das BFE. Es transportiere die EnergieSchweiz-Markenwerte Neutralit\u00e4t, Vertrauen, Professionalit\u00e4t und Relevanz. Die visuelle Umsetzung orientiere sich an den \u00abLeitprinzipien\u00bb pers\u00f6nlich, innovativ, dynamisch und nachhaltig.<\/p>\n<p><strong>Programmstrategie f\u00fcr 2021 bis 2030<\/strong><\/p>\n<p>Mit der Programmstrategie f\u00fcr die neue Dekade 2021\u20132030 kann das Programm EnergieSchweiz flexibler gef\u00fchrt werden und sich so besser an die h\u00f6here Dynamik im Energiemarkt anpassen, wie das BFE betont. Die Inhalte w\u00fcrden fokussiert und die bisherigen Schwerpunkte durch drei priorit\u00e4re Handlungsfelder ersetzt:<\/p>\n<ul>\n<li>Geb\u00e4udeeffizienz und erneuerbare Energien f\u00fcr private Haushalte<br \/>\n(vgl. Kapitel 3 in der Programmstrategie)<\/li>\n<li>Mobilit\u00e4t von privaten Haushalten und Unternehmen<br \/>\n(vgl. Kapitel 4 in der Programmstrategie)<\/li>\n<li>Anlagen und Prozesse in Industrie und Dienstleistungen<br \/>\n(vgl. Kapitel 5 in der Programmstrategie)<\/li>\n<\/ul>\n<p>Laut BFE sind die genannten drei Bereiche verantwortlich f\u00fcr 74 Prozent des Endenergieverbrauchs der Schweiz. F\u00fcr Massnahmen in diesen drei Handlungsfeldern sollten mindestens drei Viertel des Gesamtbudgets von EnergieSchweiz eingesetzt werden. Im Jahr 2021 liege das Gesamtbudget bei 43,5 Millionen Franken.<\/p>\n<p>Neben den priorit\u00e4ren Handlungsfeldern gebe es weitere Handlungsfelder und Querschnittsthemen. Dazu geh\u00f6rten unter anderem die Bereiche Netze und Speicher, Aus- und Weiterbildung, St\u00e4dte und Gemeinden, Kommunikation, Zusammenarbeit mit dem Klimaprogramm des Bundesamtes f\u00fcr Umwelt und die Digitalisierung, heisst es abschliessend in der Medienmitteilung.<\/p>\n<p><em>Quelle: BFE<\/em><\/p>\n<p>&nbsp;<\/p>\n<p>&nbsp;<\/p>\n","protected":false},"excerpt":{"rendered":"<p>Die neue Website www.energieschweiz.ch ist die wichtigste Publikationsplattform von EnergieSchweiz. Sie enth\u00e4lt Informationen und Beratungsangebote f\u00fcr Privatpersonen, Unternehmen und die \u00f6ffentliche Hand auf ihrem Weg zu einem effizienten und nachhaltigen Umgang mit Energie. Die neue Website f\u00fchre die Nutzerinnen und Nutzer intuitiv durch die verschiedenen Themen, so das Bundesamt f\u00fcr Energie (siehe Abbildung). Reduziertes Design [&hellip;]<\/p>\n","protected":false},"author":6,"featured_media":9780,"comment_status":"closed","ping_status":"closed","sticky":false,"template":"","format":"standard","meta":{"_acf_changed":false,"_yoast_wpseo_focuskw":"EnergieSchweiz","_yoast_wpseo_metadesc":"EnergieSchweiz startet eine neue Programmstrategie, eine neue, benutzerfreundliche Website und ein frisches Erscheinungsbild.","articlekey":"","footnotes":""},"categories":[580],"tags":[1082,1829],"class_list":["post-10263","post","type-post","status-publish","format-standard","has-post-thumbnail","hentry","category-sustainability","tag-energieschweiz","tag-neue-website"],"acf":[],"yoast_head":"<!-- This site is optimized with the Yoast SEO plugin v27.4 - https:\/\/yoast.com\/product\/yoast-seo-wordpress\/ -->\n<title>EnergieSchweiz: neue Website und neues Erscheinungsbild - Organisator<\/title>\n<meta name=\"description\" content=\"EnergieSchweiz startet eine neue Programmstrategie, eine neue, benutzerfreundliche Website und ein frisches Erscheinungsbild.\" \/>\n<meta name=\"robots\" content=\"index, follow, max-snippet:-1, max-image-preview:large, max-video-preview:-1\" \/>\n<link rel=\"canonical\" href=\"https:\/\/www.organisator.ch\/de\/sustainability\/2021-03-23\/energieschweiz-neue-website-und-neues-erscheinungsbild\/\" \/>\n<meta property=\"og:locale\" content=\"de_DE\" \/>\n<meta property=\"og:type\" content=\"article\" \/>\n<meta property=\"og:title\" content=\"EnergieSchweiz: neue Website und neues Erscheinungsbild - Organisator\" \/>\n<meta property=\"og:description\" content=\"EnergieSchweiz startet eine neue Programmstrategie, eine neue, benutzerfreundliche Website und ein frisches Erscheinungsbild.\" \/>\n<meta property=\"og:url\" content=\"https:\/\/www.organisator.ch\/de\/sustainability\/2021-03-23\/energieschweiz-neue-website-und-neues-erscheinungsbild\/\" \/>\n<meta property=\"og:site_name\" content=\"Organisator\" \/>\n<meta property=\"article:publisher\" content=\"https:\/\/www.facebook.com\/OrganisatorFachmagazin\" \/>\n<meta property=\"article:published_time\" content=\"2021-03-23T08:29:39+00:00\" \/>\n<meta property=\"article:modified_time\" content=\"2022-02-09T10:06:09+00:00\" \/>\n<meta property=\"og:image\" content=\"https:\/\/www.organisator.ch\/wp-content\/uploads\/2021\/03\/EnergieSchweiz.jpg\" \/>\n\t<meta property=\"og:image:width\" content=\"1083\" \/>\n\t<meta property=\"og:image:height\" content=\"696\" \/>\n\t<meta property=\"og:image:type\" content=\"image\/jpeg\" \/>\n<meta name=\"author\" content=\"roger.straessle\" \/>\n<meta name=\"twitter:card\" content=\"summary_large_image\" \/>\n<script type=\"application\/ld+json\" class=\"yoast-schema-graph\">{\"@context\":\"https:\\\/\\\/schema.org\",\"@graph\":[{\"@type\":\"Article\",\"@id\":\"https:\\\/\\\/www.organisator.ch\\\/sustainability\\\/2021-03-23\\\/energieschweiz-neue-website-und-neues-erscheinungsbild\\\/#article\",\"isPartOf\":{\"@id\":\"https:\\\/\\\/www.organisator.ch\\\/sustainability\\\/2021-03-23\\\/energieschweiz-neue-website-und-neues-erscheinungsbild\\\/\"},\"author\":{\"name\":\"roger.straessle\",\"@id\":\"https:\\\/\\\/www.organisator.ch\\\/#\\\/schema\\\/person\\\/a800b8c54e208b160517a7dcc323161d\"},\"headline\":\"EnergieSchweiz: neue Website und neues Erscheinungsbild\",\"datePublished\":\"2021-03-23T08:29:39+00:00\",\"dateModified\":\"2022-02-09T10:06:09+00:00\",\"mainEntityOfPage\":{\"@id\":\"https:\\\/\\\/www.organisator.ch\\\/sustainability\\\/2021-03-23\\\/energieschweiz-neue-website-und-neues-erscheinungsbild\\\/\"},\"wordCount\":301,\"publisher\":{\"@id\":\"https:\\\/\\\/www.organisator.ch\\\/#organization\"},\"image\":{\"@id\":\"https:\\\/\\\/www.organisator.ch\\\/sustainability\\\/2021-03-23\\\/energieschweiz-neue-website-und-neues-erscheinungsbild\\\/#primaryimage\"},\"thumbnailUrl\":\"https:\\\/\\\/www.organisator.ch\\\/wp-content\\\/uploads\\\/2021\\\/03\\\/EnergieSchweiz.jpg\",\"keywords\":[\"EnergieSchweiz\",\"neue Website\"],\"articleSection\":[\"SUSTAINABILITY\"],\"inLanguage\":\"de\"},{\"@type\":\"WebPage\",\"@id\":\"https:\\\/\\\/www.organisator.ch\\\/sustainability\\\/2021-03-23\\\/energieschweiz-neue-website-und-neues-erscheinungsbild\\\/\",\"url\":\"https:\\\/\\\/www.organisator.ch\\\/sustainability\\\/2021-03-23\\\/energieschweiz-neue-website-und-neues-erscheinungsbild\\\/\",\"name\":\"EnergieSchweiz: neue Website und neues Erscheinungsbild - Organisator\",\"isPartOf\":{\"@id\":\"https:\\\/\\\/www.organisator.ch\\\/#website\"},\"primaryImageOfPage\":{\"@id\":\"https:\\\/\\\/www.organisator.ch\\\/sustainability\\\/2021-03-23\\\/energieschweiz-neue-website-und-neues-erscheinungsbild\\\/#primaryimage\"},\"image\":{\"@id\":\"https:\\\/\\\/www.organisator.ch\\\/sustainability\\\/2021-03-23\\\/energieschweiz-neue-website-und-neues-erscheinungsbild\\\/#primaryimage\"},\"thumbnailUrl\":\"https:\\\/\\\/www.organisator.ch\\\/wp-content\\\/uploads\\\/2021\\\/03\\\/EnergieSchweiz.jpg\",\"datePublished\":\"2021-03-23T08:29:39+00:00\",\"dateModified\":\"2022-02-09T10:06:09+00:00\",\"description\":\"EnergieSchweiz startet eine neue Programmstrategie, eine neue, benutzerfreundliche Website und ein frisches Erscheinungsbild.\",\"breadcrumb\":{\"@id\":\"https:\\\/\\\/www.organisator.ch\\\/sustainability\\\/2021-03-23\\\/energieschweiz-neue-website-und-neues-erscheinungsbild\\\/#breadcrumb\"},\"inLanguage\":\"de\",\"potentialAction\":[{\"@type\":\"ReadAction\",\"target\":[\"https:\\\/\\\/www.organisator.ch\\\/sustainability\\\/2021-03-23\\\/energieschweiz-neue-website-und-neues-erscheinungsbild\\\/\"]}]},{\"@type\":\"ImageObject\",\"inLanguage\":\"de\",\"@id\":\"https:\\\/\\\/www.organisator.ch\\\/sustainability\\\/2021-03-23\\\/energieschweiz-neue-website-und-neues-erscheinungsbild\\\/#primaryimage\",\"url\":\"https:\\\/\\\/www.organisator.ch\\\/wp-content\\\/uploads\\\/2021\\\/03\\\/EnergieSchweiz.jpg\",\"contentUrl\":\"https:\\\/\\\/www.organisator.ch\\\/wp-content\\\/uploads\\\/2021\\\/03\\\/EnergieSchweiz.jpg\",\"width\":1083,\"height\":696,\"caption\":\"Die verschiedenen Themen sind auf der neuen Website schnell gefunden. \u00a9 EnergieSchweiz\"},{\"@type\":\"BreadcrumbList\",\"@id\":\"https:\\\/\\\/www.organisator.ch\\\/sustainability\\\/2021-03-23\\\/energieschweiz-neue-website-und-neues-erscheinungsbild\\\/#breadcrumb\",\"itemListElement\":[{\"@type\":\"ListItem\",\"position\":1,\"name\":\"Home\",\"item\":\"https:\\\/\\\/www.organisator.ch\\\/\"},{\"@type\":\"ListItem\",\"position\":2,\"name\":\"EnergieSchweiz: neue Website und neues Erscheinungsbild\"}]},{\"@type\":\"WebSite\",\"@id\":\"https:\\\/\\\/www.organisator.ch\\\/#website\",\"url\":\"https:\\\/\\\/www.organisator.ch\\\/\",\"name\":\"Organisator\",\"description\":\"Kompetent. Praxisnah. Der ORGANISATOR bereitet in 10 Ausgaben pro Jahr die wesentlichen Themen f\u00fcr F\u00fchrungskr\u00e4fte von KMU auf.\",\"publisher\":{\"@id\":\"https:\\\/\\\/www.organisator.ch\\\/#organization\"},\"potentialAction\":[{\"@type\":\"SearchAction\",\"target\":{\"@type\":\"EntryPoint\",\"urlTemplate\":\"https:\\\/\\\/www.organisator.ch\\\/?s={search_term_string}\"},\"query-input\":{\"@type\":\"PropertyValueSpecification\",\"valueRequired\":true,\"valueName\":\"search_term_string\"}}],\"inLanguage\":\"de\"},{\"@type\":\"Organization\",\"@id\":\"https:\\\/\\\/www.organisator.ch\\\/#organization\",\"name\":\"Organisator\",\"url\":\"https:\\\/\\\/www.organisator.ch\\\/\",\"logo\":{\"@type\":\"ImageObject\",\"inLanguage\":\"de\",\"@id\":\"https:\\\/\\\/www.organisator.ch\\\/#\\\/schema\\\/logo\\\/image\\\/\",\"url\":\"https:\\\/\\\/www.organisator.ch\\\/wp-content\\\/uploads\\\/2022\\\/01\\\/Logo_Organisator_Website.png\",\"contentUrl\":\"https:\\\/\\\/www.organisator.ch\\\/wp-content\\\/uploads\\\/2022\\\/01\\\/Logo_Organisator_Website.png\",\"width\":800,\"height\":77,\"caption\":\"Organisator\"},\"image\":{\"@id\":\"https:\\\/\\\/www.organisator.ch\\\/#\\\/schema\\\/logo\\\/image\\\/\"},\"sameAs\":[\"https:\\\/\\\/www.facebook.com\\\/OrganisatorFachmagazin\",\"https:\\\/\\\/www.linkedin.com\\\/showcase\\\/organisator-das-magazin-fr-kmu\",\"https:\\\/\\\/www.xing.com\\\/news\\\/pages\\\/organisator-ch-695\",\"https:\\\/\\\/www.youtube.com\\\/channel\\\/UCGP2Sq0iWaZwT3BdIAQFYpw\"]},{\"@type\":\"Person\",\"@id\":\"https:\\\/\\\/www.organisator.ch\\\/#\\\/schema\\\/person\\\/a800b8c54e208b160517a7dcc323161d\",\"name\":\"roger.straessle\",\"image\":{\"@type\":\"ImageObject\",\"inLanguage\":\"de\",\"@id\":\"https:\\\/\\\/secure.gravatar.com\\\/avatar\\\/?s=96&d=mm&r=g\",\"url\":\"https:\\\/\\\/secure.gravatar.com\\\/avatar\\\/?s=96&d=mm&r=g\",\"contentUrl\":\"https:\\\/\\\/secure.gravatar.com\\\/avatar\\\/?s=96&d=mm&r=g\",\"caption\":\"roger.straessle\"},\"url\":\"https:\\\/\\\/www.organisator.ch\\\/de\\\/author\\\/roger-straessle\\\/\"}]}<\/script>\n<!-- \/ Yoast SEO plugin. -->","yoast_head_json":{"title":"EnergieSchweiz: neue Website und neues Erscheinungsbild - Organisator","description":"EnergieSchweiz startet eine neue Programmstrategie, eine neue, benutzerfreundliche Website und ein frisches Erscheinungsbild.","robots":{"index":"index","follow":"follow","max-snippet":"max-snippet:-1","max-image-preview":"max-image-preview:large","max-video-preview":"max-video-preview:-1"},"canonical":"https:\/\/www.organisator.ch\/de\/sustainability\/2021-03-23\/energieschweiz-neue-website-und-neues-erscheinungsbild\/","og_locale":"de_DE","og_type":"article","og_title":"EnergieSchweiz: neue Website und neues Erscheinungsbild - Organisator","og_description":"EnergieSchweiz startet eine neue Programmstrategie, eine neue, benutzerfreundliche Website und ein frisches Erscheinungsbild.","og_url":"https:\/\/www.organisator.ch\/de\/sustainability\/2021-03-23\/energieschweiz-neue-website-und-neues-erscheinungsbild\/","og_site_name":"Organisator","article_publisher":"https:\/\/www.facebook.com\/OrganisatorFachmagazin","article_published_time":"2021-03-23T08:29:39+00:00","article_modified_time":"2022-02-09T10:06:09+00:00","og_image":[{"width":1083,"height":696,"url":"https:\/\/www.organisator.ch\/wp-content\/uploads\/2021\/03\/EnergieSchweiz.jpg","type":"image\/jpeg"}],"author":"roger.straessle","twitter_card":"summary_large_image","schema":{"@context":"https:\/\/schema.org","@graph":[{"@type":"Article","@id":"https:\/\/www.organisator.ch\/sustainability\/2021-03-23\/energieschweiz-neue-website-und-neues-erscheinungsbild\/#article","isPartOf":{"@id":"https:\/\/www.organisator.ch\/sustainability\/2021-03-23\/energieschweiz-neue-website-und-neues-erscheinungsbild\/"},"author":{"name":"roger.straessle","@id":"https:\/\/www.organisator.ch\/#\/schema\/person\/a800b8c54e208b160517a7dcc323161d"},"headline":"EnergieSchweiz: neue Website und neues Erscheinungsbild","datePublished":"2021-03-23T08:29:39+00:00","dateModified":"2022-02-09T10:06:09+00:00","mainEntityOfPage":{"@id":"https:\/\/www.organisator.ch\/sustainability\/2021-03-23\/energieschweiz-neue-website-und-neues-erscheinungsbild\/"},"wordCount":301,"publisher":{"@id":"https:\/\/www.organisator.ch\/#organization"},"image":{"@id":"https:\/\/www.organisator.ch\/sustainability\/2021-03-23\/energieschweiz-neue-website-und-neues-erscheinungsbild\/#primaryimage"},"thumbnailUrl":"https:\/\/www.organisator.ch\/wp-content\/uploads\/2021\/03\/EnergieSchweiz.jpg","keywords":["EnergieSchweiz","neue Website"],"articleSection":["SUSTAINABILITY"],"inLanguage":"de"},{"@type":"WebPage","@id":"https:\/\/www.organisator.ch\/sustainability\/2021-03-23\/energieschweiz-neue-website-und-neues-erscheinungsbild\/","url":"https:\/\/www.organisator.ch\/sustainability\/2021-03-23\/energieschweiz-neue-website-und-neues-erscheinungsbild\/","name":"EnergieSchweiz: neue Website und neues Erscheinungsbild - Organisator","isPartOf":{"@id":"https:\/\/www.organisator.ch\/#website"},"primaryImageOfPage":{"@id":"https:\/\/www.organisator.ch\/sustainability\/2021-03-23\/energieschweiz-neue-website-und-neues-erscheinungsbild\/#primaryimage"},"image":{"@id":"https:\/\/www.organisator.ch\/sustainability\/2021-03-23\/energieschweiz-neue-website-und-neues-erscheinungsbild\/#primaryimage"},"thumbnailUrl":"https:\/\/www.organisator.ch\/wp-content\/uploads\/2021\/03\/EnergieSchweiz.jpg","datePublished":"2021-03-23T08:29:39+00:00","dateModified":"2022-02-09T10:06:09+00:00","description":"EnergieSchweiz startet eine neue Programmstrategie, eine neue, benutzerfreundliche Website und ein frisches Erscheinungsbild.","breadcrumb":{"@id":"https:\/\/www.organisator.ch\/sustainability\/2021-03-23\/energieschweiz-neue-website-und-neues-erscheinungsbild\/#breadcrumb"},"inLanguage":"de","potentialAction":[{"@type":"ReadAction","target":["https:\/\/www.organisator.ch\/sustainability\/2021-03-23\/energieschweiz-neue-website-und-neues-erscheinungsbild\/"]}]},{"@type":"ImageObject","inLanguage":"de","@id":"https:\/\/www.organisator.ch\/sustainability\/2021-03-23\/energieschweiz-neue-website-und-neues-erscheinungsbild\/#primaryimage","url":"https:\/\/www.organisator.ch\/wp-content\/uploads\/2021\/03\/EnergieSchweiz.jpg","contentUrl":"https:\/\/www.organisator.ch\/wp-content\/uploads\/2021\/03\/EnergieSchweiz.jpg","width":1083,"height":696,"caption":"Die verschiedenen Themen sind auf der neuen Website schnell gefunden. \u00a9 EnergieSchweiz"},{"@type":"BreadcrumbList","@id":"https:\/\/www.organisator.ch\/sustainability\/2021-03-23\/energieschweiz-neue-website-und-neues-erscheinungsbild\/#breadcrumb","itemListElement":[{"@type":"ListItem","position":1,"name":"Home","item":"https:\/\/www.organisator.ch\/"},{"@type":"ListItem","position":2,"name":"EnergieSchweiz: neue Website und neues Erscheinungsbild"}]},{"@type":"WebSite","@id":"https:\/\/www.organisator.ch\/#website","url":"https:\/\/www.organisator.ch\/","name":"Organisator","description":"Kompetent. Praxisnah. Der ORGANISATOR bereitet in 10 Ausgaben pro Jahr die wesentlichen Themen f\u00fcr F\u00fchrungskr\u00e4fte von KMU auf.","publisher":{"@id":"https:\/\/www.organisator.ch\/#organization"},"potentialAction":[{"@type":"SearchAction","target":{"@type":"EntryPoint","urlTemplate":"https:\/\/www.organisator.ch\/?s={search_term_string}"},"query-input":{"@type":"PropertyValueSpecification","valueRequired":true,"valueName":"search_term_string"}}],"inLanguage":"de"},{"@type":"Organization","@id":"https:\/\/www.organisator.ch\/#organization","name":"Organisator","url":"https:\/\/www.organisator.ch\/","logo":{"@type":"ImageObject","inLanguage":"de","@id":"https:\/\/www.organisator.ch\/#\/schema\/logo\/image\/","url":"https:\/\/www.organisator.ch\/wp-content\/uploads\/2022\/01\/Logo_Organisator_Website.png","contentUrl":"https:\/\/www.organisator.ch\/wp-content\/uploads\/2022\/01\/Logo_Organisator_Website.png","width":800,"height":77,"caption":"Organisator"},"image":{"@id":"https:\/\/www.organisator.ch\/#\/schema\/logo\/image\/"},"sameAs":["https:\/\/www.facebook.com\/OrganisatorFachmagazin","https:\/\/www.linkedin.com\/showcase\/organisator-das-magazin-fr-kmu","https:\/\/www.xing.com\/news\/pages\/organisator-ch-695","https:\/\/www.youtube.com\/channel\/UCGP2Sq0iWaZwT3BdIAQFYpw"]},{"@type":"Person","@id":"https:\/\/www.organisator.ch\/#\/schema\/person\/a800b8c54e208b160517a7dcc323161d","name":"roger.straessle","image":{"@type":"ImageObject","inLanguage":"de","@id":"https:\/\/secure.gravatar.com\/avatar\/?s=96&d=mm&r=g","url":"https:\/\/secure.gravatar.com\/avatar\/?s=96&d=mm&r=g","contentUrl":"https:\/\/secure.gravatar.com\/avatar\/?s=96&d=mm&r=g","caption":"roger.straessle"},"url":"https:\/\/www.organisator.ch\/de\/author\/roger-straessle\/"}]}},"_links":{"self":[{"href":"https:\/\/www.organisator.ch\/de\/wp-json\/wp\/v2\/posts\/10263","targetHints":{"allow":["GET"]}}],"collection":[{"href":"https:\/\/www.organisator.ch\/de\/wp-json\/wp\/v2\/posts"}],"about":[{"href":"https:\/\/www.organisator.ch\/de\/wp-json\/wp\/v2\/types\/post"}],"author":[{"embeddable":true,"href":"https:\/\/www.organisator.ch\/de\/wp-json\/wp\/v2\/users\/6"}],"replies":[{"embeddable":true,"href":"https:\/\/www.organisator.ch\/de\/wp-json\/wp\/v2\/comments?post=10263"}],"version-history":[{"count":1,"href":"https:\/\/www.organisator.ch\/de\/wp-json\/wp\/v2\/posts\/10263\/revisions"}],"predecessor-version":[{"id":10491,"href":"https:\/\/www.organisator.ch\/de\/wp-json\/wp\/v2\/posts\/10263\/revisions\/10491"}],"wp:featuredmedia":[{"embeddable":true,"href":"https:\/\/www.organisator.ch\/de\/wp-json\/wp\/v2\/media\/9780"}],"wp:attachment":[{"href":"https:\/\/www.organisator.ch\/de\/wp-json\/wp\/v2\/media?parent=10263"}],"wp:term":[{"taxonomy":"category","embeddable":true,"href":"https:\/\/www.organisator.ch\/de\/wp-json\/wp\/v2\/categories?post=10263"},{"taxonomy":"post_tag","embeddable":true,"href":"https:\/\/www.organisator.ch\/de\/wp-json\/wp\/v2\/tags?post=10263"}],"curies":[{"name":"wp","href":"https:\/\/api.w.org\/{rel}","templated":true}]}}