{"id":10264,"date":"2021-03-29T13:50:54","date_gmt":"2021-03-29T11:50:54","guid":{"rendered":"https:\/\/www.umweltperspektiven.ch\/?p=4001"},"modified":"2022-02-09T11:06:46","modified_gmt":"2022-02-09T10:06:46","slug":"was-das-revidierte-co2-gesetz-bewirken-will","status":"publish","type":"post","link":"https:\/\/www.organisator.ch\/de\/sustainability\/2021-03-29\/was-das-revidierte-co2-gesetz-bewirken-will\/","title":{"rendered":"Was das revidierte CO2-Gesetz bewirken will"},"content":{"rendered":"<figure id=\"attachment_4002\" aria-describedby=\"caption-attachment-4002\" style=\"width: 680px\" class=\"wp-caption aligncenter\"><img loading=\"lazy\" decoding=\"async\" class=\"size-medium wp-image-4002\" src=\"\/\/www.umweltperspektiven.ch\/wp-content\/uploads\/2021\/03\/Depositphotos_254172468_s-2019.jpg\" alt=\"\" width=\"680\" height=\"454\" srcset=\"https:\/\/www.organisator.ch\/wp-content\/uploads\/2021\/03\/Depositphotos_254172468_s-2019.jpg 1000w, https:\/\/www.organisator.ch\/wp-content\/uploads\/2021\/03\/Depositphotos_254172468_s-2019-680x454.jpg 680w, https:\/\/www.organisator.ch\/wp-content\/uploads\/2021\/03\/Depositphotos_254172468_s-2019-768x512.jpg 768w, https:\/\/www.organisator.ch\/wp-content\/uploads\/2021\/03\/Depositphotos_254172468_s-2019-18x12.jpg 18w, https:\/\/www.organisator.ch\/wp-content\/uploads\/2021\/03\/Depositphotos_254172468_s-2019-262x175.jpg 262w, https:\/\/www.organisator.ch\/wp-content\/uploads\/2021\/03\/Depositphotos_254172468_s-2019-525x350.jpg 525w, https:\/\/www.organisator.ch\/wp-content\/uploads\/2021\/03\/Depositphotos_254172468_s-2019-920x614.jpg 920w, https:\/\/www.organisator.ch\/wp-content\/uploads\/2021\/03\/Depositphotos_254172468_s-2019-300x200.jpg 300w\" sizes=\"auto, (max-width: 680px) 100vw, 680px\" \/><figcaption id=\"caption-attachment-4002\" class=\"wp-caption-text\">Ecological concept of greenhouse gas emissions<\/figcaption><\/figure>\n<p>&nbsp;<\/p>\n<p>Die Wissenschaft hat es schon mehrfach aufgezeigt: Der Klimawandel f\u00fchrt zu mehr Hitzewellen und Trockenperioden, die w\u00e4rmeren Winter bescheren starke Niederschl\u00e4ge, Murg\u00e4nge und Erdrutsche. Damit steigt das Risiko, dass Strassen, Bahnlinien und H\u00e4user versch\u00fcttet werden. Der Klimawandel trifft die Schweiz als Alpenland besonders hart: Die Temperaturen steigen bei uns doppelt so stark an wie im weltweiten Durchschnitt. Grosse Teile der Wirtschaft, aber auch Bundesrat und Parlament wollen deshalb den CO2-Ausstoss weiter senken. Dazu haben sie das CO2-Gesetz revidiert. Weil dagegen das Referendum ergriffen wurde, kommt es am 13. Juni 2021 zur Volksabstimmung.<\/p>\n<p>Mit dem revidierten Gesetz soll der Treibhausgas-Ausstoss der Schweiz bis 2030 gegen\u00fcber dem Wert von 1990 halbiert werden. Das entspricht den Klimazielen, zu denen sich die 189 L\u00e4nder inklusive die Schweiz mit dem \u00dcbereinkommen von Paris verpflichtet haben. Die Schweiz folgt damit auch den Empfehlungen der Wissenschaft, wie der Bundesrat schreibt.<\/p>\n<p><strong>\u00abArbeitspl\u00e4tze mit Zukunft\u00bb<\/strong><\/p>\n<p>Das revidierte CO2-Gesetz (<a href=\"\/\/www.bafu.admin.ch\/bafu\/de\/home\/themen\/klima\/recht\/totalrevision-co2-gesetz.html\">vgl. hier<\/a>) setzt wie bisher auf die Kombination von finanziellen Anreizen, Investitionen und neuen Technologien. Die Massnahmen (<a href=\"\/\/www.uvek.admin.ch\/uvek\/de\/home\/uvek\/abstimmungen\/co2-gesetz.html\">vgl. hier<\/a>) werden aber verst\u00e4rkt. Das revidierte Gesetz sorge mit Lenkungsabgaben daf\u00fcr, dass sich klimafreundliches Verhalten lohne, so der Bundesrat. Investitionen in Geb\u00e4ude und Infrastrukturen w\u00fcrden unterst\u00fctzt und innovative Firmen gest\u00e4rkt. Dadurch k\u00f6nnten etwa Geb\u00e4ude klimafreundlich saniert, Ladestationen f\u00fcr Elektroautos gebaut, Elektrobusse im \u00f6ffentlichen Verkehr beschafft sowie Fernw\u00e4rmenetze gef\u00f6rdert werden. Das Gesetz helfe zudem Bergregionen, St\u00e4dten und Gemeinden, die Folgen des Klimawandels abzufedern. Beim Verkehr sorge es daf\u00fcr, dass Fahrzeuge auf den Markt k\u00e4men, die weniger Benzin und Diesel verbrauchen. Dadurch w\u00fcrden die Ausgaben f\u00fcr den Treibstoff sinken. Das Gesetz sei sozial ausgestaltet. Die Abgaben w\u00fcrden mehrheitlich an die Bev\u00f6lkerung zur\u00fcckverteilt. Jede Person, auch Kinder, bekomme den gleichen Betrag gutgeschrieben. Davon profitierten insbesondere Familien.<\/p>\n<p>Laut Bundesrat hat die Schweiz in den letzten zehn Jahren rund 80 Milliarden Franken f\u00fcr den Import von Erd\u00f6l und Erdgas ausgegeben. Dieses Geld fliesse ins Ausland ab. \u00abMit dem revidierten CO2-Gesetz reduzieren wir die Abh\u00e4ngigkeit von den ausl\u00e4ndischen Erd\u00f6lkonzernen und investieren stattdessen mehr Geld in der Schweiz\u00bb, sagte Bundesr\u00e4tin Sommaruga. \u00abDavon profitieren Bev\u00f6lkerung und Wirtschaft. Mit den Investitionen st\u00e4rken wir den Klimaschutz und schaffen Arbeitspl\u00e4tze mit Zukunft. Das ist in Zeiten wie jetzt enorm wichtig.\u00bb<\/p>\n<p><strong>Kantone unterst\u00fctzen CO2-Gesetz<\/strong><\/p>\n<p>\u00abDas CO2-Gesetz gibt den Bem\u00fchungen der Kantone, die CO2-Emissionen der Geb\u00e4ude zu senken, zus\u00e4tzlichen Schub\u00bb, betonte etwa der B\u00fcndner Regierungspr\u00e4sident Mario Cavigelli, Pr\u00e4sident der Konferenz Kantonaler Energiedirektoren (EnDK) und Vorsteher des Departements f\u00fcr Infrastruktur, Energie und Mobilit\u00e4t des Kantons Graub\u00fcnden. Die Kantone h\u00e4tten hier in den vergangenen Jahren bereits vieles geleistet, doch das CO2-Gesetz bringe zus\u00e4tzliche Planungssicherheit und Investitionsanreize. \u00abGemeinsames Ziel von Bund und Kantonen ist es, die Energieeffizienz zu erh\u00f6hen und die W\u00e4rmeversorgung erneuerbar zu gestalten.\u00bb<\/p>\n<p><strong>Breite Unterst\u00fctzung<\/strong><\/p>\n<p>Bundesrat und Parlament empfehlen der Stimmbev\u00f6lkerung, das revidierte CO2-Gesetz am 13. Juni 2021 anzunehmen. Es wird auch von den Kantonen, dem St\u00e4dteverband sowie dem Gemeindeverband und der Schweizerischen Arbeitsgemeinschaft f\u00fcr die Berggebiete (SAB) unterst\u00fctzt. Zudem von den meisten Parteien, den Umweltorganisationen, den Mobilit\u00e4tsverb\u00e4nden Touring Club Schweiz (TCS) und Verkehrs-Club Schweiz (VCS) sowie von zahlreichen Verb\u00e4nden der Wirtschaft (z.B. Economiesuisse, Bankiervereinigung, Swissmem, Bauen Schweiz, Baumeisterverband). <a href=\"\/\/co2-gesetz-jetzt.ch\/9-gruende-der-wirtschaft-fuer-das-co2-gesetz\/\">Siehe\u00a0Argumente hier<\/a>.<\/p>\n<p>Der Wirtschaftsverband Swisscleantech f\u00fchrt am 3. Mai 2021 einen Anlass durch (<a href=\"\/\/www.swisscleantech.ch\/agendaeintrag\/swisscleantech-fruehlingsanlass\/\">vgl. hier<\/a>), um das CO2-Gesetz besser zu verstehen.<\/p>\n<p>Gegen das neue CO2-Gesetz sind u.a. folgende Organisationen: der Automobil Club der Schweiz, der Dachverband Swissoil, die Erd\u00f6lvereinigung Avenergy Suisse oder der Schweizerische Hauseigent\u00fcmerverband HEV\u00a0(<a href=\"\/\/vernuenftig-bleiben.ch\">siehe Argumente hier<\/a>).\u00a0Stimmfreigabe zum CO2-Referendum hat zum Beispiel der Schweizerische Gewerbeverband SGV beschlossen.<\/p>\n<p><em>Quelle: Bund, rs<\/em><\/p>\n<blockquote><p><strong>6 Haushaltstypen analysiert<\/strong><\/p>\n<p>Der Verein <a href=\"\/\/energie-wende-ja.ch\">energie-wende-ja.ch<\/a> hat berechnet, wie sozialvertr\u00e4glich das revidierte CO2-Gesetz ist. Hier geht&#8217;s zur Analyse von sechs Haushaltstypen f\u00fcr die Jahre 2025\/2030:\u00a0<a href=\"\/\/www.umweltperspektiven.ch\/wp-content\/uploads\/2021\/03\/Auswirkungen-CO2-Gesetz-auf-Haushalte_ewj_210318.pdf\">Auswirkungen CO2 Gesetz auf Haushalte_ewj_210318<\/a>.<\/p>\n<p><strong>Vernehmlassung zur CO2-Verordnung<\/strong><\/p>\n<p>Am 14. April 2021 hat der Bundesrat die Vernehmlassung zur CO2-Verordnung er\u00f6ffnet. Dadurch kann vor der Abstimmung \u00fcber das revidierte CO2-Gesetz zu den Umsetzungsfragen Klarheit geschaffen werden. Die CO2-Verordnung legt Reduktionsziele f\u00fcr die verschiedenen Sektoren fest und konkretisiert die gesetzlichen Bestimmungen, die das Parlament mit der Revision des CO2-Gesetzes beschlossen hat. Mit dem CO2-Gesetz kn\u00fcpft die Schweiz an ihre bisherige Klimapolitik an und verst\u00e4rkt diese.<\/p>\n<p><a href=\"\/\/www.admin.ch\/gov\/de\/start\/dokumentation\/medienmitteilungen.msg-id-83088.html\"><em>Hier geht es zu den bundesr\u00e4tlichen Informationen <\/em><\/a><\/p>\n<p>&nbsp;<\/p><\/blockquote>\n<p>&nbsp;<\/p>\n<p>&nbsp;<\/p>\n","protected":false},"excerpt":{"rendered":"<p>&nbsp; Die Wissenschaft hat es schon mehrfach aufgezeigt: Der Klimawandel f\u00fchrt zu mehr Hitzewellen und Trockenperioden, die w\u00e4rmeren Winter bescheren starke Niederschl\u00e4ge, Murg\u00e4nge und Erdrutsche. Damit steigt das Risiko, dass Strassen, Bahnlinien und H\u00e4user versch\u00fcttet werden. Der Klimawandel trifft die Schweiz als Alpenland besonders hart: Die Temperaturen steigen bei uns doppelt so stark an wie [&hellip;]<\/p>\n","protected":false},"author":6,"featured_media":4002,"comment_status":"closed","ping_status":"closed","sticky":false,"template":"","format":"standard","meta":{"_acf_changed":false,"_yoast_wpseo_focuskw":"CO2-Gesetz","_yoast_wpseo_metadesc":"CO2-Gesetz: Die Totalrevision setzt auf eine Kombination von finanziellen Anreizen, Investitionen und neuen Technologien.","articlekey":"","footnotes":""},"categories":[580],"tags":[671,751,787,597,937,1016,1261,1359,2187,2267,2269,2270,2287,2427,2460],"class_list":["post-10264","post","type-post","status-publish","format-standard","has-post-thumbnail","hentry","category-sustainability","tag-acs","tag-avenergy-suisse","tag-baumeisterverband","tag-co2-gesetz","tag-co2-verordnung","tag-economiesuisse","tag-gemeindeverband","tag-hev","tag-staedteverband","tag-swissclenatech","tag-swissmem","tag-swissoil","tag-tcs","tag-vcs","tag-vernehmlassung"],"acf":[],"yoast_head":"<!-- This site is optimized with the Yoast SEO plugin v27.5 - https:\/\/yoast.com\/product\/yoast-seo-wordpress\/ -->\n<title>Was das revidierte CO2-Gesetz bewirken will - Organisator<\/title>\n<meta name=\"description\" content=\"CO2-Gesetz: Die Totalrevision setzt auf eine Kombination von finanziellen Anreizen, Investitionen und neuen Technologien.\" \/>\n<meta name=\"robots\" content=\"index, follow, max-snippet:-1, max-image-preview:large, max-video-preview:-1\" \/>\n<link rel=\"canonical\" href=\"https:\/\/www.organisator.ch\/de\/sustainability\/2021-03-29\/was-das-revidierte-co2-gesetz-bewirken-will\/\" \/>\n<meta property=\"og:locale\" content=\"de_DE\" \/>\n<meta property=\"og:type\" content=\"article\" \/>\n<meta property=\"og:title\" content=\"Was das revidierte CO2-Gesetz bewirken will - Organisator\" \/>\n<meta property=\"og:description\" content=\"CO2-Gesetz: Die Totalrevision setzt auf eine Kombination von finanziellen Anreizen, Investitionen und neuen Technologien.\" \/>\n<meta property=\"og:url\" content=\"https:\/\/www.organisator.ch\/de\/sustainability\/2021-03-29\/was-das-revidierte-co2-gesetz-bewirken-will\/\" \/>\n<meta property=\"og:site_name\" content=\"Organisator\" \/>\n<meta property=\"article:publisher\" content=\"https:\/\/www.facebook.com\/OrganisatorFachmagazin\" \/>\n<meta property=\"article:published_time\" content=\"2021-03-29T11:50:54+00:00\" \/>\n<meta property=\"article:modified_time\" content=\"2022-02-09T10:06:46+00:00\" \/>\n<meta property=\"og:image\" content=\"https:\/\/www.organisator.ch\/wp-content\/uploads\/2021\/03\/Depositphotos_254172468_s-2019.jpg\" \/>\n\t<meta property=\"og:image:width\" content=\"1000\" \/>\n\t<meta property=\"og:image:height\" content=\"667\" \/>\n\t<meta property=\"og:image:type\" content=\"image\/jpeg\" \/>\n<meta name=\"author\" content=\"roger.straessle\" \/>\n<meta name=\"twitter:card\" content=\"summary_large_image\" \/>\n<script type=\"application\/ld+json\" class=\"yoast-schema-graph\">{\"@context\":\"https:\\\/\\\/schema.org\",\"@graph\":[{\"@type\":\"Article\",\"@id\":\"https:\\\/\\\/www.organisator.ch\\\/sustainability\\\/2021-03-29\\\/was-das-revidierte-co2-gesetz-bewirken-will\\\/#article\",\"isPartOf\":{\"@id\":\"https:\\\/\\\/www.organisator.ch\\\/sustainability\\\/2021-03-29\\\/was-das-revidierte-co2-gesetz-bewirken-will\\\/\"},\"author\":{\"name\":\"roger.straessle\",\"@id\":\"https:\\\/\\\/www.organisator.ch\\\/#\\\/schema\\\/person\\\/a800b8c54e208b160517a7dcc323161d\"},\"headline\":\"Was das revidierte CO2-Gesetz bewirken will\",\"datePublished\":\"2021-03-29T11:50:54+00:00\",\"dateModified\":\"2022-02-09T10:06:46+00:00\",\"mainEntityOfPage\":{\"@id\":\"https:\\\/\\\/www.organisator.ch\\\/sustainability\\\/2021-03-29\\\/was-das-revidierte-co2-gesetz-bewirken-will\\\/\"},\"wordCount\":774,\"publisher\":{\"@id\":\"https:\\\/\\\/www.organisator.ch\\\/#organization\"},\"image\":{\"@id\":\"https:\\\/\\\/www.organisator.ch\\\/sustainability\\\/2021-03-29\\\/was-das-revidierte-co2-gesetz-bewirken-will\\\/#primaryimage\"},\"thumbnailUrl\":\"https:\\\/\\\/www.organisator.ch\\\/wp-content\\\/uploads\\\/2021\\\/03\\\/Depositphotos_254172468_s-2019.jpg\",\"keywords\":[\"ACS\",\"Avenergy Suisse\",\"Baumeisterverband\",\"CO2-Gesetz\",\"CO2-Verordnung\",\"Economiesuisse\",\"Gemeindeverband\",\"HEV\",\"St\u00e4dteverband\",\"Swissclenatech\",\"Swissmem\",\"Swissoil\",\"TCS\",\"VCS\",\"Vernehmlassung\"],\"articleSection\":[\"SUSTAINABILITY\"],\"inLanguage\":\"de\"},{\"@type\":\"WebPage\",\"@id\":\"https:\\\/\\\/www.organisator.ch\\\/sustainability\\\/2021-03-29\\\/was-das-revidierte-co2-gesetz-bewirken-will\\\/\",\"url\":\"https:\\\/\\\/www.organisator.ch\\\/sustainability\\\/2021-03-29\\\/was-das-revidierte-co2-gesetz-bewirken-will\\\/\",\"name\":\"Was das revidierte CO2-Gesetz bewirken will - Organisator\",\"isPartOf\":{\"@id\":\"https:\\\/\\\/www.organisator.ch\\\/#website\"},\"primaryImageOfPage\":{\"@id\":\"https:\\\/\\\/www.organisator.ch\\\/sustainability\\\/2021-03-29\\\/was-das-revidierte-co2-gesetz-bewirken-will\\\/#primaryimage\"},\"image\":{\"@id\":\"https:\\\/\\\/www.organisator.ch\\\/sustainability\\\/2021-03-29\\\/was-das-revidierte-co2-gesetz-bewirken-will\\\/#primaryimage\"},\"thumbnailUrl\":\"https:\\\/\\\/www.organisator.ch\\\/wp-content\\\/uploads\\\/2021\\\/03\\\/Depositphotos_254172468_s-2019.jpg\",\"datePublished\":\"2021-03-29T11:50:54+00:00\",\"dateModified\":\"2022-02-09T10:06:46+00:00\",\"description\":\"CO2-Gesetz: Die Totalrevision setzt auf eine Kombination von finanziellen Anreizen, Investitionen und neuen Technologien.\",\"breadcrumb\":{\"@id\":\"https:\\\/\\\/www.organisator.ch\\\/sustainability\\\/2021-03-29\\\/was-das-revidierte-co2-gesetz-bewirken-will\\\/#breadcrumb\"},\"inLanguage\":\"de\",\"potentialAction\":[{\"@type\":\"ReadAction\",\"target\":[\"https:\\\/\\\/www.organisator.ch\\\/sustainability\\\/2021-03-29\\\/was-das-revidierte-co2-gesetz-bewirken-will\\\/\"]}]},{\"@type\":\"ImageObject\",\"inLanguage\":\"de\",\"@id\":\"https:\\\/\\\/www.organisator.ch\\\/sustainability\\\/2021-03-29\\\/was-das-revidierte-co2-gesetz-bewirken-will\\\/#primaryimage\",\"url\":\"https:\\\/\\\/www.organisator.ch\\\/wp-content\\\/uploads\\\/2021\\\/03\\\/Depositphotos_254172468_s-2019.jpg\",\"contentUrl\":\"https:\\\/\\\/www.organisator.ch\\\/wp-content\\\/uploads\\\/2021\\\/03\\\/Depositphotos_254172468_s-2019.jpg\",\"width\":1000,\"height\":667,\"caption\":\"Ecological concept of greenhouse gas emissions\"},{\"@type\":\"BreadcrumbList\",\"@id\":\"https:\\\/\\\/www.organisator.ch\\\/sustainability\\\/2021-03-29\\\/was-das-revidierte-co2-gesetz-bewirken-will\\\/#breadcrumb\",\"itemListElement\":[{\"@type\":\"ListItem\",\"position\":1,\"name\":\"Home\",\"item\":\"https:\\\/\\\/www.organisator.ch\\\/\"},{\"@type\":\"ListItem\",\"position\":2,\"name\":\"Was das revidierte CO2-Gesetz bewirken will\"}]},{\"@type\":\"WebSite\",\"@id\":\"https:\\\/\\\/www.organisator.ch\\\/#website\",\"url\":\"https:\\\/\\\/www.organisator.ch\\\/\",\"name\":\"Organisator\",\"description\":\"Kompetent. Praxisnah. Der ORGANISATOR bereitet in 10 Ausgaben pro Jahr die wesentlichen Themen f\u00fcr F\u00fchrungskr\u00e4fte von KMU auf.\",\"publisher\":{\"@id\":\"https:\\\/\\\/www.organisator.ch\\\/#organization\"},\"potentialAction\":[{\"@type\":\"SearchAction\",\"target\":{\"@type\":\"EntryPoint\",\"urlTemplate\":\"https:\\\/\\\/www.organisator.ch\\\/?s={search_term_string}\"},\"query-input\":{\"@type\":\"PropertyValueSpecification\",\"valueRequired\":true,\"valueName\":\"search_term_string\"}}],\"inLanguage\":\"de\"},{\"@type\":\"Organization\",\"@id\":\"https:\\\/\\\/www.organisator.ch\\\/#organization\",\"name\":\"Organisator\",\"url\":\"https:\\\/\\\/www.organisator.ch\\\/\",\"logo\":{\"@type\":\"ImageObject\",\"inLanguage\":\"de\",\"@id\":\"https:\\\/\\\/www.organisator.ch\\\/#\\\/schema\\\/logo\\\/image\\\/\",\"url\":\"https:\\\/\\\/www.organisator.ch\\\/wp-content\\\/uploads\\\/2022\\\/01\\\/Logo_Organisator_Website.png\",\"contentUrl\":\"https:\\\/\\\/www.organisator.ch\\\/wp-content\\\/uploads\\\/2022\\\/01\\\/Logo_Organisator_Website.png\",\"width\":800,\"height\":77,\"caption\":\"Organisator\"},\"image\":{\"@id\":\"https:\\\/\\\/www.organisator.ch\\\/#\\\/schema\\\/logo\\\/image\\\/\"},\"sameAs\":[\"https:\\\/\\\/www.facebook.com\\\/OrganisatorFachmagazin\",\"https:\\\/\\\/www.linkedin.com\\\/showcase\\\/organisator-das-magazin-fr-kmu\",\"https:\\\/\\\/www.xing.com\\\/news\\\/pages\\\/organisator-ch-695\",\"https:\\\/\\\/www.youtube.com\\\/channel\\\/UCGP2Sq0iWaZwT3BdIAQFYpw\"]},{\"@type\":\"Person\",\"@id\":\"https:\\\/\\\/www.organisator.ch\\\/#\\\/schema\\\/person\\\/a800b8c54e208b160517a7dcc323161d\",\"name\":\"roger.straessle\",\"image\":{\"@type\":\"ImageObject\",\"inLanguage\":\"de\",\"@id\":\"https:\\\/\\\/secure.gravatar.com\\\/avatar\\\/?s=96&d=mm&r=g\",\"url\":\"https:\\\/\\\/secure.gravatar.com\\\/avatar\\\/?s=96&d=mm&r=g\",\"contentUrl\":\"https:\\\/\\\/secure.gravatar.com\\\/avatar\\\/?s=96&d=mm&r=g\",\"caption\":\"roger.straessle\"},\"url\":\"https:\\\/\\\/www.organisator.ch\\\/de\\\/author\\\/roger-straessle\\\/\"}]}<\/script>\n<!-- \/ Yoast SEO plugin. -->","yoast_head_json":{"title":"Was das revidierte CO2-Gesetz bewirken will - Organisator","description":"CO2-Gesetz: Die Totalrevision setzt auf eine Kombination von finanziellen Anreizen, Investitionen und neuen Technologien.","robots":{"index":"index","follow":"follow","max-snippet":"max-snippet:-1","max-image-preview":"max-image-preview:large","max-video-preview":"max-video-preview:-1"},"canonical":"https:\/\/www.organisator.ch\/de\/sustainability\/2021-03-29\/was-das-revidierte-co2-gesetz-bewirken-will\/","og_locale":"de_DE","og_type":"article","og_title":"Was das revidierte CO2-Gesetz bewirken will - Organisator","og_description":"CO2-Gesetz: Die Totalrevision setzt auf eine Kombination von finanziellen Anreizen, Investitionen und neuen Technologien.","og_url":"https:\/\/www.organisator.ch\/de\/sustainability\/2021-03-29\/was-das-revidierte-co2-gesetz-bewirken-will\/","og_site_name":"Organisator","article_publisher":"https:\/\/www.facebook.com\/OrganisatorFachmagazin","article_published_time":"2021-03-29T11:50:54+00:00","article_modified_time":"2022-02-09T10:06:46+00:00","og_image":[{"width":1000,"height":667,"url":"https:\/\/www.organisator.ch\/wp-content\/uploads\/2021\/03\/Depositphotos_254172468_s-2019.jpg","type":"image\/jpeg"}],"author":"roger.straessle","twitter_card":"summary_large_image","schema":{"@context":"https:\/\/schema.org","@graph":[{"@type":"Article","@id":"https:\/\/www.organisator.ch\/sustainability\/2021-03-29\/was-das-revidierte-co2-gesetz-bewirken-will\/#article","isPartOf":{"@id":"https:\/\/www.organisator.ch\/sustainability\/2021-03-29\/was-das-revidierte-co2-gesetz-bewirken-will\/"},"author":{"name":"roger.straessle","@id":"https:\/\/www.organisator.ch\/#\/schema\/person\/a800b8c54e208b160517a7dcc323161d"},"headline":"Was das revidierte CO2-Gesetz bewirken will","datePublished":"2021-03-29T11:50:54+00:00","dateModified":"2022-02-09T10:06:46+00:00","mainEntityOfPage":{"@id":"https:\/\/www.organisator.ch\/sustainability\/2021-03-29\/was-das-revidierte-co2-gesetz-bewirken-will\/"},"wordCount":774,"publisher":{"@id":"https:\/\/www.organisator.ch\/#organization"},"image":{"@id":"https:\/\/www.organisator.ch\/sustainability\/2021-03-29\/was-das-revidierte-co2-gesetz-bewirken-will\/#primaryimage"},"thumbnailUrl":"https:\/\/www.organisator.ch\/wp-content\/uploads\/2021\/03\/Depositphotos_254172468_s-2019.jpg","keywords":["ACS","Avenergy Suisse","Baumeisterverband","CO2-Gesetz","CO2-Verordnung","Economiesuisse","Gemeindeverband","HEV","St\u00e4dteverband","Swissclenatech","Swissmem","Swissoil","TCS","VCS","Vernehmlassung"],"articleSection":["SUSTAINABILITY"],"inLanguage":"de"},{"@type":"WebPage","@id":"https:\/\/www.organisator.ch\/sustainability\/2021-03-29\/was-das-revidierte-co2-gesetz-bewirken-will\/","url":"https:\/\/www.organisator.ch\/sustainability\/2021-03-29\/was-das-revidierte-co2-gesetz-bewirken-will\/","name":"Was das revidierte CO2-Gesetz bewirken will - Organisator","isPartOf":{"@id":"https:\/\/www.organisator.ch\/#website"},"primaryImageOfPage":{"@id":"https:\/\/www.organisator.ch\/sustainability\/2021-03-29\/was-das-revidierte-co2-gesetz-bewirken-will\/#primaryimage"},"image":{"@id":"https:\/\/www.organisator.ch\/sustainability\/2021-03-29\/was-das-revidierte-co2-gesetz-bewirken-will\/#primaryimage"},"thumbnailUrl":"https:\/\/www.organisator.ch\/wp-content\/uploads\/2021\/03\/Depositphotos_254172468_s-2019.jpg","datePublished":"2021-03-29T11:50:54+00:00","dateModified":"2022-02-09T10:06:46+00:00","description":"CO2-Gesetz: Die Totalrevision setzt auf eine Kombination von finanziellen Anreizen, Investitionen und neuen Technologien.","breadcrumb":{"@id":"https:\/\/www.organisator.ch\/sustainability\/2021-03-29\/was-das-revidierte-co2-gesetz-bewirken-will\/#breadcrumb"},"inLanguage":"de","potentialAction":[{"@type":"ReadAction","target":["https:\/\/www.organisator.ch\/sustainability\/2021-03-29\/was-das-revidierte-co2-gesetz-bewirken-will\/"]}]},{"@type":"ImageObject","inLanguage":"de","@id":"https:\/\/www.organisator.ch\/sustainability\/2021-03-29\/was-das-revidierte-co2-gesetz-bewirken-will\/#primaryimage","url":"https:\/\/www.organisator.ch\/wp-content\/uploads\/2021\/03\/Depositphotos_254172468_s-2019.jpg","contentUrl":"https:\/\/www.organisator.ch\/wp-content\/uploads\/2021\/03\/Depositphotos_254172468_s-2019.jpg","width":1000,"height":667,"caption":"Ecological concept of greenhouse gas emissions"},{"@type":"BreadcrumbList","@id":"https:\/\/www.organisator.ch\/sustainability\/2021-03-29\/was-das-revidierte-co2-gesetz-bewirken-will\/#breadcrumb","itemListElement":[{"@type":"ListItem","position":1,"name":"Home","item":"https:\/\/www.organisator.ch\/"},{"@type":"ListItem","position":2,"name":"Was das revidierte CO2-Gesetz bewirken will"}]},{"@type":"WebSite","@id":"https:\/\/www.organisator.ch\/#website","url":"https:\/\/www.organisator.ch\/","name":"Organisator","description":"Kompetent. Praxisnah. Der ORGANISATOR bereitet in 10 Ausgaben pro Jahr die wesentlichen Themen f\u00fcr F\u00fchrungskr\u00e4fte von KMU auf.","publisher":{"@id":"https:\/\/www.organisator.ch\/#organization"},"potentialAction":[{"@type":"SearchAction","target":{"@type":"EntryPoint","urlTemplate":"https:\/\/www.organisator.ch\/?s={search_term_string}"},"query-input":{"@type":"PropertyValueSpecification","valueRequired":true,"valueName":"search_term_string"}}],"inLanguage":"de"},{"@type":"Organization","@id":"https:\/\/www.organisator.ch\/#organization","name":"Organisator","url":"https:\/\/www.organisator.ch\/","logo":{"@type":"ImageObject","inLanguage":"de","@id":"https:\/\/www.organisator.ch\/#\/schema\/logo\/image\/","url":"https:\/\/www.organisator.ch\/wp-content\/uploads\/2022\/01\/Logo_Organisator_Website.png","contentUrl":"https:\/\/www.organisator.ch\/wp-content\/uploads\/2022\/01\/Logo_Organisator_Website.png","width":800,"height":77,"caption":"Organisator"},"image":{"@id":"https:\/\/www.organisator.ch\/#\/schema\/logo\/image\/"},"sameAs":["https:\/\/www.facebook.com\/OrganisatorFachmagazin","https:\/\/www.linkedin.com\/showcase\/organisator-das-magazin-fr-kmu","https:\/\/www.xing.com\/news\/pages\/organisator-ch-695","https:\/\/www.youtube.com\/channel\/UCGP2Sq0iWaZwT3BdIAQFYpw"]},{"@type":"Person","@id":"https:\/\/www.organisator.ch\/#\/schema\/person\/a800b8c54e208b160517a7dcc323161d","name":"roger.straessle","image":{"@type":"ImageObject","inLanguage":"de","@id":"https:\/\/secure.gravatar.com\/avatar\/?s=96&d=mm&r=g","url":"https:\/\/secure.gravatar.com\/avatar\/?s=96&d=mm&r=g","contentUrl":"https:\/\/secure.gravatar.com\/avatar\/?s=96&d=mm&r=g","caption":"roger.straessle"},"url":"https:\/\/www.organisator.ch\/de\/author\/roger-straessle\/"}]}},"_links":{"self":[{"href":"https:\/\/www.organisator.ch\/de\/wp-json\/wp\/v2\/posts\/10264","targetHints":{"allow":["GET"]}}],"collection":[{"href":"https:\/\/www.organisator.ch\/de\/wp-json\/wp\/v2\/posts"}],"about":[{"href":"https:\/\/www.organisator.ch\/de\/wp-json\/wp\/v2\/types\/post"}],"author":[{"embeddable":true,"href":"https:\/\/www.organisator.ch\/de\/wp-json\/wp\/v2\/users\/6"}],"replies":[{"embeddable":true,"href":"https:\/\/www.organisator.ch\/de\/wp-json\/wp\/v2\/comments?post=10264"}],"version-history":[{"count":1,"href":"https:\/\/www.organisator.ch\/de\/wp-json\/wp\/v2\/posts\/10264\/revisions"}],"predecessor-version":[{"id":10654,"href":"https:\/\/www.organisator.ch\/de\/wp-json\/wp\/v2\/posts\/10264\/revisions\/10654"}],"wp:featuredmedia":[{"embeddable":true,"href":"https:\/\/www.organisator.ch\/de\/wp-json\/wp\/v2\/media\/4002"}],"wp:attachment":[{"href":"https:\/\/www.organisator.ch\/de\/wp-json\/wp\/v2\/media?parent=10264"}],"wp:term":[{"taxonomy":"category","embeddable":true,"href":"https:\/\/www.organisator.ch\/de\/wp-json\/wp\/v2\/categories?post=10264"},{"taxonomy":"post_tag","embeddable":true,"href":"https:\/\/www.organisator.ch\/de\/wp-json\/wp\/v2\/tags?post=10264"}],"curies":[{"name":"wp","href":"https:\/\/api.w.org\/{rel}","templated":true}]}}