{"id":10267,"date":"2021-04-07T17:39:07","date_gmt":"2021-04-07T15:39:07","guid":{"rendered":"https:\/\/www.umweltperspektiven.ch\/?p=4044"},"modified":"2022-02-09T11:06:09","modified_gmt":"2022-02-09T10:06:09","slug":"breite-akzeptanz-fuer-energiewende","status":"publish","type":"post","link":"https:\/\/www.organisator.ch\/de\/sustainability\/2021-04-07\/breite-akzeptanz-fuer-energiewende\/","title":{"rendered":"Breite Akzeptanz f\u00fcr Energiewende"},"content":{"rendered":"<figure id=\"attachment_4045\" aria-describedby=\"caption-attachment-4045\" style=\"width: 436px\" class=\"wp-caption alignleft\"><img loading=\"lazy\" decoding=\"async\" class=\" wp-image-4045\" src=\"\/\/www.umweltperspektiven.ch\/wp-content\/uploads\/2021\/04\/energiewende.jpg\" alt=\"Energiewende\" width=\"436\" height=\"336\" srcset=\"https:\/\/www.organisator.ch\/wp-content\/uploads\/2021\/04\/energiewende.jpg 662w, https:\/\/www.organisator.ch\/wp-content\/uploads\/2021\/04\/energiewende-16x12.jpg 16w, https:\/\/www.organisator.ch\/wp-content\/uploads\/2021\/04\/energiewende-227x175.jpg 227w, https:\/\/www.organisator.ch\/wp-content\/uploads\/2021\/04\/energiewende-454x350.jpg 454w, https:\/\/www.organisator.ch\/wp-content\/uploads\/2021\/04\/energiewende-300x231.jpg 300w\" sizes=\"auto, (max-width: 436px) 100vw, 436px\" \/><figcaption id=\"caption-attachment-4045\" class=\"wp-caption-text\">Ja (79%), eher Ja (17%), eher Nein (2%), Nein (1%), weiss nicht \/ keine Antwort (1%). \u00a9 SES<\/figcaption><\/figure>\n<p>Eine repr\u00e4sentative Bev\u00f6lkerungsumfrage, welche gfs-z\u00fcrich im November 2020 bei \u00fcber tausend Personen durchgef\u00fchrt hat, liefert eindr\u00fcckliche Erkenntnisse zur Akzeptanz der Energiewende in der Schweiz: 96 Prozent der Befragten bef\u00fcrworten das Ziel, den Strombedarf zuk\u00fcnftig mit erneuerbaren Energien zu decken (<a href=\"\/\/energiestiftung.us13.list-manage.com\/track\/click?u=d1ad6c3b7dc6d759ffbd1b2cc&amp;id=9d73998168&amp;e=ac8f50b0ff\">Diagramm 1<\/a>). 89,5 Prozent sind der Meinung, die erneuerbaren Energien sollen im Inland produziert werden (<a href=\"\/\/energiestiftung.us13.list-manage.com\/track\/click?u=d1ad6c3b7dc6d759ffbd1b2cc&amp;id=4c1661b16a&amp;e=ac8f50b0ff\">Diagramm 2<\/a>). 93 Prozent sind der Meinung, der Strom soll unter Ber\u00fccksichtigung des Naturschutzes produziert werden (<a href=\"\/\/energiestiftung.us13.list-manage.com\/track\/click?u=d1ad6c3b7dc6d759ffbd1b2cc&amp;id=b363e69fa6&amp;e=ac8f50b0ff\">Diagramm 3<\/a>). Dass der Strom aus kosteng\u00fcnstigen Quellen stammt, ist dagegen \u00abnur\u00bb f\u00fcr 65,5 Prozent ein erstrebenswertes Ziel (<a href=\"\/\/energiestiftung.us13.list-manage.com\/track\/click?u=d1ad6c3b7dc6d759ffbd1b2cc&amp;id=1873c02a11&amp;e=ac8f50b0ff\">Diagramm 4<\/a>).<\/p>\n<p>Die Bef\u00fcrworter der Energiewende dr\u00e4ngen auf eine rasche Umsetzung. Auf die Frage, bis in wie vielen Jahren die Stromversorgung erneuerbar sein soll, antworteten die Befragten im Mittel (Median) mit 18 Jahren (<a href=\"\/\/energiestiftung.us13.list-manage.com\/track\/click?u=d1ad6c3b7dc6d759ffbd1b2cc&amp;id=0beab84422&amp;e=ac8f50b0ff\">Diagramm 5<\/a>), was einem Zeithorizont bis 2038 entspricht. Bez\u00fcglich einer Stromversorgung auf Basis einheimischer Energien liegt der Median bei 15 Jahren, also im Zeithorizont bis 2035 (<a href=\"\/\/energiestiftung.us13.list-manage.com\/track\/click?u=d1ad6c3b7dc6d759ffbd1b2cc&amp;id=44317b5414&amp;e=ac8f50b0ff\">Diagramm 6<\/a>).<\/p>\n<p><strong>Mehrkosten werden in Kauf genommen<\/strong><\/p>\n<p>Die Mehrheit der Befragten ist der Ansicht, dass eine nachhaltige Energieversorgung auch etwas kosten darf. Heute bezahlt ein durchschnittlicher Vier-Personen-Haushalt \u00fcber den Netzzuschlag CHF 40.- pro Jahr f\u00fcr den Ausbau erneuerbarer Energien. 78 Prozent w\u00e4ren bereit, mehr zu bezahlen, um den Ausbau einheimischer erneuerbarer Energien voranzubringen (<a href=\"\/\/energiestiftung.us13.list-manage.com\/track\/click?u=d1ad6c3b7dc6d759ffbd1b2cc&amp;id=b5939fe7b4&amp;e=ac8f50b0ff\">Diagramm 7<\/a>). In Bezug auf die Einkommensklasse hat die Befragung keine signifikanten Unterschiede zu Tage gef\u00f6rdert. Das heisst, quer durch alle sozialen Schichten ist die Bereitschaft vorhanden, die Energiewende auch finanziell zu st\u00fctzen. Insgesamt sind die Befragten im Median bereit, j\u00e4hrlich CHF 95.- mehr zu bezahlen (<a href=\"\/\/energiestiftung.us13.list-manage.com\/track\/click?u=d1ad6c3b7dc6d759ffbd1b2cc&amp;id=312e5f6b46&amp;e=ac8f50b0ff\">Diagramm 8<\/a>).<\/p>\n<p><strong>Politik muss n\u00f6tigen Rahmen schaffen<\/strong><\/p>\n<p>Die Befragung zeige, dass die Akzeptanz der Energiewende in der Schweizer Bev\u00f6lkerung sehr hoch sei, schreibt die <strong>Schweizerischen Energie-Stiftung (<\/strong>SES) in ihrer Medienmitteilung. \u00abDie Stromversorgung soll einheimisch, erneuerbar und kosteng\u00fcnstig sein und ausserdem den Naturschutz ber\u00fccksichtigen\u00bb, fasst Felix Nipkow, Leiter Fachbereich erneuerbare Energien bei der SES, zusammen. Die Politik m\u00fcsse nun den geeigneten gesetzlichen Rahmen definieren, was mit der Revision des Energiegesetzes (\u00ab<a href=\"\/\/energiestiftung.us13.list-manage.com\/track\/click?u=d1ad6c3b7dc6d759ffbd1b2cc&amp;id=8d1d0f359e&amp;e=ac8f50b0ff\">Bundesgesetz \u00fcber eine sichere Stromversorgung mit erneuerbaren Energien<\/a>\u00bb) in diesem Jahr m\u00f6glich sein werde. Die Technologien seien vorhanden, insbesondere die Photovoltaik erf\u00fclle all diese Bedingungen und habe ausserdem das n\u00f6tige Potenzial in der Schweiz. \u00abDie Umfrage zeigt, dass die Bev\u00f6lkerung die Energiewende rasch will und auch bereit ist, daf\u00fcr zu investieren\u00bb, so Nipkow weiter. \u00abDieses Signal sollten die Politikerinnen und Politiker ernst nehmen.\u00bb <em>Pressemeldung SES<\/em><\/p>\n<p><em>Die Umfrage wurde im Auftrag der Schweizerischen Energie-Stiftung SES durchgef\u00fchrt (<a href=\"\/\/energiestiftung.ch\/files\/energiestiftung\/fliesstextbilder\/Studien\/2020%20gfs%20Umfrage%20Akzeptanz\/Faktenblatt_Gfs_Umfrage_2020_def.pdf\">siehe detaillierte Angaben zu den Diagrammen<\/a>).<\/em><\/p>\n<p>&nbsp;<\/p>\n<p><strong><em>Weitere Beitr\u00e4ge zur Thematik:<\/em><\/strong><\/p>\n<p><em><a href=\"\/\/www.umweltperspektiven.ch\/trendmonitor-zeigt-auf-klimafreundliche-heizsysteme\/\">Trendmonitor zeigt auf klimafreundliche Heizsysteme<\/a><\/em><\/p>\n<p><a href=\"\/\/www.umweltperspektiven.ch\/netto-null-ziel-erfordert-einschneidende-massnahmen\/\"><em>Netto-Null-Ziel erfordert einschneidende Massnahmen<\/em><\/a><\/p>\n","protected":false},"excerpt":{"rendered":"<p>Eine repr\u00e4sentative Bev\u00f6lkerungsumfrage, welche gfs-z\u00fcrich im November 2020 bei \u00fcber tausend Personen durchgef\u00fchrt hat, liefert eindr\u00fcckliche Erkenntnisse zur Akzeptanz der Energiewende in der Schweiz: 96 Prozent der Befragten bef\u00fcrworten das Ziel, den Strombedarf zuk\u00fcnftig mit erneuerbaren Energien zu decken (Diagramm 1). 89,5 Prozent sind der Meinung, die erneuerbaren Energien sollen im Inland produziert werden (Diagramm [&hellip;]<\/p>\n","protected":false},"author":6,"featured_media":4045,"comment_status":"closed","ping_status":"closed","sticky":false,"template":"","format":"standard","meta":{"_acf_changed":false,"_yoast_wpseo_focuskw":"Energiewende","_yoast_wpseo_metadesc":"","articlekey":"","footnotes":""},"categories":[580],"tags":[1095,1908,2088,2121,487],"class_list":["post-10267","post","type-post","status-publish","format-standard","has-post-thumbnail","hentry","category-sustainability","tag-energiewende","tag-photovoltaik","tag-schweizerische-energie-stiftung-ses","tag-sichere-stromversorgung","tag-umfrage"],"acf":[],"yoast_head":"<!-- This site is optimized with the Yoast SEO plugin v27.5 - https:\/\/yoast.com\/product\/yoast-seo-wordpress\/ -->\n<title>Breite Akzeptanz f\u00fcr Energiewende - Organisator<\/title>\n<meta name=\"robots\" content=\"index, follow, max-snippet:-1, max-image-preview:large, max-video-preview:-1\" \/>\n<link rel=\"canonical\" href=\"https:\/\/www.organisator.ch\/de\/sustainability\/2021-04-07\/breite-akzeptanz-fuer-energiewende\/\" \/>\n<meta property=\"og:locale\" content=\"de_DE\" \/>\n<meta property=\"og:type\" content=\"article\" \/>\n<meta property=\"og:title\" content=\"Breite Akzeptanz f\u00fcr Energiewende - Organisator\" \/>\n<meta property=\"og:description\" content=\"Eine repr\u00e4sentative Bev\u00f6lkerungsumfrage, welche gfs-z\u00fcrich im November 2020 bei \u00fcber tausend Personen durchgef\u00fchrt hat, liefert eindr\u00fcckliche Erkenntnisse zur Akzeptanz der Energiewende in der Schweiz: 96 Prozent der Befragten bef\u00fcrworten das Ziel, den Strombedarf zuk\u00fcnftig mit erneuerbaren Energien zu decken (Diagramm 1). 89,5 Prozent sind der Meinung, die erneuerbaren Energien sollen im Inland produziert werden (Diagramm [&hellip;]\" \/>\n<meta property=\"og:url\" content=\"https:\/\/www.organisator.ch\/de\/sustainability\/2021-04-07\/breite-akzeptanz-fuer-energiewende\/\" \/>\n<meta property=\"og:site_name\" content=\"Organisator\" \/>\n<meta property=\"article:publisher\" content=\"https:\/\/www.facebook.com\/OrganisatorFachmagazin\" \/>\n<meta property=\"article:published_time\" content=\"2021-04-07T15:39:07+00:00\" \/>\n<meta property=\"article:modified_time\" content=\"2022-02-09T10:06:09+00:00\" \/>\n<meta property=\"og:image\" content=\"https:\/\/www.organisator.ch\/wp-content\/uploads\/2021\/04\/energiewende.jpg\" \/>\n\t<meta property=\"og:image:width\" content=\"662\" \/>\n\t<meta property=\"og:image:height\" content=\"510\" \/>\n\t<meta property=\"og:image:type\" content=\"image\/jpeg\" \/>\n<meta name=\"author\" content=\"roger.straessle\" \/>\n<meta name=\"twitter:card\" content=\"summary_large_image\" \/>\n<script type=\"application\/ld+json\" class=\"yoast-schema-graph\">{\"@context\":\"https:\\\/\\\/schema.org\",\"@graph\":[{\"@type\":\"Article\",\"@id\":\"https:\\\/\\\/www.organisator.ch\\\/sustainability\\\/2021-04-07\\\/breite-akzeptanz-fuer-energiewende\\\/#article\",\"isPartOf\":{\"@id\":\"https:\\\/\\\/www.organisator.ch\\\/sustainability\\\/2021-04-07\\\/breite-akzeptanz-fuer-energiewende\\\/\"},\"author\":{\"name\":\"roger.straessle\",\"@id\":\"https:\\\/\\\/www.organisator.ch\\\/#\\\/schema\\\/person\\\/a800b8c54e208b160517a7dcc323161d\"},\"headline\":\"Breite Akzeptanz f\u00fcr Energiewende\",\"datePublished\":\"2021-04-07T15:39:07+00:00\",\"dateModified\":\"2022-02-09T10:06:09+00:00\",\"mainEntityOfPage\":{\"@id\":\"https:\\\/\\\/www.organisator.ch\\\/sustainability\\\/2021-04-07\\\/breite-akzeptanz-fuer-energiewende\\\/\"},\"wordCount\":445,\"publisher\":{\"@id\":\"https:\\\/\\\/www.organisator.ch\\\/#organization\"},\"image\":{\"@id\":\"https:\\\/\\\/www.organisator.ch\\\/sustainability\\\/2021-04-07\\\/breite-akzeptanz-fuer-energiewende\\\/#primaryimage\"},\"thumbnailUrl\":\"https:\\\/\\\/www.organisator.ch\\\/wp-content\\\/uploads\\\/2021\\\/04\\\/energiewende.jpg\",\"keywords\":[\"Energiewende\",\"Photovoltaik\",\"Schweizerische Energie-Stiftung SES\",\"sichere Stromversorgung\",\"Umfrage\"],\"articleSection\":[\"SUSTAINABILITY\"],\"inLanguage\":\"de\"},{\"@type\":\"WebPage\",\"@id\":\"https:\\\/\\\/www.organisator.ch\\\/sustainability\\\/2021-04-07\\\/breite-akzeptanz-fuer-energiewende\\\/\",\"url\":\"https:\\\/\\\/www.organisator.ch\\\/sustainability\\\/2021-04-07\\\/breite-akzeptanz-fuer-energiewende\\\/\",\"name\":\"Breite Akzeptanz f\u00fcr Energiewende - Organisator\",\"isPartOf\":{\"@id\":\"https:\\\/\\\/www.organisator.ch\\\/#website\"},\"primaryImageOfPage\":{\"@id\":\"https:\\\/\\\/www.organisator.ch\\\/sustainability\\\/2021-04-07\\\/breite-akzeptanz-fuer-energiewende\\\/#primaryimage\"},\"image\":{\"@id\":\"https:\\\/\\\/www.organisator.ch\\\/sustainability\\\/2021-04-07\\\/breite-akzeptanz-fuer-energiewende\\\/#primaryimage\"},\"thumbnailUrl\":\"https:\\\/\\\/www.organisator.ch\\\/wp-content\\\/uploads\\\/2021\\\/04\\\/energiewende.jpg\",\"datePublished\":\"2021-04-07T15:39:07+00:00\",\"dateModified\":\"2022-02-09T10:06:09+00:00\",\"breadcrumb\":{\"@id\":\"https:\\\/\\\/www.organisator.ch\\\/sustainability\\\/2021-04-07\\\/breite-akzeptanz-fuer-energiewende\\\/#breadcrumb\"},\"inLanguage\":\"de\",\"potentialAction\":[{\"@type\":\"ReadAction\",\"target\":[\"https:\\\/\\\/www.organisator.ch\\\/sustainability\\\/2021-04-07\\\/breite-akzeptanz-fuer-energiewende\\\/\"]}]},{\"@type\":\"ImageObject\",\"inLanguage\":\"de\",\"@id\":\"https:\\\/\\\/www.organisator.ch\\\/sustainability\\\/2021-04-07\\\/breite-akzeptanz-fuer-energiewende\\\/#primaryimage\",\"url\":\"https:\\\/\\\/www.organisator.ch\\\/wp-content\\\/uploads\\\/2021\\\/04\\\/energiewende.jpg\",\"contentUrl\":\"https:\\\/\\\/www.organisator.ch\\\/wp-content\\\/uploads\\\/2021\\\/04\\\/energiewende.jpg\",\"width\":662,\"height\":510,\"caption\":\"Ja (79%), eher Ja (17%), eher Nein (2%), Nein (1%), weiss nicht \\\/ keine Antwort (1%). \u00a9 SES\"},{\"@type\":\"BreadcrumbList\",\"@id\":\"https:\\\/\\\/www.organisator.ch\\\/sustainability\\\/2021-04-07\\\/breite-akzeptanz-fuer-energiewende\\\/#breadcrumb\",\"itemListElement\":[{\"@type\":\"ListItem\",\"position\":1,\"name\":\"Home\",\"item\":\"https:\\\/\\\/www.organisator.ch\\\/\"},{\"@type\":\"ListItem\",\"position\":2,\"name\":\"Breite Akzeptanz f\u00fcr Energiewende\"}]},{\"@type\":\"WebSite\",\"@id\":\"https:\\\/\\\/www.organisator.ch\\\/#website\",\"url\":\"https:\\\/\\\/www.organisator.ch\\\/\",\"name\":\"Organisator\",\"description\":\"Kompetent. Praxisnah. Der ORGANISATOR bereitet in 10 Ausgaben pro Jahr die wesentlichen Themen f\u00fcr F\u00fchrungskr\u00e4fte von KMU auf.\",\"publisher\":{\"@id\":\"https:\\\/\\\/www.organisator.ch\\\/#organization\"},\"potentialAction\":[{\"@type\":\"SearchAction\",\"target\":{\"@type\":\"EntryPoint\",\"urlTemplate\":\"https:\\\/\\\/www.organisator.ch\\\/?s={search_term_string}\"},\"query-input\":{\"@type\":\"PropertyValueSpecification\",\"valueRequired\":true,\"valueName\":\"search_term_string\"}}],\"inLanguage\":\"de\"},{\"@type\":\"Organization\",\"@id\":\"https:\\\/\\\/www.organisator.ch\\\/#organization\",\"name\":\"Organisator\",\"url\":\"https:\\\/\\\/www.organisator.ch\\\/\",\"logo\":{\"@type\":\"ImageObject\",\"inLanguage\":\"de\",\"@id\":\"https:\\\/\\\/www.organisator.ch\\\/#\\\/schema\\\/logo\\\/image\\\/\",\"url\":\"https:\\\/\\\/www.organisator.ch\\\/wp-content\\\/uploads\\\/2022\\\/01\\\/Logo_Organisator_Website.png\",\"contentUrl\":\"https:\\\/\\\/www.organisator.ch\\\/wp-content\\\/uploads\\\/2022\\\/01\\\/Logo_Organisator_Website.png\",\"width\":800,\"height\":77,\"caption\":\"Organisator\"},\"image\":{\"@id\":\"https:\\\/\\\/www.organisator.ch\\\/#\\\/schema\\\/logo\\\/image\\\/\"},\"sameAs\":[\"https:\\\/\\\/www.facebook.com\\\/OrganisatorFachmagazin\",\"https:\\\/\\\/www.linkedin.com\\\/showcase\\\/organisator-das-magazin-fr-kmu\",\"https:\\\/\\\/www.xing.com\\\/news\\\/pages\\\/organisator-ch-695\",\"https:\\\/\\\/www.youtube.com\\\/channel\\\/UCGP2Sq0iWaZwT3BdIAQFYpw\"]},{\"@type\":\"Person\",\"@id\":\"https:\\\/\\\/www.organisator.ch\\\/#\\\/schema\\\/person\\\/a800b8c54e208b160517a7dcc323161d\",\"name\":\"roger.straessle\",\"image\":{\"@type\":\"ImageObject\",\"inLanguage\":\"de\",\"@id\":\"https:\\\/\\\/secure.gravatar.com\\\/avatar\\\/?s=96&d=mm&r=g\",\"url\":\"https:\\\/\\\/secure.gravatar.com\\\/avatar\\\/?s=96&d=mm&r=g\",\"contentUrl\":\"https:\\\/\\\/secure.gravatar.com\\\/avatar\\\/?s=96&d=mm&r=g\",\"caption\":\"roger.straessle\"},\"url\":\"https:\\\/\\\/www.organisator.ch\\\/de\\\/author\\\/roger-straessle\\\/\"}]}<\/script>\n<!-- \/ Yoast SEO plugin. -->","yoast_head_json":{"title":"Breite Akzeptanz f\u00fcr Energiewende - Organisator","robots":{"index":"index","follow":"follow","max-snippet":"max-snippet:-1","max-image-preview":"max-image-preview:large","max-video-preview":"max-video-preview:-1"},"canonical":"https:\/\/www.organisator.ch\/de\/sustainability\/2021-04-07\/breite-akzeptanz-fuer-energiewende\/","og_locale":"de_DE","og_type":"article","og_title":"Breite Akzeptanz f\u00fcr Energiewende - Organisator","og_description":"Eine repr\u00e4sentative Bev\u00f6lkerungsumfrage, welche gfs-z\u00fcrich im November 2020 bei \u00fcber tausend Personen durchgef\u00fchrt hat, liefert eindr\u00fcckliche Erkenntnisse zur Akzeptanz der Energiewende in der Schweiz: 96 Prozent der Befragten bef\u00fcrworten das Ziel, den Strombedarf zuk\u00fcnftig mit erneuerbaren Energien zu decken (Diagramm 1). 89,5 Prozent sind der Meinung, die erneuerbaren Energien sollen im Inland produziert werden (Diagramm [&hellip;]","og_url":"https:\/\/www.organisator.ch\/de\/sustainability\/2021-04-07\/breite-akzeptanz-fuer-energiewende\/","og_site_name":"Organisator","article_publisher":"https:\/\/www.facebook.com\/OrganisatorFachmagazin","article_published_time":"2021-04-07T15:39:07+00:00","article_modified_time":"2022-02-09T10:06:09+00:00","og_image":[{"width":662,"height":510,"url":"https:\/\/www.organisator.ch\/wp-content\/uploads\/2021\/04\/energiewende.jpg","type":"image\/jpeg"}],"author":"roger.straessle","twitter_card":"summary_large_image","schema":{"@context":"https:\/\/schema.org","@graph":[{"@type":"Article","@id":"https:\/\/www.organisator.ch\/sustainability\/2021-04-07\/breite-akzeptanz-fuer-energiewende\/#article","isPartOf":{"@id":"https:\/\/www.organisator.ch\/sustainability\/2021-04-07\/breite-akzeptanz-fuer-energiewende\/"},"author":{"name":"roger.straessle","@id":"https:\/\/www.organisator.ch\/#\/schema\/person\/a800b8c54e208b160517a7dcc323161d"},"headline":"Breite Akzeptanz f\u00fcr Energiewende","datePublished":"2021-04-07T15:39:07+00:00","dateModified":"2022-02-09T10:06:09+00:00","mainEntityOfPage":{"@id":"https:\/\/www.organisator.ch\/sustainability\/2021-04-07\/breite-akzeptanz-fuer-energiewende\/"},"wordCount":445,"publisher":{"@id":"https:\/\/www.organisator.ch\/#organization"},"image":{"@id":"https:\/\/www.organisator.ch\/sustainability\/2021-04-07\/breite-akzeptanz-fuer-energiewende\/#primaryimage"},"thumbnailUrl":"https:\/\/www.organisator.ch\/wp-content\/uploads\/2021\/04\/energiewende.jpg","keywords":["Energiewende","Photovoltaik","Schweizerische Energie-Stiftung SES","sichere Stromversorgung","Umfrage"],"articleSection":["SUSTAINABILITY"],"inLanguage":"de"},{"@type":"WebPage","@id":"https:\/\/www.organisator.ch\/sustainability\/2021-04-07\/breite-akzeptanz-fuer-energiewende\/","url":"https:\/\/www.organisator.ch\/sustainability\/2021-04-07\/breite-akzeptanz-fuer-energiewende\/","name":"Breite Akzeptanz f\u00fcr Energiewende - Organisator","isPartOf":{"@id":"https:\/\/www.organisator.ch\/#website"},"primaryImageOfPage":{"@id":"https:\/\/www.organisator.ch\/sustainability\/2021-04-07\/breite-akzeptanz-fuer-energiewende\/#primaryimage"},"image":{"@id":"https:\/\/www.organisator.ch\/sustainability\/2021-04-07\/breite-akzeptanz-fuer-energiewende\/#primaryimage"},"thumbnailUrl":"https:\/\/www.organisator.ch\/wp-content\/uploads\/2021\/04\/energiewende.jpg","datePublished":"2021-04-07T15:39:07+00:00","dateModified":"2022-02-09T10:06:09+00:00","breadcrumb":{"@id":"https:\/\/www.organisator.ch\/sustainability\/2021-04-07\/breite-akzeptanz-fuer-energiewende\/#breadcrumb"},"inLanguage":"de","potentialAction":[{"@type":"ReadAction","target":["https:\/\/www.organisator.ch\/sustainability\/2021-04-07\/breite-akzeptanz-fuer-energiewende\/"]}]},{"@type":"ImageObject","inLanguage":"de","@id":"https:\/\/www.organisator.ch\/sustainability\/2021-04-07\/breite-akzeptanz-fuer-energiewende\/#primaryimage","url":"https:\/\/www.organisator.ch\/wp-content\/uploads\/2021\/04\/energiewende.jpg","contentUrl":"https:\/\/www.organisator.ch\/wp-content\/uploads\/2021\/04\/energiewende.jpg","width":662,"height":510,"caption":"Ja (79%), eher Ja (17%), eher Nein (2%), Nein (1%), weiss nicht \/ keine Antwort (1%). \u00a9 SES"},{"@type":"BreadcrumbList","@id":"https:\/\/www.organisator.ch\/sustainability\/2021-04-07\/breite-akzeptanz-fuer-energiewende\/#breadcrumb","itemListElement":[{"@type":"ListItem","position":1,"name":"Home","item":"https:\/\/www.organisator.ch\/"},{"@type":"ListItem","position":2,"name":"Breite Akzeptanz f\u00fcr Energiewende"}]},{"@type":"WebSite","@id":"https:\/\/www.organisator.ch\/#website","url":"https:\/\/www.organisator.ch\/","name":"Organisator","description":"Kompetent. Praxisnah. Der ORGANISATOR bereitet in 10 Ausgaben pro Jahr die wesentlichen Themen f\u00fcr F\u00fchrungskr\u00e4fte von KMU auf.","publisher":{"@id":"https:\/\/www.organisator.ch\/#organization"},"potentialAction":[{"@type":"SearchAction","target":{"@type":"EntryPoint","urlTemplate":"https:\/\/www.organisator.ch\/?s={search_term_string}"},"query-input":{"@type":"PropertyValueSpecification","valueRequired":true,"valueName":"search_term_string"}}],"inLanguage":"de"},{"@type":"Organization","@id":"https:\/\/www.organisator.ch\/#organization","name":"Organisator","url":"https:\/\/www.organisator.ch\/","logo":{"@type":"ImageObject","inLanguage":"de","@id":"https:\/\/www.organisator.ch\/#\/schema\/logo\/image\/","url":"https:\/\/www.organisator.ch\/wp-content\/uploads\/2022\/01\/Logo_Organisator_Website.png","contentUrl":"https:\/\/www.organisator.ch\/wp-content\/uploads\/2022\/01\/Logo_Organisator_Website.png","width":800,"height":77,"caption":"Organisator"},"image":{"@id":"https:\/\/www.organisator.ch\/#\/schema\/logo\/image\/"},"sameAs":["https:\/\/www.facebook.com\/OrganisatorFachmagazin","https:\/\/www.linkedin.com\/showcase\/organisator-das-magazin-fr-kmu","https:\/\/www.xing.com\/news\/pages\/organisator-ch-695","https:\/\/www.youtube.com\/channel\/UCGP2Sq0iWaZwT3BdIAQFYpw"]},{"@type":"Person","@id":"https:\/\/www.organisator.ch\/#\/schema\/person\/a800b8c54e208b160517a7dcc323161d","name":"roger.straessle","image":{"@type":"ImageObject","inLanguage":"de","@id":"https:\/\/secure.gravatar.com\/avatar\/?s=96&d=mm&r=g","url":"https:\/\/secure.gravatar.com\/avatar\/?s=96&d=mm&r=g","contentUrl":"https:\/\/secure.gravatar.com\/avatar\/?s=96&d=mm&r=g","caption":"roger.straessle"},"url":"https:\/\/www.organisator.ch\/de\/author\/roger-straessle\/"}]}},"_links":{"self":[{"href":"https:\/\/www.organisator.ch\/de\/wp-json\/wp\/v2\/posts\/10267","targetHints":{"allow":["GET"]}}],"collection":[{"href":"https:\/\/www.organisator.ch\/de\/wp-json\/wp\/v2\/posts"}],"about":[{"href":"https:\/\/www.organisator.ch\/de\/wp-json\/wp\/v2\/types\/post"}],"author":[{"embeddable":true,"href":"https:\/\/www.organisator.ch\/de\/wp-json\/wp\/v2\/users\/6"}],"replies":[{"embeddable":true,"href":"https:\/\/www.organisator.ch\/de\/wp-json\/wp\/v2\/comments?post=10267"}],"version-history":[{"count":1,"href":"https:\/\/www.organisator.ch\/de\/wp-json\/wp\/v2\/posts\/10267\/revisions"}],"predecessor-version":[{"id":10487,"href":"https:\/\/www.organisator.ch\/de\/wp-json\/wp\/v2\/posts\/10267\/revisions\/10487"}],"wp:featuredmedia":[{"embeddable":true,"href":"https:\/\/www.organisator.ch\/de\/wp-json\/wp\/v2\/media\/4045"}],"wp:attachment":[{"href":"https:\/\/www.organisator.ch\/de\/wp-json\/wp\/v2\/media?parent=10267"}],"wp:term":[{"taxonomy":"category","embeddable":true,"href":"https:\/\/www.organisator.ch\/de\/wp-json\/wp\/v2\/categories?post=10267"},{"taxonomy":"post_tag","embeddable":true,"href":"https:\/\/www.organisator.ch\/de\/wp-json\/wp\/v2\/tags?post=10267"}],"curies":[{"name":"wp","href":"https:\/\/api.w.org\/{rel}","templated":true}]}}