{"id":10268,"date":"2021-04-13T06:59:15","date_gmt":"2021-04-13T04:59:15","guid":{"rendered":"https:\/\/www.umweltperspektiven.ch\/?p=4089"},"modified":"2022-02-09T11:06:46","modified_gmt":"2022-02-09T10:06:46","slug":"schweiz-erreicht-klimaziel-nicht","status":"publish","type":"post","link":"https:\/\/www.organisator.ch\/de\/sustainability\/2021-04-13\/schweiz-erreicht-klimaziel-nicht\/","title":{"rendered":"Schweiz erreicht Klimaziel nicht"},"content":{"rendered":"<figure id=\"attachment_4091\" aria-describedby=\"caption-attachment-4091\" style=\"width: 680px\" class=\"wp-caption aligncenter\"><img loading=\"lazy\" decoding=\"async\" class=\"wp-image-4091 size-medium\" src=\"\/\/www.umweltperspektiven.ch\/wp-content\/uploads\/2021\/04\/Depositphotos_259018742_s-2019-1.jpg\" alt=\"Treibhausgasinventar\" width=\"680\" height=\"510\" srcset=\"https:\/\/www.organisator.ch\/wp-content\/uploads\/2021\/04\/Depositphotos_259018742_s-2019-1.jpg 1000w, https:\/\/www.organisator.ch\/wp-content\/uploads\/2021\/04\/Depositphotos_259018742_s-2019-1-680x510.jpg 680w, https:\/\/www.organisator.ch\/wp-content\/uploads\/2021\/04\/Depositphotos_259018742_s-2019-1-768x576.jpg 768w, https:\/\/www.organisator.ch\/wp-content\/uploads\/2021\/04\/Depositphotos_259018742_s-2019-1-16x12.jpg 16w, https:\/\/www.organisator.ch\/wp-content\/uploads\/2021\/04\/Depositphotos_259018742_s-2019-1-233x175.jpg 233w, https:\/\/www.organisator.ch\/wp-content\/uploads\/2021\/04\/Depositphotos_259018742_s-2019-1-467x350.jpg 467w, https:\/\/www.organisator.ch\/wp-content\/uploads\/2021\/04\/Depositphotos_259018742_s-2019-1-920x690.jpg 920w, https:\/\/www.organisator.ch\/wp-content\/uploads\/2021\/04\/Depositphotos_259018742_s-2019-1-300x225.jpg 300w\" sizes=\"auto, (max-width: 680px) 100vw, 680px\" \/><figcaption id=\"caption-attachment-4091\" class=\"wp-caption-text\">Wie gut steht der Geb\u00e4udesektor bez\u00fcglich Treibhausgasemissionen da? \u00a9 Depositphotos, YAYImages<\/figcaption><\/figure>\n<p>&nbsp;<\/p>\n<p>Die Treibhausgasemissionen in der Schweiz beliefen sich im Jahr 2019 auf 46,2 Millionen Tonnen CO2-\u00c4quivalente, rund 0,3 Millionen Tonnen weniger als 2018. Dies geht aus dem Treibhausgasinventar des Bundesamtes f\u00fcr Umwelt (Bafu) hervor. Die Emissionen lagen damit 14 Prozent tiefer als im Basisjahr 1990.<\/p>\n<p><strong>Geb\u00e4udesektor: 34 Prozent weniger Emissionen als 1990<\/strong><\/p>\n<p>Die Treibhausgasemissionen des Geb\u00e4udesektors betrugen im Jahr 2019 erneut 11,2 Millionen Tonnen CO2-\u00c4quivalente (CO2-eq). Sie lagen damit um 34 Prozent unter dem Wert im Basisjahr 1990. Dass die Emissionen trotz k\u00e4lterem Winter gegen\u00fcber 2018 gleich hoch geblieben sind, ist vor allem auf die verbesserte Energieeffizienz von Geb\u00e4uden und den zunehmenden Ersatz von \u00d6l- und Gasheizungen durch W\u00e4rmepumpen und erneuerbare Energien zur\u00fcckzuf\u00fchren. Der starke Einfluss der Wintertemperaturen auf die Emissionen zeigt, dass der Geb\u00e4udesektor weiterhin zu einem bedeutenden Anteil mit fossilen Brennstoffen beheizt wird. Rechnet man den Effekt der Witterung heraus, zeigt sich f\u00fcr den Sektor eine Abnahme der Emissionen um rund 0,3 Millionen Tonnen pro Jahr. Dieser Trend ist zu gering, um das Reduktionsziel von 40 Prozent bis 2020 zu erreichen.<\/p>\n<p><strong>Industriesektor: 14 Prozent weniger Emissionen als 1990<\/strong><\/p>\n<p>Die Industrie stiess im Jahr 2019 11,2 Millionen Tonnen CO2-eq aus, rund 14 Prozent weniger als im Basisjahr 1990. Die Emissionen blieben damit gegen\u00fcber dem Vorjahr unver\u00e4ndert. Der Ausstoss des Industriesektors verharrt in den letzten Jahren auf relativ stabilem Niveau. Setzt sich dieser Trend fort, wird das Reduktionsziel von 15 Prozent bis 2020 verfehlt.<\/p>\n<p><strong>Verkehrssektor: 1 Prozent mehr Emissionen als 1990<\/strong><\/p>\n<p>2019 betrug der Ausstoss des Verkehrssektors, wie bereits 2018, rund 15 Millionen Tonnen CO2-eq. Die Emissionen liegen damit weiterhin 1 Prozent \u00fcber dem Wert des Basisjahrs 1990. In den vergangenen Jahren hat zwar die Beimischung von Biotreibstoffen zugenommen; sie erreichte 2019 einen Anteil von fast 4 Prozent am gesamten Treibstoffabsatz. Auch haben effizientere Fahrzeuge zu sinkenden CO2-Emissionen pro Kilometer gef\u00fchrt. Die Zunahme der zur\u00fcckgelegten Kilometer machen diese positiven Effekte aber wieder zunichte. Bei gleichbleibendem Trend wird der Verkehrssektor das Ziel von minus 10 Prozent bis 2020 verfehlen.<\/p>\n<p><strong>\u00dcbrige Emissionen: Landwirtschaft und synthetische Treibhausgase<\/strong><\/p>\n<p>Die Emissionen der Landwirtschaft haben gegen\u00fcber 2018 leicht abgenommen und liegen auf etwa 6,5 Millionen Tonnen CO2-eq, rund 12 Prozent tiefer als im Basisjahr 1990. Der Ausstoss synthetischer Treibhausgase, wie zum Beispiel K\u00e4ltemittel, ist gegen\u00fcber 2018 leicht gesunken und liegt 2019 bei rund 1,6 Millionen Tonnen. Seit dem 1. Januar 2019 regelt das Montrealer Protokoll 18 wichtige synthetische Treibhausgase. Mit der Umsetzung des Protokolls \u2013 auch durch die Schweiz \u2013 wird ein deutlicher R\u00fcckgang der Emissionen dieser Gase erwartet. Die vorgesehene Reduktion der \u00fcbrigen Emissionen von rund 10 Prozent bis 2020 gegen\u00fcber 1990 wird die Schweiz vermutlich dennoch nicht erreichen.<\/p>\n<p>Basierend auf dem Treibhausgasinventar 2019 geht das Bafu davon aus, dass die Schweiz ihr Reduktionsziel gem\u00e4ss CO2-Gesetz von minus 20 Prozent Treibhausgasausstoss bis 2020 gegen\u00fcber 1990 insgesamt verfehlen wird. Um die Emissionen deutlich zu senken, ist eine Verst\u00e4rkung der Massnahmen, wie sie das revidierte CO2-Gesetz vorsieht, unumg\u00e4nglich.<\/p>\n<p><strong>Fazit<\/strong><\/p>\n<p>Laut Bafu verfehlt die Schweiz ihr nationales Klimaziel f\u00fcr 2020 von minus 20 Prozent Treibhausgasausstoss gegen\u00fcber 1990. Um die Emissionen deutlich zu senken, ist eine Verst\u00e4rkung der Massnahmen, wie sie das <a href=\"\/\/www.umweltperspektiven.ch\/was-das-revidierte-co2-gesetz-bewirken-will\/\">revidierte CO2-Gesetz<\/a> vorsieht, unumg\u00e4nglich.<\/p>\n<p><em>Quelle: Bafu<\/em><\/p>\n<p><em><a href=\"\/\/www.bafu.admin.ch\/bafu\/de\/home\/themen\/klima\/zustand\/daten\/treibhausgasinventar.html\">Treibhausgasinventar Schweiz<\/a><\/em><\/p>\n<p><a href=\"\/\/www.bafu.admin.ch\/bafu\/en\/home\/topics\/climate\/state\/data\/climate-reporting.html\"><em>Swiss climate reporting under the UNFCCC (verf\u00fcgbar in Englisch)<\/em><\/a><\/p>\n<p>&nbsp;<\/p>\n","protected":false},"excerpt":{"rendered":"<p>&nbsp; Die Treibhausgasemissionen in der Schweiz beliefen sich im Jahr 2019 auf 46,2 Millionen Tonnen CO2-\u00c4quivalente, rund 0,3 Millionen Tonnen weniger als 2018. Dies geht aus dem Treibhausgasinventar des Bundesamtes f\u00fcr Umwelt (Bafu) hervor. Die Emissionen lagen damit 14 Prozent tiefer als im Basisjahr 1990. Geb\u00e4udesektor: 34 Prozent weniger Emissionen als 1990 Die Treibhausgasemissionen des [&hellip;]<\/p>\n","protected":false},"author":6,"featured_media":4091,"comment_status":"closed","ping_status":"closed","sticky":false,"template":"","format":"standard","meta":{"_acf_changed":false,"_yoast_wpseo_focuskw":"Treibhausgasinventar","_yoast_wpseo_metadesc":"Das Bafu hat das Schweizer Treibhausgasinventar f\u00fcr die Jahre 1990\u20132019 am 12. April 2021 beim UNO-Klimasekretariat eingereicht.","articlekey":"","footnotes":""},"categories":[580],"tags":[762,886,597,1254,1403,1582,2327,2409,2457],"class_list":["post-10268","post","type-post","status-publish","format-standard","has-post-thumbnail","hentry","category-sustainability","tag-bafu","tag-bundesamt-fuer-umwelt","tag-co2-gesetz","tag-gebaeudesektor","tag-indsutriesektor","tag-kyoto-protokoll","tag-treibhausgasinventar","tag-uno-klimasekretariat","tag-verkehrssektor"],"acf":[],"yoast_head":"<!-- This site is optimized with the Yoast SEO plugin v27.4 - https:\/\/yoast.com\/product\/yoast-seo-wordpress\/ -->\n<title>Schweiz erreicht Klimaziel nicht - Organisator<\/title>\n<meta name=\"description\" content=\"Das Bafu hat das Schweizer Treibhausgasinventar f\u00fcr die Jahre 1990\u20132019 am 12. April 2021 beim UNO-Klimasekretariat eingereicht.\" \/>\n<meta name=\"robots\" content=\"index, follow, max-snippet:-1, max-image-preview:large, max-video-preview:-1\" \/>\n<link rel=\"canonical\" href=\"https:\/\/www.organisator.ch\/de\/sustainability\/2021-04-13\/schweiz-erreicht-klimaziel-nicht\/\" \/>\n<meta property=\"og:locale\" content=\"de_DE\" \/>\n<meta property=\"og:type\" content=\"article\" \/>\n<meta property=\"og:title\" content=\"Schweiz erreicht Klimaziel nicht - Organisator\" \/>\n<meta property=\"og:description\" content=\"Das Bafu hat das Schweizer Treibhausgasinventar f\u00fcr die Jahre 1990\u20132019 am 12. April 2021 beim UNO-Klimasekretariat eingereicht.\" \/>\n<meta property=\"og:url\" content=\"https:\/\/www.organisator.ch\/de\/sustainability\/2021-04-13\/schweiz-erreicht-klimaziel-nicht\/\" \/>\n<meta property=\"og:site_name\" content=\"Organisator\" \/>\n<meta property=\"article:publisher\" content=\"https:\/\/www.facebook.com\/OrganisatorFachmagazin\" \/>\n<meta property=\"article:published_time\" content=\"2021-04-13T04:59:15+00:00\" \/>\n<meta property=\"article:modified_time\" content=\"2022-02-09T10:06:46+00:00\" \/>\n<meta property=\"og:image\" content=\"https:\/\/www.organisator.ch\/wp-content\/uploads\/2021\/04\/Depositphotos_259018742_s-2019-1.jpg\" \/>\n\t<meta property=\"og:image:width\" content=\"1000\" \/>\n\t<meta property=\"og:image:height\" content=\"750\" \/>\n\t<meta property=\"og:image:type\" content=\"image\/jpeg\" \/>\n<meta name=\"author\" content=\"roger.straessle\" \/>\n<meta name=\"twitter:card\" content=\"summary_large_image\" \/>\n<script type=\"application\/ld+json\" class=\"yoast-schema-graph\">{\"@context\":\"https:\\\/\\\/schema.org\",\"@graph\":[{\"@type\":\"Article\",\"@id\":\"https:\\\/\\\/www.organisator.ch\\\/sustainability\\\/2021-04-13\\\/schweiz-erreicht-klimaziel-nicht\\\/#article\",\"isPartOf\":{\"@id\":\"https:\\\/\\\/www.organisator.ch\\\/sustainability\\\/2021-04-13\\\/schweiz-erreicht-klimaziel-nicht\\\/\"},\"author\":{\"name\":\"roger.straessle\",\"@id\":\"https:\\\/\\\/www.organisator.ch\\\/#\\\/schema\\\/person\\\/a800b8c54e208b160517a7dcc323161d\"},\"headline\":\"Schweiz erreicht Klimaziel nicht\",\"datePublished\":\"2021-04-13T04:59:15+00:00\",\"dateModified\":\"2022-02-09T10:06:46+00:00\",\"mainEntityOfPage\":{\"@id\":\"https:\\\/\\\/www.organisator.ch\\\/sustainability\\\/2021-04-13\\\/schweiz-erreicht-klimaziel-nicht\\\/\"},\"wordCount\":538,\"publisher\":{\"@id\":\"https:\\\/\\\/www.organisator.ch\\\/#organization\"},\"image\":{\"@id\":\"https:\\\/\\\/www.organisator.ch\\\/sustainability\\\/2021-04-13\\\/schweiz-erreicht-klimaziel-nicht\\\/#primaryimage\"},\"thumbnailUrl\":\"https:\\\/\\\/www.organisator.ch\\\/wp-content\\\/uploads\\\/2021\\\/04\\\/Depositphotos_259018742_s-2019-1.jpg\",\"keywords\":[\"BAFU\",\"Bundesamt f\u00fcr Umwelt\",\"CO2-Gesetz\",\"Geb\u00e4udesektor\",\"Indsutriesektor\",\"Kyoto-Protokoll\",\"Treibhausgasinventar\",\"UNO-Klimasekretariat\",\"Verkehrssektor\"],\"articleSection\":[\"SUSTAINABILITY\"],\"inLanguage\":\"de\"},{\"@type\":\"WebPage\",\"@id\":\"https:\\\/\\\/www.organisator.ch\\\/sustainability\\\/2021-04-13\\\/schweiz-erreicht-klimaziel-nicht\\\/\",\"url\":\"https:\\\/\\\/www.organisator.ch\\\/sustainability\\\/2021-04-13\\\/schweiz-erreicht-klimaziel-nicht\\\/\",\"name\":\"Schweiz erreicht Klimaziel nicht - Organisator\",\"isPartOf\":{\"@id\":\"https:\\\/\\\/www.organisator.ch\\\/#website\"},\"primaryImageOfPage\":{\"@id\":\"https:\\\/\\\/www.organisator.ch\\\/sustainability\\\/2021-04-13\\\/schweiz-erreicht-klimaziel-nicht\\\/#primaryimage\"},\"image\":{\"@id\":\"https:\\\/\\\/www.organisator.ch\\\/sustainability\\\/2021-04-13\\\/schweiz-erreicht-klimaziel-nicht\\\/#primaryimage\"},\"thumbnailUrl\":\"https:\\\/\\\/www.organisator.ch\\\/wp-content\\\/uploads\\\/2021\\\/04\\\/Depositphotos_259018742_s-2019-1.jpg\",\"datePublished\":\"2021-04-13T04:59:15+00:00\",\"dateModified\":\"2022-02-09T10:06:46+00:00\",\"description\":\"Das Bafu hat das Schweizer Treibhausgasinventar f\u00fcr die Jahre 1990\u20132019 am 12. April 2021 beim UNO-Klimasekretariat eingereicht.\",\"breadcrumb\":{\"@id\":\"https:\\\/\\\/www.organisator.ch\\\/sustainability\\\/2021-04-13\\\/schweiz-erreicht-klimaziel-nicht\\\/#breadcrumb\"},\"inLanguage\":\"de\",\"potentialAction\":[{\"@type\":\"ReadAction\",\"target\":[\"https:\\\/\\\/www.organisator.ch\\\/sustainability\\\/2021-04-13\\\/schweiz-erreicht-klimaziel-nicht\\\/\"]}]},{\"@type\":\"ImageObject\",\"inLanguage\":\"de\",\"@id\":\"https:\\\/\\\/www.organisator.ch\\\/sustainability\\\/2021-04-13\\\/schweiz-erreicht-klimaziel-nicht\\\/#primaryimage\",\"url\":\"https:\\\/\\\/www.organisator.ch\\\/wp-content\\\/uploads\\\/2021\\\/04\\\/Depositphotos_259018742_s-2019-1.jpg\",\"contentUrl\":\"https:\\\/\\\/www.organisator.ch\\\/wp-content\\\/uploads\\\/2021\\\/04\\\/Depositphotos_259018742_s-2019-1.jpg\",\"width\":1000,\"height\":750,\"caption\":\"\u00a9 Depositphotos, YAYImages\"},{\"@type\":\"BreadcrumbList\",\"@id\":\"https:\\\/\\\/www.organisator.ch\\\/sustainability\\\/2021-04-13\\\/schweiz-erreicht-klimaziel-nicht\\\/#breadcrumb\",\"itemListElement\":[{\"@type\":\"ListItem\",\"position\":1,\"name\":\"Home\",\"item\":\"https:\\\/\\\/www.organisator.ch\\\/\"},{\"@type\":\"ListItem\",\"position\":2,\"name\":\"Schweiz erreicht Klimaziel nicht\"}]},{\"@type\":\"WebSite\",\"@id\":\"https:\\\/\\\/www.organisator.ch\\\/#website\",\"url\":\"https:\\\/\\\/www.organisator.ch\\\/\",\"name\":\"Organisator\",\"description\":\"Kompetent. Praxisnah. Der ORGANISATOR bereitet in 10 Ausgaben pro Jahr die wesentlichen Themen f\u00fcr F\u00fchrungskr\u00e4fte von KMU auf.\",\"publisher\":{\"@id\":\"https:\\\/\\\/www.organisator.ch\\\/#organization\"},\"potentialAction\":[{\"@type\":\"SearchAction\",\"target\":{\"@type\":\"EntryPoint\",\"urlTemplate\":\"https:\\\/\\\/www.organisator.ch\\\/?s={search_term_string}\"},\"query-input\":{\"@type\":\"PropertyValueSpecification\",\"valueRequired\":true,\"valueName\":\"search_term_string\"}}],\"inLanguage\":\"de\"},{\"@type\":\"Organization\",\"@id\":\"https:\\\/\\\/www.organisator.ch\\\/#organization\",\"name\":\"Organisator\",\"url\":\"https:\\\/\\\/www.organisator.ch\\\/\",\"logo\":{\"@type\":\"ImageObject\",\"inLanguage\":\"de\",\"@id\":\"https:\\\/\\\/www.organisator.ch\\\/#\\\/schema\\\/logo\\\/image\\\/\",\"url\":\"https:\\\/\\\/www.organisator.ch\\\/wp-content\\\/uploads\\\/2022\\\/01\\\/Logo_Organisator_Website.png\",\"contentUrl\":\"https:\\\/\\\/www.organisator.ch\\\/wp-content\\\/uploads\\\/2022\\\/01\\\/Logo_Organisator_Website.png\",\"width\":800,\"height\":77,\"caption\":\"Organisator\"},\"image\":{\"@id\":\"https:\\\/\\\/www.organisator.ch\\\/#\\\/schema\\\/logo\\\/image\\\/\"},\"sameAs\":[\"https:\\\/\\\/www.facebook.com\\\/OrganisatorFachmagazin\",\"https:\\\/\\\/www.linkedin.com\\\/showcase\\\/organisator-das-magazin-fr-kmu\",\"https:\\\/\\\/www.xing.com\\\/news\\\/pages\\\/organisator-ch-695\",\"https:\\\/\\\/www.youtube.com\\\/channel\\\/UCGP2Sq0iWaZwT3BdIAQFYpw\"]},{\"@type\":\"Person\",\"@id\":\"https:\\\/\\\/www.organisator.ch\\\/#\\\/schema\\\/person\\\/a800b8c54e208b160517a7dcc323161d\",\"name\":\"roger.straessle\",\"image\":{\"@type\":\"ImageObject\",\"inLanguage\":\"de\",\"@id\":\"https:\\\/\\\/secure.gravatar.com\\\/avatar\\\/?s=96&d=mm&r=g\",\"url\":\"https:\\\/\\\/secure.gravatar.com\\\/avatar\\\/?s=96&d=mm&r=g\",\"contentUrl\":\"https:\\\/\\\/secure.gravatar.com\\\/avatar\\\/?s=96&d=mm&r=g\",\"caption\":\"roger.straessle\"},\"url\":\"https:\\\/\\\/www.organisator.ch\\\/de\\\/author\\\/roger-straessle\\\/\"}]}<\/script>\n<!-- \/ Yoast SEO plugin. -->","yoast_head_json":{"title":"Schweiz erreicht Klimaziel nicht - Organisator","description":"Das Bafu hat das Schweizer Treibhausgasinventar f\u00fcr die Jahre 1990\u20132019 am 12. April 2021 beim UNO-Klimasekretariat eingereicht.","robots":{"index":"index","follow":"follow","max-snippet":"max-snippet:-1","max-image-preview":"max-image-preview:large","max-video-preview":"max-video-preview:-1"},"canonical":"https:\/\/www.organisator.ch\/de\/sustainability\/2021-04-13\/schweiz-erreicht-klimaziel-nicht\/","og_locale":"de_DE","og_type":"article","og_title":"Schweiz erreicht Klimaziel nicht - Organisator","og_description":"Das Bafu hat das Schweizer Treibhausgasinventar f\u00fcr die Jahre 1990\u20132019 am 12. April 2021 beim UNO-Klimasekretariat eingereicht.","og_url":"https:\/\/www.organisator.ch\/de\/sustainability\/2021-04-13\/schweiz-erreicht-klimaziel-nicht\/","og_site_name":"Organisator","article_publisher":"https:\/\/www.facebook.com\/OrganisatorFachmagazin","article_published_time":"2021-04-13T04:59:15+00:00","article_modified_time":"2022-02-09T10:06:46+00:00","og_image":[{"width":1000,"height":750,"url":"https:\/\/www.organisator.ch\/wp-content\/uploads\/2021\/04\/Depositphotos_259018742_s-2019-1.jpg","type":"image\/jpeg"}],"author":"roger.straessle","twitter_card":"summary_large_image","schema":{"@context":"https:\/\/schema.org","@graph":[{"@type":"Article","@id":"https:\/\/www.organisator.ch\/sustainability\/2021-04-13\/schweiz-erreicht-klimaziel-nicht\/#article","isPartOf":{"@id":"https:\/\/www.organisator.ch\/sustainability\/2021-04-13\/schweiz-erreicht-klimaziel-nicht\/"},"author":{"name":"roger.straessle","@id":"https:\/\/www.organisator.ch\/#\/schema\/person\/a800b8c54e208b160517a7dcc323161d"},"headline":"Schweiz erreicht Klimaziel nicht","datePublished":"2021-04-13T04:59:15+00:00","dateModified":"2022-02-09T10:06:46+00:00","mainEntityOfPage":{"@id":"https:\/\/www.organisator.ch\/sustainability\/2021-04-13\/schweiz-erreicht-klimaziel-nicht\/"},"wordCount":538,"publisher":{"@id":"https:\/\/www.organisator.ch\/#organization"},"image":{"@id":"https:\/\/www.organisator.ch\/sustainability\/2021-04-13\/schweiz-erreicht-klimaziel-nicht\/#primaryimage"},"thumbnailUrl":"https:\/\/www.organisator.ch\/wp-content\/uploads\/2021\/04\/Depositphotos_259018742_s-2019-1.jpg","keywords":["BAFU","Bundesamt f\u00fcr Umwelt","CO2-Gesetz","Geb\u00e4udesektor","Indsutriesektor","Kyoto-Protokoll","Treibhausgasinventar","UNO-Klimasekretariat","Verkehrssektor"],"articleSection":["SUSTAINABILITY"],"inLanguage":"de"},{"@type":"WebPage","@id":"https:\/\/www.organisator.ch\/sustainability\/2021-04-13\/schweiz-erreicht-klimaziel-nicht\/","url":"https:\/\/www.organisator.ch\/sustainability\/2021-04-13\/schweiz-erreicht-klimaziel-nicht\/","name":"Schweiz erreicht Klimaziel nicht - Organisator","isPartOf":{"@id":"https:\/\/www.organisator.ch\/#website"},"primaryImageOfPage":{"@id":"https:\/\/www.organisator.ch\/sustainability\/2021-04-13\/schweiz-erreicht-klimaziel-nicht\/#primaryimage"},"image":{"@id":"https:\/\/www.organisator.ch\/sustainability\/2021-04-13\/schweiz-erreicht-klimaziel-nicht\/#primaryimage"},"thumbnailUrl":"https:\/\/www.organisator.ch\/wp-content\/uploads\/2021\/04\/Depositphotos_259018742_s-2019-1.jpg","datePublished":"2021-04-13T04:59:15+00:00","dateModified":"2022-02-09T10:06:46+00:00","description":"Das Bafu hat das Schweizer Treibhausgasinventar f\u00fcr die Jahre 1990\u20132019 am 12. April 2021 beim UNO-Klimasekretariat eingereicht.","breadcrumb":{"@id":"https:\/\/www.organisator.ch\/sustainability\/2021-04-13\/schweiz-erreicht-klimaziel-nicht\/#breadcrumb"},"inLanguage":"de","potentialAction":[{"@type":"ReadAction","target":["https:\/\/www.organisator.ch\/sustainability\/2021-04-13\/schweiz-erreicht-klimaziel-nicht\/"]}]},{"@type":"ImageObject","inLanguage":"de","@id":"https:\/\/www.organisator.ch\/sustainability\/2021-04-13\/schweiz-erreicht-klimaziel-nicht\/#primaryimage","url":"https:\/\/www.organisator.ch\/wp-content\/uploads\/2021\/04\/Depositphotos_259018742_s-2019-1.jpg","contentUrl":"https:\/\/www.organisator.ch\/wp-content\/uploads\/2021\/04\/Depositphotos_259018742_s-2019-1.jpg","width":1000,"height":750,"caption":"\u00a9 Depositphotos, YAYImages"},{"@type":"BreadcrumbList","@id":"https:\/\/www.organisator.ch\/sustainability\/2021-04-13\/schweiz-erreicht-klimaziel-nicht\/#breadcrumb","itemListElement":[{"@type":"ListItem","position":1,"name":"Home","item":"https:\/\/www.organisator.ch\/"},{"@type":"ListItem","position":2,"name":"Schweiz erreicht Klimaziel nicht"}]},{"@type":"WebSite","@id":"https:\/\/www.organisator.ch\/#website","url":"https:\/\/www.organisator.ch\/","name":"Organisator","description":"Kompetent. Praxisnah. Der ORGANISATOR bereitet in 10 Ausgaben pro Jahr die wesentlichen Themen f\u00fcr F\u00fchrungskr\u00e4fte von KMU auf.","publisher":{"@id":"https:\/\/www.organisator.ch\/#organization"},"potentialAction":[{"@type":"SearchAction","target":{"@type":"EntryPoint","urlTemplate":"https:\/\/www.organisator.ch\/?s={search_term_string}"},"query-input":{"@type":"PropertyValueSpecification","valueRequired":true,"valueName":"search_term_string"}}],"inLanguage":"de"},{"@type":"Organization","@id":"https:\/\/www.organisator.ch\/#organization","name":"Organisator","url":"https:\/\/www.organisator.ch\/","logo":{"@type":"ImageObject","inLanguage":"de","@id":"https:\/\/www.organisator.ch\/#\/schema\/logo\/image\/","url":"https:\/\/www.organisator.ch\/wp-content\/uploads\/2022\/01\/Logo_Organisator_Website.png","contentUrl":"https:\/\/www.organisator.ch\/wp-content\/uploads\/2022\/01\/Logo_Organisator_Website.png","width":800,"height":77,"caption":"Organisator"},"image":{"@id":"https:\/\/www.organisator.ch\/#\/schema\/logo\/image\/"},"sameAs":["https:\/\/www.facebook.com\/OrganisatorFachmagazin","https:\/\/www.linkedin.com\/showcase\/organisator-das-magazin-fr-kmu","https:\/\/www.xing.com\/news\/pages\/organisator-ch-695","https:\/\/www.youtube.com\/channel\/UCGP2Sq0iWaZwT3BdIAQFYpw"]},{"@type":"Person","@id":"https:\/\/www.organisator.ch\/#\/schema\/person\/a800b8c54e208b160517a7dcc323161d","name":"roger.straessle","image":{"@type":"ImageObject","inLanguage":"de","@id":"https:\/\/secure.gravatar.com\/avatar\/?s=96&d=mm&r=g","url":"https:\/\/secure.gravatar.com\/avatar\/?s=96&d=mm&r=g","contentUrl":"https:\/\/secure.gravatar.com\/avatar\/?s=96&d=mm&r=g","caption":"roger.straessle"},"url":"https:\/\/www.organisator.ch\/de\/author\/roger-straessle\/"}]}},"_links":{"self":[{"href":"https:\/\/www.organisator.ch\/de\/wp-json\/wp\/v2\/posts\/10268","targetHints":{"allow":["GET"]}}],"collection":[{"href":"https:\/\/www.organisator.ch\/de\/wp-json\/wp\/v2\/posts"}],"about":[{"href":"https:\/\/www.organisator.ch\/de\/wp-json\/wp\/v2\/types\/post"}],"author":[{"embeddable":true,"href":"https:\/\/www.organisator.ch\/de\/wp-json\/wp\/v2\/users\/6"}],"replies":[{"embeddable":true,"href":"https:\/\/www.organisator.ch\/de\/wp-json\/wp\/v2\/comments?post=10268"}],"version-history":[{"count":1,"href":"https:\/\/www.organisator.ch\/de\/wp-json\/wp\/v2\/posts\/10268\/revisions"}],"predecessor-version":[{"id":10653,"href":"https:\/\/www.organisator.ch\/de\/wp-json\/wp\/v2\/posts\/10268\/revisions\/10653"}],"wp:featuredmedia":[{"embeddable":true,"href":"https:\/\/www.organisator.ch\/de\/wp-json\/wp\/v2\/media\/4091"}],"wp:attachment":[{"href":"https:\/\/www.organisator.ch\/de\/wp-json\/wp\/v2\/media?parent=10268"}],"wp:term":[{"taxonomy":"category","embeddable":true,"href":"https:\/\/www.organisator.ch\/de\/wp-json\/wp\/v2\/categories?post=10268"},{"taxonomy":"post_tag","embeddable":true,"href":"https:\/\/www.organisator.ch\/de\/wp-json\/wp\/v2\/tags?post=10268"}],"curies":[{"name":"wp","href":"https:\/\/api.w.org\/{rel}","templated":true}]}}