{"id":1027,"date":"2016-08-09T08:44:59","date_gmt":"2016-08-09T06:44:59","guid":{"rendered":"http:\/\/dev.organisator.ch\/?p=1027"},"modified":"2016-08-09T08:44:59","modified_gmt":"2016-08-09T06:44:59","slug":"unternehmen-im-preiskrieg-sieben-strategische-massnahmen","status":"publish","type":"post","link":"https:\/\/www.organisator.ch\/de\/management\/2016-08-09\/unternehmen-im-preiskrieg-sieben-strategische-massnahmen\/","title":{"rendered":"Unternehmen im Preiskrieg: Sieben strategische Massnahmen"},"content":{"rendered":"<figure id=\"attachment_1028\" aria-describedby=\"caption-attachment-1028\" style=\"width: 480px\" class=\"wp-caption alignnone\"><img loading=\"lazy\" decoding=\"async\" class=\"size-full wp-image-1028\" src=\"https:\/\/www.organisator.ch\/wp-content\/uploads\/2016\/12\/Unternehmen-im-Preiskrieg-Sieben-strategische-Massnahmen-organisator.jpg\" alt=\"\" width=\"480\" height=\"480\" srcset=\"https:\/\/www.organisator.ch\/wp-content\/uploads\/2016\/12\/Unternehmen-im-Preiskrieg-Sieben-strategische-Massnahmen-organisator.jpg 480w, https:\/\/www.organisator.ch\/wp-content\/uploads\/2016\/12\/Unternehmen-im-Preiskrieg-Sieben-strategische-Massnahmen-organisator-150x150.jpg 150w, https:\/\/www.organisator.ch\/wp-content\/uploads\/2016\/12\/Unternehmen-im-Preiskrieg-Sieben-strategische-Massnahmen-organisator-12x12.jpg 12w, https:\/\/www.organisator.ch\/wp-content\/uploads\/2016\/12\/Unternehmen-im-Preiskrieg-Sieben-strategische-Massnahmen-organisator-175x175.jpg 175w, https:\/\/www.organisator.ch\/wp-content\/uploads\/2016\/12\/Unternehmen-im-Preiskrieg-Sieben-strategische-Massnahmen-organisator-350x350.jpg 350w, https:\/\/www.organisator.ch\/wp-content\/uploads\/2016\/12\/Unternehmen-im-Preiskrieg-Sieben-strategische-Massnahmen-organisator-250x250.jpg 250w, https:\/\/www.organisator.ch\/wp-content\/uploads\/2016\/12\/Unternehmen-im-Preiskrieg-Sieben-strategische-Massnahmen-organisator-300x300.jpg 300w, https:\/\/www.organisator.ch\/wp-content\/uploads\/2016\/12\/Unternehmen-im-Preiskrieg-Sieben-strategische-Massnahmen-organisator-100x100.jpg 100w\" sizes=\"auto, (max-width: 480px) 100vw, 480px\" \/><figcaption id=\"caption-attachment-1028\" class=\"wp-caption-text\">Rabattschlacht ohne Ende: Viele Unternehmen sehen sich in einem veritablen Preiskrieg. (Bild: Fotolia.com)<\/figcaption><\/figure>\n<p>Der j\u00fcngste Landesindex der Konsumentenpreise vermeldet eine sinkende Teuerung: In der Schweiz wurde Einkaufen &#8211; etwa von Kleidern und Schuhen &#8211; im letzten Monat erneut g\u00fcnstiger, und zwar um 0,4 Prozent. W\u00e4hrend dies die Konsumenten freut, haben Unternehmen nichts zu lachen, wie die j\u00fcngste Global Pricing Studie des Beratungsunternehmens Simon Kucher &amp; Partners zeigt: Acht von zehn Unternehmen klagen branchen\u00fcbergreifend \u00fcber steigenden Preisdruck. Ein Gro\u00dfteil (49 Prozent) sieht sich gar in einem Preiskrieg. Dies geht aus einer Befragung von rund 2.200 Managern aus leitenden Positionen von Unternehmen aller Branchen\u00a0in mehr als 40 L\u00e4ndern hervor.<\/p>\n<p><strong>Marge geht 2016 weiter zur\u00fcck<\/strong><\/p>\n<p>Als wichtigsten Grund f\u00fcr den erh\u00f6hten Preisdruck nennen die Befragten den st\u00e4rkeren Wettbewerb mit Niedrigpreisanbietern und die gr\u00f6\u00dfere Verhandlungsmacht der Kunden. Die Folge: Es ist momentan sehr schwer Gewinnmargen zu verbessern. Nur sechs von zehn Unternehmen geben in der Studie an, ihre Margen gegen\u00fcber dem Vorjahr gesteigert zu haben. \u201eDas Problem wird sich weiter versch\u00e4rfen, denn Lohnsteigerungen f\u00fchren in vielen Branchen zu Kostenerh\u00f6hungen von bis zu drei Prozent\u201c, sagt Dr. Georg Tacke, CEO bei Simon-Kucher &amp; Partners, \u201edas zehrt weiter an den Gewinnen\u201c. Deutsche Unternehmen etwa sprechen von einem Margenr\u00fcckgang von 0,7 Prozent.<\/p>\n<p><strong>Die erfolgreichsten Unternehmen sind auch im Pricing professioneller<\/strong><\/p>\n<p>Vor diesem Hintergrund gestehen sich die meisten Unternehmen ein, dass sie bisher zu wenig in ihr Preismanagement investiert haben. 87 Prozent der Befragten sehen einen signifikanten Verbesserungsbedarf bei Preisstrategie, Preissteuerung und den unterst\u00fctzenden Tools. Dass sich dies durchaus lohnt, zeigen die \u201aBesten\u2018 der Global Pricing Study, zu denen 13 Prozent der Unternehmen geh\u00f6ren. Durch Investitionen in ihr Preismanagement sind sie in einer sehr viel besseren Position als die Wettbewerber. Ihre Gewinne liegen gemessen an der EBITDA-Marge um rund ein Viertel (27 Prozent) h\u00f6her als beim \u201aRest\u2018.Dazu Tacke: \u201eSolche Zahlen kommen nicht von ungef\u00e4hr. Die Besten sind nahezu auf allen Pricing-Gebieten professioneller. Beispielsweise organisieren sie regelm\u00e4\u00dfige Preiserh\u00f6hungen als funktions\u00fcbergreifende Projekte. In der Folge ist die Preisdurchsetzungsrate 38 Prozent h\u00f6her als beim \u201aRest\u2018\u201c.<\/p>\n<p><strong>Neue Produkte und bessere Wertkommunikation gegen den Preisdruck<\/strong><\/p>\n<p>Die gute Nachricht: Laut Studie haben fast alle Unternehmen \u2013 nicht nur die Besten \u2013mittlerweile erkannt, dass sie sich systematisch gegen den zunehmenden Preisdruck wehren m\u00fcssen. Zwei Drittel der Unternehmen (66 Prozent) setzen auf neue Produkte, um dem Preisdruck zu entgehen. F\u00fcr die H\u00e4lfte aller Befragten (50 Prozent) ist eine verbesserte Wertkommunikation der Produkte die geeignetste Option. \u201eDas sind wichtige erste Schritte. Um das Niveau der Besten zu erreichen, sind aber drei bis f\u00fcnf Jahre harte Arbeit n\u00f6tig\u201c, wei\u00df Tacke.<\/p>\n<p><strong>Sieben Sofortmassnahmen auf strategischer Ebene<\/strong><\/p>\n<p>Als Konsequenz aus den\u00a0Ergebnissen der Befragung empfehlen die Studienautoren sieben strategische Massnahmen, die F\u00fchrungskr\u00e4fte und Manager anwenden k\u00f6nnen, um dem Preisdruck zu entkommen und Gewinne zu steigern:<strong>\u00a0<\/strong><\/p>\n<ol>\n<li><strong>Priorit\u00e4ten:<\/strong> Machen Sie Preisstrategie und -management zu Ihrer Top-Priorit\u00e4t: Keine Preissenkungen ohne Detailpr\u00fcfung<\/li>\n<li><strong>Ehrgeiz:<\/strong> Setzen Sie ambitioniertere Preisziele<\/li>\n<li><strong>Ma\u00dfgeschneidertes Preismanagement:<\/strong> Entwickeln Sie spezifische Preisstrategien anstatt sich auf Standardl\u00f6sungen zu verlassen<\/li>\n<li><strong>Anreize setzen:<\/strong> Preiserh\u00f6hungen bergen oft Absatzrisiken und vice versa. Stellen Sie sicher, dass Ihre Anreizsysteme neben dem Absatz auch die positive Preisentwicklung honorieren.<\/li>\n<li><strong>Mitarbeiter &amp; Organisation:<\/strong> Investieren Sie in den Aufbau einer Pricing-Abteilung und Pricing-Kompetenzen, legen Sie Rollen und Verantwortlichkeiten im Preisprozess fest<\/li>\n<li><strong>F\u00fchrung:<\/strong> Setzen Sie Entscheidungen zur Preisstrategie regelm\u00e4\u00dfig auf die Agenda der Vorstandssitzungen.<\/li>\n<li><strong>\u201eDigital-ready\u201c:<\/strong> Pr\u00fcfen Sie ob Ihr Preismodell f\u00fcr das digitale Zeitalter ger\u00fcstet ist<\/li>\n<\/ol>\n<p><em>Quelle: <a href=\"http:\/\/www.simon-kucher.com\" target=\"_blank\" rel=\"noreferrer noopener\" data-cke-saved-href=\"http:\/\/www.simon-kucher.com\">Simon Kucher &amp; Partner<\/a><\/em><\/p>\n","protected":false},"excerpt":{"rendered":"<p>Der j\u00fcngste Landesindex der Konsumentenpreise vermeldet eine sinkende Teuerung: In der Schweiz wurde Einkaufen &#8211; etwa von Kleidern und Schuhen &#8211; im letzten Monat erneut g\u00fcnstiger, und zwar um 0,4 Prozent. W\u00e4hrend dies die Konsumenten freut, haben Unternehmen nichts zu lachen, wie die j\u00fcngste Global Pricing Studie des Beratungsunternehmens Simon Kucher &amp; Partners zeigt: Acht [&hellip;]<\/p>\n","protected":false},"author":1,"featured_media":1028,"comment_status":"open","ping_status":"open","sticky":false,"template":"","format":"standard","meta":{"_acf_changed":false,"_yoast_wpseo_focuskw":"Preiskrieg","_yoast_wpseo_metadesc":"Mehr Niedrigpreiswettbewerb und gr\u00f6\u00dfere Verhandlungsmacht der Kunden \u2013 das sind nur zwei Gr\u00fcnde f\u00fcr den zunehmenden Preisdruck.","articlekey":"","footnotes":""},"categories":[28],"tags":[335],"class_list":["post-1027","post","type-post","status-publish","format-standard","has-post-thumbnail","hentry","category-management","tag-management-und-unternehmensfuehrung"],"acf":[],"yoast_head":"<!-- This site is optimized with the Yoast SEO plugin v27.5 - https:\/\/yoast.com\/product\/yoast-seo-wordpress\/ -->\n<title>Unternehmen im Preiskrieg: Sieben strategische Massnahmen - Organisator<\/title>\n<meta name=\"description\" content=\"Mehr Niedrigpreiswettbewerb und gr\u00f6\u00dfere Verhandlungsmacht der Kunden \u2013 das sind nur zwei Gr\u00fcnde f\u00fcr den zunehmenden Preisdruck.\" \/>\n<meta name=\"robots\" content=\"index, follow, max-snippet:-1, max-image-preview:large, max-video-preview:-1\" \/>\n<link rel=\"canonical\" href=\"https:\/\/www.organisator.ch\/de\/management\/2016-08-09\/unternehmen-im-preiskrieg-sieben-strategische-massnahmen\/\" \/>\n<meta property=\"og:locale\" content=\"de_DE\" \/>\n<meta property=\"og:type\" content=\"article\" \/>\n<meta property=\"og:title\" content=\"Unternehmen im Preiskrieg: Sieben strategische Massnahmen\" \/>\n<meta property=\"og:description\" content=\"Mehr Niedrigpreiswettbewerb und gr\u00f6\u00dfere Verhandlungsmacht der Kunden \u2013 das sind nur zwei Gr\u00fcnde f\u00fcr den zunehmenden Preisdruck. Unternehmen k\u00f6nnen gegensteuern, wenn sie auf das richtige Preismanagement setzen.\" \/>\n<meta property=\"og:url\" content=\"https:\/\/www.organisator.ch\/de\/management\/2016-08-09\/unternehmen-im-preiskrieg-sieben-strategische-massnahmen\/\" \/>\n<meta property=\"og:site_name\" content=\"Organisator\" \/>\n<meta property=\"article:publisher\" content=\"https:\/\/www.facebook.com\/OrganisatorFachmagazin\" \/>\n<meta property=\"article:published_time\" content=\"2016-08-09T06:44:59+00:00\" \/>\n<meta name=\"author\" content=\"admin\" \/>\n<meta name=\"twitter:card\" content=\"summary_large_image\" \/>\n<meta name=\"twitter:image\" content=\"https:\/\/www.organisator.ch\/wp-content\/uploads\/2016\/12\/Unternehmen-im-Preiskrieg-Sieben-strategische-Massnahmen-organisator.jpg\" \/>\n<script type=\"application\/ld+json\" class=\"yoast-schema-graph\">{\"@context\":\"https:\\\/\\\/schema.org\",\"@graph\":[{\"@type\":\"Article\",\"@id\":\"https:\\\/\\\/www.organisator.ch\\\/management\\\/2016-08-09\\\/unternehmen-im-preiskrieg-sieben-strategische-massnahmen\\\/#article\",\"isPartOf\":{\"@id\":\"https:\\\/\\\/www.organisator.ch\\\/management\\\/2016-08-09\\\/unternehmen-im-preiskrieg-sieben-strategische-massnahmen\\\/\"},\"author\":{\"name\":\"admin\",\"@id\":\"https:\\\/\\\/www.organisator.ch\\\/#\\\/schema\\\/person\\\/aa2bace6c5c5aad60102004a50c4eb1c\"},\"headline\":\"Unternehmen im Preiskrieg: Sieben strategische Massnahmen\",\"datePublished\":\"2016-08-09T06:44:59+00:00\",\"mainEntityOfPage\":{\"@id\":\"https:\\\/\\\/www.organisator.ch\\\/management\\\/2016-08-09\\\/unternehmen-im-preiskrieg-sieben-strategische-massnahmen\\\/\"},\"wordCount\":604,\"commentCount\":0,\"publisher\":{\"@id\":\"https:\\\/\\\/www.organisator.ch\\\/#organization\"},\"image\":{\"@id\":\"https:\\\/\\\/www.organisator.ch\\\/management\\\/2016-08-09\\\/unternehmen-im-preiskrieg-sieben-strategische-massnahmen\\\/#primaryimage\"},\"thumbnailUrl\":\"https:\\\/\\\/www.organisator.ch\\\/wp-content\\\/uploads\\\/2016\\\/12\\\/Unternehmen-im-Preiskrieg-Sieben-strategische-Massnahmen-organisator.jpg\",\"keywords\":[\"Management und Unternehmensf\u00fchrung\"],\"articleSection\":[\"MANAGEMENT\"],\"inLanguage\":\"de\"},{\"@type\":\"WebPage\",\"@id\":\"https:\\\/\\\/www.organisator.ch\\\/management\\\/2016-08-09\\\/unternehmen-im-preiskrieg-sieben-strategische-massnahmen\\\/\",\"url\":\"https:\\\/\\\/www.organisator.ch\\\/management\\\/2016-08-09\\\/unternehmen-im-preiskrieg-sieben-strategische-massnahmen\\\/\",\"name\":\"Unternehmen im Preiskrieg: Sieben strategische Massnahmen - Organisator\",\"isPartOf\":{\"@id\":\"https:\\\/\\\/www.organisator.ch\\\/#website\"},\"primaryImageOfPage\":{\"@id\":\"https:\\\/\\\/www.organisator.ch\\\/management\\\/2016-08-09\\\/unternehmen-im-preiskrieg-sieben-strategische-massnahmen\\\/#primaryimage\"},\"image\":{\"@id\":\"https:\\\/\\\/www.organisator.ch\\\/management\\\/2016-08-09\\\/unternehmen-im-preiskrieg-sieben-strategische-massnahmen\\\/#primaryimage\"},\"thumbnailUrl\":\"https:\\\/\\\/www.organisator.ch\\\/wp-content\\\/uploads\\\/2016\\\/12\\\/Unternehmen-im-Preiskrieg-Sieben-strategische-Massnahmen-organisator.jpg\",\"datePublished\":\"2016-08-09T06:44:59+00:00\",\"description\":\"Mehr Niedrigpreiswettbewerb und gr\u00f6\u00dfere Verhandlungsmacht der Kunden \u2013 das sind nur zwei Gr\u00fcnde f\u00fcr den zunehmenden Preisdruck.\",\"breadcrumb\":{\"@id\":\"https:\\\/\\\/www.organisator.ch\\\/management\\\/2016-08-09\\\/unternehmen-im-preiskrieg-sieben-strategische-massnahmen\\\/#breadcrumb\"},\"inLanguage\":\"de\",\"potentialAction\":[{\"@type\":\"ReadAction\",\"target\":[\"https:\\\/\\\/www.organisator.ch\\\/management\\\/2016-08-09\\\/unternehmen-im-preiskrieg-sieben-strategische-massnahmen\\\/\"]}]},{\"@type\":\"ImageObject\",\"inLanguage\":\"de\",\"@id\":\"https:\\\/\\\/www.organisator.ch\\\/management\\\/2016-08-09\\\/unternehmen-im-preiskrieg-sieben-strategische-massnahmen\\\/#primaryimage\",\"url\":\"https:\\\/\\\/www.organisator.ch\\\/wp-content\\\/uploads\\\/2016\\\/12\\\/Unternehmen-im-Preiskrieg-Sieben-strategische-Massnahmen-organisator.jpg\",\"contentUrl\":\"https:\\\/\\\/www.organisator.ch\\\/wp-content\\\/uploads\\\/2016\\\/12\\\/Unternehmen-im-Preiskrieg-Sieben-strategische-Massnahmen-organisator.jpg\",\"width\":480,\"height\":480,\"caption\":\"Rabattschlacht ohne Ende: Viele Unternehmen sehen sich in einem veritablen Preiskrieg. (Bild: Fotolia.com)\"},{\"@type\":\"BreadcrumbList\",\"@id\":\"https:\\\/\\\/www.organisator.ch\\\/management\\\/2016-08-09\\\/unternehmen-im-preiskrieg-sieben-strategische-massnahmen\\\/#breadcrumb\",\"itemListElement\":[{\"@type\":\"ListItem\",\"position\":1,\"name\":\"Home\",\"item\":\"https:\\\/\\\/www.organisator.ch\\\/\"},{\"@type\":\"ListItem\",\"position\":2,\"name\":\"Unternehmen im Preiskrieg: Sieben strategische Massnahmen\"}]},{\"@type\":\"WebSite\",\"@id\":\"https:\\\/\\\/www.organisator.ch\\\/#website\",\"url\":\"https:\\\/\\\/www.organisator.ch\\\/\",\"name\":\"Organisator\",\"description\":\"Kompetent. Praxisnah. Der ORGANISATOR bereitet in 10 Ausgaben pro Jahr die wesentlichen Themen f\u00fcr F\u00fchrungskr\u00e4fte von KMU auf.\",\"publisher\":{\"@id\":\"https:\\\/\\\/www.organisator.ch\\\/#organization\"},\"potentialAction\":[{\"@type\":\"SearchAction\",\"target\":{\"@type\":\"EntryPoint\",\"urlTemplate\":\"https:\\\/\\\/www.organisator.ch\\\/?s={search_term_string}\"},\"query-input\":{\"@type\":\"PropertyValueSpecification\",\"valueRequired\":true,\"valueName\":\"search_term_string\"}}],\"inLanguage\":\"de\"},{\"@type\":\"Organization\",\"@id\":\"https:\\\/\\\/www.organisator.ch\\\/#organization\",\"name\":\"Organisator\",\"url\":\"https:\\\/\\\/www.organisator.ch\\\/\",\"logo\":{\"@type\":\"ImageObject\",\"inLanguage\":\"de\",\"@id\":\"https:\\\/\\\/www.organisator.ch\\\/#\\\/schema\\\/logo\\\/image\\\/\",\"url\":\"https:\\\/\\\/www.organisator.ch\\\/wp-content\\\/uploads\\\/2022\\\/01\\\/Logo_Organisator_Website.png\",\"contentUrl\":\"https:\\\/\\\/www.organisator.ch\\\/wp-content\\\/uploads\\\/2022\\\/01\\\/Logo_Organisator_Website.png\",\"width\":800,\"height\":77,\"caption\":\"Organisator\"},\"image\":{\"@id\":\"https:\\\/\\\/www.organisator.ch\\\/#\\\/schema\\\/logo\\\/image\\\/\"},\"sameAs\":[\"https:\\\/\\\/www.facebook.com\\\/OrganisatorFachmagazin\",\"https:\\\/\\\/www.linkedin.com\\\/showcase\\\/organisator-das-magazin-fr-kmu\",\"https:\\\/\\\/www.xing.com\\\/news\\\/pages\\\/organisator-ch-695\",\"https:\\\/\\\/www.youtube.com\\\/channel\\\/UCGP2Sq0iWaZwT3BdIAQFYpw\"]},{\"@type\":\"Person\",\"@id\":\"https:\\\/\\\/www.organisator.ch\\\/#\\\/schema\\\/person\\\/aa2bace6c5c5aad60102004a50c4eb1c\",\"name\":\"admin\",\"image\":{\"@type\":\"ImageObject\",\"inLanguage\":\"de\",\"@id\":\"https:\\\/\\\/secure.gravatar.com\\\/avatar\\\/ae2f4d718e6c49043e314ce431e7e645d646302a24a5ef5a8bc8e3f5a032e319?s=96&d=mm&r=g\",\"url\":\"https:\\\/\\\/secure.gravatar.com\\\/avatar\\\/ae2f4d718e6c49043e314ce431e7e645d646302a24a5ef5a8bc8e3f5a032e319?s=96&d=mm&r=g\",\"contentUrl\":\"https:\\\/\\\/secure.gravatar.com\\\/avatar\\\/ae2f4d718e6c49043e314ce431e7e645d646302a24a5ef5a8bc8e3f5a032e319?s=96&d=mm&r=g\",\"caption\":\"admin\"},\"sameAs\":[\"https:\\\/\\\/www.organisator.ch\"],\"url\":\"https:\\\/\\\/www.organisator.ch\\\/de\\\/author\\\/admin\\\/\"}]}<\/script>\n<!-- \/ Yoast SEO plugin. -->","yoast_head_json":{"title":"Unternehmen im Preiskrieg: Sieben strategische Massnahmen - Organisator","description":"Mehr Niedrigpreiswettbewerb und gr\u00f6\u00dfere Verhandlungsmacht der Kunden \u2013 das sind nur zwei Gr\u00fcnde f\u00fcr den zunehmenden Preisdruck.","robots":{"index":"index","follow":"follow","max-snippet":"max-snippet:-1","max-image-preview":"max-image-preview:large","max-video-preview":"max-video-preview:-1"},"canonical":"https:\/\/www.organisator.ch\/de\/management\/2016-08-09\/unternehmen-im-preiskrieg-sieben-strategische-massnahmen\/","og_locale":"de_DE","og_type":"article","og_title":"Unternehmen im Preiskrieg: Sieben strategische Massnahmen","og_description":"Mehr Niedrigpreiswettbewerb und gr\u00f6\u00dfere Verhandlungsmacht der Kunden \u2013 das sind nur zwei Gr\u00fcnde f\u00fcr den zunehmenden Preisdruck. Unternehmen k\u00f6nnen gegensteuern, wenn sie auf das richtige Preismanagement setzen.","og_url":"https:\/\/www.organisator.ch\/de\/management\/2016-08-09\/unternehmen-im-preiskrieg-sieben-strategische-massnahmen\/","og_site_name":"Organisator","article_publisher":"https:\/\/www.facebook.com\/OrganisatorFachmagazin","article_published_time":"2016-08-09T06:44:59+00:00","author":"admin","twitter_card":"summary_large_image","twitter_image":"https:\/\/www.organisator.ch\/wp-content\/uploads\/2016\/12\/Unternehmen-im-Preiskrieg-Sieben-strategische-Massnahmen-organisator.jpg","schema":{"@context":"https:\/\/schema.org","@graph":[{"@type":"Article","@id":"https:\/\/www.organisator.ch\/management\/2016-08-09\/unternehmen-im-preiskrieg-sieben-strategische-massnahmen\/#article","isPartOf":{"@id":"https:\/\/www.organisator.ch\/management\/2016-08-09\/unternehmen-im-preiskrieg-sieben-strategische-massnahmen\/"},"author":{"name":"admin","@id":"https:\/\/www.organisator.ch\/#\/schema\/person\/aa2bace6c5c5aad60102004a50c4eb1c"},"headline":"Unternehmen im Preiskrieg: Sieben strategische Massnahmen","datePublished":"2016-08-09T06:44:59+00:00","mainEntityOfPage":{"@id":"https:\/\/www.organisator.ch\/management\/2016-08-09\/unternehmen-im-preiskrieg-sieben-strategische-massnahmen\/"},"wordCount":604,"commentCount":0,"publisher":{"@id":"https:\/\/www.organisator.ch\/#organization"},"image":{"@id":"https:\/\/www.organisator.ch\/management\/2016-08-09\/unternehmen-im-preiskrieg-sieben-strategische-massnahmen\/#primaryimage"},"thumbnailUrl":"https:\/\/www.organisator.ch\/wp-content\/uploads\/2016\/12\/Unternehmen-im-Preiskrieg-Sieben-strategische-Massnahmen-organisator.jpg","keywords":["Management und Unternehmensf\u00fchrung"],"articleSection":["MANAGEMENT"],"inLanguage":"de"},{"@type":"WebPage","@id":"https:\/\/www.organisator.ch\/management\/2016-08-09\/unternehmen-im-preiskrieg-sieben-strategische-massnahmen\/","url":"https:\/\/www.organisator.ch\/management\/2016-08-09\/unternehmen-im-preiskrieg-sieben-strategische-massnahmen\/","name":"Unternehmen im Preiskrieg: Sieben strategische Massnahmen - Organisator","isPartOf":{"@id":"https:\/\/www.organisator.ch\/#website"},"primaryImageOfPage":{"@id":"https:\/\/www.organisator.ch\/management\/2016-08-09\/unternehmen-im-preiskrieg-sieben-strategische-massnahmen\/#primaryimage"},"image":{"@id":"https:\/\/www.organisator.ch\/management\/2016-08-09\/unternehmen-im-preiskrieg-sieben-strategische-massnahmen\/#primaryimage"},"thumbnailUrl":"https:\/\/www.organisator.ch\/wp-content\/uploads\/2016\/12\/Unternehmen-im-Preiskrieg-Sieben-strategische-Massnahmen-organisator.jpg","datePublished":"2016-08-09T06:44:59+00:00","description":"Mehr Niedrigpreiswettbewerb und gr\u00f6\u00dfere Verhandlungsmacht der Kunden \u2013 das sind nur zwei Gr\u00fcnde f\u00fcr den zunehmenden Preisdruck.","breadcrumb":{"@id":"https:\/\/www.organisator.ch\/management\/2016-08-09\/unternehmen-im-preiskrieg-sieben-strategische-massnahmen\/#breadcrumb"},"inLanguage":"de","potentialAction":[{"@type":"ReadAction","target":["https:\/\/www.organisator.ch\/management\/2016-08-09\/unternehmen-im-preiskrieg-sieben-strategische-massnahmen\/"]}]},{"@type":"ImageObject","inLanguage":"de","@id":"https:\/\/www.organisator.ch\/management\/2016-08-09\/unternehmen-im-preiskrieg-sieben-strategische-massnahmen\/#primaryimage","url":"https:\/\/www.organisator.ch\/wp-content\/uploads\/2016\/12\/Unternehmen-im-Preiskrieg-Sieben-strategische-Massnahmen-organisator.jpg","contentUrl":"https:\/\/www.organisator.ch\/wp-content\/uploads\/2016\/12\/Unternehmen-im-Preiskrieg-Sieben-strategische-Massnahmen-organisator.jpg","width":480,"height":480,"caption":"Rabattschlacht ohne Ende: Viele Unternehmen sehen sich in einem veritablen Preiskrieg. (Bild: Fotolia.com)"},{"@type":"BreadcrumbList","@id":"https:\/\/www.organisator.ch\/management\/2016-08-09\/unternehmen-im-preiskrieg-sieben-strategische-massnahmen\/#breadcrumb","itemListElement":[{"@type":"ListItem","position":1,"name":"Home","item":"https:\/\/www.organisator.ch\/"},{"@type":"ListItem","position":2,"name":"Unternehmen im Preiskrieg: Sieben strategische Massnahmen"}]},{"@type":"WebSite","@id":"https:\/\/www.organisator.ch\/#website","url":"https:\/\/www.organisator.ch\/","name":"Organisator","description":"Kompetent. Praxisnah. Der ORGANISATOR bereitet in 10 Ausgaben pro Jahr die wesentlichen Themen f\u00fcr F\u00fchrungskr\u00e4fte von KMU auf.","publisher":{"@id":"https:\/\/www.organisator.ch\/#organization"},"potentialAction":[{"@type":"SearchAction","target":{"@type":"EntryPoint","urlTemplate":"https:\/\/www.organisator.ch\/?s={search_term_string}"},"query-input":{"@type":"PropertyValueSpecification","valueRequired":true,"valueName":"search_term_string"}}],"inLanguage":"de"},{"@type":"Organization","@id":"https:\/\/www.organisator.ch\/#organization","name":"Organisator","url":"https:\/\/www.organisator.ch\/","logo":{"@type":"ImageObject","inLanguage":"de","@id":"https:\/\/www.organisator.ch\/#\/schema\/logo\/image\/","url":"https:\/\/www.organisator.ch\/wp-content\/uploads\/2022\/01\/Logo_Organisator_Website.png","contentUrl":"https:\/\/www.organisator.ch\/wp-content\/uploads\/2022\/01\/Logo_Organisator_Website.png","width":800,"height":77,"caption":"Organisator"},"image":{"@id":"https:\/\/www.organisator.ch\/#\/schema\/logo\/image\/"},"sameAs":["https:\/\/www.facebook.com\/OrganisatorFachmagazin","https:\/\/www.linkedin.com\/showcase\/organisator-das-magazin-fr-kmu","https:\/\/www.xing.com\/news\/pages\/organisator-ch-695","https:\/\/www.youtube.com\/channel\/UCGP2Sq0iWaZwT3BdIAQFYpw"]},{"@type":"Person","@id":"https:\/\/www.organisator.ch\/#\/schema\/person\/aa2bace6c5c5aad60102004a50c4eb1c","name":"admin","image":{"@type":"ImageObject","inLanguage":"de","@id":"https:\/\/secure.gravatar.com\/avatar\/ae2f4d718e6c49043e314ce431e7e645d646302a24a5ef5a8bc8e3f5a032e319?s=96&d=mm&r=g","url":"https:\/\/secure.gravatar.com\/avatar\/ae2f4d718e6c49043e314ce431e7e645d646302a24a5ef5a8bc8e3f5a032e319?s=96&d=mm&r=g","contentUrl":"https:\/\/secure.gravatar.com\/avatar\/ae2f4d718e6c49043e314ce431e7e645d646302a24a5ef5a8bc8e3f5a032e319?s=96&d=mm&r=g","caption":"admin"},"sameAs":["https:\/\/www.organisator.ch"],"url":"https:\/\/www.organisator.ch\/de\/author\/admin\/"}]}},"_links":{"self":[{"href":"https:\/\/www.organisator.ch\/de\/wp-json\/wp\/v2\/posts\/1027","targetHints":{"allow":["GET"]}}],"collection":[{"href":"https:\/\/www.organisator.ch\/de\/wp-json\/wp\/v2\/posts"}],"about":[{"href":"https:\/\/www.organisator.ch\/de\/wp-json\/wp\/v2\/types\/post"}],"author":[{"embeddable":true,"href":"https:\/\/www.organisator.ch\/de\/wp-json\/wp\/v2\/users\/1"}],"replies":[{"embeddable":true,"href":"https:\/\/www.organisator.ch\/de\/wp-json\/wp\/v2\/comments?post=1027"}],"version-history":[{"count":0,"href":"https:\/\/www.organisator.ch\/de\/wp-json\/wp\/v2\/posts\/1027\/revisions"}],"wp:featuredmedia":[{"embeddable":true,"href":"https:\/\/www.organisator.ch\/de\/wp-json\/wp\/v2\/media\/1028"}],"wp:attachment":[{"href":"https:\/\/www.organisator.ch\/de\/wp-json\/wp\/v2\/media?parent=1027"}],"wp:term":[{"taxonomy":"category","embeddable":true,"href":"https:\/\/www.organisator.ch\/de\/wp-json\/wp\/v2\/categories?post=1027"},{"taxonomy":"post_tag","embeddable":true,"href":"https:\/\/www.organisator.ch\/de\/wp-json\/wp\/v2\/tags?post=1027"}],"curies":[{"name":"wp","href":"https:\/\/api.w.org\/{rel}","templated":true}]}}