{"id":10274,"date":"2021-05-04T07:40:36","date_gmt":"2021-05-04T05:40:36","guid":{"rendered":"https:\/\/www.umweltperspektiven.ch\/?p=4167"},"modified":"2022-02-09T11:06:09","modified_gmt":"2022-02-09T10:06:09","slug":"stromsparen-3-runde-der-wettbewerblichen-ausschreibungen-laeuft","status":"publish","type":"post","link":"https:\/\/www.organisator.ch\/de\/sustainability\/2021-05-04\/stromsparen-3-runde-der-wettbewerblichen-ausschreibungen-laeuft\/","title":{"rendered":"Stromsparen: jetzt Projekte einreichen"},"content":{"rendered":"<figure id=\"attachment_4168\" aria-describedby=\"caption-attachment-4168\" style=\"width: 680px\" class=\"wp-caption aligncenter\"><img loading=\"lazy\" decoding=\"async\" class=\"wp-image-4168 size-medium\" src=\"\/\/www.umweltperspektiven.ch\/wp-content\/uploads\/2021\/05\/ProKilowatt.jpg\" alt=\"ProKilowatt, Stromsparen\" width=\"680\" height=\"504\" \/><figcaption id=\"caption-attachment-4168\" class=\"wp-caption-text\">\u00a9 ProKilowatt<\/figcaption><\/figure>\n<p>F\u00fcr die erste wettbewerbliche Ausschreibung f\u00fcr Projekte 2021 sind bei der Gesch\u00e4ftsstelle <a href=\"\/\/www.prokw.ch\/de\/home\/\">ProKilowatt<\/a> insgesamt 37 Projektangebote eingegangen, wie diese mitteilt. Von den zul\u00e4ssigen Projekten h\u00e4tten diejenigen mit dem besten Kosten-Nutzen-Verh\u00e4ltnis, das heisst mit der billigsten eingesparten Kilowattstunde, den Zuschlag erhalten. Die F\u00f6rdersumme der ersten Runde betrage 5,4 Millionen Franken f\u00fcr insgesamt 26 Projekte. Damit k\u00f6nnen im Vergleich zur ersten Eingaberunde des Vorjahres mehr als doppelt so viele Projekte gef\u00f6rdert werden, wie ProKilowatt betont.<\/p>\n<p>Das thematische Spektrum reiche von der energetischen Sanierung einer Beleuchtungsanlage in einem Eisstadion, \u00fcber das Optimieren einer K\u00e4lteanlage in einem Spital bis hin zu Effizienzsteigerungen von elektrischen Antrieben von Pumpen in einem Betrieb der chemischen Industrie.<\/p>\n<h2><strong>Einmalige Erh\u00f6hung der F\u00f6rdermittel<\/strong><\/h2>\n<p>Damit in den Unternehmen trotz Covid-19-Pandemie weiterhin Stromsparmassnahmen umgesetzt w\u00fcrden, st\u00fcnden 2021 f\u00fcr Projekte mehr F\u00f6rdermittel zur Verf\u00fcgung als in den vergangenen Jahren. Diese Massnahme gelte einmalig f\u00fcr die drei Projekteingaberunden 2021.<\/p>\n<p>Ausserdem komme in den drei Eingaberunden 2021 f\u00fcr Projekte ein abgemildertes wettbewerbliches Auswahlverfahren zur Anwendung. Dadurch w\u00fcrden sich die Chancen, einen F\u00f6rderbeitrag f\u00fcr ein eingereichtes Projekt zu erhalten, erh\u00f6hen.<\/p>\n<h2><strong>\u00a0N\u00e4chste\u00a0<\/strong><strong>Ausschreibungsrunde l\u00e4uft bereits<\/strong><\/h2>\n<p>Im Ausschreibungsjahr 2021 werden drei Projekteingaberunden durchgef\u00fchrt. Die Eingabefrist f\u00fcr die zweite Projektrunde endete k\u00fcrzlich. Antr\u00e4ge f\u00fcr die dritte Projektrunde k\u00f6nnen noch bis am<strong> 3. September 2021<\/strong> eingereicht werden, wie ProKilowatt betont.<\/p>\n<p><em>Infos:\u00a0<\/em><em>ProKilowatt, Gesch\u00e4ftsstelle f\u00fcr Wettbewerbliche Ausschreibungen, c\/o CimArk SA, 1950 Sion, 058 332 21 42<\/em><br \/>\nSimone Hegner, Fachspezialistin BFE Wettbewerbliche Ausschreibungen, 058 460 53 24<\/p>\n","protected":false},"excerpt":{"rendered":"<p>F\u00fcr die erste wettbewerbliche Ausschreibung f\u00fcr Projekte 2021 sind bei der Gesch\u00e4ftsstelle ProKilowatt insgesamt 37 Projektangebote eingegangen, wie diese mitteilt. Von den zul\u00e4ssigen Projekten h\u00e4tten diejenigen mit dem besten Kosten-Nutzen-Verh\u00e4ltnis, das heisst mit der billigsten eingesparten Kilowattstunde, den Zuschlag erhalten. Die F\u00f6rdersumme der ersten Runde betrage 5,4 Millionen Franken f\u00fcr insgesamt 26 Projekte. Damit k\u00f6nnen [&hellip;]<\/p>\n","protected":false},"author":6,"featured_media":9792,"comment_status":"closed","ping_status":"closed","sticky":false,"template":"","format":"standard","meta":{"_acf_changed":false,"_yoast_wpseo_focuskw":"ProKilowatt","_yoast_wpseo_metadesc":"Wettbewerbliche Ausschreibung zum Stromsparen: Die dritte Projektrunde von ProKilowatt ist angelaufen und dauert noch bis am 3. September 2021.","articlekey":"","footnotes":""},"categories":[580],"tags":[807,1955,2223,2557],"class_list":["post-10274","post","type-post","status-publish","format-standard","has-post-thumbnail","hentry","category-sustainability","tag-bfe","tag-prokilowatt","tag-stromsparen","tag-wettbewerbliche-ausschreibung"],"acf":[],"yoast_head":"<!-- This site is optimized with the Yoast SEO plugin v27.5 - https:\/\/yoast.com\/product\/yoast-seo-wordpress\/ -->\n<title>Stromsparen: jetzt Projekte einreichen - Organisator<\/title>\n<meta name=\"description\" content=\"Wettbewerbliche Ausschreibung zum Stromsparen: Die dritte Projektrunde von ProKilowatt ist angelaufen und dauert noch bis am 3. September 2021.\" \/>\n<meta name=\"robots\" content=\"index, follow, max-snippet:-1, max-image-preview:large, max-video-preview:-1\" \/>\n<link rel=\"canonical\" href=\"https:\/\/www.organisator.ch\/de\/sustainability\/2021-05-04\/stromsparen-3-runde-der-wettbewerblichen-ausschreibungen-laeuft\/\" \/>\n<meta property=\"og:locale\" content=\"de_DE\" \/>\n<meta property=\"og:type\" content=\"article\" \/>\n<meta property=\"og:title\" content=\"Stromsparen: jetzt Projekte einreichen - Organisator\" \/>\n<meta property=\"og:description\" content=\"Wettbewerbliche Ausschreibung zum Stromsparen: Die dritte Projektrunde von ProKilowatt ist angelaufen und dauert noch bis am 3. September 2021.\" \/>\n<meta property=\"og:url\" content=\"https:\/\/www.organisator.ch\/de\/sustainability\/2021-05-04\/stromsparen-3-runde-der-wettbewerblichen-ausschreibungen-laeuft\/\" \/>\n<meta property=\"og:site_name\" content=\"Organisator\" \/>\n<meta property=\"article:publisher\" content=\"https:\/\/www.facebook.com\/OrganisatorFachmagazin\" \/>\n<meta property=\"article:published_time\" content=\"2021-05-04T05:40:36+00:00\" \/>\n<meta property=\"article:modified_time\" content=\"2022-02-09T10:06:09+00:00\" \/>\n<meta property=\"og:image\" content=\"https:\/\/www.organisator.ch\/wp-content\/uploads\/2021\/05\/ProKilowatt.jpg\" \/>\n\t<meta property=\"og:image:width\" content=\"910\" \/>\n\t<meta property=\"og:image:height\" content=\"674\" \/>\n\t<meta property=\"og:image:type\" content=\"image\/jpeg\" \/>\n<meta name=\"author\" content=\"roger.straessle\" \/>\n<meta name=\"twitter:card\" content=\"summary_large_image\" \/>\n<script type=\"application\/ld+json\" class=\"yoast-schema-graph\">{\"@context\":\"https:\\\/\\\/schema.org\",\"@graph\":[{\"@type\":\"Article\",\"@id\":\"https:\\\/\\\/www.organisator.ch\\\/sustainability\\\/2021-05-04\\\/stromsparen-3-runde-der-wettbewerblichen-ausschreibungen-laeuft\\\/#article\",\"isPartOf\":{\"@id\":\"https:\\\/\\\/www.organisator.ch\\\/sustainability\\\/2021-05-04\\\/stromsparen-3-runde-der-wettbewerblichen-ausschreibungen-laeuft\\\/\"},\"author\":{\"name\":\"roger.straessle\",\"@id\":\"https:\\\/\\\/www.organisator.ch\\\/#\\\/schema\\\/person\\\/a800b8c54e208b160517a7dcc323161d\"},\"headline\":\"Stromsparen: jetzt Projekte einreichen\",\"datePublished\":\"2021-05-04T05:40:36+00:00\",\"dateModified\":\"2022-02-09T10:06:09+00:00\",\"mainEntityOfPage\":{\"@id\":\"https:\\\/\\\/www.organisator.ch\\\/sustainability\\\/2021-05-04\\\/stromsparen-3-runde-der-wettbewerblichen-ausschreibungen-laeuft\\\/\"},\"wordCount\":264,\"publisher\":{\"@id\":\"https:\\\/\\\/www.organisator.ch\\\/#organization\"},\"image\":{\"@id\":\"https:\\\/\\\/www.organisator.ch\\\/sustainability\\\/2021-05-04\\\/stromsparen-3-runde-der-wettbewerblichen-ausschreibungen-laeuft\\\/#primaryimage\"},\"thumbnailUrl\":\"https:\\\/\\\/www.organisator.ch\\\/wp-content\\\/uploads\\\/2021\\\/05\\\/ProKilowatt.jpg\",\"keywords\":[\"BFE\",\"ProKilowatt\",\"Stromsparen\",\"wettbewerbliche Ausschreibung\"],\"articleSection\":[\"SUSTAINABILITY\"],\"inLanguage\":\"de\"},{\"@type\":\"WebPage\",\"@id\":\"https:\\\/\\\/www.organisator.ch\\\/sustainability\\\/2021-05-04\\\/stromsparen-3-runde-der-wettbewerblichen-ausschreibungen-laeuft\\\/\",\"url\":\"https:\\\/\\\/www.organisator.ch\\\/sustainability\\\/2021-05-04\\\/stromsparen-3-runde-der-wettbewerblichen-ausschreibungen-laeuft\\\/\",\"name\":\"Stromsparen: jetzt Projekte einreichen - Organisator\",\"isPartOf\":{\"@id\":\"https:\\\/\\\/www.organisator.ch\\\/#website\"},\"primaryImageOfPage\":{\"@id\":\"https:\\\/\\\/www.organisator.ch\\\/sustainability\\\/2021-05-04\\\/stromsparen-3-runde-der-wettbewerblichen-ausschreibungen-laeuft\\\/#primaryimage\"},\"image\":{\"@id\":\"https:\\\/\\\/www.organisator.ch\\\/sustainability\\\/2021-05-04\\\/stromsparen-3-runde-der-wettbewerblichen-ausschreibungen-laeuft\\\/#primaryimage\"},\"thumbnailUrl\":\"https:\\\/\\\/www.organisator.ch\\\/wp-content\\\/uploads\\\/2021\\\/05\\\/ProKilowatt.jpg\",\"datePublished\":\"2021-05-04T05:40:36+00:00\",\"dateModified\":\"2022-02-09T10:06:09+00:00\",\"description\":\"Wettbewerbliche Ausschreibung zum Stromsparen: Die dritte Projektrunde von ProKilowatt ist angelaufen und dauert noch bis am 3. September 2021.\",\"breadcrumb\":{\"@id\":\"https:\\\/\\\/www.organisator.ch\\\/sustainability\\\/2021-05-04\\\/stromsparen-3-runde-der-wettbewerblichen-ausschreibungen-laeuft\\\/#breadcrumb\"},\"inLanguage\":\"de\",\"potentialAction\":[{\"@type\":\"ReadAction\",\"target\":[\"https:\\\/\\\/www.organisator.ch\\\/sustainability\\\/2021-05-04\\\/stromsparen-3-runde-der-wettbewerblichen-ausschreibungen-laeuft\\\/\"]}]},{\"@type\":\"ImageObject\",\"inLanguage\":\"de\",\"@id\":\"https:\\\/\\\/www.organisator.ch\\\/sustainability\\\/2021-05-04\\\/stromsparen-3-runde-der-wettbewerblichen-ausschreibungen-laeuft\\\/#primaryimage\",\"url\":\"https:\\\/\\\/www.organisator.ch\\\/wp-content\\\/uploads\\\/2021\\\/05\\\/ProKilowatt.jpg\",\"contentUrl\":\"https:\\\/\\\/www.organisator.ch\\\/wp-content\\\/uploads\\\/2021\\\/05\\\/ProKilowatt.jpg\",\"width\":910,\"height\":674,\"caption\":\"\u00a9 ProKilowatt\"},{\"@type\":\"BreadcrumbList\",\"@id\":\"https:\\\/\\\/www.organisator.ch\\\/sustainability\\\/2021-05-04\\\/stromsparen-3-runde-der-wettbewerblichen-ausschreibungen-laeuft\\\/#breadcrumb\",\"itemListElement\":[{\"@type\":\"ListItem\",\"position\":1,\"name\":\"Home\",\"item\":\"https:\\\/\\\/www.organisator.ch\\\/\"},{\"@type\":\"ListItem\",\"position\":2,\"name\":\"Stromsparen: jetzt Projekte einreichen\"}]},{\"@type\":\"WebSite\",\"@id\":\"https:\\\/\\\/www.organisator.ch\\\/#website\",\"url\":\"https:\\\/\\\/www.organisator.ch\\\/\",\"name\":\"Organisator\",\"description\":\"Kompetent. Praxisnah. Der ORGANISATOR bereitet in 10 Ausgaben pro Jahr die wesentlichen Themen f\u00fcr F\u00fchrungskr\u00e4fte von KMU auf.\",\"publisher\":{\"@id\":\"https:\\\/\\\/www.organisator.ch\\\/#organization\"},\"potentialAction\":[{\"@type\":\"SearchAction\",\"target\":{\"@type\":\"EntryPoint\",\"urlTemplate\":\"https:\\\/\\\/www.organisator.ch\\\/?s={search_term_string}\"},\"query-input\":{\"@type\":\"PropertyValueSpecification\",\"valueRequired\":true,\"valueName\":\"search_term_string\"}}],\"inLanguage\":\"de\"},{\"@type\":\"Organization\",\"@id\":\"https:\\\/\\\/www.organisator.ch\\\/#organization\",\"name\":\"Organisator\",\"url\":\"https:\\\/\\\/www.organisator.ch\\\/\",\"logo\":{\"@type\":\"ImageObject\",\"inLanguage\":\"de\",\"@id\":\"https:\\\/\\\/www.organisator.ch\\\/#\\\/schema\\\/logo\\\/image\\\/\",\"url\":\"https:\\\/\\\/www.organisator.ch\\\/wp-content\\\/uploads\\\/2022\\\/01\\\/Logo_Organisator_Website.png\",\"contentUrl\":\"https:\\\/\\\/www.organisator.ch\\\/wp-content\\\/uploads\\\/2022\\\/01\\\/Logo_Organisator_Website.png\",\"width\":800,\"height\":77,\"caption\":\"Organisator\"},\"image\":{\"@id\":\"https:\\\/\\\/www.organisator.ch\\\/#\\\/schema\\\/logo\\\/image\\\/\"},\"sameAs\":[\"https:\\\/\\\/www.facebook.com\\\/OrganisatorFachmagazin\",\"https:\\\/\\\/www.linkedin.com\\\/showcase\\\/organisator-das-magazin-fr-kmu\",\"https:\\\/\\\/www.xing.com\\\/news\\\/pages\\\/organisator-ch-695\",\"https:\\\/\\\/www.youtube.com\\\/channel\\\/UCGP2Sq0iWaZwT3BdIAQFYpw\"]},{\"@type\":\"Person\",\"@id\":\"https:\\\/\\\/www.organisator.ch\\\/#\\\/schema\\\/person\\\/a800b8c54e208b160517a7dcc323161d\",\"name\":\"roger.straessle\",\"image\":{\"@type\":\"ImageObject\",\"inLanguage\":\"de\",\"@id\":\"https:\\\/\\\/secure.gravatar.com\\\/avatar\\\/?s=96&d=mm&r=g\",\"url\":\"https:\\\/\\\/secure.gravatar.com\\\/avatar\\\/?s=96&d=mm&r=g\",\"contentUrl\":\"https:\\\/\\\/secure.gravatar.com\\\/avatar\\\/?s=96&d=mm&r=g\",\"caption\":\"roger.straessle\"},\"url\":\"https:\\\/\\\/www.organisator.ch\\\/de\\\/author\\\/roger-straessle\\\/\"}]}<\/script>\n<!-- \/ Yoast SEO plugin. -->","yoast_head_json":{"title":"Stromsparen: jetzt Projekte einreichen - Organisator","description":"Wettbewerbliche Ausschreibung zum Stromsparen: Die dritte Projektrunde von ProKilowatt ist angelaufen und dauert noch bis am 3. September 2021.","robots":{"index":"index","follow":"follow","max-snippet":"max-snippet:-1","max-image-preview":"max-image-preview:large","max-video-preview":"max-video-preview:-1"},"canonical":"https:\/\/www.organisator.ch\/de\/sustainability\/2021-05-04\/stromsparen-3-runde-der-wettbewerblichen-ausschreibungen-laeuft\/","og_locale":"de_DE","og_type":"article","og_title":"Stromsparen: jetzt Projekte einreichen - Organisator","og_description":"Wettbewerbliche Ausschreibung zum Stromsparen: Die dritte Projektrunde von ProKilowatt ist angelaufen und dauert noch bis am 3. September 2021.","og_url":"https:\/\/www.organisator.ch\/de\/sustainability\/2021-05-04\/stromsparen-3-runde-der-wettbewerblichen-ausschreibungen-laeuft\/","og_site_name":"Organisator","article_publisher":"https:\/\/www.facebook.com\/OrganisatorFachmagazin","article_published_time":"2021-05-04T05:40:36+00:00","article_modified_time":"2022-02-09T10:06:09+00:00","og_image":[{"width":910,"height":674,"url":"https:\/\/www.organisator.ch\/wp-content\/uploads\/2021\/05\/ProKilowatt.jpg","type":"image\/jpeg"}],"author":"roger.straessle","twitter_card":"summary_large_image","schema":{"@context":"https:\/\/schema.org","@graph":[{"@type":"Article","@id":"https:\/\/www.organisator.ch\/sustainability\/2021-05-04\/stromsparen-3-runde-der-wettbewerblichen-ausschreibungen-laeuft\/#article","isPartOf":{"@id":"https:\/\/www.organisator.ch\/sustainability\/2021-05-04\/stromsparen-3-runde-der-wettbewerblichen-ausschreibungen-laeuft\/"},"author":{"name":"roger.straessle","@id":"https:\/\/www.organisator.ch\/#\/schema\/person\/a800b8c54e208b160517a7dcc323161d"},"headline":"Stromsparen: jetzt Projekte einreichen","datePublished":"2021-05-04T05:40:36+00:00","dateModified":"2022-02-09T10:06:09+00:00","mainEntityOfPage":{"@id":"https:\/\/www.organisator.ch\/sustainability\/2021-05-04\/stromsparen-3-runde-der-wettbewerblichen-ausschreibungen-laeuft\/"},"wordCount":264,"publisher":{"@id":"https:\/\/www.organisator.ch\/#organization"},"image":{"@id":"https:\/\/www.organisator.ch\/sustainability\/2021-05-04\/stromsparen-3-runde-der-wettbewerblichen-ausschreibungen-laeuft\/#primaryimage"},"thumbnailUrl":"https:\/\/www.organisator.ch\/wp-content\/uploads\/2021\/05\/ProKilowatt.jpg","keywords":["BFE","ProKilowatt","Stromsparen","wettbewerbliche Ausschreibung"],"articleSection":["SUSTAINABILITY"],"inLanguage":"de"},{"@type":"WebPage","@id":"https:\/\/www.organisator.ch\/sustainability\/2021-05-04\/stromsparen-3-runde-der-wettbewerblichen-ausschreibungen-laeuft\/","url":"https:\/\/www.organisator.ch\/sustainability\/2021-05-04\/stromsparen-3-runde-der-wettbewerblichen-ausschreibungen-laeuft\/","name":"Stromsparen: jetzt Projekte einreichen - Organisator","isPartOf":{"@id":"https:\/\/www.organisator.ch\/#website"},"primaryImageOfPage":{"@id":"https:\/\/www.organisator.ch\/sustainability\/2021-05-04\/stromsparen-3-runde-der-wettbewerblichen-ausschreibungen-laeuft\/#primaryimage"},"image":{"@id":"https:\/\/www.organisator.ch\/sustainability\/2021-05-04\/stromsparen-3-runde-der-wettbewerblichen-ausschreibungen-laeuft\/#primaryimage"},"thumbnailUrl":"https:\/\/www.organisator.ch\/wp-content\/uploads\/2021\/05\/ProKilowatt.jpg","datePublished":"2021-05-04T05:40:36+00:00","dateModified":"2022-02-09T10:06:09+00:00","description":"Wettbewerbliche Ausschreibung zum Stromsparen: Die dritte Projektrunde von ProKilowatt ist angelaufen und dauert noch bis am 3. September 2021.","breadcrumb":{"@id":"https:\/\/www.organisator.ch\/sustainability\/2021-05-04\/stromsparen-3-runde-der-wettbewerblichen-ausschreibungen-laeuft\/#breadcrumb"},"inLanguage":"de","potentialAction":[{"@type":"ReadAction","target":["https:\/\/www.organisator.ch\/sustainability\/2021-05-04\/stromsparen-3-runde-der-wettbewerblichen-ausschreibungen-laeuft\/"]}]},{"@type":"ImageObject","inLanguage":"de","@id":"https:\/\/www.organisator.ch\/sustainability\/2021-05-04\/stromsparen-3-runde-der-wettbewerblichen-ausschreibungen-laeuft\/#primaryimage","url":"https:\/\/www.organisator.ch\/wp-content\/uploads\/2021\/05\/ProKilowatt.jpg","contentUrl":"https:\/\/www.organisator.ch\/wp-content\/uploads\/2021\/05\/ProKilowatt.jpg","width":910,"height":674,"caption":"\u00a9 ProKilowatt"},{"@type":"BreadcrumbList","@id":"https:\/\/www.organisator.ch\/sustainability\/2021-05-04\/stromsparen-3-runde-der-wettbewerblichen-ausschreibungen-laeuft\/#breadcrumb","itemListElement":[{"@type":"ListItem","position":1,"name":"Home","item":"https:\/\/www.organisator.ch\/"},{"@type":"ListItem","position":2,"name":"Stromsparen: jetzt Projekte einreichen"}]},{"@type":"WebSite","@id":"https:\/\/www.organisator.ch\/#website","url":"https:\/\/www.organisator.ch\/","name":"Organisator","description":"Kompetent. Praxisnah. Der ORGANISATOR bereitet in 10 Ausgaben pro Jahr die wesentlichen Themen f\u00fcr F\u00fchrungskr\u00e4fte von KMU auf.","publisher":{"@id":"https:\/\/www.organisator.ch\/#organization"},"potentialAction":[{"@type":"SearchAction","target":{"@type":"EntryPoint","urlTemplate":"https:\/\/www.organisator.ch\/?s={search_term_string}"},"query-input":{"@type":"PropertyValueSpecification","valueRequired":true,"valueName":"search_term_string"}}],"inLanguage":"de"},{"@type":"Organization","@id":"https:\/\/www.organisator.ch\/#organization","name":"Organisator","url":"https:\/\/www.organisator.ch\/","logo":{"@type":"ImageObject","inLanguage":"de","@id":"https:\/\/www.organisator.ch\/#\/schema\/logo\/image\/","url":"https:\/\/www.organisator.ch\/wp-content\/uploads\/2022\/01\/Logo_Organisator_Website.png","contentUrl":"https:\/\/www.organisator.ch\/wp-content\/uploads\/2022\/01\/Logo_Organisator_Website.png","width":800,"height":77,"caption":"Organisator"},"image":{"@id":"https:\/\/www.organisator.ch\/#\/schema\/logo\/image\/"},"sameAs":["https:\/\/www.facebook.com\/OrganisatorFachmagazin","https:\/\/www.linkedin.com\/showcase\/organisator-das-magazin-fr-kmu","https:\/\/www.xing.com\/news\/pages\/organisator-ch-695","https:\/\/www.youtube.com\/channel\/UCGP2Sq0iWaZwT3BdIAQFYpw"]},{"@type":"Person","@id":"https:\/\/www.organisator.ch\/#\/schema\/person\/a800b8c54e208b160517a7dcc323161d","name":"roger.straessle","image":{"@type":"ImageObject","inLanguage":"de","@id":"https:\/\/secure.gravatar.com\/avatar\/?s=96&d=mm&r=g","url":"https:\/\/secure.gravatar.com\/avatar\/?s=96&d=mm&r=g","contentUrl":"https:\/\/secure.gravatar.com\/avatar\/?s=96&d=mm&r=g","caption":"roger.straessle"},"url":"https:\/\/www.organisator.ch\/de\/author\/roger-straessle\/"}]}},"_links":{"self":[{"href":"https:\/\/www.organisator.ch\/de\/wp-json\/wp\/v2\/posts\/10274","targetHints":{"allow":["GET"]}}],"collection":[{"href":"https:\/\/www.organisator.ch\/de\/wp-json\/wp\/v2\/posts"}],"about":[{"href":"https:\/\/www.organisator.ch\/de\/wp-json\/wp\/v2\/types\/post"}],"author":[{"embeddable":true,"href":"https:\/\/www.organisator.ch\/de\/wp-json\/wp\/v2\/users\/6"}],"replies":[{"embeddable":true,"href":"https:\/\/www.organisator.ch\/de\/wp-json\/wp\/v2\/comments?post=10274"}],"version-history":[{"count":1,"href":"https:\/\/www.organisator.ch\/de\/wp-json\/wp\/v2\/posts\/10274\/revisions"}],"predecessor-version":[{"id":10484,"href":"https:\/\/www.organisator.ch\/de\/wp-json\/wp\/v2\/posts\/10274\/revisions\/10484"}],"wp:featuredmedia":[{"embeddable":true,"href":"https:\/\/www.organisator.ch\/de\/wp-json\/wp\/v2\/media\/9792"}],"wp:attachment":[{"href":"https:\/\/www.organisator.ch\/de\/wp-json\/wp\/v2\/media?parent=10274"}],"wp:term":[{"taxonomy":"category","embeddable":true,"href":"https:\/\/www.organisator.ch\/de\/wp-json\/wp\/v2\/categories?post=10274"},{"taxonomy":"post_tag","embeddable":true,"href":"https:\/\/www.organisator.ch\/de\/wp-json\/wp\/v2\/tags?post=10274"}],"curies":[{"name":"wp","href":"https:\/\/api.w.org\/{rel}","templated":true}]}}