{"id":10276,"date":"2021-05-18T09:48:46","date_gmt":"2021-05-18T07:48:46","guid":{"rendered":"https:\/\/www.umweltperspektiven.ch\/?p=4225"},"modified":"2022-02-09T11:10:48","modified_gmt":"2022-02-09T10:10:48","slug":"mit-pestiziden-belastete-baeche","status":"publish","type":"post","link":"https:\/\/www.organisator.ch\/de\/sustainability\/2021-05-18\/mit-pestiziden-belastete-baeche\/","title":{"rendered":"Mit Pestiziden belastete B\u00e4che"},"content":{"rendered":"<figure id=\"attachment_4226\" aria-describedby=\"caption-attachment-4226\" style=\"width: 680px\" class=\"wp-caption aligncenter\"><img loading=\"lazy\" decoding=\"async\" class=\"wp-image-4226 size-medium\" src=\"\/\/www.umweltperspektiven.ch\/wp-content\/uploads\/2021\/05\/Probenahme.gif\" alt=\"Pestizide, AWE, Amt f\u00fcr Wasser und Energie\" width=\"680\" height=\"455\" \/><figcaption id=\"caption-attachment-4226\" class=\"wp-caption-text\">Probenentnahme im Fliessgew\u00e4sser. \u00a9 AWE<\/figcaption><\/figure>\n<p>In den Jahren 2018 bis 2020 hat das Amt f\u00fcr Wasser und Energie (AWE) des Kantons St. Gallen 14 B\u00e4che in genutzten Gebieten unter die Lupe genommen und\u00a0auf organische Spurenstoffe, sogenannte Mikroverunreinigungen, untersucht. Bereits in sehr tiefen Konzentrationen k\u00f6nnen solche Stoffe Gew\u00e4sserlebewesen sch\u00e4digen. Die Auswertung der Messergebnisse w\u00fcrde f\u00fcr jeden der 14 B\u00e4che ein erh\u00f6htes oder\u00a0sehr hohes Risiko f\u00fcr eine Sch\u00e4digung der Gew\u00e4sserorganismen durch die chronische Belastung mit einzelnen Stoffen zeigen, schreibt das AWE.<\/p>\n<h2><strong>Pestizide und Industriechemikalie im Fokus<\/strong><\/h2>\n<p>Die Untersuchungen haben ferner gezeigt, dass die \u00dcberschreitungen der Qualit\u00e4tskriterien und Anforderungen durch insgesamt 27 Substanzen verursacht wurden: Es handelt sich dabei um 14 Herbizide, sieben Insektizide, zwei Fungizide, drei Arzneimittel und die Industriechemikalie <a href=\"\/\/de.wikipedia.org\/wiki\/Perfluoroctansulfons%C3%A4ure\">PFOS<\/a> (Perfluoroctansulfons\u00e4ure). Laut\u00a0Angaben war das Risiko bei 12 der 14 B\u00e4che f\u00fcr eine chronische Sch\u00e4digung von Gew\u00e4sserorganismen w\u00e4hrend mehr als zwei Dritteln der Beobachtungsdauer von Fr\u00fchjahr bis Herbst erh\u00f6ht. In allen B\u00e4chen habe man zudem die Anforderungen der Gew\u00e4sserschutzverordnung oft vielfach \u00fcberschritten.<\/p>\n<h2><strong>Sofortmassnahmen umgesetzt<\/strong><strong style=\"font-size: 16px;\">\u00a0<\/strong><\/h2>\n<p>Zusammen mit dem Landwirtschaftlichen Zentrum St. Gallen (<a href=\"\/\/www.sg.ch\/umwelt-natur\/landwirtschaft\/lzsg.html\">LZSG<\/a>) sensibilisiere das Amt f\u00fcr Wasser und Energie berufliche und private Anwender von Pestiziden\u00a0und Bioziden f\u00fcr einen verantwortungsvollen Umgang und Einsatz. Das LZSG habe runde Tische mit den Landwirten, die im Einzugsgebiet der jeweiligen B\u00e4che den\u00a0Boden bewirtschaften w\u00fcrden, organisiert. Man habe Daten gesichtet und die Ursachen f\u00fcr Stoffeintr\u00e4ge in Gew\u00e4sser analysiert, um diese in Zukunft zu verhindern. Die Landwirte h\u00e4tten Sofortmassnahmen umgesetzt. So reparierten\u00a0sie etwa defekte Sch\u00e4chte auf den Feldern oder richteten auf den Betrieben Waschpl\u00e4tze f\u00fcr die Spritzger\u00e4te ein.<\/p>\n<p>Der Einsatz von PFOS sei seit 2011 grunds\u00e4tzlich verboten. F\u00fcr einzelne industrielle Anwendungen sei die Chemikalie jedoch noch zugelassen. Sie gelange \u00fcber kommunale Kl\u00e4ranlagen oder diffus \u00fcber kontaminierte Fl\u00e4chen in die Gew\u00e4sser. Massnahmen zur Reduktion des Stoffeintrags seien nur sehr aufwendig umzusetzen, schreibt das AWE.<\/p>\n<h2><strong>Sensibilisierung n\u00fctzt<\/strong><strong>\u00a0<\/strong><\/h2>\n<p>Das AWE und das Landwirtschaftsamt haben ferner einen bestimmten Bach \u00fcber mehrere Jahre untersucht. Es habe sich gezeigt, dass Stoffeintr\u00e4ge ins Gew\u00e4sser\u00a0mit gezielter Sensibilisierung der Anwenderinnen und Anwender deutlich reduziert werden k\u00f6nnten. Sehr toxische Stoffe wie Insektizide aus der Klasse der\u00a0<a href=\"\/\/de.wikipedia.org\/wiki\/Pyrethroide#:~:text=Pyrethroide%20sind%20synthetische%20Insektizide%2C%20die,nat%C3%BCrlichen%20Insektizids%20Pyrethrum%20angelehnt%20sind.\">Phyrethroide<\/a> und <a href=\"\/\/de.wikipedia.org\/wiki\/Phosphors%C3%A4ureester\">Organophosphate<\/a> w\u00fcrden trotz zur\u00fcckhaltender Anwendung problematisch bleiben, da sie sich bereits in \u00e4usserst tiefen Konzentrationen sch\u00e4dlich auf Gew\u00e4sserlebewesen auswirkten, so das AWE.<\/p>\n<h2><strong>Grosse \u00f6kologische Defizite<\/strong><\/h2>\n<p>Die Messkampagnen folgen auf biologische Untersuchungen von fast 100 kleinen B\u00e4chen seit 2011. Diese Untersuchungen haben gem\u00e4ss Amt grosse \u00f6kologische Defizite zutage gebracht. Drei Viertel der Fliessgew\u00e4sserstrecken im Kanton seien kleine B\u00e4che. Das seien wertvolle Lebensr\u00e4ume f\u00fcr viele Pflanzen und Tiere. Diese\u00a0B\u00e4che w\u00fcrden wichtige \u00f6kologische Funktionen erf\u00fcllen und ihr Schutz sei von grosser Bedeutung f\u00fcr den Erhalt der Biodiversit\u00e4t. Viele dieser kleinen B\u00e4che l\u00e4gen\u00a0in stark genutzten Gebieten. Sie seien dadurch einem erh\u00f6hten Risiko\u00a0durch stoffliche Eintr\u00e4ge ausgesetzt. <em>(Quelle: AWE)<\/em><\/p>\n<p><a href=\"\/\/www.sg.ch\/umwelt-natur\/wasser\/fluesse---baeche\/gewaesserqualitaet\/berichte.html\"><em>Weitere Informationen zum Thema und die Faktenbl\u00e4tter zu den\u00a0<\/em><\/a><em>Messkampagnen sind hier erh\u00e4ltlich.\u00a0<\/em><\/p>\n<p>&nbsp;<\/p>\n<p><em>Weitere Themen zur Wasserqualit\u00e4t:\u00a0<\/em><em><a href=\"\/\/www.umweltperspektiven.ch\/massnahmenplan-fuer-sauberes-wasser-lanciert\/\">Massnahmenplan f\u00fcr sauberes Wasser lanciert<\/a><\/em><\/p>\n<h2><\/h2>\n","protected":false},"excerpt":{"rendered":"<p>In den Jahren 2018 bis 2020 hat das Amt f\u00fcr Wasser und Energie (AWE) des Kantons St. Gallen 14 B\u00e4che in genutzten Gebieten unter die Lupe genommen und\u00a0auf organische Spurenstoffe, sogenannte Mikroverunreinigungen, untersucht. Bereits in sehr tiefen Konzentrationen k\u00f6nnen solche Stoffe Gew\u00e4sserlebewesen sch\u00e4digen. Die Auswertung der Messergebnisse w\u00fcrde f\u00fcr jeden der 14 B\u00e4che ein erh\u00f6htes [&hellip;]<\/p>\n","protected":false},"author":6,"featured_media":4226,"comment_status":"closed","ping_status":"closed","sticky":false,"template":"","format":"standard","meta":{"_acf_changed":false,"_yoast_wpseo_focuskw":"AWE","_yoast_wpseo_metadesc":"","articlekey":"","footnotes":""},"categories":[580],"tags":[704,755,1592,1894,2523],"class_list":["post-10276","post","type-post","status-publish","format-standard","has-post-thumbnail","hentry","category-sustainability","tag-amt-fuer-wasser-und-energie","tag-awe","tag-landwirtschaft","tag-pestizide","tag-wasserqualitaet"],"acf":[],"yoast_head":"<!-- This site is optimized with the Yoast SEO plugin v27.5 - https:\/\/yoast.com\/product\/yoast-seo-wordpress\/ -->\n<title>Mit Pestiziden belastete B\u00e4che - Organisator<\/title>\n<meta name=\"robots\" content=\"index, follow, max-snippet:-1, max-image-preview:large, max-video-preview:-1\" \/>\n<link rel=\"canonical\" href=\"https:\/\/www.organisator.ch\/de\/sustainability\/2021-05-18\/mit-pestiziden-belastete-baeche\/\" \/>\n<meta property=\"og:locale\" content=\"de_DE\" \/>\n<meta property=\"og:type\" content=\"article\" \/>\n<meta property=\"og:title\" content=\"Mit Pestiziden belastete B\u00e4che - Organisator\" \/>\n<meta property=\"og:description\" content=\"In den Jahren 2018 bis 2020 hat das Amt f\u00fcr Wasser und Energie (AWE) des Kantons St. Gallen 14 B\u00e4che in genutzten Gebieten unter die Lupe genommen und\u00a0auf organische Spurenstoffe, sogenannte Mikroverunreinigungen, untersucht. Bereits in sehr tiefen Konzentrationen k\u00f6nnen solche Stoffe Gew\u00e4sserlebewesen sch\u00e4digen. Die Auswertung der Messergebnisse w\u00fcrde f\u00fcr jeden der 14 B\u00e4che ein erh\u00f6htes [&hellip;]\" \/>\n<meta property=\"og:url\" content=\"https:\/\/www.organisator.ch\/de\/sustainability\/2021-05-18\/mit-pestiziden-belastete-baeche\/\" \/>\n<meta property=\"og:site_name\" content=\"Organisator\" \/>\n<meta property=\"article:publisher\" content=\"https:\/\/www.facebook.com\/OrganisatorFachmagazin\" \/>\n<meta property=\"article:published_time\" content=\"2021-05-18T07:48:46+00:00\" \/>\n<meta property=\"article:modified_time\" content=\"2022-02-09T10:10:48+00:00\" \/>\n<meta property=\"og:image\" content=\"https:\/\/www.organisator.ch\/wp-content\/uploads\/2021\/05\/Probenahme.gif\" \/>\n\t<meta property=\"og:image:width\" content=\"695\" \/>\n\t<meta property=\"og:image:height\" content=\"465\" \/>\n\t<meta property=\"og:image:type\" content=\"image\/gif\" \/>\n<meta name=\"author\" content=\"roger.straessle\" \/>\n<meta name=\"twitter:card\" content=\"summary_large_image\" \/>\n<script type=\"application\/ld+json\" class=\"yoast-schema-graph\">{\"@context\":\"https:\\\/\\\/schema.org\",\"@graph\":[{\"@type\":\"Article\",\"@id\":\"https:\\\/\\\/www.organisator.ch\\\/sustainability\\\/2021-05-18\\\/mit-pestiziden-belastete-baeche\\\/#article\",\"isPartOf\":{\"@id\":\"https:\\\/\\\/www.organisator.ch\\\/sustainability\\\/2021-05-18\\\/mit-pestiziden-belastete-baeche\\\/\"},\"author\":{\"name\":\"roger.straessle\",\"@id\":\"https:\\\/\\\/www.organisator.ch\\\/#\\\/schema\\\/person\\\/a800b8c54e208b160517a7dcc323161d\"},\"headline\":\"Mit Pestiziden belastete B\u00e4che\",\"datePublished\":\"2021-05-18T07:48:46+00:00\",\"dateModified\":\"2022-02-09T10:10:48+00:00\",\"mainEntityOfPage\":{\"@id\":\"https:\\\/\\\/www.organisator.ch\\\/sustainability\\\/2021-05-18\\\/mit-pestiziden-belastete-baeche\\\/\"},\"wordCount\":543,\"publisher\":{\"@id\":\"https:\\\/\\\/www.organisator.ch\\\/#organization\"},\"image\":{\"@id\":\"https:\\\/\\\/www.organisator.ch\\\/sustainability\\\/2021-05-18\\\/mit-pestiziden-belastete-baeche\\\/#primaryimage\"},\"thumbnailUrl\":\"https:\\\/\\\/www.organisator.ch\\\/wp-content\\\/uploads\\\/2021\\\/05\\\/Probenahme.gif\",\"keywords\":[\"Amt f\u00fcr Wasser und Energie\",\"AWE\",\"Landwirtschaft\",\"Pestizide\",\"Wasserqualit\u00e4t\"],\"articleSection\":[\"SUSTAINABILITY\"],\"inLanguage\":\"de\"},{\"@type\":\"WebPage\",\"@id\":\"https:\\\/\\\/www.organisator.ch\\\/sustainability\\\/2021-05-18\\\/mit-pestiziden-belastete-baeche\\\/\",\"url\":\"https:\\\/\\\/www.organisator.ch\\\/sustainability\\\/2021-05-18\\\/mit-pestiziden-belastete-baeche\\\/\",\"name\":\"Mit Pestiziden belastete B\u00e4che - Organisator\",\"isPartOf\":{\"@id\":\"https:\\\/\\\/www.organisator.ch\\\/#website\"},\"primaryImageOfPage\":{\"@id\":\"https:\\\/\\\/www.organisator.ch\\\/sustainability\\\/2021-05-18\\\/mit-pestiziden-belastete-baeche\\\/#primaryimage\"},\"image\":{\"@id\":\"https:\\\/\\\/www.organisator.ch\\\/sustainability\\\/2021-05-18\\\/mit-pestiziden-belastete-baeche\\\/#primaryimage\"},\"thumbnailUrl\":\"https:\\\/\\\/www.organisator.ch\\\/wp-content\\\/uploads\\\/2021\\\/05\\\/Probenahme.gif\",\"datePublished\":\"2021-05-18T07:48:46+00:00\",\"dateModified\":\"2022-02-09T10:10:48+00:00\",\"breadcrumb\":{\"@id\":\"https:\\\/\\\/www.organisator.ch\\\/sustainability\\\/2021-05-18\\\/mit-pestiziden-belastete-baeche\\\/#breadcrumb\"},\"inLanguage\":\"de\",\"potentialAction\":[{\"@type\":\"ReadAction\",\"target\":[\"https:\\\/\\\/www.organisator.ch\\\/sustainability\\\/2021-05-18\\\/mit-pestiziden-belastete-baeche\\\/\"]}]},{\"@type\":\"ImageObject\",\"inLanguage\":\"de\",\"@id\":\"https:\\\/\\\/www.organisator.ch\\\/sustainability\\\/2021-05-18\\\/mit-pestiziden-belastete-baeche\\\/#primaryimage\",\"url\":\"https:\\\/\\\/www.organisator.ch\\\/wp-content\\\/uploads\\\/2021\\\/05\\\/Probenahme.gif\",\"contentUrl\":\"https:\\\/\\\/www.organisator.ch\\\/wp-content\\\/uploads\\\/2021\\\/05\\\/Probenahme.gif\",\"width\":695,\"height\":465,\"caption\":\"Probenentnahme im Fliessgew\u00e4sser. \u00a9 AWE\"},{\"@type\":\"BreadcrumbList\",\"@id\":\"https:\\\/\\\/www.organisator.ch\\\/sustainability\\\/2021-05-18\\\/mit-pestiziden-belastete-baeche\\\/#breadcrumb\",\"itemListElement\":[{\"@type\":\"ListItem\",\"position\":1,\"name\":\"Home\",\"item\":\"https:\\\/\\\/www.organisator.ch\\\/\"},{\"@type\":\"ListItem\",\"position\":2,\"name\":\"Mit Pestiziden belastete B\u00e4che\"}]},{\"@type\":\"WebSite\",\"@id\":\"https:\\\/\\\/www.organisator.ch\\\/#website\",\"url\":\"https:\\\/\\\/www.organisator.ch\\\/\",\"name\":\"Organisator\",\"description\":\"Kompetent. Praxisnah. Der ORGANISATOR bereitet in 10 Ausgaben pro Jahr die wesentlichen Themen f\u00fcr F\u00fchrungskr\u00e4fte von KMU auf.\",\"publisher\":{\"@id\":\"https:\\\/\\\/www.organisator.ch\\\/#organization\"},\"potentialAction\":[{\"@type\":\"SearchAction\",\"target\":{\"@type\":\"EntryPoint\",\"urlTemplate\":\"https:\\\/\\\/www.organisator.ch\\\/?s={search_term_string}\"},\"query-input\":{\"@type\":\"PropertyValueSpecification\",\"valueRequired\":true,\"valueName\":\"search_term_string\"}}],\"inLanguage\":\"de\"},{\"@type\":\"Organization\",\"@id\":\"https:\\\/\\\/www.organisator.ch\\\/#organization\",\"name\":\"Organisator\",\"url\":\"https:\\\/\\\/www.organisator.ch\\\/\",\"logo\":{\"@type\":\"ImageObject\",\"inLanguage\":\"de\",\"@id\":\"https:\\\/\\\/www.organisator.ch\\\/#\\\/schema\\\/logo\\\/image\\\/\",\"url\":\"https:\\\/\\\/www.organisator.ch\\\/wp-content\\\/uploads\\\/2022\\\/01\\\/Logo_Organisator_Website.png\",\"contentUrl\":\"https:\\\/\\\/www.organisator.ch\\\/wp-content\\\/uploads\\\/2022\\\/01\\\/Logo_Organisator_Website.png\",\"width\":800,\"height\":77,\"caption\":\"Organisator\"},\"image\":{\"@id\":\"https:\\\/\\\/www.organisator.ch\\\/#\\\/schema\\\/logo\\\/image\\\/\"},\"sameAs\":[\"https:\\\/\\\/www.facebook.com\\\/OrganisatorFachmagazin\",\"https:\\\/\\\/www.linkedin.com\\\/showcase\\\/organisator-das-magazin-fr-kmu\",\"https:\\\/\\\/www.xing.com\\\/news\\\/pages\\\/organisator-ch-695\",\"https:\\\/\\\/www.youtube.com\\\/channel\\\/UCGP2Sq0iWaZwT3BdIAQFYpw\"]},{\"@type\":\"Person\",\"@id\":\"https:\\\/\\\/www.organisator.ch\\\/#\\\/schema\\\/person\\\/a800b8c54e208b160517a7dcc323161d\",\"name\":\"roger.straessle\",\"image\":{\"@type\":\"ImageObject\",\"inLanguage\":\"de\",\"@id\":\"https:\\\/\\\/secure.gravatar.com\\\/avatar\\\/?s=96&d=mm&r=g\",\"url\":\"https:\\\/\\\/secure.gravatar.com\\\/avatar\\\/?s=96&d=mm&r=g\",\"contentUrl\":\"https:\\\/\\\/secure.gravatar.com\\\/avatar\\\/?s=96&d=mm&r=g\",\"caption\":\"roger.straessle\"},\"url\":\"https:\\\/\\\/www.organisator.ch\\\/de\\\/author\\\/roger-straessle\\\/\"}]}<\/script>\n<!-- \/ Yoast SEO plugin. -->","yoast_head_json":{"title":"Mit Pestiziden belastete B\u00e4che - Organisator","robots":{"index":"index","follow":"follow","max-snippet":"max-snippet:-1","max-image-preview":"max-image-preview:large","max-video-preview":"max-video-preview:-1"},"canonical":"https:\/\/www.organisator.ch\/de\/sustainability\/2021-05-18\/mit-pestiziden-belastete-baeche\/","og_locale":"de_DE","og_type":"article","og_title":"Mit Pestiziden belastete B\u00e4che - Organisator","og_description":"In den Jahren 2018 bis 2020 hat das Amt f\u00fcr Wasser und Energie (AWE) des Kantons St. Gallen 14 B\u00e4che in genutzten Gebieten unter die Lupe genommen und\u00a0auf organische Spurenstoffe, sogenannte Mikroverunreinigungen, untersucht. Bereits in sehr tiefen Konzentrationen k\u00f6nnen solche Stoffe Gew\u00e4sserlebewesen sch\u00e4digen. Die Auswertung der Messergebnisse w\u00fcrde f\u00fcr jeden der 14 B\u00e4che ein erh\u00f6htes [&hellip;]","og_url":"https:\/\/www.organisator.ch\/de\/sustainability\/2021-05-18\/mit-pestiziden-belastete-baeche\/","og_site_name":"Organisator","article_publisher":"https:\/\/www.facebook.com\/OrganisatorFachmagazin","article_published_time":"2021-05-18T07:48:46+00:00","article_modified_time":"2022-02-09T10:10:48+00:00","og_image":[{"width":695,"height":465,"url":"https:\/\/www.organisator.ch\/wp-content\/uploads\/2021\/05\/Probenahme.gif","type":"image\/gif"}],"author":"roger.straessle","twitter_card":"summary_large_image","schema":{"@context":"https:\/\/schema.org","@graph":[{"@type":"Article","@id":"https:\/\/www.organisator.ch\/sustainability\/2021-05-18\/mit-pestiziden-belastete-baeche\/#article","isPartOf":{"@id":"https:\/\/www.organisator.ch\/sustainability\/2021-05-18\/mit-pestiziden-belastete-baeche\/"},"author":{"name":"roger.straessle","@id":"https:\/\/www.organisator.ch\/#\/schema\/person\/a800b8c54e208b160517a7dcc323161d"},"headline":"Mit Pestiziden belastete B\u00e4che","datePublished":"2021-05-18T07:48:46+00:00","dateModified":"2022-02-09T10:10:48+00:00","mainEntityOfPage":{"@id":"https:\/\/www.organisator.ch\/sustainability\/2021-05-18\/mit-pestiziden-belastete-baeche\/"},"wordCount":543,"publisher":{"@id":"https:\/\/www.organisator.ch\/#organization"},"image":{"@id":"https:\/\/www.organisator.ch\/sustainability\/2021-05-18\/mit-pestiziden-belastete-baeche\/#primaryimage"},"thumbnailUrl":"https:\/\/www.organisator.ch\/wp-content\/uploads\/2021\/05\/Probenahme.gif","keywords":["Amt f\u00fcr Wasser und Energie","AWE","Landwirtschaft","Pestizide","Wasserqualit\u00e4t"],"articleSection":["SUSTAINABILITY"],"inLanguage":"de"},{"@type":"WebPage","@id":"https:\/\/www.organisator.ch\/sustainability\/2021-05-18\/mit-pestiziden-belastete-baeche\/","url":"https:\/\/www.organisator.ch\/sustainability\/2021-05-18\/mit-pestiziden-belastete-baeche\/","name":"Mit Pestiziden belastete B\u00e4che - Organisator","isPartOf":{"@id":"https:\/\/www.organisator.ch\/#website"},"primaryImageOfPage":{"@id":"https:\/\/www.organisator.ch\/sustainability\/2021-05-18\/mit-pestiziden-belastete-baeche\/#primaryimage"},"image":{"@id":"https:\/\/www.organisator.ch\/sustainability\/2021-05-18\/mit-pestiziden-belastete-baeche\/#primaryimage"},"thumbnailUrl":"https:\/\/www.organisator.ch\/wp-content\/uploads\/2021\/05\/Probenahme.gif","datePublished":"2021-05-18T07:48:46+00:00","dateModified":"2022-02-09T10:10:48+00:00","breadcrumb":{"@id":"https:\/\/www.organisator.ch\/sustainability\/2021-05-18\/mit-pestiziden-belastete-baeche\/#breadcrumb"},"inLanguage":"de","potentialAction":[{"@type":"ReadAction","target":["https:\/\/www.organisator.ch\/sustainability\/2021-05-18\/mit-pestiziden-belastete-baeche\/"]}]},{"@type":"ImageObject","inLanguage":"de","@id":"https:\/\/www.organisator.ch\/sustainability\/2021-05-18\/mit-pestiziden-belastete-baeche\/#primaryimage","url":"https:\/\/www.organisator.ch\/wp-content\/uploads\/2021\/05\/Probenahme.gif","contentUrl":"https:\/\/www.organisator.ch\/wp-content\/uploads\/2021\/05\/Probenahme.gif","width":695,"height":465,"caption":"Probenentnahme im Fliessgew\u00e4sser. \u00a9 AWE"},{"@type":"BreadcrumbList","@id":"https:\/\/www.organisator.ch\/sustainability\/2021-05-18\/mit-pestiziden-belastete-baeche\/#breadcrumb","itemListElement":[{"@type":"ListItem","position":1,"name":"Home","item":"https:\/\/www.organisator.ch\/"},{"@type":"ListItem","position":2,"name":"Mit Pestiziden belastete B\u00e4che"}]},{"@type":"WebSite","@id":"https:\/\/www.organisator.ch\/#website","url":"https:\/\/www.organisator.ch\/","name":"Organisator","description":"Kompetent. Praxisnah. Der ORGANISATOR bereitet in 10 Ausgaben pro Jahr die wesentlichen Themen f\u00fcr F\u00fchrungskr\u00e4fte von KMU auf.","publisher":{"@id":"https:\/\/www.organisator.ch\/#organization"},"potentialAction":[{"@type":"SearchAction","target":{"@type":"EntryPoint","urlTemplate":"https:\/\/www.organisator.ch\/?s={search_term_string}"},"query-input":{"@type":"PropertyValueSpecification","valueRequired":true,"valueName":"search_term_string"}}],"inLanguage":"de"},{"@type":"Organization","@id":"https:\/\/www.organisator.ch\/#organization","name":"Organisator","url":"https:\/\/www.organisator.ch\/","logo":{"@type":"ImageObject","inLanguage":"de","@id":"https:\/\/www.organisator.ch\/#\/schema\/logo\/image\/","url":"https:\/\/www.organisator.ch\/wp-content\/uploads\/2022\/01\/Logo_Organisator_Website.png","contentUrl":"https:\/\/www.organisator.ch\/wp-content\/uploads\/2022\/01\/Logo_Organisator_Website.png","width":800,"height":77,"caption":"Organisator"},"image":{"@id":"https:\/\/www.organisator.ch\/#\/schema\/logo\/image\/"},"sameAs":["https:\/\/www.facebook.com\/OrganisatorFachmagazin","https:\/\/www.linkedin.com\/showcase\/organisator-das-magazin-fr-kmu","https:\/\/www.xing.com\/news\/pages\/organisator-ch-695","https:\/\/www.youtube.com\/channel\/UCGP2Sq0iWaZwT3BdIAQFYpw"]},{"@type":"Person","@id":"https:\/\/www.organisator.ch\/#\/schema\/person\/a800b8c54e208b160517a7dcc323161d","name":"roger.straessle","image":{"@type":"ImageObject","inLanguage":"de","@id":"https:\/\/secure.gravatar.com\/avatar\/?s=96&d=mm&r=g","url":"https:\/\/secure.gravatar.com\/avatar\/?s=96&d=mm&r=g","contentUrl":"https:\/\/secure.gravatar.com\/avatar\/?s=96&d=mm&r=g","caption":"roger.straessle"},"url":"https:\/\/www.organisator.ch\/de\/author\/roger-straessle\/"}]}},"_links":{"self":[{"href":"https:\/\/www.organisator.ch\/de\/wp-json\/wp\/v2\/posts\/10276","targetHints":{"allow":["GET"]}}],"collection":[{"href":"https:\/\/www.organisator.ch\/de\/wp-json\/wp\/v2\/posts"}],"about":[{"href":"https:\/\/www.organisator.ch\/de\/wp-json\/wp\/v2\/types\/post"}],"author":[{"embeddable":true,"href":"https:\/\/www.organisator.ch\/de\/wp-json\/wp\/v2\/users\/6"}],"replies":[{"embeddable":true,"href":"https:\/\/www.organisator.ch\/de\/wp-json\/wp\/v2\/comments?post=10276"}],"version-history":[{"count":1,"href":"https:\/\/www.organisator.ch\/de\/wp-json\/wp\/v2\/posts\/10276\/revisions"}],"predecessor-version":[{"id":10987,"href":"https:\/\/www.organisator.ch\/de\/wp-json\/wp\/v2\/posts\/10276\/revisions\/10987"}],"wp:featuredmedia":[{"embeddable":true,"href":"https:\/\/www.organisator.ch\/de\/wp-json\/wp\/v2\/media\/4226"}],"wp:attachment":[{"href":"https:\/\/www.organisator.ch\/de\/wp-json\/wp\/v2\/media?parent=10276"}],"wp:term":[{"taxonomy":"category","embeddable":true,"href":"https:\/\/www.organisator.ch\/de\/wp-json\/wp\/v2\/categories?post=10276"},{"taxonomy":"post_tag","embeddable":true,"href":"https:\/\/www.organisator.ch\/de\/wp-json\/wp\/v2\/tags?post=10276"}],"curies":[{"name":"wp","href":"https:\/\/api.w.org\/{rel}","templated":true}]}}