{"id":10277,"date":"2021-05-20T09:35:56","date_gmt":"2021-05-20T07:35:56","guid":{"rendered":"https:\/\/www.umweltperspektiven.ch\/?p=4232"},"modified":"2022-02-09T11:09:27","modified_gmt":"2022-02-09T10:09:27","slug":"schub-fuer-die-elektromobilitaet","status":"publish","type":"post","link":"https:\/\/www.organisator.ch\/de\/sustainability\/2021-05-20\/schub-fuer-die-elektromobilitaet\/","title":{"rendered":"Z\u00fcndet die Elektromobilit\u00e4t den Turbo?"},"content":{"rendered":"<figure id=\"attachment_4235\" aria-describedby=\"caption-attachment-4235\" style=\"width: 589px\" class=\"wp-caption aligncenter\"><img loading=\"lazy\" decoding=\"async\" class=\"size-full wp-image-4235\" src=\"\/\/www.umweltperspektiven.ch\/wp-content\/uploads\/2021\/05\/Ladestation.gif\" alt=\"Elektromobilit\u00e4t, E-Mobilit\u00e4t, CO2-Gesetz\" width=\"589\" height=\"414\" \/><figcaption id=\"caption-attachment-4235\" class=\"wp-caption-text\">Das CO2-Gesetz sieht vor, dass Ladestationen in Wohnquartieren und in Mehrfamilienh\u00e4usern gef\u00f6rdert werden. Foto: R. Str\u00e4ssle<\/figcaption><\/figure>\n<p>Es l\u00e4sst sich nicht wegdiskutieren: Der Verkehr ist der gr\u00f6sste Klimas\u00fcnder der Schweiz \u2013 er verursacht ein Drittel der Treibhausgasemissionen. Das revidierte\u00a0CO2-Gesetz, das im Juni zur Abstimmung kommt, will den Treibhausgasausstoss der Schweiz bis ins Jahr 2030 gegen\u00fcber dem Wert von 1990 halbieren. Wie viel\u00a0die einzelnen Bereiche beitragen m\u00fcssen, ist unterschiedlich. Bis 2030 sieht die CO2-Verordnung f\u00fcr einzelne Sektoren folgende Verminderungsziele gegen\u00fcber 1990 vor: Geb\u00e4ude (\u2013 65%), Verkehr (\u2013 25%), Industrie (\u2013 35%) und Landwirtschaft (\u2013 20%). Die CO2-Verordnung hat der Bund k\u00fcrzlich in Vernehmlassung geschickt\u00a0(vgl. unter <a href=\"\/\/bit.ly\/32t0oxS\">https:\/\/bit.ly\/32t0oxS<\/a>).<\/p>\n<h2><strong>CO2-seitig deutlich \u00fcberlegen: Das E-Auto<\/strong><\/h2>\n<p>Eine Trendumkehr im Verkehrssektor ist momentan nicht in Sicht, der CO2-Ausstoss sinkt leider nicht. Ob ein Ja zum CO2-Gesetz daran etwas \u00e4ndern w\u00fcrde? Die Totalrevision setzt auf eine Kombination von finanziellen Anreizen, Investitionen und neuen Technologien. Eine Mehrheit der Wirtschaft bef\u00fcrwortet die Vorlage, ebenso die zwei Mobilit\u00e4tsverb\u00e4nde\u00a0Touring-Club Schweiz (TCS) und Verkehrs-Club Schweiz (VCS); nicht so der Automobilclub der Schweiz (ACS), der an vorderster Front im Referendumskomitee\u00a0ist.<\/p>\n<p>Mit dem revidierten CO2-Gesetz werden Benzin und Diesel nur indirekt verteuert: Wer die Treibstoffe importiert, muss verst\u00e4rkt in den Klimaschutz investieren, was f\u00fcr ihn zu h\u00f6heren Kosten f\u00fchrt als bisher. Laut CO2-Gesetz darf er f\u00fcr diese Investitionen an der Tankstelle einen Zuschlag erheben. Die Obergrenze liegt neu bei 12 Rappen pro Liter anstelle der bisherigen 5 Rappen. Mit den verst\u00e4rkten Klimaschutzmassnahmen k\u00f6nnte auch die Elektromobilit\u00e4t gef\u00f6rdert werden. Denn die \u00abStromautos\u00bb stossen laut <a href=\"\/\/www.autoumweltliste.ch\/fileadmin\/redaktion\/Downloads\/AUL_21\/Web_PDF_AUL_2021_DE_mit_SZ.pdf\">Auto-Umweltliste<\/a> des VCS zwischen 10,1 und 13,9 g CO2\/km aus (bei den 10 Besten aller PW-Klassen); beim Verbrennungsmotor sind es im Vergleich 98 bis 140 g CO2\/km (Top Ten aller PW-Klassen) \u2013 also deutlich mehr.<\/p>\n<h2>E-Tankstellen im Quartier f\u00f6rdern<\/h2>\n<p>Gem\u00e4ss neuem CO2-Gesetz werden Autoh\u00e4ndler dazu verpflichtet, effizientere Fahrzeuge anzubieten. Das sind zum Beispiel Autos mit Elektroantrieb. Parallel dazu pusht das CO2-Gesetz die E-Ladestationen: Vorgesehen ist f\u00fcr den Bau von E-Tankstationen in Wohnsiedlungen und Mehrfamilienh\u00e4usern finanzielle Unterst\u00fctzung. Heute gibt es in der Schweiz etwas \u00fcber 5000 \u00f6ffentliche E-Zapfs\u00e4ulen. Wer im Quartier tanken kann, stellt eher auf ein E-Auto um. Ein Ja zum CO2-Gesetz w\u00fcrde die E-Mobilit\u00e4t wohl befl\u00fcgeln und die Schweiz k\u00e4me auch im schwierigen Verkehrsbereich den gesteckten Klimazielen ein paar Schritte n\u00e4her.<\/p>\n<p><em>Weitere Informationen zum Thema:<\/em><\/p>\n<ul>\n<li><a href=\"\/\/www.umweltperspektiven.ch\/was-das-revidierte-co2-gesetz-bewirken-will\/\">Was das revidierte CO2-Gesetz bewirken will<\/a><\/li>\n<li><a href=\"\/\/www.umweltperspektiven.ch\/roadmap-elektromobilitaet-ch-drei-vorschlaege\/\">Roadmap Elektromobilit\u00e4t CH: drei Vorschl\u00e4ge<\/a><\/li>\n<li><a href=\"\/\/www.autoumweltliste.ch\/fileadmin\/redaktion\/Downloads\/AUL_21\/Web_PDF_AUL_2021_DE_mit_SZ.pdf\">Auto-Umweltliste des VCS<\/a><\/li>\n<li><a href=\"\/\/www.umweltperspektiven.ch\/netto-null-ziel-erfordert-einschneidende-massnahmen\/\">Netto-Null-Ziel erfordert einschneidende Massnahmen<\/a><\/li>\n<\/ul>\n","protected":false},"excerpt":{"rendered":"<p>Es l\u00e4sst sich nicht wegdiskutieren: Der Verkehr ist der gr\u00f6sste Klimas\u00fcnder der Schweiz \u2013 er verursacht ein Drittel der Treibhausgasemissionen. Das revidierte\u00a0CO2-Gesetz, das im Juni zur Abstimmung kommt, will den Treibhausgasausstoss der Schweiz bis ins Jahr 2030 gegen\u00fcber dem Wert von 1990 halbieren. Wie viel\u00a0die einzelnen Bereiche beitragen m\u00fcssen, ist unterschiedlich. Bis 2030 sieht die [&hellip;]<\/p>\n","protected":false},"author":6,"featured_media":4235,"comment_status":"closed","ping_status":"closed","sticky":false,"template":"","format":"standard","meta":{"_acf_changed":false,"_yoast_wpseo_focuskw":"CO2-Gesetz","_yoast_wpseo_metadesc":"","articlekey":"","footnotes":""},"categories":[580],"tags":[597,1006,1038],"class_list":["post-10277","post","type-post","status-publish","format-standard","has-post-thumbnail","hentry","category-sustainability","tag-co2-gesetz","tag-e-mobilitaet","tag-elektromobilitaet"],"acf":[],"yoast_head":"<!-- This site is optimized with the Yoast SEO plugin v27.5 - https:\/\/yoast.com\/product\/yoast-seo-wordpress\/ -->\n<title>Z\u00fcndet die Elektromobilit\u00e4t den Turbo? - Organisator<\/title>\n<meta name=\"robots\" content=\"index, follow, max-snippet:-1, max-image-preview:large, max-video-preview:-1\" \/>\n<link rel=\"canonical\" href=\"https:\/\/www.organisator.ch\/de\/sustainability\/2021-05-20\/schub-fuer-die-elektromobilitaet\/\" \/>\n<meta property=\"og:locale\" content=\"de_DE\" \/>\n<meta property=\"og:type\" content=\"article\" \/>\n<meta property=\"og:title\" content=\"Z\u00fcndet die Elektromobilit\u00e4t den Turbo? - Organisator\" \/>\n<meta property=\"og:description\" content=\"Es l\u00e4sst sich nicht wegdiskutieren: Der Verkehr ist der gr\u00f6sste Klimas\u00fcnder der Schweiz \u2013 er verursacht ein Drittel der Treibhausgasemissionen. Das revidierte\u00a0CO2-Gesetz, das im Juni zur Abstimmung kommt, will den Treibhausgasausstoss der Schweiz bis ins Jahr 2030 gegen\u00fcber dem Wert von 1990 halbieren. Wie viel\u00a0die einzelnen Bereiche beitragen m\u00fcssen, ist unterschiedlich. Bis 2030 sieht die [&hellip;]\" \/>\n<meta property=\"og:url\" content=\"https:\/\/www.organisator.ch\/de\/sustainability\/2021-05-20\/schub-fuer-die-elektromobilitaet\/\" \/>\n<meta property=\"og:site_name\" content=\"Organisator\" \/>\n<meta property=\"article:publisher\" content=\"https:\/\/www.facebook.com\/OrganisatorFachmagazin\" \/>\n<meta property=\"article:published_time\" content=\"2021-05-20T07:35:56+00:00\" \/>\n<meta property=\"article:modified_time\" content=\"2022-02-09T10:09:27+00:00\" \/>\n<meta property=\"og:image\" content=\"https:\/\/www.organisator.ch\/wp-content\/uploads\/2021\/05\/Ladestation.gif\" \/>\n\t<meta property=\"og:image:width\" content=\"589\" \/>\n\t<meta property=\"og:image:height\" content=\"414\" \/>\n\t<meta property=\"og:image:type\" content=\"image\/gif\" \/>\n<meta name=\"author\" content=\"roger.straessle\" \/>\n<meta name=\"twitter:card\" content=\"summary_large_image\" \/>\n<script type=\"application\/ld+json\" class=\"yoast-schema-graph\">{\"@context\":\"https:\\\/\\\/schema.org\",\"@graph\":[{\"@type\":\"Article\",\"@id\":\"https:\\\/\\\/www.organisator.ch\\\/sustainability\\\/2021-05-20\\\/schub-fuer-die-elektromobilitaet\\\/#article\",\"isPartOf\":{\"@id\":\"https:\\\/\\\/www.organisator.ch\\\/sustainability\\\/2021-05-20\\\/schub-fuer-die-elektromobilitaet\\\/\"},\"author\":{\"name\":\"roger.straessle\",\"@id\":\"https:\\\/\\\/www.organisator.ch\\\/#\\\/schema\\\/person\\\/a800b8c54e208b160517a7dcc323161d\"},\"headline\":\"Z\u00fcndet die Elektromobilit\u00e4t den Turbo?\",\"datePublished\":\"2021-05-20T07:35:56+00:00\",\"dateModified\":\"2022-02-09T10:09:27+00:00\",\"mainEntityOfPage\":{\"@id\":\"https:\\\/\\\/www.organisator.ch\\\/sustainability\\\/2021-05-20\\\/schub-fuer-die-elektromobilitaet\\\/\"},\"wordCount\":446,\"publisher\":{\"@id\":\"https:\\\/\\\/www.organisator.ch\\\/#organization\"},\"image\":{\"@id\":\"https:\\\/\\\/www.organisator.ch\\\/sustainability\\\/2021-05-20\\\/schub-fuer-die-elektromobilitaet\\\/#primaryimage\"},\"thumbnailUrl\":\"https:\\\/\\\/www.organisator.ch\\\/wp-content\\\/uploads\\\/2021\\\/05\\\/Ladestation.gif\",\"keywords\":[\"CO2-Gesetz\",\"E-Mobilit\u00e4t\",\"Elektromobilit\u00e4t\"],\"articleSection\":[\"SUSTAINABILITY\"],\"inLanguage\":\"de\"},{\"@type\":\"WebPage\",\"@id\":\"https:\\\/\\\/www.organisator.ch\\\/sustainability\\\/2021-05-20\\\/schub-fuer-die-elektromobilitaet\\\/\",\"url\":\"https:\\\/\\\/www.organisator.ch\\\/sustainability\\\/2021-05-20\\\/schub-fuer-die-elektromobilitaet\\\/\",\"name\":\"Z\u00fcndet die Elektromobilit\u00e4t den Turbo? - Organisator\",\"isPartOf\":{\"@id\":\"https:\\\/\\\/www.organisator.ch\\\/#website\"},\"primaryImageOfPage\":{\"@id\":\"https:\\\/\\\/www.organisator.ch\\\/sustainability\\\/2021-05-20\\\/schub-fuer-die-elektromobilitaet\\\/#primaryimage\"},\"image\":{\"@id\":\"https:\\\/\\\/www.organisator.ch\\\/sustainability\\\/2021-05-20\\\/schub-fuer-die-elektromobilitaet\\\/#primaryimage\"},\"thumbnailUrl\":\"https:\\\/\\\/www.organisator.ch\\\/wp-content\\\/uploads\\\/2021\\\/05\\\/Ladestation.gif\",\"datePublished\":\"2021-05-20T07:35:56+00:00\",\"dateModified\":\"2022-02-09T10:09:27+00:00\",\"breadcrumb\":{\"@id\":\"https:\\\/\\\/www.organisator.ch\\\/sustainability\\\/2021-05-20\\\/schub-fuer-die-elektromobilitaet\\\/#breadcrumb\"},\"inLanguage\":\"de\",\"potentialAction\":[{\"@type\":\"ReadAction\",\"target\":[\"https:\\\/\\\/www.organisator.ch\\\/sustainability\\\/2021-05-20\\\/schub-fuer-die-elektromobilitaet\\\/\"]}]},{\"@type\":\"ImageObject\",\"inLanguage\":\"de\",\"@id\":\"https:\\\/\\\/www.organisator.ch\\\/sustainability\\\/2021-05-20\\\/schub-fuer-die-elektromobilitaet\\\/#primaryimage\",\"url\":\"https:\\\/\\\/www.organisator.ch\\\/wp-content\\\/uploads\\\/2021\\\/05\\\/Ladestation.gif\",\"contentUrl\":\"https:\\\/\\\/www.organisator.ch\\\/wp-content\\\/uploads\\\/2021\\\/05\\\/Ladestation.gif\",\"width\":589,\"height\":414,\"caption\":\"Das CO2-Gesetz sieht vor, dass Ladestationen in Wohnquartieren und in Mehrfamilienh\u00e4usern gef\u00f6rdert werden. Foto: R. Str\u00e4ssle\"},{\"@type\":\"BreadcrumbList\",\"@id\":\"https:\\\/\\\/www.organisator.ch\\\/sustainability\\\/2021-05-20\\\/schub-fuer-die-elektromobilitaet\\\/#breadcrumb\",\"itemListElement\":[{\"@type\":\"ListItem\",\"position\":1,\"name\":\"Home\",\"item\":\"https:\\\/\\\/www.organisator.ch\\\/\"},{\"@type\":\"ListItem\",\"position\":2,\"name\":\"Z\u00fcndet die Elektromobilit\u00e4t den Turbo?\"}]},{\"@type\":\"WebSite\",\"@id\":\"https:\\\/\\\/www.organisator.ch\\\/#website\",\"url\":\"https:\\\/\\\/www.organisator.ch\\\/\",\"name\":\"Organisator\",\"description\":\"Kompetent. Praxisnah. Der ORGANISATOR bereitet in 10 Ausgaben pro Jahr die wesentlichen Themen f\u00fcr F\u00fchrungskr\u00e4fte von KMU auf.\",\"publisher\":{\"@id\":\"https:\\\/\\\/www.organisator.ch\\\/#organization\"},\"potentialAction\":[{\"@type\":\"SearchAction\",\"target\":{\"@type\":\"EntryPoint\",\"urlTemplate\":\"https:\\\/\\\/www.organisator.ch\\\/?s={search_term_string}\"},\"query-input\":{\"@type\":\"PropertyValueSpecification\",\"valueRequired\":true,\"valueName\":\"search_term_string\"}}],\"inLanguage\":\"de\"},{\"@type\":\"Organization\",\"@id\":\"https:\\\/\\\/www.organisator.ch\\\/#organization\",\"name\":\"Organisator\",\"url\":\"https:\\\/\\\/www.organisator.ch\\\/\",\"logo\":{\"@type\":\"ImageObject\",\"inLanguage\":\"de\",\"@id\":\"https:\\\/\\\/www.organisator.ch\\\/#\\\/schema\\\/logo\\\/image\\\/\",\"url\":\"https:\\\/\\\/www.organisator.ch\\\/wp-content\\\/uploads\\\/2022\\\/01\\\/Logo_Organisator_Website.png\",\"contentUrl\":\"https:\\\/\\\/www.organisator.ch\\\/wp-content\\\/uploads\\\/2022\\\/01\\\/Logo_Organisator_Website.png\",\"width\":800,\"height\":77,\"caption\":\"Organisator\"},\"image\":{\"@id\":\"https:\\\/\\\/www.organisator.ch\\\/#\\\/schema\\\/logo\\\/image\\\/\"},\"sameAs\":[\"https:\\\/\\\/www.facebook.com\\\/OrganisatorFachmagazin\",\"https:\\\/\\\/www.linkedin.com\\\/showcase\\\/organisator-das-magazin-fr-kmu\",\"https:\\\/\\\/www.xing.com\\\/news\\\/pages\\\/organisator-ch-695\",\"https:\\\/\\\/www.youtube.com\\\/channel\\\/UCGP2Sq0iWaZwT3BdIAQFYpw\"]},{\"@type\":\"Person\",\"@id\":\"https:\\\/\\\/www.organisator.ch\\\/#\\\/schema\\\/person\\\/a800b8c54e208b160517a7dcc323161d\",\"name\":\"roger.straessle\",\"image\":{\"@type\":\"ImageObject\",\"inLanguage\":\"de\",\"@id\":\"https:\\\/\\\/secure.gravatar.com\\\/avatar\\\/?s=96&d=mm&r=g\",\"url\":\"https:\\\/\\\/secure.gravatar.com\\\/avatar\\\/?s=96&d=mm&r=g\",\"contentUrl\":\"https:\\\/\\\/secure.gravatar.com\\\/avatar\\\/?s=96&d=mm&r=g\",\"caption\":\"roger.straessle\"},\"url\":\"https:\\\/\\\/www.organisator.ch\\\/de\\\/author\\\/roger-straessle\\\/\"}]}<\/script>\n<!-- \/ Yoast SEO plugin. -->","yoast_head_json":{"title":"Z\u00fcndet die Elektromobilit\u00e4t den Turbo? - Organisator","robots":{"index":"index","follow":"follow","max-snippet":"max-snippet:-1","max-image-preview":"max-image-preview:large","max-video-preview":"max-video-preview:-1"},"canonical":"https:\/\/www.organisator.ch\/de\/sustainability\/2021-05-20\/schub-fuer-die-elektromobilitaet\/","og_locale":"de_DE","og_type":"article","og_title":"Z\u00fcndet die Elektromobilit\u00e4t den Turbo? - Organisator","og_description":"Es l\u00e4sst sich nicht wegdiskutieren: Der Verkehr ist der gr\u00f6sste Klimas\u00fcnder der Schweiz \u2013 er verursacht ein Drittel der Treibhausgasemissionen. Das revidierte\u00a0CO2-Gesetz, das im Juni zur Abstimmung kommt, will den Treibhausgasausstoss der Schweiz bis ins Jahr 2030 gegen\u00fcber dem Wert von 1990 halbieren. Wie viel\u00a0die einzelnen Bereiche beitragen m\u00fcssen, ist unterschiedlich. Bis 2030 sieht die [&hellip;]","og_url":"https:\/\/www.organisator.ch\/de\/sustainability\/2021-05-20\/schub-fuer-die-elektromobilitaet\/","og_site_name":"Organisator","article_publisher":"https:\/\/www.facebook.com\/OrganisatorFachmagazin","article_published_time":"2021-05-20T07:35:56+00:00","article_modified_time":"2022-02-09T10:09:27+00:00","og_image":[{"width":589,"height":414,"url":"https:\/\/www.organisator.ch\/wp-content\/uploads\/2021\/05\/Ladestation.gif","type":"image\/gif"}],"author":"roger.straessle","twitter_card":"summary_large_image","schema":{"@context":"https:\/\/schema.org","@graph":[{"@type":"Article","@id":"https:\/\/www.organisator.ch\/sustainability\/2021-05-20\/schub-fuer-die-elektromobilitaet\/#article","isPartOf":{"@id":"https:\/\/www.organisator.ch\/sustainability\/2021-05-20\/schub-fuer-die-elektromobilitaet\/"},"author":{"name":"roger.straessle","@id":"https:\/\/www.organisator.ch\/#\/schema\/person\/a800b8c54e208b160517a7dcc323161d"},"headline":"Z\u00fcndet die Elektromobilit\u00e4t den Turbo?","datePublished":"2021-05-20T07:35:56+00:00","dateModified":"2022-02-09T10:09:27+00:00","mainEntityOfPage":{"@id":"https:\/\/www.organisator.ch\/sustainability\/2021-05-20\/schub-fuer-die-elektromobilitaet\/"},"wordCount":446,"publisher":{"@id":"https:\/\/www.organisator.ch\/#organization"},"image":{"@id":"https:\/\/www.organisator.ch\/sustainability\/2021-05-20\/schub-fuer-die-elektromobilitaet\/#primaryimage"},"thumbnailUrl":"https:\/\/www.organisator.ch\/wp-content\/uploads\/2021\/05\/Ladestation.gif","keywords":["CO2-Gesetz","E-Mobilit\u00e4t","Elektromobilit\u00e4t"],"articleSection":["SUSTAINABILITY"],"inLanguage":"de"},{"@type":"WebPage","@id":"https:\/\/www.organisator.ch\/sustainability\/2021-05-20\/schub-fuer-die-elektromobilitaet\/","url":"https:\/\/www.organisator.ch\/sustainability\/2021-05-20\/schub-fuer-die-elektromobilitaet\/","name":"Z\u00fcndet die Elektromobilit\u00e4t den Turbo? - Organisator","isPartOf":{"@id":"https:\/\/www.organisator.ch\/#website"},"primaryImageOfPage":{"@id":"https:\/\/www.organisator.ch\/sustainability\/2021-05-20\/schub-fuer-die-elektromobilitaet\/#primaryimage"},"image":{"@id":"https:\/\/www.organisator.ch\/sustainability\/2021-05-20\/schub-fuer-die-elektromobilitaet\/#primaryimage"},"thumbnailUrl":"https:\/\/www.organisator.ch\/wp-content\/uploads\/2021\/05\/Ladestation.gif","datePublished":"2021-05-20T07:35:56+00:00","dateModified":"2022-02-09T10:09:27+00:00","breadcrumb":{"@id":"https:\/\/www.organisator.ch\/sustainability\/2021-05-20\/schub-fuer-die-elektromobilitaet\/#breadcrumb"},"inLanguage":"de","potentialAction":[{"@type":"ReadAction","target":["https:\/\/www.organisator.ch\/sustainability\/2021-05-20\/schub-fuer-die-elektromobilitaet\/"]}]},{"@type":"ImageObject","inLanguage":"de","@id":"https:\/\/www.organisator.ch\/sustainability\/2021-05-20\/schub-fuer-die-elektromobilitaet\/#primaryimage","url":"https:\/\/www.organisator.ch\/wp-content\/uploads\/2021\/05\/Ladestation.gif","contentUrl":"https:\/\/www.organisator.ch\/wp-content\/uploads\/2021\/05\/Ladestation.gif","width":589,"height":414,"caption":"Das CO2-Gesetz sieht vor, dass Ladestationen in Wohnquartieren und in Mehrfamilienh\u00e4usern gef\u00f6rdert werden. Foto: R. Str\u00e4ssle"},{"@type":"BreadcrumbList","@id":"https:\/\/www.organisator.ch\/sustainability\/2021-05-20\/schub-fuer-die-elektromobilitaet\/#breadcrumb","itemListElement":[{"@type":"ListItem","position":1,"name":"Home","item":"https:\/\/www.organisator.ch\/"},{"@type":"ListItem","position":2,"name":"Z\u00fcndet die Elektromobilit\u00e4t den Turbo?"}]},{"@type":"WebSite","@id":"https:\/\/www.organisator.ch\/#website","url":"https:\/\/www.organisator.ch\/","name":"Organisator","description":"Kompetent. Praxisnah. Der ORGANISATOR bereitet in 10 Ausgaben pro Jahr die wesentlichen Themen f\u00fcr F\u00fchrungskr\u00e4fte von KMU auf.","publisher":{"@id":"https:\/\/www.organisator.ch\/#organization"},"potentialAction":[{"@type":"SearchAction","target":{"@type":"EntryPoint","urlTemplate":"https:\/\/www.organisator.ch\/?s={search_term_string}"},"query-input":{"@type":"PropertyValueSpecification","valueRequired":true,"valueName":"search_term_string"}}],"inLanguage":"de"},{"@type":"Organization","@id":"https:\/\/www.organisator.ch\/#organization","name":"Organisator","url":"https:\/\/www.organisator.ch\/","logo":{"@type":"ImageObject","inLanguage":"de","@id":"https:\/\/www.organisator.ch\/#\/schema\/logo\/image\/","url":"https:\/\/www.organisator.ch\/wp-content\/uploads\/2022\/01\/Logo_Organisator_Website.png","contentUrl":"https:\/\/www.organisator.ch\/wp-content\/uploads\/2022\/01\/Logo_Organisator_Website.png","width":800,"height":77,"caption":"Organisator"},"image":{"@id":"https:\/\/www.organisator.ch\/#\/schema\/logo\/image\/"},"sameAs":["https:\/\/www.facebook.com\/OrganisatorFachmagazin","https:\/\/www.linkedin.com\/showcase\/organisator-das-magazin-fr-kmu","https:\/\/www.xing.com\/news\/pages\/organisator-ch-695","https:\/\/www.youtube.com\/channel\/UCGP2Sq0iWaZwT3BdIAQFYpw"]},{"@type":"Person","@id":"https:\/\/www.organisator.ch\/#\/schema\/person\/a800b8c54e208b160517a7dcc323161d","name":"roger.straessle","image":{"@type":"ImageObject","inLanguage":"de","@id":"https:\/\/secure.gravatar.com\/avatar\/?s=96&d=mm&r=g","url":"https:\/\/secure.gravatar.com\/avatar\/?s=96&d=mm&r=g","contentUrl":"https:\/\/secure.gravatar.com\/avatar\/?s=96&d=mm&r=g","caption":"roger.straessle"},"url":"https:\/\/www.organisator.ch\/de\/author\/roger-straessle\/"}]}},"_links":{"self":[{"href":"https:\/\/www.organisator.ch\/de\/wp-json\/wp\/v2\/posts\/10277","targetHints":{"allow":["GET"]}}],"collection":[{"href":"https:\/\/www.organisator.ch\/de\/wp-json\/wp\/v2\/posts"}],"about":[{"href":"https:\/\/www.organisator.ch\/de\/wp-json\/wp\/v2\/types\/post"}],"author":[{"embeddable":true,"href":"https:\/\/www.organisator.ch\/de\/wp-json\/wp\/v2\/users\/6"}],"replies":[{"embeddable":true,"href":"https:\/\/www.organisator.ch\/de\/wp-json\/wp\/v2\/comments?post=10277"}],"version-history":[{"count":1,"href":"https:\/\/www.organisator.ch\/de\/wp-json\/wp\/v2\/posts\/10277\/revisions"}],"predecessor-version":[{"id":10777,"href":"https:\/\/www.organisator.ch\/de\/wp-json\/wp\/v2\/posts\/10277\/revisions\/10777"}],"wp:featuredmedia":[{"embeddable":true,"href":"https:\/\/www.organisator.ch\/de\/wp-json\/wp\/v2\/media\/4235"}],"wp:attachment":[{"href":"https:\/\/www.organisator.ch\/de\/wp-json\/wp\/v2\/media?parent=10277"}],"wp:term":[{"taxonomy":"category","embeddable":true,"href":"https:\/\/www.organisator.ch\/de\/wp-json\/wp\/v2\/categories?post=10277"},{"taxonomy":"post_tag","embeddable":true,"href":"https:\/\/www.organisator.ch\/de\/wp-json\/wp\/v2\/tags?post=10277"}],"curies":[{"name":"wp","href":"https:\/\/api.w.org\/{rel}","templated":true}]}}