{"id":10280,"date":"2021-05-21T07:20:38","date_gmt":"2021-05-21T05:20:38","guid":{"rendered":"https:\/\/www.umweltperspektiven.ch\/?p=4275"},"modified":"2022-02-09T11:05:30","modified_gmt":"2022-02-09T10:05:30","slug":"plastikverpackungen-in-reinach-geht-ab-juni-die-post-ab","status":"publish","type":"post","link":"https:\/\/www.organisator.ch\/de\/sustainability\/2021-05-21\/plastikverpackungen-in-reinach-geht-ab-juni-die-post-ab\/","title":{"rendered":"Plastikverpackungen: In Reinach geht ab Juni die Post ab"},"content":{"rendered":"<figure id=\"attachment_4277\" aria-describedby=\"caption-attachment-4277\" style=\"width: 680px\" class=\"wp-caption aligncenter\"><img loading=\"lazy\" decoding=\"async\" class=\"size-medium wp-image-4277\" src=\"\/\/www.umweltperspektiven.ch\/wp-content\/uploads\/2021\/05\/Bild-1.jpg\" alt=\"Plastikrecycling, Kunststoff\" width=\"680\" height=\"444\" srcset=\"https:\/\/www.organisator.ch\/wp-content\/uploads\/2021\/05\/Bild-1.jpg 918w, https:\/\/www.organisator.ch\/wp-content\/uploads\/2021\/05\/Bild-1-680x444.jpg 680w, https:\/\/www.organisator.ch\/wp-content\/uploads\/2021\/05\/Bild-1-768x501.jpg 768w, https:\/\/www.organisator.ch\/wp-content\/uploads\/2021\/05\/Bild-1-18x12.jpg 18w, https:\/\/www.organisator.ch\/wp-content\/uploads\/2021\/05\/Bild-1-268x175.jpg 268w, https:\/\/www.organisator.ch\/wp-content\/uploads\/2021\/05\/Bild-1-536x350.jpg 536w, https:\/\/www.organisator.ch\/wp-content\/uploads\/2021\/05\/Bild-1-300x196.jpg 300w\" sizes=\"auto, (max-width: 680px) 100vw, 680px\" \/><figcaption id=\"caption-attachment-4277\" class=\"wp-caption-text\">Der P\u00f6stler nimmt in Reinach den mit \u00a0leeren Getr\u00e4nkekartons, Shampooflaschen usw. gef\u00fcllten \u00a0\u00abRecycling-Sack\u00bb mit. Foto: Evelyn Lenzin<\/figcaption><\/figure>\n<p>Ab Juni 2021 bringt der P\u00f6stler der Baselbieter Gemeinde Reinach nicht nur Briefe und Pakete. Werktags holt er zudem leere Kunststoffflaschen und Getr\u00e4nkekartons ab, die die Hausbewohner im \u00abRecycling-Sack\u00bb bei den Briefk\u00e4sten deponieren. Der 35 Liter Recycling-Sack ist bei der Gemeinde f\u00fcr 1.80 Franken erh\u00e4ltlich. Die P\u00f6stler transportieren die eingesammelten S\u00e4cke zur Reinacher Poststelle, von wo aus sie in ein spezialisiertes Sortierwerk der M\u00fcller Recycling AG in Frauenfeld gebracht werden. Mit dieser cleveren Logistik entfallen zus\u00e4tzliche un\u00f6kologische Lastwagentransporte, denn die Kunststoffe reisen bis ins Sortierwerk in einem Gebinde, welches sowieso ins Logistikzentrum der Post zur\u00fcckgebracht werden m\u00fcsste, wie\u00a0die auf Kreislaufwirtschaft spezialisierte Unternehmung\u00a0<a href=\"\/\/redilo.ch\/\">Redilo<\/a>\u00a0schreibt. Hinter dem Pionierprojekt stehen <a href=\"\/\/realcycle.ch\/\">\u00abrealCYCLE\u00bb<\/a> von Redilo und der Migros-Pionierfonds, durch den Pilot erm\u00f6glicht wird. \u00abDieses Pilotprojekt zeigt exemplarisch, wie einfach die Kunststoffkreislaufwirtschaft von morgen funktionieren kann\u00bb, sagt Corinne Gr\u00e4ssle, Projektleiterin des Migros-Pionierfonds. \u00abDadurch wird die Gesellschaft unabh\u00e4ngiger von immer knapper werdenden Rohstoffen.\u00bb<\/p>\n<h2><strong>Aus Recyclingkunststoff entstehen neue Produkte<\/strong><\/h2>\n<p>Plastikflaschen f\u00fcr Shampoo, Reinigungsmittel und dergleichen mehr sind f\u00fcr das Recycling optimal: Der hochwertige Wertstoff bestehe meist aus nur einem Kunststoff, was f\u00fcr das Recycling wichtig sei, betont Melanie Haupt, Co-Projektleiterin von \u00abrealCYCLE\u00bb und Dozentin f\u00fcr Kreislaufwirtschaft an der ETH Z\u00fcrich.<\/p>\n<p>Die Initianten betonen, dass der R\u00fccklauf von Kunststoffflaschen ins Recycling durch das Pilotprojekt erleichtert und derjenige von Getr\u00e4nkekartons \u00fcberhaupt erst m\u00f6glich wird. Das Gemisch aus den gesammelten Kunststoffflaschen und Getr\u00e4nkekartons sortiert ein Unternehmen in Frauenfeld und bereitet es f\u00fcr das Recycling auf. Das sortierte Kunststoffmaterial wird anschliessend in der Schweiz zerkleinert, gewaschen und zu Regranulat verarbeitet: Daraus entstehen letztlich wieder neue Kunststoffprodukte.<\/p>\n<p>Im Reinacher Pilotprojekt werden nur Kunststoffflaschen und Getr\u00e4nkekartons gesammelt, aber keine weiteren Kunststoffverpackungen wie etwa Joghurtbecher oder Folien. \u00abSo k\u00f6nnen wir sicherstellen, dass die gesammelten Kunststoffe auch in der Schweiz rezykliert werden\u00bb, sagt Co-Projektleiterin Haupt. Sie besch\u00e4ftigt sich in der Forschung seit vielen Jahren mit der Analyse der Abfallstr\u00f6me und den M\u00f6glichkeiten des Kunststoff-Recyclings. F\u00fcr Getr\u00e4nkekartons fehle derzeit eine Recyclinganlage in der Schweiz, weshalb sie heute in Deutschland und Frankreich rezykliert w\u00fcrden. W\u00e4hrend die Kartonfaser f\u00fcr Wellkarton eingesetzt wird, wird das \u00fcbrigbleibende Alu-Kunststoff-Gemisch entweder als Brennstoff eingesetzt oder f\u00fcr weitere Produkte genutzt, wie ferner mitgeteilt wird.<\/p>\n<h2><strong>Relevante Kreislaufl\u00fccke schliessen<\/strong><\/h2>\n<p>Das Angebot in Reinach BL soll eine relevante L\u00fccke im Kunststoffkreislauf schliessen. \u00abDie Sammlung durch die Post vereinfacht es der Bev\u00f6lkerung, gut verwertbare Kunststoffe separat zu sammeln und vor der Haust\u00fcre beim Briefkasten abholen zu lassen. Die Post verf\u00fcgt \u00fcber die n\u00f6tige Logistik und das Know-how um ein solches Sammelsystem nachhaltig zu betreiben\u00bb, sagt Patrick Lampert, Leiter Unit Kreislaufwirtschaft bei der Post CH AG.<\/p>\n<p>Laut Angaben l\u00e4uft das Pilotprojekt sechs Monate. Doch eine erste Zwischenbilanz ziehe man nach drei Monaten in Form einer Umfrage bei den Reinacherinnen und Reinachern, verr\u00e4t Melanie Haupt auf Anfrage von Umwelt Perspektiven. Dann wird sich zeigen, ob die Schweizer auch in diesem Bereich zu den Recycling-Weltmeistern avancieren wollen.<\/p>\n<p>Wie auch immer, eine Ausweitung des Sammelgebietes sei seitens \u00abrealCYCLE\u00bb bereits geplant, heisst es in der Mitteilung zum Reinacher Projekt. In einem weiteren Schritt will man zudem testen, ob sich l\u00e4ndliche und abgelegene Gebiete einfacher an Entsorgungsstrukturen anschliessen lassen. Gem\u00e4ss Kreislaufspezialistin Haupt ist die Ambition seitens \u00abrealCYCLE\u00bb gross, eine nationale L\u00f6sung zu finden. \u00abDas Pilotprojekt ist ein erster Schritt in Richtung einer nachhaltigen Kreislaufwirtschaft, wo bestehende Synergien bestm\u00f6glich genutzt werden\u00bb, so Haupt.<\/p>\n<h2>Finanzierungsfrage ungel\u00f6st<\/h2>\n<p>Stellt sich noch die Frage, weshalb der\u00a0\u00abRecycling-Sack\u00bb nicht kostenlos abgegeben wird? \u00abJemand muss die Kosten f\u00fcr die Logistik usw. bezahlen\u00bb, antwortet Haupt, denn der Ertrag des Rohmaterials reiche daf\u00fcr nicht aus. Ferner weist die ETH-Dozentin f\u00fcr Kreislaufwirtschaft darauf hin, dass im Gegensatz zu PET, Alu und Co. noch keine Finanzierung im Sinne einer vorgezogenen Recyclinggeb\u00fchr f\u00fcr die Verursacher bestehe. Entsprechende Bestrebungen seien jedoch im Gang.<\/p>\n<h2><strong>Und was sagt die Gemeindebeh\u00f6rde?<\/strong><\/h2>\n<p>\u00abAls wir vom Pilotprojekt geh\u00f6rt haben, war klar, dass wir da mitmachen\u00bb, sagt Gemeinder\u00e4tin Doris V\u00f6geli aus Reinach. \u00abDenn das selektive Sammeln von Kunststoff haben wir schon seit l\u00e4ngerem auf dem Radar.\u00bb Ein politischer Auftrag des Reinacher Parlaments (<a href=\"\/\/realcycle.ch\/uploads\/1\/3\/0\/4\/130453461\/kst-recycling_reinach_motion-140_er-sitzung-20191125.pdf\">Motion 140 \u201eKunststoffrecycling in Reinach\u201c)<\/a> verlange die Ausarbeitung eines Konzeptes f\u00fcr die Einf\u00fchrung einer selektiven Sammlung von Kunststoffflaschen und Getr\u00e4nkekartons. Mit diesem Pilotprojekt wolle man Erfahrungen sammeln und herausfinden, ob die Bereitschaft in der Bev\u00f6lkerung vorhanden sei, das Angebot zu nutzen. Entscheidend ist, ob gen\u00fcgend Sammelgut zusammenkommt.<\/p>\n<p><em>Quelle: Redilo<\/em><\/p>\n<p>&nbsp;<\/p>\n<p><strong><em>Weitere Themen:\u00a0<\/em><\/strong><\/p>\n<p><a href=\"\/\/www.umweltperspektiven.ch\/zuercher-kva-das-aus-fuer-stofflich-verwertbare-kunststoffabfaelle\/\"><em>Z\u00fcrcher KVA: Das Aus f\u00fcr stofflich verwertbare Kunststoffabf\u00e4lle<\/em><\/a><\/p>\n<p><a href=\"\/\/www.umweltperspektiven.ch\/kanton-zuerich-hat-rohstoff-versorgungssicherheit-im-fokus\/\"><em>Kanton Z\u00fcrich hat Rohstoff-Versorgungssicherheit im Fokus<\/em><\/a><\/p>\n<p><a href=\"\/\/www.umweltperspektiven.ch\/plastik-recycling-migros-startet-offensive\/\"><em>Plastik-Recycling: Migros startet Offensive<\/em><\/a><\/p>\n","protected":false},"excerpt":{"rendered":"<p>Ab Juni 2021 bringt der P\u00f6stler der Baselbieter Gemeinde Reinach nicht nur Briefe und Pakete. Werktags holt er zudem leere Kunststoffflaschen und Getr\u00e4nkekartons ab, die die Hausbewohner im \u00abRecycling-Sack\u00bb bei den Briefk\u00e4sten deponieren. Der 35 Liter Recycling-Sack ist bei der Gemeinde f\u00fcr 1.80 Franken erh\u00e4ltlich. Die P\u00f6stler transportieren die eingesammelten S\u00e4cke zur Reinacher Poststelle, von [&hellip;]<\/p>\n","protected":false},"author":6,"featured_media":4277,"comment_status":"closed","ping_status":"closed","sticky":false,"template":"","format":"standard","meta":{"_acf_changed":false,"_yoast_wpseo_focuskw":"Kunststoff","_yoast_wpseo_metadesc":"Im Juni startet in der Gemeinde Reinach BL ein Pilotprojekt: Der P\u00f6stler nimmt auf seiner Zustelltour leere Kunststoffflaschen und Getr\u00e4nkekartons zur\u00fcck.","articlekey":"","footnotes":""},"categories":[580],"tags":[1287,1911,1924,1938,1984,1991,1993,2000],"class_list":["post-10280","post","type-post","status-publish","format-standard","has-post-thumbnail","hentry","category-sustainability","tag-getraenkeverpackungen","tag-pilotprojekt","tag-plastikrecycling","tag-post","tag-realcycle","tag-recyclingkunststoff","tag-redilo","tag-reinach"],"acf":[],"yoast_head":"<!-- This site is optimized with the Yoast SEO plugin v27.5 - https:\/\/yoast.com\/product\/yoast-seo-wordpress\/ -->\n<title>Kunststoffrecycling_Plastikrecycling_Wertstoffe_Pilotprojekt<\/title>\n<meta name=\"description\" content=\"Im Juni startet in der Gemeinde Reinach BL ein Pilotprojekt: Der P\u00f6stler nimmt auf seiner Zustelltour leere Kunststoffflaschen und Getr\u00e4nkekartons zur\u00fcck.\" \/>\n<meta name=\"robots\" content=\"index, follow, max-snippet:-1, max-image-preview:large, max-video-preview:-1\" \/>\n<link rel=\"canonical\" href=\"https:\/\/www.organisator.ch\/de\/sustainability\/2021-05-21\/plastikverpackungen-in-reinach-geht-ab-juni-die-post-ab\/\" \/>\n<meta property=\"og:locale\" content=\"de_DE\" \/>\n<meta property=\"og:type\" content=\"article\" \/>\n<meta property=\"og:title\" content=\"Kunststoffrecycling_Plastikrecycling_Wertstoffe_Pilotprojekt\" \/>\n<meta property=\"og:description\" content=\"Im Juni startet in der Gemeinde Reinach BL ein Pilotprojekt: Der P\u00f6stler nimmt auf seiner Zustelltour leere Kunststoffflaschen und Getr\u00e4nkekartons zur\u00fcck.\" \/>\n<meta property=\"og:url\" content=\"https:\/\/www.organisator.ch\/de\/sustainability\/2021-05-21\/plastikverpackungen-in-reinach-geht-ab-juni-die-post-ab\/\" \/>\n<meta property=\"og:site_name\" content=\"Organisator\" \/>\n<meta property=\"article:publisher\" content=\"https:\/\/www.facebook.com\/OrganisatorFachmagazin\" \/>\n<meta property=\"article:published_time\" content=\"2021-05-21T05:20:38+00:00\" \/>\n<meta property=\"article:modified_time\" content=\"2022-02-09T10:05:30+00:00\" \/>\n<meta property=\"og:image\" content=\"https:\/\/www.organisator.ch\/wp-content\/uploads\/2021\/05\/Bild-1.jpg\" \/>\n\t<meta property=\"og:image:width\" content=\"918\" \/>\n\t<meta property=\"og:image:height\" content=\"599\" \/>\n\t<meta property=\"og:image:type\" content=\"image\/jpeg\" \/>\n<meta name=\"author\" content=\"roger.straessle\" \/>\n<meta name=\"twitter:card\" content=\"summary_large_image\" \/>\n<script type=\"application\/ld+json\" class=\"yoast-schema-graph\">{\"@context\":\"https:\\\/\\\/schema.org\",\"@graph\":[{\"@type\":\"Article\",\"@id\":\"https:\\\/\\\/www.organisator.ch\\\/sustainability\\\/2021-05-21\\\/plastikverpackungen-in-reinach-geht-ab-juni-die-post-ab\\\/#article\",\"isPartOf\":{\"@id\":\"https:\\\/\\\/www.organisator.ch\\\/sustainability\\\/2021-05-21\\\/plastikverpackungen-in-reinach-geht-ab-juni-die-post-ab\\\/\"},\"author\":{\"name\":\"roger.straessle\",\"@id\":\"https:\\\/\\\/www.organisator.ch\\\/#\\\/schema\\\/person\\\/a800b8c54e208b160517a7dcc323161d\"},\"headline\":\"Plastikverpackungen: In Reinach geht ab Juni die Post ab\",\"datePublished\":\"2021-05-21T05:20:38+00:00\",\"dateModified\":\"2022-02-09T10:05:30+00:00\",\"mainEntityOfPage\":{\"@id\":\"https:\\\/\\\/www.organisator.ch\\\/sustainability\\\/2021-05-21\\\/plastikverpackungen-in-reinach-geht-ab-juni-die-post-ab\\\/\"},\"wordCount\":821,\"publisher\":{\"@id\":\"https:\\\/\\\/www.organisator.ch\\\/#organization\"},\"image\":{\"@id\":\"https:\\\/\\\/www.organisator.ch\\\/sustainability\\\/2021-05-21\\\/plastikverpackungen-in-reinach-geht-ab-juni-die-post-ab\\\/#primaryimage\"},\"thumbnailUrl\":\"https:\\\/\\\/www.organisator.ch\\\/wp-content\\\/uploads\\\/2021\\\/05\\\/Bild-1.jpg\",\"keywords\":[\"Getr\u00e4nkeverpackungen\",\"Pilotprojekt\",\"Plastikrecycling\",\"Post\",\"realCYCLE\",\"Recyclingkunststoff\",\"Redilo\",\"Reinach\"],\"articleSection\":[\"SUSTAINABILITY\"],\"inLanguage\":\"de\"},{\"@type\":\"WebPage\",\"@id\":\"https:\\\/\\\/www.organisator.ch\\\/sustainability\\\/2021-05-21\\\/plastikverpackungen-in-reinach-geht-ab-juni-die-post-ab\\\/\",\"url\":\"https:\\\/\\\/www.organisator.ch\\\/sustainability\\\/2021-05-21\\\/plastikverpackungen-in-reinach-geht-ab-juni-die-post-ab\\\/\",\"name\":\"Kunststoffrecycling_Plastikrecycling_Wertstoffe_Pilotprojekt\",\"isPartOf\":{\"@id\":\"https:\\\/\\\/www.organisator.ch\\\/#website\"},\"primaryImageOfPage\":{\"@id\":\"https:\\\/\\\/www.organisator.ch\\\/sustainability\\\/2021-05-21\\\/plastikverpackungen-in-reinach-geht-ab-juni-die-post-ab\\\/#primaryimage\"},\"image\":{\"@id\":\"https:\\\/\\\/www.organisator.ch\\\/sustainability\\\/2021-05-21\\\/plastikverpackungen-in-reinach-geht-ab-juni-die-post-ab\\\/#primaryimage\"},\"thumbnailUrl\":\"https:\\\/\\\/www.organisator.ch\\\/wp-content\\\/uploads\\\/2021\\\/05\\\/Bild-1.jpg\",\"datePublished\":\"2021-05-21T05:20:38+00:00\",\"dateModified\":\"2022-02-09T10:05:30+00:00\",\"description\":\"Im Juni startet in der Gemeinde Reinach BL ein Pilotprojekt: Der P\u00f6stler nimmt auf seiner Zustelltour leere Kunststoffflaschen und Getr\u00e4nkekartons zur\u00fcck.\",\"breadcrumb\":{\"@id\":\"https:\\\/\\\/www.organisator.ch\\\/sustainability\\\/2021-05-21\\\/plastikverpackungen-in-reinach-geht-ab-juni-die-post-ab\\\/#breadcrumb\"},\"inLanguage\":\"de\",\"potentialAction\":[{\"@type\":\"ReadAction\",\"target\":[\"https:\\\/\\\/www.organisator.ch\\\/sustainability\\\/2021-05-21\\\/plastikverpackungen-in-reinach-geht-ab-juni-die-post-ab\\\/\"]}]},{\"@type\":\"ImageObject\",\"inLanguage\":\"de\",\"@id\":\"https:\\\/\\\/www.organisator.ch\\\/sustainability\\\/2021-05-21\\\/plastikverpackungen-in-reinach-geht-ab-juni-die-post-ab\\\/#primaryimage\",\"url\":\"https:\\\/\\\/www.organisator.ch\\\/wp-content\\\/uploads\\\/2021\\\/05\\\/Bild-1.jpg\",\"contentUrl\":\"https:\\\/\\\/www.organisator.ch\\\/wp-content\\\/uploads\\\/2021\\\/05\\\/Bild-1.jpg\",\"width\":918,\"height\":599,\"caption\":\"Foto: Evelyn Lenzin\"},{\"@type\":\"BreadcrumbList\",\"@id\":\"https:\\\/\\\/www.organisator.ch\\\/sustainability\\\/2021-05-21\\\/plastikverpackungen-in-reinach-geht-ab-juni-die-post-ab\\\/#breadcrumb\",\"itemListElement\":[{\"@type\":\"ListItem\",\"position\":1,\"name\":\"Home\",\"item\":\"https:\\\/\\\/www.organisator.ch\\\/\"},{\"@type\":\"ListItem\",\"position\":2,\"name\":\"Plastikverpackungen: In Reinach geht ab Juni die Post ab\"}]},{\"@type\":\"WebSite\",\"@id\":\"https:\\\/\\\/www.organisator.ch\\\/#website\",\"url\":\"https:\\\/\\\/www.organisator.ch\\\/\",\"name\":\"Organisator\",\"description\":\"Kompetent. Praxisnah. Der ORGANISATOR bereitet in 10 Ausgaben pro Jahr die wesentlichen Themen f\u00fcr F\u00fchrungskr\u00e4fte von KMU auf.\",\"publisher\":{\"@id\":\"https:\\\/\\\/www.organisator.ch\\\/#organization\"},\"potentialAction\":[{\"@type\":\"SearchAction\",\"target\":{\"@type\":\"EntryPoint\",\"urlTemplate\":\"https:\\\/\\\/www.organisator.ch\\\/?s={search_term_string}\"},\"query-input\":{\"@type\":\"PropertyValueSpecification\",\"valueRequired\":true,\"valueName\":\"search_term_string\"}}],\"inLanguage\":\"de\"},{\"@type\":\"Organization\",\"@id\":\"https:\\\/\\\/www.organisator.ch\\\/#organization\",\"name\":\"Organisator\",\"url\":\"https:\\\/\\\/www.organisator.ch\\\/\",\"logo\":{\"@type\":\"ImageObject\",\"inLanguage\":\"de\",\"@id\":\"https:\\\/\\\/www.organisator.ch\\\/#\\\/schema\\\/logo\\\/image\\\/\",\"url\":\"https:\\\/\\\/www.organisator.ch\\\/wp-content\\\/uploads\\\/2022\\\/01\\\/Logo_Organisator_Website.png\",\"contentUrl\":\"https:\\\/\\\/www.organisator.ch\\\/wp-content\\\/uploads\\\/2022\\\/01\\\/Logo_Organisator_Website.png\",\"width\":800,\"height\":77,\"caption\":\"Organisator\"},\"image\":{\"@id\":\"https:\\\/\\\/www.organisator.ch\\\/#\\\/schema\\\/logo\\\/image\\\/\"},\"sameAs\":[\"https:\\\/\\\/www.facebook.com\\\/OrganisatorFachmagazin\",\"https:\\\/\\\/www.linkedin.com\\\/showcase\\\/organisator-das-magazin-fr-kmu\",\"https:\\\/\\\/www.xing.com\\\/news\\\/pages\\\/organisator-ch-695\",\"https:\\\/\\\/www.youtube.com\\\/channel\\\/UCGP2Sq0iWaZwT3BdIAQFYpw\"]},{\"@type\":\"Person\",\"@id\":\"https:\\\/\\\/www.organisator.ch\\\/#\\\/schema\\\/person\\\/a800b8c54e208b160517a7dcc323161d\",\"name\":\"roger.straessle\",\"image\":{\"@type\":\"ImageObject\",\"inLanguage\":\"de\",\"@id\":\"https:\\\/\\\/secure.gravatar.com\\\/avatar\\\/?s=96&d=mm&r=g\",\"url\":\"https:\\\/\\\/secure.gravatar.com\\\/avatar\\\/?s=96&d=mm&r=g\",\"contentUrl\":\"https:\\\/\\\/secure.gravatar.com\\\/avatar\\\/?s=96&d=mm&r=g\",\"caption\":\"roger.straessle\"},\"url\":\"https:\\\/\\\/www.organisator.ch\\\/de\\\/author\\\/roger-straessle\\\/\"}]}<\/script>\n<!-- \/ Yoast SEO plugin. -->","yoast_head_json":{"title":"Kunststoffrecycling_Plastikrecycling_Wertstoffe_Pilotprojekt","description":"Im Juni startet in der Gemeinde Reinach BL ein Pilotprojekt: Der P\u00f6stler nimmt auf seiner Zustelltour leere Kunststoffflaschen und Getr\u00e4nkekartons zur\u00fcck.","robots":{"index":"index","follow":"follow","max-snippet":"max-snippet:-1","max-image-preview":"max-image-preview:large","max-video-preview":"max-video-preview:-1"},"canonical":"https:\/\/www.organisator.ch\/de\/sustainability\/2021-05-21\/plastikverpackungen-in-reinach-geht-ab-juni-die-post-ab\/","og_locale":"de_DE","og_type":"article","og_title":"Kunststoffrecycling_Plastikrecycling_Wertstoffe_Pilotprojekt","og_description":"Im Juni startet in der Gemeinde Reinach BL ein Pilotprojekt: Der P\u00f6stler nimmt auf seiner Zustelltour leere Kunststoffflaschen und Getr\u00e4nkekartons zur\u00fcck.","og_url":"https:\/\/www.organisator.ch\/de\/sustainability\/2021-05-21\/plastikverpackungen-in-reinach-geht-ab-juni-die-post-ab\/","og_site_name":"Organisator","article_publisher":"https:\/\/www.facebook.com\/OrganisatorFachmagazin","article_published_time":"2021-05-21T05:20:38+00:00","article_modified_time":"2022-02-09T10:05:30+00:00","og_image":[{"width":918,"height":599,"url":"https:\/\/www.organisator.ch\/wp-content\/uploads\/2021\/05\/Bild-1.jpg","type":"image\/jpeg"}],"author":"roger.straessle","twitter_card":"summary_large_image","schema":{"@context":"https:\/\/schema.org","@graph":[{"@type":"Article","@id":"https:\/\/www.organisator.ch\/sustainability\/2021-05-21\/plastikverpackungen-in-reinach-geht-ab-juni-die-post-ab\/#article","isPartOf":{"@id":"https:\/\/www.organisator.ch\/sustainability\/2021-05-21\/plastikverpackungen-in-reinach-geht-ab-juni-die-post-ab\/"},"author":{"name":"roger.straessle","@id":"https:\/\/www.organisator.ch\/#\/schema\/person\/a800b8c54e208b160517a7dcc323161d"},"headline":"Plastikverpackungen: In Reinach geht ab Juni die Post ab","datePublished":"2021-05-21T05:20:38+00:00","dateModified":"2022-02-09T10:05:30+00:00","mainEntityOfPage":{"@id":"https:\/\/www.organisator.ch\/sustainability\/2021-05-21\/plastikverpackungen-in-reinach-geht-ab-juni-die-post-ab\/"},"wordCount":821,"publisher":{"@id":"https:\/\/www.organisator.ch\/#organization"},"image":{"@id":"https:\/\/www.organisator.ch\/sustainability\/2021-05-21\/plastikverpackungen-in-reinach-geht-ab-juni-die-post-ab\/#primaryimage"},"thumbnailUrl":"https:\/\/www.organisator.ch\/wp-content\/uploads\/2021\/05\/Bild-1.jpg","keywords":["Getr\u00e4nkeverpackungen","Pilotprojekt","Plastikrecycling","Post","realCYCLE","Recyclingkunststoff","Redilo","Reinach"],"articleSection":["SUSTAINABILITY"],"inLanguage":"de"},{"@type":"WebPage","@id":"https:\/\/www.organisator.ch\/sustainability\/2021-05-21\/plastikverpackungen-in-reinach-geht-ab-juni-die-post-ab\/","url":"https:\/\/www.organisator.ch\/sustainability\/2021-05-21\/plastikverpackungen-in-reinach-geht-ab-juni-die-post-ab\/","name":"Kunststoffrecycling_Plastikrecycling_Wertstoffe_Pilotprojekt","isPartOf":{"@id":"https:\/\/www.organisator.ch\/#website"},"primaryImageOfPage":{"@id":"https:\/\/www.organisator.ch\/sustainability\/2021-05-21\/plastikverpackungen-in-reinach-geht-ab-juni-die-post-ab\/#primaryimage"},"image":{"@id":"https:\/\/www.organisator.ch\/sustainability\/2021-05-21\/plastikverpackungen-in-reinach-geht-ab-juni-die-post-ab\/#primaryimage"},"thumbnailUrl":"https:\/\/www.organisator.ch\/wp-content\/uploads\/2021\/05\/Bild-1.jpg","datePublished":"2021-05-21T05:20:38+00:00","dateModified":"2022-02-09T10:05:30+00:00","description":"Im Juni startet in der Gemeinde Reinach BL ein Pilotprojekt: Der P\u00f6stler nimmt auf seiner Zustelltour leere Kunststoffflaschen und Getr\u00e4nkekartons zur\u00fcck.","breadcrumb":{"@id":"https:\/\/www.organisator.ch\/sustainability\/2021-05-21\/plastikverpackungen-in-reinach-geht-ab-juni-die-post-ab\/#breadcrumb"},"inLanguage":"de","potentialAction":[{"@type":"ReadAction","target":["https:\/\/www.organisator.ch\/sustainability\/2021-05-21\/plastikverpackungen-in-reinach-geht-ab-juni-die-post-ab\/"]}]},{"@type":"ImageObject","inLanguage":"de","@id":"https:\/\/www.organisator.ch\/sustainability\/2021-05-21\/plastikverpackungen-in-reinach-geht-ab-juni-die-post-ab\/#primaryimage","url":"https:\/\/www.organisator.ch\/wp-content\/uploads\/2021\/05\/Bild-1.jpg","contentUrl":"https:\/\/www.organisator.ch\/wp-content\/uploads\/2021\/05\/Bild-1.jpg","width":918,"height":599,"caption":"Foto: Evelyn Lenzin"},{"@type":"BreadcrumbList","@id":"https:\/\/www.organisator.ch\/sustainability\/2021-05-21\/plastikverpackungen-in-reinach-geht-ab-juni-die-post-ab\/#breadcrumb","itemListElement":[{"@type":"ListItem","position":1,"name":"Home","item":"https:\/\/www.organisator.ch\/"},{"@type":"ListItem","position":2,"name":"Plastikverpackungen: In Reinach geht ab Juni die Post ab"}]},{"@type":"WebSite","@id":"https:\/\/www.organisator.ch\/#website","url":"https:\/\/www.organisator.ch\/","name":"Organisator","description":"Kompetent. Praxisnah. Der ORGANISATOR bereitet in 10 Ausgaben pro Jahr die wesentlichen Themen f\u00fcr F\u00fchrungskr\u00e4fte von KMU auf.","publisher":{"@id":"https:\/\/www.organisator.ch\/#organization"},"potentialAction":[{"@type":"SearchAction","target":{"@type":"EntryPoint","urlTemplate":"https:\/\/www.organisator.ch\/?s={search_term_string}"},"query-input":{"@type":"PropertyValueSpecification","valueRequired":true,"valueName":"search_term_string"}}],"inLanguage":"de"},{"@type":"Organization","@id":"https:\/\/www.organisator.ch\/#organization","name":"Organisator","url":"https:\/\/www.organisator.ch\/","logo":{"@type":"ImageObject","inLanguage":"de","@id":"https:\/\/www.organisator.ch\/#\/schema\/logo\/image\/","url":"https:\/\/www.organisator.ch\/wp-content\/uploads\/2022\/01\/Logo_Organisator_Website.png","contentUrl":"https:\/\/www.organisator.ch\/wp-content\/uploads\/2022\/01\/Logo_Organisator_Website.png","width":800,"height":77,"caption":"Organisator"},"image":{"@id":"https:\/\/www.organisator.ch\/#\/schema\/logo\/image\/"},"sameAs":["https:\/\/www.facebook.com\/OrganisatorFachmagazin","https:\/\/www.linkedin.com\/showcase\/organisator-das-magazin-fr-kmu","https:\/\/www.xing.com\/news\/pages\/organisator-ch-695","https:\/\/www.youtube.com\/channel\/UCGP2Sq0iWaZwT3BdIAQFYpw"]},{"@type":"Person","@id":"https:\/\/www.organisator.ch\/#\/schema\/person\/a800b8c54e208b160517a7dcc323161d","name":"roger.straessle","image":{"@type":"ImageObject","inLanguage":"de","@id":"https:\/\/secure.gravatar.com\/avatar\/?s=96&d=mm&r=g","url":"https:\/\/secure.gravatar.com\/avatar\/?s=96&d=mm&r=g","contentUrl":"https:\/\/secure.gravatar.com\/avatar\/?s=96&d=mm&r=g","caption":"roger.straessle"},"url":"https:\/\/www.organisator.ch\/de\/author\/roger-straessle\/"}]}},"_links":{"self":[{"href":"https:\/\/www.organisator.ch\/de\/wp-json\/wp\/v2\/posts\/10280","targetHints":{"allow":["GET"]}}],"collection":[{"href":"https:\/\/www.organisator.ch\/de\/wp-json\/wp\/v2\/posts"}],"about":[{"href":"https:\/\/www.organisator.ch\/de\/wp-json\/wp\/v2\/types\/post"}],"author":[{"embeddable":true,"href":"https:\/\/www.organisator.ch\/de\/wp-json\/wp\/v2\/users\/6"}],"replies":[{"embeddable":true,"href":"https:\/\/www.organisator.ch\/de\/wp-json\/wp\/v2\/comments?post=10280"}],"version-history":[{"count":1,"href":"https:\/\/www.organisator.ch\/de\/wp-json\/wp\/v2\/posts\/10280\/revisions"}],"predecessor-version":[{"id":10368,"href":"https:\/\/www.organisator.ch\/de\/wp-json\/wp\/v2\/posts\/10280\/revisions\/10368"}],"wp:featuredmedia":[{"embeddable":true,"href":"https:\/\/www.organisator.ch\/de\/wp-json\/wp\/v2\/media\/4277"}],"wp:attachment":[{"href":"https:\/\/www.organisator.ch\/de\/wp-json\/wp\/v2\/media?parent=10280"}],"wp:term":[{"taxonomy":"category","embeddable":true,"href":"https:\/\/www.organisator.ch\/de\/wp-json\/wp\/v2\/categories?post=10280"},{"taxonomy":"post_tag","embeddable":true,"href":"https:\/\/www.organisator.ch\/de\/wp-json\/wp\/v2\/tags?post=10280"}],"curies":[{"name":"wp","href":"https:\/\/api.w.org\/{rel}","templated":true}]}}