{"id":10283,"date":"2021-05-28T16:59:41","date_gmt":"2021-05-28T14:59:41","guid":{"rendered":"https:\/\/www.umweltperspektiven.ch\/?p=4308"},"modified":"2022-02-09T11:06:08","modified_gmt":"2022-02-09T10:06:08","slug":"der-neue-swissolar-praesident-heisst-juerg-grossen","status":"publish","type":"post","link":"https:\/\/www.organisator.ch\/de\/sustainability\/2021-05-28\/der-neue-swissolar-praesident-heisst-juerg-grossen\/","title":{"rendered":"Der neue Swissolar-Pr\u00e4sident heisst J\u00fcrg Grossen"},"content":{"rendered":"<figure id=\"attachment_4310\" aria-describedby=\"caption-attachment-4310\" style=\"width: 680px\" class=\"wp-caption aligncenter\"><img loading=\"lazy\" decoding=\"async\" class=\"size-medium wp-image-4310\" src=\"\/\/www.umweltperspektiven.ch\/wp-content\/uploads\/2021\/05\/Grossen.jpg\" alt=\"Swissolar, J\u00fcrg Grossen\" width=\"680\" height=\"452\" \/><figcaption id=\"caption-attachment-4310\" class=\"wp-caption-text\">GLP-Pr\u00e4sident und neu auch Pr\u00e4sident von Swissolar: Nationalrat J\u00fcrg Grossen.\u00a0\u00a9 zVg<\/figcaption><\/figure>\n<p>Fast einstimmig wurden J\u00fcrg Grossen und Gabriela Suter am 28. Mai 2021 von den Swissolar-Mitgliedern als Pr\u00e4sident und Vize-Pr\u00e4sidentin in den Vorstand von Swissolar gew\u00e4hlt.<\/p>\n<p>J\u00fcrg Grossen \u00fcbernimmt das Amt von Roger Nordmann, der das Pr\u00e4sidium nach elf Jahren abgibt. In dieser Zeit ist die Solarenergie aus seiner Nische herausgewachsen und hat sich als zentrale St\u00fctze der Schweizer Energiewende positionieren k\u00f6nnen, wie der Fachverband betont. Die in der Schweiz installierte Photovoltaik-Leistung sei w\u00e4hrend seiner Amtszeit um den Faktor 28 gestiegen und die Anzahl Swissolar-Mitglieder verdreifachte sich nahezu. Swissolar-Gesch\u00e4ftsleiter David Stickelberger sagt dazu: \u00abNordmanns Kompetenz und Engagement brachte den Verband und die Branche enorm voran.\u00bb<\/p>\n<p>Roger Nordmann sagte in seiner Abschiedsrede: \u00abDer letztj\u00e4hrige Rekordzubau bei der Photovoltaik ist grossartig. Aber um die Energiewende zu schaffen, muss er um den Faktor 4 gesteigert werden. Voraussetzung dazu ist ein Ja zum CO2-Gesetz am 13. Juni. Die Annahme des CO2-Gesetzes wird die Schweizer Energieversorgung sicherstellen, viele Arbeitspl\u00e4tze schaffen und die Wertsch\u00f6pfung in der Schweiz steigern.\u00bb<\/p>\n<p>Nordmann betont, dass die Nachfrage nach Arbeitskr\u00e4ften in der Solarbranche derzeit das Angebot \u00fcbertreffe: \u00abMenschen die aufgrund der Pandemie ihr Stelle verlieren, finden bereits heute in der Solarbranche aussichtsreiche Arbeitsstellen.\u00bb<strong>\u00a0<\/strong><\/p>\n<h2><strong>J\u00fcrg Grossen, ein Mann der Praxis<\/strong><\/h2>\n<p>Mit Nationalrat J\u00fcrg Grossen trete nun die n\u00e4chste gewichtige Stimme der Schweizer Energiepolitik an die Spitze von Swissolar. Der Pr\u00e4sident der Gr\u00fcnliberalen Partei sei eine ideale Besetzung f\u00fcr dieses Amt.<\/p>\n<p>Grossen sei ein Mann der Praxis: In Frutigen leite der Co-Gesch\u00e4ftsf\u00fchrer die Geschicke von drei Unternehmen im Elektroplanungs- und Geb\u00e4udetechnikbereich mit. \u00abIn unseren Betrieben bilden wir auch Lernende aus. Die Planung und Realisierung von Elektro- und Solaranlagen und der Einsatz von smarter, energiesparender Geb\u00e4udetechnik fasziniert die Jugendlichen besonders. Die Energiewende schafft f\u00fcr die Jugend beste Zukunftsaussichten\u00bb, sagt J\u00fcrg Grossen.<\/p>\n<h2><strong>Suter f\u00fcr mehr Frauenf\u00f6rderung in der Umwelttechnik\u00a0<\/strong><\/h2>\n<p>Zus\u00e4tzlich zu den beiden bisherigen Vizepr\u00e4sidenten David Galeuchet und Andreas Haller w\u00e4hlten die Swissolar-Mitglieder neu Gabriela Suter zur Vizepr\u00e4sidentin. Die Nationalr\u00e4tin (SP) trete in der Kommission Umwelt, Raumplanung und Energie UREK-N des Nationalrats f\u00fcr eine nachhaltige Energiepolitik ein.<\/p>\n<p>Gabriela Suter sagt: \u00abAls Vizepr\u00e4sidentin von Swissolar werde ich mich unter anderem daf\u00fcr einsetzen, dass Berufe auf dem Bau auch f\u00fcr Frauen attraktiver werden. In der Energieberatung, Planung und Installation von Umwelttechnik sehe ich f\u00fcr Frauen ein grosses, bisher ungenutztes Potenzial.\u00bb<strong>\u00a0<\/strong><\/p>\n<h2><strong>Start der Kampagne f\u00fcr noch mehr Qualit\u00e4t<\/strong><\/h2>\n<p>Zum Abschluss der Generalversammlung pr\u00e4sentierte Swissolar die neue Werbekampagne f\u00fcr Qualit\u00e4tslabel Solarprofis. Nur Betriebe, die den von Swissolar festgelegten, strengen Kriterien gen\u00fcgen, erhalten dieses Label und werden im Solarprofis-Verzeichnis aufgef\u00fchrt, wie der Fachverband schreibt. Damit schaffe Swissolar bez\u00fcglich Qualit\u00e4t bei der Planung und Installation von Solaranlagen Orientierung und Transparenz f\u00fcr Auftraggeber. Ziel der Werbekampagne sei es, die Bekanntheit von Solarprofis unter Bauherrschaften und Fachpersonen zu steigern, damit diese einfach und schnell verl\u00e4ssliche und qualifizierte Solarbetriebe f\u00e4nden.<\/p>\n<p><em>Quelle: <a href=\"\/\/www.swissolar.ch\">Swissolar<\/a><\/em><\/p>\n<p>&nbsp;<\/p>\n","protected":false},"excerpt":{"rendered":"<p>Fast einstimmig wurden J\u00fcrg Grossen und Gabriela Suter am 28. Mai 2021 von den Swissolar-Mitgliedern als Pr\u00e4sident und Vize-Pr\u00e4sidentin in den Vorstand von Swissolar gew\u00e4hlt. J\u00fcrg Grossen \u00fcbernimmt das Amt von Roger Nordmann, der das Pr\u00e4sidium nach elf Jahren abgibt. In dieser Zeit ist die Solarenergie aus seiner Nische herausgewachsen und hat sich als zentrale [&hellip;]<\/p>\n","protected":false},"author":6,"featured_media":4310,"comment_status":"closed","ping_status":"closed","sticky":false,"template":"","format":"standard","meta":{"_acf_changed":false,"_yoast_wpseo_focuskw":"J\u00fcrg Grossen","_yoast_wpseo_metadesc":"Der neue Pr\u00e4sident des Fachverbandes Swissolar heisst J\u00fcrg Grossen, GLP-Pr\u00e4sident und Nationalrat. Zus\u00e4tzliche Vizepr\u00e4sidentin ist Gabriela Suter (SP).","articlekey":"","footnotes":""},"categories":[580],"tags":[706,965,1238,1467,2025,2271],"class_list":["post-10283","post","type-post","status-publish","format-standard","has-post-thumbnail","hentry","category-sustainability","tag-andreas-haller","tag-david-galeuchet","tag-gabriela-suter","tag-juerg-grossen","tag-roger-nordmann","tag-swissolar"],"acf":[],"yoast_head":"<!-- This site is optimized with the Yoast SEO plugin v27.5 - https:\/\/yoast.com\/product\/yoast-seo-wordpress\/ -->\n<title>Der neue Swissolar-Pr\u00e4sident heisst J\u00fcrg Grossen - Organisator<\/title>\n<meta name=\"description\" content=\"Der neue Pr\u00e4sident des Fachverbandes Swissolar heisst J\u00fcrg Grossen, GLP-Pr\u00e4sident und Nationalrat. Zus\u00e4tzliche Vizepr\u00e4sidentin ist Gabriela Suter (SP).\" \/>\n<meta name=\"robots\" content=\"index, follow, max-snippet:-1, max-image-preview:large, max-video-preview:-1\" \/>\n<link rel=\"canonical\" href=\"https:\/\/www.organisator.ch\/de\/sustainability\/2021-05-28\/der-neue-swissolar-praesident-heisst-juerg-grossen\/\" \/>\n<meta property=\"og:locale\" content=\"de_DE\" \/>\n<meta property=\"og:type\" content=\"article\" \/>\n<meta property=\"og:title\" content=\"Der neue Swissolar-Pr\u00e4sident heisst J\u00fcrg Grossen - Organisator\" \/>\n<meta property=\"og:description\" content=\"Der neue Pr\u00e4sident des Fachverbandes Swissolar heisst J\u00fcrg Grossen, GLP-Pr\u00e4sident und Nationalrat. Zus\u00e4tzliche Vizepr\u00e4sidentin ist Gabriela Suter (SP).\" \/>\n<meta property=\"og:url\" content=\"https:\/\/www.organisator.ch\/de\/sustainability\/2021-05-28\/der-neue-swissolar-praesident-heisst-juerg-grossen\/\" \/>\n<meta property=\"og:site_name\" content=\"Organisator\" \/>\n<meta property=\"article:publisher\" content=\"https:\/\/www.facebook.com\/OrganisatorFachmagazin\" \/>\n<meta property=\"article:published_time\" content=\"2021-05-28T14:59:41+00:00\" \/>\n<meta property=\"article:modified_time\" content=\"2022-02-09T10:06:08+00:00\" \/>\n<meta property=\"og:image\" content=\"https:\/\/www.organisator.ch\/wp-content\/uploads\/2021\/05\/Grossen-scaled.jpg\" \/>\n\t<meta property=\"og:image:width\" content=\"2560\" \/>\n\t<meta property=\"og:image:height\" content=\"1703\" \/>\n\t<meta property=\"og:image:type\" content=\"image\/jpeg\" \/>\n<meta name=\"author\" content=\"roger.straessle\" \/>\n<meta name=\"twitter:card\" content=\"summary_large_image\" \/>\n<script type=\"application\/ld+json\" class=\"yoast-schema-graph\">{\"@context\":\"https:\\\/\\\/schema.org\",\"@graph\":[{\"@type\":\"Article\",\"@id\":\"https:\\\/\\\/www.organisator.ch\\\/sustainability\\\/2021-05-28\\\/der-neue-swissolar-praesident-heisst-juerg-grossen\\\/#article\",\"isPartOf\":{\"@id\":\"https:\\\/\\\/www.organisator.ch\\\/sustainability\\\/2021-05-28\\\/der-neue-swissolar-praesident-heisst-juerg-grossen\\\/\"},\"author\":{\"name\":\"roger.straessle\",\"@id\":\"https:\\\/\\\/www.organisator.ch\\\/#\\\/schema\\\/person\\\/a800b8c54e208b160517a7dcc323161d\"},\"headline\":\"Der neue Swissolar-Pr\u00e4sident heisst J\u00fcrg Grossen\",\"datePublished\":\"2021-05-28T14:59:41+00:00\",\"dateModified\":\"2022-02-09T10:06:08+00:00\",\"mainEntityOfPage\":{\"@id\":\"https:\\\/\\\/www.organisator.ch\\\/sustainability\\\/2021-05-28\\\/der-neue-swissolar-praesident-heisst-juerg-grossen\\\/\"},\"wordCount\":534,\"publisher\":{\"@id\":\"https:\\\/\\\/www.organisator.ch\\\/#organization\"},\"image\":{\"@id\":\"https:\\\/\\\/www.organisator.ch\\\/sustainability\\\/2021-05-28\\\/der-neue-swissolar-praesident-heisst-juerg-grossen\\\/#primaryimage\"},\"thumbnailUrl\":\"https:\\\/\\\/www.organisator.ch\\\/wp-content\\\/uploads\\\/2021\\\/05\\\/Grossen-scaled.jpg\",\"keywords\":[\"Andreas Haller\",\"David Galeuchet\",\"Gabriela Suter\",\"J\u00fcrg Grossen\",\"Roger Nordmann\",\"Swissolar\"],\"articleSection\":[\"SUSTAINABILITY\"],\"inLanguage\":\"de\"},{\"@type\":\"WebPage\",\"@id\":\"https:\\\/\\\/www.organisator.ch\\\/sustainability\\\/2021-05-28\\\/der-neue-swissolar-praesident-heisst-juerg-grossen\\\/\",\"url\":\"https:\\\/\\\/www.organisator.ch\\\/sustainability\\\/2021-05-28\\\/der-neue-swissolar-praesident-heisst-juerg-grossen\\\/\",\"name\":\"Der neue Swissolar-Pr\u00e4sident heisst J\u00fcrg Grossen - Organisator\",\"isPartOf\":{\"@id\":\"https:\\\/\\\/www.organisator.ch\\\/#website\"},\"primaryImageOfPage\":{\"@id\":\"https:\\\/\\\/www.organisator.ch\\\/sustainability\\\/2021-05-28\\\/der-neue-swissolar-praesident-heisst-juerg-grossen\\\/#primaryimage\"},\"image\":{\"@id\":\"https:\\\/\\\/www.organisator.ch\\\/sustainability\\\/2021-05-28\\\/der-neue-swissolar-praesident-heisst-juerg-grossen\\\/#primaryimage\"},\"thumbnailUrl\":\"https:\\\/\\\/www.organisator.ch\\\/wp-content\\\/uploads\\\/2021\\\/05\\\/Grossen-scaled.jpg\",\"datePublished\":\"2021-05-28T14:59:41+00:00\",\"dateModified\":\"2022-02-09T10:06:08+00:00\",\"description\":\"Der neue Pr\u00e4sident des Fachverbandes Swissolar heisst J\u00fcrg Grossen, GLP-Pr\u00e4sident und Nationalrat. Zus\u00e4tzliche Vizepr\u00e4sidentin ist Gabriela Suter (SP).\",\"breadcrumb\":{\"@id\":\"https:\\\/\\\/www.organisator.ch\\\/sustainability\\\/2021-05-28\\\/der-neue-swissolar-praesident-heisst-juerg-grossen\\\/#breadcrumb\"},\"inLanguage\":\"de\",\"potentialAction\":[{\"@type\":\"ReadAction\",\"target\":[\"https:\\\/\\\/www.organisator.ch\\\/sustainability\\\/2021-05-28\\\/der-neue-swissolar-praesident-heisst-juerg-grossen\\\/\"]}]},{\"@type\":\"ImageObject\",\"inLanguage\":\"de\",\"@id\":\"https:\\\/\\\/www.organisator.ch\\\/sustainability\\\/2021-05-28\\\/der-neue-swissolar-praesident-heisst-juerg-grossen\\\/#primaryimage\",\"url\":\"https:\\\/\\\/www.organisator.ch\\\/wp-content\\\/uploads\\\/2021\\\/05\\\/Grossen-scaled.jpg\",\"contentUrl\":\"https:\\\/\\\/www.organisator.ch\\\/wp-content\\\/uploads\\\/2021\\\/05\\\/Grossen-scaled.jpg\",\"width\":2560,\"height\":1703,\"caption\":\"GLP-Mann und neu Pr\u00e4sident von Swissolar: J\u00fcrg Grossen. \u00a9 zVg\"},{\"@type\":\"BreadcrumbList\",\"@id\":\"https:\\\/\\\/www.organisator.ch\\\/sustainability\\\/2021-05-28\\\/der-neue-swissolar-praesident-heisst-juerg-grossen\\\/#breadcrumb\",\"itemListElement\":[{\"@type\":\"ListItem\",\"position\":1,\"name\":\"Home\",\"item\":\"https:\\\/\\\/www.organisator.ch\\\/\"},{\"@type\":\"ListItem\",\"position\":2,\"name\":\"Der neue Swissolar-Pr\u00e4sident heisst J\u00fcrg Grossen\"}]},{\"@type\":\"WebSite\",\"@id\":\"https:\\\/\\\/www.organisator.ch\\\/#website\",\"url\":\"https:\\\/\\\/www.organisator.ch\\\/\",\"name\":\"Organisator\",\"description\":\"Kompetent. Praxisnah. Der ORGANISATOR bereitet in 10 Ausgaben pro Jahr die wesentlichen Themen f\u00fcr F\u00fchrungskr\u00e4fte von KMU auf.\",\"publisher\":{\"@id\":\"https:\\\/\\\/www.organisator.ch\\\/#organization\"},\"potentialAction\":[{\"@type\":\"SearchAction\",\"target\":{\"@type\":\"EntryPoint\",\"urlTemplate\":\"https:\\\/\\\/www.organisator.ch\\\/?s={search_term_string}\"},\"query-input\":{\"@type\":\"PropertyValueSpecification\",\"valueRequired\":true,\"valueName\":\"search_term_string\"}}],\"inLanguage\":\"de\"},{\"@type\":\"Organization\",\"@id\":\"https:\\\/\\\/www.organisator.ch\\\/#organization\",\"name\":\"Organisator\",\"url\":\"https:\\\/\\\/www.organisator.ch\\\/\",\"logo\":{\"@type\":\"ImageObject\",\"inLanguage\":\"de\",\"@id\":\"https:\\\/\\\/www.organisator.ch\\\/#\\\/schema\\\/logo\\\/image\\\/\",\"url\":\"https:\\\/\\\/www.organisator.ch\\\/wp-content\\\/uploads\\\/2022\\\/01\\\/Logo_Organisator_Website.png\",\"contentUrl\":\"https:\\\/\\\/www.organisator.ch\\\/wp-content\\\/uploads\\\/2022\\\/01\\\/Logo_Organisator_Website.png\",\"width\":800,\"height\":77,\"caption\":\"Organisator\"},\"image\":{\"@id\":\"https:\\\/\\\/www.organisator.ch\\\/#\\\/schema\\\/logo\\\/image\\\/\"},\"sameAs\":[\"https:\\\/\\\/www.facebook.com\\\/OrganisatorFachmagazin\",\"https:\\\/\\\/www.linkedin.com\\\/showcase\\\/organisator-das-magazin-fr-kmu\",\"https:\\\/\\\/www.xing.com\\\/news\\\/pages\\\/organisator-ch-695\",\"https:\\\/\\\/www.youtube.com\\\/channel\\\/UCGP2Sq0iWaZwT3BdIAQFYpw\"]},{\"@type\":\"Person\",\"@id\":\"https:\\\/\\\/www.organisator.ch\\\/#\\\/schema\\\/person\\\/a800b8c54e208b160517a7dcc323161d\",\"name\":\"roger.straessle\",\"image\":{\"@type\":\"ImageObject\",\"inLanguage\":\"de\",\"@id\":\"https:\\\/\\\/secure.gravatar.com\\\/avatar\\\/?s=96&d=mm&r=g\",\"url\":\"https:\\\/\\\/secure.gravatar.com\\\/avatar\\\/?s=96&d=mm&r=g\",\"contentUrl\":\"https:\\\/\\\/secure.gravatar.com\\\/avatar\\\/?s=96&d=mm&r=g\",\"caption\":\"roger.straessle\"},\"url\":\"https:\\\/\\\/www.organisator.ch\\\/de\\\/author\\\/roger-straessle\\\/\"}]}<\/script>\n<!-- \/ Yoast SEO plugin. -->","yoast_head_json":{"title":"Der neue Swissolar-Pr\u00e4sident heisst J\u00fcrg Grossen - Organisator","description":"Der neue Pr\u00e4sident des Fachverbandes Swissolar heisst J\u00fcrg Grossen, GLP-Pr\u00e4sident und Nationalrat. Zus\u00e4tzliche Vizepr\u00e4sidentin ist Gabriela Suter (SP).","robots":{"index":"index","follow":"follow","max-snippet":"max-snippet:-1","max-image-preview":"max-image-preview:large","max-video-preview":"max-video-preview:-1"},"canonical":"https:\/\/www.organisator.ch\/de\/sustainability\/2021-05-28\/der-neue-swissolar-praesident-heisst-juerg-grossen\/","og_locale":"de_DE","og_type":"article","og_title":"Der neue Swissolar-Pr\u00e4sident heisst J\u00fcrg Grossen - Organisator","og_description":"Der neue Pr\u00e4sident des Fachverbandes Swissolar heisst J\u00fcrg Grossen, GLP-Pr\u00e4sident und Nationalrat. Zus\u00e4tzliche Vizepr\u00e4sidentin ist Gabriela Suter (SP).","og_url":"https:\/\/www.organisator.ch\/de\/sustainability\/2021-05-28\/der-neue-swissolar-praesident-heisst-juerg-grossen\/","og_site_name":"Organisator","article_publisher":"https:\/\/www.facebook.com\/OrganisatorFachmagazin","article_published_time":"2021-05-28T14:59:41+00:00","article_modified_time":"2022-02-09T10:06:08+00:00","og_image":[{"width":2560,"height":1703,"url":"https:\/\/www.organisator.ch\/wp-content\/uploads\/2021\/05\/Grossen-scaled.jpg","type":"image\/jpeg"}],"author":"roger.straessle","twitter_card":"summary_large_image","schema":{"@context":"https:\/\/schema.org","@graph":[{"@type":"Article","@id":"https:\/\/www.organisator.ch\/sustainability\/2021-05-28\/der-neue-swissolar-praesident-heisst-juerg-grossen\/#article","isPartOf":{"@id":"https:\/\/www.organisator.ch\/sustainability\/2021-05-28\/der-neue-swissolar-praesident-heisst-juerg-grossen\/"},"author":{"name":"roger.straessle","@id":"https:\/\/www.organisator.ch\/#\/schema\/person\/a800b8c54e208b160517a7dcc323161d"},"headline":"Der neue Swissolar-Pr\u00e4sident heisst J\u00fcrg Grossen","datePublished":"2021-05-28T14:59:41+00:00","dateModified":"2022-02-09T10:06:08+00:00","mainEntityOfPage":{"@id":"https:\/\/www.organisator.ch\/sustainability\/2021-05-28\/der-neue-swissolar-praesident-heisst-juerg-grossen\/"},"wordCount":534,"publisher":{"@id":"https:\/\/www.organisator.ch\/#organization"},"image":{"@id":"https:\/\/www.organisator.ch\/sustainability\/2021-05-28\/der-neue-swissolar-praesident-heisst-juerg-grossen\/#primaryimage"},"thumbnailUrl":"https:\/\/www.organisator.ch\/wp-content\/uploads\/2021\/05\/Grossen-scaled.jpg","keywords":["Andreas Haller","David Galeuchet","Gabriela Suter","J\u00fcrg Grossen","Roger Nordmann","Swissolar"],"articleSection":["SUSTAINABILITY"],"inLanguage":"de"},{"@type":"WebPage","@id":"https:\/\/www.organisator.ch\/sustainability\/2021-05-28\/der-neue-swissolar-praesident-heisst-juerg-grossen\/","url":"https:\/\/www.organisator.ch\/sustainability\/2021-05-28\/der-neue-swissolar-praesident-heisst-juerg-grossen\/","name":"Der neue Swissolar-Pr\u00e4sident heisst J\u00fcrg Grossen - Organisator","isPartOf":{"@id":"https:\/\/www.organisator.ch\/#website"},"primaryImageOfPage":{"@id":"https:\/\/www.organisator.ch\/sustainability\/2021-05-28\/der-neue-swissolar-praesident-heisst-juerg-grossen\/#primaryimage"},"image":{"@id":"https:\/\/www.organisator.ch\/sustainability\/2021-05-28\/der-neue-swissolar-praesident-heisst-juerg-grossen\/#primaryimage"},"thumbnailUrl":"https:\/\/www.organisator.ch\/wp-content\/uploads\/2021\/05\/Grossen-scaled.jpg","datePublished":"2021-05-28T14:59:41+00:00","dateModified":"2022-02-09T10:06:08+00:00","description":"Der neue Pr\u00e4sident des Fachverbandes Swissolar heisst J\u00fcrg Grossen, GLP-Pr\u00e4sident und Nationalrat. Zus\u00e4tzliche Vizepr\u00e4sidentin ist Gabriela Suter (SP).","breadcrumb":{"@id":"https:\/\/www.organisator.ch\/sustainability\/2021-05-28\/der-neue-swissolar-praesident-heisst-juerg-grossen\/#breadcrumb"},"inLanguage":"de","potentialAction":[{"@type":"ReadAction","target":["https:\/\/www.organisator.ch\/sustainability\/2021-05-28\/der-neue-swissolar-praesident-heisst-juerg-grossen\/"]}]},{"@type":"ImageObject","inLanguage":"de","@id":"https:\/\/www.organisator.ch\/sustainability\/2021-05-28\/der-neue-swissolar-praesident-heisst-juerg-grossen\/#primaryimage","url":"https:\/\/www.organisator.ch\/wp-content\/uploads\/2021\/05\/Grossen-scaled.jpg","contentUrl":"https:\/\/www.organisator.ch\/wp-content\/uploads\/2021\/05\/Grossen-scaled.jpg","width":2560,"height":1703,"caption":"GLP-Mann und neu Pr\u00e4sident von Swissolar: J\u00fcrg Grossen. \u00a9 zVg"},{"@type":"BreadcrumbList","@id":"https:\/\/www.organisator.ch\/sustainability\/2021-05-28\/der-neue-swissolar-praesident-heisst-juerg-grossen\/#breadcrumb","itemListElement":[{"@type":"ListItem","position":1,"name":"Home","item":"https:\/\/www.organisator.ch\/"},{"@type":"ListItem","position":2,"name":"Der neue Swissolar-Pr\u00e4sident heisst J\u00fcrg Grossen"}]},{"@type":"WebSite","@id":"https:\/\/www.organisator.ch\/#website","url":"https:\/\/www.organisator.ch\/","name":"Organisator","description":"Kompetent. Praxisnah. Der ORGANISATOR bereitet in 10 Ausgaben pro Jahr die wesentlichen Themen f\u00fcr F\u00fchrungskr\u00e4fte von KMU auf.","publisher":{"@id":"https:\/\/www.organisator.ch\/#organization"},"potentialAction":[{"@type":"SearchAction","target":{"@type":"EntryPoint","urlTemplate":"https:\/\/www.organisator.ch\/?s={search_term_string}"},"query-input":{"@type":"PropertyValueSpecification","valueRequired":true,"valueName":"search_term_string"}}],"inLanguage":"de"},{"@type":"Organization","@id":"https:\/\/www.organisator.ch\/#organization","name":"Organisator","url":"https:\/\/www.organisator.ch\/","logo":{"@type":"ImageObject","inLanguage":"de","@id":"https:\/\/www.organisator.ch\/#\/schema\/logo\/image\/","url":"https:\/\/www.organisator.ch\/wp-content\/uploads\/2022\/01\/Logo_Organisator_Website.png","contentUrl":"https:\/\/www.organisator.ch\/wp-content\/uploads\/2022\/01\/Logo_Organisator_Website.png","width":800,"height":77,"caption":"Organisator"},"image":{"@id":"https:\/\/www.organisator.ch\/#\/schema\/logo\/image\/"},"sameAs":["https:\/\/www.facebook.com\/OrganisatorFachmagazin","https:\/\/www.linkedin.com\/showcase\/organisator-das-magazin-fr-kmu","https:\/\/www.xing.com\/news\/pages\/organisator-ch-695","https:\/\/www.youtube.com\/channel\/UCGP2Sq0iWaZwT3BdIAQFYpw"]},{"@type":"Person","@id":"https:\/\/www.organisator.ch\/#\/schema\/person\/a800b8c54e208b160517a7dcc323161d","name":"roger.straessle","image":{"@type":"ImageObject","inLanguage":"de","@id":"https:\/\/secure.gravatar.com\/avatar\/?s=96&d=mm&r=g","url":"https:\/\/secure.gravatar.com\/avatar\/?s=96&d=mm&r=g","contentUrl":"https:\/\/secure.gravatar.com\/avatar\/?s=96&d=mm&r=g","caption":"roger.straessle"},"url":"https:\/\/www.organisator.ch\/de\/author\/roger-straessle\/"}]}},"_links":{"self":[{"href":"https:\/\/www.organisator.ch\/de\/wp-json\/wp\/v2\/posts\/10283","targetHints":{"allow":["GET"]}}],"collection":[{"href":"https:\/\/www.organisator.ch\/de\/wp-json\/wp\/v2\/posts"}],"about":[{"href":"https:\/\/www.organisator.ch\/de\/wp-json\/wp\/v2\/types\/post"}],"author":[{"embeddable":true,"href":"https:\/\/www.organisator.ch\/de\/wp-json\/wp\/v2\/users\/6"}],"replies":[{"embeddable":true,"href":"https:\/\/www.organisator.ch\/de\/wp-json\/wp\/v2\/comments?post=10283"}],"version-history":[{"count":1,"href":"https:\/\/www.organisator.ch\/de\/wp-json\/wp\/v2\/posts\/10283\/revisions"}],"predecessor-version":[{"id":10480,"href":"https:\/\/www.organisator.ch\/de\/wp-json\/wp\/v2\/posts\/10283\/revisions\/10480"}],"wp:featuredmedia":[{"embeddable":true,"href":"https:\/\/www.organisator.ch\/de\/wp-json\/wp\/v2\/media\/4310"}],"wp:attachment":[{"href":"https:\/\/www.organisator.ch\/de\/wp-json\/wp\/v2\/media?parent=10283"}],"wp:term":[{"taxonomy":"category","embeddable":true,"href":"https:\/\/www.organisator.ch\/de\/wp-json\/wp\/v2\/categories?post=10283"},{"taxonomy":"post_tag","embeddable":true,"href":"https:\/\/www.organisator.ch\/de\/wp-json\/wp\/v2\/tags?post=10283"}],"curies":[{"name":"wp","href":"https:\/\/api.w.org\/{rel}","templated":true}]}}