{"id":10284,"date":"2021-06-01T12:00:46","date_gmt":"2021-06-01T10:00:46","guid":{"rendered":"https:\/\/www.umweltperspektiven.ch\/?p=4315"},"modified":"2022-02-09T11:06:08","modified_gmt":"2022-02-09T10:06:08","slug":"klimaschutz-bringt-billigere-energie","status":"publish","type":"post","link":"https:\/\/www.organisator.ch\/de\/sustainability\/2021-06-01\/klimaschutz-bringt-billigere-energie\/","title":{"rendered":"Klimaschutz bringt billigere Energie"},"content":{"rendered":"<figure id=\"attachment_4316\" aria-describedby=\"caption-attachment-4316\" style=\"width: 680px\" class=\"wp-caption aligncenter\"><img loading=\"lazy\" decoding=\"async\" class=\"size-medium wp-image-4316\" src=\"\/\/www.umweltperspektiven.ch\/wp-content\/uploads\/2021\/05\/Depositphotos_12736170_s-2019-1.jpg\" alt=\"Klimaschutz\" width=\"680\" height=\"468\" \/><figcaption id=\"caption-attachment-4316\" class=\"wp-caption-text\">\u00a9 Depositphotos, eyematrix<\/figcaption><\/figure>\n<p>Als die Benzinpreise in den fr\u00fchen 1980er Jahren in die H\u00f6he schnellten, fragte ich meinen Vater, wie viel das Benzin gekostet hatte, als er Autofahren lernte, damals in New York in den 1930er Jahren. 20 Cent pro Gallone, sagte er, also lediglich 5 Rappen pro Liter. Doch das war nur scheinbar g\u00fcnstig: Gemessen an den L\u00f6hnen und Lebenshaltungskosten war Autofahren in den 1930er Jahren sogar teurer als in den 1980ern. Und in den 1980ern teurer als heute.<\/p>\n<p>In der Tat sind die meisten Dinge, die mit Energie zu tun haben, billiger geworden. Es ist ein bekanntes \u00f6konomisches Prinzip: Je mehr eine Industriegesellschaft von etwas produziert, desto eher setzen Skaleneffekte ein, steigt die Effizienz und sinken die Kosten. Das hat uns erschwingliche Autos, Computer und LED-Lampen gebracht.<\/p>\n<h2><strong>Erneuerbar wird g\u00fcnstig<\/strong><\/h2>\n<p>Um den Klimawandel zu begrenzen und den Planeten f\u00fcr zuk\u00fcnftige Generationen zu erhalten, haben wir etwa 25 Jahre Zeit, die CO2-Emissionen aus dem Energieverbrauch zu eliminieren. Der wirtschaftlichste Weg dahin ist, Strom aus erneuerbaren Quellen f\u00fcr unsere Autos, Heizungsanlagen und fast alles andere zu verwenden. In den wenigen F\u00e4llen, wo das nicht funktioniert, etwa bei Flugzeugen, k\u00f6nnen wir ebenfalls erneuerbare Energie nutzen, um saubere Brennstoffe aus Luft und Wasser zu synthetisieren. Das mag aus jetziger Sicht utopisch klingen \u2013 ist es aber nicht. Der Punkt ist: Auch erneuerbare Energie folgt denselben \u00f6konomischen Regeln fallender Kosten, sogar noch st\u00e4rker als fossile Brennstoffe.<\/p>\n<p>In den letzten 20 Jahren sind die Gesamtkosten f\u00fcr die Produktion von Solarstrom um 90 Prozent auf rund 5 Rappen pro kWh gesunken, etwa gleich viel wie Strom aus Kohle und Erdgas. In den n\u00e4chsten 20 Jahren werden die Kosten f\u00fcr Solarstrom voraussichtlich um weitere 50 bis 75 Prozent sinken.<\/p>\n<p>\u00c4hnlich verh\u00e4lt es sich mit der elektrischen Mobilit\u00e4t. Vor zehn Jahren waren die Gesamtbetriebskosten eines Elektroautos um ein Vielfaches h\u00f6her als die eines vergleichbaren Benzin- oder Dieselautos. Heute ist das Elektroauto insgesamt bereits etwas g\u00fcnstiger; der Kaufpreis ist zwar leicht h\u00f6her, aber die Betriebskosten sind deutlich geringer. In zehn Jahren wird das Elektroauto auch in der Anschaffung markant g\u00fcnstiger sein.<\/p>\n<h2><strong>Begrenzter Mehrkonsum<\/strong><\/h2>\n<p>Aber sollte uns diese billige Energie Sorgen machen, weil wir umso mehr davon verbrauchen werden? Ich sehe keinen Grund zur Panik. Erstens ist der Energieverbrauch \u201eunelastisch\u201c: Eine \u00c4nderung des Preises wirkt sich nur geringf\u00fcgig auf die Nachfrage aus. Steigt der Energiepreis, pendeln wir immer noch zur Arbeit und heizen unsere Wohnungen, weil wir m\u00fcssen. Sinkt der Preis, hat dies ebenfalls nur einen kleinen konsumsteigernden Effekt, dem man mit Effizienzmassnahmen entgegenwirken kann.<\/p>\n<p>Zweitens gibt es mehr als genug Sonnenschein, Wind und Erdw\u00e4rme, um den gesamten erneuerbaren Strom und grosse Teile der Heizenergie zu liefern, die wir brauchen werden. Zwar sind diese Quellen nicht gleichm\u00e4ssig auf dem Planeten verteilt, aber das sind fossile Energietr\u00e4ger auch nicht. Wir haben das klimaneutrale Schweizer Energiesystem mit st\u00fcndlichen Wettermustern und saisonalen Schwankungen eingehend simuliert. Und stellen fest, dass es am zuverl\u00e4ssigsten und kosteng\u00fcnstigsten funktioniert, wenn wir k\u00fcnftig etwa 25 Prozent unseres Energieverbrauchs importieren. Heute betragen die Energieimporte rund 75 Prozent.<\/p>\n<h2><strong>Den Wandel lenken<\/strong><\/h2>\n<p>In der hitzigen Debatte um die geplanten Abgaben geht leicht vergessen, um was es geht: Lenkungsabgaben verteuern fossile Brenn- und Treibstoffe und beg\u00fcnstigen so den Umstieg auf erneuerbare Energien, die dadurch immer g\u00fcnstiger werden. Eine Lenkungsabgabe ist erfolgreich, wenn sie am Schluss niemand mehr bezahlen muss, weil alle umgestiegen sind. Andere Instrumente schaffen direkte Anreize, indem sie etwa die Elektromobilit\u00e4t oder den Austausch von Heizungsanlagen finanziell entlasten. Die meisten L\u00e4nder setzen beide Mittel ein, um den Umstieg zu f\u00f6rdern. Das sieht auch das neue <a href=\"\/\/www.umweltperspektiven.ch\/was-das-revidierte-co2-gesetz-bewirken-will\/\">CO2-Gesetz<\/a> vor.<\/p>\n<h2><strong>Klimaschutz: Rasches Handeln ist entscheidend<\/strong><\/h2>\n<p>M\u00f6glicherweise werden wir dereinst strengere Vorschriften brauchen, wie einst bei verbleitem Benzin oder den obligatorischen Katalysatoren, um g\u00e4nzlich von den fossilen Energien wegzukommen. Solche Vorschriften werden aber erst dann mehrheitsf\u00e4hig sein, wenn erneuerbare Energie so preiswert und allt\u00e4glich ist, dass nur noch wenige Menschen und Unternehmen fossil unterwegs sein wollen. Das k\u00f6nnte durchaus auch von alleine passieren. Doch mit den richtigen Massnahmen l\u00e4sst sich der Prozess sicherstellen und deutlich beschleunigen.<\/p>\n<p>Eine stringente Schweizer Klimapolitik kann die CO2-Emissionen hierzulande senken und massgeblich dazu beitragen, dass erneuerbare Energie billiger wird als fossile Energie je war. Das ist auch f\u00fcr andere L\u00e4nder relevant, deren Klimakurs wiederum unsere Zukunft bestimmt. In den n\u00e4chsten 20 Jahren wird eine Milliarde Menschen in Afrika und Asien Zugang zu Energie erhalten. Ihre Regierungen haben grosses Interesse daran, die g\u00fcnstigere Energieform zu w\u00e4hlen. Handeln ist daher wichtig, und Geschwindigkeit z\u00e4hlt.<\/p>\n<p><em>Quelle: ETH-News<\/em><\/p>\n","protected":false},"excerpt":{"rendered":"<p>Als die Benzinpreise in den fr\u00fchen 1980er Jahren in die H\u00f6he schnellten, fragte ich meinen Vater, wie viel das Benzin gekostet hatte, als er Autofahren lernte, damals in New York in den 1930er Jahren. 20 Cent pro Gallone, sagte er, also lediglich 5 Rappen pro Liter. Doch das war nur scheinbar g\u00fcnstig: Gemessen an den [&hellip;]<\/p>\n","protected":false},"author":6,"featured_media":9800,"comment_status":"closed","ping_status":"closed","sticky":false,"template":"","format":"standard","meta":{"_acf_changed":false,"_yoast_wpseo_focuskw":"Klimaschutz","_yoast_wpseo_metadesc":"Massnahmen gegen den Klimawandel werden gemeinhin mit Energieabgaben und hohen Kosten assoziiert. Doch das Gegenteil ist der Fall.","articlekey":"","footnotes":""},"categories":[580],"tags":[1335,300],"class_list":["post-10284","post","type-post","status-publish","format-standard","has-post-thumbnail","hentry","category-sustainability","tag-guenstige-energie","tag-klimaschutz"],"acf":[],"yoast_head":"<!-- This site is optimized with the Yoast SEO plugin v27.5 - https:\/\/yoast.com\/product\/yoast-seo-wordpress\/ -->\n<title>Klimaschutz bringt billigere Energie - Organisator<\/title>\n<meta name=\"description\" content=\"Massnahmen gegen den Klimawandel werden gemeinhin mit Energieabgaben und hohen Kosten assoziiert. Doch das Gegenteil ist der Fall.\" \/>\n<meta name=\"robots\" content=\"index, follow, max-snippet:-1, max-image-preview:large, max-video-preview:-1\" \/>\n<link rel=\"canonical\" href=\"https:\/\/www.organisator.ch\/de\/sustainability\/2021-06-01\/klimaschutz-bringt-billigere-energie\/\" \/>\n<meta property=\"og:locale\" content=\"de_DE\" \/>\n<meta property=\"og:type\" content=\"article\" \/>\n<meta property=\"og:title\" content=\"Klimaschutz bringt billigere Energie - Organisator\" \/>\n<meta property=\"og:description\" content=\"Massnahmen gegen den Klimawandel werden gemeinhin mit Energieabgaben und hohen Kosten assoziiert. Doch das Gegenteil ist der Fall.\" \/>\n<meta property=\"og:url\" content=\"https:\/\/www.organisator.ch\/de\/sustainability\/2021-06-01\/klimaschutz-bringt-billigere-energie\/\" \/>\n<meta property=\"og:site_name\" content=\"Organisator\" \/>\n<meta property=\"article:publisher\" content=\"https:\/\/www.facebook.com\/OrganisatorFachmagazin\" \/>\n<meta property=\"article:published_time\" content=\"2021-06-01T10:00:46+00:00\" \/>\n<meta property=\"article:modified_time\" content=\"2022-02-09T10:06:08+00:00\" \/>\n<meta property=\"og:image\" content=\"https:\/\/www.organisator.ch\/wp-content\/uploads\/2021\/05\/Depositphotos_12736170_s-2019-1.jpg\" \/>\n\t<meta property=\"og:image:width\" content=\"999\" \/>\n\t<meta property=\"og:image:height\" content=\"688\" \/>\n\t<meta property=\"og:image:type\" content=\"image\/jpeg\" \/>\n<meta name=\"author\" content=\"roger.straessle\" \/>\n<meta name=\"twitter:card\" content=\"summary_large_image\" \/>\n<script type=\"application\/ld+json\" class=\"yoast-schema-graph\">{\"@context\":\"https:\\\/\\\/schema.org\",\"@graph\":[{\"@type\":\"Article\",\"@id\":\"https:\\\/\\\/www.organisator.ch\\\/sustainability\\\/2021-06-01\\\/klimaschutz-bringt-billigere-energie\\\/#article\",\"isPartOf\":{\"@id\":\"https:\\\/\\\/www.organisator.ch\\\/sustainability\\\/2021-06-01\\\/klimaschutz-bringt-billigere-energie\\\/\"},\"author\":{\"name\":\"roger.straessle\",\"@id\":\"https:\\\/\\\/www.organisator.ch\\\/#\\\/schema\\\/person\\\/a800b8c54e208b160517a7dcc323161d\"},\"headline\":\"Klimaschutz bringt billigere Energie\",\"datePublished\":\"2021-06-01T10:00:46+00:00\",\"dateModified\":\"2022-02-09T10:06:08+00:00\",\"mainEntityOfPage\":{\"@id\":\"https:\\\/\\\/www.organisator.ch\\\/sustainability\\\/2021-06-01\\\/klimaschutz-bringt-billigere-energie\\\/\"},\"wordCount\":782,\"publisher\":{\"@id\":\"https:\\\/\\\/www.organisator.ch\\\/#organization\"},\"image\":{\"@id\":\"https:\\\/\\\/www.organisator.ch\\\/sustainability\\\/2021-06-01\\\/klimaschutz-bringt-billigere-energie\\\/#primaryimage\"},\"thumbnailUrl\":\"https:\\\/\\\/www.organisator.ch\\\/wp-content\\\/uploads\\\/2021\\\/05\\\/Depositphotos_12736170_s-2019-1.jpg\",\"keywords\":[\"g\u00fcnstige Energie\",\"Klimaschutz\"],\"articleSection\":[\"SUSTAINABILITY\"],\"inLanguage\":\"de\"},{\"@type\":\"WebPage\",\"@id\":\"https:\\\/\\\/www.organisator.ch\\\/sustainability\\\/2021-06-01\\\/klimaschutz-bringt-billigere-energie\\\/\",\"url\":\"https:\\\/\\\/www.organisator.ch\\\/sustainability\\\/2021-06-01\\\/klimaschutz-bringt-billigere-energie\\\/\",\"name\":\"Klimaschutz bringt billigere Energie - Organisator\",\"isPartOf\":{\"@id\":\"https:\\\/\\\/www.organisator.ch\\\/#website\"},\"primaryImageOfPage\":{\"@id\":\"https:\\\/\\\/www.organisator.ch\\\/sustainability\\\/2021-06-01\\\/klimaschutz-bringt-billigere-energie\\\/#primaryimage\"},\"image\":{\"@id\":\"https:\\\/\\\/www.organisator.ch\\\/sustainability\\\/2021-06-01\\\/klimaschutz-bringt-billigere-energie\\\/#primaryimage\"},\"thumbnailUrl\":\"https:\\\/\\\/www.organisator.ch\\\/wp-content\\\/uploads\\\/2021\\\/05\\\/Depositphotos_12736170_s-2019-1.jpg\",\"datePublished\":\"2021-06-01T10:00:46+00:00\",\"dateModified\":\"2022-02-09T10:06:08+00:00\",\"description\":\"Massnahmen gegen den Klimawandel werden gemeinhin mit Energieabgaben und hohen Kosten assoziiert. Doch das Gegenteil ist der Fall.\",\"breadcrumb\":{\"@id\":\"https:\\\/\\\/www.organisator.ch\\\/sustainability\\\/2021-06-01\\\/klimaschutz-bringt-billigere-energie\\\/#breadcrumb\"},\"inLanguage\":\"de\",\"potentialAction\":[{\"@type\":\"ReadAction\",\"target\":[\"https:\\\/\\\/www.organisator.ch\\\/sustainability\\\/2021-06-01\\\/klimaschutz-bringt-billigere-energie\\\/\"]}]},{\"@type\":\"ImageObject\",\"inLanguage\":\"de\",\"@id\":\"https:\\\/\\\/www.organisator.ch\\\/sustainability\\\/2021-06-01\\\/klimaschutz-bringt-billigere-energie\\\/#primaryimage\",\"url\":\"https:\\\/\\\/www.organisator.ch\\\/wp-content\\\/uploads\\\/2021\\\/05\\\/Depositphotos_12736170_s-2019-1.jpg\",\"contentUrl\":\"https:\\\/\\\/www.organisator.ch\\\/wp-content\\\/uploads\\\/2021\\\/05\\\/Depositphotos_12736170_s-2019-1.jpg\",\"width\":999,\"height\":688,\"caption\":\"\u00a9 Depositphotos, eyematrix\"},{\"@type\":\"BreadcrumbList\",\"@id\":\"https:\\\/\\\/www.organisator.ch\\\/sustainability\\\/2021-06-01\\\/klimaschutz-bringt-billigere-energie\\\/#breadcrumb\",\"itemListElement\":[{\"@type\":\"ListItem\",\"position\":1,\"name\":\"Home\",\"item\":\"https:\\\/\\\/www.organisator.ch\\\/\"},{\"@type\":\"ListItem\",\"position\":2,\"name\":\"Klimaschutz bringt billigere Energie\"}]},{\"@type\":\"WebSite\",\"@id\":\"https:\\\/\\\/www.organisator.ch\\\/#website\",\"url\":\"https:\\\/\\\/www.organisator.ch\\\/\",\"name\":\"Organisator\",\"description\":\"Kompetent. Praxisnah. Der ORGANISATOR bereitet in 10 Ausgaben pro Jahr die wesentlichen Themen f\u00fcr F\u00fchrungskr\u00e4fte von KMU auf.\",\"publisher\":{\"@id\":\"https:\\\/\\\/www.organisator.ch\\\/#organization\"},\"potentialAction\":[{\"@type\":\"SearchAction\",\"target\":{\"@type\":\"EntryPoint\",\"urlTemplate\":\"https:\\\/\\\/www.organisator.ch\\\/?s={search_term_string}\"},\"query-input\":{\"@type\":\"PropertyValueSpecification\",\"valueRequired\":true,\"valueName\":\"search_term_string\"}}],\"inLanguage\":\"de\"},{\"@type\":\"Organization\",\"@id\":\"https:\\\/\\\/www.organisator.ch\\\/#organization\",\"name\":\"Organisator\",\"url\":\"https:\\\/\\\/www.organisator.ch\\\/\",\"logo\":{\"@type\":\"ImageObject\",\"inLanguage\":\"de\",\"@id\":\"https:\\\/\\\/www.organisator.ch\\\/#\\\/schema\\\/logo\\\/image\\\/\",\"url\":\"https:\\\/\\\/www.organisator.ch\\\/wp-content\\\/uploads\\\/2022\\\/01\\\/Logo_Organisator_Website.png\",\"contentUrl\":\"https:\\\/\\\/www.organisator.ch\\\/wp-content\\\/uploads\\\/2022\\\/01\\\/Logo_Organisator_Website.png\",\"width\":800,\"height\":77,\"caption\":\"Organisator\"},\"image\":{\"@id\":\"https:\\\/\\\/www.organisator.ch\\\/#\\\/schema\\\/logo\\\/image\\\/\"},\"sameAs\":[\"https:\\\/\\\/www.facebook.com\\\/OrganisatorFachmagazin\",\"https:\\\/\\\/www.linkedin.com\\\/showcase\\\/organisator-das-magazin-fr-kmu\",\"https:\\\/\\\/www.xing.com\\\/news\\\/pages\\\/organisator-ch-695\",\"https:\\\/\\\/www.youtube.com\\\/channel\\\/UCGP2Sq0iWaZwT3BdIAQFYpw\"]},{\"@type\":\"Person\",\"@id\":\"https:\\\/\\\/www.organisator.ch\\\/#\\\/schema\\\/person\\\/a800b8c54e208b160517a7dcc323161d\",\"name\":\"roger.straessle\",\"image\":{\"@type\":\"ImageObject\",\"inLanguage\":\"de\",\"@id\":\"https:\\\/\\\/secure.gravatar.com\\\/avatar\\\/?s=96&d=mm&r=g\",\"url\":\"https:\\\/\\\/secure.gravatar.com\\\/avatar\\\/?s=96&d=mm&r=g\",\"contentUrl\":\"https:\\\/\\\/secure.gravatar.com\\\/avatar\\\/?s=96&d=mm&r=g\",\"caption\":\"roger.straessle\"},\"url\":\"https:\\\/\\\/www.organisator.ch\\\/de\\\/author\\\/roger-straessle\\\/\"}]}<\/script>\n<!-- \/ Yoast SEO plugin. -->","yoast_head_json":{"title":"Klimaschutz bringt billigere Energie - Organisator","description":"Massnahmen gegen den Klimawandel werden gemeinhin mit Energieabgaben und hohen Kosten assoziiert. Doch das Gegenteil ist der Fall.","robots":{"index":"index","follow":"follow","max-snippet":"max-snippet:-1","max-image-preview":"max-image-preview:large","max-video-preview":"max-video-preview:-1"},"canonical":"https:\/\/www.organisator.ch\/de\/sustainability\/2021-06-01\/klimaschutz-bringt-billigere-energie\/","og_locale":"de_DE","og_type":"article","og_title":"Klimaschutz bringt billigere Energie - Organisator","og_description":"Massnahmen gegen den Klimawandel werden gemeinhin mit Energieabgaben und hohen Kosten assoziiert. Doch das Gegenteil ist der Fall.","og_url":"https:\/\/www.organisator.ch\/de\/sustainability\/2021-06-01\/klimaschutz-bringt-billigere-energie\/","og_site_name":"Organisator","article_publisher":"https:\/\/www.facebook.com\/OrganisatorFachmagazin","article_published_time":"2021-06-01T10:00:46+00:00","article_modified_time":"2022-02-09T10:06:08+00:00","og_image":[{"width":999,"height":688,"url":"https:\/\/www.organisator.ch\/wp-content\/uploads\/2021\/05\/Depositphotos_12736170_s-2019-1.jpg","type":"image\/jpeg"}],"author":"roger.straessle","twitter_card":"summary_large_image","schema":{"@context":"https:\/\/schema.org","@graph":[{"@type":"Article","@id":"https:\/\/www.organisator.ch\/sustainability\/2021-06-01\/klimaschutz-bringt-billigere-energie\/#article","isPartOf":{"@id":"https:\/\/www.organisator.ch\/sustainability\/2021-06-01\/klimaschutz-bringt-billigere-energie\/"},"author":{"name":"roger.straessle","@id":"https:\/\/www.organisator.ch\/#\/schema\/person\/a800b8c54e208b160517a7dcc323161d"},"headline":"Klimaschutz bringt billigere Energie","datePublished":"2021-06-01T10:00:46+00:00","dateModified":"2022-02-09T10:06:08+00:00","mainEntityOfPage":{"@id":"https:\/\/www.organisator.ch\/sustainability\/2021-06-01\/klimaschutz-bringt-billigere-energie\/"},"wordCount":782,"publisher":{"@id":"https:\/\/www.organisator.ch\/#organization"},"image":{"@id":"https:\/\/www.organisator.ch\/sustainability\/2021-06-01\/klimaschutz-bringt-billigere-energie\/#primaryimage"},"thumbnailUrl":"https:\/\/www.organisator.ch\/wp-content\/uploads\/2021\/05\/Depositphotos_12736170_s-2019-1.jpg","keywords":["g\u00fcnstige Energie","Klimaschutz"],"articleSection":["SUSTAINABILITY"],"inLanguage":"de"},{"@type":"WebPage","@id":"https:\/\/www.organisator.ch\/sustainability\/2021-06-01\/klimaschutz-bringt-billigere-energie\/","url":"https:\/\/www.organisator.ch\/sustainability\/2021-06-01\/klimaschutz-bringt-billigere-energie\/","name":"Klimaschutz bringt billigere Energie - Organisator","isPartOf":{"@id":"https:\/\/www.organisator.ch\/#website"},"primaryImageOfPage":{"@id":"https:\/\/www.organisator.ch\/sustainability\/2021-06-01\/klimaschutz-bringt-billigere-energie\/#primaryimage"},"image":{"@id":"https:\/\/www.organisator.ch\/sustainability\/2021-06-01\/klimaschutz-bringt-billigere-energie\/#primaryimage"},"thumbnailUrl":"https:\/\/www.organisator.ch\/wp-content\/uploads\/2021\/05\/Depositphotos_12736170_s-2019-1.jpg","datePublished":"2021-06-01T10:00:46+00:00","dateModified":"2022-02-09T10:06:08+00:00","description":"Massnahmen gegen den Klimawandel werden gemeinhin mit Energieabgaben und hohen Kosten assoziiert. Doch das Gegenteil ist der Fall.","breadcrumb":{"@id":"https:\/\/www.organisator.ch\/sustainability\/2021-06-01\/klimaschutz-bringt-billigere-energie\/#breadcrumb"},"inLanguage":"de","potentialAction":[{"@type":"ReadAction","target":["https:\/\/www.organisator.ch\/sustainability\/2021-06-01\/klimaschutz-bringt-billigere-energie\/"]}]},{"@type":"ImageObject","inLanguage":"de","@id":"https:\/\/www.organisator.ch\/sustainability\/2021-06-01\/klimaschutz-bringt-billigere-energie\/#primaryimage","url":"https:\/\/www.organisator.ch\/wp-content\/uploads\/2021\/05\/Depositphotos_12736170_s-2019-1.jpg","contentUrl":"https:\/\/www.organisator.ch\/wp-content\/uploads\/2021\/05\/Depositphotos_12736170_s-2019-1.jpg","width":999,"height":688,"caption":"\u00a9 Depositphotos, eyematrix"},{"@type":"BreadcrumbList","@id":"https:\/\/www.organisator.ch\/sustainability\/2021-06-01\/klimaschutz-bringt-billigere-energie\/#breadcrumb","itemListElement":[{"@type":"ListItem","position":1,"name":"Home","item":"https:\/\/www.organisator.ch\/"},{"@type":"ListItem","position":2,"name":"Klimaschutz bringt billigere Energie"}]},{"@type":"WebSite","@id":"https:\/\/www.organisator.ch\/#website","url":"https:\/\/www.organisator.ch\/","name":"Organisator","description":"Kompetent. Praxisnah. Der ORGANISATOR bereitet in 10 Ausgaben pro Jahr die wesentlichen Themen f\u00fcr F\u00fchrungskr\u00e4fte von KMU auf.","publisher":{"@id":"https:\/\/www.organisator.ch\/#organization"},"potentialAction":[{"@type":"SearchAction","target":{"@type":"EntryPoint","urlTemplate":"https:\/\/www.organisator.ch\/?s={search_term_string}"},"query-input":{"@type":"PropertyValueSpecification","valueRequired":true,"valueName":"search_term_string"}}],"inLanguage":"de"},{"@type":"Organization","@id":"https:\/\/www.organisator.ch\/#organization","name":"Organisator","url":"https:\/\/www.organisator.ch\/","logo":{"@type":"ImageObject","inLanguage":"de","@id":"https:\/\/www.organisator.ch\/#\/schema\/logo\/image\/","url":"https:\/\/www.organisator.ch\/wp-content\/uploads\/2022\/01\/Logo_Organisator_Website.png","contentUrl":"https:\/\/www.organisator.ch\/wp-content\/uploads\/2022\/01\/Logo_Organisator_Website.png","width":800,"height":77,"caption":"Organisator"},"image":{"@id":"https:\/\/www.organisator.ch\/#\/schema\/logo\/image\/"},"sameAs":["https:\/\/www.facebook.com\/OrganisatorFachmagazin","https:\/\/www.linkedin.com\/showcase\/organisator-das-magazin-fr-kmu","https:\/\/www.xing.com\/news\/pages\/organisator-ch-695","https:\/\/www.youtube.com\/channel\/UCGP2Sq0iWaZwT3BdIAQFYpw"]},{"@type":"Person","@id":"https:\/\/www.organisator.ch\/#\/schema\/person\/a800b8c54e208b160517a7dcc323161d","name":"roger.straessle","image":{"@type":"ImageObject","inLanguage":"de","@id":"https:\/\/secure.gravatar.com\/avatar\/?s=96&d=mm&r=g","url":"https:\/\/secure.gravatar.com\/avatar\/?s=96&d=mm&r=g","contentUrl":"https:\/\/secure.gravatar.com\/avatar\/?s=96&d=mm&r=g","caption":"roger.straessle"},"url":"https:\/\/www.organisator.ch\/de\/author\/roger-straessle\/"}]}},"_links":{"self":[{"href":"https:\/\/www.organisator.ch\/de\/wp-json\/wp\/v2\/posts\/10284","targetHints":{"allow":["GET"]}}],"collection":[{"href":"https:\/\/www.organisator.ch\/de\/wp-json\/wp\/v2\/posts"}],"about":[{"href":"https:\/\/www.organisator.ch\/de\/wp-json\/wp\/v2\/types\/post"}],"author":[{"embeddable":true,"href":"https:\/\/www.organisator.ch\/de\/wp-json\/wp\/v2\/users\/6"}],"replies":[{"embeddable":true,"href":"https:\/\/www.organisator.ch\/de\/wp-json\/wp\/v2\/comments?post=10284"}],"version-history":[{"count":1,"href":"https:\/\/www.organisator.ch\/de\/wp-json\/wp\/v2\/posts\/10284\/revisions"}],"predecessor-version":[{"id":10479,"href":"https:\/\/www.organisator.ch\/de\/wp-json\/wp\/v2\/posts\/10284\/revisions\/10479"}],"wp:featuredmedia":[{"embeddable":true,"href":"https:\/\/www.organisator.ch\/de\/wp-json\/wp\/v2\/media\/9800"}],"wp:attachment":[{"href":"https:\/\/www.organisator.ch\/de\/wp-json\/wp\/v2\/media?parent=10284"}],"wp:term":[{"taxonomy":"category","embeddable":true,"href":"https:\/\/www.organisator.ch\/de\/wp-json\/wp\/v2\/categories?post=10284"},{"taxonomy":"post_tag","embeddable":true,"href":"https:\/\/www.organisator.ch\/de\/wp-json\/wp\/v2\/tags?post=10284"}],"curies":[{"name":"wp","href":"https:\/\/api.w.org\/{rel}","templated":true}]}}