{"id":10289,"date":"2021-06-14T09:09:36","date_gmt":"2021-06-14T07:09:36","guid":{"rendered":"https:\/\/www.umweltperspektiven.ch\/?p=4363"},"modified":"2022-02-09T11:06:08","modified_gmt":"2022-02-09T10:06:08","slug":"mit-solarstrom-die-co2-bilanz-verbessern","status":"publish","type":"post","link":"https:\/\/www.organisator.ch\/de\/sustainability\/2021-06-14\/mit-solarstrom-die-co2-bilanz-verbessern\/","title":{"rendered":"Mit Solarstrom die CO2-Bilanz verbessern"},"content":{"rendered":"<figure id=\"attachment_4364\" aria-describedby=\"caption-attachment-4364\" style=\"width: 680px\" class=\"wp-caption aligncenter\"><img loading=\"lazy\" decoding=\"async\" class=\"wp-image-4364 size-medium\" src=\"\/\/www.umweltperspektiven.ch\/wp-content\/uploads\/2021\/06\/DJI_0350.jpg\" alt=\"Photovoltaik, Energie-Contracting, PV-Anlage, CO2-Fussabdruck\" width=\"680\" height=\"453\" \/><figcaption id=\"caption-attachment-4364\" class=\"wp-caption-text\">Die neu installierte Photovoltaik-Anlage auf dem Dach der Galledia in Berneck. \u00a9 zVg<\/figcaption><\/figure>\n<p>Jedes KMU muss sich heute Gedanken machen, wie es seinen Energieverbrauch nachhaltiger gestalten kann. So auch das Druck- und Verlagsunternehmen <a href=\"\/\/www.galledia.ch\">Galledia,<\/a>\u00a0das u.a. die Fachpublikation \u00abUmwelt Perspektiven\u00bb herausgibt. \u00abSeit ein paar Tagen decken wir am Standort Berneck einen Teil des dortigen Stromverbrauchs mit Sonnenenergie ab\u00bb, freut sich Daniel Ettlinger, CEO der Galledia-Gruppe.<\/p>\n<p>Ist von Solartechnik die Rede, geh\u00f6ren ein paar Zahlen dazu: 255 Photovoltaik-(PV)-Module hat die Swiss Photovoltaik GmbH auf einer Fl\u00e4che von gut 460 m2 auf dem Flachdach des Galledia-Firmengeb\u00e4udes installiert. Die Anlage mit den monokristallinen Solarzellen hat einen Wirkungsgrad von 20,3 Prozent. Das generiert j\u00e4hrlich gut 98&#8217;000 Kilowattstunden (kWh) Strom, wie Willy Langenegger mit seiner Swiss Photovoltaik ausgerechnet hat. Davon kann der KMU-Betrieb in Berneck rund 85 Prozent selber nutzen, der Rest fliesst ins \u00f6ffentliche Netz, beispielsweise am Samstag, wenn das Firmentor geschlossen bleibt.<\/p>\n<p>Mit der mittelgrossen Anlage bei Galledia k\u00f6nnen umgerechnet etwa 20 Vier-Personen-Haushalte mit Strom versorgt werden. Dank der Solartechnik verringert das Medienunternehmen seinen CO2-Fussabdruck j\u00e4hrlich um fast 59&#8217;000 Kilogramm\u00a0CO2.<\/p>\n<h2><strong>Photovoltaik: Je h\u00f6her der Eigenverbrauch, desto rentabler<\/strong><\/h2>\n<p>\u00abEinerseits bauen wir Photovoltaik-Anlagen f\u00fcr Endkunden, andererseits realisieren wir auch solche, die wir selbst betreiben\u00bb, sagt Willy Langenegger und kommt aufs Energie-Contracting zu sprechen. Bei der Anlage auf dem Galledia-Dach handelt es sich um eine solche L\u00f6sung: Mit der Solartechnik selbst hat das KMU mit seinen insgesamt rund 330 Mitarbeitenden an neun Standorten nichts zu tun, denn es will sich auf sein Kerngesch\u00e4ft konzentrieren. Doch es hat der Swiss Photovoltaik das Firmendach f\u00fcr die PV-Anlage vermietet. Im Gegenzug \u00fcbernimmt das Medienunternehmen den in Berneck produzierten Solarstrom und garantiert eine langfristige Abnahme.<\/p>\n<p>Willy Langenegger zieht beim Contracting-Modell gerne den Vergleich zu Parkpl\u00e4tzen: Nicht ben\u00f6tigte Autoabstellfl\u00e4chen w\u00fcrde man auch vermieten. Weshalb nicht auch das \u00ableere\u00bb Firmendach, um Solarstrom produzieren zu lassen? Abnehmer der umweltfreundlichen Energie kann ein Dritter sein oder wie im Fall Galledia die Standortfirma selbst.<\/p>\n<p>Die Solarbranche erlebt einen Boom, und das kommt nicht von ungef\u00e4hr. Eine Photovoltaik-Anlage amortisiere sich heute innert acht bis zw\u00f6lf Jahren, betont der Fachmann, dessen Unternehmen in der gesamten Deutschschweiz t\u00e4tig ist. Ein Investment in die Photovoltaik sei heute finanziell ein lohnendes Gesch\u00e4ft, schliesslich seien die Preise f\u00fcr PV-Module in den letzten Jahren massiv gesunken. Und: Je h\u00f6her der Eigenverbrauch einer PV-Anlage, umso schneller amortisiere sie sich.<\/p>\n<p><em><strong>Weitere Themen: <\/strong><\/em><\/p>\n<ul>\n<li><em><a href=\"\/\/www.umweltperspektiven.ch\/pv-anlagen-viel-foerdergeld-und-weniger-buerokratie\/\">PV-Anlagen: viel F\u00f6rdergeld und weniger B\u00fcrokratie<\/a><\/em><\/li>\n<li><a href=\"\/\/www.umweltperspektiven.ch\/demand-side-management-im-kuenftigen-stromsystem-schweiz\/\"><em>Demand-Side-Management im k\u00fcnftigen Stromsystem Schweiz<\/em><\/a><\/li>\n<\/ul>\n","protected":false},"excerpt":{"rendered":"<p>Jedes KMU muss sich heute Gedanken machen, wie es seinen Energieverbrauch nachhaltiger gestalten kann. So auch das Druck- und Verlagsunternehmen Galledia,\u00a0das u.a. die Fachpublikation \u00abUmwelt Perspektiven\u00bb herausgibt. \u00abSeit ein paar Tagen decken wir am Standort Berneck einen Teil des dortigen Stromverbrauchs mit Sonnenenergie ab\u00bb, freut sich Daniel Ettlinger, CEO der Galledia-Gruppe. Ist von Solartechnik die [&hellip;]<\/p>\n","protected":false},"author":6,"featured_media":4364,"comment_status":"closed","ping_status":"closed","sticky":false,"template":"","format":"standard","meta":{"_acf_changed":false,"_yoast_wpseo_focuskw":"Photovoltaik","_yoast_wpseo_metadesc":"","articlekey":"","footnotes":""},"categories":[580],"tags":[934,1023,1059,1908,1961],"class_list":["post-10289","post","type-post","status-publish","format-standard","has-post-thumbnail","hentry","category-sustainability","tag-co2-fussabdruck","tag-eigenverbrauch","tag-energie-contracting","tag-photovoltaik","tag-pv-anlage"],"acf":[],"yoast_head":"<!-- This site is optimized with the Yoast SEO plugin v27.4 - https:\/\/yoast.com\/product\/yoast-seo-wordpress\/ -->\n<title>Mit Solarstrom die CO2-Bilanz verbessern - Organisator<\/title>\n<meta name=\"robots\" content=\"index, follow, max-snippet:-1, max-image-preview:large, max-video-preview:-1\" \/>\n<link rel=\"canonical\" href=\"https:\/\/www.organisator.ch\/de\/sustainability\/2021-06-14\/mit-solarstrom-die-co2-bilanz-verbessern\/\" \/>\n<meta property=\"og:locale\" content=\"de_DE\" \/>\n<meta property=\"og:type\" content=\"article\" \/>\n<meta property=\"og:title\" content=\"Mit Solarstrom die CO2-Bilanz verbessern - Organisator\" \/>\n<meta property=\"og:description\" content=\"Jedes KMU muss sich heute Gedanken machen, wie es seinen Energieverbrauch nachhaltiger gestalten kann. So auch das Druck- und Verlagsunternehmen Galledia,\u00a0das u.a. die Fachpublikation \u00abUmwelt Perspektiven\u00bb herausgibt. \u00abSeit ein paar Tagen decken wir am Standort Berneck einen Teil des dortigen Stromverbrauchs mit Sonnenenergie ab\u00bb, freut sich Daniel Ettlinger, CEO der Galledia-Gruppe. Ist von Solartechnik die [&hellip;]\" \/>\n<meta property=\"og:url\" content=\"https:\/\/www.organisator.ch\/de\/sustainability\/2021-06-14\/mit-solarstrom-die-co2-bilanz-verbessern\/\" \/>\n<meta property=\"og:site_name\" content=\"Organisator\" \/>\n<meta property=\"article:publisher\" content=\"https:\/\/www.facebook.com\/OrganisatorFachmagazin\" \/>\n<meta property=\"article:published_time\" content=\"2021-06-14T07:09:36+00:00\" \/>\n<meta property=\"article:modified_time\" content=\"2022-02-09T10:06:08+00:00\" \/>\n<meta property=\"og:image\" content=\"https:\/\/www.organisator.ch\/wp-content\/uploads\/2021\/06\/DJI_0350-scaled.jpg\" \/>\n\t<meta property=\"og:image:width\" content=\"2560\" \/>\n\t<meta property=\"og:image:height\" content=\"1707\" \/>\n\t<meta property=\"og:image:type\" content=\"image\/jpeg\" \/>\n<meta name=\"author\" content=\"roger.straessle\" \/>\n<meta name=\"twitter:card\" content=\"summary_large_image\" \/>\n<script type=\"application\/ld+json\" class=\"yoast-schema-graph\">{\"@context\":\"https:\\\/\\\/schema.org\",\"@graph\":[{\"@type\":\"Article\",\"@id\":\"https:\\\/\\\/www.organisator.ch\\\/sustainability\\\/2021-06-14\\\/mit-solarstrom-die-co2-bilanz-verbessern\\\/#article\",\"isPartOf\":{\"@id\":\"https:\\\/\\\/www.organisator.ch\\\/sustainability\\\/2021-06-14\\\/mit-solarstrom-die-co2-bilanz-verbessern\\\/\"},\"author\":{\"name\":\"roger.straessle\",\"@id\":\"https:\\\/\\\/www.organisator.ch\\\/#\\\/schema\\\/person\\\/a800b8c54e208b160517a7dcc323161d\"},\"headline\":\"Mit Solarstrom die CO2-Bilanz verbessern\",\"datePublished\":\"2021-06-14T07:09:36+00:00\",\"dateModified\":\"2022-02-09T10:06:08+00:00\",\"mainEntityOfPage\":{\"@id\":\"https:\\\/\\\/www.organisator.ch\\\/sustainability\\\/2021-06-14\\\/mit-solarstrom-die-co2-bilanz-verbessern\\\/\"},\"wordCount\":432,\"publisher\":{\"@id\":\"https:\\\/\\\/www.organisator.ch\\\/#organization\"},\"image\":{\"@id\":\"https:\\\/\\\/www.organisator.ch\\\/sustainability\\\/2021-06-14\\\/mit-solarstrom-die-co2-bilanz-verbessern\\\/#primaryimage\"},\"thumbnailUrl\":\"https:\\\/\\\/www.organisator.ch\\\/wp-content\\\/uploads\\\/2021\\\/06\\\/DJI_0350-scaled.jpg\",\"keywords\":[\"CO2-Fussabdruck\",\"Eigenverbrauch\",\"Energie-Contracting\",\"Photovoltaik\",\"PV-Anlage\"],\"articleSection\":[\"SUSTAINABILITY\"],\"inLanguage\":\"de\"},{\"@type\":\"WebPage\",\"@id\":\"https:\\\/\\\/www.organisator.ch\\\/sustainability\\\/2021-06-14\\\/mit-solarstrom-die-co2-bilanz-verbessern\\\/\",\"url\":\"https:\\\/\\\/www.organisator.ch\\\/sustainability\\\/2021-06-14\\\/mit-solarstrom-die-co2-bilanz-verbessern\\\/\",\"name\":\"Mit Solarstrom die CO2-Bilanz verbessern - Organisator\",\"isPartOf\":{\"@id\":\"https:\\\/\\\/www.organisator.ch\\\/#website\"},\"primaryImageOfPage\":{\"@id\":\"https:\\\/\\\/www.organisator.ch\\\/sustainability\\\/2021-06-14\\\/mit-solarstrom-die-co2-bilanz-verbessern\\\/#primaryimage\"},\"image\":{\"@id\":\"https:\\\/\\\/www.organisator.ch\\\/sustainability\\\/2021-06-14\\\/mit-solarstrom-die-co2-bilanz-verbessern\\\/#primaryimage\"},\"thumbnailUrl\":\"https:\\\/\\\/www.organisator.ch\\\/wp-content\\\/uploads\\\/2021\\\/06\\\/DJI_0350-scaled.jpg\",\"datePublished\":\"2021-06-14T07:09:36+00:00\",\"dateModified\":\"2022-02-09T10:06:08+00:00\",\"breadcrumb\":{\"@id\":\"https:\\\/\\\/www.organisator.ch\\\/sustainability\\\/2021-06-14\\\/mit-solarstrom-die-co2-bilanz-verbessern\\\/#breadcrumb\"},\"inLanguage\":\"de\",\"potentialAction\":[{\"@type\":\"ReadAction\",\"target\":[\"https:\\\/\\\/www.organisator.ch\\\/sustainability\\\/2021-06-14\\\/mit-solarstrom-die-co2-bilanz-verbessern\\\/\"]}]},{\"@type\":\"ImageObject\",\"inLanguage\":\"de\",\"@id\":\"https:\\\/\\\/www.organisator.ch\\\/sustainability\\\/2021-06-14\\\/mit-solarstrom-die-co2-bilanz-verbessern\\\/#primaryimage\",\"url\":\"https:\\\/\\\/www.organisator.ch\\\/wp-content\\\/uploads\\\/2021\\\/06\\\/DJI_0350-scaled.jpg\",\"contentUrl\":\"https:\\\/\\\/www.organisator.ch\\\/wp-content\\\/uploads\\\/2021\\\/06\\\/DJI_0350-scaled.jpg\",\"width\":2560,\"height\":1707,\"caption\":\"Die neu installierte Photovoltaik-Anlage auf dem Dach der Galledia in Berneck. \u00a9 zVg\"},{\"@type\":\"BreadcrumbList\",\"@id\":\"https:\\\/\\\/www.organisator.ch\\\/sustainability\\\/2021-06-14\\\/mit-solarstrom-die-co2-bilanz-verbessern\\\/#breadcrumb\",\"itemListElement\":[{\"@type\":\"ListItem\",\"position\":1,\"name\":\"Home\",\"item\":\"https:\\\/\\\/www.organisator.ch\\\/\"},{\"@type\":\"ListItem\",\"position\":2,\"name\":\"Mit Solarstrom die CO2-Bilanz verbessern\"}]},{\"@type\":\"WebSite\",\"@id\":\"https:\\\/\\\/www.organisator.ch\\\/#website\",\"url\":\"https:\\\/\\\/www.organisator.ch\\\/\",\"name\":\"Organisator\",\"description\":\"Kompetent. Praxisnah. Der ORGANISATOR bereitet in 10 Ausgaben pro Jahr die wesentlichen Themen f\u00fcr F\u00fchrungskr\u00e4fte von KMU auf.\",\"publisher\":{\"@id\":\"https:\\\/\\\/www.organisator.ch\\\/#organization\"},\"potentialAction\":[{\"@type\":\"SearchAction\",\"target\":{\"@type\":\"EntryPoint\",\"urlTemplate\":\"https:\\\/\\\/www.organisator.ch\\\/?s={search_term_string}\"},\"query-input\":{\"@type\":\"PropertyValueSpecification\",\"valueRequired\":true,\"valueName\":\"search_term_string\"}}],\"inLanguage\":\"de\"},{\"@type\":\"Organization\",\"@id\":\"https:\\\/\\\/www.organisator.ch\\\/#organization\",\"name\":\"Organisator\",\"url\":\"https:\\\/\\\/www.organisator.ch\\\/\",\"logo\":{\"@type\":\"ImageObject\",\"inLanguage\":\"de\",\"@id\":\"https:\\\/\\\/www.organisator.ch\\\/#\\\/schema\\\/logo\\\/image\\\/\",\"url\":\"https:\\\/\\\/www.organisator.ch\\\/wp-content\\\/uploads\\\/2022\\\/01\\\/Logo_Organisator_Website.png\",\"contentUrl\":\"https:\\\/\\\/www.organisator.ch\\\/wp-content\\\/uploads\\\/2022\\\/01\\\/Logo_Organisator_Website.png\",\"width\":800,\"height\":77,\"caption\":\"Organisator\"},\"image\":{\"@id\":\"https:\\\/\\\/www.organisator.ch\\\/#\\\/schema\\\/logo\\\/image\\\/\"},\"sameAs\":[\"https:\\\/\\\/www.facebook.com\\\/OrganisatorFachmagazin\",\"https:\\\/\\\/www.linkedin.com\\\/showcase\\\/organisator-das-magazin-fr-kmu\",\"https:\\\/\\\/www.xing.com\\\/news\\\/pages\\\/organisator-ch-695\",\"https:\\\/\\\/www.youtube.com\\\/channel\\\/UCGP2Sq0iWaZwT3BdIAQFYpw\"]},{\"@type\":\"Person\",\"@id\":\"https:\\\/\\\/www.organisator.ch\\\/#\\\/schema\\\/person\\\/a800b8c54e208b160517a7dcc323161d\",\"name\":\"roger.straessle\",\"image\":{\"@type\":\"ImageObject\",\"inLanguage\":\"de\",\"@id\":\"https:\\\/\\\/secure.gravatar.com\\\/avatar\\\/?s=96&d=mm&r=g\",\"url\":\"https:\\\/\\\/secure.gravatar.com\\\/avatar\\\/?s=96&d=mm&r=g\",\"contentUrl\":\"https:\\\/\\\/secure.gravatar.com\\\/avatar\\\/?s=96&d=mm&r=g\",\"caption\":\"roger.straessle\"},\"url\":\"https:\\\/\\\/www.organisator.ch\\\/de\\\/author\\\/roger-straessle\\\/\"}]}<\/script>\n<!-- \/ Yoast SEO plugin. -->","yoast_head_json":{"title":"Mit Solarstrom die CO2-Bilanz verbessern - Organisator","robots":{"index":"index","follow":"follow","max-snippet":"max-snippet:-1","max-image-preview":"max-image-preview:large","max-video-preview":"max-video-preview:-1"},"canonical":"https:\/\/www.organisator.ch\/de\/sustainability\/2021-06-14\/mit-solarstrom-die-co2-bilanz-verbessern\/","og_locale":"de_DE","og_type":"article","og_title":"Mit Solarstrom die CO2-Bilanz verbessern - Organisator","og_description":"Jedes KMU muss sich heute Gedanken machen, wie es seinen Energieverbrauch nachhaltiger gestalten kann. So auch das Druck- und Verlagsunternehmen Galledia,\u00a0das u.a. die Fachpublikation \u00abUmwelt Perspektiven\u00bb herausgibt. \u00abSeit ein paar Tagen decken wir am Standort Berneck einen Teil des dortigen Stromverbrauchs mit Sonnenenergie ab\u00bb, freut sich Daniel Ettlinger, CEO der Galledia-Gruppe. Ist von Solartechnik die [&hellip;]","og_url":"https:\/\/www.organisator.ch\/de\/sustainability\/2021-06-14\/mit-solarstrom-die-co2-bilanz-verbessern\/","og_site_name":"Organisator","article_publisher":"https:\/\/www.facebook.com\/OrganisatorFachmagazin","article_published_time":"2021-06-14T07:09:36+00:00","article_modified_time":"2022-02-09T10:06:08+00:00","og_image":[{"width":2560,"height":1707,"url":"https:\/\/www.organisator.ch\/wp-content\/uploads\/2021\/06\/DJI_0350-scaled.jpg","type":"image\/jpeg"}],"author":"roger.straessle","twitter_card":"summary_large_image","schema":{"@context":"https:\/\/schema.org","@graph":[{"@type":"Article","@id":"https:\/\/www.organisator.ch\/sustainability\/2021-06-14\/mit-solarstrom-die-co2-bilanz-verbessern\/#article","isPartOf":{"@id":"https:\/\/www.organisator.ch\/sustainability\/2021-06-14\/mit-solarstrom-die-co2-bilanz-verbessern\/"},"author":{"name":"roger.straessle","@id":"https:\/\/www.organisator.ch\/#\/schema\/person\/a800b8c54e208b160517a7dcc323161d"},"headline":"Mit Solarstrom die CO2-Bilanz verbessern","datePublished":"2021-06-14T07:09:36+00:00","dateModified":"2022-02-09T10:06:08+00:00","mainEntityOfPage":{"@id":"https:\/\/www.organisator.ch\/sustainability\/2021-06-14\/mit-solarstrom-die-co2-bilanz-verbessern\/"},"wordCount":432,"publisher":{"@id":"https:\/\/www.organisator.ch\/#organization"},"image":{"@id":"https:\/\/www.organisator.ch\/sustainability\/2021-06-14\/mit-solarstrom-die-co2-bilanz-verbessern\/#primaryimage"},"thumbnailUrl":"https:\/\/www.organisator.ch\/wp-content\/uploads\/2021\/06\/DJI_0350-scaled.jpg","keywords":["CO2-Fussabdruck","Eigenverbrauch","Energie-Contracting","Photovoltaik","PV-Anlage"],"articleSection":["SUSTAINABILITY"],"inLanguage":"de"},{"@type":"WebPage","@id":"https:\/\/www.organisator.ch\/sustainability\/2021-06-14\/mit-solarstrom-die-co2-bilanz-verbessern\/","url":"https:\/\/www.organisator.ch\/sustainability\/2021-06-14\/mit-solarstrom-die-co2-bilanz-verbessern\/","name":"Mit Solarstrom die CO2-Bilanz verbessern - Organisator","isPartOf":{"@id":"https:\/\/www.organisator.ch\/#website"},"primaryImageOfPage":{"@id":"https:\/\/www.organisator.ch\/sustainability\/2021-06-14\/mit-solarstrom-die-co2-bilanz-verbessern\/#primaryimage"},"image":{"@id":"https:\/\/www.organisator.ch\/sustainability\/2021-06-14\/mit-solarstrom-die-co2-bilanz-verbessern\/#primaryimage"},"thumbnailUrl":"https:\/\/www.organisator.ch\/wp-content\/uploads\/2021\/06\/DJI_0350-scaled.jpg","datePublished":"2021-06-14T07:09:36+00:00","dateModified":"2022-02-09T10:06:08+00:00","breadcrumb":{"@id":"https:\/\/www.organisator.ch\/sustainability\/2021-06-14\/mit-solarstrom-die-co2-bilanz-verbessern\/#breadcrumb"},"inLanguage":"de","potentialAction":[{"@type":"ReadAction","target":["https:\/\/www.organisator.ch\/sustainability\/2021-06-14\/mit-solarstrom-die-co2-bilanz-verbessern\/"]}]},{"@type":"ImageObject","inLanguage":"de","@id":"https:\/\/www.organisator.ch\/sustainability\/2021-06-14\/mit-solarstrom-die-co2-bilanz-verbessern\/#primaryimage","url":"https:\/\/www.organisator.ch\/wp-content\/uploads\/2021\/06\/DJI_0350-scaled.jpg","contentUrl":"https:\/\/www.organisator.ch\/wp-content\/uploads\/2021\/06\/DJI_0350-scaled.jpg","width":2560,"height":1707,"caption":"Die neu installierte Photovoltaik-Anlage auf dem Dach der Galledia in Berneck. \u00a9 zVg"},{"@type":"BreadcrumbList","@id":"https:\/\/www.organisator.ch\/sustainability\/2021-06-14\/mit-solarstrom-die-co2-bilanz-verbessern\/#breadcrumb","itemListElement":[{"@type":"ListItem","position":1,"name":"Home","item":"https:\/\/www.organisator.ch\/"},{"@type":"ListItem","position":2,"name":"Mit Solarstrom die CO2-Bilanz verbessern"}]},{"@type":"WebSite","@id":"https:\/\/www.organisator.ch\/#website","url":"https:\/\/www.organisator.ch\/","name":"Organisator","description":"Kompetent. Praxisnah. Der ORGANISATOR bereitet in 10 Ausgaben pro Jahr die wesentlichen Themen f\u00fcr F\u00fchrungskr\u00e4fte von KMU auf.","publisher":{"@id":"https:\/\/www.organisator.ch\/#organization"},"potentialAction":[{"@type":"SearchAction","target":{"@type":"EntryPoint","urlTemplate":"https:\/\/www.organisator.ch\/?s={search_term_string}"},"query-input":{"@type":"PropertyValueSpecification","valueRequired":true,"valueName":"search_term_string"}}],"inLanguage":"de"},{"@type":"Organization","@id":"https:\/\/www.organisator.ch\/#organization","name":"Organisator","url":"https:\/\/www.organisator.ch\/","logo":{"@type":"ImageObject","inLanguage":"de","@id":"https:\/\/www.organisator.ch\/#\/schema\/logo\/image\/","url":"https:\/\/www.organisator.ch\/wp-content\/uploads\/2022\/01\/Logo_Organisator_Website.png","contentUrl":"https:\/\/www.organisator.ch\/wp-content\/uploads\/2022\/01\/Logo_Organisator_Website.png","width":800,"height":77,"caption":"Organisator"},"image":{"@id":"https:\/\/www.organisator.ch\/#\/schema\/logo\/image\/"},"sameAs":["https:\/\/www.facebook.com\/OrganisatorFachmagazin","https:\/\/www.linkedin.com\/showcase\/organisator-das-magazin-fr-kmu","https:\/\/www.xing.com\/news\/pages\/organisator-ch-695","https:\/\/www.youtube.com\/channel\/UCGP2Sq0iWaZwT3BdIAQFYpw"]},{"@type":"Person","@id":"https:\/\/www.organisator.ch\/#\/schema\/person\/a800b8c54e208b160517a7dcc323161d","name":"roger.straessle","image":{"@type":"ImageObject","inLanguage":"de","@id":"https:\/\/secure.gravatar.com\/avatar\/?s=96&d=mm&r=g","url":"https:\/\/secure.gravatar.com\/avatar\/?s=96&d=mm&r=g","contentUrl":"https:\/\/secure.gravatar.com\/avatar\/?s=96&d=mm&r=g","caption":"roger.straessle"},"url":"https:\/\/www.organisator.ch\/de\/author\/roger-straessle\/"}]}},"_links":{"self":[{"href":"https:\/\/www.organisator.ch\/de\/wp-json\/wp\/v2\/posts\/10289","targetHints":{"allow":["GET"]}}],"collection":[{"href":"https:\/\/www.organisator.ch\/de\/wp-json\/wp\/v2\/posts"}],"about":[{"href":"https:\/\/www.organisator.ch\/de\/wp-json\/wp\/v2\/types\/post"}],"author":[{"embeddable":true,"href":"https:\/\/www.organisator.ch\/de\/wp-json\/wp\/v2\/users\/6"}],"replies":[{"embeddable":true,"href":"https:\/\/www.organisator.ch\/de\/wp-json\/wp\/v2\/comments?post=10289"}],"version-history":[{"count":1,"href":"https:\/\/www.organisator.ch\/de\/wp-json\/wp\/v2\/posts\/10289\/revisions"}],"predecessor-version":[{"id":10477,"href":"https:\/\/www.organisator.ch\/de\/wp-json\/wp\/v2\/posts\/10289\/revisions\/10477"}],"wp:featuredmedia":[{"embeddable":true,"href":"https:\/\/www.organisator.ch\/de\/wp-json\/wp\/v2\/media\/4364"}],"wp:attachment":[{"href":"https:\/\/www.organisator.ch\/de\/wp-json\/wp\/v2\/media?parent=10289"}],"wp:term":[{"taxonomy":"category","embeddable":true,"href":"https:\/\/www.organisator.ch\/de\/wp-json\/wp\/v2\/categories?post=10289"},{"taxonomy":"post_tag","embeddable":true,"href":"https:\/\/www.organisator.ch\/de\/wp-json\/wp\/v2\/tags?post=10289"}],"curies":[{"name":"wp","href":"https:\/\/api.w.org\/{rel}","templated":true}]}}