{"id":10290,"date":"2021-06-15T08:12:18","date_gmt":"2021-06-15T06:12:18","guid":{"rendered":"https:\/\/www.umweltperspektiven.ch\/?p=4380"},"modified":"2022-02-09T11:06:07","modified_gmt":"2022-02-09T10:06:07","slug":"innovationspreis-fuer-basler-fernwaerme-und-st-galler-klaeranlage","status":"publish","type":"post","link":"https:\/\/www.organisator.ch\/de\/sustainability\/2021-06-15\/innovationspreis-fuer-basler-fernwaerme-und-st-galler-klaeranlage\/","title":{"rendered":"Innovationspreis f\u00fcr Basler Fernw\u00e4rme und St. Galler Kl\u00e4ranlage"},"content":{"rendered":"<figure id=\"attachment_4381\" aria-describedby=\"caption-attachment-4381\" style=\"width: 680px\" class=\"wp-caption aligncenter\"><img loading=\"lazy\" decoding=\"async\" class=\"wp-image-4381 size-medium\" src=\"\/\/www.umweltperspektiven.ch\/wp-content\/uploads\/2021\/06\/kva_basel_gebaeude.jpg\" alt=\"InfraWatt\" width=\"680\" height=\"453\" \/><figcaption id=\"caption-attachment-4381\" class=\"wp-caption-text\">Die Kehrichtverwertungsanlage Basel. Foto: Mathias Leemann<\/figcaption><\/figure>\n<p>In diesem Jahr konnte Pr\u00e4sident Filippo Lombardi anl\u00e4sslich der <a href=\"\/\/www.infrawatt.ch\/\">InfraWatt<\/a>-Generalversammlung in Bern gleich zwei Innovations-Preise \u00fcbergeben.<\/p>\n<h2><strong>Innovationspreis 2020, Bereich Abfall<\/strong><\/h2>\n<p>Das Projekt der zweistufigen Rauchgaskondensation der Industriellen Werke Basel (IWB) ist bisher einmalig in der Schweiz und wurde zusammen mit der Firma Ramboll AG geplant und realisiert.<\/p>\n<p>IWB betreibt in Basel ein rund 118 Kilometer langes Fernw\u00e4rmenetz, das als schweizweit gr\u00f6sste \u00abst\u00e4dtische Zentralheizung\u00bb gilt. Bei der Kehrichtverwertungsanlage (KVA) und den beiden Holzheizkraftwerken konnte die Abw\u00e4rmenutzung dank der neuartigen Rauchgaskondensation bedeutsam gesteigert werden: warme Rauchgase werden in sogenannten Kondensationsw\u00e4schern abgek\u00fchlt und die freiwerdende Kondensationsw\u00e4rme wird zum einen durch Direktkondensation, zum anderen mittels Absorptionsw\u00e4rmepumpe f\u00fcr die Vorw\u00e4rmung des Fernw\u00e4rmewassers genutzt. Total wurden rund 13 Mio. Franken investiert. Mit dem System wird die Abw\u00e4rmenutzung um 60 Millionen kWh\/a erh\u00f6ht, womit vergleichsweise zus\u00e4tzlich rund 4&#8217;000 Einfamilienh\u00e4user \u00e0 4 Personen (vgl. Energieheld, Mittelwert: W\u00e4rmeverbrauch EFH, 4 Personen, ca. 15&#8217;000 kWh\/a) mit CO2-neutraler Fernw\u00e4rme versorgt werden k\u00f6nnen.<\/p>\n<p>Den Ausschlag f\u00fcr die Wahl des Innovationspreises gab die Neuartigkeit, die grosse Wirkung und dass dieses System bei vielen der rund 30 KVA in der Schweiz angewendet und damit etwa 350 Mio. kWh\/a W\u00e4rme gewonnen werden k\u00f6nnten, wie InfraWatt in seiner Medienmitteilung schreibt.<\/p>\n<p>Neben IWB stachen laut InfraWatt zwei weitere innovative Projekte hervor: Die KVA der Region Zofingen ERZO, welche ein Hallenbad mittels Latentw\u00e4rmespeicher beheizt sowie das 25-Tonnen-Elektrofahrzeug der Firma designwerk f\u00fcr die Abfallsammlung in der Stadt Thun.<\/p>\n<h2><strong>Innovationspreis 2021, Bereich Abwasser<\/strong><\/h2>\n<p>Die Zust\u00e4ndigen der Abwasserreinigungsanlage (ARA) Hofen waren schon fr\u00fcher Pioniere und hatten bereits 1917 ein Abwasserkraftwerk installiert. Ebenfalls Pioniercharakter hat die in den letzten Jahren systematisch umgesetzte Energiestrategie. Aktuell wurden effiziente Blockheizkraftwerke (BHKW) kombiniert mit einer W\u00e4rmepumpe installiert. Die Biologie, der gr\u00f6sste Stromverbraucher auf einer ARA, wurde mit modernen Turboverdichtern ausger\u00fcstet und mit der ETH Z\u00fcrich eine dynamische Regelung erarbeitet, was den Sauerstoffeintrag verbessert und damit den Stromverbrauch minimiert. Dadurch konnte gleichzeitig die Reinigungsleistung verdoppelt und eine teure Vergr\u00f6sserung der Biologiebecken vermieden werden. Zudem konnten in der Biologie die Lachgasemissionen, die rund 260 Mal sch\u00e4dlicher sind als CO2, auf einen F\u00fcnftel reduziert werden. Mit all diesen Massnahmen konnte der Eigendeckungsgrad Strom von 70 % auf \u00fcber 130 % gesteigert werden. Dieser umfassende Ansatz l\u00e4sst sich auch bei vielen anderen \u00fcber 700 Kl\u00e4ranlagen in der Schweiz anwenden.<\/p>\n<p>Besonders originell war f\u00fcr die Jury das Projekt des Abwasserverbandes Altenrhein AVA am oberen Bodensee (2. Platz), welche auf dem Areal der ARA einheimische Speisefische z\u00fcchtet und ohne grosse Transportwege auf den Markt bringt. Beim Energieverbund Altstetten H\u00f6ngg, eine Zusammenarbeit zwischen dem Elektrizit\u00e4tswerk der Stadt Z\u00fcrich und Entsorgung + Recycling Z\u00fcrich ERZ (Platz 3), sei die Dimension beeindruckend. Durch den Verbund sollen im Endausbau 2035 (Gebiete Altstetten Nord, Ost und West sowie H\u00f6ngg) ca. 30&#8217;000 Haushalte mit W\u00e4rme und K\u00e4lte versorgt werden k\u00f6nnen und j\u00e4hrlich 13 Mio. Liter Heiz\u00f6l eingespart werden.<\/p>\n<p><em>Quelle: InfraWatt<\/em><\/p>\n<p>&nbsp;<\/p>\n<p><em><strong>Weitere Themen:<\/strong><\/em><\/p>\n<ul>\n<li><em><a href=\"\/\/www.umweltperspektiven.ch\/die-energiekosten-koennen-meist-um-mehr-als-ein-drittel-gesenkt-werden\/\">\u00abDie Energiekosten k\u00f6nnen meist um mehr als ein Drittel gesenkt werden\u00bb<\/a><\/em><\/li>\n<li><em><a href=\"\/\/www.umweltperspektiven.ch\/infrawatt-waehlt-nachfolge-der-geschaeftsfuehrung\/\">InfraWatt w\u00e4hlt Nachfolge der Gesch\u00e4ftsf\u00fchrung<\/a><\/em><\/li>\n<\/ul>\n<p>&nbsp;<\/p>\n","protected":false},"excerpt":{"rendered":"<p>In diesem Jahr konnte Pr\u00e4sident Filippo Lombardi anl\u00e4sslich der InfraWatt-Generalversammlung in Bern gleich zwei Innovations-Preise \u00fcbergeben. Innovationspreis 2020, Bereich Abfall Das Projekt der zweistufigen Rauchgaskondensation der Industriellen Werke Basel (IWB) ist bisher einmalig in der Schweiz und wurde zusammen mit der Firma Ramboll AG geplant und realisiert. IWB betreibt in Basel ein rund 118 Kilometer [&hellip;]<\/p>\n","protected":false},"author":6,"featured_media":9805,"comment_status":"closed","ping_status":"closed","sticky":false,"template":"","format":"standard","meta":{"_acf_changed":false,"_yoast_wpseo_focuskw":"InfraWatt","_yoast_wpseo_metadesc":"InfraWatt hat erneut seinen Innovationspreis vergeben. In die Kr\u00e4nze kommen die Fernw\u00e4rme in Basel und die Kl\u00e4ranlage in St. Gallen.","articlekey":"","footnotes":""},"categories":[580],"tags":[667,722,1165,1407,1419,1481,1580],"class_list":["post-10290","post","type-post","status-publish","format-standard","has-post-thumbnail","hentry","category-sustainability","tag-abwasserreinigungsanlage","tag-ara","tag-fernwaerme","tag-infrawatt","tag-innovationspreis","tag-kehrichtverwertung","tag-kva"],"acf":[],"yoast_head":"<!-- This site is optimized with the Yoast SEO plugin v27.5 - https:\/\/yoast.com\/product\/yoast-seo-wordpress\/ -->\n<title>%Abfall und Abwasser%%<\/title>\n<meta name=\"description\" content=\"InfraWatt hat erneut seinen Innovationspreis vergeben. In die Kr\u00e4nze kommen die Fernw\u00e4rme in Basel und die Kl\u00e4ranlage in St. Gallen.\" \/>\n<meta name=\"robots\" content=\"index, follow, max-snippet:-1, max-image-preview:large, max-video-preview:-1\" \/>\n<link rel=\"canonical\" href=\"https:\/\/www.organisator.ch\/de\/sustainability\/2021-06-15\/innovationspreis-fuer-basler-fernwaerme-und-st-galler-klaeranlage\/\" \/>\n<meta property=\"og:locale\" content=\"de_DE\" \/>\n<meta property=\"og:type\" content=\"article\" \/>\n<meta property=\"og:title\" content=\"%Abfall und Abwasser%%\" \/>\n<meta property=\"og:description\" content=\"InfraWatt hat erneut seinen Innovationspreis vergeben. In die Kr\u00e4nze kommen die Fernw\u00e4rme in Basel und die Kl\u00e4ranlage in St. Gallen.\" \/>\n<meta property=\"og:url\" content=\"https:\/\/www.organisator.ch\/de\/sustainability\/2021-06-15\/innovationspreis-fuer-basler-fernwaerme-und-st-galler-klaeranlage\/\" \/>\n<meta property=\"og:site_name\" content=\"Organisator\" \/>\n<meta property=\"article:publisher\" content=\"https:\/\/www.facebook.com\/OrganisatorFachmagazin\" \/>\n<meta property=\"article:published_time\" content=\"2021-06-15T06:12:18+00:00\" \/>\n<meta property=\"article:modified_time\" content=\"2022-02-09T10:06:07+00:00\" \/>\n<meta property=\"og:image\" content=\"https:\/\/www.organisator.ch\/wp-content\/uploads\/2021\/06\/kva_basel_gebaeude-1024x683.jpg\" \/>\n\t<meta property=\"og:image:width\" content=\"1024\" \/>\n\t<meta property=\"og:image:height\" content=\"683\" \/>\n\t<meta property=\"og:image:type\" content=\"image\/jpeg\" \/>\n<meta name=\"author\" content=\"roger.straessle\" \/>\n<meta name=\"twitter:card\" content=\"summary_large_image\" \/>\n<script type=\"application\/ld+json\" class=\"yoast-schema-graph\">{\"@context\":\"https:\\\/\\\/schema.org\",\"@graph\":[{\"@type\":\"Article\",\"@id\":\"https:\\\/\\\/www.organisator.ch\\\/sustainability\\\/2021-06-15\\\/innovationspreis-fuer-basler-fernwaerme-und-st-galler-klaeranlage\\\/#article\",\"isPartOf\":{\"@id\":\"https:\\\/\\\/www.organisator.ch\\\/sustainability\\\/2021-06-15\\\/innovationspreis-fuer-basler-fernwaerme-und-st-galler-klaeranlage\\\/\"},\"author\":{\"name\":\"roger.straessle\",\"@id\":\"https:\\\/\\\/www.organisator.ch\\\/#\\\/schema\\\/person\\\/a800b8c54e208b160517a7dcc323161d\"},\"headline\":\"Innovationspreis f\u00fcr Basler Fernw\u00e4rme und St. Galler Kl\u00e4ranlage\",\"datePublished\":\"2021-06-15T06:12:18+00:00\",\"dateModified\":\"2022-02-09T10:06:07+00:00\",\"mainEntityOfPage\":{\"@id\":\"https:\\\/\\\/www.organisator.ch\\\/sustainability\\\/2021-06-15\\\/innovationspreis-fuer-basler-fernwaerme-und-st-galler-klaeranlage\\\/\"},\"wordCount\":537,\"publisher\":{\"@id\":\"https:\\\/\\\/www.organisator.ch\\\/#organization\"},\"image\":{\"@id\":\"https:\\\/\\\/www.organisator.ch\\\/sustainability\\\/2021-06-15\\\/innovationspreis-fuer-basler-fernwaerme-und-st-galler-klaeranlage\\\/#primaryimage\"},\"thumbnailUrl\":\"https:\\\/\\\/www.organisator.ch\\\/wp-content\\\/uploads\\\/2021\\\/06\\\/kva_basel_gebaeude.jpg\",\"keywords\":[\"Abwasserreinigungsanlage\",\"ARA\",\"Fernw\u00e4rme\",\"Infrawatt\",\"Innovationspreis\",\"Kehrichtverwertung\",\"KVA\"],\"articleSection\":[\"SUSTAINABILITY\"],\"inLanguage\":\"de\"},{\"@type\":\"WebPage\",\"@id\":\"https:\\\/\\\/www.organisator.ch\\\/sustainability\\\/2021-06-15\\\/innovationspreis-fuer-basler-fernwaerme-und-st-galler-klaeranlage\\\/\",\"url\":\"https:\\\/\\\/www.organisator.ch\\\/sustainability\\\/2021-06-15\\\/innovationspreis-fuer-basler-fernwaerme-und-st-galler-klaeranlage\\\/\",\"name\":\"%Abfall und Abwasser%%\",\"isPartOf\":{\"@id\":\"https:\\\/\\\/www.organisator.ch\\\/#website\"},\"primaryImageOfPage\":{\"@id\":\"https:\\\/\\\/www.organisator.ch\\\/sustainability\\\/2021-06-15\\\/innovationspreis-fuer-basler-fernwaerme-und-st-galler-klaeranlage\\\/#primaryimage\"},\"image\":{\"@id\":\"https:\\\/\\\/www.organisator.ch\\\/sustainability\\\/2021-06-15\\\/innovationspreis-fuer-basler-fernwaerme-und-st-galler-klaeranlage\\\/#primaryimage\"},\"thumbnailUrl\":\"https:\\\/\\\/www.organisator.ch\\\/wp-content\\\/uploads\\\/2021\\\/06\\\/kva_basel_gebaeude.jpg\",\"datePublished\":\"2021-06-15T06:12:18+00:00\",\"dateModified\":\"2022-02-09T10:06:07+00:00\",\"description\":\"InfraWatt hat erneut seinen Innovationspreis vergeben. In die Kr\u00e4nze kommen die Fernw\u00e4rme in Basel und die Kl\u00e4ranlage in St. Gallen.\",\"breadcrumb\":{\"@id\":\"https:\\\/\\\/www.organisator.ch\\\/sustainability\\\/2021-06-15\\\/innovationspreis-fuer-basler-fernwaerme-und-st-galler-klaeranlage\\\/#breadcrumb\"},\"inLanguage\":\"de\",\"potentialAction\":[{\"@type\":\"ReadAction\",\"target\":[\"https:\\\/\\\/www.organisator.ch\\\/sustainability\\\/2021-06-15\\\/innovationspreis-fuer-basler-fernwaerme-und-st-galler-klaeranlage\\\/\"]}]},{\"@type\":\"ImageObject\",\"inLanguage\":\"de\",\"@id\":\"https:\\\/\\\/www.organisator.ch\\\/sustainability\\\/2021-06-15\\\/innovationspreis-fuer-basler-fernwaerme-und-st-galler-klaeranlage\\\/#primaryimage\",\"url\":\"https:\\\/\\\/www.organisator.ch\\\/wp-content\\\/uploads\\\/2021\\\/06\\\/kva_basel_gebaeude.jpg\",\"contentUrl\":\"https:\\\/\\\/www.organisator.ch\\\/wp-content\\\/uploads\\\/2021\\\/06\\\/kva_basel_gebaeude.jpg\",\"width\":2250,\"height\":1500,\"caption\":\"Die Kehrichtverwertungsanlage Basel. Foto: Mathias Leemann\"},{\"@type\":\"BreadcrumbList\",\"@id\":\"https:\\\/\\\/www.organisator.ch\\\/sustainability\\\/2021-06-15\\\/innovationspreis-fuer-basler-fernwaerme-und-st-galler-klaeranlage\\\/#breadcrumb\",\"itemListElement\":[{\"@type\":\"ListItem\",\"position\":1,\"name\":\"Home\",\"item\":\"https:\\\/\\\/www.organisator.ch\\\/\"},{\"@type\":\"ListItem\",\"position\":2,\"name\":\"Innovationspreis f\u00fcr Basler Fernw\u00e4rme und St. Galler Kl\u00e4ranlage\"}]},{\"@type\":\"WebSite\",\"@id\":\"https:\\\/\\\/www.organisator.ch\\\/#website\",\"url\":\"https:\\\/\\\/www.organisator.ch\\\/\",\"name\":\"Organisator\",\"description\":\"Kompetent. Praxisnah. Der ORGANISATOR bereitet in 10 Ausgaben pro Jahr die wesentlichen Themen f\u00fcr F\u00fchrungskr\u00e4fte von KMU auf.\",\"publisher\":{\"@id\":\"https:\\\/\\\/www.organisator.ch\\\/#organization\"},\"potentialAction\":[{\"@type\":\"SearchAction\",\"target\":{\"@type\":\"EntryPoint\",\"urlTemplate\":\"https:\\\/\\\/www.organisator.ch\\\/?s={search_term_string}\"},\"query-input\":{\"@type\":\"PropertyValueSpecification\",\"valueRequired\":true,\"valueName\":\"search_term_string\"}}],\"inLanguage\":\"de\"},{\"@type\":\"Organization\",\"@id\":\"https:\\\/\\\/www.organisator.ch\\\/#organization\",\"name\":\"Organisator\",\"url\":\"https:\\\/\\\/www.organisator.ch\\\/\",\"logo\":{\"@type\":\"ImageObject\",\"inLanguage\":\"de\",\"@id\":\"https:\\\/\\\/www.organisator.ch\\\/#\\\/schema\\\/logo\\\/image\\\/\",\"url\":\"https:\\\/\\\/www.organisator.ch\\\/wp-content\\\/uploads\\\/2022\\\/01\\\/Logo_Organisator_Website.png\",\"contentUrl\":\"https:\\\/\\\/www.organisator.ch\\\/wp-content\\\/uploads\\\/2022\\\/01\\\/Logo_Organisator_Website.png\",\"width\":800,\"height\":77,\"caption\":\"Organisator\"},\"image\":{\"@id\":\"https:\\\/\\\/www.organisator.ch\\\/#\\\/schema\\\/logo\\\/image\\\/\"},\"sameAs\":[\"https:\\\/\\\/www.facebook.com\\\/OrganisatorFachmagazin\",\"https:\\\/\\\/www.linkedin.com\\\/showcase\\\/organisator-das-magazin-fr-kmu\",\"https:\\\/\\\/www.xing.com\\\/news\\\/pages\\\/organisator-ch-695\",\"https:\\\/\\\/www.youtube.com\\\/channel\\\/UCGP2Sq0iWaZwT3BdIAQFYpw\"]},{\"@type\":\"Person\",\"@id\":\"https:\\\/\\\/www.organisator.ch\\\/#\\\/schema\\\/person\\\/a800b8c54e208b160517a7dcc323161d\",\"name\":\"roger.straessle\",\"image\":{\"@type\":\"ImageObject\",\"inLanguage\":\"de\",\"@id\":\"https:\\\/\\\/secure.gravatar.com\\\/avatar\\\/?s=96&d=mm&r=g\",\"url\":\"https:\\\/\\\/secure.gravatar.com\\\/avatar\\\/?s=96&d=mm&r=g\",\"contentUrl\":\"https:\\\/\\\/secure.gravatar.com\\\/avatar\\\/?s=96&d=mm&r=g\",\"caption\":\"roger.straessle\"},\"url\":\"https:\\\/\\\/www.organisator.ch\\\/de\\\/author\\\/roger-straessle\\\/\"}]}<\/script>\n<!-- \/ Yoast SEO plugin. -->","yoast_head_json":{"title":"%Abfall und Abwasser%%","description":"InfraWatt hat erneut seinen Innovationspreis vergeben. In die Kr\u00e4nze kommen die Fernw\u00e4rme in Basel und die Kl\u00e4ranlage in St. Gallen.","robots":{"index":"index","follow":"follow","max-snippet":"max-snippet:-1","max-image-preview":"max-image-preview:large","max-video-preview":"max-video-preview:-1"},"canonical":"https:\/\/www.organisator.ch\/de\/sustainability\/2021-06-15\/innovationspreis-fuer-basler-fernwaerme-und-st-galler-klaeranlage\/","og_locale":"de_DE","og_type":"article","og_title":"%Abfall und Abwasser%%","og_description":"InfraWatt hat erneut seinen Innovationspreis vergeben. In die Kr\u00e4nze kommen die Fernw\u00e4rme in Basel und die Kl\u00e4ranlage in St. Gallen.","og_url":"https:\/\/www.organisator.ch\/de\/sustainability\/2021-06-15\/innovationspreis-fuer-basler-fernwaerme-und-st-galler-klaeranlage\/","og_site_name":"Organisator","article_publisher":"https:\/\/www.facebook.com\/OrganisatorFachmagazin","article_published_time":"2021-06-15T06:12:18+00:00","article_modified_time":"2022-02-09T10:06:07+00:00","og_image":[{"width":1024,"height":683,"url":"https:\/\/www.organisator.ch\/wp-content\/uploads\/2021\/06\/kva_basel_gebaeude-1024x683.jpg","type":"image\/jpeg"}],"author":"roger.straessle","twitter_card":"summary_large_image","schema":{"@context":"https:\/\/schema.org","@graph":[{"@type":"Article","@id":"https:\/\/www.organisator.ch\/sustainability\/2021-06-15\/innovationspreis-fuer-basler-fernwaerme-und-st-galler-klaeranlage\/#article","isPartOf":{"@id":"https:\/\/www.organisator.ch\/sustainability\/2021-06-15\/innovationspreis-fuer-basler-fernwaerme-und-st-galler-klaeranlage\/"},"author":{"name":"roger.straessle","@id":"https:\/\/www.organisator.ch\/#\/schema\/person\/a800b8c54e208b160517a7dcc323161d"},"headline":"Innovationspreis f\u00fcr Basler Fernw\u00e4rme und St. Galler Kl\u00e4ranlage","datePublished":"2021-06-15T06:12:18+00:00","dateModified":"2022-02-09T10:06:07+00:00","mainEntityOfPage":{"@id":"https:\/\/www.organisator.ch\/sustainability\/2021-06-15\/innovationspreis-fuer-basler-fernwaerme-und-st-galler-klaeranlage\/"},"wordCount":537,"publisher":{"@id":"https:\/\/www.organisator.ch\/#organization"},"image":{"@id":"https:\/\/www.organisator.ch\/sustainability\/2021-06-15\/innovationspreis-fuer-basler-fernwaerme-und-st-galler-klaeranlage\/#primaryimage"},"thumbnailUrl":"https:\/\/www.organisator.ch\/wp-content\/uploads\/2021\/06\/kva_basel_gebaeude.jpg","keywords":["Abwasserreinigungsanlage","ARA","Fernw\u00e4rme","Infrawatt","Innovationspreis","Kehrichtverwertung","KVA"],"articleSection":["SUSTAINABILITY"],"inLanguage":"de"},{"@type":"WebPage","@id":"https:\/\/www.organisator.ch\/sustainability\/2021-06-15\/innovationspreis-fuer-basler-fernwaerme-und-st-galler-klaeranlage\/","url":"https:\/\/www.organisator.ch\/sustainability\/2021-06-15\/innovationspreis-fuer-basler-fernwaerme-und-st-galler-klaeranlage\/","name":"%Abfall und Abwasser%%","isPartOf":{"@id":"https:\/\/www.organisator.ch\/#website"},"primaryImageOfPage":{"@id":"https:\/\/www.organisator.ch\/sustainability\/2021-06-15\/innovationspreis-fuer-basler-fernwaerme-und-st-galler-klaeranlage\/#primaryimage"},"image":{"@id":"https:\/\/www.organisator.ch\/sustainability\/2021-06-15\/innovationspreis-fuer-basler-fernwaerme-und-st-galler-klaeranlage\/#primaryimage"},"thumbnailUrl":"https:\/\/www.organisator.ch\/wp-content\/uploads\/2021\/06\/kva_basel_gebaeude.jpg","datePublished":"2021-06-15T06:12:18+00:00","dateModified":"2022-02-09T10:06:07+00:00","description":"InfraWatt hat erneut seinen Innovationspreis vergeben. In die Kr\u00e4nze kommen die Fernw\u00e4rme in Basel und die Kl\u00e4ranlage in St. Gallen.","breadcrumb":{"@id":"https:\/\/www.organisator.ch\/sustainability\/2021-06-15\/innovationspreis-fuer-basler-fernwaerme-und-st-galler-klaeranlage\/#breadcrumb"},"inLanguage":"de","potentialAction":[{"@type":"ReadAction","target":["https:\/\/www.organisator.ch\/sustainability\/2021-06-15\/innovationspreis-fuer-basler-fernwaerme-und-st-galler-klaeranlage\/"]}]},{"@type":"ImageObject","inLanguage":"de","@id":"https:\/\/www.organisator.ch\/sustainability\/2021-06-15\/innovationspreis-fuer-basler-fernwaerme-und-st-galler-klaeranlage\/#primaryimage","url":"https:\/\/www.organisator.ch\/wp-content\/uploads\/2021\/06\/kva_basel_gebaeude.jpg","contentUrl":"https:\/\/www.organisator.ch\/wp-content\/uploads\/2021\/06\/kva_basel_gebaeude.jpg","width":2250,"height":1500,"caption":"Die Kehrichtverwertungsanlage Basel. Foto: Mathias Leemann"},{"@type":"BreadcrumbList","@id":"https:\/\/www.organisator.ch\/sustainability\/2021-06-15\/innovationspreis-fuer-basler-fernwaerme-und-st-galler-klaeranlage\/#breadcrumb","itemListElement":[{"@type":"ListItem","position":1,"name":"Home","item":"https:\/\/www.organisator.ch\/"},{"@type":"ListItem","position":2,"name":"Innovationspreis f\u00fcr Basler Fernw\u00e4rme und St. Galler Kl\u00e4ranlage"}]},{"@type":"WebSite","@id":"https:\/\/www.organisator.ch\/#website","url":"https:\/\/www.organisator.ch\/","name":"Organisator","description":"Kompetent. Praxisnah. Der ORGANISATOR bereitet in 10 Ausgaben pro Jahr die wesentlichen Themen f\u00fcr F\u00fchrungskr\u00e4fte von KMU auf.","publisher":{"@id":"https:\/\/www.organisator.ch\/#organization"},"potentialAction":[{"@type":"SearchAction","target":{"@type":"EntryPoint","urlTemplate":"https:\/\/www.organisator.ch\/?s={search_term_string}"},"query-input":{"@type":"PropertyValueSpecification","valueRequired":true,"valueName":"search_term_string"}}],"inLanguage":"de"},{"@type":"Organization","@id":"https:\/\/www.organisator.ch\/#organization","name":"Organisator","url":"https:\/\/www.organisator.ch\/","logo":{"@type":"ImageObject","inLanguage":"de","@id":"https:\/\/www.organisator.ch\/#\/schema\/logo\/image\/","url":"https:\/\/www.organisator.ch\/wp-content\/uploads\/2022\/01\/Logo_Organisator_Website.png","contentUrl":"https:\/\/www.organisator.ch\/wp-content\/uploads\/2022\/01\/Logo_Organisator_Website.png","width":800,"height":77,"caption":"Organisator"},"image":{"@id":"https:\/\/www.organisator.ch\/#\/schema\/logo\/image\/"},"sameAs":["https:\/\/www.facebook.com\/OrganisatorFachmagazin","https:\/\/www.linkedin.com\/showcase\/organisator-das-magazin-fr-kmu","https:\/\/www.xing.com\/news\/pages\/organisator-ch-695","https:\/\/www.youtube.com\/channel\/UCGP2Sq0iWaZwT3BdIAQFYpw"]},{"@type":"Person","@id":"https:\/\/www.organisator.ch\/#\/schema\/person\/a800b8c54e208b160517a7dcc323161d","name":"roger.straessle","image":{"@type":"ImageObject","inLanguage":"de","@id":"https:\/\/secure.gravatar.com\/avatar\/?s=96&d=mm&r=g","url":"https:\/\/secure.gravatar.com\/avatar\/?s=96&d=mm&r=g","contentUrl":"https:\/\/secure.gravatar.com\/avatar\/?s=96&d=mm&r=g","caption":"roger.straessle"},"url":"https:\/\/www.organisator.ch\/de\/author\/roger-straessle\/"}]}},"_links":{"self":[{"href":"https:\/\/www.organisator.ch\/de\/wp-json\/wp\/v2\/posts\/10290","targetHints":{"allow":["GET"]}}],"collection":[{"href":"https:\/\/www.organisator.ch\/de\/wp-json\/wp\/v2\/posts"}],"about":[{"href":"https:\/\/www.organisator.ch\/de\/wp-json\/wp\/v2\/types\/post"}],"author":[{"embeddable":true,"href":"https:\/\/www.organisator.ch\/de\/wp-json\/wp\/v2\/users\/6"}],"replies":[{"embeddable":true,"href":"https:\/\/www.organisator.ch\/de\/wp-json\/wp\/v2\/comments?post=10290"}],"version-history":[{"count":1,"href":"https:\/\/www.organisator.ch\/de\/wp-json\/wp\/v2\/posts\/10290\/revisions"}],"predecessor-version":[{"id":10476,"href":"https:\/\/www.organisator.ch\/de\/wp-json\/wp\/v2\/posts\/10290\/revisions\/10476"}],"wp:featuredmedia":[{"embeddable":true,"href":"https:\/\/www.organisator.ch\/de\/wp-json\/wp\/v2\/media\/9805"}],"wp:attachment":[{"href":"https:\/\/www.organisator.ch\/de\/wp-json\/wp\/v2\/media?parent=10290"}],"wp:term":[{"taxonomy":"category","embeddable":true,"href":"https:\/\/www.organisator.ch\/de\/wp-json\/wp\/v2\/categories?post=10290"},{"taxonomy":"post_tag","embeddable":true,"href":"https:\/\/www.organisator.ch\/de\/wp-json\/wp\/v2\/tags?post=10290"}],"curies":[{"name":"wp","href":"https:\/\/api.w.org\/{rel}","templated":true}]}}