{"id":10293,"date":"2021-06-18T09:02:55","date_gmt":"2021-06-18T07:02:55","guid":{"rendered":"https:\/\/www.umweltperspektiven.ch\/?p=4406"},"modified":"2022-02-09T11:06:07","modified_gmt":"2022-02-09T10:06:07","slug":"beim-kraftwerk-augst-will-man-wasserstoff-produzieren","status":"publish","type":"post","link":"https:\/\/www.organisator.ch\/de\/sustainability\/2021-06-18\/beim-kraftwerk-augst-will-man-wasserstoff-produzieren\/","title":{"rendered":"Beim Kraftwerk Augst will man Wasserstoff produzieren"},"content":{"rendered":"<figure id=\"attachment_4407\" aria-describedby=\"caption-attachment-4407\" style=\"width: 680px\" class=\"wp-caption aligncenter\"><img loading=\"lazy\" decoding=\"async\" class=\"size-medium wp-image-4407\" src=\"\/\/www.umweltperspektiven.ch\/wp-content\/uploads\/2021\/06\/Beim_Kraftwerk_Augst_soll_klimafreundlicher_Wasserstoff_produziert_werden_Quelle_AEW_Energie_AG.jpg\" alt=\"Wasserstoff\" width=\"680\" height=\"452\" \/><figcaption id=\"caption-attachment-4407\" class=\"wp-caption-text\">Blick auf das Kraftwerk Augst. \u00a9 AEW Energie AG<\/figcaption><\/figure>\n<p>Die AEW Energie AG (AEW), die Kraftwerk Augst AG (KWA), das Energieunternehmen IWB und die Fritz Meyer AG (FMAG)\u00a0wollen mit der Produktion von erneuerbarem Wasserstoff einen Beitrag zur Energie- und Klimastrategie des Bundes leisten. Die Unternehmen pr\u00fcfen deshalb den Bau eines Elektrolyseurs zur Produktion von Wasserstoff mit erneuerbarem Strom aus dem Kraftwerk Augst. Dieser soll \u00fcber das Tankstellennetz der FMAG verteilt werden. So die Pl\u00e4ne der Projektpartner.<\/p>\n<p>Abnehmer des Wasserstoffs seien insbesondere Transportunternehmen, die ihre LKW-Flotte auf Wasserstofffahrzeuge umr\u00fcsten, heisst es in der AEW-Medienmitteilung. Damit trage das Vorhaben direkt zur Dekarbonisierung des Verkehrs bei. Zudem werde lokale Wertsch\u00f6pfung in der Schweiz generiert und der Import von fossilen Brennstoffen aus dem Ausland vermindert. Die Abw\u00e4rme der Produktionsanlage k\u00f6nnte als klimafreundliche Heizenergie f\u00fcr benachbarte Wohnungen genutzt werden.<\/p>\n<h2><strong>Machbarkeits- und Variantenstudie durchgef\u00fchrt<\/strong><\/h2>\n<p>Die Partner haben eine Machbarkeits- und Variantenstudie durchgef\u00fchrt. Die bevorzugte Variante sieht laut Information eine Produktionsanlage von 2,5 Megawatt Leistung im Maschinenhaus des Kraftwerks vor. Von aussen werde die Anlage nicht wahrnehmbar sein. Lediglich die Abf\u00fcllanlage auf dem Vorplatz des Kraftwerks sei sichtbar, so die Bauherren. Der Abtransport erfolge \u00fcber die Kraftwerksstrasse mittels zwei bis drei LKW-Fahrten pro Tag. Die Parteien seien momentan in Vorgespr\u00e4chen mit den Beh\u00f6rden zur Kl\u00e4rung der Zonenkonformit\u00e4t. Anschliessend werde die Detailplanung in Angriff genommen und das Baugesuch eingereicht, wird ferner mitgeteilt.<\/p>\n<h2><strong>Wasserstoffmobilit\u00e4t als Teil der Elektromobilit\u00e4t <\/strong><\/h2>\n<p>Elektrofahrzeuge haben Zukunft, denn sie sind klimafreundlicher als Fahrzeuge mit Verbrennungsmotor. Bei PKWs w\u00fcrden Elektrofahrzeuge klassische Verbrenner mittelfristig abl\u00f6sen, sind die Projektpartner \u00fcberzeugt. Nicht so im G\u00fctertransport: Hier st\u00fcnden dem noch lange Ladezeiten und das hohe Gewicht der Batterien im Weg, welche die Nutzlast reduzierten. Damit komme der Wasserstoffmobilit\u00e4t \u2013 mit gr\u00fcnem Wasserstoff aus erneuerbaren Energiequellen wie beispielsweise aus Augst \u2013 insbesondere bei Lastfahrzeugen mit hoher Auslastung sowie f\u00fcr den Einsatz bei Bussen eine grosse Bedeutung zu. Einige Kilogramm Wasserstoff w\u00fcrden so innert Minuten getankt Reichweiten von mehreren hundert Kilometern erm\u00f6glichen. Die Technologie sei erprobt \u2013 bislang fehle es jedoch an der Infrastruktur f\u00fcr die Produktion und Verteilung von umweltfreundlichem Wasserstoff, schreibt die AEW abschliessend in ihrer Medienmitteilung.<\/p>\n<p><em>Quelle: AEW Energie AG<\/em><\/p>\n<p>&nbsp;<\/p>\n<p><em><strong>Weitere Artikel zum Thema:<\/strong><\/em><\/p>\n<p><em><a href=\"\/\/www.umweltperspektiven.ch\/wer-mit-h2-faehrt-spart-mineraloelsteuer-und-lsva\/\">Wer mit H2 f\u00e4hrt, spart Mineral\u00f6lsteuer und LSVA<\/a><\/em><\/p>\n<p><em><a href=\"\/\/www.umweltperspektiven.ch\/gruener-wasserstoff-wird-2030-wettbewerbsfaehig\/\">Gr\u00fcner Wasserstoff wird 2030 wettbewerbsf\u00e4hig<\/a><\/em><\/p>\n","protected":false},"excerpt":{"rendered":"<p>Die AEW Energie AG (AEW), die Kraftwerk Augst AG (KWA), das Energieunternehmen IWB und die Fritz Meyer AG (FMAG)\u00a0wollen mit der Produktion von erneuerbarem Wasserstoff einen Beitrag zur Energie- und Klimastrategie des Bundes leisten. Die Unternehmen pr\u00fcfen deshalb den Bau eines Elektrolyseurs zur Produktion von Wasserstoff mit erneuerbarem Strom aus dem Kraftwerk Augst. Dieser soll [&hellip;]<\/p>\n","protected":false},"author":6,"featured_media":4407,"comment_status":"closed","ping_status":"closed","sticky":false,"template":"","format":"standard","meta":{"_acf_changed":false,"_yoast_wpseo_focuskw":"Wasserstoff","_yoast_wpseo_metadesc":"Verschiedene Unternehmen wollen beim Kraftwerk Augst erneuerbaren Wasserstoff produzieren. Sie haben eine Machbarkeits- und Variantenstudie durchgef\u00fchrt.","articlekey":"","footnotes":""},"categories":[580],"tags":[678,1563,2524],"class_list":["post-10293","post","type-post","status-publish","format-standard","has-post-thumbnail","hentry","category-sustainability","tag-aew-energie-ag","tag-kraftwerk-augst","tag-wasserstoff"],"acf":[],"yoast_head":"<!-- This site is optimized with the Yoast SEO plugin v27.5 - https:\/\/yoast.com\/product\/yoast-seo-wordpress\/ -->\n<title>Beim Kraftwerk Augst will man Wasserstoff produzieren - Organisator<\/title>\n<meta name=\"description\" content=\"Verschiedene Unternehmen wollen beim Kraftwerk Augst erneuerbaren Wasserstoff produzieren. Sie haben eine Machbarkeits- und Variantenstudie durchgef\u00fchrt.\" \/>\n<meta name=\"robots\" content=\"index, follow, max-snippet:-1, max-image-preview:large, max-video-preview:-1\" \/>\n<link rel=\"canonical\" href=\"https:\/\/www.organisator.ch\/de\/sustainability\/2021-06-18\/beim-kraftwerk-augst-will-man-wasserstoff-produzieren\/\" \/>\n<meta property=\"og:locale\" content=\"de_DE\" \/>\n<meta property=\"og:type\" content=\"article\" \/>\n<meta property=\"og:title\" content=\"Beim Kraftwerk Augst will man Wasserstoff produzieren - Organisator\" \/>\n<meta property=\"og:description\" content=\"Verschiedene Unternehmen wollen beim Kraftwerk Augst erneuerbaren Wasserstoff produzieren. Sie haben eine Machbarkeits- und Variantenstudie durchgef\u00fchrt.\" \/>\n<meta property=\"og:url\" content=\"https:\/\/www.organisator.ch\/de\/sustainability\/2021-06-18\/beim-kraftwerk-augst-will-man-wasserstoff-produzieren\/\" \/>\n<meta property=\"og:site_name\" content=\"Organisator\" \/>\n<meta property=\"article:publisher\" content=\"https:\/\/www.facebook.com\/OrganisatorFachmagazin\" \/>\n<meta property=\"article:published_time\" content=\"2021-06-18T07:02:55+00:00\" \/>\n<meta property=\"article:modified_time\" content=\"2022-02-09T10:06:07+00:00\" \/>\n<meta property=\"og:image\" content=\"https:\/\/www.organisator.ch\/wp-content\/uploads\/2021\/06\/Beim_Kraftwerk_Augst_soll_klimafreundlicher_Wasserstoff_produziert_werden_Quelle_AEW_Energie_AG-scaled.jpg\" \/>\n\t<meta property=\"og:image:width\" content=\"2560\" \/>\n\t<meta property=\"og:image:height\" content=\"1700\" \/>\n\t<meta property=\"og:image:type\" content=\"image\/jpeg\" \/>\n<meta name=\"author\" content=\"roger.straessle\" \/>\n<meta name=\"twitter:card\" content=\"summary_large_image\" \/>\n<script type=\"application\/ld+json\" class=\"yoast-schema-graph\">{\"@context\":\"https:\\\/\\\/schema.org\",\"@graph\":[{\"@type\":\"Article\",\"@id\":\"https:\\\/\\\/www.organisator.ch\\\/sustainability\\\/2021-06-18\\\/beim-kraftwerk-augst-will-man-wasserstoff-produzieren\\\/#article\",\"isPartOf\":{\"@id\":\"https:\\\/\\\/www.organisator.ch\\\/sustainability\\\/2021-06-18\\\/beim-kraftwerk-augst-will-man-wasserstoff-produzieren\\\/\"},\"author\":{\"name\":\"roger.straessle\",\"@id\":\"https:\\\/\\\/www.organisator.ch\\\/#\\\/schema\\\/person\\\/a800b8c54e208b160517a7dcc323161d\"},\"headline\":\"Beim Kraftwerk Augst will man Wasserstoff produzieren\",\"datePublished\":\"2021-06-18T07:02:55+00:00\",\"dateModified\":\"2022-02-09T10:06:07+00:00\",\"mainEntityOfPage\":{\"@id\":\"https:\\\/\\\/www.organisator.ch\\\/sustainability\\\/2021-06-18\\\/beim-kraftwerk-augst-will-man-wasserstoff-produzieren\\\/\"},\"wordCount\":408,\"publisher\":{\"@id\":\"https:\\\/\\\/www.organisator.ch\\\/#organization\"},\"image\":{\"@id\":\"https:\\\/\\\/www.organisator.ch\\\/sustainability\\\/2021-06-18\\\/beim-kraftwerk-augst-will-man-wasserstoff-produzieren\\\/#primaryimage\"},\"thumbnailUrl\":\"https:\\\/\\\/www.organisator.ch\\\/wp-content\\\/uploads\\\/2021\\\/06\\\/Beim_Kraftwerk_Augst_soll_klimafreundlicher_Wasserstoff_produziert_werden_Quelle_AEW_Energie_AG-scaled.jpg\",\"keywords\":[\"AEW Energie AG\",\"Kraftwerk Augst\",\"Wasserstoff\"],\"articleSection\":[\"SUSTAINABILITY\"],\"inLanguage\":\"de\"},{\"@type\":\"WebPage\",\"@id\":\"https:\\\/\\\/www.organisator.ch\\\/sustainability\\\/2021-06-18\\\/beim-kraftwerk-augst-will-man-wasserstoff-produzieren\\\/\",\"url\":\"https:\\\/\\\/www.organisator.ch\\\/sustainability\\\/2021-06-18\\\/beim-kraftwerk-augst-will-man-wasserstoff-produzieren\\\/\",\"name\":\"Beim Kraftwerk Augst will man Wasserstoff produzieren - Organisator\",\"isPartOf\":{\"@id\":\"https:\\\/\\\/www.organisator.ch\\\/#website\"},\"primaryImageOfPage\":{\"@id\":\"https:\\\/\\\/www.organisator.ch\\\/sustainability\\\/2021-06-18\\\/beim-kraftwerk-augst-will-man-wasserstoff-produzieren\\\/#primaryimage\"},\"image\":{\"@id\":\"https:\\\/\\\/www.organisator.ch\\\/sustainability\\\/2021-06-18\\\/beim-kraftwerk-augst-will-man-wasserstoff-produzieren\\\/#primaryimage\"},\"thumbnailUrl\":\"https:\\\/\\\/www.organisator.ch\\\/wp-content\\\/uploads\\\/2021\\\/06\\\/Beim_Kraftwerk_Augst_soll_klimafreundlicher_Wasserstoff_produziert_werden_Quelle_AEW_Energie_AG-scaled.jpg\",\"datePublished\":\"2021-06-18T07:02:55+00:00\",\"dateModified\":\"2022-02-09T10:06:07+00:00\",\"description\":\"Verschiedene Unternehmen wollen beim Kraftwerk Augst erneuerbaren Wasserstoff produzieren. Sie haben eine Machbarkeits- und Variantenstudie durchgef\u00fchrt.\",\"breadcrumb\":{\"@id\":\"https:\\\/\\\/www.organisator.ch\\\/sustainability\\\/2021-06-18\\\/beim-kraftwerk-augst-will-man-wasserstoff-produzieren\\\/#breadcrumb\"},\"inLanguage\":\"de\",\"potentialAction\":[{\"@type\":\"ReadAction\",\"target\":[\"https:\\\/\\\/www.organisator.ch\\\/sustainability\\\/2021-06-18\\\/beim-kraftwerk-augst-will-man-wasserstoff-produzieren\\\/\"]}]},{\"@type\":\"ImageObject\",\"inLanguage\":\"de\",\"@id\":\"https:\\\/\\\/www.organisator.ch\\\/sustainability\\\/2021-06-18\\\/beim-kraftwerk-augst-will-man-wasserstoff-produzieren\\\/#primaryimage\",\"url\":\"https:\\\/\\\/www.organisator.ch\\\/wp-content\\\/uploads\\\/2021\\\/06\\\/Beim_Kraftwerk_Augst_soll_klimafreundlicher_Wasserstoff_produziert_werden_Quelle_AEW_Energie_AG-scaled.jpg\",\"contentUrl\":\"https:\\\/\\\/www.organisator.ch\\\/wp-content\\\/uploads\\\/2021\\\/06\\\/Beim_Kraftwerk_Augst_soll_klimafreundlicher_Wasserstoff_produziert_werden_Quelle_AEW_Energie_AG-scaled.jpg\",\"width\":2560,\"height\":1700,\"caption\":\"Blick auf das Kraftwerk Augst. \u00a9 AEW Energie AG\"},{\"@type\":\"BreadcrumbList\",\"@id\":\"https:\\\/\\\/www.organisator.ch\\\/sustainability\\\/2021-06-18\\\/beim-kraftwerk-augst-will-man-wasserstoff-produzieren\\\/#breadcrumb\",\"itemListElement\":[{\"@type\":\"ListItem\",\"position\":1,\"name\":\"Home\",\"item\":\"https:\\\/\\\/www.organisator.ch\\\/\"},{\"@type\":\"ListItem\",\"position\":2,\"name\":\"Beim Kraftwerk Augst will man Wasserstoff produzieren\"}]},{\"@type\":\"WebSite\",\"@id\":\"https:\\\/\\\/www.organisator.ch\\\/#website\",\"url\":\"https:\\\/\\\/www.organisator.ch\\\/\",\"name\":\"Organisator\",\"description\":\"Kompetent. Praxisnah. Der ORGANISATOR bereitet in 10 Ausgaben pro Jahr die wesentlichen Themen f\u00fcr F\u00fchrungskr\u00e4fte von KMU auf.\",\"publisher\":{\"@id\":\"https:\\\/\\\/www.organisator.ch\\\/#organization\"},\"potentialAction\":[{\"@type\":\"SearchAction\",\"target\":{\"@type\":\"EntryPoint\",\"urlTemplate\":\"https:\\\/\\\/www.organisator.ch\\\/?s={search_term_string}\"},\"query-input\":{\"@type\":\"PropertyValueSpecification\",\"valueRequired\":true,\"valueName\":\"search_term_string\"}}],\"inLanguage\":\"de\"},{\"@type\":\"Organization\",\"@id\":\"https:\\\/\\\/www.organisator.ch\\\/#organization\",\"name\":\"Organisator\",\"url\":\"https:\\\/\\\/www.organisator.ch\\\/\",\"logo\":{\"@type\":\"ImageObject\",\"inLanguage\":\"de\",\"@id\":\"https:\\\/\\\/www.organisator.ch\\\/#\\\/schema\\\/logo\\\/image\\\/\",\"url\":\"https:\\\/\\\/www.organisator.ch\\\/wp-content\\\/uploads\\\/2022\\\/01\\\/Logo_Organisator_Website.png\",\"contentUrl\":\"https:\\\/\\\/www.organisator.ch\\\/wp-content\\\/uploads\\\/2022\\\/01\\\/Logo_Organisator_Website.png\",\"width\":800,\"height\":77,\"caption\":\"Organisator\"},\"image\":{\"@id\":\"https:\\\/\\\/www.organisator.ch\\\/#\\\/schema\\\/logo\\\/image\\\/\"},\"sameAs\":[\"https:\\\/\\\/www.facebook.com\\\/OrganisatorFachmagazin\",\"https:\\\/\\\/www.linkedin.com\\\/showcase\\\/organisator-das-magazin-fr-kmu\",\"https:\\\/\\\/www.xing.com\\\/news\\\/pages\\\/organisator-ch-695\",\"https:\\\/\\\/www.youtube.com\\\/channel\\\/UCGP2Sq0iWaZwT3BdIAQFYpw\"]},{\"@type\":\"Person\",\"@id\":\"https:\\\/\\\/www.organisator.ch\\\/#\\\/schema\\\/person\\\/a800b8c54e208b160517a7dcc323161d\",\"name\":\"roger.straessle\",\"image\":{\"@type\":\"ImageObject\",\"inLanguage\":\"de\",\"@id\":\"https:\\\/\\\/secure.gravatar.com\\\/avatar\\\/?s=96&d=mm&r=g\",\"url\":\"https:\\\/\\\/secure.gravatar.com\\\/avatar\\\/?s=96&d=mm&r=g\",\"contentUrl\":\"https:\\\/\\\/secure.gravatar.com\\\/avatar\\\/?s=96&d=mm&r=g\",\"caption\":\"roger.straessle\"},\"url\":\"https:\\\/\\\/www.organisator.ch\\\/de\\\/author\\\/roger-straessle\\\/\"}]}<\/script>\n<!-- \/ Yoast SEO plugin. -->","yoast_head_json":{"title":"Beim Kraftwerk Augst will man Wasserstoff produzieren - Organisator","description":"Verschiedene Unternehmen wollen beim Kraftwerk Augst erneuerbaren Wasserstoff produzieren. Sie haben eine Machbarkeits- und Variantenstudie durchgef\u00fchrt.","robots":{"index":"index","follow":"follow","max-snippet":"max-snippet:-1","max-image-preview":"max-image-preview:large","max-video-preview":"max-video-preview:-1"},"canonical":"https:\/\/www.organisator.ch\/de\/sustainability\/2021-06-18\/beim-kraftwerk-augst-will-man-wasserstoff-produzieren\/","og_locale":"de_DE","og_type":"article","og_title":"Beim Kraftwerk Augst will man Wasserstoff produzieren - Organisator","og_description":"Verschiedene Unternehmen wollen beim Kraftwerk Augst erneuerbaren Wasserstoff produzieren. Sie haben eine Machbarkeits- und Variantenstudie durchgef\u00fchrt.","og_url":"https:\/\/www.organisator.ch\/de\/sustainability\/2021-06-18\/beim-kraftwerk-augst-will-man-wasserstoff-produzieren\/","og_site_name":"Organisator","article_publisher":"https:\/\/www.facebook.com\/OrganisatorFachmagazin","article_published_time":"2021-06-18T07:02:55+00:00","article_modified_time":"2022-02-09T10:06:07+00:00","og_image":[{"width":2560,"height":1700,"url":"https:\/\/www.organisator.ch\/wp-content\/uploads\/2021\/06\/Beim_Kraftwerk_Augst_soll_klimafreundlicher_Wasserstoff_produziert_werden_Quelle_AEW_Energie_AG-scaled.jpg","type":"image\/jpeg"}],"author":"roger.straessle","twitter_card":"summary_large_image","schema":{"@context":"https:\/\/schema.org","@graph":[{"@type":"Article","@id":"https:\/\/www.organisator.ch\/sustainability\/2021-06-18\/beim-kraftwerk-augst-will-man-wasserstoff-produzieren\/#article","isPartOf":{"@id":"https:\/\/www.organisator.ch\/sustainability\/2021-06-18\/beim-kraftwerk-augst-will-man-wasserstoff-produzieren\/"},"author":{"name":"roger.straessle","@id":"https:\/\/www.organisator.ch\/#\/schema\/person\/a800b8c54e208b160517a7dcc323161d"},"headline":"Beim Kraftwerk Augst will man Wasserstoff produzieren","datePublished":"2021-06-18T07:02:55+00:00","dateModified":"2022-02-09T10:06:07+00:00","mainEntityOfPage":{"@id":"https:\/\/www.organisator.ch\/sustainability\/2021-06-18\/beim-kraftwerk-augst-will-man-wasserstoff-produzieren\/"},"wordCount":408,"publisher":{"@id":"https:\/\/www.organisator.ch\/#organization"},"image":{"@id":"https:\/\/www.organisator.ch\/sustainability\/2021-06-18\/beim-kraftwerk-augst-will-man-wasserstoff-produzieren\/#primaryimage"},"thumbnailUrl":"https:\/\/www.organisator.ch\/wp-content\/uploads\/2021\/06\/Beim_Kraftwerk_Augst_soll_klimafreundlicher_Wasserstoff_produziert_werden_Quelle_AEW_Energie_AG-scaled.jpg","keywords":["AEW Energie AG","Kraftwerk Augst","Wasserstoff"],"articleSection":["SUSTAINABILITY"],"inLanguage":"de"},{"@type":"WebPage","@id":"https:\/\/www.organisator.ch\/sustainability\/2021-06-18\/beim-kraftwerk-augst-will-man-wasserstoff-produzieren\/","url":"https:\/\/www.organisator.ch\/sustainability\/2021-06-18\/beim-kraftwerk-augst-will-man-wasserstoff-produzieren\/","name":"Beim Kraftwerk Augst will man Wasserstoff produzieren - Organisator","isPartOf":{"@id":"https:\/\/www.organisator.ch\/#website"},"primaryImageOfPage":{"@id":"https:\/\/www.organisator.ch\/sustainability\/2021-06-18\/beim-kraftwerk-augst-will-man-wasserstoff-produzieren\/#primaryimage"},"image":{"@id":"https:\/\/www.organisator.ch\/sustainability\/2021-06-18\/beim-kraftwerk-augst-will-man-wasserstoff-produzieren\/#primaryimage"},"thumbnailUrl":"https:\/\/www.organisator.ch\/wp-content\/uploads\/2021\/06\/Beim_Kraftwerk_Augst_soll_klimafreundlicher_Wasserstoff_produziert_werden_Quelle_AEW_Energie_AG-scaled.jpg","datePublished":"2021-06-18T07:02:55+00:00","dateModified":"2022-02-09T10:06:07+00:00","description":"Verschiedene Unternehmen wollen beim Kraftwerk Augst erneuerbaren Wasserstoff produzieren. Sie haben eine Machbarkeits- und Variantenstudie durchgef\u00fchrt.","breadcrumb":{"@id":"https:\/\/www.organisator.ch\/sustainability\/2021-06-18\/beim-kraftwerk-augst-will-man-wasserstoff-produzieren\/#breadcrumb"},"inLanguage":"de","potentialAction":[{"@type":"ReadAction","target":["https:\/\/www.organisator.ch\/sustainability\/2021-06-18\/beim-kraftwerk-augst-will-man-wasserstoff-produzieren\/"]}]},{"@type":"ImageObject","inLanguage":"de","@id":"https:\/\/www.organisator.ch\/sustainability\/2021-06-18\/beim-kraftwerk-augst-will-man-wasserstoff-produzieren\/#primaryimage","url":"https:\/\/www.organisator.ch\/wp-content\/uploads\/2021\/06\/Beim_Kraftwerk_Augst_soll_klimafreundlicher_Wasserstoff_produziert_werden_Quelle_AEW_Energie_AG-scaled.jpg","contentUrl":"https:\/\/www.organisator.ch\/wp-content\/uploads\/2021\/06\/Beim_Kraftwerk_Augst_soll_klimafreundlicher_Wasserstoff_produziert_werden_Quelle_AEW_Energie_AG-scaled.jpg","width":2560,"height":1700,"caption":"Blick auf das Kraftwerk Augst. \u00a9 AEW Energie AG"},{"@type":"BreadcrumbList","@id":"https:\/\/www.organisator.ch\/sustainability\/2021-06-18\/beim-kraftwerk-augst-will-man-wasserstoff-produzieren\/#breadcrumb","itemListElement":[{"@type":"ListItem","position":1,"name":"Home","item":"https:\/\/www.organisator.ch\/"},{"@type":"ListItem","position":2,"name":"Beim Kraftwerk Augst will man Wasserstoff produzieren"}]},{"@type":"WebSite","@id":"https:\/\/www.organisator.ch\/#website","url":"https:\/\/www.organisator.ch\/","name":"Organisator","description":"Kompetent. Praxisnah. Der ORGANISATOR bereitet in 10 Ausgaben pro Jahr die wesentlichen Themen f\u00fcr F\u00fchrungskr\u00e4fte von KMU auf.","publisher":{"@id":"https:\/\/www.organisator.ch\/#organization"},"potentialAction":[{"@type":"SearchAction","target":{"@type":"EntryPoint","urlTemplate":"https:\/\/www.organisator.ch\/?s={search_term_string}"},"query-input":{"@type":"PropertyValueSpecification","valueRequired":true,"valueName":"search_term_string"}}],"inLanguage":"de"},{"@type":"Organization","@id":"https:\/\/www.organisator.ch\/#organization","name":"Organisator","url":"https:\/\/www.organisator.ch\/","logo":{"@type":"ImageObject","inLanguage":"de","@id":"https:\/\/www.organisator.ch\/#\/schema\/logo\/image\/","url":"https:\/\/www.organisator.ch\/wp-content\/uploads\/2022\/01\/Logo_Organisator_Website.png","contentUrl":"https:\/\/www.organisator.ch\/wp-content\/uploads\/2022\/01\/Logo_Organisator_Website.png","width":800,"height":77,"caption":"Organisator"},"image":{"@id":"https:\/\/www.organisator.ch\/#\/schema\/logo\/image\/"},"sameAs":["https:\/\/www.facebook.com\/OrganisatorFachmagazin","https:\/\/www.linkedin.com\/showcase\/organisator-das-magazin-fr-kmu","https:\/\/www.xing.com\/news\/pages\/organisator-ch-695","https:\/\/www.youtube.com\/channel\/UCGP2Sq0iWaZwT3BdIAQFYpw"]},{"@type":"Person","@id":"https:\/\/www.organisator.ch\/#\/schema\/person\/a800b8c54e208b160517a7dcc323161d","name":"roger.straessle","image":{"@type":"ImageObject","inLanguage":"de","@id":"https:\/\/secure.gravatar.com\/avatar\/?s=96&d=mm&r=g","url":"https:\/\/secure.gravatar.com\/avatar\/?s=96&d=mm&r=g","contentUrl":"https:\/\/secure.gravatar.com\/avatar\/?s=96&d=mm&r=g","caption":"roger.straessle"},"url":"https:\/\/www.organisator.ch\/de\/author\/roger-straessle\/"}]}},"_links":{"self":[{"href":"https:\/\/www.organisator.ch\/de\/wp-json\/wp\/v2\/posts\/10293","targetHints":{"allow":["GET"]}}],"collection":[{"href":"https:\/\/www.organisator.ch\/de\/wp-json\/wp\/v2\/posts"}],"about":[{"href":"https:\/\/www.organisator.ch\/de\/wp-json\/wp\/v2\/types\/post"}],"author":[{"embeddable":true,"href":"https:\/\/www.organisator.ch\/de\/wp-json\/wp\/v2\/users\/6"}],"replies":[{"embeddable":true,"href":"https:\/\/www.organisator.ch\/de\/wp-json\/wp\/v2\/comments?post=10293"}],"version-history":[{"count":1,"href":"https:\/\/www.organisator.ch\/de\/wp-json\/wp\/v2\/posts\/10293\/revisions"}],"predecessor-version":[{"id":10474,"href":"https:\/\/www.organisator.ch\/de\/wp-json\/wp\/v2\/posts\/10293\/revisions\/10474"}],"wp:featuredmedia":[{"embeddable":true,"href":"https:\/\/www.organisator.ch\/de\/wp-json\/wp\/v2\/media\/4407"}],"wp:attachment":[{"href":"https:\/\/www.organisator.ch\/de\/wp-json\/wp\/v2\/media?parent=10293"}],"wp:term":[{"taxonomy":"category","embeddable":true,"href":"https:\/\/www.organisator.ch\/de\/wp-json\/wp\/v2\/categories?post=10293"},{"taxonomy":"post_tag","embeddable":true,"href":"https:\/\/www.organisator.ch\/de\/wp-json\/wp\/v2\/tags?post=10293"}],"curies":[{"name":"wp","href":"https:\/\/api.w.org\/{rel}","templated":true}]}}