{"id":10294,"date":"2021-06-19T08:00:20","date_gmt":"2021-06-19T06:00:20","guid":{"rendered":"https:\/\/www.umweltperspektiven.ch\/?p=4414"},"modified":"2022-02-09T11:06:07","modified_gmt":"2022-02-09T10:06:07","slug":"erneuerbare-energien-bund-schlaegt-strompfloecke-ein","status":"publish","type":"post","link":"https:\/\/www.organisator.ch\/de\/sustainability\/2021-06-19\/erneuerbare-energien-bund-schlaegt-strompfloecke-ein\/","title":{"rendered":"Sichere Stromversorgung mit erneuerbaren Energien"},"content":{"rendered":"<figure id=\"attachment_4416\" aria-describedby=\"caption-attachment-4416\" style=\"width: 680px\" class=\"wp-caption aligncenter\"><img loading=\"lazy\" decoding=\"async\" class=\"wp-image-4416 size-medium\" src=\"\/\/www.umweltperspektiven.ch\/wp-content\/uploads\/2021\/06\/Strom-1.jpg\" alt=\"Stromversorgungssicherheit, erneuerbare Energien\" width=\"680\" height=\"406\" \/><figcaption id=\"caption-attachment-4416\" class=\"wp-caption-text\">Foto: R. Str\u00e4ssle<\/figcaption><\/figure>\n<p>&nbsp;<\/p>\n<p style=\"background: white; margin: 0cm 0cm 16.3pt 0cm;\"><span style=\"font-size: 13.0pt; font-family: 'Helvetica','sans-serif'; color: #454545;\">Um die Ziele der Energiestrategie 2050 und der langfristigen Klimastrategie der Schweiz zu erreichen, braucht es eine umfassende Elektrifizierung im Verkehrs- und W\u00e4rmesektor. Dazu muss die inl\u00e4ndische Stromerzeugung aus erneuerbaren Energien rasch und konsequent ausgebaut werden. Die Netz- und Stromversorgungssicherheit muss zudem mit weiteren spezifischen Massnahmen gest\u00e4rkt werden. Mit dem Bundesgesetz \u00fcber eine sichere Stromversorgung mit erneuerbaren Energien schl\u00e4gt der Bundesrat die daf\u00fcr notwendigen \u00c4nderungen im Energiegesetz und im Stromversorgungsgesetz vor. Er schafft damit einen gesetzlichen Rahmen, der Planungssicherheit gibt und Investitionsanreize zum Ausbau der erneuerbaren Stromproduktion und zu deren Integration in den Markt.<\/span><\/p>\n<h2 style=\"background: white; box-sizing: border-box; font-variant-ligatures: normal; font-variant-caps: normal; orphans: 2; text-align: start; widows: 2; -webkit-text-stroke-width: 0px; text-decoration-thickness: initial; text-decoration-style: initial; text-decoration-color: initial; word-spacing: 0px; margin: 0cm 0cm 16.3pt 0cm;\"><b style=\"box-sizing: border-box;\"><span style=\"font-size: 13.0pt; font-family: 'Helvetica','sans-serif'; color: #454545;\">Wichtigste Inhalte der Vorlage<\/span><\/b><\/h2>\n<p style=\"background: white; box-sizing: border-box; font-variant-ligatures: normal; font-variant-caps: normal; orphans: 2; text-align: start; widows: 2; -webkit-text-stroke-width: 0px; text-decoration-thickness: initial; text-decoration-style: initial; text-decoration-color: initial; word-spacing: 0px; margin: 0cm 0cm 16.3pt 0cm;\"><b style=\"box-sizing: border-box;\"><span style=\"font-size: 13.0pt; font-family: 'Helvetica','sans-serif'; color: #454545;\">Zielwerte<\/span><\/b><span style=\"font-size: 13.0pt; font-family: 'Helvetica','sans-serif'; color: #454545;\">: Das Energiegesetz enth\u00e4lt neu verbindliche Zielwerte f\u00fcr die Jahre 2035 und 2050. Die Zielwerte legen den angestrebten Ausbau der Wasserkraft und der anderen erneuerbaren Energien sowie die Senkung des Energie- und Elektrizit\u00e4tsverbrauchs pro Kopf fest. Damit wird das Gesetz verbindlicher auf die Ziele der Versorgungssicherheit und der Klimapolitik ausgerichtet und schafft so Planungssicherheit f\u00fcr Investitionen.<\/span><\/p>\n<p style=\"background: white; box-sizing: border-box; font-variant-ligatures: normal; font-variant-caps: normal; orphans: 2; text-align: start; widows: 2; -webkit-text-stroke-width: 0px; text-decoration-thickness: initial; text-decoration-style: initial; text-decoration-color: initial; word-spacing: 0px; margin: 0cm 0cm 16.3pt 0cm;\"><b style=\"box-sizing: border-box;\"><span style=\"font-size: 13.0pt; font-family: 'Helvetica','sans-serif'; color: #454545;\">F\u00f6rderinstrumente<\/span><\/b><span style=\"font-size: 13.0pt; font-family: 'Helvetica','sans-serif'; color: #454545;\">: Die bisherigen F\u00f6rderinstrumente f\u00fcr die erneuerbare Stromproduktion sind bis Ende 2022 und 2030 befristet. Neu werden sie bis 2035 verl\u00e4ngert \u2013 zeitlich abgestimmt auf den gesetzlichen Zielwert 2035 \u2013 und marktn\u00e4her ausgestaltet. Beispielsweise sollen grosse Photovoltaikanlagen mittels wettbewerblicher Ausschreibungen gef\u00f6rdert werden. Das Einspeiseverg\u00fctungssystem l\u00e4uft wie geplant aus und wird durch Investitionsbeitr\u00e4ge ersetzt. Das sorgt f\u00fcr administrative Entlastung und erm\u00f6glicht mehr Zubau pro F\u00f6rderfranken. F\u00fcr grosse Wasserkraftanlagen stehen mehr finanzielle Mittel zur Verf\u00fcgung. Die Finanzierung der Unterst\u00fctzungsinstrumente erfolgt weiterhin \u00fcber den Netzzuschlag von 2.3 Rappen pro Kilowattstunde. Der Netzzuschlag wird nicht erh\u00f6ht, wird jedoch entsprechend l\u00e4nger erhoben.<\/span><\/p>\n<p style=\"background: white; box-sizing: border-box; font-variant-ligatures: normal; font-variant-caps: normal; orphans: 2; text-align: start; widows: 2; -webkit-text-stroke-width: 0px; text-decoration-thickness: initial; text-decoration-style: initial; text-decoration-color: initial; word-spacing: 0px; margin: 0cm 0cm 16.3pt 0cm;\"><b style=\"box-sizing: border-box;\"><span style=\"font-size: 13.0pt; font-family: 'Helvetica','sans-serif'; color: #454545;\">L\u00e4ngerfristige Stromversorgungssicherheit im Winter<\/span><\/b><span style=\"font-size: 13.0pt; font-family: 'Helvetica','sans-serif'; color: #454545;\">: Auch nach dem Ausstieg aus der Kernenergie soll die bisherige Selbstversorgungsf\u00e4higkeit der Schweiz erhalten bleiben. Dazu braucht es zus\u00e4tzlich zum angestrebten Zubau der erneuerbaren Stromproduktion (Zielwert bis 2050: 39 TWh) bereits bis 2040 auch noch den Zubau von 2 TWh klimaneutraler Stromproduktion, die im Winter sicher abrufbar ist. Der Bundesrat will solche Anlagen, priorit\u00e4r grosse Speicherkraftwerke, mit einem \u00abWinterzuschlag\u00bb finanzieren. Dieser ist im Stromversorgungsgesetz bereits heute zur Vorbeugung gegen m\u00f6gliche Versorgungssicherheitsdefizite enthalten. Bei den Stromkonsumentinnen und -konsumenten werden daf\u00fcr maximal 0,2 Rappen pro Kilowattstunde erhoben. Zudem wird eine strategische Energiereserve etabliert. Sie sorgt zus\u00e4tzlich zu den Mechanismen im Strommarkt daf\u00fcr, dass auch gegen Ende des Winters gen\u00fcgend Energie verf\u00fcgbar ist. Daneben leistet der rasche Ausbau der erneuerbaren Energien auch im Winter einen zunehmend wichtigen Beitrag zur l\u00e4ngerfristigen Versorgungssicherheit.<\/span><\/p>\n<p style=\"background: white; box-sizing: border-box; font-variant-ligatures: normal; font-variant-caps: normal; orphans: 2; text-align: start; widows: 2; -webkit-text-stroke-width: 0px; text-decoration-thickness: initial; text-decoration-style: initial; text-decoration-color: initial; word-spacing: 0px; margin: 0cm 0cm 16.3pt 0cm;\"><b style=\"box-sizing: border-box;\"><span style=\"font-size: 13.0pt; font-family: 'Helvetica','sans-serif'; color: #454545;\">Strommarkt\u00f6ffnung<\/span><\/b><span style=\"font-size: 13.0pt; font-family: 'Helvetica','sans-serif'; color: #454545;\">: Die vollst\u00e4ndige \u00d6ffnung des Strommarkts st\u00e4rkt die dezentrale erneuerbare Stromproduktion. Sie erm\u00f6glicht innovative Gesch\u00e4ftsmodelle (beispielsweise Energiegemeinschaften), die heute im Monopol nicht erlaubt sind, und integriert so den erneuerbaren Strom besser im Markt. Endverbraucher und Endverbraucher, die selbst Strom produzieren (Prosumenten), Produzenten und Stromlieferanten erhalten so wirtschaftlich wichtige Freiheiten. Um kleine Endverbraucher wie Haushalte vor Preismissbrauch zu sch\u00fctzen, gibt es auch weiterhin eine Grundversorgung. Darin wird ein Elektrizit\u00e4tsprodukt angeboten, das ausschliesslich aus einheimischer erneuerbarer Energie besteht.<\/span><\/p>\n<p style=\"background: white; box-sizing: border-box; font-variant-ligatures: normal; font-variant-caps: normal; orphans: 2; text-align: start; widows: 2; -webkit-text-stroke-width: 0px; text-decoration-thickness: initial; text-decoration-style: initial; text-decoration-color: initial; word-spacing: 0px; margin: 0cm 0cm 16.3pt 0cm;\"><b style=\"box-sizing: border-box;\"><span style=\"font-size: 13.0pt; font-family: 'Helvetica','sans-serif'; color: #454545;\">Netzregulierung, Daten und Messwesen<\/span><\/b><span style=\"font-size: 13.0pt; font-family: 'Helvetica','sans-serif'; color: #454545;\">: Die Nutzung und der Ausbau der Stromnetze soll kosteneffizienter werden. Dazu schafft der Bundesrat die gesetzlichen Grundlagen, damit Endverbraucher und Speicherbetreiber ihre Flexibilit\u00e4t systemdienlich nutzen k\u00f6nnen, und er sorgt f\u00fcr ein verursachergerechteres Tarifierungssystem. Weiter schafft er einen regulatorischen Rahmen f\u00fcr den Austausch und den Schutz von Daten sowie die Einrichtung einer nationalen Energiedateninfrastruktur mit einem Datahub. Im Messwesen kl\u00e4rt der Bundesrat zudem die Verantwortlichkeiten und gesetzlichen Wahlfreiheiten.<\/span><\/p>\n<h2 style=\"background: white; box-sizing: border-box; font-variant-ligatures: normal; font-variant-caps: normal; orphans: 2; text-align: start; widows: 2; -webkit-text-stroke-width: 0px; text-decoration-thickness: initial; text-decoration-style: initial; text-decoration-color: initial; word-spacing: 0px; margin: 0cm 0cm 16.3pt 0cm;\"><b style=\"box-sizing: border-box;\"><span style=\"font-size: 13.0pt; font-family: 'Helvetica','sans-serif'; color: #454545;\">Gew\u00e4hrleistung der kurzfristigen Versorgungssicherheit<\/span><\/b><\/h2>\n<p style=\"background: white; box-sizing: border-box; font-variant-ligatures: normal; font-variant-caps: normal; orphans: 2; text-align: start; widows: 2; -webkit-text-stroke-width: 0px; text-decoration-thickness: initial; text-decoration-style: initial; text-decoration-color: initial; word-spacing: 0px; margin: 0cm 0cm 16.3pt 0cm;\"><span style=\"font-size: 13.0pt; font-family: 'Helvetica','sans-serif'; color: #454545;\">Durch den Abbruch der Verhandlungen f\u00fcr ein institutionelles Abkommen mit der EU d\u00fcrfte auch das geplante Stromabkommen nicht in n\u00fctzlicher Frist zustande kommen. Der Bundesrat hat das UVEK beauftragt, in Zusammenarbeit mit der ElCom und unter Einbezug der Swissgrid, die kurz- bis mittelfristigen Auswirkungen auf die Netzsicherheit und die Versorgungssicherheit zu analysieren. Zudem sind UVEK und ElCom bereits daran, allf\u00e4llige zus\u00e4tzliche Massnahmen zur Sicherstellung der kurzfristigen Versorgungssicherheit zu pr\u00fcfen. Das UVEK wird dem Bundesrat gegen Ende Jahr dar\u00fcber Bericht erstatten.<\/span><\/p>\n<p style=\"background: white; box-sizing: border-box; font-variant-ligatures: normal; font-variant-caps: normal; orphans: 2; text-align: start; widows: 2; -webkit-text-stroke-width: 0px; text-decoration-thickness: initial; text-decoration-style: initial; text-decoration-color: initial; word-spacing: 0px; margin: 0cm 0cm 16.3pt 0cm;\"><em><span style=\"font-size: 13.0pt; font-family: 'Helvetica','sans-serif'; color: #454545;\">Pressemeldung Bund<\/span><\/em><\/p>\n<p style=\"background: white; box-sizing: border-box; font-variant-ligatures: normal; font-variant-caps: normal; orphans: 2; text-align: start; widows: 2; -webkit-text-stroke-width: 0px; text-decoration-thickness: initial; text-decoration-style: initial; text-decoration-color: initial; word-spacing: 0px; margin: 0cm 0cm 16.3pt 0cm;\"><em><strong><span style=\"font-size: 13.0pt; font-family: 'Helvetica','sans-serif'; color: #454545;\">Weitere Themen:<\/span><\/strong><\/em><\/p>\n<p><a href=\"\/\/www.umweltperspektiven.ch\/photovoltaik-windkraft-schweiz-verpasst-den-anschluss\/\"><em>Photovoltaik &amp; Windkraft: Schweiz verpasst den Anschluss<\/em><\/a><\/p>\n","protected":false},"excerpt":{"rendered":"<p>&nbsp; Um die Ziele der Energiestrategie 2050 und der langfristigen Klimastrategie der Schweiz zu erreichen, braucht es eine umfassende Elektrifizierung im Verkehrs- und W\u00e4rmesektor. Dazu muss die inl\u00e4ndische Stromerzeugung aus erneuerbaren Energien rasch und konsequent ausgebaut werden. Die Netz- und Stromversorgungssicherheit muss zudem mit weiteren spezifischen Massnahmen gest\u00e4rkt werden. Mit dem Bundesgesetz \u00fcber eine sichere [&hellip;]<\/p>\n","protected":false},"author":6,"featured_media":4416,"comment_status":"closed","ping_status":"closed","sticky":false,"template":"","format":"standard","meta":{"_acf_changed":false,"_yoast_wpseo_focuskw":"Stromversorgungssicherheit","_yoast_wpseo_metadesc":"Der Bundesrat hat am 18. Juni 2021 das Bundesgesetz \u00fcber eine sichere Stromversorgung mit erneuerbaren Energien verabschiedet.","articlekey":"","footnotes":""},"categories":[580],"tags":[1120,1211,1412,2227,2228,2469],"class_list":["post-10294","post","type-post","status-publish","format-standard","has-post-thumbnail","hentry","category-sustainability","tag-erneuerbare-energien","tag-foerderinstrument","tag-inlaendische-stromerzeugung","tag-stromversorgungsgesetz","tag-stromversorgungssicherheit","tag-versorgungssicherheit"],"acf":[],"yoast_head":"<!-- This site is optimized with the Yoast SEO plugin v27.4 - https:\/\/yoast.com\/product\/yoast-seo-wordpress\/ -->\n<title>Sichere Stromversorgung mit erneuerbaren Energien - Organisator<\/title>\n<meta name=\"description\" content=\"Der Bundesrat hat am 18. Juni 2021 das Bundesgesetz \u00fcber eine sichere Stromversorgung mit erneuerbaren Energien verabschiedet.\" \/>\n<meta name=\"robots\" content=\"index, follow, max-snippet:-1, max-image-preview:large, max-video-preview:-1\" \/>\n<link rel=\"canonical\" href=\"https:\/\/www.organisator.ch\/de\/sustainability\/2021-06-19\/erneuerbare-energien-bund-schlaegt-strompfloecke-ein\/\" \/>\n<meta property=\"og:locale\" content=\"de_DE\" \/>\n<meta property=\"og:type\" content=\"article\" \/>\n<meta property=\"og:title\" content=\"Sichere Stromversorgung mit erneuerbaren Energien - Organisator\" \/>\n<meta property=\"og:description\" content=\"Der Bundesrat hat am 18. Juni 2021 das Bundesgesetz \u00fcber eine sichere Stromversorgung mit erneuerbaren Energien verabschiedet.\" \/>\n<meta property=\"og:url\" content=\"https:\/\/www.organisator.ch\/de\/sustainability\/2021-06-19\/erneuerbare-energien-bund-schlaegt-strompfloecke-ein\/\" \/>\n<meta property=\"og:site_name\" content=\"Organisator\" \/>\n<meta property=\"article:publisher\" content=\"https:\/\/www.facebook.com\/OrganisatorFachmagazin\" \/>\n<meta property=\"article:published_time\" content=\"2021-06-19T06:00:20+00:00\" \/>\n<meta property=\"article:modified_time\" content=\"2022-02-09T10:06:07+00:00\" \/>\n<meta property=\"og:image\" content=\"https:\/\/www.organisator.ch\/wp-content\/uploads\/2021\/06\/Strom-1-scaled.jpg\" \/>\n\t<meta property=\"og:image:width\" content=\"2560\" \/>\n\t<meta property=\"og:image:height\" content=\"1528\" \/>\n\t<meta property=\"og:image:type\" content=\"image\/jpeg\" \/>\n<meta name=\"author\" content=\"roger.straessle\" \/>\n<meta name=\"twitter:card\" content=\"summary_large_image\" \/>\n<script type=\"application\/ld+json\" class=\"yoast-schema-graph\">{\"@context\":\"https:\\\/\\\/schema.org\",\"@graph\":[{\"@type\":\"Article\",\"@id\":\"https:\\\/\\\/www.organisator.ch\\\/sustainability\\\/2021-06-19\\\/erneuerbare-energien-bund-schlaegt-strompfloecke-ein\\\/#article\",\"isPartOf\":{\"@id\":\"https:\\\/\\\/www.organisator.ch\\\/sustainability\\\/2021-06-19\\\/erneuerbare-energien-bund-schlaegt-strompfloecke-ein\\\/\"},\"author\":{\"name\":\"roger.straessle\",\"@id\":\"https:\\\/\\\/www.organisator.ch\\\/#\\\/schema\\\/person\\\/a800b8c54e208b160517a7dcc323161d\"},\"headline\":\"Sichere Stromversorgung mit erneuerbaren Energien\",\"datePublished\":\"2021-06-19T06:00:20+00:00\",\"dateModified\":\"2022-02-09T10:06:07+00:00\",\"mainEntityOfPage\":{\"@id\":\"https:\\\/\\\/www.organisator.ch\\\/sustainability\\\/2021-06-19\\\/erneuerbare-energien-bund-schlaegt-strompfloecke-ein\\\/\"},\"wordCount\":684,\"publisher\":{\"@id\":\"https:\\\/\\\/www.organisator.ch\\\/#organization\"},\"image\":{\"@id\":\"https:\\\/\\\/www.organisator.ch\\\/sustainability\\\/2021-06-19\\\/erneuerbare-energien-bund-schlaegt-strompfloecke-ein\\\/#primaryimage\"},\"thumbnailUrl\":\"https:\\\/\\\/www.organisator.ch\\\/wp-content\\\/uploads\\\/2021\\\/06\\\/Strom-1-scaled.jpg\",\"keywords\":[\"erneuerbare Energien\",\"F\u00f6rderinstrument\",\"inl\u00e4ndische Stromerzeugung\",\"Stromversorgungsgesetz\",\"Stromversorgungssicherheit\",\"Versorgungssicherheit\"],\"articleSection\":[\"SUSTAINABILITY\"],\"inLanguage\":\"de\"},{\"@type\":\"WebPage\",\"@id\":\"https:\\\/\\\/www.organisator.ch\\\/sustainability\\\/2021-06-19\\\/erneuerbare-energien-bund-schlaegt-strompfloecke-ein\\\/\",\"url\":\"https:\\\/\\\/www.organisator.ch\\\/sustainability\\\/2021-06-19\\\/erneuerbare-energien-bund-schlaegt-strompfloecke-ein\\\/\",\"name\":\"Sichere Stromversorgung mit erneuerbaren Energien - Organisator\",\"isPartOf\":{\"@id\":\"https:\\\/\\\/www.organisator.ch\\\/#website\"},\"primaryImageOfPage\":{\"@id\":\"https:\\\/\\\/www.organisator.ch\\\/sustainability\\\/2021-06-19\\\/erneuerbare-energien-bund-schlaegt-strompfloecke-ein\\\/#primaryimage\"},\"image\":{\"@id\":\"https:\\\/\\\/www.organisator.ch\\\/sustainability\\\/2021-06-19\\\/erneuerbare-energien-bund-schlaegt-strompfloecke-ein\\\/#primaryimage\"},\"thumbnailUrl\":\"https:\\\/\\\/www.organisator.ch\\\/wp-content\\\/uploads\\\/2021\\\/06\\\/Strom-1-scaled.jpg\",\"datePublished\":\"2021-06-19T06:00:20+00:00\",\"dateModified\":\"2022-02-09T10:06:07+00:00\",\"description\":\"Der Bundesrat hat am 18. Juni 2021 das Bundesgesetz \u00fcber eine sichere Stromversorgung mit erneuerbaren Energien verabschiedet.\",\"breadcrumb\":{\"@id\":\"https:\\\/\\\/www.organisator.ch\\\/sustainability\\\/2021-06-19\\\/erneuerbare-energien-bund-schlaegt-strompfloecke-ein\\\/#breadcrumb\"},\"inLanguage\":\"de\",\"potentialAction\":[{\"@type\":\"ReadAction\",\"target\":[\"https:\\\/\\\/www.organisator.ch\\\/sustainability\\\/2021-06-19\\\/erneuerbare-energien-bund-schlaegt-strompfloecke-ein\\\/\"]}]},{\"@type\":\"ImageObject\",\"inLanguage\":\"de\",\"@id\":\"https:\\\/\\\/www.organisator.ch\\\/sustainability\\\/2021-06-19\\\/erneuerbare-energien-bund-schlaegt-strompfloecke-ein\\\/#primaryimage\",\"url\":\"https:\\\/\\\/www.organisator.ch\\\/wp-content\\\/uploads\\\/2021\\\/06\\\/Strom-1-scaled.jpg\",\"contentUrl\":\"https:\\\/\\\/www.organisator.ch\\\/wp-content\\\/uploads\\\/2021\\\/06\\\/Strom-1-scaled.jpg\",\"width\":2560,\"height\":1528,\"caption\":\"Foto: R. Str\u00e4ssle\"},{\"@type\":\"BreadcrumbList\",\"@id\":\"https:\\\/\\\/www.organisator.ch\\\/sustainability\\\/2021-06-19\\\/erneuerbare-energien-bund-schlaegt-strompfloecke-ein\\\/#breadcrumb\",\"itemListElement\":[{\"@type\":\"ListItem\",\"position\":1,\"name\":\"Home\",\"item\":\"https:\\\/\\\/www.organisator.ch\\\/\"},{\"@type\":\"ListItem\",\"position\":2,\"name\":\"Sichere Stromversorgung mit erneuerbaren Energien\"}]},{\"@type\":\"WebSite\",\"@id\":\"https:\\\/\\\/www.organisator.ch\\\/#website\",\"url\":\"https:\\\/\\\/www.organisator.ch\\\/\",\"name\":\"Organisator\",\"description\":\"Kompetent. Praxisnah. Der ORGANISATOR bereitet in 10 Ausgaben pro Jahr die wesentlichen Themen f\u00fcr F\u00fchrungskr\u00e4fte von KMU auf.\",\"publisher\":{\"@id\":\"https:\\\/\\\/www.organisator.ch\\\/#organization\"},\"potentialAction\":[{\"@type\":\"SearchAction\",\"target\":{\"@type\":\"EntryPoint\",\"urlTemplate\":\"https:\\\/\\\/www.organisator.ch\\\/?s={search_term_string}\"},\"query-input\":{\"@type\":\"PropertyValueSpecification\",\"valueRequired\":true,\"valueName\":\"search_term_string\"}}],\"inLanguage\":\"de\"},{\"@type\":\"Organization\",\"@id\":\"https:\\\/\\\/www.organisator.ch\\\/#organization\",\"name\":\"Organisator\",\"url\":\"https:\\\/\\\/www.organisator.ch\\\/\",\"logo\":{\"@type\":\"ImageObject\",\"inLanguage\":\"de\",\"@id\":\"https:\\\/\\\/www.organisator.ch\\\/#\\\/schema\\\/logo\\\/image\\\/\",\"url\":\"https:\\\/\\\/www.organisator.ch\\\/wp-content\\\/uploads\\\/2022\\\/01\\\/Logo_Organisator_Website.png\",\"contentUrl\":\"https:\\\/\\\/www.organisator.ch\\\/wp-content\\\/uploads\\\/2022\\\/01\\\/Logo_Organisator_Website.png\",\"width\":800,\"height\":77,\"caption\":\"Organisator\"},\"image\":{\"@id\":\"https:\\\/\\\/www.organisator.ch\\\/#\\\/schema\\\/logo\\\/image\\\/\"},\"sameAs\":[\"https:\\\/\\\/www.facebook.com\\\/OrganisatorFachmagazin\",\"https:\\\/\\\/www.linkedin.com\\\/showcase\\\/organisator-das-magazin-fr-kmu\",\"https:\\\/\\\/www.xing.com\\\/news\\\/pages\\\/organisator-ch-695\",\"https:\\\/\\\/www.youtube.com\\\/channel\\\/UCGP2Sq0iWaZwT3BdIAQFYpw\"]},{\"@type\":\"Person\",\"@id\":\"https:\\\/\\\/www.organisator.ch\\\/#\\\/schema\\\/person\\\/a800b8c54e208b160517a7dcc323161d\",\"name\":\"roger.straessle\",\"image\":{\"@type\":\"ImageObject\",\"inLanguage\":\"de\",\"@id\":\"https:\\\/\\\/secure.gravatar.com\\\/avatar\\\/?s=96&d=mm&r=g\",\"url\":\"https:\\\/\\\/secure.gravatar.com\\\/avatar\\\/?s=96&d=mm&r=g\",\"contentUrl\":\"https:\\\/\\\/secure.gravatar.com\\\/avatar\\\/?s=96&d=mm&r=g\",\"caption\":\"roger.straessle\"},\"url\":\"https:\\\/\\\/www.organisator.ch\\\/de\\\/author\\\/roger-straessle\\\/\"}]}<\/script>\n<!-- \/ Yoast SEO plugin. -->","yoast_head_json":{"title":"Sichere Stromversorgung mit erneuerbaren Energien - Organisator","description":"Der Bundesrat hat am 18. Juni 2021 das Bundesgesetz \u00fcber eine sichere Stromversorgung mit erneuerbaren Energien verabschiedet.","robots":{"index":"index","follow":"follow","max-snippet":"max-snippet:-1","max-image-preview":"max-image-preview:large","max-video-preview":"max-video-preview:-1"},"canonical":"https:\/\/www.organisator.ch\/de\/sustainability\/2021-06-19\/erneuerbare-energien-bund-schlaegt-strompfloecke-ein\/","og_locale":"de_DE","og_type":"article","og_title":"Sichere Stromversorgung mit erneuerbaren Energien - Organisator","og_description":"Der Bundesrat hat am 18. Juni 2021 das Bundesgesetz \u00fcber eine sichere Stromversorgung mit erneuerbaren Energien verabschiedet.","og_url":"https:\/\/www.organisator.ch\/de\/sustainability\/2021-06-19\/erneuerbare-energien-bund-schlaegt-strompfloecke-ein\/","og_site_name":"Organisator","article_publisher":"https:\/\/www.facebook.com\/OrganisatorFachmagazin","article_published_time":"2021-06-19T06:00:20+00:00","article_modified_time":"2022-02-09T10:06:07+00:00","og_image":[{"width":2560,"height":1528,"url":"https:\/\/www.organisator.ch\/wp-content\/uploads\/2021\/06\/Strom-1-scaled.jpg","type":"image\/jpeg"}],"author":"roger.straessle","twitter_card":"summary_large_image","schema":{"@context":"https:\/\/schema.org","@graph":[{"@type":"Article","@id":"https:\/\/www.organisator.ch\/sustainability\/2021-06-19\/erneuerbare-energien-bund-schlaegt-strompfloecke-ein\/#article","isPartOf":{"@id":"https:\/\/www.organisator.ch\/sustainability\/2021-06-19\/erneuerbare-energien-bund-schlaegt-strompfloecke-ein\/"},"author":{"name":"roger.straessle","@id":"https:\/\/www.organisator.ch\/#\/schema\/person\/a800b8c54e208b160517a7dcc323161d"},"headline":"Sichere Stromversorgung mit erneuerbaren Energien","datePublished":"2021-06-19T06:00:20+00:00","dateModified":"2022-02-09T10:06:07+00:00","mainEntityOfPage":{"@id":"https:\/\/www.organisator.ch\/sustainability\/2021-06-19\/erneuerbare-energien-bund-schlaegt-strompfloecke-ein\/"},"wordCount":684,"publisher":{"@id":"https:\/\/www.organisator.ch\/#organization"},"image":{"@id":"https:\/\/www.organisator.ch\/sustainability\/2021-06-19\/erneuerbare-energien-bund-schlaegt-strompfloecke-ein\/#primaryimage"},"thumbnailUrl":"https:\/\/www.organisator.ch\/wp-content\/uploads\/2021\/06\/Strom-1-scaled.jpg","keywords":["erneuerbare Energien","F\u00f6rderinstrument","inl\u00e4ndische Stromerzeugung","Stromversorgungsgesetz","Stromversorgungssicherheit","Versorgungssicherheit"],"articleSection":["SUSTAINABILITY"],"inLanguage":"de"},{"@type":"WebPage","@id":"https:\/\/www.organisator.ch\/sustainability\/2021-06-19\/erneuerbare-energien-bund-schlaegt-strompfloecke-ein\/","url":"https:\/\/www.organisator.ch\/sustainability\/2021-06-19\/erneuerbare-energien-bund-schlaegt-strompfloecke-ein\/","name":"Sichere Stromversorgung mit erneuerbaren Energien - Organisator","isPartOf":{"@id":"https:\/\/www.organisator.ch\/#website"},"primaryImageOfPage":{"@id":"https:\/\/www.organisator.ch\/sustainability\/2021-06-19\/erneuerbare-energien-bund-schlaegt-strompfloecke-ein\/#primaryimage"},"image":{"@id":"https:\/\/www.organisator.ch\/sustainability\/2021-06-19\/erneuerbare-energien-bund-schlaegt-strompfloecke-ein\/#primaryimage"},"thumbnailUrl":"https:\/\/www.organisator.ch\/wp-content\/uploads\/2021\/06\/Strom-1-scaled.jpg","datePublished":"2021-06-19T06:00:20+00:00","dateModified":"2022-02-09T10:06:07+00:00","description":"Der Bundesrat hat am 18. Juni 2021 das Bundesgesetz \u00fcber eine sichere Stromversorgung mit erneuerbaren Energien verabschiedet.","breadcrumb":{"@id":"https:\/\/www.organisator.ch\/sustainability\/2021-06-19\/erneuerbare-energien-bund-schlaegt-strompfloecke-ein\/#breadcrumb"},"inLanguage":"de","potentialAction":[{"@type":"ReadAction","target":["https:\/\/www.organisator.ch\/sustainability\/2021-06-19\/erneuerbare-energien-bund-schlaegt-strompfloecke-ein\/"]}]},{"@type":"ImageObject","inLanguage":"de","@id":"https:\/\/www.organisator.ch\/sustainability\/2021-06-19\/erneuerbare-energien-bund-schlaegt-strompfloecke-ein\/#primaryimage","url":"https:\/\/www.organisator.ch\/wp-content\/uploads\/2021\/06\/Strom-1-scaled.jpg","contentUrl":"https:\/\/www.organisator.ch\/wp-content\/uploads\/2021\/06\/Strom-1-scaled.jpg","width":2560,"height":1528,"caption":"Foto: R. Str\u00e4ssle"},{"@type":"BreadcrumbList","@id":"https:\/\/www.organisator.ch\/sustainability\/2021-06-19\/erneuerbare-energien-bund-schlaegt-strompfloecke-ein\/#breadcrumb","itemListElement":[{"@type":"ListItem","position":1,"name":"Home","item":"https:\/\/www.organisator.ch\/"},{"@type":"ListItem","position":2,"name":"Sichere Stromversorgung mit erneuerbaren Energien"}]},{"@type":"WebSite","@id":"https:\/\/www.organisator.ch\/#website","url":"https:\/\/www.organisator.ch\/","name":"Organisator","description":"Kompetent. Praxisnah. Der ORGANISATOR bereitet in 10 Ausgaben pro Jahr die wesentlichen Themen f\u00fcr F\u00fchrungskr\u00e4fte von KMU auf.","publisher":{"@id":"https:\/\/www.organisator.ch\/#organization"},"potentialAction":[{"@type":"SearchAction","target":{"@type":"EntryPoint","urlTemplate":"https:\/\/www.organisator.ch\/?s={search_term_string}"},"query-input":{"@type":"PropertyValueSpecification","valueRequired":true,"valueName":"search_term_string"}}],"inLanguage":"de"},{"@type":"Organization","@id":"https:\/\/www.organisator.ch\/#organization","name":"Organisator","url":"https:\/\/www.organisator.ch\/","logo":{"@type":"ImageObject","inLanguage":"de","@id":"https:\/\/www.organisator.ch\/#\/schema\/logo\/image\/","url":"https:\/\/www.organisator.ch\/wp-content\/uploads\/2022\/01\/Logo_Organisator_Website.png","contentUrl":"https:\/\/www.organisator.ch\/wp-content\/uploads\/2022\/01\/Logo_Organisator_Website.png","width":800,"height":77,"caption":"Organisator"},"image":{"@id":"https:\/\/www.organisator.ch\/#\/schema\/logo\/image\/"},"sameAs":["https:\/\/www.facebook.com\/OrganisatorFachmagazin","https:\/\/www.linkedin.com\/showcase\/organisator-das-magazin-fr-kmu","https:\/\/www.xing.com\/news\/pages\/organisator-ch-695","https:\/\/www.youtube.com\/channel\/UCGP2Sq0iWaZwT3BdIAQFYpw"]},{"@type":"Person","@id":"https:\/\/www.organisator.ch\/#\/schema\/person\/a800b8c54e208b160517a7dcc323161d","name":"roger.straessle","image":{"@type":"ImageObject","inLanguage":"de","@id":"https:\/\/secure.gravatar.com\/avatar\/?s=96&d=mm&r=g","url":"https:\/\/secure.gravatar.com\/avatar\/?s=96&d=mm&r=g","contentUrl":"https:\/\/secure.gravatar.com\/avatar\/?s=96&d=mm&r=g","caption":"roger.straessle"},"url":"https:\/\/www.organisator.ch\/de\/author\/roger-straessle\/"}]}},"_links":{"self":[{"href":"https:\/\/www.organisator.ch\/de\/wp-json\/wp\/v2\/posts\/10294","targetHints":{"allow":["GET"]}}],"collection":[{"href":"https:\/\/www.organisator.ch\/de\/wp-json\/wp\/v2\/posts"}],"about":[{"href":"https:\/\/www.organisator.ch\/de\/wp-json\/wp\/v2\/types\/post"}],"author":[{"embeddable":true,"href":"https:\/\/www.organisator.ch\/de\/wp-json\/wp\/v2\/users\/6"}],"replies":[{"embeddable":true,"href":"https:\/\/www.organisator.ch\/de\/wp-json\/wp\/v2\/comments?post=10294"}],"version-history":[{"count":1,"href":"https:\/\/www.organisator.ch\/de\/wp-json\/wp\/v2\/posts\/10294\/revisions"}],"predecessor-version":[{"id":10473,"href":"https:\/\/www.organisator.ch\/de\/wp-json\/wp\/v2\/posts\/10294\/revisions\/10473"}],"wp:featuredmedia":[{"embeddable":true,"href":"https:\/\/www.organisator.ch\/de\/wp-json\/wp\/v2\/media\/4416"}],"wp:attachment":[{"href":"https:\/\/www.organisator.ch\/de\/wp-json\/wp\/v2\/media?parent=10294"}],"wp:term":[{"taxonomy":"category","embeddable":true,"href":"https:\/\/www.organisator.ch\/de\/wp-json\/wp\/v2\/categories?post=10294"},{"taxonomy":"post_tag","embeddable":true,"href":"https:\/\/www.organisator.ch\/de\/wp-json\/wp\/v2\/tags?post=10294"}],"curies":[{"name":"wp","href":"https:\/\/api.w.org\/{rel}","templated":true}]}}