{"id":10303,"date":"2021-07-26T14:00:04","date_gmt":"2021-07-26T12:00:04","guid":{"rendered":"https:\/\/www.umweltperspektiven.ch\/?p=4618"},"modified":"2022-02-09T11:06:06","modified_gmt":"2022-02-09T10:06:06","slug":"historische-gebaeude-waermegedaemmt-nach-aktuellem-stand","status":"publish","type":"post","link":"https:\/\/www.organisator.ch\/de\/sustainability\/2021-07-26\/historische-gebaeude-waermegedaemmt-nach-aktuellem-stand\/","title":{"rendered":"Historische Geb\u00e4ude \u2013 preisgekr\u00f6nt w\u00e4rmeged\u00e4mmt"},"content":{"rendered":"<figure id=\"attachment_4620\" aria-describedby=\"caption-attachment-4620\" style=\"width: 680px\" class=\"wp-caption aligncenter\"><img loading=\"lazy\" decoding=\"async\" class=\"size-medium wp-image-4620\" src=\"\/\/www.umweltperspektiven.ch\/wp-content\/uploads\/2021\/07\/Madiswil-M\u00fchlestock-Bild-1.jpg\" alt=\"Aerogel Architecture Award \" width=\"680\" height=\"454\" \/><figcaption id=\"caption-attachment-4620\" class=\"wp-caption-text\">Der 1. Preis ging an die M\u00fchle Madiswil in der Schweiz. Bild: Michael Ledermann.<\/figcaption><\/figure>\n<p>&nbsp;<\/p>\n<p>Gewinner des Aerogel Architecture Awards ist der Schweizer Architekt Michael Ledermann aus Langenthal. Seine behutsame Sanierung eines alten M\u00fchlgeb\u00e4udes in Madiswil im Kanton Bern \u00fcberzeugte die Experten.\u00a0\u00abIn diesem Geb\u00e4ude h\u00e4tte jeder von uns gern wohnen wollen\u00bb, sagte Architekt Beat K\u00e4mpfen im Namen der Jury. Das Geb\u00e4ude aus dem 17. Jahrhundert hat bereits zahlreiche Renovationen hinter sich und war immer wieder auf den aktuellen Stand der Zeit gebracht worden. Die letzte Renovation fand in den 1980er Jahren statt. Das Obergeschoss des Hauses wurde seither mit einer Elektrospeicherheizung beheizt; der 300 Quadratmeter grosse Hauptraum der M\u00fchle mit seinen bis zu 70 Zentimeter breiten Bruchsteinw\u00e4nden war unbeheizt und konnte nur an wenigen Tagen im Jahr genutzt werden.<\/p>\n<h2><strong>Umnutzung eines alten Industriegeb\u00e4udes<\/strong><\/h2>\n<p><strong>\u00a0<\/strong>Ledermann isolierte die Innenw\u00e4nde des Erdgeschosses mit Aerogelputz und bewahrte dabei die wellige Wandstruktur der Bruchsteinmauer. Nun ist der Raum vor Feuchtigkeit aus dem alten Mauerwerk gesch\u00fctzt, zugleich warm und trocken und kann als Speisesaal und Wohnzimmer mit eingebauter K\u00fcche ganzj\u00e4hrig genutzt werden. \u00abDas Projekt des M\u00fchlengeb\u00e4udes in Madiswil ist ein gutes Beispiel f\u00fcr die Fremdnutzung (vor)industrieller Bauten \u2013 ein Thema, das nach wie vor als ein \u00abmainstream\u00bb der zeitgem\u00e4ssen Denkmalpflege anzusehen ist\u00bb, sagt Jurymitglied Architekt Manfred Wehdorn.<\/p>\n<h2><strong>Biedermeier und sozialistische Moderne<\/strong><\/h2>\n<p>Die Jury entschied sich wegen der sehr engen Rangfolge, keinen dritten Preis, sondern zweimal den zweiten Preis zu verleihen.<\/p>\n<p>Eine der Auszeichnungen ging an die Architektin Verena Klar, die in T\u00fcbingen ein denkmalgesch\u00fctztes Biedermeierhaus aus dem Jahr 1829 energetisch sanierte. Das Haus liegt an der Neckarhalde in T\u00fcbingen, inmitten eines denkmalgesch\u00fctzten Stadtensembles. Die Aussenfassade war weitgehend unver\u00e4ndert \u00fcberliefert, es ging also um einen m\u00f6glichst schlanken Aufbau der W\u00e4rmed\u00e4mmung, um die Optik des Hauses und auch die Verzierungen an der Fassade und der Fensterleibungen nicht zu \u00fcberdecken. \u00abDer Bauherr war schnell \u00fcberzeugt, doch die Denkmalschutzbeh\u00f6rde blieb lange skeptisch\u00bb berichtete die Architektin. Schliesslich konnte die Beh\u00f6rde mit Hilfe einiger gelungener Aerogel-Sanierungsprojekte aus der Schweiz \u00fcberzeugt werden. Die Handwerker seien begeistert gewesen von der leichten Verarbeitbarkeit des Aerogel-Putzes.<\/p>\n<h2><strong>Rundherum isoliert<\/strong><\/h2>\n<p>Die Wohnr\u00e4ume des Hauses in T\u00fcbingen sind nun auch vom Dachgeschoss und der Kellerdecke her rundherum w\u00e4rmeisoliert und erf\u00fcllen den deutschen Umweltstandard \u00abKfW Effizienzhaus Denkmal\u00bb. Eine Pelletheizung sorgt f\u00fcr nachhaltige W\u00e4rme. \u00abDieses Projekt \u00fcberzeugt durch die D\u00e4mmung der Fachwerkfassade und den Erhalt der historischen Substanz in einem historisch bedeutsamen Umfeld. Ein gutes Beispiel daf\u00fcr, dass auch Fachwerkh\u00e4user zuk\u00fcnftig wirtschaftlich betrieben werden k\u00f6nnen\u00bb, sagt Jurymitglied Volker Herzog.<\/p>\n<h2><strong>Ein schwieriger Fall in Weimar<\/strong><\/h2>\n<p>Ein weiterer zweiter Preis ging an den Architekten J\u00f6rg Hofmann aus Weimar, der ein Geb\u00e4ude der Bauhaus-Universit\u00e4t Weimar energetisch sanierte. Das Forschungsgeb\u00e4ude war 1958 errichtet worden und gilt als herausragendes Beispiel der Sozialistischen Moderne, es steht unter Denkmalschutz. Die schlecht isolierte Fassade zeigte starke Verwitterungssch\u00e4den, zudem musste das Geb\u00e4ude w\u00e4hrend des laufenden Betriebs saniert werden. Eine Innenw\u00e4rmed\u00e4mmung war nicht machbar, weil dadurch teure Forschungsapparaturen h\u00e4tten besch\u00e4digt werden k\u00f6nnen. Auch in Weimar forderte die Denkmalschutzbeh\u00f6rde eine Putzoberfl\u00e4che entsprechend dem Originalbestand: die Sockelverkleidung des Geb\u00e4udes und das Traufprofil aus Betonwerksteinen durften nicht \u00fcberw\u00f6lbt werden.<\/p>\n<p>Architekt J\u00f6rg Hofmann begann zu recherchieren, fand den Aerogel-D\u00e4mmputz und probierte ihn zun\u00e4chst an seinem eigenen Haus aus. Das nun fertig sanierte Forschungsgeb\u00e4ude der Bauhaus-Universit\u00e4t hat sein Gesicht behalten, die Forderungen der Denkmalschutzbeh\u00f6rde wurden erf\u00fcllt. Der U-Wert der W\u00e4nde konnte dennoch von 1,36 W\/m2K auf 0,58 W\/m2K gesenkt werden, auch der Taupunkt der Fassade und der bestehenden Bauteilanschl\u00fcsse wurde optimiert.<\/p>\n<h2><strong>Aerogel Architecture Award<\/strong><\/h2>\n<p>Der Aerogel Architecture Award wurde 2020 von der Empa und den Industriepartnern Fixit, Agitec, Haga AG Naturbaustoffe und Hasit und dem Verband AdvaPor ins Leben gerufen. F\u00fcr die Ausscheidung 2021 hatten f\u00fcnf B\u00fcros aus Deutschland, \u00d6sterreich und der Schweiz ihre Projekte eingereicht. Eine Jury, bestehend aus den vier Architekten und\u00a0 Denkmalschutzexperten Ralf Kilian (Deutschland), Beat K\u00e4mpfen (Schweiz), Volker Herzog (Deutschland) und Manfred Wehdorn (\u00d6sterreich) bewertete die eingereichten Projekte in Hinblick auf den denkmalsch\u00fctzerischen Wert, die Energieeffizienz und die Originalit\u00e4t der gew\u00e4hlten L\u00f6sung.<\/p>\n<p>Nach aktuellen Planungen soll es auch in den kommenden Jahren weitere Aerogel Architektur Awards geben. \u00abDer Preis soll dabei helfen, die M\u00f6glichkeiten die Aerogel-D\u00e4mmmaterialien im Denkmalschutz und in der Sanierung bestehender Bauten bietet, in der Architektenszene und unter Bauingenieuren bekannt zu machen\u00bb, sagt Michal Ganobjak, der Organisator der Preisverleihung.<\/p>\n<blockquote><p>Informationen zu Sanierungsprojekten mit <strong>Aerogel<\/strong>:<br \/>\n<a href=\"\/\/www.fixit-aerogel.com\/referenzen\">Fixit \u2013\u00a0Aerogelputz Fixit 222\u00a0<\/a><br \/>\n<a href=\"\/\/agitec.ch\/page\/ueberuns\/referenzobjekte\/index.php\">Agitec<\/a><br \/>\n<a href=\"\/\/haganatur.de\/\">Haga \u2013\u00a0Aerogel-Putz<\/a><br \/>\n<a href=\"\/\/www.hasit.de\/produkt\/hasit-fixit-aerogel-hochleistungs-daemmputzsystem\">Hasit \u2013 Aerogelputzsystem<\/a><\/p>\n<p>Preistr\u00e4ger <strong>Aerogel Architecture Award<\/strong> 2021:<\/p><\/blockquote>\n<ol>\n<li>\n<blockquote><p>Preis\u00a0<a href=\"\/\/www.arch-ledermann.ch\/\">Michael Ledermann<\/a><\/p><\/blockquote>\n<\/li>\n<li>\n<blockquote><p>Preis\u00a0<a href=\"\/\/www.klar-architektur.de\/\">Verena Klar<\/a><\/p><\/blockquote>\n<\/li>\n<li>\n<blockquote><p>Preis\u00a0<a href=\"\/\/architekten-thueringen.de\/kammer\/architekten\/m\/hofmann-1331.html\">J\u00f6rg Hofmann<\/a><\/p><\/blockquote>\n<\/li>\n<\/ol>\n","protected":false},"excerpt":{"rendered":"<p>&nbsp; Gewinner des Aerogel Architecture Awards ist der Schweizer Architekt Michael Ledermann aus Langenthal. Seine behutsame Sanierung eines alten M\u00fchlgeb\u00e4udes in Madiswil im Kanton Bern \u00fcberzeugte die Experten.\u00a0\u00abIn diesem Geb\u00e4ude h\u00e4tte jeder von uns gern wohnen wollen\u00bb, sagte Architekt Beat K\u00e4mpfen im Namen der Jury. Das Geb\u00e4ude aus dem 17. Jahrhundert hat bereits zahlreiche Renovationen [&hellip;]<\/p>\n","protected":false},"author":6,"featured_media":9824,"comment_status":"closed","ping_status":"closed","sticky":false,"template":"","format":"standard","meta":{"_acf_changed":false,"_yoast_wpseo_focuskw":"Aerogel Architecture Award","_yoast_wpseo_metadesc":"K\u00fcrzlich wurde an der Empa erstmals der Aerogel Architecture Award verliehen, der gelungene energetische Sanierungen mit Aerogel-Materialien w\u00fcrdigt.","articlekey":"","footnotes":""},"categories":[580],"tags":[676,677,584,2047,2347],"class_list":["post-10303","post","type-post","status-publish","format-standard","has-post-thumbnail","hentry","category-sustainability","tag-aerogel","tag-aerogel-architecture-award","tag-energie","tag-sanierung","tag-umbau"],"acf":[],"yoast_head":"<!-- This site is optimized with the Yoast SEO plugin v27.5 - https:\/\/yoast.com\/product\/yoast-seo-wordpress\/ -->\n<title>Historische Geb\u00e4ude \u2013 preisgekr\u00f6nt w\u00e4rmeged\u00e4mmt - Organisator<\/title>\n<meta name=\"description\" content=\"K\u00fcrzlich wurde an der Empa erstmals der Aerogel Architecture Award verliehen, der gelungene energetische Sanierungen mit Aerogel-Materialien w\u00fcrdigt.\" \/>\n<meta name=\"robots\" content=\"index, follow, max-snippet:-1, max-image-preview:large, max-video-preview:-1\" \/>\n<link rel=\"canonical\" href=\"https:\/\/www.organisator.ch\/de\/sustainability\/2021-07-26\/historische-gebaeude-waermegedaemmt-nach-aktuellem-stand\/\" \/>\n<meta property=\"og:locale\" content=\"de_DE\" \/>\n<meta property=\"og:type\" content=\"article\" \/>\n<meta property=\"og:title\" content=\"Historische Geb\u00e4ude \u2013 preisgekr\u00f6nt w\u00e4rmeged\u00e4mmt - Organisator\" \/>\n<meta property=\"og:description\" content=\"K\u00fcrzlich wurde an der Empa erstmals der Aerogel Architecture Award verliehen, der gelungene energetische Sanierungen mit Aerogel-Materialien w\u00fcrdigt.\" \/>\n<meta property=\"og:url\" content=\"https:\/\/www.organisator.ch\/de\/sustainability\/2021-07-26\/historische-gebaeude-waermegedaemmt-nach-aktuellem-stand\/\" \/>\n<meta property=\"og:site_name\" content=\"Organisator\" \/>\n<meta property=\"article:publisher\" content=\"https:\/\/www.facebook.com\/OrganisatorFachmagazin\" \/>\n<meta property=\"article:published_time\" content=\"2021-07-26T12:00:04+00:00\" \/>\n<meta property=\"article:modified_time\" content=\"2022-02-09T10:06:06+00:00\" \/>\n<meta property=\"og:image\" content=\"https:\/\/www.organisator.ch\/wp-content\/uploads\/2021\/07\/Madiswil-Muehlestock-Bild-1-scaled.jpg\" \/>\n\t<meta property=\"og:image:width\" content=\"2560\" \/>\n\t<meta property=\"og:image:height\" content=\"1709\" \/>\n\t<meta property=\"og:image:type\" content=\"image\/jpeg\" \/>\n<meta name=\"author\" content=\"roger.straessle\" \/>\n<meta name=\"twitter:card\" content=\"summary_large_image\" \/>\n<script type=\"application\/ld+json\" class=\"yoast-schema-graph\">{\"@context\":\"https:\\\/\\\/schema.org\",\"@graph\":[{\"@type\":\"Article\",\"@id\":\"https:\\\/\\\/www.organisator.ch\\\/sustainability\\\/2021-07-26\\\/historische-gebaeude-waermegedaemmt-nach-aktuellem-stand\\\/#article\",\"isPartOf\":{\"@id\":\"https:\\\/\\\/www.organisator.ch\\\/sustainability\\\/2021-07-26\\\/historische-gebaeude-waermegedaemmt-nach-aktuellem-stand\\\/\"},\"author\":{\"name\":\"roger.straessle\",\"@id\":\"https:\\\/\\\/www.organisator.ch\\\/#\\\/schema\\\/person\\\/a800b8c54e208b160517a7dcc323161d\"},\"headline\":\"Historische Geb\u00e4ude \u2013 preisgekr\u00f6nt w\u00e4rmeged\u00e4mmt\",\"datePublished\":\"2021-07-26T12:00:04+00:00\",\"dateModified\":\"2022-02-09T10:06:06+00:00\",\"mainEntityOfPage\":{\"@id\":\"https:\\\/\\\/www.organisator.ch\\\/sustainability\\\/2021-07-26\\\/historische-gebaeude-waermegedaemmt-nach-aktuellem-stand\\\/\"},\"wordCount\":811,\"publisher\":{\"@id\":\"https:\\\/\\\/www.organisator.ch\\\/#organization\"},\"image\":{\"@id\":\"https:\\\/\\\/www.organisator.ch\\\/sustainability\\\/2021-07-26\\\/historische-gebaeude-waermegedaemmt-nach-aktuellem-stand\\\/#primaryimage\"},\"thumbnailUrl\":\"https:\\\/\\\/www.organisator.ch\\\/wp-content\\\/uploads\\\/2021\\\/07\\\/Madiswil-Muehlestock-Bild-1-scaled.jpg\",\"keywords\":[\"Aerogel\",\"Aerogel Architecture Award\",\"ENERGIE\",\"Sanierung\",\"Umbau\"],\"articleSection\":[\"SUSTAINABILITY\"],\"inLanguage\":\"de\"},{\"@type\":\"WebPage\",\"@id\":\"https:\\\/\\\/www.organisator.ch\\\/sustainability\\\/2021-07-26\\\/historische-gebaeude-waermegedaemmt-nach-aktuellem-stand\\\/\",\"url\":\"https:\\\/\\\/www.organisator.ch\\\/sustainability\\\/2021-07-26\\\/historische-gebaeude-waermegedaemmt-nach-aktuellem-stand\\\/\",\"name\":\"Historische Geb\u00e4ude \u2013 preisgekr\u00f6nt w\u00e4rmeged\u00e4mmt - Organisator\",\"isPartOf\":{\"@id\":\"https:\\\/\\\/www.organisator.ch\\\/#website\"},\"primaryImageOfPage\":{\"@id\":\"https:\\\/\\\/www.organisator.ch\\\/sustainability\\\/2021-07-26\\\/historische-gebaeude-waermegedaemmt-nach-aktuellem-stand\\\/#primaryimage\"},\"image\":{\"@id\":\"https:\\\/\\\/www.organisator.ch\\\/sustainability\\\/2021-07-26\\\/historische-gebaeude-waermegedaemmt-nach-aktuellem-stand\\\/#primaryimage\"},\"thumbnailUrl\":\"https:\\\/\\\/www.organisator.ch\\\/wp-content\\\/uploads\\\/2021\\\/07\\\/Madiswil-Muehlestock-Bild-1-scaled.jpg\",\"datePublished\":\"2021-07-26T12:00:04+00:00\",\"dateModified\":\"2022-02-09T10:06:06+00:00\",\"description\":\"K\u00fcrzlich wurde an der Empa erstmals der Aerogel Architecture Award verliehen, der gelungene energetische Sanierungen mit Aerogel-Materialien w\u00fcrdigt.\",\"breadcrumb\":{\"@id\":\"https:\\\/\\\/www.organisator.ch\\\/sustainability\\\/2021-07-26\\\/historische-gebaeude-waermegedaemmt-nach-aktuellem-stand\\\/#breadcrumb\"},\"inLanguage\":\"de\",\"potentialAction\":[{\"@type\":\"ReadAction\",\"target\":[\"https:\\\/\\\/www.organisator.ch\\\/sustainability\\\/2021-07-26\\\/historische-gebaeude-waermegedaemmt-nach-aktuellem-stand\\\/\"]}]},{\"@type\":\"ImageObject\",\"inLanguage\":\"de\",\"@id\":\"https:\\\/\\\/www.organisator.ch\\\/sustainability\\\/2021-07-26\\\/historische-gebaeude-waermegedaemmt-nach-aktuellem-stand\\\/#primaryimage\",\"url\":\"https:\\\/\\\/www.organisator.ch\\\/wp-content\\\/uploads\\\/2021\\\/07\\\/Madiswil-Muehlestock-Bild-1-scaled.jpg\",\"contentUrl\":\"https:\\\/\\\/www.organisator.ch\\\/wp-content\\\/uploads\\\/2021\\\/07\\\/Madiswil-Muehlestock-Bild-1-scaled.jpg\",\"width\":2560,\"height\":1709,\"caption\":\"Der 1. Preis ging an die M\u00fchle Madiswil in der Schweiz. Bild: Michael Ledermann.\"},{\"@type\":\"BreadcrumbList\",\"@id\":\"https:\\\/\\\/www.organisator.ch\\\/sustainability\\\/2021-07-26\\\/historische-gebaeude-waermegedaemmt-nach-aktuellem-stand\\\/#breadcrumb\",\"itemListElement\":[{\"@type\":\"ListItem\",\"position\":1,\"name\":\"Home\",\"item\":\"https:\\\/\\\/www.organisator.ch\\\/\"},{\"@type\":\"ListItem\",\"position\":2,\"name\":\"Historische Geb\u00e4ude \u2013 preisgekr\u00f6nt w\u00e4rmeged\u00e4mmt\"}]},{\"@type\":\"WebSite\",\"@id\":\"https:\\\/\\\/www.organisator.ch\\\/#website\",\"url\":\"https:\\\/\\\/www.organisator.ch\\\/\",\"name\":\"Organisator\",\"description\":\"Kompetent. Praxisnah. Der ORGANISATOR bereitet in 10 Ausgaben pro Jahr die wesentlichen Themen f\u00fcr F\u00fchrungskr\u00e4fte von KMU auf.\",\"publisher\":{\"@id\":\"https:\\\/\\\/www.organisator.ch\\\/#organization\"},\"potentialAction\":[{\"@type\":\"SearchAction\",\"target\":{\"@type\":\"EntryPoint\",\"urlTemplate\":\"https:\\\/\\\/www.organisator.ch\\\/?s={search_term_string}\"},\"query-input\":{\"@type\":\"PropertyValueSpecification\",\"valueRequired\":true,\"valueName\":\"search_term_string\"}}],\"inLanguage\":\"de\"},{\"@type\":\"Organization\",\"@id\":\"https:\\\/\\\/www.organisator.ch\\\/#organization\",\"name\":\"Organisator\",\"url\":\"https:\\\/\\\/www.organisator.ch\\\/\",\"logo\":{\"@type\":\"ImageObject\",\"inLanguage\":\"de\",\"@id\":\"https:\\\/\\\/www.organisator.ch\\\/#\\\/schema\\\/logo\\\/image\\\/\",\"url\":\"https:\\\/\\\/www.organisator.ch\\\/wp-content\\\/uploads\\\/2022\\\/01\\\/Logo_Organisator_Website.png\",\"contentUrl\":\"https:\\\/\\\/www.organisator.ch\\\/wp-content\\\/uploads\\\/2022\\\/01\\\/Logo_Organisator_Website.png\",\"width\":800,\"height\":77,\"caption\":\"Organisator\"},\"image\":{\"@id\":\"https:\\\/\\\/www.organisator.ch\\\/#\\\/schema\\\/logo\\\/image\\\/\"},\"sameAs\":[\"https:\\\/\\\/www.facebook.com\\\/OrganisatorFachmagazin\",\"https:\\\/\\\/www.linkedin.com\\\/showcase\\\/organisator-das-magazin-fr-kmu\",\"https:\\\/\\\/www.xing.com\\\/news\\\/pages\\\/organisator-ch-695\",\"https:\\\/\\\/www.youtube.com\\\/channel\\\/UCGP2Sq0iWaZwT3BdIAQFYpw\"]},{\"@type\":\"Person\",\"@id\":\"https:\\\/\\\/www.organisator.ch\\\/#\\\/schema\\\/person\\\/a800b8c54e208b160517a7dcc323161d\",\"name\":\"roger.straessle\",\"image\":{\"@type\":\"ImageObject\",\"inLanguage\":\"de\",\"@id\":\"https:\\\/\\\/secure.gravatar.com\\\/avatar\\\/?s=96&d=mm&r=g\",\"url\":\"https:\\\/\\\/secure.gravatar.com\\\/avatar\\\/?s=96&d=mm&r=g\",\"contentUrl\":\"https:\\\/\\\/secure.gravatar.com\\\/avatar\\\/?s=96&d=mm&r=g\",\"caption\":\"roger.straessle\"},\"url\":\"https:\\\/\\\/www.organisator.ch\\\/de\\\/author\\\/roger-straessle\\\/\"}]}<\/script>\n<!-- \/ Yoast SEO plugin. -->","yoast_head_json":{"title":"Historische Geb\u00e4ude \u2013 preisgekr\u00f6nt w\u00e4rmeged\u00e4mmt - Organisator","description":"K\u00fcrzlich wurde an der Empa erstmals der Aerogel Architecture Award verliehen, der gelungene energetische Sanierungen mit Aerogel-Materialien w\u00fcrdigt.","robots":{"index":"index","follow":"follow","max-snippet":"max-snippet:-1","max-image-preview":"max-image-preview:large","max-video-preview":"max-video-preview:-1"},"canonical":"https:\/\/www.organisator.ch\/de\/sustainability\/2021-07-26\/historische-gebaeude-waermegedaemmt-nach-aktuellem-stand\/","og_locale":"de_DE","og_type":"article","og_title":"Historische Geb\u00e4ude \u2013 preisgekr\u00f6nt w\u00e4rmeged\u00e4mmt - Organisator","og_description":"K\u00fcrzlich wurde an der Empa erstmals der Aerogel Architecture Award verliehen, der gelungene energetische Sanierungen mit Aerogel-Materialien w\u00fcrdigt.","og_url":"https:\/\/www.organisator.ch\/de\/sustainability\/2021-07-26\/historische-gebaeude-waermegedaemmt-nach-aktuellem-stand\/","og_site_name":"Organisator","article_publisher":"https:\/\/www.facebook.com\/OrganisatorFachmagazin","article_published_time":"2021-07-26T12:00:04+00:00","article_modified_time":"2022-02-09T10:06:06+00:00","og_image":[{"width":2560,"height":1709,"url":"https:\/\/www.organisator.ch\/wp-content\/uploads\/2021\/07\/Madiswil-Muehlestock-Bild-1-scaled.jpg","type":"image\/jpeg"}],"author":"roger.straessle","twitter_card":"summary_large_image","schema":{"@context":"https:\/\/schema.org","@graph":[{"@type":"Article","@id":"https:\/\/www.organisator.ch\/sustainability\/2021-07-26\/historische-gebaeude-waermegedaemmt-nach-aktuellem-stand\/#article","isPartOf":{"@id":"https:\/\/www.organisator.ch\/sustainability\/2021-07-26\/historische-gebaeude-waermegedaemmt-nach-aktuellem-stand\/"},"author":{"name":"roger.straessle","@id":"https:\/\/www.organisator.ch\/#\/schema\/person\/a800b8c54e208b160517a7dcc323161d"},"headline":"Historische Geb\u00e4ude \u2013 preisgekr\u00f6nt w\u00e4rmeged\u00e4mmt","datePublished":"2021-07-26T12:00:04+00:00","dateModified":"2022-02-09T10:06:06+00:00","mainEntityOfPage":{"@id":"https:\/\/www.organisator.ch\/sustainability\/2021-07-26\/historische-gebaeude-waermegedaemmt-nach-aktuellem-stand\/"},"wordCount":811,"publisher":{"@id":"https:\/\/www.organisator.ch\/#organization"},"image":{"@id":"https:\/\/www.organisator.ch\/sustainability\/2021-07-26\/historische-gebaeude-waermegedaemmt-nach-aktuellem-stand\/#primaryimage"},"thumbnailUrl":"https:\/\/www.organisator.ch\/wp-content\/uploads\/2021\/07\/Madiswil-Muehlestock-Bild-1-scaled.jpg","keywords":["Aerogel","Aerogel Architecture Award","ENERGIE","Sanierung","Umbau"],"articleSection":["SUSTAINABILITY"],"inLanguage":"de"},{"@type":"WebPage","@id":"https:\/\/www.organisator.ch\/sustainability\/2021-07-26\/historische-gebaeude-waermegedaemmt-nach-aktuellem-stand\/","url":"https:\/\/www.organisator.ch\/sustainability\/2021-07-26\/historische-gebaeude-waermegedaemmt-nach-aktuellem-stand\/","name":"Historische Geb\u00e4ude \u2013 preisgekr\u00f6nt w\u00e4rmeged\u00e4mmt - Organisator","isPartOf":{"@id":"https:\/\/www.organisator.ch\/#website"},"primaryImageOfPage":{"@id":"https:\/\/www.organisator.ch\/sustainability\/2021-07-26\/historische-gebaeude-waermegedaemmt-nach-aktuellem-stand\/#primaryimage"},"image":{"@id":"https:\/\/www.organisator.ch\/sustainability\/2021-07-26\/historische-gebaeude-waermegedaemmt-nach-aktuellem-stand\/#primaryimage"},"thumbnailUrl":"https:\/\/www.organisator.ch\/wp-content\/uploads\/2021\/07\/Madiswil-Muehlestock-Bild-1-scaled.jpg","datePublished":"2021-07-26T12:00:04+00:00","dateModified":"2022-02-09T10:06:06+00:00","description":"K\u00fcrzlich wurde an der Empa erstmals der Aerogel Architecture Award verliehen, der gelungene energetische Sanierungen mit Aerogel-Materialien w\u00fcrdigt.","breadcrumb":{"@id":"https:\/\/www.organisator.ch\/sustainability\/2021-07-26\/historische-gebaeude-waermegedaemmt-nach-aktuellem-stand\/#breadcrumb"},"inLanguage":"de","potentialAction":[{"@type":"ReadAction","target":["https:\/\/www.organisator.ch\/sustainability\/2021-07-26\/historische-gebaeude-waermegedaemmt-nach-aktuellem-stand\/"]}]},{"@type":"ImageObject","inLanguage":"de","@id":"https:\/\/www.organisator.ch\/sustainability\/2021-07-26\/historische-gebaeude-waermegedaemmt-nach-aktuellem-stand\/#primaryimage","url":"https:\/\/www.organisator.ch\/wp-content\/uploads\/2021\/07\/Madiswil-Muehlestock-Bild-1-scaled.jpg","contentUrl":"https:\/\/www.organisator.ch\/wp-content\/uploads\/2021\/07\/Madiswil-Muehlestock-Bild-1-scaled.jpg","width":2560,"height":1709,"caption":"Der 1. Preis ging an die M\u00fchle Madiswil in der Schweiz. Bild: Michael Ledermann."},{"@type":"BreadcrumbList","@id":"https:\/\/www.organisator.ch\/sustainability\/2021-07-26\/historische-gebaeude-waermegedaemmt-nach-aktuellem-stand\/#breadcrumb","itemListElement":[{"@type":"ListItem","position":1,"name":"Home","item":"https:\/\/www.organisator.ch\/"},{"@type":"ListItem","position":2,"name":"Historische Geb\u00e4ude \u2013 preisgekr\u00f6nt w\u00e4rmeged\u00e4mmt"}]},{"@type":"WebSite","@id":"https:\/\/www.organisator.ch\/#website","url":"https:\/\/www.organisator.ch\/","name":"Organisator","description":"Kompetent. Praxisnah. Der ORGANISATOR bereitet in 10 Ausgaben pro Jahr die wesentlichen Themen f\u00fcr F\u00fchrungskr\u00e4fte von KMU auf.","publisher":{"@id":"https:\/\/www.organisator.ch\/#organization"},"potentialAction":[{"@type":"SearchAction","target":{"@type":"EntryPoint","urlTemplate":"https:\/\/www.organisator.ch\/?s={search_term_string}"},"query-input":{"@type":"PropertyValueSpecification","valueRequired":true,"valueName":"search_term_string"}}],"inLanguage":"de"},{"@type":"Organization","@id":"https:\/\/www.organisator.ch\/#organization","name":"Organisator","url":"https:\/\/www.organisator.ch\/","logo":{"@type":"ImageObject","inLanguage":"de","@id":"https:\/\/www.organisator.ch\/#\/schema\/logo\/image\/","url":"https:\/\/www.organisator.ch\/wp-content\/uploads\/2022\/01\/Logo_Organisator_Website.png","contentUrl":"https:\/\/www.organisator.ch\/wp-content\/uploads\/2022\/01\/Logo_Organisator_Website.png","width":800,"height":77,"caption":"Organisator"},"image":{"@id":"https:\/\/www.organisator.ch\/#\/schema\/logo\/image\/"},"sameAs":["https:\/\/www.facebook.com\/OrganisatorFachmagazin","https:\/\/www.linkedin.com\/showcase\/organisator-das-magazin-fr-kmu","https:\/\/www.xing.com\/news\/pages\/organisator-ch-695","https:\/\/www.youtube.com\/channel\/UCGP2Sq0iWaZwT3BdIAQFYpw"]},{"@type":"Person","@id":"https:\/\/www.organisator.ch\/#\/schema\/person\/a800b8c54e208b160517a7dcc323161d","name":"roger.straessle","image":{"@type":"ImageObject","inLanguage":"de","@id":"https:\/\/secure.gravatar.com\/avatar\/?s=96&d=mm&r=g","url":"https:\/\/secure.gravatar.com\/avatar\/?s=96&d=mm&r=g","contentUrl":"https:\/\/secure.gravatar.com\/avatar\/?s=96&d=mm&r=g","caption":"roger.straessle"},"url":"https:\/\/www.organisator.ch\/de\/author\/roger-straessle\/"}]}},"_links":{"self":[{"href":"https:\/\/www.organisator.ch\/de\/wp-json\/wp\/v2\/posts\/10303","targetHints":{"allow":["GET"]}}],"collection":[{"href":"https:\/\/www.organisator.ch\/de\/wp-json\/wp\/v2\/posts"}],"about":[{"href":"https:\/\/www.organisator.ch\/de\/wp-json\/wp\/v2\/types\/post"}],"author":[{"embeddable":true,"href":"https:\/\/www.organisator.ch\/de\/wp-json\/wp\/v2\/users\/6"}],"replies":[{"embeddable":true,"href":"https:\/\/www.organisator.ch\/de\/wp-json\/wp\/v2\/comments?post=10303"}],"version-history":[{"count":1,"href":"https:\/\/www.organisator.ch\/de\/wp-json\/wp\/v2\/posts\/10303\/revisions"}],"predecessor-version":[{"id":10465,"href":"https:\/\/www.organisator.ch\/de\/wp-json\/wp\/v2\/posts\/10303\/revisions\/10465"}],"wp:featuredmedia":[{"embeddable":true,"href":"https:\/\/www.organisator.ch\/de\/wp-json\/wp\/v2\/media\/9824"}],"wp:attachment":[{"href":"https:\/\/www.organisator.ch\/de\/wp-json\/wp\/v2\/media?parent=10303"}],"wp:term":[{"taxonomy":"category","embeddable":true,"href":"https:\/\/www.organisator.ch\/de\/wp-json\/wp\/v2\/categories?post=10303"},{"taxonomy":"post_tag","embeddable":true,"href":"https:\/\/www.organisator.ch\/de\/wp-json\/wp\/v2\/tags?post=10303"}],"curies":[{"name":"wp","href":"https:\/\/api.w.org\/{rel}","templated":true}]}}