{"id":10306,"date":"2021-08-04T11:00:55","date_gmt":"2021-08-04T09:00:55","guid":{"rendered":"https:\/\/www.umweltperspektiven.ch\/?p=4635"},"modified":"2021-08-04T11:00:55","modified_gmt":"2021-08-04T09:00:55","slug":"kmu-impulsprogramm-innosuisse","status":"publish","type":"post","link":"https:\/\/www.organisator.ch\/de\/allgemein\/2021-08-04\/kmu-impulsprogramm-innosuisse\/","title":{"rendered":"KMU-Impulsprogramm f\u00fcr Innovationsprojekte"},"content":{"rendered":"<figure id=\"attachment_4638\" aria-describedby=\"caption-attachment-4638\" style=\"width: 680px\" class=\"wp-caption aligncenter\"><img loading=\"lazy\" decoding=\"async\" class=\"size-medium wp-image-4638\" src=\"\/\/www.umweltperspektiven.ch\/wp-content\/uploads\/2021\/07\/Depositphotos_32354595_s-2019.jpg\" alt=\"innosuisse\" width=\"680\" height=\"454\" srcset=\"https:\/\/www.organisator.ch\/wp-content\/uploads\/2021\/07\/Depositphotos_32354595_s-2019.jpg 1000w, https:\/\/www.organisator.ch\/wp-content\/uploads\/2021\/07\/Depositphotos_32354595_s-2019-680x454.jpg 680w, https:\/\/www.organisator.ch\/wp-content\/uploads\/2021\/07\/Depositphotos_32354595_s-2019-768x512.jpg 768w, https:\/\/www.organisator.ch\/wp-content\/uploads\/2021\/07\/Depositphotos_32354595_s-2019-18x12.jpg 18w, https:\/\/www.organisator.ch\/wp-content\/uploads\/2021\/07\/Depositphotos_32354595_s-2019-262x175.jpg 262w, https:\/\/www.organisator.ch\/wp-content\/uploads\/2021\/07\/Depositphotos_32354595_s-2019-525x350.jpg 525w, https:\/\/www.organisator.ch\/wp-content\/uploads\/2021\/07\/Depositphotos_32354595_s-2019-920x614.jpg 920w, https:\/\/www.organisator.ch\/wp-content\/uploads\/2021\/07\/Depositphotos_32354595_s-2019-300x200.jpg 300w\" sizes=\"auto, (max-width: 680px) 100vw, 680px\" \/><figcaption id=\"caption-attachment-4638\" class=\"wp-caption-text\">\u00a9 Depositphotos, sunemotion<\/figcaption><\/figure>\n<p>Anfang 2021 hat <a href=\"\/\/www.innosuisse.ch\">Innosuisse<\/a> zwei F\u00f6rderinitiativen neu lanciert. Annalise Eggimann, Direktorin von Innosuisse, ist zufrieden mit dem Start: \u00abDass Schweizer Unternehmen gerade auch in Krisenzeiten ihre Innovationen vorantreiben, hat uns bereits das vergangene Jahr gezeigt. Es freut mich, dass sich dieser Innovationswille auch in diesem Jahr fortsetzt\u00bb. Dies sei auch dringend n\u00f6tig, bekr\u00e4ftigt Eggimann, denn die Krise im Zusammenhang mit der Covid-19-Pandemie habe den Bedarf an strukturellen Ver\u00e4nderungen und insbesondere an der Digitalisierung der Wirtschaft massiv beschleunigt.<\/p>\n<h2><strong>Positive Zwischenbilanz<\/strong><\/h2>\n<p>Bereits nach einem halben Jahr zeige sich, dass das Impulsprogramm bei Schweizer Unternehmen auf ein grosses Bed\u00fcrfnis stosse. Mit dem Programm wolle der Bund in Zeiten der Covid-19-Pandemie gezielt wissenschaftsbasierte Innovationsprojekte von KMU mit bis 500 Vollzeitstellen stimulieren. Im ersten Halbjahr 2021 habe der Innovationsrat von Innosuisse 72 Impuls-Innovationsprojekte in der H\u00f6he von insgesamt 33,1 Millionen Franken bewilligt. Nachgefragt wurde bislang vor allem die erste Sondermassnahme, die eine Reduktion des Eigenbeitrages der KMU als Umsetzungspartner von 50% auf 30% sowie den m\u00f6glichen Erlass vom Cash-Beitrag vorsieht, wie die Schweizerische Agentur f\u00fcr Innovationsf\u00f6rderung schreibt. Das Spektrum der hier gef\u00f6rderten Projekte sei vielf\u00e4ltig: So unterst\u00fctze Innosuisse im Bereich Sozialwissenschaften und Business Management zum Beispiel die Entwicklung eines \u00abSharing Potential Accelerator\u00bb, der mit Analysen individuelle, zeitweise nicht genutzte Gegenst\u00e4nde identifiziert und sie anschliessend zu vermieten versuche. Mit dem Projekt \u00abVocalHUM\u00bb im ICT-Bereich werde ein intelligentes System entwickelt, das die Kommunikation zwischen Betreuenden und bettl\u00e4gerigen Patientinnen und Patienten verbessere, indem es ihre Sprachverst\u00e4ndlichkeit in Echtzeit erh\u00f6he.<\/p>\n<h2><strong>226 Mio. Franken f\u00fcr Impulsprogramm reserviert<\/strong><\/h2>\n<p>Gem\u00e4ss Angaben haben die Unternehmen bislang die zweite Massnahme weniger nachgefragt. Mit dieser will Innosuisse Innovationsprojekte von KMU unterst\u00fctzen, die den Pandemie-bedingten Strukturwandel angehen oder die das Potenzial f\u00fcr disruptive oder radikale Innovationen haben. Zus\u00e4tzlich m\u00fcssen diese Innovationsprojekte das spezifische Wissen eines spezialisierten Drittanbieters erfordern, wie es heisst.<\/p>\n<p>Die Eingabe von Innovationsprojekten im Rahmen des Impulsprogramms ist noch bis Ende 2022 m\u00f6glich. Insgesamt sind 226 Millionen f\u00fcr die F\u00f6rderung des Impulsprogramms reserviert.<\/p>\n<h2><strong>78 Vorantr\u00e4ge f\u00fcr Flagship-Projekte eingereicht<\/strong><\/h2>\n<p>Auch die <a href=\"\/\/www.innosuisse.ch\/inno\/de\/home\/ueber-uns\/News\/flagship-initiative.html\">Flagship-Initiative<\/a> st\u00f6sst auf grosses Interesse, wie Innosuisse betont. Man habe dieses Programm im Januar 2021 ins Leben gerufen, um angesichts der aktuellen wirtschaftlichen und gesellschaftlichen Herausforderungen der Schweiz, Impulse f\u00fcr systemische Innovationen zu setzen. Im Rahmen der ersten Ausschreibung seien 43 Vorantr\u00e4ge zum ersten Themenschwerpunkt \u00abBew\u00e4ltigung der durch Covid-19 induzierten Beschleunigung der digitalen Transformation\u00bb und 35 zum zweiten Themenschwerpunkt \u00abVerbesserung der Widerstandsf\u00e4higkeit und Nachhaltigkeit und Verringerung der Anf\u00e4lligkeit von Gesellschaft, Infrastruktur und Prozessen\u00bb eingereicht worden. Der Innovationsrat habe nach einer ersten Evaluation 33 Konsortien empfohlen, bis am 13. August 2021 einen vollst\u00e4ndigen Antrag einzureichen. Der definitive Entscheid falle Anfang Oktober. Danach k\u00f6nnten die ersten Flagships starten.<\/p>\n<h2><strong>Regul\u00e4res F\u00f6rdergesch\u00e4ft ist auf Kurs<\/strong><\/h2>\n<p>Auch das regul\u00e4re F\u00f6rdergesch\u00e4ft laufe im ersten Halbjahr 2021 auf sehr gutem Niveau weiter, so Innosuisse. Aktuelle Zahlen zu den nationalen und internationalen Innovationsprojekten, zum Start-up Coaching Programm und dem Mentoring-Angebot sind im Zahlenblatt zu finden.<\/p>\n<p><a href=\"\/\/www.newsd.admin.ch\/newsd\/message\/attachments\/67593.pdf\"><em>Hier geht\u2019s zu den Zahlen zum Innosuisse-F\u00f6rdergesch\u00e4ft 1. Halbjahr 2021.<\/em><\/a><\/p>\n","protected":false},"excerpt":{"rendered":"<p>Anfang 2021 hat Innosuisse zwei F\u00f6rderinitiativen neu lanciert. Annalise Eggimann, Direktorin von Innosuisse, ist zufrieden mit dem Start: \u00abDass Schweizer Unternehmen gerade auch in Krisenzeiten ihre Innovationen vorantreiben, hat uns bereits das vergangene Jahr gezeigt. Es freut mich, dass sich dieser Innovationswille auch in diesem Jahr fortsetzt\u00bb. Dies sei auch dringend n\u00f6tig, bekr\u00e4ftigt Eggimann, denn [&hellip;]<\/p>\n","protected":false},"author":6,"featured_media":4638,"comment_status":"closed","ping_status":"closed","sticky":false,"template":"","format":"standard","meta":{"_acf_changed":false,"_yoast_wpseo_focuskw":"Innosuisse","_yoast_wpseo_metadesc":"Impulsprogramms \u00abInnovationskraft Schweiz\u00bb f\u00fcr KMU: Noch bis Ende 2022 ist die Projekteingabe im Rahmen des Programms m\u00f6glich. 226 Millionen stehen","articlekey":"","footnotes":""},"categories":[1],"tags":[273,1420],"class_list":["post-10306","post","type-post","status-publish","format-standard","has-post-thumbnail","hentry","category-allgemein","tag-innosuisse","tag-innovationsprogramm"],"acf":[],"yoast_head":"<!-- This site is optimized with the Yoast SEO plugin v27.5 - https:\/\/yoast.com\/product\/yoast-seo-wordpress\/ -->\n<title>KMU-Impulsprogramm f\u00fcr Innovationsprojekte - Organisator<\/title>\n<meta name=\"description\" content=\"Impulsprogramms \u00abInnovationskraft Schweiz\u00bb f\u00fcr KMU: Noch bis Ende 2022 ist die Projekteingabe im Rahmen des Programms m\u00f6glich. 226 Millionen stehen\" \/>\n<meta name=\"robots\" content=\"index, follow, max-snippet:-1, max-image-preview:large, max-video-preview:-1\" \/>\n<link rel=\"canonical\" href=\"https:\/\/www.organisator.ch\/de\/allgemein\/2021-08-04\/kmu-impulsprogramm-innosuisse\/\" \/>\n<meta property=\"og:locale\" content=\"de_DE\" \/>\n<meta property=\"og:type\" content=\"article\" \/>\n<meta property=\"og:title\" content=\"KMU-Impulsprogramm f\u00fcr Innovationsprojekte - Organisator\" \/>\n<meta property=\"og:description\" content=\"Impulsprogramms \u00abInnovationskraft Schweiz\u00bb f\u00fcr KMU: Noch bis Ende 2022 ist die Projekteingabe im Rahmen des Programms m\u00f6glich. 226 Millionen stehen\" \/>\n<meta property=\"og:url\" content=\"https:\/\/www.organisator.ch\/de\/allgemein\/2021-08-04\/kmu-impulsprogramm-innosuisse\/\" \/>\n<meta property=\"og:site_name\" content=\"Organisator\" \/>\n<meta property=\"article:publisher\" content=\"https:\/\/www.facebook.com\/OrganisatorFachmagazin\" \/>\n<meta property=\"article:published_time\" content=\"2021-08-04T09:00:55+00:00\" \/>\n<meta property=\"og:image\" content=\"https:\/\/www.organisator.ch\/wp-content\/uploads\/2021\/07\/Depositphotos_32354595_s-2019.jpg\" \/>\n\t<meta property=\"og:image:width\" content=\"1000\" \/>\n\t<meta property=\"og:image:height\" content=\"667\" \/>\n\t<meta property=\"og:image:type\" content=\"image\/jpeg\" \/>\n<meta name=\"author\" content=\"roger.straessle\" \/>\n<meta name=\"twitter:card\" content=\"summary_large_image\" \/>\n<script type=\"application\/ld+json\" class=\"yoast-schema-graph\">{\"@context\":\"https:\\\/\\\/schema.org\",\"@graph\":[{\"@type\":\"Article\",\"@id\":\"https:\\\/\\\/www.organisator.ch\\\/de\\\/allgemein\\\/2021-08-04\\\/kmu-impulsprogramm-innosuisse\\\/#article\",\"isPartOf\":{\"@id\":\"https:\\\/\\\/www.organisator.ch\\\/de\\\/allgemein\\\/2021-08-04\\\/kmu-impulsprogramm-innosuisse\\\/\"},\"author\":{\"name\":\"roger.straessle\",\"@id\":\"https:\\\/\\\/www.organisator.ch\\\/#\\\/schema\\\/person\\\/a800b8c54e208b160517a7dcc323161d\"},\"headline\":\"KMU-Impulsprogramm f\u00fcr Innovationsprojekte\",\"datePublished\":\"2021-08-04T09:00:55+00:00\",\"mainEntityOfPage\":{\"@id\":\"https:\\\/\\\/www.organisator.ch\\\/de\\\/allgemein\\\/2021-08-04\\\/kmu-impulsprogramm-innosuisse\\\/\"},\"wordCount\":522,\"publisher\":{\"@id\":\"https:\\\/\\\/www.organisator.ch\\\/#organization\"},\"image\":{\"@id\":\"https:\\\/\\\/www.organisator.ch\\\/de\\\/allgemein\\\/2021-08-04\\\/kmu-impulsprogramm-innosuisse\\\/#primaryimage\"},\"thumbnailUrl\":\"https:\\\/\\\/www.organisator.ch\\\/wp-content\\\/uploads\\\/2021\\\/07\\\/Depositphotos_32354595_s-2019.jpg\",\"keywords\":[\"Innosuisse\",\"Innovationsprogramm\"],\"inLanguage\":\"de\"},{\"@type\":\"WebPage\",\"@id\":\"https:\\\/\\\/www.organisator.ch\\\/de\\\/allgemein\\\/2021-08-04\\\/kmu-impulsprogramm-innosuisse\\\/\",\"url\":\"https:\\\/\\\/www.organisator.ch\\\/de\\\/allgemein\\\/2021-08-04\\\/kmu-impulsprogramm-innosuisse\\\/\",\"name\":\"KMU-Impulsprogramm f\u00fcr Innovationsprojekte - Organisator\",\"isPartOf\":{\"@id\":\"https:\\\/\\\/www.organisator.ch\\\/#website\"},\"primaryImageOfPage\":{\"@id\":\"https:\\\/\\\/www.organisator.ch\\\/de\\\/allgemein\\\/2021-08-04\\\/kmu-impulsprogramm-innosuisse\\\/#primaryimage\"},\"image\":{\"@id\":\"https:\\\/\\\/www.organisator.ch\\\/de\\\/allgemein\\\/2021-08-04\\\/kmu-impulsprogramm-innosuisse\\\/#primaryimage\"},\"thumbnailUrl\":\"https:\\\/\\\/www.organisator.ch\\\/wp-content\\\/uploads\\\/2021\\\/07\\\/Depositphotos_32354595_s-2019.jpg\",\"datePublished\":\"2021-08-04T09:00:55+00:00\",\"description\":\"Impulsprogramms \u00abInnovationskraft Schweiz\u00bb f\u00fcr KMU: Noch bis Ende 2022 ist die Projekteingabe im Rahmen des Programms m\u00f6glich. 226 Millionen stehen\",\"breadcrumb\":{\"@id\":\"https:\\\/\\\/www.organisator.ch\\\/de\\\/allgemein\\\/2021-08-04\\\/kmu-impulsprogramm-innosuisse\\\/#breadcrumb\"},\"inLanguage\":\"de\",\"potentialAction\":[{\"@type\":\"ReadAction\",\"target\":[\"https:\\\/\\\/www.organisator.ch\\\/de\\\/allgemein\\\/2021-08-04\\\/kmu-impulsprogramm-innosuisse\\\/\"]}]},{\"@type\":\"ImageObject\",\"inLanguage\":\"de\",\"@id\":\"https:\\\/\\\/www.organisator.ch\\\/de\\\/allgemein\\\/2021-08-04\\\/kmu-impulsprogramm-innosuisse\\\/#primaryimage\",\"url\":\"https:\\\/\\\/www.organisator.ch\\\/wp-content\\\/uploads\\\/2021\\\/07\\\/Depositphotos_32354595_s-2019.jpg\",\"contentUrl\":\"https:\\\/\\\/www.organisator.ch\\\/wp-content\\\/uploads\\\/2021\\\/07\\\/Depositphotos_32354595_s-2019.jpg\",\"width\":1000,\"height\":667,\"caption\":\"\u00a9 Depositphotos, sunemotion\"},{\"@type\":\"BreadcrumbList\",\"@id\":\"https:\\\/\\\/www.organisator.ch\\\/de\\\/allgemein\\\/2021-08-04\\\/kmu-impulsprogramm-innosuisse\\\/#breadcrumb\",\"itemListElement\":[{\"@type\":\"ListItem\",\"position\":1,\"name\":\"Home\",\"item\":\"https:\\\/\\\/www.organisator.ch\\\/\"},{\"@type\":\"ListItem\",\"position\":2,\"name\":\"KMU-Impulsprogramm f\u00fcr Innovationsprojekte\"}]},{\"@type\":\"WebSite\",\"@id\":\"https:\\\/\\\/www.organisator.ch\\\/#website\",\"url\":\"https:\\\/\\\/www.organisator.ch\\\/\",\"name\":\"Organisator\",\"description\":\"Kompetent. Praxisnah. Der ORGANISATOR bereitet in 10 Ausgaben pro Jahr die wesentlichen Themen f\u00fcr F\u00fchrungskr\u00e4fte von KMU auf.\",\"publisher\":{\"@id\":\"https:\\\/\\\/www.organisator.ch\\\/#organization\"},\"potentialAction\":[{\"@type\":\"SearchAction\",\"target\":{\"@type\":\"EntryPoint\",\"urlTemplate\":\"https:\\\/\\\/www.organisator.ch\\\/?s={search_term_string}\"},\"query-input\":{\"@type\":\"PropertyValueSpecification\",\"valueRequired\":true,\"valueName\":\"search_term_string\"}}],\"inLanguage\":\"de\"},{\"@type\":\"Organization\",\"@id\":\"https:\\\/\\\/www.organisator.ch\\\/#organization\",\"name\":\"Organisator\",\"url\":\"https:\\\/\\\/www.organisator.ch\\\/\",\"logo\":{\"@type\":\"ImageObject\",\"inLanguage\":\"de\",\"@id\":\"https:\\\/\\\/www.organisator.ch\\\/#\\\/schema\\\/logo\\\/image\\\/\",\"url\":\"https:\\\/\\\/www.organisator.ch\\\/wp-content\\\/uploads\\\/2022\\\/01\\\/Logo_Organisator_Website.png\",\"contentUrl\":\"https:\\\/\\\/www.organisator.ch\\\/wp-content\\\/uploads\\\/2022\\\/01\\\/Logo_Organisator_Website.png\",\"width\":800,\"height\":77,\"caption\":\"Organisator\"},\"image\":{\"@id\":\"https:\\\/\\\/www.organisator.ch\\\/#\\\/schema\\\/logo\\\/image\\\/\"},\"sameAs\":[\"https:\\\/\\\/www.facebook.com\\\/OrganisatorFachmagazin\",\"https:\\\/\\\/www.linkedin.com\\\/showcase\\\/organisator-das-magazin-fr-kmu\",\"https:\\\/\\\/www.xing.com\\\/news\\\/pages\\\/organisator-ch-695\",\"https:\\\/\\\/www.youtube.com\\\/channel\\\/UCGP2Sq0iWaZwT3BdIAQFYpw\"]},{\"@type\":\"Person\",\"@id\":\"https:\\\/\\\/www.organisator.ch\\\/#\\\/schema\\\/person\\\/a800b8c54e208b160517a7dcc323161d\",\"name\":\"roger.straessle\",\"image\":{\"@type\":\"ImageObject\",\"inLanguage\":\"de\",\"@id\":\"https:\\\/\\\/secure.gravatar.com\\\/avatar\\\/?s=96&d=mm&r=g\",\"url\":\"https:\\\/\\\/secure.gravatar.com\\\/avatar\\\/?s=96&d=mm&r=g\",\"contentUrl\":\"https:\\\/\\\/secure.gravatar.com\\\/avatar\\\/?s=96&d=mm&r=g\",\"caption\":\"roger.straessle\"},\"url\":\"https:\\\/\\\/www.organisator.ch\\\/de\\\/author\\\/roger-straessle\\\/\"}]}<\/script>\n<!-- \/ Yoast SEO plugin. -->","yoast_head_json":{"title":"KMU-Impulsprogramm f\u00fcr Innovationsprojekte - Organisator","description":"Impulsprogramms \u00abInnovationskraft Schweiz\u00bb f\u00fcr KMU: Noch bis Ende 2022 ist die Projekteingabe im Rahmen des Programms m\u00f6glich. 226 Millionen stehen","robots":{"index":"index","follow":"follow","max-snippet":"max-snippet:-1","max-image-preview":"max-image-preview:large","max-video-preview":"max-video-preview:-1"},"canonical":"https:\/\/www.organisator.ch\/de\/allgemein\/2021-08-04\/kmu-impulsprogramm-innosuisse\/","og_locale":"de_DE","og_type":"article","og_title":"KMU-Impulsprogramm f\u00fcr Innovationsprojekte - Organisator","og_description":"Impulsprogramms \u00abInnovationskraft Schweiz\u00bb f\u00fcr KMU: Noch bis Ende 2022 ist die Projekteingabe im Rahmen des Programms m\u00f6glich. 226 Millionen stehen","og_url":"https:\/\/www.organisator.ch\/de\/allgemein\/2021-08-04\/kmu-impulsprogramm-innosuisse\/","og_site_name":"Organisator","article_publisher":"https:\/\/www.facebook.com\/OrganisatorFachmagazin","article_published_time":"2021-08-04T09:00:55+00:00","og_image":[{"width":1000,"height":667,"url":"https:\/\/www.organisator.ch\/wp-content\/uploads\/2021\/07\/Depositphotos_32354595_s-2019.jpg","type":"image\/jpeg"}],"author":"roger.straessle","twitter_card":"summary_large_image","schema":{"@context":"https:\/\/schema.org","@graph":[{"@type":"Article","@id":"https:\/\/www.organisator.ch\/de\/allgemein\/2021-08-04\/kmu-impulsprogramm-innosuisse\/#article","isPartOf":{"@id":"https:\/\/www.organisator.ch\/de\/allgemein\/2021-08-04\/kmu-impulsprogramm-innosuisse\/"},"author":{"name":"roger.straessle","@id":"https:\/\/www.organisator.ch\/#\/schema\/person\/a800b8c54e208b160517a7dcc323161d"},"headline":"KMU-Impulsprogramm f\u00fcr Innovationsprojekte","datePublished":"2021-08-04T09:00:55+00:00","mainEntityOfPage":{"@id":"https:\/\/www.organisator.ch\/de\/allgemein\/2021-08-04\/kmu-impulsprogramm-innosuisse\/"},"wordCount":522,"publisher":{"@id":"https:\/\/www.organisator.ch\/#organization"},"image":{"@id":"https:\/\/www.organisator.ch\/de\/allgemein\/2021-08-04\/kmu-impulsprogramm-innosuisse\/#primaryimage"},"thumbnailUrl":"https:\/\/www.organisator.ch\/wp-content\/uploads\/2021\/07\/Depositphotos_32354595_s-2019.jpg","keywords":["Innosuisse","Innovationsprogramm"],"inLanguage":"de"},{"@type":"WebPage","@id":"https:\/\/www.organisator.ch\/de\/allgemein\/2021-08-04\/kmu-impulsprogramm-innosuisse\/","url":"https:\/\/www.organisator.ch\/de\/allgemein\/2021-08-04\/kmu-impulsprogramm-innosuisse\/","name":"KMU-Impulsprogramm f\u00fcr Innovationsprojekte - Organisator","isPartOf":{"@id":"https:\/\/www.organisator.ch\/#website"},"primaryImageOfPage":{"@id":"https:\/\/www.organisator.ch\/de\/allgemein\/2021-08-04\/kmu-impulsprogramm-innosuisse\/#primaryimage"},"image":{"@id":"https:\/\/www.organisator.ch\/de\/allgemein\/2021-08-04\/kmu-impulsprogramm-innosuisse\/#primaryimage"},"thumbnailUrl":"https:\/\/www.organisator.ch\/wp-content\/uploads\/2021\/07\/Depositphotos_32354595_s-2019.jpg","datePublished":"2021-08-04T09:00:55+00:00","description":"Impulsprogramms \u00abInnovationskraft Schweiz\u00bb f\u00fcr KMU: Noch bis Ende 2022 ist die Projekteingabe im Rahmen des Programms m\u00f6glich. 226 Millionen stehen","breadcrumb":{"@id":"https:\/\/www.organisator.ch\/de\/allgemein\/2021-08-04\/kmu-impulsprogramm-innosuisse\/#breadcrumb"},"inLanguage":"de","potentialAction":[{"@type":"ReadAction","target":["https:\/\/www.organisator.ch\/de\/allgemein\/2021-08-04\/kmu-impulsprogramm-innosuisse\/"]}]},{"@type":"ImageObject","inLanguage":"de","@id":"https:\/\/www.organisator.ch\/de\/allgemein\/2021-08-04\/kmu-impulsprogramm-innosuisse\/#primaryimage","url":"https:\/\/www.organisator.ch\/wp-content\/uploads\/2021\/07\/Depositphotos_32354595_s-2019.jpg","contentUrl":"https:\/\/www.organisator.ch\/wp-content\/uploads\/2021\/07\/Depositphotos_32354595_s-2019.jpg","width":1000,"height":667,"caption":"\u00a9 Depositphotos, sunemotion"},{"@type":"BreadcrumbList","@id":"https:\/\/www.organisator.ch\/de\/allgemein\/2021-08-04\/kmu-impulsprogramm-innosuisse\/#breadcrumb","itemListElement":[{"@type":"ListItem","position":1,"name":"Home","item":"https:\/\/www.organisator.ch\/"},{"@type":"ListItem","position":2,"name":"KMU-Impulsprogramm f\u00fcr Innovationsprojekte"}]},{"@type":"WebSite","@id":"https:\/\/www.organisator.ch\/#website","url":"https:\/\/www.organisator.ch\/","name":"Organisator","description":"Kompetent. Praxisnah. Der ORGANISATOR bereitet in 10 Ausgaben pro Jahr die wesentlichen Themen f\u00fcr F\u00fchrungskr\u00e4fte von KMU auf.","publisher":{"@id":"https:\/\/www.organisator.ch\/#organization"},"potentialAction":[{"@type":"SearchAction","target":{"@type":"EntryPoint","urlTemplate":"https:\/\/www.organisator.ch\/?s={search_term_string}"},"query-input":{"@type":"PropertyValueSpecification","valueRequired":true,"valueName":"search_term_string"}}],"inLanguage":"de"},{"@type":"Organization","@id":"https:\/\/www.organisator.ch\/#organization","name":"Organisator","url":"https:\/\/www.organisator.ch\/","logo":{"@type":"ImageObject","inLanguage":"de","@id":"https:\/\/www.organisator.ch\/#\/schema\/logo\/image\/","url":"https:\/\/www.organisator.ch\/wp-content\/uploads\/2022\/01\/Logo_Organisator_Website.png","contentUrl":"https:\/\/www.organisator.ch\/wp-content\/uploads\/2022\/01\/Logo_Organisator_Website.png","width":800,"height":77,"caption":"Organisator"},"image":{"@id":"https:\/\/www.organisator.ch\/#\/schema\/logo\/image\/"},"sameAs":["https:\/\/www.facebook.com\/OrganisatorFachmagazin","https:\/\/www.linkedin.com\/showcase\/organisator-das-magazin-fr-kmu","https:\/\/www.xing.com\/news\/pages\/organisator-ch-695","https:\/\/www.youtube.com\/channel\/UCGP2Sq0iWaZwT3BdIAQFYpw"]},{"@type":"Person","@id":"https:\/\/www.organisator.ch\/#\/schema\/person\/a800b8c54e208b160517a7dcc323161d","name":"roger.straessle","image":{"@type":"ImageObject","inLanguage":"de","@id":"https:\/\/secure.gravatar.com\/avatar\/?s=96&d=mm&r=g","url":"https:\/\/secure.gravatar.com\/avatar\/?s=96&d=mm&r=g","contentUrl":"https:\/\/secure.gravatar.com\/avatar\/?s=96&d=mm&r=g","caption":"roger.straessle"},"url":"https:\/\/www.organisator.ch\/de\/author\/roger-straessle\/"}]}},"_links":{"self":[{"href":"https:\/\/www.organisator.ch\/de\/wp-json\/wp\/v2\/posts\/10306","targetHints":{"allow":["GET"]}}],"collection":[{"href":"https:\/\/www.organisator.ch\/de\/wp-json\/wp\/v2\/posts"}],"about":[{"href":"https:\/\/www.organisator.ch\/de\/wp-json\/wp\/v2\/types\/post"}],"author":[{"embeddable":true,"href":"https:\/\/www.organisator.ch\/de\/wp-json\/wp\/v2\/users\/6"}],"replies":[{"embeddable":true,"href":"https:\/\/www.organisator.ch\/de\/wp-json\/wp\/v2\/comments?post=10306"}],"version-history":[{"count":0,"href":"https:\/\/www.organisator.ch\/de\/wp-json\/wp\/v2\/posts\/10306\/revisions"}],"wp:featuredmedia":[{"embeddable":true,"href":"https:\/\/www.organisator.ch\/de\/wp-json\/wp\/v2\/media\/4638"}],"wp:attachment":[{"href":"https:\/\/www.organisator.ch\/de\/wp-json\/wp\/v2\/media?parent=10306"}],"wp:term":[{"taxonomy":"category","embeddable":true,"href":"https:\/\/www.organisator.ch\/de\/wp-json\/wp\/v2\/categories?post=10306"},{"taxonomy":"post_tag","embeddable":true,"href":"https:\/\/www.organisator.ch\/de\/wp-json\/wp\/v2\/tags?post=10306"}],"curies":[{"name":"wp","href":"https:\/\/api.w.org\/{rel}","templated":true}]}}