{"id":10308,"date":"2021-08-05T14:42:59","date_gmt":"2021-08-05T12:42:59","guid":{"rendered":"https:\/\/www.umweltperspektiven.ch\/?p=4667"},"modified":"2021-08-05T14:42:59","modified_gmt":"2021-08-05T12:42:59","slug":"netto-null-gilt-auch-fuer-den-bodenschutz","status":"publish","type":"post","link":"https:\/\/www.organisator.ch\/de\/allgemein\/2021-08-05\/netto-null-gilt-auch-fuer-den-bodenschutz\/","title":{"rendered":"Netto null gilt auch f\u00fcr den Bodenschutz"},"content":{"rendered":"<figure id=\"attachment_4668\" aria-describedby=\"caption-attachment-4668\" style=\"width: 680px\" class=\"wp-caption alignnone\"><img loading=\"lazy\" decoding=\"async\" class=\"size-medium wp-image-4668\" src=\"\/\/www.umweltperspektiven.ch\/wp-content\/uploads\/2021\/08\/Foto-8.png\" alt=\"\" width=\"680\" height=\"425\" srcset=\"https:\/\/www.organisator.ch\/wp-content\/uploads\/2021\/08\/Foto-8.png 1024w, https:\/\/www.organisator.ch\/wp-content\/uploads\/2021\/08\/Foto-8-680x425.png 680w, https:\/\/www.organisator.ch\/wp-content\/uploads\/2021\/08\/Foto-8-768x480.png 768w, https:\/\/www.organisator.ch\/wp-content\/uploads\/2021\/08\/Foto-8-18x12.png 18w, https:\/\/www.organisator.ch\/wp-content\/uploads\/2021\/08\/Foto-8-280x175.png 280w, https:\/\/www.organisator.ch\/wp-content\/uploads\/2021\/08\/Foto-8-560x350.png 560w, https:\/\/www.organisator.ch\/wp-content\/uploads\/2021\/08\/Foto-8-920x575.png 920w, https:\/\/www.organisator.ch\/wp-content\/uploads\/2021\/08\/Foto-8-300x188.png 300w\" sizes=\"auto, (max-width: 680px) 100vw, 680px\" \/><figcaption id=\"caption-attachment-4668\" class=\"wp-caption-text\">Kr\u00fcmelig und feucht soll sie sein, die ideale Erde, die wieder zu einer Fruchtfolgefl\u00e4che verbaut wird. \u00a9 Martin Bichsel<\/figcaption><\/figure>\n<p>Durch Baut\u00e4tigkeit, Erosion oder Schadstoffe wird der Boden in der Schweiz von vielen Seiten her belastet. Um diesem Umstand entgegenzuwirken, hat der Bundesrat 2020 die Bodenstrategie Schweiz verabschiedet und mit einem Massnahmenpaket konkretisiert. Das Kernanliegen ist es, dass in der Schweiz bis 2050 netto kein Boden mehr verloren geht.<\/p>\n<p>Im neuen Heft <a href=\"\/\/www.are.admin.ch\/are\/de\/home\/medien-und-publikationen\/forum-raumentwicklung\/forum-raumentwicklung-1-21.html\">\u00abForum Raumentwicklung\u00bb<\/a> des Bundesamts f\u00fcr Raumentwicklung ARE wird gezeigt, wie eine nachhaltige Raumentwicklung dazu beitragen kann, den Boden langfristig zu erhalten .\u00abNetto-Null\u00bb gilt nach dem Klimaschutz also auch f\u00fcr den Bodenschutz \u2013 und diese parallele Politik ist nicht zuf\u00e4llig, macht Damian Jerjen, Direktor des Verbands f\u00fcr Raumplanung EspaceSuisse, in seinem Beitrag deutlich: \u00abDie Raumplanung steht in der Verantwortung, ihre Instrumente f\u00fcr den Klimaschutz zu nutzen und so auch den Boden zu sch\u00fctzen.\u00bb Denn diese m\u00fcssen einerseits einen maximalen Beitrag zum Klimaschutz leisten. Anderseits helfen sie, sich an die unvermeidlichen Folgen des Klimawandels anzupassen.<\/p>\n<p>In der Vergangenheit haben viele Fl\u00e4chen aufgrund von menschlichen Einwirkungen an Qualit\u00e4t verloren. Doch gesch\u00e4digte B\u00f6den scheiden nicht zwangsl\u00e4ufig f\u00fcr immer aus der landwirtschaftlichen Nutzung aus, wie ein Text aus dem Kanton Z\u00fcrich zeigt. Die systematisch erfassten Hinweisfl\u00e4chen f\u00fcr anthropogene B\u00f6den listen auf, wo abgetragenes Erdreich verwertet werden und wom\u00f6glich zur Schaffung einer neuen Fruchtfolgefl\u00e4che beitragen kann. Umgekehrt erlaubt die Karte, Einzonungen und Bauvorhaben so zu lenken, dass nat\u00fcrlich gebliebene B\u00f6den m\u00f6glichst verschont bleiben.<\/p>\n<p>Im Interview fordert Ad\u00e8le Thorens Goumaz, St\u00e4nder\u00e4tin (VD) und Expertin f\u00fcr Biodiversit\u00e4tsfragen, ein gr\u00f6sseres Fachwissen \u00fcber die Bodenqualit\u00e4t zu entwickeln. Eine Krux sei zudem die dezentrale Entscheidungsstruktur, die bei der Raumplanung und beim quantitativen Bodenmanagement zu Problemen f\u00fchre. Thorens Goumaz schl\u00e4gt vor, sich zun\u00e4chst \u00fcber die Landwirtschaft der Zukunft einig zu werden. \u00abErst dann sollten wir an der Raumplanung arbeiten, nicht umgekehrt.\u00bb<\/p>\n<p>Die Reportage schliesslich illustriert, wie heute, nach dem Abschluss der Arbeiten am Ceneri-Basistunnel, die w\u00e4hrend 15 Jahren genutzte Baustelle renaturiert wird. Enorme Massen an Erde, die sorgf\u00e4ltig zwischengelagert wurden, gelangen wieder in ihre urspr\u00fcngliche Parzelle zur\u00fcck, werden zu fruchtbarem Boden aufgebaut und k\u00f6nnen schon in wenigen Jahren wieder f\u00fcr den Gem\u00fcseanbau genutzt werden.<\/p>\n<p><em>Quelle: Bundesamt f\u00fcr Raumentwicklung<\/em><\/p>\n<p>&nbsp;<\/p>\n","protected":false},"excerpt":{"rendered":"<p>Durch Baut\u00e4tigkeit, Erosion oder Schadstoffe wird der Boden in der Schweiz von vielen Seiten her belastet. Um diesem Umstand entgegenzuwirken, hat der Bundesrat 2020 die Bodenstrategie Schweiz verabschiedet und mit einem Massnahmenpaket konkretisiert. Das Kernanliegen ist es, dass in der Schweiz bis 2050 netto kein Boden mehr verloren geht. Im neuen Heft \u00abForum Raumentwicklung\u00bb des [&hellip;]<\/p>\n","protected":false},"author":6,"featured_media":4668,"comment_status":"closed","ping_status":"closed","sticky":false,"template":"","format":"standard","meta":{"_acf_changed":false,"_yoast_wpseo_focuskw":"Bodenschutz","_yoast_wpseo_metadesc":"Bodenschutz ist wichtig: Das neue Heft \u00abForum Raumentwicklung\u00bb zeigt, wie eine nachhaltige Raumentwicklung den Boden langfristig sch\u00fctzen kann.","articlekey":"","footnotes":""},"categories":[1],"tags":[858,859,1981],"class_list":["post-10308","post","type-post","status-publish","format-standard","has-post-thumbnail","hentry","category-allgemein","tag-boden","tag-bodenschutz","tag-raumplanung"],"acf":[],"yoast_head":"<!-- This site is optimized with the Yoast SEO plugin v27.5 - https:\/\/yoast.com\/product\/yoast-seo-wordpress\/ -->\n<title>Netto null gilt auch f\u00fcr den Bodenschutz - Organisator<\/title>\n<meta name=\"description\" content=\"Bodenschutz ist wichtig: Das neue Heft \u00abForum Raumentwicklung\u00bb zeigt, wie eine nachhaltige Raumentwicklung den Boden langfristig sch\u00fctzen kann.\" \/>\n<meta name=\"robots\" content=\"index, follow, max-snippet:-1, max-image-preview:large, max-video-preview:-1\" \/>\n<link rel=\"canonical\" href=\"https:\/\/www.organisator.ch\/de\/allgemein\/2021-08-05\/netto-null-gilt-auch-fuer-den-bodenschutz\/\" \/>\n<meta property=\"og:locale\" content=\"de_DE\" \/>\n<meta property=\"og:type\" content=\"article\" \/>\n<meta property=\"og:title\" content=\"Netto null gilt auch f\u00fcr den Bodenschutz - Organisator\" \/>\n<meta property=\"og:description\" content=\"Bodenschutz ist wichtig: Das neue Heft \u00abForum Raumentwicklung\u00bb zeigt, wie eine nachhaltige Raumentwicklung den Boden langfristig sch\u00fctzen kann.\" \/>\n<meta property=\"og:url\" content=\"https:\/\/www.organisator.ch\/de\/allgemein\/2021-08-05\/netto-null-gilt-auch-fuer-den-bodenschutz\/\" \/>\n<meta property=\"og:site_name\" content=\"Organisator\" \/>\n<meta property=\"article:publisher\" content=\"https:\/\/www.facebook.com\/OrganisatorFachmagazin\" \/>\n<meta property=\"article:published_time\" content=\"2021-08-05T12:42:59+00:00\" \/>\n<meta property=\"og:image\" content=\"https:\/\/www.organisator.ch\/wp-content\/uploads\/2021\/08\/Foto-8.png\" \/>\n\t<meta property=\"og:image:width\" content=\"1024\" \/>\n\t<meta property=\"og:image:height\" content=\"640\" \/>\n\t<meta property=\"og:image:type\" content=\"image\/png\" \/>\n<meta name=\"author\" content=\"roger.straessle\" \/>\n<meta name=\"twitter:card\" content=\"summary_large_image\" \/>\n<script type=\"application\/ld+json\" class=\"yoast-schema-graph\">{\"@context\":\"https:\\\/\\\/schema.org\",\"@graph\":[{\"@type\":\"Article\",\"@id\":\"https:\\\/\\\/www.organisator.ch\\\/en\\\/general\\\/2021-08-05\\\/netto-null-gilt-auch-fuer-den-bodenschutz\\\/#article\",\"isPartOf\":{\"@id\":\"https:\\\/\\\/www.organisator.ch\\\/en\\\/general\\\/2021-08-05\\\/netto-null-gilt-auch-fuer-den-bodenschutz\\\/\"},\"author\":{\"name\":\"roger.straessle\",\"@id\":\"https:\\\/\\\/www.organisator.ch\\\/#\\\/schema\\\/person\\\/a800b8c54e208b160517a7dcc323161d\"},\"headline\":\"Netto null gilt auch f\u00fcr den Bodenschutz\",\"datePublished\":\"2021-08-05T12:42:59+00:00\",\"mainEntityOfPage\":{\"@id\":\"https:\\\/\\\/www.organisator.ch\\\/en\\\/general\\\/2021-08-05\\\/netto-null-gilt-auch-fuer-den-bodenschutz\\\/\"},\"wordCount\":411,\"publisher\":{\"@id\":\"https:\\\/\\\/www.organisator.ch\\\/#organization\"},\"image\":{\"@id\":\"https:\\\/\\\/www.organisator.ch\\\/en\\\/general\\\/2021-08-05\\\/netto-null-gilt-auch-fuer-den-bodenschutz\\\/#primaryimage\"},\"thumbnailUrl\":\"https:\\\/\\\/www.organisator.ch\\\/wp-content\\\/uploads\\\/2021\\\/08\\\/Foto-8.png\",\"keywords\":[\"Boden\",\"Bodenschutz\",\"Raumplanung\"],\"inLanguage\":\"de\"},{\"@type\":\"WebPage\",\"@id\":\"https:\\\/\\\/www.organisator.ch\\\/en\\\/general\\\/2021-08-05\\\/netto-null-gilt-auch-fuer-den-bodenschutz\\\/\",\"url\":\"https:\\\/\\\/www.organisator.ch\\\/en\\\/general\\\/2021-08-05\\\/netto-null-gilt-auch-fuer-den-bodenschutz\\\/\",\"name\":\"Netto null gilt auch f\u00fcr den Bodenschutz - Organisator\",\"isPartOf\":{\"@id\":\"https:\\\/\\\/www.organisator.ch\\\/#website\"},\"primaryImageOfPage\":{\"@id\":\"https:\\\/\\\/www.organisator.ch\\\/en\\\/general\\\/2021-08-05\\\/netto-null-gilt-auch-fuer-den-bodenschutz\\\/#primaryimage\"},\"image\":{\"@id\":\"https:\\\/\\\/www.organisator.ch\\\/en\\\/general\\\/2021-08-05\\\/netto-null-gilt-auch-fuer-den-bodenschutz\\\/#primaryimage\"},\"thumbnailUrl\":\"https:\\\/\\\/www.organisator.ch\\\/wp-content\\\/uploads\\\/2021\\\/08\\\/Foto-8.png\",\"datePublished\":\"2021-08-05T12:42:59+00:00\",\"description\":\"Bodenschutz ist wichtig: Das neue Heft \u00abForum Raumentwicklung\u00bb zeigt, wie eine nachhaltige Raumentwicklung den Boden langfristig sch\u00fctzen kann.\",\"breadcrumb\":{\"@id\":\"https:\\\/\\\/www.organisator.ch\\\/en\\\/general\\\/2021-08-05\\\/netto-null-gilt-auch-fuer-den-bodenschutz\\\/#breadcrumb\"},\"inLanguage\":\"de\",\"potentialAction\":[{\"@type\":\"ReadAction\",\"target\":[\"https:\\\/\\\/www.organisator.ch\\\/en\\\/general\\\/2021-08-05\\\/netto-null-gilt-auch-fuer-den-bodenschutz\\\/\"]}]},{\"@type\":\"ImageObject\",\"inLanguage\":\"de\",\"@id\":\"https:\\\/\\\/www.organisator.ch\\\/en\\\/general\\\/2021-08-05\\\/netto-null-gilt-auch-fuer-den-bodenschutz\\\/#primaryimage\",\"url\":\"https:\\\/\\\/www.organisator.ch\\\/wp-content\\\/uploads\\\/2021\\\/08\\\/Foto-8.png\",\"contentUrl\":\"https:\\\/\\\/www.organisator.ch\\\/wp-content\\\/uploads\\\/2021\\\/08\\\/Foto-8.png\",\"width\":1024,\"height\":640,\"caption\":\"Kr\u00fcmelig und feucht soll sie sein, die ideale Erde, die wieder zu einer Fruchtfolgefl\u00e4che verbaut wird. \u00a9\"},{\"@type\":\"BreadcrumbList\",\"@id\":\"https:\\\/\\\/www.organisator.ch\\\/en\\\/general\\\/2021-08-05\\\/netto-null-gilt-auch-fuer-den-bodenschutz\\\/#breadcrumb\",\"itemListElement\":[{\"@type\":\"ListItem\",\"position\":1,\"name\":\"Home\",\"item\":\"https:\\\/\\\/www.organisator.ch\\\/\"},{\"@type\":\"ListItem\",\"position\":2,\"name\":\"Netto null gilt auch f\u00fcr den Bodenschutz\"}]},{\"@type\":\"WebSite\",\"@id\":\"https:\\\/\\\/www.organisator.ch\\\/#website\",\"url\":\"https:\\\/\\\/www.organisator.ch\\\/\",\"name\":\"Organisator\",\"description\":\"Kompetent. Praxisnah. Der ORGANISATOR bereitet in 10 Ausgaben pro Jahr die wesentlichen Themen f\u00fcr F\u00fchrungskr\u00e4fte von KMU auf.\",\"publisher\":{\"@id\":\"https:\\\/\\\/www.organisator.ch\\\/#organization\"},\"potentialAction\":[{\"@type\":\"SearchAction\",\"target\":{\"@type\":\"EntryPoint\",\"urlTemplate\":\"https:\\\/\\\/www.organisator.ch\\\/?s={search_term_string}\"},\"query-input\":{\"@type\":\"PropertyValueSpecification\",\"valueRequired\":true,\"valueName\":\"search_term_string\"}}],\"inLanguage\":\"de\"},{\"@type\":\"Organization\",\"@id\":\"https:\\\/\\\/www.organisator.ch\\\/#organization\",\"name\":\"Organisator\",\"url\":\"https:\\\/\\\/www.organisator.ch\\\/\",\"logo\":{\"@type\":\"ImageObject\",\"inLanguage\":\"de\",\"@id\":\"https:\\\/\\\/www.organisator.ch\\\/#\\\/schema\\\/logo\\\/image\\\/\",\"url\":\"https:\\\/\\\/www.organisator.ch\\\/wp-content\\\/uploads\\\/2022\\\/01\\\/Logo_Organisator_Website.png\",\"contentUrl\":\"https:\\\/\\\/www.organisator.ch\\\/wp-content\\\/uploads\\\/2022\\\/01\\\/Logo_Organisator_Website.png\",\"width\":800,\"height\":77,\"caption\":\"Organisator\"},\"image\":{\"@id\":\"https:\\\/\\\/www.organisator.ch\\\/#\\\/schema\\\/logo\\\/image\\\/\"},\"sameAs\":[\"https:\\\/\\\/www.facebook.com\\\/OrganisatorFachmagazin\",\"https:\\\/\\\/www.linkedin.com\\\/showcase\\\/organisator-das-magazin-fr-kmu\",\"https:\\\/\\\/www.xing.com\\\/news\\\/pages\\\/organisator-ch-695\",\"https:\\\/\\\/www.youtube.com\\\/channel\\\/UCGP2Sq0iWaZwT3BdIAQFYpw\"]},{\"@type\":\"Person\",\"@id\":\"https:\\\/\\\/www.organisator.ch\\\/#\\\/schema\\\/person\\\/a800b8c54e208b160517a7dcc323161d\",\"name\":\"roger.straessle\",\"image\":{\"@type\":\"ImageObject\",\"inLanguage\":\"de\",\"@id\":\"https:\\\/\\\/secure.gravatar.com\\\/avatar\\\/?s=96&d=mm&r=g\",\"url\":\"https:\\\/\\\/secure.gravatar.com\\\/avatar\\\/?s=96&d=mm&r=g\",\"contentUrl\":\"https:\\\/\\\/secure.gravatar.com\\\/avatar\\\/?s=96&d=mm&r=g\",\"caption\":\"roger.straessle\"},\"url\":\"https:\\\/\\\/www.organisator.ch\\\/de\\\/author\\\/roger-straessle\\\/\"}]}<\/script>\n<!-- \/ Yoast SEO plugin. -->","yoast_head_json":{"title":"Netto null gilt auch f\u00fcr den Bodenschutz - Organisator","description":"Bodenschutz ist wichtig: Das neue Heft \u00abForum Raumentwicklung\u00bb zeigt, wie eine nachhaltige Raumentwicklung den Boden langfristig sch\u00fctzen kann.","robots":{"index":"index","follow":"follow","max-snippet":"max-snippet:-1","max-image-preview":"max-image-preview:large","max-video-preview":"max-video-preview:-1"},"canonical":"https:\/\/www.organisator.ch\/de\/allgemein\/2021-08-05\/netto-null-gilt-auch-fuer-den-bodenschutz\/","og_locale":"de_DE","og_type":"article","og_title":"Netto null gilt auch f\u00fcr den Bodenschutz - Organisator","og_description":"Bodenschutz ist wichtig: Das neue Heft \u00abForum Raumentwicklung\u00bb zeigt, wie eine nachhaltige Raumentwicklung den Boden langfristig sch\u00fctzen kann.","og_url":"https:\/\/www.organisator.ch\/de\/allgemein\/2021-08-05\/netto-null-gilt-auch-fuer-den-bodenschutz\/","og_site_name":"Organisator","article_publisher":"https:\/\/www.facebook.com\/OrganisatorFachmagazin","article_published_time":"2021-08-05T12:42:59+00:00","og_image":[{"width":1024,"height":640,"url":"https:\/\/www.organisator.ch\/wp-content\/uploads\/2021\/08\/Foto-8.png","type":"image\/png"}],"author":"roger.straessle","twitter_card":"summary_large_image","schema":{"@context":"https:\/\/schema.org","@graph":[{"@type":"Article","@id":"https:\/\/www.organisator.ch\/en\/general\/2021-08-05\/netto-null-gilt-auch-fuer-den-bodenschutz\/#article","isPartOf":{"@id":"https:\/\/www.organisator.ch\/en\/general\/2021-08-05\/netto-null-gilt-auch-fuer-den-bodenschutz\/"},"author":{"name":"roger.straessle","@id":"https:\/\/www.organisator.ch\/#\/schema\/person\/a800b8c54e208b160517a7dcc323161d"},"headline":"Netto null gilt auch f\u00fcr den Bodenschutz","datePublished":"2021-08-05T12:42:59+00:00","mainEntityOfPage":{"@id":"https:\/\/www.organisator.ch\/en\/general\/2021-08-05\/netto-null-gilt-auch-fuer-den-bodenschutz\/"},"wordCount":411,"publisher":{"@id":"https:\/\/www.organisator.ch\/#organization"},"image":{"@id":"https:\/\/www.organisator.ch\/en\/general\/2021-08-05\/netto-null-gilt-auch-fuer-den-bodenschutz\/#primaryimage"},"thumbnailUrl":"https:\/\/www.organisator.ch\/wp-content\/uploads\/2021\/08\/Foto-8.png","keywords":["Boden","Bodenschutz","Raumplanung"],"inLanguage":"de"},{"@type":"WebPage","@id":"https:\/\/www.organisator.ch\/en\/general\/2021-08-05\/netto-null-gilt-auch-fuer-den-bodenschutz\/","url":"https:\/\/www.organisator.ch\/en\/general\/2021-08-05\/netto-null-gilt-auch-fuer-den-bodenschutz\/","name":"Netto null gilt auch f\u00fcr den Bodenschutz - Organisator","isPartOf":{"@id":"https:\/\/www.organisator.ch\/#website"},"primaryImageOfPage":{"@id":"https:\/\/www.organisator.ch\/en\/general\/2021-08-05\/netto-null-gilt-auch-fuer-den-bodenschutz\/#primaryimage"},"image":{"@id":"https:\/\/www.organisator.ch\/en\/general\/2021-08-05\/netto-null-gilt-auch-fuer-den-bodenschutz\/#primaryimage"},"thumbnailUrl":"https:\/\/www.organisator.ch\/wp-content\/uploads\/2021\/08\/Foto-8.png","datePublished":"2021-08-05T12:42:59+00:00","description":"Bodenschutz ist wichtig: Das neue Heft \u00abForum Raumentwicklung\u00bb zeigt, wie eine nachhaltige Raumentwicklung den Boden langfristig sch\u00fctzen kann.","breadcrumb":{"@id":"https:\/\/www.organisator.ch\/en\/general\/2021-08-05\/netto-null-gilt-auch-fuer-den-bodenschutz\/#breadcrumb"},"inLanguage":"de","potentialAction":[{"@type":"ReadAction","target":["https:\/\/www.organisator.ch\/en\/general\/2021-08-05\/netto-null-gilt-auch-fuer-den-bodenschutz\/"]}]},{"@type":"ImageObject","inLanguage":"de","@id":"https:\/\/www.organisator.ch\/en\/general\/2021-08-05\/netto-null-gilt-auch-fuer-den-bodenschutz\/#primaryimage","url":"https:\/\/www.organisator.ch\/wp-content\/uploads\/2021\/08\/Foto-8.png","contentUrl":"https:\/\/www.organisator.ch\/wp-content\/uploads\/2021\/08\/Foto-8.png","width":1024,"height":640,"caption":"Kr\u00fcmelig und feucht soll sie sein, die ideale Erde, die wieder zu einer Fruchtfolgefl\u00e4che verbaut wird. \u00a9"},{"@type":"BreadcrumbList","@id":"https:\/\/www.organisator.ch\/en\/general\/2021-08-05\/netto-null-gilt-auch-fuer-den-bodenschutz\/#breadcrumb","itemListElement":[{"@type":"ListItem","position":1,"name":"Home","item":"https:\/\/www.organisator.ch\/"},{"@type":"ListItem","position":2,"name":"Netto null gilt auch f\u00fcr den Bodenschutz"}]},{"@type":"WebSite","@id":"https:\/\/www.organisator.ch\/#website","url":"https:\/\/www.organisator.ch\/","name":"Organisator","description":"Kompetent. Praxisnah. Der ORGANISATOR bereitet in 10 Ausgaben pro Jahr die wesentlichen Themen f\u00fcr F\u00fchrungskr\u00e4fte von KMU auf.","publisher":{"@id":"https:\/\/www.organisator.ch\/#organization"},"potentialAction":[{"@type":"SearchAction","target":{"@type":"EntryPoint","urlTemplate":"https:\/\/www.organisator.ch\/?s={search_term_string}"},"query-input":{"@type":"PropertyValueSpecification","valueRequired":true,"valueName":"search_term_string"}}],"inLanguage":"de"},{"@type":"Organization","@id":"https:\/\/www.organisator.ch\/#organization","name":"Organisator","url":"https:\/\/www.organisator.ch\/","logo":{"@type":"ImageObject","inLanguage":"de","@id":"https:\/\/www.organisator.ch\/#\/schema\/logo\/image\/","url":"https:\/\/www.organisator.ch\/wp-content\/uploads\/2022\/01\/Logo_Organisator_Website.png","contentUrl":"https:\/\/www.organisator.ch\/wp-content\/uploads\/2022\/01\/Logo_Organisator_Website.png","width":800,"height":77,"caption":"Organisator"},"image":{"@id":"https:\/\/www.organisator.ch\/#\/schema\/logo\/image\/"},"sameAs":["https:\/\/www.facebook.com\/OrganisatorFachmagazin","https:\/\/www.linkedin.com\/showcase\/organisator-das-magazin-fr-kmu","https:\/\/www.xing.com\/news\/pages\/organisator-ch-695","https:\/\/www.youtube.com\/channel\/UCGP2Sq0iWaZwT3BdIAQFYpw"]},{"@type":"Person","@id":"https:\/\/www.organisator.ch\/#\/schema\/person\/a800b8c54e208b160517a7dcc323161d","name":"roger.straessle","image":{"@type":"ImageObject","inLanguage":"de","@id":"https:\/\/secure.gravatar.com\/avatar\/?s=96&d=mm&r=g","url":"https:\/\/secure.gravatar.com\/avatar\/?s=96&d=mm&r=g","contentUrl":"https:\/\/secure.gravatar.com\/avatar\/?s=96&d=mm&r=g","caption":"roger.straessle"},"url":"https:\/\/www.organisator.ch\/de\/author\/roger-straessle\/"}]}},"_links":{"self":[{"href":"https:\/\/www.organisator.ch\/de\/wp-json\/wp\/v2\/posts\/10308","targetHints":{"allow":["GET"]}}],"collection":[{"href":"https:\/\/www.organisator.ch\/de\/wp-json\/wp\/v2\/posts"}],"about":[{"href":"https:\/\/www.organisator.ch\/de\/wp-json\/wp\/v2\/types\/post"}],"author":[{"embeddable":true,"href":"https:\/\/www.organisator.ch\/de\/wp-json\/wp\/v2\/users\/6"}],"replies":[{"embeddable":true,"href":"https:\/\/www.organisator.ch\/de\/wp-json\/wp\/v2\/comments?post=10308"}],"version-history":[{"count":0,"href":"https:\/\/www.organisator.ch\/de\/wp-json\/wp\/v2\/posts\/10308\/revisions"}],"wp:featuredmedia":[{"embeddable":true,"href":"https:\/\/www.organisator.ch\/de\/wp-json\/wp\/v2\/media\/4668"}],"wp:attachment":[{"href":"https:\/\/www.organisator.ch\/de\/wp-json\/wp\/v2\/media?parent=10308"}],"wp:term":[{"taxonomy":"category","embeddable":true,"href":"https:\/\/www.organisator.ch\/de\/wp-json\/wp\/v2\/categories?post=10308"},{"taxonomy":"post_tag","embeddable":true,"href":"https:\/\/www.organisator.ch\/de\/wp-json\/wp\/v2\/tags?post=10308"}],"curies":[{"name":"wp","href":"https:\/\/api.w.org\/{rel}","templated":true}]}}