{"id":10314,"date":"2021-08-29T09:00:41","date_gmt":"2021-08-29T07:00:41","guid":{"rendered":"https:\/\/www.umweltperspektiven.ch\/?p=4743"},"modified":"2021-08-29T09:00:41","modified_gmt":"2021-08-29T07:00:41","slug":"die-climate-show-im-swiss-pavillon","status":"publish","type":"post","link":"https:\/\/www.organisator.ch\/de\/allgemein\/2021-08-29\/die-climate-show-im-swiss-pavillon\/","title":{"rendered":"Die Climate Show im Swiss Pavillon"},"content":{"rendered":"<figure id=\"attachment_4744\" aria-describedby=\"caption-attachment-4744\" style=\"width: 680px\" class=\"wp-caption aligncenter\"><img loading=\"lazy\" decoding=\"async\" class=\"size-medium wp-image-4744\" src=\"\/\/www.umweltperspektiven.ch\/wp-content\/uploads\/2021\/08\/Dubai-1.jpg\" alt=\"\" width=\"680\" height=\"486\" \/><figcaption id=\"caption-attachment-4744\" class=\"wp-caption-text\">Der Schweizer Pavillon an der Expo Dubai.\u00a0\u00a9 House Of Switzerland<\/figcaption><\/figure>\n<p>Die Internationale Climate Show pr\u00e4sentiert Schweizer Unternehmen und Projekte aus dem Nachhaltigkeitsbereich. Erste Teilnehmende f\u00fcr die Road Tour in den Emiraten fest.<\/p>\n<h2><strong>Verschiedene Themen<\/strong><\/h2>\n<p>Die Climate Show m\u00f6chte Br\u00fccken bauen f\u00fcr\u00a0nachhaltige Unternehmenspr\u00e4sentationen und Investment Sessions, wobei auch kulturelle Highlights angesagt sind.\u00a0F\u00fcr nachhaltige Plattformen wie die Climate Show bietet der Schweizer Pavillon an der Expo Dubai Gelegenheit, substanzielle Botschaften zu vermitteln.\u00a0Die Show umfasst ein\u00a0mehrdimensionales Konzept, welches\u00a0sich aus verschiedenen Themen zusammensetzt: der Schutz des Alpenraums, Recycling, Kreislaufwirtschaft-Workshops und Investment-Foren.<\/p>\n<p>Den Veranstaltern ist es ein Anliegen alle Regionen der Schweiz zu ber\u00fccksichtigen. Hierf\u00fcr\u00a0wird ein\u00a0Schaufenster f\u00fcr aktuelle\u00a0Innovationen\u00a0und Grossprojekte gebildet. Die Climate Show m\u00f6chte L\u00f6sungen zur Reduzierung der Kohlenstoffemissionen bieten, Fragen zur Begrenzung des globalen Temperaturanstiegs kl\u00e4ren und schliesslich auch innovative Schweizer Technologien gegen die negativen Auswirkungen des Klimawandels vorstellen.<\/p>\n<p>Im Rahmen der Expo Dubai wird sich die Climate Show im House of Switzerland am 7. Oktober sowie an der eigentlichen Show\u00a0am 8. Oktober 2021 pr\u00e4sentieren. Mindestens sechs Unternehmen werden vor Ort vorgestellt:<\/p>\n<ul>\n<li><a href=\"\/\/www.cleantech-alps.com\">CleantechAlps<\/a><\/li>\n<li><a href=\"\/\/reballs.org\/en\/\">Reballs<\/a><\/li>\n<li><a href=\"\/\/www.coninco.ch\">Coninco<\/a><\/li>\n<li><a href=\"\/\/exergo.ch\/\">Exergo<\/a><\/li>\n<li><a href=\"\/\/www.eptesnatura.com\">Eptes Natura<\/a><\/li>\n<li><a href=\"\/\/www.e-nno.ch\">E-nno Switzerland<\/a><\/li>\n<\/ul>\n<p>Weitere Partner werden aus Gr\u00fcnden der Nachhaltigkeit an der Show am 8. Oktober virtuell dabei sein.<\/p>\n<h2><strong>Das Organisationsteam<\/strong><\/h2>\n<p>Das Organisationsteam der Climate Show besteht aus Wissenschaftlern der EPFL und einem erfahrenen Team, welches sich auf j\u00e4hrliche\u00a0Innovationen im wissenschaftlichen Bereich konzentriert.\u00a0Ihre Werte und Ziele: Die messbare Reduktion von CO2-Emissionen, Wege zur Beseitigung der Verschmutzung von Boden, Luft, Fl\u00fcssen, Ozeanen, Lebensmitteln, etc. und nachhaltige Erfindungen mit breiter sozialer Wirkung aufzuzeigen. Damit soll der sichtbare Wandel zu einer nachhaltigen Wirtschaft gef\u00f6rdert, gleichzeitig Innovationen und Markteinf\u00fchrungen\u00a0von klimafreundlichen Projekten unterst\u00fctzt werden.<\/p>\n<p><em>F\u00fcr weitere Infos:\u00a0<a href=\"\/\/www.climateshowmarket.com\">www.climateshowmarket.com<\/a><\/em><\/p>\n<blockquote><p>Die Swiss Climate Show wird im Jahr 2022 in Genf sowie in Kalifornien stattfinden: <a href=\"\/\/www.climateshow.ch\/climate-show-tour\/\">www.climateshow.ch\/climate-show-tour\/<\/a><\/p><\/blockquote>\n","protected":false},"excerpt":{"rendered":"<p>Die Internationale Climate Show pr\u00e4sentiert Schweizer Unternehmen und Projekte aus dem Nachhaltigkeitsbereich. Erste Teilnehmende f\u00fcr die Road Tour in den Emiraten fest. Verschiedene Themen Die Climate Show m\u00f6chte Br\u00fccken bauen f\u00fcr\u00a0nachhaltige Unternehmenspr\u00e4sentationen und Investment Sessions, wobei auch kulturelle Highlights angesagt sind.\u00a0F\u00fcr nachhaltige Plattformen wie die Climate Show bietet der Schweizer Pavillon an der Expo Dubai [&hellip;]<\/p>\n","protected":false},"author":6,"featured_media":4744,"comment_status":"closed","ping_status":"closed","sticky":false,"template":"","format":"standard","meta":{"_acf_changed":false,"_yoast_wpseo_focuskw":"Climate Show","_yoast_wpseo_metadesc":"Am 8. Oktober 2021 pr\u00e4sentiert die Climate Show im Swiss Pavillon in Dubai zum ersten Mal das Who-is-Who nachhaltiger Schweizer Unternehmen.","articlekey":"","footnotes":""},"categories":[1],"tags":[921,502],"class_list":["post-10314","post","type-post","status-publish","format-standard","has-post-thumbnail","hentry","category-allgemein","tag-climate-show","tag-veranstaltungen"],"acf":[],"yoast_head":"<!-- This site is optimized with the Yoast SEO plugin v27.5 - https:\/\/yoast.com\/product\/yoast-seo-wordpress\/ -->\n<title>Die Climate Show im Swiss Pavillon - Organisator<\/title>\n<meta name=\"description\" content=\"Am 8. Oktober 2021 pr\u00e4sentiert die Climate Show im Swiss Pavillon in Dubai zum ersten Mal das Who-is-Who nachhaltiger Schweizer Unternehmen.\" \/>\n<meta name=\"robots\" content=\"index, follow, max-snippet:-1, max-image-preview:large, max-video-preview:-1\" \/>\n<link rel=\"canonical\" href=\"https:\/\/www.organisator.ch\/de\/allgemein\/2021-08-29\/die-climate-show-im-swiss-pavillon\/\" \/>\n<meta property=\"og:locale\" content=\"de_DE\" \/>\n<meta property=\"og:type\" content=\"article\" \/>\n<meta property=\"og:title\" content=\"Die Climate Show im Swiss Pavillon - Organisator\" \/>\n<meta property=\"og:description\" content=\"Am 8. Oktober 2021 pr\u00e4sentiert die Climate Show im Swiss Pavillon in Dubai zum ersten Mal das Who-is-Who nachhaltiger Schweizer Unternehmen.\" \/>\n<meta property=\"og:url\" content=\"https:\/\/www.organisator.ch\/de\/allgemein\/2021-08-29\/die-climate-show-im-swiss-pavillon\/\" \/>\n<meta property=\"og:site_name\" content=\"Organisator\" \/>\n<meta property=\"article:publisher\" content=\"https:\/\/www.facebook.com\/OrganisatorFachmagazin\" \/>\n<meta property=\"article:published_time\" content=\"2021-08-29T07:00:41+00:00\" \/>\n<meta property=\"og:image\" content=\"https:\/\/www.organisator.ch\/wp-content\/uploads\/2021\/08\/Dubai-1-scaled.jpg\" \/>\n\t<meta property=\"og:image:width\" content=\"2560\" \/>\n\t<meta property=\"og:image:height\" content=\"1829\" \/>\n\t<meta property=\"og:image:type\" content=\"image\/jpeg\" \/>\n<meta name=\"author\" content=\"roger.straessle\" \/>\n<meta name=\"twitter:card\" content=\"summary_large_image\" \/>\n<script type=\"application\/ld+json\" class=\"yoast-schema-graph\">{\"@context\":\"https:\\\/\\\/schema.org\",\"@graph\":[{\"@type\":\"Article\",\"@id\":\"https:\\\/\\\/www.organisator.ch\\\/fr\\\/general\\\/2021-08-29\\\/die-climate-show-im-swiss-pavillon\\\/#article\",\"isPartOf\":{\"@id\":\"https:\\\/\\\/www.organisator.ch\\\/fr\\\/general\\\/2021-08-29\\\/die-climate-show-im-swiss-pavillon\\\/\"},\"author\":{\"name\":\"roger.straessle\",\"@id\":\"https:\\\/\\\/www.organisator.ch\\\/#\\\/schema\\\/person\\\/a800b8c54e208b160517a7dcc323161d\"},\"headline\":\"Die Climate Show im Swiss Pavillon\",\"datePublished\":\"2021-08-29T07:00:41+00:00\",\"mainEntityOfPage\":{\"@id\":\"https:\\\/\\\/www.organisator.ch\\\/fr\\\/general\\\/2021-08-29\\\/die-climate-show-im-swiss-pavillon\\\/\"},\"wordCount\":329,\"publisher\":{\"@id\":\"https:\\\/\\\/www.organisator.ch\\\/#organization\"},\"image\":{\"@id\":\"https:\\\/\\\/www.organisator.ch\\\/fr\\\/general\\\/2021-08-29\\\/die-climate-show-im-swiss-pavillon\\\/#primaryimage\"},\"thumbnailUrl\":\"https:\\\/\\\/www.organisator.ch\\\/wp-content\\\/uploads\\\/2021\\\/08\\\/Dubai-1-scaled.jpg\",\"keywords\":[\"Climate Show\",\"Veranstaltungen\"],\"inLanguage\":\"de\"},{\"@type\":\"WebPage\",\"@id\":\"https:\\\/\\\/www.organisator.ch\\\/fr\\\/general\\\/2021-08-29\\\/die-climate-show-im-swiss-pavillon\\\/\",\"url\":\"https:\\\/\\\/www.organisator.ch\\\/fr\\\/general\\\/2021-08-29\\\/die-climate-show-im-swiss-pavillon\\\/\",\"name\":\"Die Climate Show im Swiss Pavillon - Organisator\",\"isPartOf\":{\"@id\":\"https:\\\/\\\/www.organisator.ch\\\/#website\"},\"primaryImageOfPage\":{\"@id\":\"https:\\\/\\\/www.organisator.ch\\\/fr\\\/general\\\/2021-08-29\\\/die-climate-show-im-swiss-pavillon\\\/#primaryimage\"},\"image\":{\"@id\":\"https:\\\/\\\/www.organisator.ch\\\/fr\\\/general\\\/2021-08-29\\\/die-climate-show-im-swiss-pavillon\\\/#primaryimage\"},\"thumbnailUrl\":\"https:\\\/\\\/www.organisator.ch\\\/wp-content\\\/uploads\\\/2021\\\/08\\\/Dubai-1-scaled.jpg\",\"datePublished\":\"2021-08-29T07:00:41+00:00\",\"description\":\"Am 8. Oktober 2021 pr\u00e4sentiert die Climate Show im Swiss Pavillon in Dubai zum ersten Mal das Who-is-Who nachhaltiger Schweizer Unternehmen.\",\"breadcrumb\":{\"@id\":\"https:\\\/\\\/www.organisator.ch\\\/fr\\\/general\\\/2021-08-29\\\/die-climate-show-im-swiss-pavillon\\\/#breadcrumb\"},\"inLanguage\":\"de\",\"potentialAction\":[{\"@type\":\"ReadAction\",\"target\":[\"https:\\\/\\\/www.organisator.ch\\\/fr\\\/general\\\/2021-08-29\\\/die-climate-show-im-swiss-pavillon\\\/\"]}]},{\"@type\":\"ImageObject\",\"inLanguage\":\"de\",\"@id\":\"https:\\\/\\\/www.organisator.ch\\\/fr\\\/general\\\/2021-08-29\\\/die-climate-show-im-swiss-pavillon\\\/#primaryimage\",\"url\":\"https:\\\/\\\/www.organisator.ch\\\/wp-content\\\/uploads\\\/2021\\\/08\\\/Dubai-1-scaled.jpg\",\"contentUrl\":\"https:\\\/\\\/www.organisator.ch\\\/wp-content\\\/uploads\\\/2021\\\/08\\\/Dubai-1-scaled.jpg\",\"width\":2560,\"height\":1829,\"caption\":\"F\u00fcr nachhaltige Plattformen wie die Climate Show bietet der Schweizer Pavillon an der Expo Dubai Gelegenheit, substanzielle Botschaften zu vermitteln. \u00a9 House Of Switzerland\"},{\"@type\":\"BreadcrumbList\",\"@id\":\"https:\\\/\\\/www.organisator.ch\\\/fr\\\/general\\\/2021-08-29\\\/die-climate-show-im-swiss-pavillon\\\/#breadcrumb\",\"itemListElement\":[{\"@type\":\"ListItem\",\"position\":1,\"name\":\"Home\",\"item\":\"https:\\\/\\\/www.organisator.ch\\\/\"},{\"@type\":\"ListItem\",\"position\":2,\"name\":\"Die Climate Show im Swiss Pavillon\"}]},{\"@type\":\"WebSite\",\"@id\":\"https:\\\/\\\/www.organisator.ch\\\/#website\",\"url\":\"https:\\\/\\\/www.organisator.ch\\\/\",\"name\":\"Organisator\",\"description\":\"Kompetent. Praxisnah. Der ORGANISATOR bereitet in 10 Ausgaben pro Jahr die wesentlichen Themen f\u00fcr F\u00fchrungskr\u00e4fte von KMU auf.\",\"publisher\":{\"@id\":\"https:\\\/\\\/www.organisator.ch\\\/#organization\"},\"potentialAction\":[{\"@type\":\"SearchAction\",\"target\":{\"@type\":\"EntryPoint\",\"urlTemplate\":\"https:\\\/\\\/www.organisator.ch\\\/?s={search_term_string}\"},\"query-input\":{\"@type\":\"PropertyValueSpecification\",\"valueRequired\":true,\"valueName\":\"search_term_string\"}}],\"inLanguage\":\"de\"},{\"@type\":\"Organization\",\"@id\":\"https:\\\/\\\/www.organisator.ch\\\/#organization\",\"name\":\"Organisator\",\"url\":\"https:\\\/\\\/www.organisator.ch\\\/\",\"logo\":{\"@type\":\"ImageObject\",\"inLanguage\":\"de\",\"@id\":\"https:\\\/\\\/www.organisator.ch\\\/#\\\/schema\\\/logo\\\/image\\\/\",\"url\":\"https:\\\/\\\/www.organisator.ch\\\/wp-content\\\/uploads\\\/2022\\\/01\\\/Logo_Organisator_Website.png\",\"contentUrl\":\"https:\\\/\\\/www.organisator.ch\\\/wp-content\\\/uploads\\\/2022\\\/01\\\/Logo_Organisator_Website.png\",\"width\":800,\"height\":77,\"caption\":\"Organisator\"},\"image\":{\"@id\":\"https:\\\/\\\/www.organisator.ch\\\/#\\\/schema\\\/logo\\\/image\\\/\"},\"sameAs\":[\"https:\\\/\\\/www.facebook.com\\\/OrganisatorFachmagazin\",\"https:\\\/\\\/www.linkedin.com\\\/showcase\\\/organisator-das-magazin-fr-kmu\",\"https:\\\/\\\/www.xing.com\\\/news\\\/pages\\\/organisator-ch-695\",\"https:\\\/\\\/www.youtube.com\\\/channel\\\/UCGP2Sq0iWaZwT3BdIAQFYpw\"]},{\"@type\":\"Person\",\"@id\":\"https:\\\/\\\/www.organisator.ch\\\/#\\\/schema\\\/person\\\/a800b8c54e208b160517a7dcc323161d\",\"name\":\"roger.straessle\",\"image\":{\"@type\":\"ImageObject\",\"inLanguage\":\"de\",\"@id\":\"https:\\\/\\\/secure.gravatar.com\\\/avatar\\\/?s=96&d=mm&r=g\",\"url\":\"https:\\\/\\\/secure.gravatar.com\\\/avatar\\\/?s=96&d=mm&r=g\",\"contentUrl\":\"https:\\\/\\\/secure.gravatar.com\\\/avatar\\\/?s=96&d=mm&r=g\",\"caption\":\"roger.straessle\"},\"url\":\"https:\\\/\\\/www.organisator.ch\\\/de\\\/author\\\/roger-straessle\\\/\"}]}<\/script>\n<!-- \/ Yoast SEO plugin. -->","yoast_head_json":{"title":"Die Climate Show im Swiss Pavillon - Organisator","description":"Am 8. Oktober 2021 pr\u00e4sentiert die Climate Show im Swiss Pavillon in Dubai zum ersten Mal das Who-is-Who nachhaltiger Schweizer Unternehmen.","robots":{"index":"index","follow":"follow","max-snippet":"max-snippet:-1","max-image-preview":"max-image-preview:large","max-video-preview":"max-video-preview:-1"},"canonical":"https:\/\/www.organisator.ch\/de\/allgemein\/2021-08-29\/die-climate-show-im-swiss-pavillon\/","og_locale":"de_DE","og_type":"article","og_title":"Die Climate Show im Swiss Pavillon - Organisator","og_description":"Am 8. Oktober 2021 pr\u00e4sentiert die Climate Show im Swiss Pavillon in Dubai zum ersten Mal das Who-is-Who nachhaltiger Schweizer Unternehmen.","og_url":"https:\/\/www.organisator.ch\/de\/allgemein\/2021-08-29\/die-climate-show-im-swiss-pavillon\/","og_site_name":"Organisator","article_publisher":"https:\/\/www.facebook.com\/OrganisatorFachmagazin","article_published_time":"2021-08-29T07:00:41+00:00","og_image":[{"width":2560,"height":1829,"url":"https:\/\/www.organisator.ch\/wp-content\/uploads\/2021\/08\/Dubai-1-scaled.jpg","type":"image\/jpeg"}],"author":"roger.straessle","twitter_card":"summary_large_image","schema":{"@context":"https:\/\/schema.org","@graph":[{"@type":"Article","@id":"https:\/\/www.organisator.ch\/fr\/general\/2021-08-29\/die-climate-show-im-swiss-pavillon\/#article","isPartOf":{"@id":"https:\/\/www.organisator.ch\/fr\/general\/2021-08-29\/die-climate-show-im-swiss-pavillon\/"},"author":{"name":"roger.straessle","@id":"https:\/\/www.organisator.ch\/#\/schema\/person\/a800b8c54e208b160517a7dcc323161d"},"headline":"Die Climate Show im Swiss Pavillon","datePublished":"2021-08-29T07:00:41+00:00","mainEntityOfPage":{"@id":"https:\/\/www.organisator.ch\/fr\/general\/2021-08-29\/die-climate-show-im-swiss-pavillon\/"},"wordCount":329,"publisher":{"@id":"https:\/\/www.organisator.ch\/#organization"},"image":{"@id":"https:\/\/www.organisator.ch\/fr\/general\/2021-08-29\/die-climate-show-im-swiss-pavillon\/#primaryimage"},"thumbnailUrl":"https:\/\/www.organisator.ch\/wp-content\/uploads\/2021\/08\/Dubai-1-scaled.jpg","keywords":["Climate Show","Veranstaltungen"],"inLanguage":"de"},{"@type":"WebPage","@id":"https:\/\/www.organisator.ch\/fr\/general\/2021-08-29\/die-climate-show-im-swiss-pavillon\/","url":"https:\/\/www.organisator.ch\/fr\/general\/2021-08-29\/die-climate-show-im-swiss-pavillon\/","name":"Die Climate Show im Swiss Pavillon - Organisator","isPartOf":{"@id":"https:\/\/www.organisator.ch\/#website"},"primaryImageOfPage":{"@id":"https:\/\/www.organisator.ch\/fr\/general\/2021-08-29\/die-climate-show-im-swiss-pavillon\/#primaryimage"},"image":{"@id":"https:\/\/www.organisator.ch\/fr\/general\/2021-08-29\/die-climate-show-im-swiss-pavillon\/#primaryimage"},"thumbnailUrl":"https:\/\/www.organisator.ch\/wp-content\/uploads\/2021\/08\/Dubai-1-scaled.jpg","datePublished":"2021-08-29T07:00:41+00:00","description":"Am 8. Oktober 2021 pr\u00e4sentiert die Climate Show im Swiss Pavillon in Dubai zum ersten Mal das Who-is-Who nachhaltiger Schweizer Unternehmen.","breadcrumb":{"@id":"https:\/\/www.organisator.ch\/fr\/general\/2021-08-29\/die-climate-show-im-swiss-pavillon\/#breadcrumb"},"inLanguage":"de","potentialAction":[{"@type":"ReadAction","target":["https:\/\/www.organisator.ch\/fr\/general\/2021-08-29\/die-climate-show-im-swiss-pavillon\/"]}]},{"@type":"ImageObject","inLanguage":"de","@id":"https:\/\/www.organisator.ch\/fr\/general\/2021-08-29\/die-climate-show-im-swiss-pavillon\/#primaryimage","url":"https:\/\/www.organisator.ch\/wp-content\/uploads\/2021\/08\/Dubai-1-scaled.jpg","contentUrl":"https:\/\/www.organisator.ch\/wp-content\/uploads\/2021\/08\/Dubai-1-scaled.jpg","width":2560,"height":1829,"caption":"F\u00fcr nachhaltige Plattformen wie die Climate Show bietet der Schweizer Pavillon an der Expo Dubai Gelegenheit, substanzielle Botschaften zu vermitteln. \u00a9 House Of Switzerland"},{"@type":"BreadcrumbList","@id":"https:\/\/www.organisator.ch\/fr\/general\/2021-08-29\/die-climate-show-im-swiss-pavillon\/#breadcrumb","itemListElement":[{"@type":"ListItem","position":1,"name":"Home","item":"https:\/\/www.organisator.ch\/"},{"@type":"ListItem","position":2,"name":"Die Climate Show im Swiss Pavillon"}]},{"@type":"WebSite","@id":"https:\/\/www.organisator.ch\/#website","url":"https:\/\/www.organisator.ch\/","name":"Organisator","description":"Kompetent. Praxisnah. Der ORGANISATOR bereitet in 10 Ausgaben pro Jahr die wesentlichen Themen f\u00fcr F\u00fchrungskr\u00e4fte von KMU auf.","publisher":{"@id":"https:\/\/www.organisator.ch\/#organization"},"potentialAction":[{"@type":"SearchAction","target":{"@type":"EntryPoint","urlTemplate":"https:\/\/www.organisator.ch\/?s={search_term_string}"},"query-input":{"@type":"PropertyValueSpecification","valueRequired":true,"valueName":"search_term_string"}}],"inLanguage":"de"},{"@type":"Organization","@id":"https:\/\/www.organisator.ch\/#organization","name":"Organisator","url":"https:\/\/www.organisator.ch\/","logo":{"@type":"ImageObject","inLanguage":"de","@id":"https:\/\/www.organisator.ch\/#\/schema\/logo\/image\/","url":"https:\/\/www.organisator.ch\/wp-content\/uploads\/2022\/01\/Logo_Organisator_Website.png","contentUrl":"https:\/\/www.organisator.ch\/wp-content\/uploads\/2022\/01\/Logo_Organisator_Website.png","width":800,"height":77,"caption":"Organisator"},"image":{"@id":"https:\/\/www.organisator.ch\/#\/schema\/logo\/image\/"},"sameAs":["https:\/\/www.facebook.com\/OrganisatorFachmagazin","https:\/\/www.linkedin.com\/showcase\/organisator-das-magazin-fr-kmu","https:\/\/www.xing.com\/news\/pages\/organisator-ch-695","https:\/\/www.youtube.com\/channel\/UCGP2Sq0iWaZwT3BdIAQFYpw"]},{"@type":"Person","@id":"https:\/\/www.organisator.ch\/#\/schema\/person\/a800b8c54e208b160517a7dcc323161d","name":"roger.straessle","image":{"@type":"ImageObject","inLanguage":"de","@id":"https:\/\/secure.gravatar.com\/avatar\/?s=96&d=mm&r=g","url":"https:\/\/secure.gravatar.com\/avatar\/?s=96&d=mm&r=g","contentUrl":"https:\/\/secure.gravatar.com\/avatar\/?s=96&d=mm&r=g","caption":"roger.straessle"},"url":"https:\/\/www.organisator.ch\/de\/author\/roger-straessle\/"}]}},"_links":{"self":[{"href":"https:\/\/www.organisator.ch\/de\/wp-json\/wp\/v2\/posts\/10314","targetHints":{"allow":["GET"]}}],"collection":[{"href":"https:\/\/www.organisator.ch\/de\/wp-json\/wp\/v2\/posts"}],"about":[{"href":"https:\/\/www.organisator.ch\/de\/wp-json\/wp\/v2\/types\/post"}],"author":[{"embeddable":true,"href":"https:\/\/www.organisator.ch\/de\/wp-json\/wp\/v2\/users\/6"}],"replies":[{"embeddable":true,"href":"https:\/\/www.organisator.ch\/de\/wp-json\/wp\/v2\/comments?post=10314"}],"version-history":[{"count":0,"href":"https:\/\/www.organisator.ch\/de\/wp-json\/wp\/v2\/posts\/10314\/revisions"}],"wp:featuredmedia":[{"embeddable":true,"href":"https:\/\/www.organisator.ch\/de\/wp-json\/wp\/v2\/media\/4744"}],"wp:attachment":[{"href":"https:\/\/www.organisator.ch\/de\/wp-json\/wp\/v2\/media?parent=10314"}],"wp:term":[{"taxonomy":"category","embeddable":true,"href":"https:\/\/www.organisator.ch\/de\/wp-json\/wp\/v2\/categories?post=10314"},{"taxonomy":"post_tag","embeddable":true,"href":"https:\/\/www.organisator.ch\/de\/wp-json\/wp\/v2\/tags?post=10314"}],"curies":[{"name":"wp","href":"https:\/\/api.w.org\/{rel}","templated":true}]}}