{"id":10324,"date":"2021-09-15T11:01:51","date_gmt":"2021-09-15T09:01:51","guid":{"rendered":"https:\/\/www.umweltperspektiven.ch\/?p=4881"},"modified":"2022-02-09T11:09:52","modified_gmt":"2022-02-09T10:09:52","slug":"normungsroadmap-circular-economy-gestartet","status":"publish","type":"post","link":"https:\/\/www.organisator.ch\/de\/sustainability\/2021-09-15\/normungsroadmap-circular-economy-gestartet\/","title":{"rendered":"Normungs-Roadmap Circular Economy gestartet"},"content":{"rendered":"<figure id=\"attachment_4882\" aria-describedby=\"caption-attachment-4882\" style=\"width: 680px\" class=\"wp-caption aligncenter\"><img loading=\"lazy\" decoding=\"async\" class=\"wp-image-4882 size-medium\" src=\"\/\/www.umweltperspektiven.ch\/wp-content\/uploads\/2021\/09\/Depositphotos_133297426_s-2019.jpg\" alt=\"Circular Economy, Kreislaufwirtschaft, Normungs-Roadmap\" width=\"680\" height=\"454\" srcset=\"https:\/\/www.organisator.ch\/wp-content\/uploads\/2021\/09\/Depositphotos_133297426_s-2019.jpg 1000w, https:\/\/www.organisator.ch\/wp-content\/uploads\/2021\/09\/Depositphotos_133297426_s-2019-680x454.jpg 680w, https:\/\/www.organisator.ch\/wp-content\/uploads\/2021\/09\/Depositphotos_133297426_s-2019-768x512.jpg 768w, https:\/\/www.organisator.ch\/wp-content\/uploads\/2021\/09\/Depositphotos_133297426_s-2019-18x12.jpg 18w, https:\/\/www.organisator.ch\/wp-content\/uploads\/2021\/09\/Depositphotos_133297426_s-2019-262x175.jpg 262w, https:\/\/www.organisator.ch\/wp-content\/uploads\/2021\/09\/Depositphotos_133297426_s-2019-525x350.jpg 525w, https:\/\/www.organisator.ch\/wp-content\/uploads\/2021\/09\/Depositphotos_133297426_s-2019-920x614.jpg 920w, https:\/\/www.organisator.ch\/wp-content\/uploads\/2021\/09\/Depositphotos_133297426_s-2019-300x200.jpg 300w\" sizes=\"auto, (max-width: 680px) 100vw, 680px\" \/><figcaption id=\"caption-attachment-4882\" class=\"wp-caption-text\">\u00a9 Depositphotos, bruesw<\/figcaption><\/figure>\n<p>Die Normungs-Roadmap soll einen \u00dcberblick \u00fcber den Status quo der Normung im Bereich Kreislaufwirtschaft (\u201eCircular Economy\u201c) geben, Anforderungen und Herausforderungen f\u00fcr sieben Schwerpunktthemen beschreiben und die konkreten Handlungsbedarfe f\u00fcr zuk\u00fcnftige Normen und Standards identifizieren und formulieren. Das geht aus der am 15. September 2021 ver\u00f6ffentlichten Pressemeldung der Normungsgremien hervor.<\/p>\n<p>Zum Beispiel seien in Normen und Standards bislang keine Anforderungen an Kunststoffrezyklate zur Herstellung neuer Produkte definiert. Solche Anforderungen k\u00f6nnten zu einer st\u00e4rkeren Nutzung von Rezyklaten f\u00fchren, heisst es. Mit der Normungs-Roadmap sollen diese L\u00fccken identifiziert und geschlossen werden, um st\u00e4rker in ein zirkulares Wirtschaften zu kommen. Dazu laden das Deutsche Institut f\u00fcr Normung\u00a0<a href=\"\/\/www.din.de\/\">(DIN<\/a>), die\u00a0<a href=\"\/\/www.dke.de\/\">DKE<\/a>\u00a0(Deutsche Kommission Elektrotechnik Elektronik Informationstechnik in DIN und VDE) sowie der Verein Deutscher Ingenieure (<a href=\"\/\/www.vdi.de\/\">VDI<\/a>) alle interessierten Expertinnen und Experten aus der Circular Economy ein, sich mit ihren Ideen und Bedarfen einzubringen und den Weg zu einer Circular Economy so aktiv zu begleiten.<\/p>\n<h2>Normungsbedarf strategisch erfassen<\/h2>\n<p>Bundesumweltministerin Svenja Schulze: \u201eWer den Gedanken der Kreislaufwirtschaft ernst nimmt, muss den gesamten Lebenszyklus von Produkten in den Blick nehmen \u2013 vom Produktdesign und der Recyclingf\u00e4higkeit bis hin zum Einsatz von Rezyklaten. Normen und Standards, die sicher und nachvollziehbar eingehalten werden, spielen dabei eine grosse Rolle. Wenn sich alle Beteiligten entlang der Wertsch\u00f6pfungskette auf solche Standards verlassen k\u00f6nnen, wird es besser gelingen, Kreisl\u00e4ufe zu schliessen und so Klima und Umwelt zu schonen.\u201c Christoph Winterhalter, Vorsitzender des Vorstandes von DIN: \u201eMit der Normungs-Roadmap werden wir die zuk\u00fcnftigen Normungsbedarfe strategisch erfassen und konkrete Handlungsempfehlungen f\u00fcr die technische Regelsetzung formulieren. Dies ist ein wichtiger Schritt, um die gr\u00fcne Transformation Deutschlands und Europas voranzutreiben.\u201c<\/p>\n<p>Michael Teigeler, DKE-Gesch\u00e4ftsf\u00fchrer betont den Nutzen der Normung: \u201eNormen und Standards stellen eine klare Kommunikation zwischen den verschiedenen Marktakteuren im Kreislauf sicher und machen so den reibungslosen Kreislauf erst m\u00f6glich. Dar\u00fcber hinaus f\u00f6rdern sie eine breite gesellschaftliche Akzeptanz von zirkul\u00e4ren Produkten und erh\u00f6hen die damit verbundene Wirtschaftlichkeit.\u201c<\/p>\n<h2><strong>Sieben Schwerpunktthemen<\/strong><\/h2>\n<p>Die Normungs-Roadmap Circular Economy stellt sieben Schwerpunktthemen in den Mittelpunkt:<\/p>\n<ul>\n<li>Elektrotechnik &amp; IKT<\/li>\n<li>Batterien<\/li>\n<li>Verpackungen<\/li>\n<li>Kunststoffe<\/li>\n<li>Textilien<\/li>\n<li>Bauwerke &amp; Kommunen<\/li>\n<li>Digitalisierung\/Gesch\u00e4ftsmodelle\/Management<\/li>\n<\/ul>\n<p>Diese orientieren sich an den Fokusthemen des Circular Economy Action Plans der EU.<\/p>\n<h2><strong>Kollaborationsplattform f\u00fcr interessierte Fachleute\u00a0<\/strong><\/h2>\n<p>\u201eF\u00fcr die Erarbeitung der Roadmap bringen wir Vertreter aus Wirtschaft, Wissenschaft, \u00f6ffentlicher Hand und Zivilgesellschaft an einen Tisch. Wir m\u00f6chten Expertinnen und Experten der Circular Economy daher einladen, ab Januar 2022 in den sieben Arbeitsgruppen mitzuwirken und ihre Ideen zur Diskussion zu stellen\u201c, erkl\u00e4rt Dr.-Ing. Hans-J\u00fcrgen Sch\u00e4fer, Gesch\u00e4ftsf\u00fchrer der VDI-Gesellschaft Materials Engineering. In einer Auftaktveranstaltung am 21. Oktober 2021 werden DIN, DKE und VDI das Projekt und die ausgew\u00e4hlten Schwerpunktthemen n\u00e4her vorstellen und Fragen zur Mitarbeit beantworten. Interessierte Fachleute k\u00f6nnen sich ab sofort auf der Kollaborationsplattform\u00a0<a href=\"\/\/din.one\/\">DIN.ONE<\/a>\u00a0registrieren und werden so regelm\u00e4ssig mit Informationen zum Projekt versorgt. Die Ver\u00f6ffentlichung der Normungs-Roadmap Circular Economy ist f\u00fcr Dezember 2022 vorgesehen, wie es in der Pressemeldung heisst.<\/p>\n<p><em>Quelle: DIN<\/em><\/p>\n<blockquote><p><strong>Koordination<\/strong><\/p>\n<p>Der Fachbeirat Circular Economy von DIN und DKE in der Koordinierungsstelle Umweltschutz (KU) koordiniert die Arbeiten an der Normungs-Roadmap. In ihm sind f\u00fchrende K\u00f6pfe und Experten aus Wirtschaftsverb\u00e4nden, zivilgesellschaftlichen Organisationen, Wissenschaft und Forschungseinrichtungen sowie \u00f6ffentlicher Hand vertreten. Vorsitzender des Fachbeirats ist Dr. jur. Helge Wendenburg, Ministerialdirektor, ehemals Bundesministerium f\u00fcr Umwelt, Naturschutz und nukleare Sicherheit. Stellvertretende Vorsitzende sind Dr. Anna Braune, Abteilungsleiterin F&amp;E, Deutsche Gesellschaft f\u00fcr Nachhaltiges Bauen DGNB e. V. und Dr. Jens Giegerich, Manager Technical Regulatory Affairs, Vorwerk Elektrowerke GmbH &amp; Co. KG.<\/p><\/blockquote>\n<p><em><strong>Weitere Themen:<\/strong><\/em><\/p>\n<p><a href=\"\/\/www.umweltperspektiven.ch\/kreislaufwirtschaft-zertifizierer-lancieren-neues-label\/\"><em>Kreislaufwirtschaft: Zertifizierer lancieren neues Label<\/em><\/a><\/p>\n<p><em><a href=\"\/\/www.umweltperspektiven.ch\/mischabbruch-im-kreislauf-eine-innovation\/\">Mischabbruch im Kreislauf \u2013 eine Innovation<\/a><\/em><\/p>\n","protected":false},"excerpt":{"rendered":"<p>Die Normungs-Roadmap soll einen \u00dcberblick \u00fcber den Status quo der Normung im Bereich Kreislaufwirtschaft (\u201eCircular Economy\u201c) geben, Anforderungen und Herausforderungen f\u00fcr sieben Schwerpunktthemen beschreiben und die konkreten Handlungsbedarfe f\u00fcr zuk\u00fcnftige Normen und Standards identifizieren und formulieren. Das geht aus der am 15. September 2021 ver\u00f6ffentlichten Pressemeldung der Normungsgremien hervor. Zum Beispiel seien in Normen und [&hellip;]<\/p>\n","protected":false},"author":6,"featured_media":4882,"comment_status":"closed","ping_status":"closed","sticky":false,"template":"","format":"standard","meta":{"_acf_changed":false,"_yoast_wpseo_focuskw":"Circular Economy","_yoast_wpseo_metadesc":"Gemeinsam mit dem BMU haben das Deutsche Institut f\u00fcr Normung (DIN) und andere die Arbeit an der Normungsroadmap Circular Economy gestartet.","articlekey":"","footnotes":""},"categories":[580],"tags":[913,594,1846],"class_list":["post-10324","post","type-post","status-publish","format-standard","has-post-thumbnail","hentry","category-sustainability","tag-circular-economy","tag-kreislaufwirtschaft","tag-normungsroadmap"],"acf":[],"yoast_head":"<!-- This site is optimized with the Yoast SEO plugin v27.5 - https:\/\/yoast.com\/product\/yoast-seo-wordpress\/ -->\n<title>Normungs-Roadmap Circular Economy gestartet - Organisator<\/title>\n<meta name=\"description\" content=\"Gemeinsam mit dem BMU haben das Deutsche Institut f\u00fcr Normung (DIN) und andere die Arbeit an der Normungsroadmap Circular Economy gestartet.\" \/>\n<meta name=\"robots\" content=\"index, follow, max-snippet:-1, max-image-preview:large, max-video-preview:-1\" \/>\n<link rel=\"canonical\" href=\"https:\/\/www.organisator.ch\/de\/sustainability\/2021-09-15\/normungsroadmap-circular-economy-gestartet\/\" \/>\n<meta property=\"og:locale\" content=\"de_DE\" \/>\n<meta property=\"og:type\" content=\"article\" \/>\n<meta property=\"og:title\" content=\"Normungs-Roadmap Circular Economy gestartet - Organisator\" \/>\n<meta property=\"og:description\" content=\"Gemeinsam mit dem BMU haben das Deutsche Institut f\u00fcr Normung (DIN) und andere die Arbeit an der Normungsroadmap Circular Economy gestartet.\" \/>\n<meta property=\"og:url\" content=\"https:\/\/www.organisator.ch\/de\/sustainability\/2021-09-15\/normungsroadmap-circular-economy-gestartet\/\" \/>\n<meta property=\"og:site_name\" content=\"Organisator\" \/>\n<meta property=\"article:publisher\" content=\"https:\/\/www.facebook.com\/OrganisatorFachmagazin\" \/>\n<meta property=\"article:published_time\" content=\"2021-09-15T09:01:51+00:00\" \/>\n<meta property=\"article:modified_time\" content=\"2022-02-09T10:09:52+00:00\" \/>\n<meta property=\"og:image\" content=\"https:\/\/www.organisator.ch\/wp-content\/uploads\/2021\/09\/Depositphotos_133297426_s-2019.jpg\" \/>\n\t<meta property=\"og:image:width\" content=\"1000\" \/>\n\t<meta property=\"og:image:height\" content=\"667\" \/>\n\t<meta property=\"og:image:type\" content=\"image\/jpeg\" \/>\n<meta name=\"author\" content=\"roger.straessle\" \/>\n<meta name=\"twitter:card\" content=\"summary_large_image\" \/>\n<script type=\"application\/ld+json\" class=\"yoast-schema-graph\">{\"@context\":\"https:\\\/\\\/schema.org\",\"@graph\":[{\"@type\":\"Article\",\"@id\":\"https:\\\/\\\/www.organisator.ch\\\/sustainability\\\/2021-09-15\\\/normungsroadmap-circular-economy-gestartet\\\/#article\",\"isPartOf\":{\"@id\":\"https:\\\/\\\/www.organisator.ch\\\/sustainability\\\/2021-09-15\\\/normungsroadmap-circular-economy-gestartet\\\/\"},\"author\":{\"name\":\"roger.straessle\",\"@id\":\"https:\\\/\\\/www.organisator.ch\\\/#\\\/schema\\\/person\\\/a800b8c54e208b160517a7dcc323161d\"},\"headline\":\"Normungs-Roadmap Circular Economy gestartet\",\"datePublished\":\"2021-09-15T09:01:51+00:00\",\"dateModified\":\"2022-02-09T10:09:52+00:00\",\"mainEntityOfPage\":{\"@id\":\"https:\\\/\\\/www.organisator.ch\\\/sustainability\\\/2021-09-15\\\/normungsroadmap-circular-economy-gestartet\\\/\"},\"wordCount\":618,\"publisher\":{\"@id\":\"https:\\\/\\\/www.organisator.ch\\\/#organization\"},\"image\":{\"@id\":\"https:\\\/\\\/www.organisator.ch\\\/sustainability\\\/2021-09-15\\\/normungsroadmap-circular-economy-gestartet\\\/#primaryimage\"},\"thumbnailUrl\":\"https:\\\/\\\/www.organisator.ch\\\/wp-content\\\/uploads\\\/2021\\\/09\\\/Depositphotos_133297426_s-2019.jpg\",\"keywords\":[\"Circular Economy\",\"Kreislaufwirtschaft\",\"Normungsroadmap\"],\"articleSection\":[\"SUSTAINABILITY\"],\"inLanguage\":\"de\"},{\"@type\":\"WebPage\",\"@id\":\"https:\\\/\\\/www.organisator.ch\\\/sustainability\\\/2021-09-15\\\/normungsroadmap-circular-economy-gestartet\\\/\",\"url\":\"https:\\\/\\\/www.organisator.ch\\\/sustainability\\\/2021-09-15\\\/normungsroadmap-circular-economy-gestartet\\\/\",\"name\":\"Normungs-Roadmap Circular Economy gestartet - Organisator\",\"isPartOf\":{\"@id\":\"https:\\\/\\\/www.organisator.ch\\\/#website\"},\"primaryImageOfPage\":{\"@id\":\"https:\\\/\\\/www.organisator.ch\\\/sustainability\\\/2021-09-15\\\/normungsroadmap-circular-economy-gestartet\\\/#primaryimage\"},\"image\":{\"@id\":\"https:\\\/\\\/www.organisator.ch\\\/sustainability\\\/2021-09-15\\\/normungsroadmap-circular-economy-gestartet\\\/#primaryimage\"},\"thumbnailUrl\":\"https:\\\/\\\/www.organisator.ch\\\/wp-content\\\/uploads\\\/2021\\\/09\\\/Depositphotos_133297426_s-2019.jpg\",\"datePublished\":\"2021-09-15T09:01:51+00:00\",\"dateModified\":\"2022-02-09T10:09:52+00:00\",\"description\":\"Gemeinsam mit dem BMU haben das Deutsche Institut f\u00fcr Normung (DIN) und andere die Arbeit an der Normungsroadmap Circular Economy gestartet.\",\"breadcrumb\":{\"@id\":\"https:\\\/\\\/www.organisator.ch\\\/sustainability\\\/2021-09-15\\\/normungsroadmap-circular-economy-gestartet\\\/#breadcrumb\"},\"inLanguage\":\"de\",\"potentialAction\":[{\"@type\":\"ReadAction\",\"target\":[\"https:\\\/\\\/www.organisator.ch\\\/sustainability\\\/2021-09-15\\\/normungsroadmap-circular-economy-gestartet\\\/\"]}]},{\"@type\":\"ImageObject\",\"inLanguage\":\"de\",\"@id\":\"https:\\\/\\\/www.organisator.ch\\\/sustainability\\\/2021-09-15\\\/normungsroadmap-circular-economy-gestartet\\\/#primaryimage\",\"url\":\"https:\\\/\\\/www.organisator.ch\\\/wp-content\\\/uploads\\\/2021\\\/09\\\/Depositphotos_133297426_s-2019.jpg\",\"contentUrl\":\"https:\\\/\\\/www.organisator.ch\\\/wp-content\\\/uploads\\\/2021\\\/09\\\/Depositphotos_133297426_s-2019.jpg\",\"width\":1000,\"height\":667,\"caption\":\"\u00a9 Depositphotos, bruesw\"},{\"@type\":\"BreadcrumbList\",\"@id\":\"https:\\\/\\\/www.organisator.ch\\\/sustainability\\\/2021-09-15\\\/normungsroadmap-circular-economy-gestartet\\\/#breadcrumb\",\"itemListElement\":[{\"@type\":\"ListItem\",\"position\":1,\"name\":\"Home\",\"item\":\"https:\\\/\\\/www.organisator.ch\\\/\"},{\"@type\":\"ListItem\",\"position\":2,\"name\":\"Normungs-Roadmap Circular Economy gestartet\"}]},{\"@type\":\"WebSite\",\"@id\":\"https:\\\/\\\/www.organisator.ch\\\/#website\",\"url\":\"https:\\\/\\\/www.organisator.ch\\\/\",\"name\":\"Organisator\",\"description\":\"Kompetent. Praxisnah. Der ORGANISATOR bereitet in 10 Ausgaben pro Jahr die wesentlichen Themen f\u00fcr F\u00fchrungskr\u00e4fte von KMU auf.\",\"publisher\":{\"@id\":\"https:\\\/\\\/www.organisator.ch\\\/#organization\"},\"potentialAction\":[{\"@type\":\"SearchAction\",\"target\":{\"@type\":\"EntryPoint\",\"urlTemplate\":\"https:\\\/\\\/www.organisator.ch\\\/?s={search_term_string}\"},\"query-input\":{\"@type\":\"PropertyValueSpecification\",\"valueRequired\":true,\"valueName\":\"search_term_string\"}}],\"inLanguage\":\"de\"},{\"@type\":\"Organization\",\"@id\":\"https:\\\/\\\/www.organisator.ch\\\/#organization\",\"name\":\"Organisator\",\"url\":\"https:\\\/\\\/www.organisator.ch\\\/\",\"logo\":{\"@type\":\"ImageObject\",\"inLanguage\":\"de\",\"@id\":\"https:\\\/\\\/www.organisator.ch\\\/#\\\/schema\\\/logo\\\/image\\\/\",\"url\":\"https:\\\/\\\/www.organisator.ch\\\/wp-content\\\/uploads\\\/2022\\\/01\\\/Logo_Organisator_Website.png\",\"contentUrl\":\"https:\\\/\\\/www.organisator.ch\\\/wp-content\\\/uploads\\\/2022\\\/01\\\/Logo_Organisator_Website.png\",\"width\":800,\"height\":77,\"caption\":\"Organisator\"},\"image\":{\"@id\":\"https:\\\/\\\/www.organisator.ch\\\/#\\\/schema\\\/logo\\\/image\\\/\"},\"sameAs\":[\"https:\\\/\\\/www.facebook.com\\\/OrganisatorFachmagazin\",\"https:\\\/\\\/www.linkedin.com\\\/showcase\\\/organisator-das-magazin-fr-kmu\",\"https:\\\/\\\/www.xing.com\\\/news\\\/pages\\\/organisator-ch-695\",\"https:\\\/\\\/www.youtube.com\\\/channel\\\/UCGP2Sq0iWaZwT3BdIAQFYpw\"]},{\"@type\":\"Person\",\"@id\":\"https:\\\/\\\/www.organisator.ch\\\/#\\\/schema\\\/person\\\/a800b8c54e208b160517a7dcc323161d\",\"name\":\"roger.straessle\",\"image\":{\"@type\":\"ImageObject\",\"inLanguage\":\"de\",\"@id\":\"https:\\\/\\\/secure.gravatar.com\\\/avatar\\\/?s=96&d=mm&r=g\",\"url\":\"https:\\\/\\\/secure.gravatar.com\\\/avatar\\\/?s=96&d=mm&r=g\",\"contentUrl\":\"https:\\\/\\\/secure.gravatar.com\\\/avatar\\\/?s=96&d=mm&r=g\",\"caption\":\"roger.straessle\"},\"url\":\"https:\\\/\\\/www.organisator.ch\\\/de\\\/author\\\/roger-straessle\\\/\"}]}<\/script>\n<!-- \/ Yoast SEO plugin. -->","yoast_head_json":{"title":"Normungs-Roadmap Circular Economy gestartet - Organisator","description":"Gemeinsam mit dem BMU haben das Deutsche Institut f\u00fcr Normung (DIN) und andere die Arbeit an der Normungsroadmap Circular Economy gestartet.","robots":{"index":"index","follow":"follow","max-snippet":"max-snippet:-1","max-image-preview":"max-image-preview:large","max-video-preview":"max-video-preview:-1"},"canonical":"https:\/\/www.organisator.ch\/de\/sustainability\/2021-09-15\/normungsroadmap-circular-economy-gestartet\/","og_locale":"de_DE","og_type":"article","og_title":"Normungs-Roadmap Circular Economy gestartet - Organisator","og_description":"Gemeinsam mit dem BMU haben das Deutsche Institut f\u00fcr Normung (DIN) und andere die Arbeit an der Normungsroadmap Circular Economy gestartet.","og_url":"https:\/\/www.organisator.ch\/de\/sustainability\/2021-09-15\/normungsroadmap-circular-economy-gestartet\/","og_site_name":"Organisator","article_publisher":"https:\/\/www.facebook.com\/OrganisatorFachmagazin","article_published_time":"2021-09-15T09:01:51+00:00","article_modified_time":"2022-02-09T10:09:52+00:00","og_image":[{"width":1000,"height":667,"url":"https:\/\/www.organisator.ch\/wp-content\/uploads\/2021\/09\/Depositphotos_133297426_s-2019.jpg","type":"image\/jpeg"}],"author":"roger.straessle","twitter_card":"summary_large_image","schema":{"@context":"https:\/\/schema.org","@graph":[{"@type":"Article","@id":"https:\/\/www.organisator.ch\/sustainability\/2021-09-15\/normungsroadmap-circular-economy-gestartet\/#article","isPartOf":{"@id":"https:\/\/www.organisator.ch\/sustainability\/2021-09-15\/normungsroadmap-circular-economy-gestartet\/"},"author":{"name":"roger.straessle","@id":"https:\/\/www.organisator.ch\/#\/schema\/person\/a800b8c54e208b160517a7dcc323161d"},"headline":"Normungs-Roadmap Circular Economy gestartet","datePublished":"2021-09-15T09:01:51+00:00","dateModified":"2022-02-09T10:09:52+00:00","mainEntityOfPage":{"@id":"https:\/\/www.organisator.ch\/sustainability\/2021-09-15\/normungsroadmap-circular-economy-gestartet\/"},"wordCount":618,"publisher":{"@id":"https:\/\/www.organisator.ch\/#organization"},"image":{"@id":"https:\/\/www.organisator.ch\/sustainability\/2021-09-15\/normungsroadmap-circular-economy-gestartet\/#primaryimage"},"thumbnailUrl":"https:\/\/www.organisator.ch\/wp-content\/uploads\/2021\/09\/Depositphotos_133297426_s-2019.jpg","keywords":["Circular Economy","Kreislaufwirtschaft","Normungsroadmap"],"articleSection":["SUSTAINABILITY"],"inLanguage":"de"},{"@type":"WebPage","@id":"https:\/\/www.organisator.ch\/sustainability\/2021-09-15\/normungsroadmap-circular-economy-gestartet\/","url":"https:\/\/www.organisator.ch\/sustainability\/2021-09-15\/normungsroadmap-circular-economy-gestartet\/","name":"Normungs-Roadmap Circular Economy gestartet - Organisator","isPartOf":{"@id":"https:\/\/www.organisator.ch\/#website"},"primaryImageOfPage":{"@id":"https:\/\/www.organisator.ch\/sustainability\/2021-09-15\/normungsroadmap-circular-economy-gestartet\/#primaryimage"},"image":{"@id":"https:\/\/www.organisator.ch\/sustainability\/2021-09-15\/normungsroadmap-circular-economy-gestartet\/#primaryimage"},"thumbnailUrl":"https:\/\/www.organisator.ch\/wp-content\/uploads\/2021\/09\/Depositphotos_133297426_s-2019.jpg","datePublished":"2021-09-15T09:01:51+00:00","dateModified":"2022-02-09T10:09:52+00:00","description":"Gemeinsam mit dem BMU haben das Deutsche Institut f\u00fcr Normung (DIN) und andere die Arbeit an der Normungsroadmap Circular Economy gestartet.","breadcrumb":{"@id":"https:\/\/www.organisator.ch\/sustainability\/2021-09-15\/normungsroadmap-circular-economy-gestartet\/#breadcrumb"},"inLanguage":"de","potentialAction":[{"@type":"ReadAction","target":["https:\/\/www.organisator.ch\/sustainability\/2021-09-15\/normungsroadmap-circular-economy-gestartet\/"]}]},{"@type":"ImageObject","inLanguage":"de","@id":"https:\/\/www.organisator.ch\/sustainability\/2021-09-15\/normungsroadmap-circular-economy-gestartet\/#primaryimage","url":"https:\/\/www.organisator.ch\/wp-content\/uploads\/2021\/09\/Depositphotos_133297426_s-2019.jpg","contentUrl":"https:\/\/www.organisator.ch\/wp-content\/uploads\/2021\/09\/Depositphotos_133297426_s-2019.jpg","width":1000,"height":667,"caption":"\u00a9 Depositphotos, bruesw"},{"@type":"BreadcrumbList","@id":"https:\/\/www.organisator.ch\/sustainability\/2021-09-15\/normungsroadmap-circular-economy-gestartet\/#breadcrumb","itemListElement":[{"@type":"ListItem","position":1,"name":"Home","item":"https:\/\/www.organisator.ch\/"},{"@type":"ListItem","position":2,"name":"Normungs-Roadmap Circular Economy gestartet"}]},{"@type":"WebSite","@id":"https:\/\/www.organisator.ch\/#website","url":"https:\/\/www.organisator.ch\/","name":"Organisator","description":"Kompetent. Praxisnah. Der ORGANISATOR bereitet in 10 Ausgaben pro Jahr die wesentlichen Themen f\u00fcr F\u00fchrungskr\u00e4fte von KMU auf.","publisher":{"@id":"https:\/\/www.organisator.ch\/#organization"},"potentialAction":[{"@type":"SearchAction","target":{"@type":"EntryPoint","urlTemplate":"https:\/\/www.organisator.ch\/?s={search_term_string}"},"query-input":{"@type":"PropertyValueSpecification","valueRequired":true,"valueName":"search_term_string"}}],"inLanguage":"de"},{"@type":"Organization","@id":"https:\/\/www.organisator.ch\/#organization","name":"Organisator","url":"https:\/\/www.organisator.ch\/","logo":{"@type":"ImageObject","inLanguage":"de","@id":"https:\/\/www.organisator.ch\/#\/schema\/logo\/image\/","url":"https:\/\/www.organisator.ch\/wp-content\/uploads\/2022\/01\/Logo_Organisator_Website.png","contentUrl":"https:\/\/www.organisator.ch\/wp-content\/uploads\/2022\/01\/Logo_Organisator_Website.png","width":800,"height":77,"caption":"Organisator"},"image":{"@id":"https:\/\/www.organisator.ch\/#\/schema\/logo\/image\/"},"sameAs":["https:\/\/www.facebook.com\/OrganisatorFachmagazin","https:\/\/www.linkedin.com\/showcase\/organisator-das-magazin-fr-kmu","https:\/\/www.xing.com\/news\/pages\/organisator-ch-695","https:\/\/www.youtube.com\/channel\/UCGP2Sq0iWaZwT3BdIAQFYpw"]},{"@type":"Person","@id":"https:\/\/www.organisator.ch\/#\/schema\/person\/a800b8c54e208b160517a7dcc323161d","name":"roger.straessle","image":{"@type":"ImageObject","inLanguage":"de","@id":"https:\/\/secure.gravatar.com\/avatar\/?s=96&d=mm&r=g","url":"https:\/\/secure.gravatar.com\/avatar\/?s=96&d=mm&r=g","contentUrl":"https:\/\/secure.gravatar.com\/avatar\/?s=96&d=mm&r=g","caption":"roger.straessle"},"url":"https:\/\/www.organisator.ch\/de\/author\/roger-straessle\/"}]}},"_links":{"self":[{"href":"https:\/\/www.organisator.ch\/de\/wp-json\/wp\/v2\/posts\/10324","targetHints":{"allow":["GET"]}}],"collection":[{"href":"https:\/\/www.organisator.ch\/de\/wp-json\/wp\/v2\/posts"}],"about":[{"href":"https:\/\/www.organisator.ch\/de\/wp-json\/wp\/v2\/types\/post"}],"author":[{"embeddable":true,"href":"https:\/\/www.organisator.ch\/de\/wp-json\/wp\/v2\/users\/6"}],"replies":[{"embeddable":true,"href":"https:\/\/www.organisator.ch\/de\/wp-json\/wp\/v2\/comments?post=10324"}],"version-history":[{"count":1,"href":"https:\/\/www.organisator.ch\/de\/wp-json\/wp\/v2\/posts\/10324\/revisions"}],"predecessor-version":[{"id":10787,"href":"https:\/\/www.organisator.ch\/de\/wp-json\/wp\/v2\/posts\/10324\/revisions\/10787"}],"wp:featuredmedia":[{"embeddable":true,"href":"https:\/\/www.organisator.ch\/de\/wp-json\/wp\/v2\/media\/4882"}],"wp:attachment":[{"href":"https:\/\/www.organisator.ch\/de\/wp-json\/wp\/v2\/media?parent=10324"}],"wp:term":[{"taxonomy":"category","embeddable":true,"href":"https:\/\/www.organisator.ch\/de\/wp-json\/wp\/v2\/categories?post=10324"},{"taxonomy":"post_tag","embeddable":true,"href":"https:\/\/www.organisator.ch\/de\/wp-json\/wp\/v2\/tags?post=10324"}],"curies":[{"name":"wp","href":"https:\/\/api.w.org\/{rel}","templated":true}]}}