{"id":10340,"date":"2021-11-02T10:35:40","date_gmt":"2021-11-02T09:35:40","guid":{"rendered":"https:\/\/www.umweltperspektiven.ch\/?p=5032"},"modified":"2022-02-09T11:06:04","modified_gmt":"2022-02-09T10:06:04","slug":"peb-gebaeude-als-klimaloesung","status":"publish","type":"post","link":"https:\/\/www.organisator.ch\/de\/sustainability\/2021-11-02\/peb-gebaeude-als-klimaloesung\/","title":{"rendered":"PEB-Geb\u00e4ude als Klimal\u00f6sung"},"content":{"rendered":"<p>F\u00fcr den diesj\u00e4hrigen Schweizer Solarpreis wurden insgesamt 71 Solarprojekte eingereicht. Bei fast der H\u00e4lfte der Geb\u00e4ude-Bewerbungen handelt es sich um einen sogenannten PlusEnergieBau (PEB). Sie produzieren mehr klimafreundlichen Strom als sie selbst ben\u00f6tigen. Energie, die auch in den emissionsfreien Strassenverkehr fliessen kann.<\/p>\n<h2><strong>Ausgezeichnete Beispiele<\/strong><\/h2>\n<p>Am 2. November 2021 war es so weit, die Solar Agentur Schweiz die besten Solarprojekte 20212 ausgezeichnet. Wir stellen drei beispielhafte Geb\u00e4ude\u00a0kurz vor.<\/p>\n<figure id=\"attachment_5040\" aria-describedby=\"caption-attachment-5040\" style=\"width: 680px\" class=\"wp-caption alignnone\"><img loading=\"lazy\" decoding=\"async\" class=\"size-medium wp-image-5040\" src=\"\/\/www.umweltperspektiven.ch\/wp-content\/uploads\/2021\/11\/Fl\u00e4sch_Ansicht-von-Norden-\u00fcberarbeitet.jpg\" alt=\"PlusEnergieBau\" width=\"680\" height=\"510\" \/><figcaption id=\"caption-attachment-5040\" class=\"wp-caption-text\">Das sanierte Mehrzweckgeb\u00e4ude aus dem Jahr 1975. Bild: Schweizer Solarpreis 2021<\/figcaption><\/figure>\n<h2>Beispiel 1 &#8211; Mehrzweckgeb\u00e4ude<\/h2>\n<p>Dieses 45 Jahre alte Mehrzweckgeb\u00e4ude in Fl\u00e4sch GR ist nach der Erweiterung und Sanierung ein architektonisches und energetisches Bijou geworden. Das Geb\u00e4ude verbrauchte vor der Sanierung j\u00e4hrlich rund 60\u2019300 kWh. Trotz Verdoppelung der Energiebezugsfl\u00e4che von 874 auf 1564 m2 hat sich der Energiebedarf nur um 5\u2019000 kWh\/a erh\u00f6ht. Das ist auf die sehr gute D\u00e4mmung zur\u00fcckzuf\u00fchren. Auf das vergr\u00f6sserte Dach wurde eine Ost-West ausgerichtete 174 kW starke PV-Anlage installiert. Sie produziert 179\u2019700 kWh\/a und sorgt damit f\u00fcr eine Eigenenergieversorgung von stolzen 275%. Der \u00fcbersch\u00fcssige Strom von 114\u2019200 kWh\/a wird direkt von der benachbarten Klinik Gut genutzt und reduziert deren Strombezug aus dem Netz um einen Drittel. Dank dem gelungenen Umbau verf\u00fcge die Gemeinde Fl\u00e4sch jetzt \u00fcber ein neues Mehrzweckgeb\u00e4ude, das zusammen mit dem Schulhaus das Ortsbild der Gemeinde aufwertet, betont die Solarpreisjury. Es ist das Siegerprojekte in der Kategorie der PlusEnergieBauten.<\/p>\n<figure id=\"attachment_5033\" aria-describedby=\"caption-attachment-5033\" style=\"width: 680px\" class=\"wp-caption alignnone\"><img loading=\"lazy\" decoding=\"async\" class=\"size-medium wp-image-5033\" src=\"\/\/www.umweltperspektiven.ch\/wp-content\/uploads\/2021\/11\/H22-cot\u00e9-jardin.jpg\" alt=\"PlusEnergieBau\" width=\"680\" height=\"422\" \/><figcaption id=\"caption-attachment-5033\" class=\"wp-caption-text\">Die PlusEnergie-Siedlung in Th\u00f4nex GE.\u00a0Bild: Schweizer Solarpreis 2021<\/figcaption><\/figure>\n<h2>Beispiel 2 &#8211; Minergie-P-Siedlung<\/h2>\n<p>Die 2020 realisierte Plusenergie-Siedlung in Th\u00f4nex GE, die aus vier Minergie-P-Wohnh\u00e4usern besteht, ben\u00f6tigen insgesamt 27\u2019600 kWh pro Jahr. Dank vorbildlicher W\u00e4rmed\u00e4mmung (33 bis 38 cm) und U-Werten von 0,09 bis 0,10 W\/m2K ist der Energieverbrauch des Geb\u00e4udekomplexes sehr gering. Die 50,7 kW nach Ost-West ausgerichtete Photovoltaik-Dachanlage produziert j\u00e4hrlich 43\u2019300 kWh CO2-freien Solarstrom. Damit betr\u00e4gt die Eigenenergieversorgung 157%. Mit dem Solarstrom\u00fcberschuss von 15\u2019700 kWh\/a k\u00f6nnen nebst den vier Elektrofahrzeugen der Bewohner noch weitere sieben E-Autos mit Sonnenenergie betankt werden und j\u00e4hrlich je 12\u2019000 km emissionsfrei fahren. Insgesamt vermeiden sie \u00fcber 30 Tonnen CO2-Verkehrsemissionen pro Jahr.<\/p>\n<h2>Beispiel 3 &#8211; Mehrfamilienh\u00e4user<\/h2>\n<p>Die zwei Mehrfamilienh\u00e4user (MFH) Sunn\u00e4pl\u00e4tzli in Giswil OW mit insgesamt 15 Wohnungen sind nachhaltig gebaut. Dank guter Dachd\u00e4mmung ben\u00f6tigen diese PEB-Geb\u00e4ude 126\u2019200 kWh\/a. Die 138 kW starke PV-Anlage auf den D\u00e4chern erzeugt j\u00e4hrlich 142\u2019800 kWh Strom. Die Eigenenergieversorgung der Siedlung betr\u00e4gt 113%. Ein Grossteil des im Bau verwendeten Holzes stammt aus der Region. Auch f\u00fcr die Schnitzelheizung wird auf Holz aus der Region zur\u00fcckgegriffen. Mit dem Solarstrom\u00fcberschusses (Eigenenergieversorgung: 113%) \u00a0dieser zwei MFH k\u00f6nnen umgerechnet zw\u00f6lf E-Autos j\u00e4hrlich je 12\u2019000 km emissionsfrei fahren.<\/p>\n<figure id=\"attachment_5035\" aria-describedby=\"caption-attachment-5035\" style=\"width: 680px\" class=\"wp-caption alignnone\"><img loading=\"lazy\" decoding=\"async\" class=\"size-medium wp-image-5035\" src=\"\/\/www.umweltperspektiven.ch\/wp-content\/uploads\/2021\/11\/PVA-Sunn\u00e4pl\u00e4tzli-Foto-DJI_0788.jpg\" alt=\"PlusEnergieBau\" width=\"680\" height=\"453\" \/><figcaption id=\"caption-attachment-5035\" class=\"wp-caption-text\">Mit dem Strom\u00fcberschuss dieser zwei PEB-Mehrfamilienh\u00e4user in Giswil OW k\u00f6nnen umgerechnet zw\u00f6lf E-Autos j\u00e4hrlich je 12&#8217;ooo km zur\u00fccklegen. Bild: Schweizer Solarpreis 2021<\/figcaption><\/figure>\n<p><em>F\u00fcr weitere Informationen zu den von der Solar Agentur Schweiz <a href=\"\/\/www.solaragentur.ch\/files\/publikationen\/2021-10-28%20Publikation%20def-reduziert.pdf\">ausgezeichneten Projekte und Pers\u00f6nlichkeiten<\/a>.<\/em><\/p>\n<p>&nbsp;<\/p>\n<p><strong><em>Weitere Themen:<\/em><\/strong><\/p>\n<p><em>\u00a0<\/em><em><a href=\"\/\/www.umweltperspektiven.ch\/die-solare-fassade-kommt-leider-nicht-vom-fleck\/\">Die solare Fassade kommt leider nicht vom Fleck<\/a><\/em><\/p>\n<p><a href=\"\/\/www.umweltperspektiven.ch\/solarstrom-infrastrukturanlagen-haben-grosses-potenzial\/\"><em>\u00a0<\/em><em>Solarstrom: Infrastrukturanlagen haben grosses Potenzial<\/em><\/a><\/p>\n<p>&nbsp;<\/p>\n","protected":false},"excerpt":{"rendered":"<p>F\u00fcr den diesj\u00e4hrigen Schweizer Solarpreis wurden insgesamt 71 Solarprojekte eingereicht. Bei fast der H\u00e4lfte der Geb\u00e4ude-Bewerbungen handelt es sich um einen sogenannten PlusEnergieBau (PEB). Sie produzieren mehr klimafreundlichen Strom als sie selbst ben\u00f6tigen. Energie, die auch in den emissionsfreien Strassenverkehr fliessen kann. Ausgezeichnete Beispiele Am 2. November 2021 war es so weit, die Solar Agentur [&hellip;]<\/p>\n","protected":false},"author":6,"featured_media":5040,"comment_status":"closed","ping_status":"closed","sticky":false,"template":"","format":"standard","meta":{"_acf_changed":false,"_yoast_wpseo_focuskw":"PlusEnergieBau","_yoast_wpseo_metadesc":"Geb\u00e4ude, die mehr Energie produzieren als sie selbst ben\u00f6tigen, sind eine schlaue Klima-L\u00f6sung. Der 31. Solarpreis zeigt beispielhafte Projekte.","articlekey":"","footnotes":""},"categories":[580],"tags":[1930,2148],"class_list":["post-10340","post","type-post","status-publish","format-standard","has-post-thumbnail","hentry","category-sustainability","tag-plusenergiebau","tag-solarpreis-2021"],"acf":[],"yoast_head":"<!-- This site is optimized with the Yoast SEO plugin v27.5 - https:\/\/yoast.com\/product\/yoast-seo-wordpress\/ -->\n<title>PEB-Geb\u00e4ude als Klimal\u00f6sung - Organisator<\/title>\n<meta name=\"description\" content=\"Geb\u00e4ude, die mehr Energie produzieren als sie selbst ben\u00f6tigen, sind eine schlaue Klima-L\u00f6sung. Der 31. Solarpreis zeigt beispielhafte Projekte.\" \/>\n<meta name=\"robots\" content=\"index, follow, max-snippet:-1, max-image-preview:large, max-video-preview:-1\" \/>\n<link rel=\"canonical\" href=\"https:\/\/www.organisator.ch\/de\/sustainability\/2021-11-02\/peb-gebaeude-als-klimaloesung\/\" \/>\n<meta property=\"og:locale\" content=\"de_DE\" \/>\n<meta property=\"og:type\" content=\"article\" \/>\n<meta property=\"og:title\" content=\"PEB-Geb\u00e4ude als Klimal\u00f6sung - Organisator\" \/>\n<meta property=\"og:description\" content=\"Geb\u00e4ude, die mehr Energie produzieren als sie selbst ben\u00f6tigen, sind eine schlaue Klima-L\u00f6sung. Der 31. Solarpreis zeigt beispielhafte Projekte.\" \/>\n<meta property=\"og:url\" content=\"https:\/\/www.organisator.ch\/de\/sustainability\/2021-11-02\/peb-gebaeude-als-klimaloesung\/\" \/>\n<meta property=\"og:site_name\" content=\"Organisator\" \/>\n<meta property=\"article:publisher\" content=\"https:\/\/www.facebook.com\/OrganisatorFachmagazin\" \/>\n<meta property=\"article:published_time\" content=\"2021-11-02T09:35:40+00:00\" \/>\n<meta property=\"article:modified_time\" content=\"2022-02-09T10:06:04+00:00\" \/>\n<meta property=\"og:image\" content=\"https:\/\/www.organisator.ch\/wp-content\/uploads\/2021\/11\/Flaesch_Ansicht-von-Norden-ueberarbeitet-scaled.jpg\" \/>\n\t<meta property=\"og:image:width\" content=\"2560\" \/>\n\t<meta property=\"og:image:height\" content=\"1920\" \/>\n\t<meta property=\"og:image:type\" content=\"image\/jpeg\" \/>\n<meta name=\"author\" content=\"roger.straessle\" \/>\n<meta name=\"twitter:card\" content=\"summary_large_image\" \/>\n<script type=\"application\/ld+json\" class=\"yoast-schema-graph\">{\"@context\":\"https:\\\/\\\/schema.org\",\"@graph\":[{\"@type\":\"Article\",\"@id\":\"https:\\\/\\\/www.organisator.ch\\\/sustainability\\\/2021-11-02\\\/peb-gebaeude-als-klimaloesung\\\/#article\",\"isPartOf\":{\"@id\":\"https:\\\/\\\/www.organisator.ch\\\/sustainability\\\/2021-11-02\\\/peb-gebaeude-als-klimaloesung\\\/\"},\"author\":{\"name\":\"roger.straessle\",\"@id\":\"https:\\\/\\\/www.organisator.ch\\\/#\\\/schema\\\/person\\\/a800b8c54e208b160517a7dcc323161d\"},\"headline\":\"PEB-Geb\u00e4ude als Klimal\u00f6sung\",\"datePublished\":\"2021-11-02T09:35:40+00:00\",\"dateModified\":\"2022-02-09T10:06:04+00:00\",\"mainEntityOfPage\":{\"@id\":\"https:\\\/\\\/www.organisator.ch\\\/sustainability\\\/2021-11-02\\\/peb-gebaeude-als-klimaloesung\\\/\"},\"wordCount\":525,\"publisher\":{\"@id\":\"https:\\\/\\\/www.organisator.ch\\\/#organization\"},\"image\":{\"@id\":\"https:\\\/\\\/www.organisator.ch\\\/sustainability\\\/2021-11-02\\\/peb-gebaeude-als-klimaloesung\\\/#primaryimage\"},\"thumbnailUrl\":\"https:\\\/\\\/www.organisator.ch\\\/wp-content\\\/uploads\\\/2021\\\/11\\\/Flaesch_Ansicht-von-Norden-ueberarbeitet-scaled.jpg\",\"keywords\":[\"PlusEnergieBau\",\"Solarpreis 2021\"],\"articleSection\":[\"SUSTAINABILITY\"],\"inLanguage\":\"de\"},{\"@type\":\"WebPage\",\"@id\":\"https:\\\/\\\/www.organisator.ch\\\/sustainability\\\/2021-11-02\\\/peb-gebaeude-als-klimaloesung\\\/\",\"url\":\"https:\\\/\\\/www.organisator.ch\\\/sustainability\\\/2021-11-02\\\/peb-gebaeude-als-klimaloesung\\\/\",\"name\":\"PEB-Geb\u00e4ude als Klimal\u00f6sung - Organisator\",\"isPartOf\":{\"@id\":\"https:\\\/\\\/www.organisator.ch\\\/#website\"},\"primaryImageOfPage\":{\"@id\":\"https:\\\/\\\/www.organisator.ch\\\/sustainability\\\/2021-11-02\\\/peb-gebaeude-als-klimaloesung\\\/#primaryimage\"},\"image\":{\"@id\":\"https:\\\/\\\/www.organisator.ch\\\/sustainability\\\/2021-11-02\\\/peb-gebaeude-als-klimaloesung\\\/#primaryimage\"},\"thumbnailUrl\":\"https:\\\/\\\/www.organisator.ch\\\/wp-content\\\/uploads\\\/2021\\\/11\\\/Flaesch_Ansicht-von-Norden-ueberarbeitet-scaled.jpg\",\"datePublished\":\"2021-11-02T09:35:40+00:00\",\"dateModified\":\"2022-02-09T10:06:04+00:00\",\"description\":\"Geb\u00e4ude, die mehr Energie produzieren als sie selbst ben\u00f6tigen, sind eine schlaue Klima-L\u00f6sung. Der 31. Solarpreis zeigt beispielhafte Projekte.\",\"breadcrumb\":{\"@id\":\"https:\\\/\\\/www.organisator.ch\\\/sustainability\\\/2021-11-02\\\/peb-gebaeude-als-klimaloesung\\\/#breadcrumb\"},\"inLanguage\":\"de\",\"potentialAction\":[{\"@type\":\"ReadAction\",\"target\":[\"https:\\\/\\\/www.organisator.ch\\\/sustainability\\\/2021-11-02\\\/peb-gebaeude-als-klimaloesung\\\/\"]}]},{\"@type\":\"ImageObject\",\"inLanguage\":\"de\",\"@id\":\"https:\\\/\\\/www.organisator.ch\\\/sustainability\\\/2021-11-02\\\/peb-gebaeude-als-klimaloesung\\\/#primaryimage\",\"url\":\"https:\\\/\\\/www.organisator.ch\\\/wp-content\\\/uploads\\\/2021\\\/11\\\/Flaesch_Ansicht-von-Norden-ueberarbeitet-scaled.jpg\",\"contentUrl\":\"https:\\\/\\\/www.organisator.ch\\\/wp-content\\\/uploads\\\/2021\\\/11\\\/Flaesch_Ansicht-von-Norden-ueberarbeitet-scaled.jpg\",\"width\":2560,\"height\":1920,\"caption\":\"Das sanierte Mehrzweckgeb\u00e4ude aus dem Jahr 1975. Bild: Schweizer Solarpreis\u00a02021\"},{\"@type\":\"BreadcrumbList\",\"@id\":\"https:\\\/\\\/www.organisator.ch\\\/sustainability\\\/2021-11-02\\\/peb-gebaeude-als-klimaloesung\\\/#breadcrumb\",\"itemListElement\":[{\"@type\":\"ListItem\",\"position\":1,\"name\":\"Home\",\"item\":\"https:\\\/\\\/www.organisator.ch\\\/\"},{\"@type\":\"ListItem\",\"position\":2,\"name\":\"PEB-Geb\u00e4ude als Klimal\u00f6sung\"}]},{\"@type\":\"WebSite\",\"@id\":\"https:\\\/\\\/www.organisator.ch\\\/#website\",\"url\":\"https:\\\/\\\/www.organisator.ch\\\/\",\"name\":\"Organisator\",\"description\":\"Kompetent. Praxisnah. Der ORGANISATOR bereitet in 10 Ausgaben pro Jahr die wesentlichen Themen f\u00fcr F\u00fchrungskr\u00e4fte von KMU auf.\",\"publisher\":{\"@id\":\"https:\\\/\\\/www.organisator.ch\\\/#organization\"},\"potentialAction\":[{\"@type\":\"SearchAction\",\"target\":{\"@type\":\"EntryPoint\",\"urlTemplate\":\"https:\\\/\\\/www.organisator.ch\\\/?s={search_term_string}\"},\"query-input\":{\"@type\":\"PropertyValueSpecification\",\"valueRequired\":true,\"valueName\":\"search_term_string\"}}],\"inLanguage\":\"de\"},{\"@type\":\"Organization\",\"@id\":\"https:\\\/\\\/www.organisator.ch\\\/#organization\",\"name\":\"Organisator\",\"url\":\"https:\\\/\\\/www.organisator.ch\\\/\",\"logo\":{\"@type\":\"ImageObject\",\"inLanguage\":\"de\",\"@id\":\"https:\\\/\\\/www.organisator.ch\\\/#\\\/schema\\\/logo\\\/image\\\/\",\"url\":\"https:\\\/\\\/www.organisator.ch\\\/wp-content\\\/uploads\\\/2022\\\/01\\\/Logo_Organisator_Website.png\",\"contentUrl\":\"https:\\\/\\\/www.organisator.ch\\\/wp-content\\\/uploads\\\/2022\\\/01\\\/Logo_Organisator_Website.png\",\"width\":800,\"height\":77,\"caption\":\"Organisator\"},\"image\":{\"@id\":\"https:\\\/\\\/www.organisator.ch\\\/#\\\/schema\\\/logo\\\/image\\\/\"},\"sameAs\":[\"https:\\\/\\\/www.facebook.com\\\/OrganisatorFachmagazin\",\"https:\\\/\\\/www.linkedin.com\\\/showcase\\\/organisator-das-magazin-fr-kmu\",\"https:\\\/\\\/www.xing.com\\\/news\\\/pages\\\/organisator-ch-695\",\"https:\\\/\\\/www.youtube.com\\\/channel\\\/UCGP2Sq0iWaZwT3BdIAQFYpw\"]},{\"@type\":\"Person\",\"@id\":\"https:\\\/\\\/www.organisator.ch\\\/#\\\/schema\\\/person\\\/a800b8c54e208b160517a7dcc323161d\",\"name\":\"roger.straessle\",\"image\":{\"@type\":\"ImageObject\",\"inLanguage\":\"de\",\"@id\":\"https:\\\/\\\/secure.gravatar.com\\\/avatar\\\/?s=96&d=mm&r=g\",\"url\":\"https:\\\/\\\/secure.gravatar.com\\\/avatar\\\/?s=96&d=mm&r=g\",\"contentUrl\":\"https:\\\/\\\/secure.gravatar.com\\\/avatar\\\/?s=96&d=mm&r=g\",\"caption\":\"roger.straessle\"},\"url\":\"https:\\\/\\\/www.organisator.ch\\\/de\\\/author\\\/roger-straessle\\\/\"}]}<\/script>\n<!-- \/ Yoast SEO plugin. -->","yoast_head_json":{"title":"PEB-Geb\u00e4ude als Klimal\u00f6sung - Organisator","description":"Geb\u00e4ude, die mehr Energie produzieren als sie selbst ben\u00f6tigen, sind eine schlaue Klima-L\u00f6sung. Der 31. Solarpreis zeigt beispielhafte Projekte.","robots":{"index":"index","follow":"follow","max-snippet":"max-snippet:-1","max-image-preview":"max-image-preview:large","max-video-preview":"max-video-preview:-1"},"canonical":"https:\/\/www.organisator.ch\/de\/sustainability\/2021-11-02\/peb-gebaeude-als-klimaloesung\/","og_locale":"de_DE","og_type":"article","og_title":"PEB-Geb\u00e4ude als Klimal\u00f6sung - Organisator","og_description":"Geb\u00e4ude, die mehr Energie produzieren als sie selbst ben\u00f6tigen, sind eine schlaue Klima-L\u00f6sung. Der 31. Solarpreis zeigt beispielhafte Projekte.","og_url":"https:\/\/www.organisator.ch\/de\/sustainability\/2021-11-02\/peb-gebaeude-als-klimaloesung\/","og_site_name":"Organisator","article_publisher":"https:\/\/www.facebook.com\/OrganisatorFachmagazin","article_published_time":"2021-11-02T09:35:40+00:00","article_modified_time":"2022-02-09T10:06:04+00:00","og_image":[{"width":2560,"height":1920,"url":"https:\/\/www.organisator.ch\/wp-content\/uploads\/2021\/11\/Flaesch_Ansicht-von-Norden-ueberarbeitet-scaled.jpg","type":"image\/jpeg"}],"author":"roger.straessle","twitter_card":"summary_large_image","schema":{"@context":"https:\/\/schema.org","@graph":[{"@type":"Article","@id":"https:\/\/www.organisator.ch\/sustainability\/2021-11-02\/peb-gebaeude-als-klimaloesung\/#article","isPartOf":{"@id":"https:\/\/www.organisator.ch\/sustainability\/2021-11-02\/peb-gebaeude-als-klimaloesung\/"},"author":{"name":"roger.straessle","@id":"https:\/\/www.organisator.ch\/#\/schema\/person\/a800b8c54e208b160517a7dcc323161d"},"headline":"PEB-Geb\u00e4ude als Klimal\u00f6sung","datePublished":"2021-11-02T09:35:40+00:00","dateModified":"2022-02-09T10:06:04+00:00","mainEntityOfPage":{"@id":"https:\/\/www.organisator.ch\/sustainability\/2021-11-02\/peb-gebaeude-als-klimaloesung\/"},"wordCount":525,"publisher":{"@id":"https:\/\/www.organisator.ch\/#organization"},"image":{"@id":"https:\/\/www.organisator.ch\/sustainability\/2021-11-02\/peb-gebaeude-als-klimaloesung\/#primaryimage"},"thumbnailUrl":"https:\/\/www.organisator.ch\/wp-content\/uploads\/2021\/11\/Flaesch_Ansicht-von-Norden-ueberarbeitet-scaled.jpg","keywords":["PlusEnergieBau","Solarpreis 2021"],"articleSection":["SUSTAINABILITY"],"inLanguage":"de"},{"@type":"WebPage","@id":"https:\/\/www.organisator.ch\/sustainability\/2021-11-02\/peb-gebaeude-als-klimaloesung\/","url":"https:\/\/www.organisator.ch\/sustainability\/2021-11-02\/peb-gebaeude-als-klimaloesung\/","name":"PEB-Geb\u00e4ude als Klimal\u00f6sung - Organisator","isPartOf":{"@id":"https:\/\/www.organisator.ch\/#website"},"primaryImageOfPage":{"@id":"https:\/\/www.organisator.ch\/sustainability\/2021-11-02\/peb-gebaeude-als-klimaloesung\/#primaryimage"},"image":{"@id":"https:\/\/www.organisator.ch\/sustainability\/2021-11-02\/peb-gebaeude-als-klimaloesung\/#primaryimage"},"thumbnailUrl":"https:\/\/www.organisator.ch\/wp-content\/uploads\/2021\/11\/Flaesch_Ansicht-von-Norden-ueberarbeitet-scaled.jpg","datePublished":"2021-11-02T09:35:40+00:00","dateModified":"2022-02-09T10:06:04+00:00","description":"Geb\u00e4ude, die mehr Energie produzieren als sie selbst ben\u00f6tigen, sind eine schlaue Klima-L\u00f6sung. Der 31. Solarpreis zeigt beispielhafte Projekte.","breadcrumb":{"@id":"https:\/\/www.organisator.ch\/sustainability\/2021-11-02\/peb-gebaeude-als-klimaloesung\/#breadcrumb"},"inLanguage":"de","potentialAction":[{"@type":"ReadAction","target":["https:\/\/www.organisator.ch\/sustainability\/2021-11-02\/peb-gebaeude-als-klimaloesung\/"]}]},{"@type":"ImageObject","inLanguage":"de","@id":"https:\/\/www.organisator.ch\/sustainability\/2021-11-02\/peb-gebaeude-als-klimaloesung\/#primaryimage","url":"https:\/\/www.organisator.ch\/wp-content\/uploads\/2021\/11\/Flaesch_Ansicht-von-Norden-ueberarbeitet-scaled.jpg","contentUrl":"https:\/\/www.organisator.ch\/wp-content\/uploads\/2021\/11\/Flaesch_Ansicht-von-Norden-ueberarbeitet-scaled.jpg","width":2560,"height":1920,"caption":"Das sanierte Mehrzweckgeb\u00e4ude aus dem Jahr 1975. Bild: Schweizer Solarpreis\u00a02021"},{"@type":"BreadcrumbList","@id":"https:\/\/www.organisator.ch\/sustainability\/2021-11-02\/peb-gebaeude-als-klimaloesung\/#breadcrumb","itemListElement":[{"@type":"ListItem","position":1,"name":"Home","item":"https:\/\/www.organisator.ch\/"},{"@type":"ListItem","position":2,"name":"PEB-Geb\u00e4ude als Klimal\u00f6sung"}]},{"@type":"WebSite","@id":"https:\/\/www.organisator.ch\/#website","url":"https:\/\/www.organisator.ch\/","name":"Organisator","description":"Kompetent. Praxisnah. Der ORGANISATOR bereitet in 10 Ausgaben pro Jahr die wesentlichen Themen f\u00fcr F\u00fchrungskr\u00e4fte von KMU auf.","publisher":{"@id":"https:\/\/www.organisator.ch\/#organization"},"potentialAction":[{"@type":"SearchAction","target":{"@type":"EntryPoint","urlTemplate":"https:\/\/www.organisator.ch\/?s={search_term_string}"},"query-input":{"@type":"PropertyValueSpecification","valueRequired":true,"valueName":"search_term_string"}}],"inLanguage":"de"},{"@type":"Organization","@id":"https:\/\/www.organisator.ch\/#organization","name":"Organisator","url":"https:\/\/www.organisator.ch\/","logo":{"@type":"ImageObject","inLanguage":"de","@id":"https:\/\/www.organisator.ch\/#\/schema\/logo\/image\/","url":"https:\/\/www.organisator.ch\/wp-content\/uploads\/2022\/01\/Logo_Organisator_Website.png","contentUrl":"https:\/\/www.organisator.ch\/wp-content\/uploads\/2022\/01\/Logo_Organisator_Website.png","width":800,"height":77,"caption":"Organisator"},"image":{"@id":"https:\/\/www.organisator.ch\/#\/schema\/logo\/image\/"},"sameAs":["https:\/\/www.facebook.com\/OrganisatorFachmagazin","https:\/\/www.linkedin.com\/showcase\/organisator-das-magazin-fr-kmu","https:\/\/www.xing.com\/news\/pages\/organisator-ch-695","https:\/\/www.youtube.com\/channel\/UCGP2Sq0iWaZwT3BdIAQFYpw"]},{"@type":"Person","@id":"https:\/\/www.organisator.ch\/#\/schema\/person\/a800b8c54e208b160517a7dcc323161d","name":"roger.straessle","image":{"@type":"ImageObject","inLanguage":"de","@id":"https:\/\/secure.gravatar.com\/avatar\/?s=96&d=mm&r=g","url":"https:\/\/secure.gravatar.com\/avatar\/?s=96&d=mm&r=g","contentUrl":"https:\/\/secure.gravatar.com\/avatar\/?s=96&d=mm&r=g","caption":"roger.straessle"},"url":"https:\/\/www.organisator.ch\/de\/author\/roger-straessle\/"}]}},"_links":{"self":[{"href":"https:\/\/www.organisator.ch\/de\/wp-json\/wp\/v2\/posts\/10340","targetHints":{"allow":["GET"]}}],"collection":[{"href":"https:\/\/www.organisator.ch\/de\/wp-json\/wp\/v2\/posts"}],"about":[{"href":"https:\/\/www.organisator.ch\/de\/wp-json\/wp\/v2\/types\/post"}],"author":[{"embeddable":true,"href":"https:\/\/www.organisator.ch\/de\/wp-json\/wp\/v2\/users\/6"}],"replies":[{"embeddable":true,"href":"https:\/\/www.organisator.ch\/de\/wp-json\/wp\/v2\/comments?post=10340"}],"version-history":[{"count":1,"href":"https:\/\/www.organisator.ch\/de\/wp-json\/wp\/v2\/posts\/10340\/revisions"}],"predecessor-version":[{"id":10450,"href":"https:\/\/www.organisator.ch\/de\/wp-json\/wp\/v2\/posts\/10340\/revisions\/10450"}],"wp:featuredmedia":[{"embeddable":true,"href":"https:\/\/www.organisator.ch\/de\/wp-json\/wp\/v2\/media\/5040"}],"wp:attachment":[{"href":"https:\/\/www.organisator.ch\/de\/wp-json\/wp\/v2\/media?parent=10340"}],"wp:term":[{"taxonomy":"category","embeddable":true,"href":"https:\/\/www.organisator.ch\/de\/wp-json\/wp\/v2\/categories?post=10340"},{"taxonomy":"post_tag","embeddable":true,"href":"https:\/\/www.organisator.ch\/de\/wp-json\/wp\/v2\/tags?post=10340"}],"curies":[{"name":"wp","href":"https:\/\/api.w.org\/{rel}","templated":true}]}}