{"id":10342,"date":"2021-11-09T12:10:32","date_gmt":"2021-11-09T11:10:32","guid":{"rendered":"https:\/\/www.umweltperspektiven.ch\/?p=5057"},"modified":"2022-02-09T11:06:44","modified_gmt":"2022-02-09T10:06:44","slug":"klimaschutz-rating-schweiz-faellt-auf-rang-15-zurueck","status":"publish","type":"post","link":"https:\/\/www.organisator.ch\/de\/sustainability\/2021-11-09\/klimaschutz-rating-schweiz-faellt-auf-rang-15-zurueck\/","title":{"rendered":"Klimaschutz-Rating: Schweiz f\u00e4llt auf Rang 15 zur\u00fcck"},"content":{"rendered":"<figure id=\"attachment_5058\" aria-describedby=\"caption-attachment-5058\" style=\"width: 680px\" class=\"wp-caption aligncenter\"><img loading=\"lazy\" decoding=\"async\" class=\"wp-image-5058 size-medium\" src=\"\/\/www.umweltperspektiven.ch\/wp-content\/uploads\/2021\/11\/Depositphotos_44432073_S.jpg\" alt=\"Klimaschutz-Index\" width=\"680\" height=\"680\" srcset=\"https:\/\/www.organisator.ch\/wp-content\/uploads\/2021\/11\/Depositphotos_44432073_S.jpg 1000w, https:\/\/www.organisator.ch\/wp-content\/uploads\/2021\/11\/Depositphotos_44432073_S-680x680.jpg 680w, https:\/\/www.organisator.ch\/wp-content\/uploads\/2021\/11\/Depositphotos_44432073_S-150x150.jpg 150w, https:\/\/www.organisator.ch\/wp-content\/uploads\/2021\/11\/Depositphotos_44432073_S-768x768.jpg 768w, https:\/\/www.organisator.ch\/wp-content\/uploads\/2021\/11\/Depositphotos_44432073_S-12x12.jpg 12w, https:\/\/www.organisator.ch\/wp-content\/uploads\/2021\/11\/Depositphotos_44432073_S-175x175.jpg 175w, https:\/\/www.organisator.ch\/wp-content\/uploads\/2021\/11\/Depositphotos_44432073_S-350x350.jpg 350w, https:\/\/www.organisator.ch\/wp-content\/uploads\/2021\/11\/Depositphotos_44432073_S-800x800.jpg 800w, https:\/\/www.organisator.ch\/wp-content\/uploads\/2021\/11\/Depositphotos_44432073_S-920x920.jpg 920w, https:\/\/www.organisator.ch\/wp-content\/uploads\/2021\/11\/Depositphotos_44432073_S-250x250.jpg 250w, https:\/\/www.organisator.ch\/wp-content\/uploads\/2021\/11\/Depositphotos_44432073_S-300x300.jpg 300w, https:\/\/www.organisator.ch\/wp-content\/uploads\/2021\/11\/Depositphotos_44432073_S-100x100.jpg 100w\" sizes=\"auto, (max-width: 680px) 100vw, 680px\" \/><figcaption id=\"caption-attachment-5058\" class=\"wp-caption-text\">\u00a9 Depositphotos, Juric.P<\/figcaption><\/figure>\n<p>F\u00fcr den Klimaschutz-Index (Climate Change Performance Index <a href=\"\/\/ccpi.org\">CCPI<\/a>) vergleichen die deutsche Umweltorganisation Germanwatch und das NewClimate-Institute j\u00e4hrlich die Klimaschutzleistungen von 60 L\u00e4ndern und der EU gesamt, die zusammen f\u00fcr mehr als 90 Prozent der weltweiten Treibhausgasemissionen verantwortlich sind. An der Klimakonferenz COP26 in Glasgow wurde heute das j\u00fcngste Rating vorgestellt.<\/p>\n<p>Angef\u00fchrt wird die CCPI-Liste von D\u00e4nemark. Bemerkenswert sei, dass das Land seine Kohleabh\u00e4ngigkeit innert zwei Jahrzehnten durch erneuerbare Energien abgel\u00f6st habe, heisst es auf der CCPI-Plattform. Die Schweiz f\u00e4llt beim Ranking auf Position 15 zur\u00fcck (<a href=\"\/\/ccpi.org\/country\/CHE\/\">vgl. Begr\u00fcndung hier<\/a>). Federn lassen musste das Land insbesondere im Bereich der nationalen Klimapolitik: Die Ablehnung des CO2-Gesetzes kostet den Alpenstaat wertvolle Punkte respektive elf R\u00e4nge in diesem Teilkriterium.<\/p>\n<h2>\u00dcbler Buchhaltungstrick<\/h2>\n<p>Georg Klingler, Klimaexperte bei <a href=\"\/\/www.greenpeace.ch\">Greenpeace<\/a> Schweiz: \u00abAuf den Platz 15 d\u00fcrfen wir nicht stolz sein. Die Schweiz hat die Kapazit\u00e4t, eine Klima-Vorreiterrolle einzunehmen. Doch daf\u00fcr sind ihre Klimaschutzambitionen viel zu gering. Statt die Treibhausgasemissionen im Inland drastisch zu senken, sucht die Schweiz nach immer mehr M\u00f6glichkeiten, um CO2 im Ausland zu kompensieren. Das ist ein \u00fcbler Buchhaltungstrick, mit welchem wir nicht zur L\u00f6sung der Klimakrise beitragen, sondern nur unseren klimasch\u00e4dlichen Lebensstil verteidigen. So ist es nicht verwunderlich, dass die Schweiz f\u00fcr ihre generelle Klimapolitik eine schlechte Bewertung erh\u00e4lt.\u00bb<\/p>\n<p>\u00abDas Klimaschutz-Rating zeigt \u00fcberdies klar, dass kein Land dieser Welt auf Kurs ist, um die globale Erderhitzung auf 1,5 Grad zu beschr\u00e4nken. Das ist erschreckend. Die Schweiz muss endlich ihre Verantwortung wahrnehmen und dem Klimaschutz h\u00f6chste Priorit\u00e4t einr\u00e4umen &#8211; und andere L\u00e4nder bei der Bew\u00e4ltigung der Klimakrise noch mehr unterst\u00fctzen. Der Reichtum unseres Landes basiert darauf, dass wir in Vergangenheit sehr viel CO2 ausstossen konnten. Jetzt muss die Schweiz Gerechtigkeit walten lassen und ihren Beitrag an die Klimafinanzierung deutlich erh\u00f6hen.\u00bb<\/p>\n<p><em>rs\/ Pressemeldung Greenpeace<\/em><\/p>\n<p><em>\u00a0<a href=\"\/\/mail.greenpeace.ch\/d\/d.pdf?o00cnp20007vfu00d0000lh000000000bwkfu0ifk2tvwcxou4u37hkogki1935\"><u>CCPI Climate Change Performance Index 2022<\/u><\/a><\/em><\/p>\n<p>&nbsp;<\/p>\n<p><em><strong>Weitere Themen:<\/strong><\/em><\/p>\n<p><em><a href=\"\/\/www.umweltperspektiven.ch\/ara-methanschlupf-gewinnbringend-loesen\/\">ARA: Methanschlupf gewinnbringend l\u00f6sen<\/a><\/em><\/p>\n","protected":false},"excerpt":{"rendered":"<p>F\u00fcr den Klimaschutz-Index (Climate Change Performance Index CCPI) vergleichen die deutsche Umweltorganisation Germanwatch und das NewClimate-Institute j\u00e4hrlich die Klimaschutzleistungen von 60 L\u00e4ndern und der EU gesamt, die zusammen f\u00fcr mehr als 90 Prozent der weltweiten Treibhausgasemissionen verantwortlich sind. An der Klimakonferenz COP26 in Glasgow wurde heute das j\u00fcngste Rating vorgestellt. Angef\u00fchrt wird die CCPI-Liste von [&hellip;]<\/p>\n","protected":false},"author":6,"featured_media":5058,"comment_status":"closed","ping_status":"closed","sticky":false,"template":"","format":"standard","meta":{"_acf_changed":false,"_yoast_wpseo_focuskw":"Klimaschutz-Index","_yoast_wpseo_metadesc":"Die Schweiz rangiert beim neusten Klimaschutz-L\u00e4ndervergleich auf Position 15. Damit verliert sie im Vergleich zum Vorjahr einen Platz.","articlekey":"","footnotes":""},"categories":[580],"tags":[1524],"class_list":["post-10342","post","type-post","status-publish","format-standard","has-post-thumbnail","hentry","category-sustainability","tag-klimaschutz-index"],"acf":[],"yoast_head":"<!-- This site is optimized with the Yoast SEO plugin v27.5 - https:\/\/yoast.com\/product\/yoast-seo-wordpress\/ -->\n<title>Klimaschutz-Rating: Schweiz f\u00e4llt auf Rang 15 zur\u00fcck - Organisator<\/title>\n<meta name=\"description\" content=\"Die Schweiz rangiert beim neusten Klimaschutz-L\u00e4ndervergleich auf Position 15. Damit verliert sie im Vergleich zum Vorjahr einen Platz.\" \/>\n<meta name=\"robots\" content=\"index, follow, max-snippet:-1, max-image-preview:large, max-video-preview:-1\" \/>\n<link rel=\"canonical\" href=\"https:\/\/www.organisator.ch\/de\/sustainability\/2021-11-09\/klimaschutz-rating-schweiz-faellt-auf-rang-15-zurueck\/\" \/>\n<meta property=\"og:locale\" content=\"de_DE\" \/>\n<meta property=\"og:type\" content=\"article\" \/>\n<meta property=\"og:title\" content=\"Klimaschutz-Rating: Schweiz f\u00e4llt auf Rang 15 zur\u00fcck - Organisator\" \/>\n<meta property=\"og:description\" content=\"Die Schweiz rangiert beim neusten Klimaschutz-L\u00e4ndervergleich auf Position 15. Damit verliert sie im Vergleich zum Vorjahr einen Platz.\" \/>\n<meta property=\"og:url\" content=\"https:\/\/www.organisator.ch\/de\/sustainability\/2021-11-09\/klimaschutz-rating-schweiz-faellt-auf-rang-15-zurueck\/\" \/>\n<meta property=\"og:site_name\" content=\"Organisator\" \/>\n<meta property=\"article:publisher\" content=\"https:\/\/www.facebook.com\/OrganisatorFachmagazin\" \/>\n<meta property=\"article:published_time\" content=\"2021-11-09T11:10:32+00:00\" \/>\n<meta property=\"article:modified_time\" content=\"2022-02-09T10:06:44+00:00\" \/>\n<meta property=\"og:image\" content=\"https:\/\/www.organisator.ch\/wp-content\/uploads\/2021\/11\/Depositphotos_44432073_S.jpg\" \/>\n\t<meta property=\"og:image:width\" content=\"1000\" \/>\n\t<meta property=\"og:image:height\" content=\"1000\" \/>\n\t<meta property=\"og:image:type\" content=\"image\/jpeg\" \/>\n<meta name=\"author\" content=\"roger.straessle\" \/>\n<meta name=\"twitter:card\" content=\"summary_large_image\" \/>\n<script type=\"application\/ld+json\" class=\"yoast-schema-graph\">{\"@context\":\"https:\\\/\\\/schema.org\",\"@graph\":[{\"@type\":\"Article\",\"@id\":\"https:\\\/\\\/www.organisator.ch\\\/sustainability\\\/2021-11-09\\\/klimaschutz-rating-schweiz-faellt-auf-rang-15-zurueck\\\/#article\",\"isPartOf\":{\"@id\":\"https:\\\/\\\/www.organisator.ch\\\/sustainability\\\/2021-11-09\\\/klimaschutz-rating-schweiz-faellt-auf-rang-15-zurueck\\\/\"},\"author\":{\"name\":\"roger.straessle\",\"@id\":\"https:\\\/\\\/www.organisator.ch\\\/#\\\/schema\\\/person\\\/a800b8c54e208b160517a7dcc323161d\"},\"headline\":\"Klimaschutz-Rating: Schweiz f\u00e4llt auf Rang 15 zur\u00fcck\",\"datePublished\":\"2021-11-09T11:10:32+00:00\",\"dateModified\":\"2022-02-09T10:06:44+00:00\",\"mainEntityOfPage\":{\"@id\":\"https:\\\/\\\/www.organisator.ch\\\/sustainability\\\/2021-11-09\\\/klimaschutz-rating-schweiz-faellt-auf-rang-15-zurueck\\\/\"},\"wordCount\":343,\"publisher\":{\"@id\":\"https:\\\/\\\/www.organisator.ch\\\/#organization\"},\"image\":{\"@id\":\"https:\\\/\\\/www.organisator.ch\\\/sustainability\\\/2021-11-09\\\/klimaschutz-rating-schweiz-faellt-auf-rang-15-zurueck\\\/#primaryimage\"},\"thumbnailUrl\":\"https:\\\/\\\/www.organisator.ch\\\/wp-content\\\/uploads\\\/2021\\\/11\\\/Depositphotos_44432073_S.jpg\",\"keywords\":[\"Klimaschutz-Index\"],\"articleSection\":[\"SUSTAINABILITY\"],\"inLanguage\":\"de\"},{\"@type\":\"WebPage\",\"@id\":\"https:\\\/\\\/www.organisator.ch\\\/sustainability\\\/2021-11-09\\\/klimaschutz-rating-schweiz-faellt-auf-rang-15-zurueck\\\/\",\"url\":\"https:\\\/\\\/www.organisator.ch\\\/sustainability\\\/2021-11-09\\\/klimaschutz-rating-schweiz-faellt-auf-rang-15-zurueck\\\/\",\"name\":\"Klimaschutz-Rating: Schweiz f\u00e4llt auf Rang 15 zur\u00fcck - Organisator\",\"isPartOf\":{\"@id\":\"https:\\\/\\\/www.organisator.ch\\\/#website\"},\"primaryImageOfPage\":{\"@id\":\"https:\\\/\\\/www.organisator.ch\\\/sustainability\\\/2021-11-09\\\/klimaschutz-rating-schweiz-faellt-auf-rang-15-zurueck\\\/#primaryimage\"},\"image\":{\"@id\":\"https:\\\/\\\/www.organisator.ch\\\/sustainability\\\/2021-11-09\\\/klimaschutz-rating-schweiz-faellt-auf-rang-15-zurueck\\\/#primaryimage\"},\"thumbnailUrl\":\"https:\\\/\\\/www.organisator.ch\\\/wp-content\\\/uploads\\\/2021\\\/11\\\/Depositphotos_44432073_S.jpg\",\"datePublished\":\"2021-11-09T11:10:32+00:00\",\"dateModified\":\"2022-02-09T10:06:44+00:00\",\"description\":\"Die Schweiz rangiert beim neusten Klimaschutz-L\u00e4ndervergleich auf Position 15. Damit verliert sie im Vergleich zum Vorjahr einen Platz.\",\"breadcrumb\":{\"@id\":\"https:\\\/\\\/www.organisator.ch\\\/sustainability\\\/2021-11-09\\\/klimaschutz-rating-schweiz-faellt-auf-rang-15-zurueck\\\/#breadcrumb\"},\"inLanguage\":\"de\",\"potentialAction\":[{\"@type\":\"ReadAction\",\"target\":[\"https:\\\/\\\/www.organisator.ch\\\/sustainability\\\/2021-11-09\\\/klimaschutz-rating-schweiz-faellt-auf-rang-15-zurueck\\\/\"]}]},{\"@type\":\"ImageObject\",\"inLanguage\":\"de\",\"@id\":\"https:\\\/\\\/www.organisator.ch\\\/sustainability\\\/2021-11-09\\\/klimaschutz-rating-schweiz-faellt-auf-rang-15-zurueck\\\/#primaryimage\",\"url\":\"https:\\\/\\\/www.organisator.ch\\\/wp-content\\\/uploads\\\/2021\\\/11\\\/Depositphotos_44432073_S.jpg\",\"contentUrl\":\"https:\\\/\\\/www.organisator.ch\\\/wp-content\\\/uploads\\\/2021\\\/11\\\/Depositphotos_44432073_S.jpg\",\"width\":1000,\"height\":1000,\"caption\":\"\u00a9 Depositphotos, Juric.P\"},{\"@type\":\"BreadcrumbList\",\"@id\":\"https:\\\/\\\/www.organisator.ch\\\/sustainability\\\/2021-11-09\\\/klimaschutz-rating-schweiz-faellt-auf-rang-15-zurueck\\\/#breadcrumb\",\"itemListElement\":[{\"@type\":\"ListItem\",\"position\":1,\"name\":\"Home\",\"item\":\"https:\\\/\\\/www.organisator.ch\\\/\"},{\"@type\":\"ListItem\",\"position\":2,\"name\":\"Klimaschutz-Rating: Schweiz f\u00e4llt auf Rang 15 zur\u00fcck\"}]},{\"@type\":\"WebSite\",\"@id\":\"https:\\\/\\\/www.organisator.ch\\\/#website\",\"url\":\"https:\\\/\\\/www.organisator.ch\\\/\",\"name\":\"Organisator\",\"description\":\"Kompetent. Praxisnah. Der ORGANISATOR bereitet in 10 Ausgaben pro Jahr die wesentlichen Themen f\u00fcr F\u00fchrungskr\u00e4fte von KMU auf.\",\"publisher\":{\"@id\":\"https:\\\/\\\/www.organisator.ch\\\/#organization\"},\"potentialAction\":[{\"@type\":\"SearchAction\",\"target\":{\"@type\":\"EntryPoint\",\"urlTemplate\":\"https:\\\/\\\/www.organisator.ch\\\/?s={search_term_string}\"},\"query-input\":{\"@type\":\"PropertyValueSpecification\",\"valueRequired\":true,\"valueName\":\"search_term_string\"}}],\"inLanguage\":\"de\"},{\"@type\":\"Organization\",\"@id\":\"https:\\\/\\\/www.organisator.ch\\\/#organization\",\"name\":\"Organisator\",\"url\":\"https:\\\/\\\/www.organisator.ch\\\/\",\"logo\":{\"@type\":\"ImageObject\",\"inLanguage\":\"de\",\"@id\":\"https:\\\/\\\/www.organisator.ch\\\/#\\\/schema\\\/logo\\\/image\\\/\",\"url\":\"https:\\\/\\\/www.organisator.ch\\\/wp-content\\\/uploads\\\/2022\\\/01\\\/Logo_Organisator_Website.png\",\"contentUrl\":\"https:\\\/\\\/www.organisator.ch\\\/wp-content\\\/uploads\\\/2022\\\/01\\\/Logo_Organisator_Website.png\",\"width\":800,\"height\":77,\"caption\":\"Organisator\"},\"image\":{\"@id\":\"https:\\\/\\\/www.organisator.ch\\\/#\\\/schema\\\/logo\\\/image\\\/\"},\"sameAs\":[\"https:\\\/\\\/www.facebook.com\\\/OrganisatorFachmagazin\",\"https:\\\/\\\/www.linkedin.com\\\/showcase\\\/organisator-das-magazin-fr-kmu\",\"https:\\\/\\\/www.xing.com\\\/news\\\/pages\\\/organisator-ch-695\",\"https:\\\/\\\/www.youtube.com\\\/channel\\\/UCGP2Sq0iWaZwT3BdIAQFYpw\"]},{\"@type\":\"Person\",\"@id\":\"https:\\\/\\\/www.organisator.ch\\\/#\\\/schema\\\/person\\\/a800b8c54e208b160517a7dcc323161d\",\"name\":\"roger.straessle\",\"image\":{\"@type\":\"ImageObject\",\"inLanguage\":\"de\",\"@id\":\"https:\\\/\\\/secure.gravatar.com\\\/avatar\\\/?s=96&d=mm&r=g\",\"url\":\"https:\\\/\\\/secure.gravatar.com\\\/avatar\\\/?s=96&d=mm&r=g\",\"contentUrl\":\"https:\\\/\\\/secure.gravatar.com\\\/avatar\\\/?s=96&d=mm&r=g\",\"caption\":\"roger.straessle\"},\"url\":\"https:\\\/\\\/www.organisator.ch\\\/de\\\/author\\\/roger-straessle\\\/\"}]}<\/script>\n<!-- \/ Yoast SEO plugin. -->","yoast_head_json":{"title":"Klimaschutz-Rating: Schweiz f\u00e4llt auf Rang 15 zur\u00fcck - Organisator","description":"Die Schweiz rangiert beim neusten Klimaschutz-L\u00e4ndervergleich auf Position 15. Damit verliert sie im Vergleich zum Vorjahr einen Platz.","robots":{"index":"index","follow":"follow","max-snippet":"max-snippet:-1","max-image-preview":"max-image-preview:large","max-video-preview":"max-video-preview:-1"},"canonical":"https:\/\/www.organisator.ch\/de\/sustainability\/2021-11-09\/klimaschutz-rating-schweiz-faellt-auf-rang-15-zurueck\/","og_locale":"de_DE","og_type":"article","og_title":"Klimaschutz-Rating: Schweiz f\u00e4llt auf Rang 15 zur\u00fcck - Organisator","og_description":"Die Schweiz rangiert beim neusten Klimaschutz-L\u00e4ndervergleich auf Position 15. Damit verliert sie im Vergleich zum Vorjahr einen Platz.","og_url":"https:\/\/www.organisator.ch\/de\/sustainability\/2021-11-09\/klimaschutz-rating-schweiz-faellt-auf-rang-15-zurueck\/","og_site_name":"Organisator","article_publisher":"https:\/\/www.facebook.com\/OrganisatorFachmagazin","article_published_time":"2021-11-09T11:10:32+00:00","article_modified_time":"2022-02-09T10:06:44+00:00","og_image":[{"width":1000,"height":1000,"url":"https:\/\/www.organisator.ch\/wp-content\/uploads\/2021\/11\/Depositphotos_44432073_S.jpg","type":"image\/jpeg"}],"author":"roger.straessle","twitter_card":"summary_large_image","schema":{"@context":"https:\/\/schema.org","@graph":[{"@type":"Article","@id":"https:\/\/www.organisator.ch\/sustainability\/2021-11-09\/klimaschutz-rating-schweiz-faellt-auf-rang-15-zurueck\/#article","isPartOf":{"@id":"https:\/\/www.organisator.ch\/sustainability\/2021-11-09\/klimaschutz-rating-schweiz-faellt-auf-rang-15-zurueck\/"},"author":{"name":"roger.straessle","@id":"https:\/\/www.organisator.ch\/#\/schema\/person\/a800b8c54e208b160517a7dcc323161d"},"headline":"Klimaschutz-Rating: Schweiz f\u00e4llt auf Rang 15 zur\u00fcck","datePublished":"2021-11-09T11:10:32+00:00","dateModified":"2022-02-09T10:06:44+00:00","mainEntityOfPage":{"@id":"https:\/\/www.organisator.ch\/sustainability\/2021-11-09\/klimaschutz-rating-schweiz-faellt-auf-rang-15-zurueck\/"},"wordCount":343,"publisher":{"@id":"https:\/\/www.organisator.ch\/#organization"},"image":{"@id":"https:\/\/www.organisator.ch\/sustainability\/2021-11-09\/klimaschutz-rating-schweiz-faellt-auf-rang-15-zurueck\/#primaryimage"},"thumbnailUrl":"https:\/\/www.organisator.ch\/wp-content\/uploads\/2021\/11\/Depositphotos_44432073_S.jpg","keywords":["Klimaschutz-Index"],"articleSection":["SUSTAINABILITY"],"inLanguage":"de"},{"@type":"WebPage","@id":"https:\/\/www.organisator.ch\/sustainability\/2021-11-09\/klimaschutz-rating-schweiz-faellt-auf-rang-15-zurueck\/","url":"https:\/\/www.organisator.ch\/sustainability\/2021-11-09\/klimaschutz-rating-schweiz-faellt-auf-rang-15-zurueck\/","name":"Klimaschutz-Rating: Schweiz f\u00e4llt auf Rang 15 zur\u00fcck - Organisator","isPartOf":{"@id":"https:\/\/www.organisator.ch\/#website"},"primaryImageOfPage":{"@id":"https:\/\/www.organisator.ch\/sustainability\/2021-11-09\/klimaschutz-rating-schweiz-faellt-auf-rang-15-zurueck\/#primaryimage"},"image":{"@id":"https:\/\/www.organisator.ch\/sustainability\/2021-11-09\/klimaschutz-rating-schweiz-faellt-auf-rang-15-zurueck\/#primaryimage"},"thumbnailUrl":"https:\/\/www.organisator.ch\/wp-content\/uploads\/2021\/11\/Depositphotos_44432073_S.jpg","datePublished":"2021-11-09T11:10:32+00:00","dateModified":"2022-02-09T10:06:44+00:00","description":"Die Schweiz rangiert beim neusten Klimaschutz-L\u00e4ndervergleich auf Position 15. Damit verliert sie im Vergleich zum Vorjahr einen Platz.","breadcrumb":{"@id":"https:\/\/www.organisator.ch\/sustainability\/2021-11-09\/klimaschutz-rating-schweiz-faellt-auf-rang-15-zurueck\/#breadcrumb"},"inLanguage":"de","potentialAction":[{"@type":"ReadAction","target":["https:\/\/www.organisator.ch\/sustainability\/2021-11-09\/klimaschutz-rating-schweiz-faellt-auf-rang-15-zurueck\/"]}]},{"@type":"ImageObject","inLanguage":"de","@id":"https:\/\/www.organisator.ch\/sustainability\/2021-11-09\/klimaschutz-rating-schweiz-faellt-auf-rang-15-zurueck\/#primaryimage","url":"https:\/\/www.organisator.ch\/wp-content\/uploads\/2021\/11\/Depositphotos_44432073_S.jpg","contentUrl":"https:\/\/www.organisator.ch\/wp-content\/uploads\/2021\/11\/Depositphotos_44432073_S.jpg","width":1000,"height":1000,"caption":"\u00a9 Depositphotos, Juric.P"},{"@type":"BreadcrumbList","@id":"https:\/\/www.organisator.ch\/sustainability\/2021-11-09\/klimaschutz-rating-schweiz-faellt-auf-rang-15-zurueck\/#breadcrumb","itemListElement":[{"@type":"ListItem","position":1,"name":"Home","item":"https:\/\/www.organisator.ch\/"},{"@type":"ListItem","position":2,"name":"Klimaschutz-Rating: Schweiz f\u00e4llt auf Rang 15 zur\u00fcck"}]},{"@type":"WebSite","@id":"https:\/\/www.organisator.ch\/#website","url":"https:\/\/www.organisator.ch\/","name":"Organisator","description":"Kompetent. Praxisnah. Der ORGANISATOR bereitet in 10 Ausgaben pro Jahr die wesentlichen Themen f\u00fcr F\u00fchrungskr\u00e4fte von KMU auf.","publisher":{"@id":"https:\/\/www.organisator.ch\/#organization"},"potentialAction":[{"@type":"SearchAction","target":{"@type":"EntryPoint","urlTemplate":"https:\/\/www.organisator.ch\/?s={search_term_string}"},"query-input":{"@type":"PropertyValueSpecification","valueRequired":true,"valueName":"search_term_string"}}],"inLanguage":"de"},{"@type":"Organization","@id":"https:\/\/www.organisator.ch\/#organization","name":"Organisator","url":"https:\/\/www.organisator.ch\/","logo":{"@type":"ImageObject","inLanguage":"de","@id":"https:\/\/www.organisator.ch\/#\/schema\/logo\/image\/","url":"https:\/\/www.organisator.ch\/wp-content\/uploads\/2022\/01\/Logo_Organisator_Website.png","contentUrl":"https:\/\/www.organisator.ch\/wp-content\/uploads\/2022\/01\/Logo_Organisator_Website.png","width":800,"height":77,"caption":"Organisator"},"image":{"@id":"https:\/\/www.organisator.ch\/#\/schema\/logo\/image\/"},"sameAs":["https:\/\/www.facebook.com\/OrganisatorFachmagazin","https:\/\/www.linkedin.com\/showcase\/organisator-das-magazin-fr-kmu","https:\/\/www.xing.com\/news\/pages\/organisator-ch-695","https:\/\/www.youtube.com\/channel\/UCGP2Sq0iWaZwT3BdIAQFYpw"]},{"@type":"Person","@id":"https:\/\/www.organisator.ch\/#\/schema\/person\/a800b8c54e208b160517a7dcc323161d","name":"roger.straessle","image":{"@type":"ImageObject","inLanguage":"de","@id":"https:\/\/secure.gravatar.com\/avatar\/?s=96&d=mm&r=g","url":"https:\/\/secure.gravatar.com\/avatar\/?s=96&d=mm&r=g","contentUrl":"https:\/\/secure.gravatar.com\/avatar\/?s=96&d=mm&r=g","caption":"roger.straessle"},"url":"https:\/\/www.organisator.ch\/de\/author\/roger-straessle\/"}]}},"_links":{"self":[{"href":"https:\/\/www.organisator.ch\/de\/wp-json\/wp\/v2\/posts\/10342","targetHints":{"allow":["GET"]}}],"collection":[{"href":"https:\/\/www.organisator.ch\/de\/wp-json\/wp\/v2\/posts"}],"about":[{"href":"https:\/\/www.organisator.ch\/de\/wp-json\/wp\/v2\/types\/post"}],"author":[{"embeddable":true,"href":"https:\/\/www.organisator.ch\/de\/wp-json\/wp\/v2\/users\/6"}],"replies":[{"embeddable":true,"href":"https:\/\/www.organisator.ch\/de\/wp-json\/wp\/v2\/comments?post=10342"}],"version-history":[{"count":1,"href":"https:\/\/www.organisator.ch\/de\/wp-json\/wp\/v2\/posts\/10342\/revisions"}],"predecessor-version":[{"id":10638,"href":"https:\/\/www.organisator.ch\/de\/wp-json\/wp\/v2\/posts\/10342\/revisions\/10638"}],"wp:featuredmedia":[{"embeddable":true,"href":"https:\/\/www.organisator.ch\/de\/wp-json\/wp\/v2\/media\/5058"}],"wp:attachment":[{"href":"https:\/\/www.organisator.ch\/de\/wp-json\/wp\/v2\/media?parent=10342"}],"wp:term":[{"taxonomy":"category","embeddable":true,"href":"https:\/\/www.organisator.ch\/de\/wp-json\/wp\/v2\/categories?post=10342"},{"taxonomy":"post_tag","embeddable":true,"href":"https:\/\/www.organisator.ch\/de\/wp-json\/wp\/v2\/tags?post=10342"}],"curies":[{"name":"wp","href":"https:\/\/api.w.org\/{rel}","templated":true}]}}