{"id":1037,"date":"2016-08-05T08:49:33","date_gmt":"2016-08-05T06:49:33","guid":{"rendered":"http:\/\/dev.organisator.ch\/?p=1037"},"modified":"2016-08-05T08:49:33","modified_gmt":"2016-08-05T06:49:33","slug":"kontingente-fuer-arbeitsplaetze-in-der-schweiz","status":"publish","type":"post","link":"https:\/\/www.organisator.ch\/de\/management\/2016-08-05\/kontingente-fuer-arbeitsplaetze-in-der-schweiz\/","title":{"rendered":"Kontingente f\u00fcr Arbeitspl\u00e4tze in der Schweiz"},"content":{"rendered":"<figure id=\"attachment_1038\" aria-describedby=\"caption-attachment-1038\" style=\"width: 640px\" class=\"wp-caption alignnone\"><img loading=\"lazy\" decoding=\"async\" class=\"size-full wp-image-1038\" src=\"https:\/\/www.organisator.ch\/wp-content\/uploads\/2016\/12\/Kontingente-fuer-Arbeitsplaetze-in-der-Schweiz-organisator.jpg\" alt=\"\" width=\"640\" height=\"424\" srcset=\"https:\/\/www.organisator.ch\/wp-content\/uploads\/2016\/12\/Kontingente-fuer-Arbeitsplaetze-in-der-Schweiz-organisator.jpg 640w, https:\/\/www.organisator.ch\/wp-content\/uploads\/2016\/12\/Kontingente-fuer-Arbeitsplaetze-in-der-Schweiz-organisator-16x12.jpg 16w, https:\/\/www.organisator.ch\/wp-content\/uploads\/2016\/12\/Kontingente-fuer-Arbeitsplaetze-in-der-Schweiz-organisator-264x175.jpg 264w, https:\/\/www.organisator.ch\/wp-content\/uploads\/2016\/12\/Kontingente-fuer-Arbeitsplaetze-in-der-Schweiz-organisator-528x350.jpg 528w, https:\/\/www.organisator.ch\/wp-content\/uploads\/2016\/12\/Kontingente-fuer-Arbeitsplaetze-in-der-Schweiz-organisator-300x199.jpg 300w\" sizes=\"auto, (max-width: 640px) 100vw, 640px\" \/><figcaption id=\"caption-attachment-1038\" class=\"wp-caption-text\">Die Swico fordert schnelles Handeln zugusten internationalen Spezialisten. (Bild: ZvG)<\/figcaption><\/figure>\n<p>F\u00fcr 2015 und auch f\u00fcr 2016 hat der Bundesrat die Kontingente f\u00fcr Dienstleistungserbringer aus EU\/EFTA Staaten und Drittstaaten markant gek\u00fcrzt, was Swico schon damals stark kritisierte. Der Bundesrat tat dies prim\u00e4r mit einer politischen Argumentation, die sich auf die Annahme der Masseneinwanderungsinitiative st\u00fctzte. Dabei haben diese Kontingente mit Einwanderung nichts zu tun, handelt es sich doch um k\u00fcrzere Aufenthalte von Spezialisten, die im Ausland angestellt bleiben und auch wieder dorthin zur\u00fcckkehren. Sie wandern somit weder ins Sozialsystem ein noch haben sie Anspruch auf Familiennachzug.<\/p>\n<p><strong>Kontingente bereits vergeben<\/strong><\/p>\n<p>Die Auswirkungen haben die Swico-Mitglieder seither zu sp\u00fcren bekommen. In jedem der sechs Quartale seit der K\u00fcrzung waren die Kontingente schon in etwa zur Halbzeit aufgebraucht, was zu einem \u201eWindhundrennen\u201c unter den Firmen sowie zu hoher Unsicherheit beispielsweise bei\u00a0 Offerten bei internationalen Projekte f\u00fchrt. Bleiben die entscheidenden (im Ausland angesiedelten) Spezialisten bei Gebrauch nicht verf\u00fcgbar, so k\u00f6nnen Schweizer Entwickler-Teams entsprechende Schwierigkeiten kriegen: Die ganzen Auftr\u00e4ge werden als Folge ins Ausland verlagert, womit nicht nur die Wertsch\u00f6pfung der Schweiz entgeht, sondern auch mittelfristig die bisher in der Schweiz angesiedelten Stellen gef\u00e4hrdet sind.<\/p>\n<p><strong>Brexit \u2013 und wie weiter?<\/strong><\/p>\n<p>Die zunehmende Verschlechterung der wirtschaftlichen Rahmenbedingungen in der Schweiz, insbesondere auch durch die Frankenst\u00e4rke, die zunehmende Unberechenbarkeit der politischen Entwicklungen wie auch die ungewissen Folgen der \u201eBrexit\u201c-Abstimmung: All dies erfordert nun rasches Handeln des Bundesrates und eine R\u00fcckkehr zu angemessenen Kontingentszahlen. Diese sollen nach Arbeitsmarktkriterien und nicht nach politischen Opportunit\u00e4ten festgelegt werden, was sich auf den gesamten Schweizer Arbeits- und Lehrstellenmarkt positiv auswirken w\u00fcrde.<\/p>\n<p>Die gesamte Stellungnahme finden Sie unter diesem <a href=\"http:\/\/www.swico.ch\/downloads\/dokumente\/festlegung-der-hoechstzahlen-fuer-das-jahr-2017anhoerungpdf.pdf\/3955\" target=\"_blank\" rel=\"noreferrer noopener\" data-cke-saved-href=\"http:\/\/www.swico.ch\/downloads\/dokumente\/festlegung-der-hoechstzahlen-fuer-das-jahr-2017anhoerungpdf.pdf\/3955\">Link<\/a><br \/>\n<a href=\"http:\/\/www.swico.ch\" target=\"_blank\" rel=\"noreferrer noopener\" data-cke-saved-href=\"http:\/\/www.swico.ch\">http:\/\/www.swico.ch<\/a><\/p>\n","protected":false},"excerpt":{"rendered":"<p>F\u00fcr 2015 und auch f\u00fcr 2016 hat der Bundesrat die Kontingente f\u00fcr Dienstleistungserbringer aus EU\/EFTA Staaten und Drittstaaten markant gek\u00fcrzt, was Swico schon damals stark kritisierte. Der Bundesrat tat dies prim\u00e4r mit einer politischen Argumentation, die sich auf die Annahme der Masseneinwanderungsinitiative st\u00fctzte. Dabei haben diese Kontingente mit Einwanderung nichts zu tun, handelt es sich [&hellip;]<\/p>\n","protected":false},"author":1,"featured_media":1038,"comment_status":"open","ping_status":"open","sticky":false,"template":"","format":"standard","meta":{"_acf_changed":false,"_yoast_wpseo_focuskw":"Kontingente f\u00fcr Arbeitspl\u00e4tze","_yoast_wpseo_metadesc":"In Zeiten der Frankenst\u00e4rke und des Brexits sind Schweizer Unternehmen auf eine minimale Flexibilit\u00e4t des Arbeitsmarktes angewiesen.","articlekey":"","footnotes":""},"categories":[28],"tags":[334,358],"class_list":["post-1037","post","type-post","status-publish","format-standard","has-post-thumbnail","hentry","category-management","tag-management","tag-nachhaltige-wirtschaft"],"acf":[],"yoast_head":"<!-- This site is optimized with the Yoast SEO plugin v27.5 - https:\/\/yoast.com\/product\/yoast-seo-wordpress\/ -->\n<title>Kontingente f\u00fcr Arbeitspl\u00e4tze in der Schweiz - Organisator<\/title>\n<meta name=\"description\" content=\"In Zeiten der Frankenst\u00e4rke und des Brexits sind Schweizer Unternehmen auf eine minimale Flexibilit\u00e4t des Arbeitsmarktes angewiesen.\" \/>\n<meta name=\"robots\" content=\"index, follow, max-snippet:-1, max-image-preview:large, max-video-preview:-1\" \/>\n<link rel=\"canonical\" href=\"https:\/\/www.organisator.ch\/de\/management\/2016-08-05\/kontingente-fuer-arbeitsplaetze-in-der-schweiz\/\" \/>\n<meta property=\"og:locale\" content=\"de_DE\" \/>\n<meta property=\"og:type\" content=\"article\" \/>\n<meta property=\"og:title\" content=\"Kontingente f\u00fcr Arbeitspl\u00e4tze in der Schweiz\" \/>\n<meta property=\"og:description\" content=\"In Zeiten der Frankenst\u00e4rke und des Brexits sind Schweizer Unternehmen auf eine minimale Flexibilit\u00e4t des Arbeitsmarktes angewiesen, um Firmen und Stellen im Inland zu halten. Im Rahmen der Anh\u00f6rung des Bundesrats zur Festlegung der j\u00e4hrlichen H\u00f6chstzahlen (Kontingente) f\u00fcr ausl\u00e4ndische Arbeitskr\u00e4fte fordert der Verband der ICT-Anbieter Swico eine deutlich st\u00e4rkere Ausrichtung der Kontingentszahlen auf die Bed\u00fcrfnisse der Wirtschaft.\" \/>\n<meta property=\"og:url\" content=\"https:\/\/www.organisator.ch\/de\/management\/2016-08-05\/kontingente-fuer-arbeitsplaetze-in-der-schweiz\/\" \/>\n<meta property=\"og:site_name\" content=\"Organisator\" \/>\n<meta property=\"article:publisher\" content=\"https:\/\/www.facebook.com\/OrganisatorFachmagazin\" \/>\n<meta property=\"article:published_time\" content=\"2016-08-05T06:49:33+00:00\" \/>\n<meta name=\"author\" content=\"admin\" \/>\n<meta name=\"twitter:card\" content=\"summary_large_image\" \/>\n<meta name=\"twitter:image\" content=\"https:\/\/www.organisator.ch\/wp-content\/uploads\/2016\/12\/Kontingente-fuer-Arbeitsplaetze-in-der-Schweiz-organisator.jpg\" \/>\n<script type=\"application\/ld+json\" class=\"yoast-schema-graph\">{\"@context\":\"https:\\\/\\\/schema.org\",\"@graph\":[{\"@type\":\"Article\",\"@id\":\"https:\\\/\\\/www.organisator.ch\\\/management\\\/2016-08-05\\\/kontingente-fuer-arbeitsplaetze-in-der-schweiz\\\/#article\",\"isPartOf\":{\"@id\":\"https:\\\/\\\/www.organisator.ch\\\/management\\\/2016-08-05\\\/kontingente-fuer-arbeitsplaetze-in-der-schweiz\\\/\"},\"author\":{\"name\":\"admin\",\"@id\":\"https:\\\/\\\/www.organisator.ch\\\/#\\\/schema\\\/person\\\/aa2bace6c5c5aad60102004a50c4eb1c\"},\"headline\":\"Kontingente f\u00fcr Arbeitspl\u00e4tze in der Schweiz\",\"datePublished\":\"2016-08-05T06:49:33+00:00\",\"mainEntityOfPage\":{\"@id\":\"https:\\\/\\\/www.organisator.ch\\\/management\\\/2016-08-05\\\/kontingente-fuer-arbeitsplaetze-in-der-schweiz\\\/\"},\"wordCount\":303,\"commentCount\":0,\"publisher\":{\"@id\":\"https:\\\/\\\/www.organisator.ch\\\/#organization\"},\"image\":{\"@id\":\"https:\\\/\\\/www.organisator.ch\\\/management\\\/2016-08-05\\\/kontingente-fuer-arbeitsplaetze-in-der-schweiz\\\/#primaryimage\"},\"thumbnailUrl\":\"https:\\\/\\\/www.organisator.ch\\\/wp-content\\\/uploads\\\/2016\\\/12\\\/Kontingente-fuer-Arbeitsplaetze-in-der-Schweiz-organisator.jpg\",\"keywords\":[\"Management\",\"Nachhaltige Wirtschaft\"],\"articleSection\":[\"MANAGEMENT\"],\"inLanguage\":\"de\"},{\"@type\":\"WebPage\",\"@id\":\"https:\\\/\\\/www.organisator.ch\\\/management\\\/2016-08-05\\\/kontingente-fuer-arbeitsplaetze-in-der-schweiz\\\/\",\"url\":\"https:\\\/\\\/www.organisator.ch\\\/management\\\/2016-08-05\\\/kontingente-fuer-arbeitsplaetze-in-der-schweiz\\\/\",\"name\":\"Kontingente f\u00fcr Arbeitspl\u00e4tze in der Schweiz - Organisator\",\"isPartOf\":{\"@id\":\"https:\\\/\\\/www.organisator.ch\\\/#website\"},\"primaryImageOfPage\":{\"@id\":\"https:\\\/\\\/www.organisator.ch\\\/management\\\/2016-08-05\\\/kontingente-fuer-arbeitsplaetze-in-der-schweiz\\\/#primaryimage\"},\"image\":{\"@id\":\"https:\\\/\\\/www.organisator.ch\\\/management\\\/2016-08-05\\\/kontingente-fuer-arbeitsplaetze-in-der-schweiz\\\/#primaryimage\"},\"thumbnailUrl\":\"https:\\\/\\\/www.organisator.ch\\\/wp-content\\\/uploads\\\/2016\\\/12\\\/Kontingente-fuer-Arbeitsplaetze-in-der-Schweiz-organisator.jpg\",\"datePublished\":\"2016-08-05T06:49:33+00:00\",\"description\":\"In Zeiten der Frankenst\u00e4rke und des Brexits sind Schweizer Unternehmen auf eine minimale Flexibilit\u00e4t des Arbeitsmarktes angewiesen.\",\"breadcrumb\":{\"@id\":\"https:\\\/\\\/www.organisator.ch\\\/management\\\/2016-08-05\\\/kontingente-fuer-arbeitsplaetze-in-der-schweiz\\\/#breadcrumb\"},\"inLanguage\":\"de\",\"potentialAction\":[{\"@type\":\"ReadAction\",\"target\":[\"https:\\\/\\\/www.organisator.ch\\\/management\\\/2016-08-05\\\/kontingente-fuer-arbeitsplaetze-in-der-schweiz\\\/\"]}]},{\"@type\":\"ImageObject\",\"inLanguage\":\"de\",\"@id\":\"https:\\\/\\\/www.organisator.ch\\\/management\\\/2016-08-05\\\/kontingente-fuer-arbeitsplaetze-in-der-schweiz\\\/#primaryimage\",\"url\":\"https:\\\/\\\/www.organisator.ch\\\/wp-content\\\/uploads\\\/2016\\\/12\\\/Kontingente-fuer-Arbeitsplaetze-in-der-Schweiz-organisator.jpg\",\"contentUrl\":\"https:\\\/\\\/www.organisator.ch\\\/wp-content\\\/uploads\\\/2016\\\/12\\\/Kontingente-fuer-Arbeitsplaetze-in-der-Schweiz-organisator.jpg\",\"width\":640,\"height\":424,\"caption\":\"Die Swico fordert schnelles Handeln zugusten internationalen Spezialisten. (Bild: ZvG)\"},{\"@type\":\"BreadcrumbList\",\"@id\":\"https:\\\/\\\/www.organisator.ch\\\/management\\\/2016-08-05\\\/kontingente-fuer-arbeitsplaetze-in-der-schweiz\\\/#breadcrumb\",\"itemListElement\":[{\"@type\":\"ListItem\",\"position\":1,\"name\":\"Home\",\"item\":\"https:\\\/\\\/www.organisator.ch\\\/\"},{\"@type\":\"ListItem\",\"position\":2,\"name\":\"Kontingente f\u00fcr Arbeitspl\u00e4tze in der Schweiz\"}]},{\"@type\":\"WebSite\",\"@id\":\"https:\\\/\\\/www.organisator.ch\\\/#website\",\"url\":\"https:\\\/\\\/www.organisator.ch\\\/\",\"name\":\"Organisator\",\"description\":\"Kompetent. Praxisnah. Der ORGANISATOR bereitet in 10 Ausgaben pro Jahr die wesentlichen Themen f\u00fcr F\u00fchrungskr\u00e4fte von KMU auf.\",\"publisher\":{\"@id\":\"https:\\\/\\\/www.organisator.ch\\\/#organization\"},\"potentialAction\":[{\"@type\":\"SearchAction\",\"target\":{\"@type\":\"EntryPoint\",\"urlTemplate\":\"https:\\\/\\\/www.organisator.ch\\\/?s={search_term_string}\"},\"query-input\":{\"@type\":\"PropertyValueSpecification\",\"valueRequired\":true,\"valueName\":\"search_term_string\"}}],\"inLanguage\":\"de\"},{\"@type\":\"Organization\",\"@id\":\"https:\\\/\\\/www.organisator.ch\\\/#organization\",\"name\":\"Organisator\",\"url\":\"https:\\\/\\\/www.organisator.ch\\\/\",\"logo\":{\"@type\":\"ImageObject\",\"inLanguage\":\"de\",\"@id\":\"https:\\\/\\\/www.organisator.ch\\\/#\\\/schema\\\/logo\\\/image\\\/\",\"url\":\"https:\\\/\\\/www.organisator.ch\\\/wp-content\\\/uploads\\\/2022\\\/01\\\/Logo_Organisator_Website.png\",\"contentUrl\":\"https:\\\/\\\/www.organisator.ch\\\/wp-content\\\/uploads\\\/2022\\\/01\\\/Logo_Organisator_Website.png\",\"width\":800,\"height\":77,\"caption\":\"Organisator\"},\"image\":{\"@id\":\"https:\\\/\\\/www.organisator.ch\\\/#\\\/schema\\\/logo\\\/image\\\/\"},\"sameAs\":[\"https:\\\/\\\/www.facebook.com\\\/OrganisatorFachmagazin\",\"https:\\\/\\\/www.linkedin.com\\\/showcase\\\/organisator-das-magazin-fr-kmu\",\"https:\\\/\\\/www.xing.com\\\/news\\\/pages\\\/organisator-ch-695\",\"https:\\\/\\\/www.youtube.com\\\/channel\\\/UCGP2Sq0iWaZwT3BdIAQFYpw\"]},{\"@type\":\"Person\",\"@id\":\"https:\\\/\\\/www.organisator.ch\\\/#\\\/schema\\\/person\\\/aa2bace6c5c5aad60102004a50c4eb1c\",\"name\":\"admin\",\"image\":{\"@type\":\"ImageObject\",\"inLanguage\":\"de\",\"@id\":\"https:\\\/\\\/secure.gravatar.com\\\/avatar\\\/ae2f4d718e6c49043e314ce431e7e645d646302a24a5ef5a8bc8e3f5a032e319?s=96&d=mm&r=g\",\"url\":\"https:\\\/\\\/secure.gravatar.com\\\/avatar\\\/ae2f4d718e6c49043e314ce431e7e645d646302a24a5ef5a8bc8e3f5a032e319?s=96&d=mm&r=g\",\"contentUrl\":\"https:\\\/\\\/secure.gravatar.com\\\/avatar\\\/ae2f4d718e6c49043e314ce431e7e645d646302a24a5ef5a8bc8e3f5a032e319?s=96&d=mm&r=g\",\"caption\":\"admin\"},\"sameAs\":[\"https:\\\/\\\/www.organisator.ch\"],\"url\":\"https:\\\/\\\/www.organisator.ch\\\/de\\\/author\\\/admin\\\/\"}]}<\/script>\n<!-- \/ Yoast SEO plugin. -->","yoast_head_json":{"title":"Kontingente f\u00fcr Arbeitspl\u00e4tze in der Schweiz - Organisator","description":"In Zeiten der Frankenst\u00e4rke und des Brexits sind Schweizer Unternehmen auf eine minimale Flexibilit\u00e4t des Arbeitsmarktes angewiesen.","robots":{"index":"index","follow":"follow","max-snippet":"max-snippet:-1","max-image-preview":"max-image-preview:large","max-video-preview":"max-video-preview:-1"},"canonical":"https:\/\/www.organisator.ch\/de\/management\/2016-08-05\/kontingente-fuer-arbeitsplaetze-in-der-schweiz\/","og_locale":"de_DE","og_type":"article","og_title":"Kontingente f\u00fcr Arbeitspl\u00e4tze in der Schweiz","og_description":"In Zeiten der Frankenst\u00e4rke und des Brexits sind Schweizer Unternehmen auf eine minimale Flexibilit\u00e4t des Arbeitsmarktes angewiesen, um Firmen und Stellen im Inland zu halten. Im Rahmen der Anh\u00f6rung des Bundesrats zur Festlegung der j\u00e4hrlichen H\u00f6chstzahlen (Kontingente) f\u00fcr ausl\u00e4ndische Arbeitskr\u00e4fte fordert der Verband der ICT-Anbieter Swico eine deutlich st\u00e4rkere Ausrichtung der Kontingentszahlen auf die Bed\u00fcrfnisse der Wirtschaft.","og_url":"https:\/\/www.organisator.ch\/de\/management\/2016-08-05\/kontingente-fuer-arbeitsplaetze-in-der-schweiz\/","og_site_name":"Organisator","article_publisher":"https:\/\/www.facebook.com\/OrganisatorFachmagazin","article_published_time":"2016-08-05T06:49:33+00:00","author":"admin","twitter_card":"summary_large_image","twitter_image":"https:\/\/www.organisator.ch\/wp-content\/uploads\/2016\/12\/Kontingente-fuer-Arbeitsplaetze-in-der-Schweiz-organisator.jpg","schema":{"@context":"https:\/\/schema.org","@graph":[{"@type":"Article","@id":"https:\/\/www.organisator.ch\/management\/2016-08-05\/kontingente-fuer-arbeitsplaetze-in-der-schweiz\/#article","isPartOf":{"@id":"https:\/\/www.organisator.ch\/management\/2016-08-05\/kontingente-fuer-arbeitsplaetze-in-der-schweiz\/"},"author":{"name":"admin","@id":"https:\/\/www.organisator.ch\/#\/schema\/person\/aa2bace6c5c5aad60102004a50c4eb1c"},"headline":"Kontingente f\u00fcr Arbeitspl\u00e4tze in der Schweiz","datePublished":"2016-08-05T06:49:33+00:00","mainEntityOfPage":{"@id":"https:\/\/www.organisator.ch\/management\/2016-08-05\/kontingente-fuer-arbeitsplaetze-in-der-schweiz\/"},"wordCount":303,"commentCount":0,"publisher":{"@id":"https:\/\/www.organisator.ch\/#organization"},"image":{"@id":"https:\/\/www.organisator.ch\/management\/2016-08-05\/kontingente-fuer-arbeitsplaetze-in-der-schweiz\/#primaryimage"},"thumbnailUrl":"https:\/\/www.organisator.ch\/wp-content\/uploads\/2016\/12\/Kontingente-fuer-Arbeitsplaetze-in-der-Schweiz-organisator.jpg","keywords":["Management","Nachhaltige Wirtschaft"],"articleSection":["MANAGEMENT"],"inLanguage":"de"},{"@type":"WebPage","@id":"https:\/\/www.organisator.ch\/management\/2016-08-05\/kontingente-fuer-arbeitsplaetze-in-der-schweiz\/","url":"https:\/\/www.organisator.ch\/management\/2016-08-05\/kontingente-fuer-arbeitsplaetze-in-der-schweiz\/","name":"Kontingente f\u00fcr Arbeitspl\u00e4tze in der Schweiz - Organisator","isPartOf":{"@id":"https:\/\/www.organisator.ch\/#website"},"primaryImageOfPage":{"@id":"https:\/\/www.organisator.ch\/management\/2016-08-05\/kontingente-fuer-arbeitsplaetze-in-der-schweiz\/#primaryimage"},"image":{"@id":"https:\/\/www.organisator.ch\/management\/2016-08-05\/kontingente-fuer-arbeitsplaetze-in-der-schweiz\/#primaryimage"},"thumbnailUrl":"https:\/\/www.organisator.ch\/wp-content\/uploads\/2016\/12\/Kontingente-fuer-Arbeitsplaetze-in-der-Schweiz-organisator.jpg","datePublished":"2016-08-05T06:49:33+00:00","description":"In Zeiten der Frankenst\u00e4rke und des Brexits sind Schweizer Unternehmen auf eine minimale Flexibilit\u00e4t des Arbeitsmarktes angewiesen.","breadcrumb":{"@id":"https:\/\/www.organisator.ch\/management\/2016-08-05\/kontingente-fuer-arbeitsplaetze-in-der-schweiz\/#breadcrumb"},"inLanguage":"de","potentialAction":[{"@type":"ReadAction","target":["https:\/\/www.organisator.ch\/management\/2016-08-05\/kontingente-fuer-arbeitsplaetze-in-der-schweiz\/"]}]},{"@type":"ImageObject","inLanguage":"de","@id":"https:\/\/www.organisator.ch\/management\/2016-08-05\/kontingente-fuer-arbeitsplaetze-in-der-schweiz\/#primaryimage","url":"https:\/\/www.organisator.ch\/wp-content\/uploads\/2016\/12\/Kontingente-fuer-Arbeitsplaetze-in-der-Schweiz-organisator.jpg","contentUrl":"https:\/\/www.organisator.ch\/wp-content\/uploads\/2016\/12\/Kontingente-fuer-Arbeitsplaetze-in-der-Schweiz-organisator.jpg","width":640,"height":424,"caption":"Die Swico fordert schnelles Handeln zugusten internationalen Spezialisten. (Bild: ZvG)"},{"@type":"BreadcrumbList","@id":"https:\/\/www.organisator.ch\/management\/2016-08-05\/kontingente-fuer-arbeitsplaetze-in-der-schweiz\/#breadcrumb","itemListElement":[{"@type":"ListItem","position":1,"name":"Home","item":"https:\/\/www.organisator.ch\/"},{"@type":"ListItem","position":2,"name":"Kontingente f\u00fcr Arbeitspl\u00e4tze in der Schweiz"}]},{"@type":"WebSite","@id":"https:\/\/www.organisator.ch\/#website","url":"https:\/\/www.organisator.ch\/","name":"Organisator","description":"Kompetent. Praxisnah. Der ORGANISATOR bereitet in 10 Ausgaben pro Jahr die wesentlichen Themen f\u00fcr F\u00fchrungskr\u00e4fte von KMU auf.","publisher":{"@id":"https:\/\/www.organisator.ch\/#organization"},"potentialAction":[{"@type":"SearchAction","target":{"@type":"EntryPoint","urlTemplate":"https:\/\/www.organisator.ch\/?s={search_term_string}"},"query-input":{"@type":"PropertyValueSpecification","valueRequired":true,"valueName":"search_term_string"}}],"inLanguage":"de"},{"@type":"Organization","@id":"https:\/\/www.organisator.ch\/#organization","name":"Organisator","url":"https:\/\/www.organisator.ch\/","logo":{"@type":"ImageObject","inLanguage":"de","@id":"https:\/\/www.organisator.ch\/#\/schema\/logo\/image\/","url":"https:\/\/www.organisator.ch\/wp-content\/uploads\/2022\/01\/Logo_Organisator_Website.png","contentUrl":"https:\/\/www.organisator.ch\/wp-content\/uploads\/2022\/01\/Logo_Organisator_Website.png","width":800,"height":77,"caption":"Organisator"},"image":{"@id":"https:\/\/www.organisator.ch\/#\/schema\/logo\/image\/"},"sameAs":["https:\/\/www.facebook.com\/OrganisatorFachmagazin","https:\/\/www.linkedin.com\/showcase\/organisator-das-magazin-fr-kmu","https:\/\/www.xing.com\/news\/pages\/organisator-ch-695","https:\/\/www.youtube.com\/channel\/UCGP2Sq0iWaZwT3BdIAQFYpw"]},{"@type":"Person","@id":"https:\/\/www.organisator.ch\/#\/schema\/person\/aa2bace6c5c5aad60102004a50c4eb1c","name":"admin","image":{"@type":"ImageObject","inLanguage":"de","@id":"https:\/\/secure.gravatar.com\/avatar\/ae2f4d718e6c49043e314ce431e7e645d646302a24a5ef5a8bc8e3f5a032e319?s=96&d=mm&r=g","url":"https:\/\/secure.gravatar.com\/avatar\/ae2f4d718e6c49043e314ce431e7e645d646302a24a5ef5a8bc8e3f5a032e319?s=96&d=mm&r=g","contentUrl":"https:\/\/secure.gravatar.com\/avatar\/ae2f4d718e6c49043e314ce431e7e645d646302a24a5ef5a8bc8e3f5a032e319?s=96&d=mm&r=g","caption":"admin"},"sameAs":["https:\/\/www.organisator.ch"],"url":"https:\/\/www.organisator.ch\/de\/author\/admin\/"}]}},"_links":{"self":[{"href":"https:\/\/www.organisator.ch\/de\/wp-json\/wp\/v2\/posts\/1037","targetHints":{"allow":["GET"]}}],"collection":[{"href":"https:\/\/www.organisator.ch\/de\/wp-json\/wp\/v2\/posts"}],"about":[{"href":"https:\/\/www.organisator.ch\/de\/wp-json\/wp\/v2\/types\/post"}],"author":[{"embeddable":true,"href":"https:\/\/www.organisator.ch\/de\/wp-json\/wp\/v2\/users\/1"}],"replies":[{"embeddable":true,"href":"https:\/\/www.organisator.ch\/de\/wp-json\/wp\/v2\/comments?post=1037"}],"version-history":[{"count":0,"href":"https:\/\/www.organisator.ch\/de\/wp-json\/wp\/v2\/posts\/1037\/revisions"}],"wp:featuredmedia":[{"embeddable":true,"href":"https:\/\/www.organisator.ch\/de\/wp-json\/wp\/v2\/media\/1038"}],"wp:attachment":[{"href":"https:\/\/www.organisator.ch\/de\/wp-json\/wp\/v2\/media?parent=1037"}],"wp:term":[{"taxonomy":"category","embeddable":true,"href":"https:\/\/www.organisator.ch\/de\/wp-json\/wp\/v2\/categories?post=1037"},{"taxonomy":"post_tag","embeddable":true,"href":"https:\/\/www.organisator.ch\/de\/wp-json\/wp\/v2\/tags?post=1037"}],"curies":[{"name":"wp","href":"https:\/\/api.w.org\/{rel}","templated":true}]}}