{"id":1049,"date":"2017-07-23T10:49:46","date_gmt":"2017-07-23T08:49:46","guid":{"rendered":"https:\/\/www.umweltperspektiven.ch\/?p=1049"},"modified":"2022-02-09T11:06:56","modified_gmt":"2022-02-09T10:06:56","slug":"hitzewellen-heizen-staedte-noch-staerker-auf","status":"publish","type":"post","link":"https:\/\/www.organisator.ch\/de\/sustainability\/2017-07-23\/hitzewellen-heizen-staedte-noch-staerker-auf\/","title":{"rendered":"Hitzewellen heizen St\u00e4dte noch st\u00e4rker auf"},"content":{"rendered":"<p>St\u00e4dtische Gebiete sind von Hitzewellen am st\u00e4rksten betroffen, da diese Regionen einen Effekt aufweisen, der als st\u00e4dtische Hitzeinseln (engl. Urban Heat Island, UHI) bekannt ist und der im Vergleich mit der l\u00e4ndlichen Umgebung durch h\u00f6here Lufttemperaturen gekennzeichnet ist. Gr\u00fcnde f\u00fcr st\u00e4dtische Hitzeinseln sind dunkle Oberfl\u00e4chen, z. B. von D\u00e4chern und Strassen, die zu einer h\u00f6heren Absorption der Sonnenenergie f\u00fchren, ein Mangel an Verdunstungsk\u00fchlung durch Vegetation, wenig offener Raum und damit ein Mangel an Durchl\u00fcftung und Nachtk\u00fchlung.<\/p>\n<p>St\u00e4dtische Hitzeinseln kennt man aus mehr als 400 St\u00e4dten auf der ganzen Welt, sie weisen vor allem nachts bis zu sieben Grad \u00ab\u00dcbertemperatur\u00bb auf. Hitzewellen tragen nicht nur zu allgemeinem Unwohlsein und schlaflosen N\u00e4chten bei, sondern k\u00f6nnen auch aufgrund der Auswirkungen auf das menschliche Herz-Kreislauf-System und die Atemwege ernsthafte Erkrankungen, Ersch\u00f6pfung, einen Hitzeschlag und sogar hitzebedingte Todesf\u00e4lle verursachen.<\/p>\n<p><strong>800\u20131000 zus\u00e4tzliche Todesopfer wegen Hitze<\/strong><\/p>\n<p>Die Schweiz erlebte 2003 und 2015 \u2013 die Jahre mit den beiden heissesten Sommern seit \u00fcber 150 Jahren \u2013 ausgepr\u00e4gte Hitzewellen. Einer Untersuchung von Forschern des Schweizerischen Tropen- und Public Health-Instituts in Basel aus dem Jahr 2016 zufolge wurde f\u00fcr diese Sommer eine Zunahme der Mortalit\u00e4tsrate um 6,9 % bzw. 5,9 % mit 960 und 804 zus\u00e4tzlichen Todesf\u00e4llen gesch\u00e4tzt. Insgesamt wurden im Sommer 2003 in ganz Europa rund 70\u2018000 zus\u00e4tzliche Todesf\u00e4lle gemeldet.<\/p>\n<p>Hitzewellen lassen sich mithilfe von Modellen zur Wettervorhersage simulieren, aber ihre Auswirkungen auf St\u00e4dte sind immer noch nicht ganz gekl\u00e4rt. Deshalb kombinierten Jan Carmeliet, Professor f\u00fcr Bauphysik an der ETH Z\u00fcrich, und Dominik Brunner, ein Atmosph\u00e4renwissenschaftler an der Empa, die Vorhersagemodelle mit den Auswirkungen von Geb\u00e4uden und Strassen, um die lokalen Lufttemperaturen in St\u00e4dten besser vorhersagen zu k\u00f6nnen. Die daraus resultierende \u00abW\u00e4rmekarte\u00bb von Z\u00fcrich zeigt Details der Hitzeinsel mit einer Aufl\u00f6sung von bis zu 250 Metern:<\/p>\n<figure id=\"attachment_1050\" aria-describedby=\"caption-attachment-1050\" style=\"width: 680px\" class=\"wp-caption alignnone\"><img loading=\"lazy\" decoding=\"async\" class=\"size-medium wp-image-1050\" src=\"\/\/www.umweltperspektiven.ch\/wp-content\/uploads\/2017\/08\/FT_2.jpg\" alt=\"\" width=\"680\" height=\"405\" \/><figcaption id=\"caption-attachment-1050\" class=\"wp-caption-text\">Hitzeinseleffekt in Z\u00fcrich w\u00e4hrend der Hitzewelle im Juni 2017: Stadtplan von Z\u00fcrich mit den modellierten mittleren Lufttemperaturen zwei Meter \u00fcber Boden um sechs Uhr morgens am 22. Juni. (Bild: Empa)<\/figcaption><\/figure>\n<p>UHI-Effekte treten nachts am st\u00e4rksten zutage wegen der Speicherung von W\u00e4rme durch Baustoffe w\u00e4hrend des Tages und deren Abgabe w\u00e4hrend der Nacht. Gianluca Mussetti, ein Doktorand an der ETH Z\u00fcrich und an der Empa, untersuchte die Merkmale der j\u00fcngsten Hitzewelle vom 20. Bis 24. Juni 2017 in Z\u00fcrich. W\u00e4hrend der Nacht vom 21. auf den 22. Juni beobachtete er eine UHI-Intensit\u00e4t von knapp sechs Grad \u2013 1,5 Grad \u00fcber der UHI-Intensit\u00e4t der Hitzewelle von 2015. Ausserdem stellte Mussetti an diesen Tagen Temperaturunterschiede zwischen dem k\u00fchlsten und dem w\u00e4rmsten Ort innerhalb der st\u00e4dtischen Hitzeinsel von bis zu drei Grad fest. Es ist bekannt, dass sich Hitzewellen vor allem an lokalen \u00abHotspots\u00bb der jeweiligen St\u00e4dte manifestieren. In Z\u00fcrich sieht man besonders hohe Nachttemperaturen im dicht bebauten Stadtzentrum, relativ k\u00fchlere Temperaturen f\u00fcr Gebiete in Seen\u00e4he, entlang der Limmat und an den H\u00e4ngen des Z\u00fcribergs, wo w\u00e4hrend der Nacht k\u00fchle Luft aus h\u00f6heren Bereichen herunterstr\u00f6mt. Die Forscher konnten insbesondere einen Zusammenhang zwischen der st\u00e4dtischen Durchl\u00fcftung und den Lufttemperaturen beobachten: Ein Mangel an innerst\u00e4dtischer Luftzirkulation f\u00fchrt zu weniger W\u00e4rmeabfuhr \u2013 und damit zu einer h\u00f6heren UHI-Intensit\u00e4t.<\/p>\n<p><strong>Gesucht: Strategien zur Linderung der st\u00e4dtischen Hitzeinseln<\/strong><\/p>\n<p>Angesichts einer bevorstehenden Zunahme von Hitzewellen in der Zukunft sind Stadtbewohner \u00fcberall auf der Welt in Bezug auf ihr Wohlbefinden und ihre Gesundheit ernsthaft gef\u00e4hrdet. Daher werden die Untersuchung st\u00e4dtischer Hitzeinseln und die Entwicklung von Strategien zu deren Abschw\u00e4chung f\u00fcr viele betroffene L\u00e4nder und St\u00e4dte immer wichtiger. Um wirksam zu werden, m\u00fcssen Massnahmen zur Bew\u00e4ltigung des Klimawandels und Strategien zur Minderung des UHI-Effekts allerdings \u00fcber einen l\u00e4ngeren Zeitraum umgesetzt und angewandt werden.<\/p>\n<p>Durch k\u00fcnftige Studien wollen die Forscher der ETH Z\u00fcrich und der Empa die Ursachen der st\u00e4dtischen Hitzeinseln und der lokalen Hotspots in den St\u00e4dten noch besser verstehen. Ausserdem wollen sie Gegenmassnahmen entwickeln, etwa eine vermehrte Nutzung von st\u00e4dtischem Wasser bei Hitzewellen, vor\u00fcbergehende Abk\u00fchlungsmassnahmen wie intelligente Beschattung oder K\u00fchlsysteme unter Strassen und Gehwegen.<\/p>\n","protected":false},"excerpt":{"rendered":"<p>St\u00e4dtische Gebiete sind von Hitzewellen am st\u00e4rksten betroffen, da diese Regionen einen Effekt aufweisen, der als st\u00e4dtische Hitzeinseln (engl. Urban Heat Island, UHI) bekannt ist und der im Vergleich mit der l\u00e4ndlichen Umgebung durch h\u00f6here Lufttemperaturen gekennzeichnet ist. Gr\u00fcnde f\u00fcr st\u00e4dtische Hitzeinseln sind dunkle Oberfl\u00e4chen, z. B. von D\u00e4chern und Strassen, die zu einer h\u00f6heren [&hellip;]<\/p>\n","protected":false},"author":1,"featured_media":1050,"comment_status":"open","ping_status":"open","sticky":false,"template":"","format":"standard","meta":{"_acf_changed":false,"_yoast_wpseo_focuskw":"Hitzeinseln","_yoast_wpseo_metadesc":"In der Stadt ist es im Sommer besonders heiss. Wissenschaftler haben deshalb eine W\u00e4rmekarte f\u00fcr Z\u00fcrich zur Vorhersage lokaler Lufttemperaturen entwickelt.","articlekey":"","footnotes":""},"categories":[580],"tags":[1052,1127,1360,1362,596],"class_list":["post-1049","post","type-post","status-publish","format-standard","has-post-thumbnail","hentry","category-sustainability","tag-empa","tag-eth","tag-hitze","tag-hitzewelle","tag-klima"],"acf":[],"yoast_head":"<!-- This site is optimized with the Yoast SEO plugin v27.4 - https:\/\/yoast.com\/product\/yoast-seo-wordpress\/ -->\n<title>Hitzewellen heizen St\u00e4dte noch st\u00e4rker auf - Organisator<\/title>\n<meta name=\"description\" content=\"In der Stadt ist es im Sommer besonders heiss. Wissenschaftler haben deshalb eine W\u00e4rmekarte f\u00fcr Z\u00fcrich zur Vorhersage lokaler Lufttemperaturen entwickelt.\" \/>\n<meta name=\"robots\" content=\"index, follow, max-snippet:-1, max-image-preview:large, max-video-preview:-1\" \/>\n<link rel=\"canonical\" href=\"https:\/\/www.organisator.ch\/de\/sustainability\/2017-07-23\/hitzewellen-heizen-staedte-noch-staerker-auf\/\" \/>\n<meta property=\"og:locale\" content=\"de_DE\" \/>\n<meta property=\"og:type\" content=\"article\" \/>\n<meta property=\"og:title\" content=\"Hitzewellen heizen St\u00e4dte noch st\u00e4rker auf - Organisator\" \/>\n<meta property=\"og:description\" content=\"In der Stadt ist es im Sommer besonders heiss. Wissenschaftler haben deshalb eine W\u00e4rmekarte f\u00fcr Z\u00fcrich zur Vorhersage lokaler Lufttemperaturen entwickelt.\" \/>\n<meta property=\"og:url\" content=\"https:\/\/www.organisator.ch\/de\/sustainability\/2017-07-23\/hitzewellen-heizen-staedte-noch-staerker-auf\/\" \/>\n<meta property=\"og:site_name\" content=\"Organisator\" \/>\n<meta property=\"article:publisher\" content=\"https:\/\/www.facebook.com\/OrganisatorFachmagazin\" \/>\n<meta property=\"article:published_time\" content=\"2017-07-23T08:49:46+00:00\" \/>\n<meta property=\"article:modified_time\" content=\"2022-02-09T10:06:56+00:00\" \/>\n<meta property=\"og:image\" content=\"https:\/\/www.organisator.ch\/wp-content\/uploads\/2017\/08\/FT_2-scaled.jpg\" \/>\n\t<meta property=\"og:image:width\" content=\"2560\" \/>\n\t<meta property=\"og:image:height\" content=\"1523\" \/>\n\t<meta property=\"og:image:type\" content=\"image\/jpeg\" \/>\n<meta name=\"author\" content=\"admin\" \/>\n<meta name=\"twitter:card\" content=\"summary_large_image\" \/>\n<script type=\"application\/ld+json\" class=\"yoast-schema-graph\">{\"@context\":\"https:\\\/\\\/schema.org\",\"@graph\":[{\"@type\":\"Article\",\"@id\":\"https:\\\/\\\/www.organisator.ch\\\/sustainability\\\/2017-07-23\\\/hitzewellen-heizen-staedte-noch-staerker-auf\\\/#article\",\"isPartOf\":{\"@id\":\"https:\\\/\\\/www.organisator.ch\\\/sustainability\\\/2017-07-23\\\/hitzewellen-heizen-staedte-noch-staerker-auf\\\/\"},\"author\":{\"name\":\"admin\",\"@id\":\"https:\\\/\\\/www.organisator.ch\\\/#\\\/schema\\\/person\\\/aa2bace6c5c5aad60102004a50c4eb1c\"},\"headline\":\"Hitzewellen heizen St\u00e4dte noch st\u00e4rker auf\",\"datePublished\":\"2017-07-23T08:49:46+00:00\",\"dateModified\":\"2022-02-09T10:06:56+00:00\",\"mainEntityOfPage\":{\"@id\":\"https:\\\/\\\/www.organisator.ch\\\/sustainability\\\/2017-07-23\\\/hitzewellen-heizen-staedte-noch-staerker-auf\\\/\"},\"wordCount\":709,\"commentCount\":0,\"publisher\":{\"@id\":\"https:\\\/\\\/www.organisator.ch\\\/#organization\"},\"image\":{\"@id\":\"https:\\\/\\\/www.organisator.ch\\\/sustainability\\\/2017-07-23\\\/hitzewellen-heizen-staedte-noch-staerker-auf\\\/#primaryimage\"},\"thumbnailUrl\":\"https:\\\/\\\/www.organisator.ch\\\/wp-content\\\/uploads\\\/2017\\\/08\\\/FT_2-scaled.jpg\",\"keywords\":[\"Empa\",\"ETH\",\"Hitze\",\"Hitzewelle\",\"KLIMA\"],\"articleSection\":[\"SUSTAINABILITY\"],\"inLanguage\":\"de\"},{\"@type\":\"WebPage\",\"@id\":\"https:\\\/\\\/www.organisator.ch\\\/sustainability\\\/2017-07-23\\\/hitzewellen-heizen-staedte-noch-staerker-auf\\\/\",\"url\":\"https:\\\/\\\/www.organisator.ch\\\/sustainability\\\/2017-07-23\\\/hitzewellen-heizen-staedte-noch-staerker-auf\\\/\",\"name\":\"Hitzewellen heizen St\u00e4dte noch st\u00e4rker auf - Organisator\",\"isPartOf\":{\"@id\":\"https:\\\/\\\/www.organisator.ch\\\/#website\"},\"primaryImageOfPage\":{\"@id\":\"https:\\\/\\\/www.organisator.ch\\\/sustainability\\\/2017-07-23\\\/hitzewellen-heizen-staedte-noch-staerker-auf\\\/#primaryimage\"},\"image\":{\"@id\":\"https:\\\/\\\/www.organisator.ch\\\/sustainability\\\/2017-07-23\\\/hitzewellen-heizen-staedte-noch-staerker-auf\\\/#primaryimage\"},\"thumbnailUrl\":\"https:\\\/\\\/www.organisator.ch\\\/wp-content\\\/uploads\\\/2017\\\/08\\\/FT_2-scaled.jpg\",\"datePublished\":\"2017-07-23T08:49:46+00:00\",\"dateModified\":\"2022-02-09T10:06:56+00:00\",\"description\":\"In der Stadt ist es im Sommer besonders heiss. Wissenschaftler haben deshalb eine W\u00e4rmekarte f\u00fcr Z\u00fcrich zur Vorhersage lokaler Lufttemperaturen entwickelt.\",\"breadcrumb\":{\"@id\":\"https:\\\/\\\/www.organisator.ch\\\/sustainability\\\/2017-07-23\\\/hitzewellen-heizen-staedte-noch-staerker-auf\\\/#breadcrumb\"},\"inLanguage\":\"de\",\"potentialAction\":[{\"@type\":\"ReadAction\",\"target\":[\"https:\\\/\\\/www.organisator.ch\\\/sustainability\\\/2017-07-23\\\/hitzewellen-heizen-staedte-noch-staerker-auf\\\/\"]}]},{\"@type\":\"ImageObject\",\"inLanguage\":\"de\",\"@id\":\"https:\\\/\\\/www.organisator.ch\\\/sustainability\\\/2017-07-23\\\/hitzewellen-heizen-staedte-noch-staerker-auf\\\/#primaryimage\",\"url\":\"https:\\\/\\\/www.organisator.ch\\\/wp-content\\\/uploads\\\/2017\\\/08\\\/FT_2-scaled.jpg\",\"contentUrl\":\"https:\\\/\\\/www.organisator.ch\\\/wp-content\\\/uploads\\\/2017\\\/08\\\/FT_2-scaled.jpg\",\"width\":2560,\"height\":1523,\"caption\":\"Hitzeinseleffekt in Z\u00fcrich w\u00e4hrend der Hitzewelle im Juni 2017: Stadtplan von Z\u00fcrich mit den modellierten mittleren Lufttemperaturen zwei Meter \u00fcber Boden um sechs Uhr morgens am 22. Juni. (Bild: Empa)\"},{\"@type\":\"BreadcrumbList\",\"@id\":\"https:\\\/\\\/www.organisator.ch\\\/sustainability\\\/2017-07-23\\\/hitzewellen-heizen-staedte-noch-staerker-auf\\\/#breadcrumb\",\"itemListElement\":[{\"@type\":\"ListItem\",\"position\":1,\"name\":\"Home\",\"item\":\"https:\\\/\\\/www.organisator.ch\\\/\"},{\"@type\":\"ListItem\",\"position\":2,\"name\":\"Hitzewellen heizen St\u00e4dte noch st\u00e4rker auf\"}]},{\"@type\":\"WebSite\",\"@id\":\"https:\\\/\\\/www.organisator.ch\\\/#website\",\"url\":\"https:\\\/\\\/www.organisator.ch\\\/\",\"name\":\"Organisator\",\"description\":\"Kompetent. Praxisnah. Der ORGANISATOR bereitet in 10 Ausgaben pro Jahr die wesentlichen Themen f\u00fcr F\u00fchrungskr\u00e4fte von KMU auf.\",\"publisher\":{\"@id\":\"https:\\\/\\\/www.organisator.ch\\\/#organization\"},\"potentialAction\":[{\"@type\":\"SearchAction\",\"target\":{\"@type\":\"EntryPoint\",\"urlTemplate\":\"https:\\\/\\\/www.organisator.ch\\\/?s={search_term_string}\"},\"query-input\":{\"@type\":\"PropertyValueSpecification\",\"valueRequired\":true,\"valueName\":\"search_term_string\"}}],\"inLanguage\":\"de\"},{\"@type\":\"Organization\",\"@id\":\"https:\\\/\\\/www.organisator.ch\\\/#organization\",\"name\":\"Organisator\",\"url\":\"https:\\\/\\\/www.organisator.ch\\\/\",\"logo\":{\"@type\":\"ImageObject\",\"inLanguage\":\"de\",\"@id\":\"https:\\\/\\\/www.organisator.ch\\\/#\\\/schema\\\/logo\\\/image\\\/\",\"url\":\"https:\\\/\\\/www.organisator.ch\\\/wp-content\\\/uploads\\\/2022\\\/01\\\/Logo_Organisator_Website.png\",\"contentUrl\":\"https:\\\/\\\/www.organisator.ch\\\/wp-content\\\/uploads\\\/2022\\\/01\\\/Logo_Organisator_Website.png\",\"width\":800,\"height\":77,\"caption\":\"Organisator\"},\"image\":{\"@id\":\"https:\\\/\\\/www.organisator.ch\\\/#\\\/schema\\\/logo\\\/image\\\/\"},\"sameAs\":[\"https:\\\/\\\/www.facebook.com\\\/OrganisatorFachmagazin\",\"https:\\\/\\\/www.linkedin.com\\\/showcase\\\/organisator-das-magazin-fr-kmu\",\"https:\\\/\\\/www.xing.com\\\/news\\\/pages\\\/organisator-ch-695\",\"https:\\\/\\\/www.youtube.com\\\/channel\\\/UCGP2Sq0iWaZwT3BdIAQFYpw\"]},{\"@type\":\"Person\",\"@id\":\"https:\\\/\\\/www.organisator.ch\\\/#\\\/schema\\\/person\\\/aa2bace6c5c5aad60102004a50c4eb1c\",\"name\":\"admin\",\"image\":{\"@type\":\"ImageObject\",\"inLanguage\":\"de\",\"@id\":\"https:\\\/\\\/secure.gravatar.com\\\/avatar\\\/ae2f4d718e6c49043e314ce431e7e645d646302a24a5ef5a8bc8e3f5a032e319?s=96&d=mm&r=g\",\"url\":\"https:\\\/\\\/secure.gravatar.com\\\/avatar\\\/ae2f4d718e6c49043e314ce431e7e645d646302a24a5ef5a8bc8e3f5a032e319?s=96&d=mm&r=g\",\"contentUrl\":\"https:\\\/\\\/secure.gravatar.com\\\/avatar\\\/ae2f4d718e6c49043e314ce431e7e645d646302a24a5ef5a8bc8e3f5a032e319?s=96&d=mm&r=g\",\"caption\":\"admin\"},\"sameAs\":[\"https:\\\/\\\/www.organisator.ch\"],\"url\":\"https:\\\/\\\/www.organisator.ch\\\/de\\\/author\\\/admin\\\/\"}]}<\/script>\n<!-- \/ Yoast SEO plugin. -->","yoast_head_json":{"title":"Hitzewellen heizen St\u00e4dte noch st\u00e4rker auf - Organisator","description":"In der Stadt ist es im Sommer besonders heiss. Wissenschaftler haben deshalb eine W\u00e4rmekarte f\u00fcr Z\u00fcrich zur Vorhersage lokaler Lufttemperaturen entwickelt.","robots":{"index":"index","follow":"follow","max-snippet":"max-snippet:-1","max-image-preview":"max-image-preview:large","max-video-preview":"max-video-preview:-1"},"canonical":"https:\/\/www.organisator.ch\/de\/sustainability\/2017-07-23\/hitzewellen-heizen-staedte-noch-staerker-auf\/","og_locale":"de_DE","og_type":"article","og_title":"Hitzewellen heizen St\u00e4dte noch st\u00e4rker auf - Organisator","og_description":"In der Stadt ist es im Sommer besonders heiss. Wissenschaftler haben deshalb eine W\u00e4rmekarte f\u00fcr Z\u00fcrich zur Vorhersage lokaler Lufttemperaturen entwickelt.","og_url":"https:\/\/www.organisator.ch\/de\/sustainability\/2017-07-23\/hitzewellen-heizen-staedte-noch-staerker-auf\/","og_site_name":"Organisator","article_publisher":"https:\/\/www.facebook.com\/OrganisatorFachmagazin","article_published_time":"2017-07-23T08:49:46+00:00","article_modified_time":"2022-02-09T10:06:56+00:00","og_image":[{"width":2560,"height":1523,"url":"https:\/\/www.organisator.ch\/wp-content\/uploads\/2017\/08\/FT_2-scaled.jpg","type":"image\/jpeg"}],"author":"admin","twitter_card":"summary_large_image","schema":{"@context":"https:\/\/schema.org","@graph":[{"@type":"Article","@id":"https:\/\/www.organisator.ch\/sustainability\/2017-07-23\/hitzewellen-heizen-staedte-noch-staerker-auf\/#article","isPartOf":{"@id":"https:\/\/www.organisator.ch\/sustainability\/2017-07-23\/hitzewellen-heizen-staedte-noch-staerker-auf\/"},"author":{"name":"admin","@id":"https:\/\/www.organisator.ch\/#\/schema\/person\/aa2bace6c5c5aad60102004a50c4eb1c"},"headline":"Hitzewellen heizen St\u00e4dte noch st\u00e4rker auf","datePublished":"2017-07-23T08:49:46+00:00","dateModified":"2022-02-09T10:06:56+00:00","mainEntityOfPage":{"@id":"https:\/\/www.organisator.ch\/sustainability\/2017-07-23\/hitzewellen-heizen-staedte-noch-staerker-auf\/"},"wordCount":709,"commentCount":0,"publisher":{"@id":"https:\/\/www.organisator.ch\/#organization"},"image":{"@id":"https:\/\/www.organisator.ch\/sustainability\/2017-07-23\/hitzewellen-heizen-staedte-noch-staerker-auf\/#primaryimage"},"thumbnailUrl":"https:\/\/www.organisator.ch\/wp-content\/uploads\/2017\/08\/FT_2-scaled.jpg","keywords":["Empa","ETH","Hitze","Hitzewelle","KLIMA"],"articleSection":["SUSTAINABILITY"],"inLanguage":"de"},{"@type":"WebPage","@id":"https:\/\/www.organisator.ch\/sustainability\/2017-07-23\/hitzewellen-heizen-staedte-noch-staerker-auf\/","url":"https:\/\/www.organisator.ch\/sustainability\/2017-07-23\/hitzewellen-heizen-staedte-noch-staerker-auf\/","name":"Hitzewellen heizen St\u00e4dte noch st\u00e4rker auf - Organisator","isPartOf":{"@id":"https:\/\/www.organisator.ch\/#website"},"primaryImageOfPage":{"@id":"https:\/\/www.organisator.ch\/sustainability\/2017-07-23\/hitzewellen-heizen-staedte-noch-staerker-auf\/#primaryimage"},"image":{"@id":"https:\/\/www.organisator.ch\/sustainability\/2017-07-23\/hitzewellen-heizen-staedte-noch-staerker-auf\/#primaryimage"},"thumbnailUrl":"https:\/\/www.organisator.ch\/wp-content\/uploads\/2017\/08\/FT_2-scaled.jpg","datePublished":"2017-07-23T08:49:46+00:00","dateModified":"2022-02-09T10:06:56+00:00","description":"In der Stadt ist es im Sommer besonders heiss. Wissenschaftler haben deshalb eine W\u00e4rmekarte f\u00fcr Z\u00fcrich zur Vorhersage lokaler Lufttemperaturen entwickelt.","breadcrumb":{"@id":"https:\/\/www.organisator.ch\/sustainability\/2017-07-23\/hitzewellen-heizen-staedte-noch-staerker-auf\/#breadcrumb"},"inLanguage":"de","potentialAction":[{"@type":"ReadAction","target":["https:\/\/www.organisator.ch\/sustainability\/2017-07-23\/hitzewellen-heizen-staedte-noch-staerker-auf\/"]}]},{"@type":"ImageObject","inLanguage":"de","@id":"https:\/\/www.organisator.ch\/sustainability\/2017-07-23\/hitzewellen-heizen-staedte-noch-staerker-auf\/#primaryimage","url":"https:\/\/www.organisator.ch\/wp-content\/uploads\/2017\/08\/FT_2-scaled.jpg","contentUrl":"https:\/\/www.organisator.ch\/wp-content\/uploads\/2017\/08\/FT_2-scaled.jpg","width":2560,"height":1523,"caption":"Hitzeinseleffekt in Z\u00fcrich w\u00e4hrend der Hitzewelle im Juni 2017: Stadtplan von Z\u00fcrich mit den modellierten mittleren Lufttemperaturen zwei Meter \u00fcber Boden um sechs Uhr morgens am 22. Juni. (Bild: Empa)"},{"@type":"BreadcrumbList","@id":"https:\/\/www.organisator.ch\/sustainability\/2017-07-23\/hitzewellen-heizen-staedte-noch-staerker-auf\/#breadcrumb","itemListElement":[{"@type":"ListItem","position":1,"name":"Home","item":"https:\/\/www.organisator.ch\/"},{"@type":"ListItem","position":2,"name":"Hitzewellen heizen St\u00e4dte noch st\u00e4rker auf"}]},{"@type":"WebSite","@id":"https:\/\/www.organisator.ch\/#website","url":"https:\/\/www.organisator.ch\/","name":"Organisator","description":"Kompetent. Praxisnah. Der ORGANISATOR bereitet in 10 Ausgaben pro Jahr die wesentlichen Themen f\u00fcr F\u00fchrungskr\u00e4fte von KMU auf.","publisher":{"@id":"https:\/\/www.organisator.ch\/#organization"},"potentialAction":[{"@type":"SearchAction","target":{"@type":"EntryPoint","urlTemplate":"https:\/\/www.organisator.ch\/?s={search_term_string}"},"query-input":{"@type":"PropertyValueSpecification","valueRequired":true,"valueName":"search_term_string"}}],"inLanguage":"de"},{"@type":"Organization","@id":"https:\/\/www.organisator.ch\/#organization","name":"Organisator","url":"https:\/\/www.organisator.ch\/","logo":{"@type":"ImageObject","inLanguage":"de","@id":"https:\/\/www.organisator.ch\/#\/schema\/logo\/image\/","url":"https:\/\/www.organisator.ch\/wp-content\/uploads\/2022\/01\/Logo_Organisator_Website.png","contentUrl":"https:\/\/www.organisator.ch\/wp-content\/uploads\/2022\/01\/Logo_Organisator_Website.png","width":800,"height":77,"caption":"Organisator"},"image":{"@id":"https:\/\/www.organisator.ch\/#\/schema\/logo\/image\/"},"sameAs":["https:\/\/www.facebook.com\/OrganisatorFachmagazin","https:\/\/www.linkedin.com\/showcase\/organisator-das-magazin-fr-kmu","https:\/\/www.xing.com\/news\/pages\/organisator-ch-695","https:\/\/www.youtube.com\/channel\/UCGP2Sq0iWaZwT3BdIAQFYpw"]},{"@type":"Person","@id":"https:\/\/www.organisator.ch\/#\/schema\/person\/aa2bace6c5c5aad60102004a50c4eb1c","name":"admin","image":{"@type":"ImageObject","inLanguage":"de","@id":"https:\/\/secure.gravatar.com\/avatar\/ae2f4d718e6c49043e314ce431e7e645d646302a24a5ef5a8bc8e3f5a032e319?s=96&d=mm&r=g","url":"https:\/\/secure.gravatar.com\/avatar\/ae2f4d718e6c49043e314ce431e7e645d646302a24a5ef5a8bc8e3f5a032e319?s=96&d=mm&r=g","contentUrl":"https:\/\/secure.gravatar.com\/avatar\/ae2f4d718e6c49043e314ce431e7e645d646302a24a5ef5a8bc8e3f5a032e319?s=96&d=mm&r=g","caption":"admin"},"sameAs":["https:\/\/www.organisator.ch"],"url":"https:\/\/www.organisator.ch\/de\/author\/admin\/"}]}},"_links":{"self":[{"href":"https:\/\/www.organisator.ch\/de\/wp-json\/wp\/v2\/posts\/1049","targetHints":{"allow":["GET"]}}],"collection":[{"href":"https:\/\/www.organisator.ch\/de\/wp-json\/wp\/v2\/posts"}],"about":[{"href":"https:\/\/www.organisator.ch\/de\/wp-json\/wp\/v2\/types\/post"}],"author":[{"embeddable":true,"href":"https:\/\/www.organisator.ch\/de\/wp-json\/wp\/v2\/users\/1"}],"replies":[{"embeddable":true,"href":"https:\/\/www.organisator.ch\/de\/wp-json\/wp\/v2\/comments?post=1049"}],"version-history":[{"count":1,"href":"https:\/\/www.organisator.ch\/de\/wp-json\/wp\/v2\/posts\/1049\/revisions"}],"predecessor-version":[{"id":10732,"href":"https:\/\/www.organisator.ch\/de\/wp-json\/wp\/v2\/posts\/1049\/revisions\/10732"}],"wp:featuredmedia":[{"embeddable":true,"href":"https:\/\/www.organisator.ch\/de\/wp-json\/wp\/v2\/media\/1050"}],"wp:attachment":[{"href":"https:\/\/www.organisator.ch\/de\/wp-json\/wp\/v2\/media?parent=1049"}],"wp:term":[{"taxonomy":"category","embeddable":true,"href":"https:\/\/www.organisator.ch\/de\/wp-json\/wp\/v2\/categories?post=1049"},{"taxonomy":"post_tag","embeddable":true,"href":"https:\/\/www.organisator.ch\/de\/wp-json\/wp\/v2\/tags?post=1049"}],"curies":[{"name":"wp","href":"https:\/\/api.w.org\/{rel}","templated":true}]}}