{"id":1057,"date":"2017-08-07T11:50:19","date_gmt":"2017-08-07T09:50:19","guid":{"rendered":"https:\/\/www.umweltperspektiven.ch\/?p=1057"},"modified":"2022-02-09T11:06:56","modified_gmt":"2022-02-09T10:06:56","slug":"eiweissmangel-wegen-co2-emissionen","status":"publish","type":"post","link":"https:\/\/www.organisator.ch\/de\/sustainability\/2017-08-07\/eiweissmangel-wegen-co2-emissionen\/","title":{"rendered":"Eiweissmangel wegen CO2-Emissionen"},"content":{"rendered":"<p><img loading=\"lazy\" decoding=\"async\" class=\"alignnone size-medium wp-image-1059\" src=\"\/\/www.umweltperspektiven.ch\/wp-content\/uploads\/2017\/08\/Depositphotos_32727549_l-2015.jpg\" alt=\"\" width=\"680\" height=\"453\" srcset=\"https:\/\/www.organisator.ch\/wp-content\/uploads\/2017\/08\/Depositphotos_32727549_l-2015.jpg 2000w, https:\/\/www.organisator.ch\/wp-content\/uploads\/2017\/08\/Depositphotos_32727549_l-2015-680x453.jpg 680w, https:\/\/www.organisator.ch\/wp-content\/uploads\/2017\/08\/Depositphotos_32727549_l-2015-1024x682.jpg 1024w, https:\/\/www.organisator.ch\/wp-content\/uploads\/2017\/08\/Depositphotos_32727549_l-2015-768x512.jpg 768w, https:\/\/www.organisator.ch\/wp-content\/uploads\/2017\/08\/Depositphotos_32727549_l-2015-1536x1024.jpg 1536w, https:\/\/www.organisator.ch\/wp-content\/uploads\/2017\/08\/Depositphotos_32727549_l-2015-18x12.jpg 18w, https:\/\/www.organisator.ch\/wp-content\/uploads\/2017\/08\/Depositphotos_32727549_l-2015-263x175.jpg 263w, https:\/\/www.organisator.ch\/wp-content\/uploads\/2017\/08\/Depositphotos_32727549_l-2015-525x350.jpg 525w, https:\/\/www.organisator.ch\/wp-content\/uploads\/2017\/08\/Depositphotos_32727549_l-2015-1200x800.jpg 1200w, https:\/\/www.organisator.ch\/wp-content\/uploads\/2017\/08\/Depositphotos_32727549_l-2015-920x613.jpg 920w, https:\/\/www.organisator.ch\/wp-content\/uploads\/2017\/08\/Depositphotos_32727549_l-2015-1400x933.jpg 1400w, https:\/\/www.organisator.ch\/wp-content\/uploads\/2017\/08\/Depositphotos_32727549_l-2015-300x200.jpg 300w\" sizes=\"auto, (max-width: 680px) 100vw, 680px\" \/><\/p>\n<p class=\"FtxtP\">Steigen die CO2-Emissionen weiter wie prognostiziert an, wird die Bev\u00f6lkerung in 18 L\u00e4ndern bis 2050 mehr als f\u00fcnf Prozent ihres Nahrungseiweisses verlieren. Zu diesem Ergebnis ist eine Studie der <a href=\"\/\/hsph.harvard.edu\">Harvard T.H. Chan School of Public Health<\/a>\u00a0gekommen. Verantwortlich daf\u00fcr ist ein Sinken des N\u00e4hrwerts von Reis, Weizen und anderen Grundnahrungsmitteln. Die Forscher gehen davon aus, dass zus\u00e4tzlich rund 150 Mio. Menschen aufgrund der erh\u00f6hten CO2-Werte in der Atmosph\u00e4re dem Risiko eines Eiweissmangels ausgesetzt sein werden. Laut Forschungsleiter Samuel Myers unterstreicht diese Studie die Notwendigkeit f\u00fcr L\u00e4nder mit dem h\u00f6chsten Risiko, die Nahrungsqualit\u00e4t aktiv zu \u00fcberwachen. Vor allem sei es aber notwendig, die durch den Menschen verursachten CO2-Emissionen zu verringern.<\/p>\n<p class=\"FtxtP\">Weltweit erhalten 76 Prozent der Menschen den Gro\u00dfteil ihrer t\u00e4glichen Proteine von Pflanzen. Um das bestehende und zuk\u00fcnftige Risiko eines Eiwei\u00dfmangels zu sch\u00e4tzen, kombinierten die Forscher Daten von Experimenten, bei denen Nutzpflanzen hohen Konzentrationen von CO2 ausgesetzt waren, mit weltweiten Ern\u00e4hrungsinformationen der Vereinten Nationen und Daten zu Einkommensungleichheit und Demografie. Bei erh\u00f6hten CO2-Konzentrationen sank der Eiweissgehalt von Reis, Weizen, Gerste und Kartoffeln um 7,6 bzw. 7,8 sowie 14,1 und 6,4 Prozent.<\/p>\n<p class=\"FtxtP\"><strong><span class=\"FtxtBold\">Afrika und Asien besonders betroffen<\/span><\/strong><\/p>\n<p class=\"FtxtP\">Die Forschungsergebnisse weisen auf anhaltende Herausforderungen f\u00fcr Afrika s\u00fcdlich der Sahara hin. Dort leiden bereits Millionen Menschen an einem Eiweissmangel. Gr\u00f6ssere Probleme werden f\u00fcr S\u00fcdasien erwartet. Dazu geh\u00f6rt auch Indien, wo Reis und Weizen einen Grossteil des t\u00e4glichen Proteins liefern. Indien k\u00f6nnte 5,3 Prozent des Proteins einer Standardern\u00e4hrung verlieren. Damit w\u00fcrden 53 Mio. Menschen einem neuen Risiko von Eiweissmangel ausgesetzt. Die Forschungsergebnisse wurden in <a href=\"\/\/ehp.niehs.nih.gov\">Environmental Health Perspectives<\/a>\u00a0ver\u00f6ffentlicht.<\/p>\n<p class=\"FtxtP\"><strong><span class=\"FtxtBold\">Eisenmangel nimmt ebenfalls zu<\/span><\/strong><\/p>\n<p class=\"FtxtP\">Myers ist Mitautor einer weiteren Studie. Sie ergab, dass die durch CO2 verursachten Verringerungen des Eisengehalts bei Grundnahrungsmitteln wahrscheinlich auch das weltweit bereits bestehende Problem des Eisenmangels versch\u00e4rfen wird. Dem h\u00f6chsten Risiko sind weltweit 354 Mio. Kinder unter f\u00fcnf Jahren und 1,06 Mrd. Frauen im geb\u00e4rf\u00e4higen Alter ausgesetzt. Betroffen sind vor allem S\u00fcdasien und Nordafrika. In diesen Regionen ist An\u00e4mie bereits weit verbreitet. Es wird erwartet, dass mehr als 3,8 Prozent des Eisens in der Nahrung aufgrund dieser CO2-Auswirkungen verloren gehen wird. Myers war auch Mitautor einer Studie, die bereits 2015 darauf hingewiesen hat, dass die erh\u00f6hten CO2-Emissionen wahrscheinlich bei rund 200 Mio. Menschen zu einem Zinkmangel f\u00fchren werden.<\/p>\n<p>Quelle: Pressetext<\/p>\n","protected":false},"excerpt":{"rendered":"<p>Steigen die CO2-Emissionen weiter wie prognostiziert an, wird die Bev\u00f6lkerung in 18 L\u00e4ndern bis 2050 mehr als f\u00fcnf Prozent ihres Nahrungseiweisses verlieren. Zu diesem Ergebnis ist eine Studie der Harvard T.H. Chan School of Public Health\u00a0gekommen. Verantwortlich daf\u00fcr ist ein Sinken des N\u00e4hrwerts von Reis, Weizen und anderen Grundnahrungsmitteln. Die Forscher gehen davon aus, dass [&hellip;]<\/p>\n","protected":false},"author":1,"featured_media":1059,"comment_status":"open","ping_status":"open","sticky":false,"template":"","format":"standard","meta":{"_acf_changed":false,"_yoast_wpseo_focuskw":"Eiweissmangel","_yoast_wpseo_metadesc":"Erh\u00f6hen sich die CO2-Werte in der Atmosph\u00e4re weiter, droht Millionen von Menschen ein Eiweissmangel. Das zeigen neue Studien.","articlekey":"","footnotes":""},"categories":[580],"tags":[1027,242,596],"class_list":["post-1057","post","type-post","status-publish","format-standard","has-post-thumbnail","hentry","category-sustainability","tag-eiweissmangel","tag-gesundheit","tag-klima"],"acf":[],"yoast_head":"<!-- This site is optimized with the Yoast SEO plugin v27.4 - https:\/\/yoast.com\/product\/yoast-seo-wordpress\/ -->\n<title>Eiweissmangel wegen CO2-Emissionen - Organisator<\/title>\n<meta name=\"description\" content=\"Erh\u00f6hen sich die CO2-Werte in der Atmosph\u00e4re weiter, droht Millionen von Menschen ein Eiweissmangel. Das zeigen neue Studien.\" \/>\n<meta name=\"robots\" content=\"index, follow, max-snippet:-1, max-image-preview:large, max-video-preview:-1\" \/>\n<link rel=\"canonical\" href=\"https:\/\/www.organisator.ch\/de\/sustainability\/2017-08-07\/eiweissmangel-wegen-co2-emissionen\/\" \/>\n<meta property=\"og:locale\" content=\"de_DE\" \/>\n<meta property=\"og:type\" content=\"article\" \/>\n<meta property=\"og:title\" content=\"Eiweissmangel wegen CO2-Emissionen - Organisator\" \/>\n<meta property=\"og:description\" content=\"Erh\u00f6hen sich die CO2-Werte in der Atmosph\u00e4re weiter, droht Millionen von Menschen ein Eiweissmangel. Das zeigen neue Studien.\" \/>\n<meta property=\"og:url\" content=\"https:\/\/www.organisator.ch\/de\/sustainability\/2017-08-07\/eiweissmangel-wegen-co2-emissionen\/\" \/>\n<meta property=\"og:site_name\" content=\"Organisator\" \/>\n<meta property=\"article:publisher\" content=\"https:\/\/www.facebook.com\/OrganisatorFachmagazin\" \/>\n<meta property=\"article:published_time\" content=\"2017-08-07T09:50:19+00:00\" \/>\n<meta property=\"article:modified_time\" content=\"2022-02-09T10:06:56+00:00\" \/>\n<meta property=\"og:image\" content=\"https:\/\/www.organisator.ch\/wp-content\/uploads\/2017\/08\/Depositphotos_32727549_l-2015-1024x682.jpg\" \/>\n\t<meta property=\"og:image:width\" content=\"1024\" \/>\n\t<meta property=\"og:image:height\" content=\"682\" \/>\n\t<meta property=\"og:image:type\" content=\"image\/jpeg\" \/>\n<meta name=\"author\" content=\"admin\" \/>\n<meta name=\"twitter:card\" content=\"summary_large_image\" \/>\n<script type=\"application\/ld+json\" class=\"yoast-schema-graph\">{\"@context\":\"https:\\\/\\\/schema.org\",\"@graph\":[{\"@type\":\"Article\",\"@id\":\"https:\\\/\\\/www.organisator.ch\\\/sustainability\\\/2017-08-07\\\/eiweissmangel-wegen-co2-emissionen\\\/#article\",\"isPartOf\":{\"@id\":\"https:\\\/\\\/www.organisator.ch\\\/sustainability\\\/2017-08-07\\\/eiweissmangel-wegen-co2-emissionen\\\/\"},\"author\":{\"name\":\"admin\",\"@id\":\"https:\\\/\\\/www.organisator.ch\\\/#\\\/schema\\\/person\\\/aa2bace6c5c5aad60102004a50c4eb1c\"},\"headline\":\"Eiweissmangel wegen CO2-Emissionen\",\"datePublished\":\"2017-08-07T09:50:19+00:00\",\"dateModified\":\"2022-02-09T10:06:56+00:00\",\"mainEntityOfPage\":{\"@id\":\"https:\\\/\\\/www.organisator.ch\\\/sustainability\\\/2017-08-07\\\/eiweissmangel-wegen-co2-emissionen\\\/\"},\"wordCount\":403,\"commentCount\":0,\"publisher\":{\"@id\":\"https:\\\/\\\/www.organisator.ch\\\/#organization\"},\"image\":{\"@id\":\"https:\\\/\\\/www.organisator.ch\\\/sustainability\\\/2017-08-07\\\/eiweissmangel-wegen-co2-emissionen\\\/#primaryimage\"},\"thumbnailUrl\":\"https:\\\/\\\/www.organisator.ch\\\/wp-content\\\/uploads\\\/2017\\\/08\\\/Depositphotos_32727549_l-2015.jpg\",\"keywords\":[\"Eiweissmangel\",\"Gesundheit\",\"KLIMA\"],\"articleSection\":[\"SUSTAINABILITY\"],\"inLanguage\":\"de\"},{\"@type\":\"WebPage\",\"@id\":\"https:\\\/\\\/www.organisator.ch\\\/sustainability\\\/2017-08-07\\\/eiweissmangel-wegen-co2-emissionen\\\/\",\"url\":\"https:\\\/\\\/www.organisator.ch\\\/sustainability\\\/2017-08-07\\\/eiweissmangel-wegen-co2-emissionen\\\/\",\"name\":\"Eiweissmangel wegen CO2-Emissionen - Organisator\",\"isPartOf\":{\"@id\":\"https:\\\/\\\/www.organisator.ch\\\/#website\"},\"primaryImageOfPage\":{\"@id\":\"https:\\\/\\\/www.organisator.ch\\\/sustainability\\\/2017-08-07\\\/eiweissmangel-wegen-co2-emissionen\\\/#primaryimage\"},\"image\":{\"@id\":\"https:\\\/\\\/www.organisator.ch\\\/sustainability\\\/2017-08-07\\\/eiweissmangel-wegen-co2-emissionen\\\/#primaryimage\"},\"thumbnailUrl\":\"https:\\\/\\\/www.organisator.ch\\\/wp-content\\\/uploads\\\/2017\\\/08\\\/Depositphotos_32727549_l-2015.jpg\",\"datePublished\":\"2017-08-07T09:50:19+00:00\",\"dateModified\":\"2022-02-09T10:06:56+00:00\",\"description\":\"Erh\u00f6hen sich die CO2-Werte in der Atmosph\u00e4re weiter, droht Millionen von Menschen ein Eiweissmangel. Das zeigen neue Studien.\",\"breadcrumb\":{\"@id\":\"https:\\\/\\\/www.organisator.ch\\\/sustainability\\\/2017-08-07\\\/eiweissmangel-wegen-co2-emissionen\\\/#breadcrumb\"},\"inLanguage\":\"de\",\"potentialAction\":[{\"@type\":\"ReadAction\",\"target\":[\"https:\\\/\\\/www.organisator.ch\\\/sustainability\\\/2017-08-07\\\/eiweissmangel-wegen-co2-emissionen\\\/\"]}]},{\"@type\":\"ImageObject\",\"inLanguage\":\"de\",\"@id\":\"https:\\\/\\\/www.organisator.ch\\\/sustainability\\\/2017-08-07\\\/eiweissmangel-wegen-co2-emissionen\\\/#primaryimage\",\"url\":\"https:\\\/\\\/www.organisator.ch\\\/wp-content\\\/uploads\\\/2017\\\/08\\\/Depositphotos_32727549_l-2015.jpg\",\"contentUrl\":\"https:\\\/\\\/www.organisator.ch\\\/wp-content\\\/uploads\\\/2017\\\/08\\\/Depositphotos_32727549_l-2015.jpg\",\"width\":2000,\"height\":1333},{\"@type\":\"BreadcrumbList\",\"@id\":\"https:\\\/\\\/www.organisator.ch\\\/sustainability\\\/2017-08-07\\\/eiweissmangel-wegen-co2-emissionen\\\/#breadcrumb\",\"itemListElement\":[{\"@type\":\"ListItem\",\"position\":1,\"name\":\"Home\",\"item\":\"https:\\\/\\\/www.organisator.ch\\\/\"},{\"@type\":\"ListItem\",\"position\":2,\"name\":\"Eiweissmangel wegen CO2-Emissionen\"}]},{\"@type\":\"WebSite\",\"@id\":\"https:\\\/\\\/www.organisator.ch\\\/#website\",\"url\":\"https:\\\/\\\/www.organisator.ch\\\/\",\"name\":\"Organisator\",\"description\":\"Kompetent. Praxisnah. Der ORGANISATOR bereitet in 10 Ausgaben pro Jahr die wesentlichen Themen f\u00fcr F\u00fchrungskr\u00e4fte von KMU auf.\",\"publisher\":{\"@id\":\"https:\\\/\\\/www.organisator.ch\\\/#organization\"},\"potentialAction\":[{\"@type\":\"SearchAction\",\"target\":{\"@type\":\"EntryPoint\",\"urlTemplate\":\"https:\\\/\\\/www.organisator.ch\\\/?s={search_term_string}\"},\"query-input\":{\"@type\":\"PropertyValueSpecification\",\"valueRequired\":true,\"valueName\":\"search_term_string\"}}],\"inLanguage\":\"de\"},{\"@type\":\"Organization\",\"@id\":\"https:\\\/\\\/www.organisator.ch\\\/#organization\",\"name\":\"Organisator\",\"url\":\"https:\\\/\\\/www.organisator.ch\\\/\",\"logo\":{\"@type\":\"ImageObject\",\"inLanguage\":\"de\",\"@id\":\"https:\\\/\\\/www.organisator.ch\\\/#\\\/schema\\\/logo\\\/image\\\/\",\"url\":\"https:\\\/\\\/www.organisator.ch\\\/wp-content\\\/uploads\\\/2022\\\/01\\\/Logo_Organisator_Website.png\",\"contentUrl\":\"https:\\\/\\\/www.organisator.ch\\\/wp-content\\\/uploads\\\/2022\\\/01\\\/Logo_Organisator_Website.png\",\"width\":800,\"height\":77,\"caption\":\"Organisator\"},\"image\":{\"@id\":\"https:\\\/\\\/www.organisator.ch\\\/#\\\/schema\\\/logo\\\/image\\\/\"},\"sameAs\":[\"https:\\\/\\\/www.facebook.com\\\/OrganisatorFachmagazin\",\"https:\\\/\\\/www.linkedin.com\\\/showcase\\\/organisator-das-magazin-fr-kmu\",\"https:\\\/\\\/www.xing.com\\\/news\\\/pages\\\/organisator-ch-695\",\"https:\\\/\\\/www.youtube.com\\\/channel\\\/UCGP2Sq0iWaZwT3BdIAQFYpw\"]},{\"@type\":\"Person\",\"@id\":\"https:\\\/\\\/www.organisator.ch\\\/#\\\/schema\\\/person\\\/aa2bace6c5c5aad60102004a50c4eb1c\",\"name\":\"admin\",\"image\":{\"@type\":\"ImageObject\",\"inLanguage\":\"de\",\"@id\":\"https:\\\/\\\/secure.gravatar.com\\\/avatar\\\/ae2f4d718e6c49043e314ce431e7e645d646302a24a5ef5a8bc8e3f5a032e319?s=96&d=mm&r=g\",\"url\":\"https:\\\/\\\/secure.gravatar.com\\\/avatar\\\/ae2f4d718e6c49043e314ce431e7e645d646302a24a5ef5a8bc8e3f5a032e319?s=96&d=mm&r=g\",\"contentUrl\":\"https:\\\/\\\/secure.gravatar.com\\\/avatar\\\/ae2f4d718e6c49043e314ce431e7e645d646302a24a5ef5a8bc8e3f5a032e319?s=96&d=mm&r=g\",\"caption\":\"admin\"},\"sameAs\":[\"https:\\\/\\\/www.organisator.ch\"],\"url\":\"https:\\\/\\\/www.organisator.ch\\\/de\\\/author\\\/admin\\\/\"}]}<\/script>\n<!-- \/ Yoast SEO plugin. -->","yoast_head_json":{"title":"Eiweissmangel wegen CO2-Emissionen - Organisator","description":"Erh\u00f6hen sich die CO2-Werte in der Atmosph\u00e4re weiter, droht Millionen von Menschen ein Eiweissmangel. Das zeigen neue Studien.","robots":{"index":"index","follow":"follow","max-snippet":"max-snippet:-1","max-image-preview":"max-image-preview:large","max-video-preview":"max-video-preview:-1"},"canonical":"https:\/\/www.organisator.ch\/de\/sustainability\/2017-08-07\/eiweissmangel-wegen-co2-emissionen\/","og_locale":"de_DE","og_type":"article","og_title":"Eiweissmangel wegen CO2-Emissionen - Organisator","og_description":"Erh\u00f6hen sich die CO2-Werte in der Atmosph\u00e4re weiter, droht Millionen von Menschen ein Eiweissmangel. Das zeigen neue Studien.","og_url":"https:\/\/www.organisator.ch\/de\/sustainability\/2017-08-07\/eiweissmangel-wegen-co2-emissionen\/","og_site_name":"Organisator","article_publisher":"https:\/\/www.facebook.com\/OrganisatorFachmagazin","article_published_time":"2017-08-07T09:50:19+00:00","article_modified_time":"2022-02-09T10:06:56+00:00","og_image":[{"width":1024,"height":682,"url":"https:\/\/www.organisator.ch\/wp-content\/uploads\/2017\/08\/Depositphotos_32727549_l-2015-1024x682.jpg","type":"image\/jpeg"}],"author":"admin","twitter_card":"summary_large_image","schema":{"@context":"https:\/\/schema.org","@graph":[{"@type":"Article","@id":"https:\/\/www.organisator.ch\/sustainability\/2017-08-07\/eiweissmangel-wegen-co2-emissionen\/#article","isPartOf":{"@id":"https:\/\/www.organisator.ch\/sustainability\/2017-08-07\/eiweissmangel-wegen-co2-emissionen\/"},"author":{"name":"admin","@id":"https:\/\/www.organisator.ch\/#\/schema\/person\/aa2bace6c5c5aad60102004a50c4eb1c"},"headline":"Eiweissmangel wegen CO2-Emissionen","datePublished":"2017-08-07T09:50:19+00:00","dateModified":"2022-02-09T10:06:56+00:00","mainEntityOfPage":{"@id":"https:\/\/www.organisator.ch\/sustainability\/2017-08-07\/eiweissmangel-wegen-co2-emissionen\/"},"wordCount":403,"commentCount":0,"publisher":{"@id":"https:\/\/www.organisator.ch\/#organization"},"image":{"@id":"https:\/\/www.organisator.ch\/sustainability\/2017-08-07\/eiweissmangel-wegen-co2-emissionen\/#primaryimage"},"thumbnailUrl":"https:\/\/www.organisator.ch\/wp-content\/uploads\/2017\/08\/Depositphotos_32727549_l-2015.jpg","keywords":["Eiweissmangel","Gesundheit","KLIMA"],"articleSection":["SUSTAINABILITY"],"inLanguage":"de"},{"@type":"WebPage","@id":"https:\/\/www.organisator.ch\/sustainability\/2017-08-07\/eiweissmangel-wegen-co2-emissionen\/","url":"https:\/\/www.organisator.ch\/sustainability\/2017-08-07\/eiweissmangel-wegen-co2-emissionen\/","name":"Eiweissmangel wegen CO2-Emissionen - Organisator","isPartOf":{"@id":"https:\/\/www.organisator.ch\/#website"},"primaryImageOfPage":{"@id":"https:\/\/www.organisator.ch\/sustainability\/2017-08-07\/eiweissmangel-wegen-co2-emissionen\/#primaryimage"},"image":{"@id":"https:\/\/www.organisator.ch\/sustainability\/2017-08-07\/eiweissmangel-wegen-co2-emissionen\/#primaryimage"},"thumbnailUrl":"https:\/\/www.organisator.ch\/wp-content\/uploads\/2017\/08\/Depositphotos_32727549_l-2015.jpg","datePublished":"2017-08-07T09:50:19+00:00","dateModified":"2022-02-09T10:06:56+00:00","description":"Erh\u00f6hen sich die CO2-Werte in der Atmosph\u00e4re weiter, droht Millionen von Menschen ein Eiweissmangel. Das zeigen neue Studien.","breadcrumb":{"@id":"https:\/\/www.organisator.ch\/sustainability\/2017-08-07\/eiweissmangel-wegen-co2-emissionen\/#breadcrumb"},"inLanguage":"de","potentialAction":[{"@type":"ReadAction","target":["https:\/\/www.organisator.ch\/sustainability\/2017-08-07\/eiweissmangel-wegen-co2-emissionen\/"]}]},{"@type":"ImageObject","inLanguage":"de","@id":"https:\/\/www.organisator.ch\/sustainability\/2017-08-07\/eiweissmangel-wegen-co2-emissionen\/#primaryimage","url":"https:\/\/www.organisator.ch\/wp-content\/uploads\/2017\/08\/Depositphotos_32727549_l-2015.jpg","contentUrl":"https:\/\/www.organisator.ch\/wp-content\/uploads\/2017\/08\/Depositphotos_32727549_l-2015.jpg","width":2000,"height":1333},{"@type":"BreadcrumbList","@id":"https:\/\/www.organisator.ch\/sustainability\/2017-08-07\/eiweissmangel-wegen-co2-emissionen\/#breadcrumb","itemListElement":[{"@type":"ListItem","position":1,"name":"Home","item":"https:\/\/www.organisator.ch\/"},{"@type":"ListItem","position":2,"name":"Eiweissmangel wegen CO2-Emissionen"}]},{"@type":"WebSite","@id":"https:\/\/www.organisator.ch\/#website","url":"https:\/\/www.organisator.ch\/","name":"Organisator","description":"Kompetent. Praxisnah. Der ORGANISATOR bereitet in 10 Ausgaben pro Jahr die wesentlichen Themen f\u00fcr F\u00fchrungskr\u00e4fte von KMU auf.","publisher":{"@id":"https:\/\/www.organisator.ch\/#organization"},"potentialAction":[{"@type":"SearchAction","target":{"@type":"EntryPoint","urlTemplate":"https:\/\/www.organisator.ch\/?s={search_term_string}"},"query-input":{"@type":"PropertyValueSpecification","valueRequired":true,"valueName":"search_term_string"}}],"inLanguage":"de"},{"@type":"Organization","@id":"https:\/\/www.organisator.ch\/#organization","name":"Organisator","url":"https:\/\/www.organisator.ch\/","logo":{"@type":"ImageObject","inLanguage":"de","@id":"https:\/\/www.organisator.ch\/#\/schema\/logo\/image\/","url":"https:\/\/www.organisator.ch\/wp-content\/uploads\/2022\/01\/Logo_Organisator_Website.png","contentUrl":"https:\/\/www.organisator.ch\/wp-content\/uploads\/2022\/01\/Logo_Organisator_Website.png","width":800,"height":77,"caption":"Organisator"},"image":{"@id":"https:\/\/www.organisator.ch\/#\/schema\/logo\/image\/"},"sameAs":["https:\/\/www.facebook.com\/OrganisatorFachmagazin","https:\/\/www.linkedin.com\/showcase\/organisator-das-magazin-fr-kmu","https:\/\/www.xing.com\/news\/pages\/organisator-ch-695","https:\/\/www.youtube.com\/channel\/UCGP2Sq0iWaZwT3BdIAQFYpw"]},{"@type":"Person","@id":"https:\/\/www.organisator.ch\/#\/schema\/person\/aa2bace6c5c5aad60102004a50c4eb1c","name":"admin","image":{"@type":"ImageObject","inLanguage":"de","@id":"https:\/\/secure.gravatar.com\/avatar\/ae2f4d718e6c49043e314ce431e7e645d646302a24a5ef5a8bc8e3f5a032e319?s=96&d=mm&r=g","url":"https:\/\/secure.gravatar.com\/avatar\/ae2f4d718e6c49043e314ce431e7e645d646302a24a5ef5a8bc8e3f5a032e319?s=96&d=mm&r=g","contentUrl":"https:\/\/secure.gravatar.com\/avatar\/ae2f4d718e6c49043e314ce431e7e645d646302a24a5ef5a8bc8e3f5a032e319?s=96&d=mm&r=g","caption":"admin"},"sameAs":["https:\/\/www.organisator.ch"],"url":"https:\/\/www.organisator.ch\/de\/author\/admin\/"}]}},"_links":{"self":[{"href":"https:\/\/www.organisator.ch\/de\/wp-json\/wp\/v2\/posts\/1057","targetHints":{"allow":["GET"]}}],"collection":[{"href":"https:\/\/www.organisator.ch\/de\/wp-json\/wp\/v2\/posts"}],"about":[{"href":"https:\/\/www.organisator.ch\/de\/wp-json\/wp\/v2\/types\/post"}],"author":[{"embeddable":true,"href":"https:\/\/www.organisator.ch\/de\/wp-json\/wp\/v2\/users\/1"}],"replies":[{"embeddable":true,"href":"https:\/\/www.organisator.ch\/de\/wp-json\/wp\/v2\/comments?post=1057"}],"version-history":[{"count":1,"href":"https:\/\/www.organisator.ch\/de\/wp-json\/wp\/v2\/posts\/1057\/revisions"}],"predecessor-version":[{"id":10731,"href":"https:\/\/www.organisator.ch\/de\/wp-json\/wp\/v2\/posts\/1057\/revisions\/10731"}],"wp:featuredmedia":[{"embeddable":true,"href":"https:\/\/www.organisator.ch\/de\/wp-json\/wp\/v2\/media\/1059"}],"wp:attachment":[{"href":"https:\/\/www.organisator.ch\/de\/wp-json\/wp\/v2\/media?parent=1057"}],"wp:term":[{"taxonomy":"category","embeddable":true,"href":"https:\/\/www.organisator.ch\/de\/wp-json\/wp\/v2\/categories?post=1057"},{"taxonomy":"post_tag","embeddable":true,"href":"https:\/\/www.organisator.ch\/de\/wp-json\/wp\/v2\/tags?post=1057"}],"curies":[{"name":"wp","href":"https:\/\/api.w.org\/{rel}","templated":true}]}}