{"id":1082,"date":"2017-08-14T14:30:22","date_gmt":"2017-08-14T12:30:22","guid":{"rendered":"https:\/\/www.umweltperspektiven.ch\/?p=1082"},"modified":"2022-02-09T11:10:55","modified_gmt":"2022-02-09T10:10:55","slug":"restwasser-ein-viertel-der-wasserfassungen-nicht-saniert","status":"publish","type":"post","link":"https:\/\/www.organisator.ch\/de\/sustainability\/2017-08-14\/restwasser-ein-viertel-der-wasserfassungen-nicht-saniert\/","title":{"rendered":"Restwasser: Ein Viertel der Wasserfassungen nicht saniert"},"content":{"rendered":"<figure id=\"attachment_1083\" aria-describedby=\"caption-attachment-1083\" style=\"width: 640px\" class=\"wp-caption alignnone\"><img loading=\"lazy\" decoding=\"async\" class=\"size-full wp-image-1083\" src=\"\/\/www.umweltperspektiven.ch\/wp-content\/uploads\/2017\/08\/Restwasser-Ein-Viertel-der-Wasserfassungen-nicht-saniert-UP-Umweltperspektiven.jpg\" alt=\"\" width=\"640\" height=\"427\" \/><figcaption id=\"caption-attachment-1083\" class=\"wp-caption-text\">Die BAFU Untersuchgung \u00fcber Restwasser unterstreicht: Lediglich sieben Kantone haben die Vorgaben vollst\u00e4ndig umgesetzt. (Bild: EAWAG\/Armin Peter)<\/figcaption><\/figure>\n<p>Ausreichendes Restwasser unterhalb von Wasserkraftwerken ist n\u00f6tig, um die vielf\u00e4ltigen, nat\u00fcrlichen Funktionen der Gew\u00e4sser zu gew\u00e4hrleisten: Sei es als Lebensraum f\u00fcr Tiere und Pflanzen, als Landschaftselement oder zur Speisung von Grundwasser. Vier Jahre nach Ablauf der gesetzlichen Frist sind erst drei Viertel der Fassungen von Wasserkraftwerken saniert.<\/p>\n<p>Es stehen immer noch 250 von rund 1000 notwendigen Sanierungen aus. Dies geht aus einer weiteren Umfrage des Bundesamts f\u00fcr Umwelt (BAFU) bei den Kantonen hervor, die f\u00fcr die Umsetzung des Gew\u00e4sserschutzgesetzes zust\u00e4ndig sind.<\/p>\n<p><strong>BAFU-Umfrage \u00fcber &#8222;Restwassersanierungen&#8220; <\/strong><\/p>\n<p>Die BAFU-Umfrage, die Ende Mai 2017, ver\u00f6ffentlicht wurde, zeichnet folgendes Bild: Als einzige Kantone haben Basel-Landschaft und Genf die Sanierungen innerhalb der gesetzlichen Frist bis Ende 2012 abgeschlossen. Solothurn und Uri taten dies bis Ende 2014. In Appenzell-Innerrhoden, Basel-Stadt und Schaffhausen gibt es keine sanierungspflichtigen Wasserentnahmen.<\/p>\n<p>Alle \u00fcbrigen Kantone haben mit den Sanierungen begonnen, sie sind unterschiedlich weit fortgeschritten. Bereits \u00fcber 90 % der Restwasserstrecken saniert haben Glarus, Obwalden, St.Gallen, Tessin und Waadt. Der Kanton Schwyz hatte bereits Ende 2014 \u00fcber 90 % saniert, an der Umfrage 2016 hat er nicht teilgenommen.<\/p>\n<p>Aargau, Zug, Bern, Graub\u00fcnden, Nidwalden, Thurgau und Z\u00fcrich haben zwischen 60 und 90 Prozent der Sanierungen durchgef\u00fchrt. Freiburg, Luzern und Neuenburg, Appenzell-Ausserrhoden, Jura und Wallis haben weniger als 60 Prozent der Restwasserstrecken saniert. Appenzell-Ausserrhoden, Jura und Wallis haben aber seit der letzten Umfrage Ende 2014 deutliche Fortschritte erzielt. Von den insgesamt 250 noch ausstehenden Sanierungen entf\u00e4llt ein gutes Drittel auf den Kanton Wallis und ein Viertel auf den Kanton Graub\u00fcnden.<\/p>\n<p>Die neue Umfrage zeigt auch, dass viele Kantone bei der letzten Erhebung Ende 2014 den voraussichtlichen Abschluss ihrer Restwassersanierungen zu optimistisch beurteilt hatten. Sollten damals noch 95 % der Sanierungen bis 2017 abgeschlossen werden, so rechnen die Kantone nun noch mit knapp 90 % bis Ende dieses Jahr. Zu einem Viertel der noch ausstehenden Sanierungen konnten sie gar keine Frist angeben. (Quelle: BAFU)<\/p>\n<p><em>Der Bund strebt an, dass die Restwassersanierung schweizweit m\u00f6glichst bis Ende 2018 abgeschlossen wird. Den vollst\u00e4ndigen Bericht finden Sie als PDF in diesem <a href=\"\/\/www.newsd.admin.ch\/newsd\/message\/attachments\/48442.pdf\">Link <\/a><\/em><\/p>\n<p>&nbsp;<\/p>\n<p><img loading=\"lazy\" decoding=\"async\" class=\"alignnone size-full wp-image-1086\" src=\"\/\/www.umweltperspektiven.ch\/wp-content\/uploads\/2017\/08\/Restwasser-Ein-Viertel-der-Wasserfassungen-nicht-saniert_UP-Umweltperspektiven.png\" alt=\"\" width=\"640\" height=\"410\" srcset=\"https:\/\/www.organisator.ch\/wp-content\/uploads\/2017\/08\/Restwasser-Ein-Viertel-der-Wasserfassungen-nicht-saniert_UP-Umweltperspektiven.png 640w, https:\/\/www.organisator.ch\/wp-content\/uploads\/2017\/08\/Restwasser-Ein-Viertel-der-Wasserfassungen-nicht-saniert_UP-Umweltperspektiven-18x12.png 18w, https:\/\/www.organisator.ch\/wp-content\/uploads\/2017\/08\/Restwasser-Ein-Viertel-der-Wasserfassungen-nicht-saniert_UP-Umweltperspektiven-273x175.png 273w, https:\/\/www.organisator.ch\/wp-content\/uploads\/2017\/08\/Restwasser-Ein-Viertel-der-Wasserfassungen-nicht-saniert_UP-Umweltperspektiven-546x350.png 546w, https:\/\/www.organisator.ch\/wp-content\/uploads\/2017\/08\/Restwasser-Ein-Viertel-der-Wasserfassungen-nicht-saniert_UP-Umweltperspektiven-300x192.png 300w\" sizes=\"auto, (max-width: 640px) 100vw, 640px\" \/><\/p>\n","protected":false},"excerpt":{"rendered":"<p>Ausreichendes Restwasser unterhalb von Wasserkraftwerken ist n\u00f6tig, um die vielf\u00e4ltigen, nat\u00fcrlichen Funktionen der Gew\u00e4sser zu gew\u00e4hrleisten: Sei es als Lebensraum f\u00fcr Tiere und Pflanzen, als Landschaftselement oder zur Speisung von Grundwasser. Vier Jahre nach Ablauf der gesetzlichen Frist sind erst drei Viertel der Fassungen von Wasserkraftwerken saniert. Es stehen immer noch 250 von rund 1000 [&hellip;]<\/p>\n","protected":false},"author":5,"featured_media":9505,"comment_status":"open","ping_status":"open","sticky":false,"template":"","format":"standard","meta":{"_acf_changed":false,"_yoast_wpseo_focuskw":"Restwasser","_yoast_wpseo_metadesc":"Bis Ende 2012 h\u00e4tten alle Restwasserstrecken, die vor 1992 bewilligt wurden, saniert m\u00fcssen - unterstreicht das BAFU Untersuchungen \u00fcber Gew\u00e4sserschutz.","articlekey":"","footnotes":""},"categories":[580],"tags":[1289,2012,2047],"class_list":["post-1082","post","type-post","status-publish","format-standard","has-post-thumbnail","hentry","category-sustainability","tag-gewaesserschutz","tag-restwasser","tag-sanierung"],"acf":[],"yoast_head":"<!-- This site is optimized with the Yoast SEO plugin v27.4 - https:\/\/yoast.com\/product\/yoast-seo-wordpress\/ -->\n<title>Restwasser: Ein Viertel der Wasserfassungen nicht saniert - Organisator<\/title>\n<meta name=\"description\" content=\"Bis Ende 2012 h\u00e4tten alle Restwasserstrecken, die vor 1992 bewilligt wurden, saniert m\u00fcssen - unterstreicht das BAFU Untersuchungen \u00fcber Gew\u00e4sserschutz.\" \/>\n<meta name=\"robots\" content=\"index, follow, max-snippet:-1, max-image-preview:large, max-video-preview:-1\" \/>\n<link rel=\"canonical\" href=\"https:\/\/www.organisator.ch\/de\/sustainability\/2017-08-14\/restwasser-ein-viertel-der-wasserfassungen-nicht-saniert\/\" \/>\n<meta property=\"og:locale\" content=\"de_DE\" \/>\n<meta property=\"og:type\" content=\"article\" \/>\n<meta property=\"og:title\" content=\"Restwasser: Ein Viertel der Wasserfassungen nicht saniert - Organisator\" \/>\n<meta property=\"og:description\" content=\"Bis Ende 2012 h\u00e4tten alle Restwasserstrecken, die vor 1992 bewilligt wurden, saniert m\u00fcssen - unterstreicht das BAFU Untersuchungen \u00fcber Gew\u00e4sserschutz.\" \/>\n<meta property=\"og:url\" content=\"https:\/\/www.organisator.ch\/de\/sustainability\/2017-08-14\/restwasser-ein-viertel-der-wasserfassungen-nicht-saniert\/\" \/>\n<meta property=\"og:site_name\" content=\"Organisator\" \/>\n<meta property=\"article:publisher\" content=\"https:\/\/www.facebook.com\/OrganisatorFachmagazin\" \/>\n<meta property=\"article:published_time\" content=\"2017-08-14T12:30:22+00:00\" \/>\n<meta property=\"article:modified_time\" content=\"2022-02-09T10:10:55+00:00\" \/>\n<meta property=\"og:image\" content=\"https:\/\/www.organisator.ch\/wp-content\/uploads\/2017\/08\/Restwasser-Ein-Viertel-der-Wasserfassungen-nicht-saniert-UP-Umweltperspektiven.jpg\" \/>\n\t<meta property=\"og:image:width\" content=\"640\" \/>\n\t<meta property=\"og:image:height\" content=\"427\" \/>\n\t<meta property=\"og:image:type\" content=\"image\/jpeg\" \/>\n<meta name=\"author\" content=\"michael.merz\" \/>\n<meta name=\"twitter:card\" content=\"summary_large_image\" \/>\n<script type=\"application\/ld+json\" class=\"yoast-schema-graph\">{\"@context\":\"https:\\\/\\\/schema.org\",\"@graph\":[{\"@type\":\"Article\",\"@id\":\"https:\\\/\\\/www.organisator.ch\\\/sustainability\\\/2017-08-14\\\/restwasser-ein-viertel-der-wasserfassungen-nicht-saniert\\\/#article\",\"isPartOf\":{\"@id\":\"https:\\\/\\\/www.organisator.ch\\\/sustainability\\\/2017-08-14\\\/restwasser-ein-viertel-der-wasserfassungen-nicht-saniert\\\/\"},\"author\":{\"name\":\"michael.merz\",\"@id\":\"https:\\\/\\\/www.organisator.ch\\\/#\\\/schema\\\/person\\\/134708ca9321c57b0362cceb7948ffbd\"},\"headline\":\"Restwasser: Ein Viertel der Wasserfassungen nicht saniert\",\"datePublished\":\"2017-08-14T12:30:22+00:00\",\"dateModified\":\"2022-02-09T10:10:55+00:00\",\"mainEntityOfPage\":{\"@id\":\"https:\\\/\\\/www.organisator.ch\\\/sustainability\\\/2017-08-14\\\/restwasser-ein-viertel-der-wasserfassungen-nicht-saniert\\\/\"},\"wordCount\":363,\"commentCount\":0,\"publisher\":{\"@id\":\"https:\\\/\\\/www.organisator.ch\\\/#organization\"},\"image\":{\"@id\":\"https:\\\/\\\/www.organisator.ch\\\/sustainability\\\/2017-08-14\\\/restwasser-ein-viertel-der-wasserfassungen-nicht-saniert\\\/#primaryimage\"},\"thumbnailUrl\":\"https:\\\/\\\/www.organisator.ch\\\/wp-content\\\/uploads\\\/2017\\\/08\\\/Restwasser-Ein-Viertel-der-Wasserfassungen-nicht-saniert-UP-Umweltperspektiven.jpg\",\"keywords\":[\"Gew\u00e4sserschutz\",\"Restwasser\",\"Sanierung\"],\"articleSection\":[\"SUSTAINABILITY\"],\"inLanguage\":\"de\"},{\"@type\":\"WebPage\",\"@id\":\"https:\\\/\\\/www.organisator.ch\\\/sustainability\\\/2017-08-14\\\/restwasser-ein-viertel-der-wasserfassungen-nicht-saniert\\\/\",\"url\":\"https:\\\/\\\/www.organisator.ch\\\/sustainability\\\/2017-08-14\\\/restwasser-ein-viertel-der-wasserfassungen-nicht-saniert\\\/\",\"name\":\"Restwasser: Ein Viertel der Wasserfassungen nicht saniert - Organisator\",\"isPartOf\":{\"@id\":\"https:\\\/\\\/www.organisator.ch\\\/#website\"},\"primaryImageOfPage\":{\"@id\":\"https:\\\/\\\/www.organisator.ch\\\/sustainability\\\/2017-08-14\\\/restwasser-ein-viertel-der-wasserfassungen-nicht-saniert\\\/#primaryimage\"},\"image\":{\"@id\":\"https:\\\/\\\/www.organisator.ch\\\/sustainability\\\/2017-08-14\\\/restwasser-ein-viertel-der-wasserfassungen-nicht-saniert\\\/#primaryimage\"},\"thumbnailUrl\":\"https:\\\/\\\/www.organisator.ch\\\/wp-content\\\/uploads\\\/2017\\\/08\\\/Restwasser-Ein-Viertel-der-Wasserfassungen-nicht-saniert-UP-Umweltperspektiven.jpg\",\"datePublished\":\"2017-08-14T12:30:22+00:00\",\"dateModified\":\"2022-02-09T10:10:55+00:00\",\"description\":\"Bis Ende 2012 h\u00e4tten alle Restwasserstrecken, die vor 1992 bewilligt wurden, saniert m\u00fcssen - unterstreicht das BAFU Untersuchungen \u00fcber Gew\u00e4sserschutz.\",\"breadcrumb\":{\"@id\":\"https:\\\/\\\/www.organisator.ch\\\/sustainability\\\/2017-08-14\\\/restwasser-ein-viertel-der-wasserfassungen-nicht-saniert\\\/#breadcrumb\"},\"inLanguage\":\"de\",\"potentialAction\":[{\"@type\":\"ReadAction\",\"target\":[\"https:\\\/\\\/www.organisator.ch\\\/sustainability\\\/2017-08-14\\\/restwasser-ein-viertel-der-wasserfassungen-nicht-saniert\\\/\"]}]},{\"@type\":\"ImageObject\",\"inLanguage\":\"de\",\"@id\":\"https:\\\/\\\/www.organisator.ch\\\/sustainability\\\/2017-08-14\\\/restwasser-ein-viertel-der-wasserfassungen-nicht-saniert\\\/#primaryimage\",\"url\":\"https:\\\/\\\/www.organisator.ch\\\/wp-content\\\/uploads\\\/2017\\\/08\\\/Restwasser-Ein-Viertel-der-Wasserfassungen-nicht-saniert-UP-Umweltperspektiven.jpg\",\"contentUrl\":\"https:\\\/\\\/www.organisator.ch\\\/wp-content\\\/uploads\\\/2017\\\/08\\\/Restwasser-Ein-Viertel-der-Wasserfassungen-nicht-saniert-UP-Umweltperspektiven.jpg\",\"width\":640,\"height\":427,\"caption\":\"Die BAFU Untersuchgung \u00fcber Restwasser unterstreicht: Lediglich sieben Kantone haben die Vorgaben vollst\u00e4ndig umgesetzt. (Bild: EAWAG\\\/Armin Peter)\"},{\"@type\":\"BreadcrumbList\",\"@id\":\"https:\\\/\\\/www.organisator.ch\\\/sustainability\\\/2017-08-14\\\/restwasser-ein-viertel-der-wasserfassungen-nicht-saniert\\\/#breadcrumb\",\"itemListElement\":[{\"@type\":\"ListItem\",\"position\":1,\"name\":\"Home\",\"item\":\"https:\\\/\\\/www.organisator.ch\\\/\"},{\"@type\":\"ListItem\",\"position\":2,\"name\":\"Restwasser: Ein Viertel der Wasserfassungen nicht saniert\"}]},{\"@type\":\"WebSite\",\"@id\":\"https:\\\/\\\/www.organisator.ch\\\/#website\",\"url\":\"https:\\\/\\\/www.organisator.ch\\\/\",\"name\":\"Organisator\",\"description\":\"Kompetent. Praxisnah. Der ORGANISATOR bereitet in 10 Ausgaben pro Jahr die wesentlichen Themen f\u00fcr F\u00fchrungskr\u00e4fte von KMU auf.\",\"publisher\":{\"@id\":\"https:\\\/\\\/www.organisator.ch\\\/#organization\"},\"potentialAction\":[{\"@type\":\"SearchAction\",\"target\":{\"@type\":\"EntryPoint\",\"urlTemplate\":\"https:\\\/\\\/www.organisator.ch\\\/?s={search_term_string}\"},\"query-input\":{\"@type\":\"PropertyValueSpecification\",\"valueRequired\":true,\"valueName\":\"search_term_string\"}}],\"inLanguage\":\"de\"},{\"@type\":\"Organization\",\"@id\":\"https:\\\/\\\/www.organisator.ch\\\/#organization\",\"name\":\"Organisator\",\"url\":\"https:\\\/\\\/www.organisator.ch\\\/\",\"logo\":{\"@type\":\"ImageObject\",\"inLanguage\":\"de\",\"@id\":\"https:\\\/\\\/www.organisator.ch\\\/#\\\/schema\\\/logo\\\/image\\\/\",\"url\":\"https:\\\/\\\/www.organisator.ch\\\/wp-content\\\/uploads\\\/2022\\\/01\\\/Logo_Organisator_Website.png\",\"contentUrl\":\"https:\\\/\\\/www.organisator.ch\\\/wp-content\\\/uploads\\\/2022\\\/01\\\/Logo_Organisator_Website.png\",\"width\":800,\"height\":77,\"caption\":\"Organisator\"},\"image\":{\"@id\":\"https:\\\/\\\/www.organisator.ch\\\/#\\\/schema\\\/logo\\\/image\\\/\"},\"sameAs\":[\"https:\\\/\\\/www.facebook.com\\\/OrganisatorFachmagazin\",\"https:\\\/\\\/www.linkedin.com\\\/showcase\\\/organisator-das-magazin-fr-kmu\",\"https:\\\/\\\/www.xing.com\\\/news\\\/pages\\\/organisator-ch-695\",\"https:\\\/\\\/www.youtube.com\\\/channel\\\/UCGP2Sq0iWaZwT3BdIAQFYpw\"]},{\"@type\":\"Person\",\"@id\":\"https:\\\/\\\/www.organisator.ch\\\/#\\\/schema\\\/person\\\/134708ca9321c57b0362cceb7948ffbd\",\"name\":\"michael.merz\",\"image\":{\"@type\":\"ImageObject\",\"inLanguage\":\"de\",\"@id\":\"https:\\\/\\\/secure.gravatar.com\\\/avatar\\\/?s=96&d=mm&r=g\",\"url\":\"https:\\\/\\\/secure.gravatar.com\\\/avatar\\\/?s=96&d=mm&r=g\",\"contentUrl\":\"https:\\\/\\\/secure.gravatar.com\\\/avatar\\\/?s=96&d=mm&r=g\",\"caption\":\"michael.merz\"},\"url\":\"https:\\\/\\\/www.organisator.ch\\\/de\\\/author\\\/michael-merz\\\/\"}]}<\/script>\n<!-- \/ Yoast SEO plugin. -->","yoast_head_json":{"title":"Restwasser: Ein Viertel der Wasserfassungen nicht saniert - Organisator","description":"Bis Ende 2012 h\u00e4tten alle Restwasserstrecken, die vor 1992 bewilligt wurden, saniert m\u00fcssen - unterstreicht das BAFU Untersuchungen \u00fcber Gew\u00e4sserschutz.","robots":{"index":"index","follow":"follow","max-snippet":"max-snippet:-1","max-image-preview":"max-image-preview:large","max-video-preview":"max-video-preview:-1"},"canonical":"https:\/\/www.organisator.ch\/de\/sustainability\/2017-08-14\/restwasser-ein-viertel-der-wasserfassungen-nicht-saniert\/","og_locale":"de_DE","og_type":"article","og_title":"Restwasser: Ein Viertel der Wasserfassungen nicht saniert - Organisator","og_description":"Bis Ende 2012 h\u00e4tten alle Restwasserstrecken, die vor 1992 bewilligt wurden, saniert m\u00fcssen - unterstreicht das BAFU Untersuchungen \u00fcber Gew\u00e4sserschutz.","og_url":"https:\/\/www.organisator.ch\/de\/sustainability\/2017-08-14\/restwasser-ein-viertel-der-wasserfassungen-nicht-saniert\/","og_site_name":"Organisator","article_publisher":"https:\/\/www.facebook.com\/OrganisatorFachmagazin","article_published_time":"2017-08-14T12:30:22+00:00","article_modified_time":"2022-02-09T10:10:55+00:00","og_image":[{"width":640,"height":427,"url":"https:\/\/www.organisator.ch\/wp-content\/uploads\/2017\/08\/Restwasser-Ein-Viertel-der-Wasserfassungen-nicht-saniert-UP-Umweltperspektiven.jpg","type":"image\/jpeg"}],"author":"michael.merz","twitter_card":"summary_large_image","schema":{"@context":"https:\/\/schema.org","@graph":[{"@type":"Article","@id":"https:\/\/www.organisator.ch\/sustainability\/2017-08-14\/restwasser-ein-viertel-der-wasserfassungen-nicht-saniert\/#article","isPartOf":{"@id":"https:\/\/www.organisator.ch\/sustainability\/2017-08-14\/restwasser-ein-viertel-der-wasserfassungen-nicht-saniert\/"},"author":{"name":"michael.merz","@id":"https:\/\/www.organisator.ch\/#\/schema\/person\/134708ca9321c57b0362cceb7948ffbd"},"headline":"Restwasser: Ein Viertel der Wasserfassungen nicht saniert","datePublished":"2017-08-14T12:30:22+00:00","dateModified":"2022-02-09T10:10:55+00:00","mainEntityOfPage":{"@id":"https:\/\/www.organisator.ch\/sustainability\/2017-08-14\/restwasser-ein-viertel-der-wasserfassungen-nicht-saniert\/"},"wordCount":363,"commentCount":0,"publisher":{"@id":"https:\/\/www.organisator.ch\/#organization"},"image":{"@id":"https:\/\/www.organisator.ch\/sustainability\/2017-08-14\/restwasser-ein-viertel-der-wasserfassungen-nicht-saniert\/#primaryimage"},"thumbnailUrl":"https:\/\/www.organisator.ch\/wp-content\/uploads\/2017\/08\/Restwasser-Ein-Viertel-der-Wasserfassungen-nicht-saniert-UP-Umweltperspektiven.jpg","keywords":["Gew\u00e4sserschutz","Restwasser","Sanierung"],"articleSection":["SUSTAINABILITY"],"inLanguage":"de"},{"@type":"WebPage","@id":"https:\/\/www.organisator.ch\/sustainability\/2017-08-14\/restwasser-ein-viertel-der-wasserfassungen-nicht-saniert\/","url":"https:\/\/www.organisator.ch\/sustainability\/2017-08-14\/restwasser-ein-viertel-der-wasserfassungen-nicht-saniert\/","name":"Restwasser: Ein Viertel der Wasserfassungen nicht saniert - Organisator","isPartOf":{"@id":"https:\/\/www.organisator.ch\/#website"},"primaryImageOfPage":{"@id":"https:\/\/www.organisator.ch\/sustainability\/2017-08-14\/restwasser-ein-viertel-der-wasserfassungen-nicht-saniert\/#primaryimage"},"image":{"@id":"https:\/\/www.organisator.ch\/sustainability\/2017-08-14\/restwasser-ein-viertel-der-wasserfassungen-nicht-saniert\/#primaryimage"},"thumbnailUrl":"https:\/\/www.organisator.ch\/wp-content\/uploads\/2017\/08\/Restwasser-Ein-Viertel-der-Wasserfassungen-nicht-saniert-UP-Umweltperspektiven.jpg","datePublished":"2017-08-14T12:30:22+00:00","dateModified":"2022-02-09T10:10:55+00:00","description":"Bis Ende 2012 h\u00e4tten alle Restwasserstrecken, die vor 1992 bewilligt wurden, saniert m\u00fcssen - unterstreicht das BAFU Untersuchungen \u00fcber Gew\u00e4sserschutz.","breadcrumb":{"@id":"https:\/\/www.organisator.ch\/sustainability\/2017-08-14\/restwasser-ein-viertel-der-wasserfassungen-nicht-saniert\/#breadcrumb"},"inLanguage":"de","potentialAction":[{"@type":"ReadAction","target":["https:\/\/www.organisator.ch\/sustainability\/2017-08-14\/restwasser-ein-viertel-der-wasserfassungen-nicht-saniert\/"]}]},{"@type":"ImageObject","inLanguage":"de","@id":"https:\/\/www.organisator.ch\/sustainability\/2017-08-14\/restwasser-ein-viertel-der-wasserfassungen-nicht-saniert\/#primaryimage","url":"https:\/\/www.organisator.ch\/wp-content\/uploads\/2017\/08\/Restwasser-Ein-Viertel-der-Wasserfassungen-nicht-saniert-UP-Umweltperspektiven.jpg","contentUrl":"https:\/\/www.organisator.ch\/wp-content\/uploads\/2017\/08\/Restwasser-Ein-Viertel-der-Wasserfassungen-nicht-saniert-UP-Umweltperspektiven.jpg","width":640,"height":427,"caption":"Die BAFU Untersuchgung \u00fcber Restwasser unterstreicht: Lediglich sieben Kantone haben die Vorgaben vollst\u00e4ndig umgesetzt. (Bild: EAWAG\/Armin Peter)"},{"@type":"BreadcrumbList","@id":"https:\/\/www.organisator.ch\/sustainability\/2017-08-14\/restwasser-ein-viertel-der-wasserfassungen-nicht-saniert\/#breadcrumb","itemListElement":[{"@type":"ListItem","position":1,"name":"Home","item":"https:\/\/www.organisator.ch\/"},{"@type":"ListItem","position":2,"name":"Restwasser: Ein Viertel der Wasserfassungen nicht saniert"}]},{"@type":"WebSite","@id":"https:\/\/www.organisator.ch\/#website","url":"https:\/\/www.organisator.ch\/","name":"Organisator","description":"Kompetent. Praxisnah. Der ORGANISATOR bereitet in 10 Ausgaben pro Jahr die wesentlichen Themen f\u00fcr F\u00fchrungskr\u00e4fte von KMU auf.","publisher":{"@id":"https:\/\/www.organisator.ch\/#organization"},"potentialAction":[{"@type":"SearchAction","target":{"@type":"EntryPoint","urlTemplate":"https:\/\/www.organisator.ch\/?s={search_term_string}"},"query-input":{"@type":"PropertyValueSpecification","valueRequired":true,"valueName":"search_term_string"}}],"inLanguage":"de"},{"@type":"Organization","@id":"https:\/\/www.organisator.ch\/#organization","name":"Organisator","url":"https:\/\/www.organisator.ch\/","logo":{"@type":"ImageObject","inLanguage":"de","@id":"https:\/\/www.organisator.ch\/#\/schema\/logo\/image\/","url":"https:\/\/www.organisator.ch\/wp-content\/uploads\/2022\/01\/Logo_Organisator_Website.png","contentUrl":"https:\/\/www.organisator.ch\/wp-content\/uploads\/2022\/01\/Logo_Organisator_Website.png","width":800,"height":77,"caption":"Organisator"},"image":{"@id":"https:\/\/www.organisator.ch\/#\/schema\/logo\/image\/"},"sameAs":["https:\/\/www.facebook.com\/OrganisatorFachmagazin","https:\/\/www.linkedin.com\/showcase\/organisator-das-magazin-fr-kmu","https:\/\/www.xing.com\/news\/pages\/organisator-ch-695","https:\/\/www.youtube.com\/channel\/UCGP2Sq0iWaZwT3BdIAQFYpw"]},{"@type":"Person","@id":"https:\/\/www.organisator.ch\/#\/schema\/person\/134708ca9321c57b0362cceb7948ffbd","name":"michael.merz","image":{"@type":"ImageObject","inLanguage":"de","@id":"https:\/\/secure.gravatar.com\/avatar\/?s=96&d=mm&r=g","url":"https:\/\/secure.gravatar.com\/avatar\/?s=96&d=mm&r=g","contentUrl":"https:\/\/secure.gravatar.com\/avatar\/?s=96&d=mm&r=g","caption":"michael.merz"},"url":"https:\/\/www.organisator.ch\/de\/author\/michael-merz\/"}]}},"_links":{"self":[{"href":"https:\/\/www.organisator.ch\/de\/wp-json\/wp\/v2\/posts\/1082","targetHints":{"allow":["GET"]}}],"collection":[{"href":"https:\/\/www.organisator.ch\/de\/wp-json\/wp\/v2\/posts"}],"about":[{"href":"https:\/\/www.organisator.ch\/de\/wp-json\/wp\/v2\/types\/post"}],"author":[{"embeddable":true,"href":"https:\/\/www.organisator.ch\/de\/wp-json\/wp\/v2\/users\/5"}],"replies":[{"embeddable":true,"href":"https:\/\/www.organisator.ch\/de\/wp-json\/wp\/v2\/comments?post=1082"}],"version-history":[{"count":1,"href":"https:\/\/www.organisator.ch\/de\/wp-json\/wp\/v2\/posts\/1082\/revisions"}],"predecessor-version":[{"id":11044,"href":"https:\/\/www.organisator.ch\/de\/wp-json\/wp\/v2\/posts\/1082\/revisions\/11044"}],"wp:featuredmedia":[{"embeddable":true,"href":"https:\/\/www.organisator.ch\/de\/wp-json\/wp\/v2\/media\/9505"}],"wp:attachment":[{"href":"https:\/\/www.organisator.ch\/de\/wp-json\/wp\/v2\/media?parent=1082"}],"wp:term":[{"taxonomy":"category","embeddable":true,"href":"https:\/\/www.organisator.ch\/de\/wp-json\/wp\/v2\/categories?post=1082"},{"taxonomy":"post_tag","embeddable":true,"href":"https:\/\/www.organisator.ch\/de\/wp-json\/wp\/v2\/tags?post=1082"}],"curies":[{"name":"wp","href":"https:\/\/api.w.org\/{rel}","templated":true}]}}