{"id":11119,"date":"2022-02-08T09:19:01","date_gmt":"2022-02-08T08:19:01","guid":{"rendered":"https:\/\/www.m-q.ch\/?p=15924"},"modified":"2022-08-02T14:06:27","modified_gmt":"2022-08-02T12:06:27","slug":"bosch-rexroth-arbeitet-an-der-fabrik-der-zukunft","status":"publish","type":"post","link":"https:\/\/www.organisator.ch\/de\/operational-excellence\/2022-02-08\/bosch-rexroth-arbeitet-an-der-fabrik-der-zukunft\/","title":{"rendered":"Bosch Rexroth arbeitet an der Fabrik der Zukunft"},"content":{"rendered":"<figure id=\"attachment_15925\" class=\"wp-caption alignnone\" style=\"width: 680px\" aria-describedby=\"caption-attachment-15925\"><img class=\"alignnone wp-image-15925 size-full\" src=\"https:\/\/www.m-q.ch\/wp-content\/uploads\/2022\/02\/Bosch-Rexroth-arbeitet-an-der-Fabrik-der-Zukunft_MQ.jpg\" alt=\"Bosch Rexroth\" width=\"680\" height=\"465\" \/><figcaption id=\"caption-attachment-15925\" class=\"wp-caption-text\">Modellfabrik von Bosch Rexroth in Ulm. (Bild: zVg \/ Bosch Rexroth)<\/figcaption><\/figure>\r\nBosch Rexroth, Spezialist f\u00fcr Antriebs- und Steuerungstechnologien, definiert die \u201eFactory of the Future\u201c: \u201eAus unserer Sicht ist die Fabrik der Zukunft hochgradig verwandlungsf\u00e4hig. Nur die W\u00e4nde, der Boden und die Decke haben ihren festen Platz \u2013 alles andere ist mobil. Die Montagelinien sind modular aufgebaut und die Maschinen k\u00f6nnen sich je nach Bedarf zu neuen Linien umformieren. Alles ist drahtlos miteinander verbunden und kommuniziert \u00fcber 5G. Die Versorgung erfolgt \u00fcber ein induktives Ladesystem \u00fcber den Boden\u201c, erkl\u00e4rt Thomas Fechner, Leitung Business Unit Automation &amp; Electrification Solutions bei Bosch Rexroth.\r\n<h3>Engagement von Bosch Rexroth in der Smart Electronic Factory<\/h3>\r\nEine derartige Vision lebt von konsequenter Forschungs- und Entwicklungsarbeit. Daher engagiert sich Bosch Rexroth auch in \u00fcbergreifenden Kompetenzzentren. So ist das Unternehmen Mitglied im <a href=\"http:\/\/www.smartelectronicfactory.de\/\">SEF Smart Electronic Factory e.V.<\/a> Dabei handelt es sich um eine Industrie 4.0-Initiative von Forschungseinrichtungen und namhaften Unternehmen, die gemeinschaftlich dem industriellen Mittelstand Deutschlands den Weg zur Digitalisierung ebnen m\u00f6chten. Der SEF Smart Electronic Factory e.V. ist ein im Jahr 2015 gegr\u00fcndeter Verein, der Industrie 4.0-f\u00e4hige L\u00f6sungen \u2013 mit Fokus auf die Anforderungen des Mittelstandes \u2013 entwickelt. In der Smart Electronic Factory, eine Elektronikfabrik in Limburg a. d. Lahn (Deutschland), werden Industrie 4.0-Szenarien und -Anwendungen unter realen Produktionsbedingungen entwickelt und erprobt.\r\n\r\nThomas Fechner erkl\u00e4rt: \u201eIm SEF Smart Electronic Factory e.V. flie\u00dfen die Kompetenzen von Unternehmen unterschiedlicher Spezialisierung zusammen und so k\u00f6nnen ganzheitliche L\u00f6sungen entstehen. Ein besonderes Augenmerk liegt darauf, dass Unternehmen mit den L\u00f6sungen schnelle Digitaliserungsvorteile erzielen k\u00f6nnen \u2013 mit dem Blick auf das gro\u00dfe Ganze.\u201c\r\n<h3>Industrie 4.0: keine Frage \u201eob\u201c, sondern \u201ewie\u201c<\/h3>\r\nBosch Rexroth sieht sich als Pionier, wenn es um L\u00f6sungen f\u00fcr die digitalisierte Fabrik geht. Ein Schwerpunkt ist die Fabrikautomation. Das Unternehmen hat beispielsweise die Automatisierungsplattform ctrlX AUTOMATION entwickelt und damit einen Paradigmenwechsel eingel\u00e4utet. Die Plattform \u00fcberwindet die klassischen Grenzen zwischen Maschinen\u00adsteuerung, IT-Welt und Internet der Dinge. Sie verf\u00fcgt \u00fcber durchg\u00e4ngig offene Standards, App-Programmier\u00adtechnologie, erm\u00f6glicht webbasiertes Engineering und eine umfassende IoT-Verbindung. \u00dcber das \u00d6kosystem stehen Apps von Bosch Rex\u00adroth und Partnern f\u00fcr jegliche Automatisierungsaufgaben bereit. Daneben bietet Bosch Rexroth zahlreiche weitere Produkte, L\u00f6sungen und Dienstleistungen f\u00fcr die digitale Transformation in der Fabrik und unterst\u00fctzt Hersteller so dabei, ihre Fertigung flexibler und zukunftsf\u00e4higer zu gestalten.\r\n\r\n\u201eDie Digitalisierung wird die Produktionswelt weiter signifikant ver\u00e4ndern. Bosch Rexroth und alle weiteren Mitglieder unseres Industrie 4.0-Vereins haben es sich zur Aufgabe gemacht, Unternehmen mit L\u00f6sungen zu unterst\u00fctzen, die kein zus\u00e4tzliches Digitalisierungs-Know-how erfordern, sondern Entlastung schaffen und H\u00fcrden abbauen. Es geht nicht mehr darum, ob Industrie 4.0 umgesetzt wird, sondern wie. Und dabei m\u00f6chten wir einen wertvollen Beitrag leisten\u201c, erkl\u00e4rt Maria Christina Bienek, Gesch\u00e4ftsf\u00fchrerin des SEF Smart Electronic Factory e.V.\r\n\r\nDer Beitrag <a href=\"https:\/\/www.m-q.ch\/de\/bosch-rexroth-arbeitet-an-der-fabrik-der-zukunft\/\" rel=\"nofollow\">Bosch Rexroth arbeitet an der Fabrik der Zukunft<\/a> erschien zuerst auf <a href=\"https:\/\/www.m-q.ch\/de\/\" rel=\"nofollow\">MQ Management und Qualit\u00e4t<\/a>.\n<p class=\"syndicated-attribution\">Dieser Beitrag erschien urspr\u00fcnglich auf m-q.ch - <a href=\"https:\/\/www.m-q.ch\/de\/bosch-rexroth-arbeitet-an-der-fabrik-der-zukunft\/\" target=\"_blank\">https:\/\/www.m-q.ch\/de\/bosch-rexroth-arbeitet-an-der-fabrik-der-zukunft\/<\/a><\/p>","protected":false},"excerpt":{"rendered":"<p>Bosch Rexroth, Spezialist f\u00fcr Antriebs- und Steuerungstechnologien, definiert die \u201eFactory of the Future\u201c: \u201eAus unserer Sicht ist die Fabrik der Zukunft hochgradig verwandlungsf\u00e4hig. Nur die W\u00e4nde, der Boden und die Decke haben ihren festen Platz \u2013 alles andere ist mobil. Die Montagelinien sind modular aufgebaut und die Maschinen k\u00f6nnen sich je nach Bedarf zu neuen [\u2026]<\/p>\n<p>Der Beitrag <a rel=\"nofollow\" href=\"https:\/\/www.m-q.ch\/de\/bosch-rexroth-arbeitet-an-der-fabrik-der-zukunft\/\">Bosch Rexroth arbeitet an der Fabrik der Zukunft<\/a> erschien zuerst auf <a rel=\"nofollow\" href=\"https:\/\/www.m-q.ch\/de\/\">MQ Management und Qualit\u00e4t<\/a>.<\/p>\n","protected":false},"author":8,"featured_media":0,"comment_status":"closed","ping_status":"closed","sticky":false,"template":"","format":"standard","meta":{"_acf_changed":false,"_yoast_wpseo_focuskw":"Bosch Rexroth","_yoast_wpseo_metadesc":"Die Fabrik der Zukunft ist hochvariabel und konnektiv. Im Zentrum stehen softwarebasierte, automatisierte und miteinander vernetzte L\u00f6sungen.","articlekey":"","footnotes":""},"categories":[582],"tags":[3269,2636],"class_list":["post-11119","post","type-post","status-publish","format-standard","hentry","category-operational-excellence","tag-bosch-rexroth","tag-industrieautomation"],"acf":[],"yoast_head":"<!-- This site is optimized with the Yoast SEO plugin v27.5 - https:\/\/yoast.com\/product\/yoast-seo-wordpress\/ -->\n<title>Bosch Rexroth arbeitet an der Fabrik der Zukunft - Organisator<\/title>\n<meta name=\"description\" content=\"Die Fabrik der Zukunft ist hochvariabel und konnektiv. Im Zentrum stehen softwarebasierte, automatisierte und miteinander vernetzte L\u00f6sungen.\" \/>\n<meta name=\"robots\" content=\"index, follow, max-snippet:-1, max-image-preview:large, max-video-preview:-1\" \/>\n<link rel=\"canonical\" href=\"https:\/\/www.m-q.ch\/de\/bosch-rexroth-arbeitet-an-der-fabrik-der-zukunft\/\" \/>\n<meta property=\"og:locale\" content=\"de_DE\" \/>\n<meta property=\"og:type\" content=\"article\" \/>\n<meta property=\"og:title\" content=\"Bosch Rexroth arbeitet an der Fabrik der Zukunft - Organisator\" \/>\n<meta property=\"og:description\" content=\"Die Fabrik der Zukunft ist hochvariabel und konnektiv. Im Zentrum stehen softwarebasierte, automatisierte und miteinander vernetzte L\u00f6sungen.\" \/>\n<meta property=\"og:url\" content=\"https:\/\/www.m-q.ch\/de\/bosch-rexroth-arbeitet-an-der-fabrik-der-zukunft\/\" \/>\n<meta property=\"og:site_name\" content=\"Organisator\" \/>\n<meta property=\"article:publisher\" content=\"https:\/\/www.facebook.com\/OrganisatorFachmagazin\" \/>\n<meta property=\"article:published_time\" content=\"2022-02-08T08:19:01+00:00\" \/>\n<meta property=\"article:modified_time\" content=\"2022-08-02T12:06:27+00:00\" \/>\n<meta property=\"og:image\" content=\"https:\/\/www.m-q.ch\/wp-content\/uploads\/2022\/02\/Bosch-Rexroth-arbeitet-an-der-Fabrik-der-Zukunft_MQ.jpg\" \/>\n<meta name=\"author\" content=\"galledia\" \/>\n<meta name=\"twitter:card\" content=\"summary_large_image\" \/>\n<meta name=\"twitter:creator\" content=\"@admin\" \/>\n<script type=\"application\/ld+json\" class=\"yoast-schema-graph\">{\"@context\":\"https:\\\/\\\/schema.org\",\"@graph\":[{\"@type\":\"Article\",\"@id\":\"https:\\\/\\\/www.m-q.ch\\\/de\\\/bosch-rexroth-arbeitet-an-der-fabrik-der-zukunft\\\/#article\",\"isPartOf\":{\"@id\":\"https:\\\/\\\/www.organisator.ch\\\/operational-excellence\\\/2022-02-08\\\/bosch-rexroth-arbeitet-an-der-fabrik-der-zukunft\\\/\"},\"author\":{\"name\":\"galledia\",\"@id\":\"https:\\\/\\\/www.organisator.ch\\\/#\\\/schema\\\/person\\\/4e51799071cd2dd1232ac003643ef5f0\"},\"headline\":\"Bosch Rexroth arbeitet an der Fabrik der Zukunft\",\"datePublished\":\"2022-02-08T08:19:01+00:00\",\"dateModified\":\"2022-08-02T12:06:27+00:00\",\"mainEntityOfPage\":{\"@id\":\"https:\\\/\\\/www.organisator.ch\\\/operational-excellence\\\/2022-02-08\\\/bosch-rexroth-arbeitet-an-der-fabrik-der-zukunft\\\/\"},\"wordCount\":501,\"publisher\":{\"@id\":\"https:\\\/\\\/www.organisator.ch\\\/#organization\"},\"image\":{\"@id\":\"https:\\\/\\\/www.m-q.ch\\\/de\\\/bosch-rexroth-arbeitet-an-der-fabrik-der-zukunft\\\/#primaryimage\"},\"thumbnailUrl\":\"https:\\\/\\\/www.m-q.ch\\\/wp-content\\\/uploads\\\/2022\\\/02\\\/Bosch-Rexroth-arbeitet-an-der-Fabrik-der-Zukunft_MQ.jpg\",\"keywords\":[\"Bosch Rexroth\",\"Industrieautomation\"],\"articleSection\":[\"OPERATIONAL EXCELLENCE\"],\"inLanguage\":\"de\"},{\"@type\":\"WebPage\",\"@id\":\"https:\\\/\\\/www.organisator.ch\\\/operational-excellence\\\/2022-02-08\\\/bosch-rexroth-arbeitet-an-der-fabrik-der-zukunft\\\/\",\"url\":\"https:\\\/\\\/www.m-q.ch\\\/de\\\/bosch-rexroth-arbeitet-an-der-fabrik-der-zukunft\\\/\",\"name\":\"Bosch Rexroth arbeitet an der Fabrik der Zukunft - Organisator\",\"isPartOf\":{\"@id\":\"https:\\\/\\\/www.organisator.ch\\\/#website\"},\"primaryImageOfPage\":{\"@id\":\"https:\\\/\\\/www.m-q.ch\\\/de\\\/bosch-rexroth-arbeitet-an-der-fabrik-der-zukunft\\\/#primaryimage\"},\"image\":{\"@id\":\"https:\\\/\\\/www.m-q.ch\\\/de\\\/bosch-rexroth-arbeitet-an-der-fabrik-der-zukunft\\\/#primaryimage\"},\"thumbnailUrl\":\"https:\\\/\\\/www.m-q.ch\\\/wp-content\\\/uploads\\\/2022\\\/02\\\/Bosch-Rexroth-arbeitet-an-der-Fabrik-der-Zukunft_MQ.jpg\",\"datePublished\":\"2022-02-08T08:19:01+00:00\",\"dateModified\":\"2022-08-02T12:06:27+00:00\",\"description\":\"Die Fabrik der Zukunft ist hochvariabel und konnektiv. Im Zentrum stehen softwarebasierte, automatisierte und miteinander vernetzte L\u00f6sungen.\",\"breadcrumb\":{\"@id\":\"https:\\\/\\\/www.m-q.ch\\\/de\\\/bosch-rexroth-arbeitet-an-der-fabrik-der-zukunft\\\/#breadcrumb\"},\"inLanguage\":\"de\",\"potentialAction\":[{\"@type\":\"ReadAction\",\"target\":[\"https:\\\/\\\/www.m-q.ch\\\/de\\\/bosch-rexroth-arbeitet-an-der-fabrik-der-zukunft\\\/\"]}]},{\"@type\":\"ImageObject\",\"inLanguage\":\"de\",\"@id\":\"https:\\\/\\\/www.m-q.ch\\\/de\\\/bosch-rexroth-arbeitet-an-der-fabrik-der-zukunft\\\/#primaryimage\",\"url\":\"https:\\\/\\\/www.m-q.ch\\\/wp-content\\\/uploads\\\/2022\\\/02\\\/Bosch-Rexroth-arbeitet-an-der-Fabrik-der-Zukunft_MQ.jpg\",\"contentUrl\":\"https:\\\/\\\/www.m-q.ch\\\/wp-content\\\/uploads\\\/2022\\\/02\\\/Bosch-Rexroth-arbeitet-an-der-Fabrik-der-Zukunft_MQ.jpg\"},{\"@type\":\"BreadcrumbList\",\"@id\":\"https:\\\/\\\/www.m-q.ch\\\/de\\\/bosch-rexroth-arbeitet-an-der-fabrik-der-zukunft\\\/#breadcrumb\",\"itemListElement\":[{\"@type\":\"ListItem\",\"position\":1,\"name\":\"Home\",\"item\":\"https:\\\/\\\/www.organisator.ch\\\/\"},{\"@type\":\"ListItem\",\"position\":2,\"name\":\"Bosch Rexroth arbeitet an der Fabrik der Zukunft\"}]},{\"@type\":\"WebSite\",\"@id\":\"https:\\\/\\\/www.organisator.ch\\\/#website\",\"url\":\"https:\\\/\\\/www.organisator.ch\\\/\",\"name\":\"Organisator\",\"description\":\"Kompetent. Praxisnah. Der ORGANISATOR bereitet in 10 Ausgaben pro Jahr die wesentlichen Themen f\u00fcr F\u00fchrungskr\u00e4fte von KMU auf.\",\"publisher\":{\"@id\":\"https:\\\/\\\/www.organisator.ch\\\/#organization\"},\"potentialAction\":[{\"@type\":\"SearchAction\",\"target\":{\"@type\":\"EntryPoint\",\"urlTemplate\":\"https:\\\/\\\/www.organisator.ch\\\/?s={search_term_string}\"},\"query-input\":{\"@type\":\"PropertyValueSpecification\",\"valueRequired\":true,\"valueName\":\"search_term_string\"}}],\"inLanguage\":\"de\"},{\"@type\":\"Organization\",\"@id\":\"https:\\\/\\\/www.organisator.ch\\\/#organization\",\"name\":\"Organisator\",\"url\":\"https:\\\/\\\/www.organisator.ch\\\/\",\"logo\":{\"@type\":\"ImageObject\",\"inLanguage\":\"de\",\"@id\":\"https:\\\/\\\/www.organisator.ch\\\/#\\\/schema\\\/logo\\\/image\\\/\",\"url\":\"https:\\\/\\\/www.organisator.ch\\\/wp-content\\\/uploads\\\/2022\\\/01\\\/Logo_Organisator_Website.png\",\"contentUrl\":\"https:\\\/\\\/www.organisator.ch\\\/wp-content\\\/uploads\\\/2022\\\/01\\\/Logo_Organisator_Website.png\",\"width\":800,\"height\":77,\"caption\":\"Organisator\"},\"image\":{\"@id\":\"https:\\\/\\\/www.organisator.ch\\\/#\\\/schema\\\/logo\\\/image\\\/\"},\"sameAs\":[\"https:\\\/\\\/www.facebook.com\\\/OrganisatorFachmagazin\",\"https:\\\/\\\/www.linkedin.com\\\/showcase\\\/organisator-das-magazin-fr-kmu\",\"https:\\\/\\\/www.xing.com\\\/news\\\/pages\\\/organisator-ch-695\",\"https:\\\/\\\/www.youtube.com\\\/channel\\\/UCGP2Sq0iWaZwT3BdIAQFYpw\"]},{\"@type\":\"Person\",\"@id\":\"https:\\\/\\\/www.organisator.ch\\\/#\\\/schema\\\/person\\\/4e51799071cd2dd1232ac003643ef5f0\",\"name\":\"galledia\",\"image\":{\"@type\":\"ImageObject\",\"inLanguage\":\"de\",\"@id\":\"https:\\\/\\\/secure.gravatar.com\\\/avatar\\\/78a7f90c01fc2bfc875782a0d4922b37cde2cf184ce347b91316d23cd7f69a36?s=96&d=mm&r=g\",\"url\":\"https:\\\/\\\/secure.gravatar.com\\\/avatar\\\/78a7f90c01fc2bfc875782a0d4922b37cde2cf184ce347b91316d23cd7f69a36?s=96&d=mm&r=g\",\"contentUrl\":\"https:\\\/\\\/secure.gravatar.com\\\/avatar\\\/78a7f90c01fc2bfc875782a0d4922b37cde2cf184ce347b91316d23cd7f69a36?s=96&d=mm&r=g\",\"caption\":\"galledia\"},\"sameAs\":[\"https:\\\/\\\/x.com\\\/admin\"],\"url\":\"https:\\\/\\\/www.organisator.ch\\\/de\\\/author\\\/galledia\\\/\"}]}<\/script>\n<!-- \/ Yoast SEO plugin. -->","yoast_head_json":{"title":"Bosch Rexroth arbeitet an der Fabrik der Zukunft - Organisator","description":"Die Fabrik der Zukunft ist hochvariabel und konnektiv. Im Zentrum stehen softwarebasierte, automatisierte und miteinander vernetzte L\u00f6sungen.","robots":{"index":"index","follow":"follow","max-snippet":"max-snippet:-1","max-image-preview":"max-image-preview:large","max-video-preview":"max-video-preview:-1"},"canonical":"https:\/\/www.m-q.ch\/de\/bosch-rexroth-arbeitet-an-der-fabrik-der-zukunft\/","og_locale":"de_DE","og_type":"article","og_title":"Bosch Rexroth arbeitet an der Fabrik der Zukunft - Organisator","og_description":"Die Fabrik der Zukunft ist hochvariabel und konnektiv. Im Zentrum stehen softwarebasierte, automatisierte und miteinander vernetzte L\u00f6sungen.","og_url":"https:\/\/www.m-q.ch\/de\/bosch-rexroth-arbeitet-an-der-fabrik-der-zukunft\/","og_site_name":"Organisator","article_publisher":"https:\/\/www.facebook.com\/OrganisatorFachmagazin","article_published_time":"2022-02-08T08:19:01+00:00","article_modified_time":"2022-08-02T12:06:27+00:00","og_image":[{"url":"https:\/\/www.m-q.ch\/wp-content\/uploads\/2022\/02\/Bosch-Rexroth-arbeitet-an-der-Fabrik-der-Zukunft_MQ.jpg","type":"","width":"","height":""}],"author":"galledia","twitter_card":"summary_large_image","twitter_creator":"@admin","schema":{"@context":"https:\/\/schema.org","@graph":[{"@type":"Article","@id":"https:\/\/www.m-q.ch\/de\/bosch-rexroth-arbeitet-an-der-fabrik-der-zukunft\/#article","isPartOf":{"@id":"https:\/\/www.organisator.ch\/operational-excellence\/2022-02-08\/bosch-rexroth-arbeitet-an-der-fabrik-der-zukunft\/"},"author":{"name":"galledia","@id":"https:\/\/www.organisator.ch\/#\/schema\/person\/4e51799071cd2dd1232ac003643ef5f0"},"headline":"Bosch Rexroth arbeitet an der Fabrik der Zukunft","datePublished":"2022-02-08T08:19:01+00:00","dateModified":"2022-08-02T12:06:27+00:00","mainEntityOfPage":{"@id":"https:\/\/www.organisator.ch\/operational-excellence\/2022-02-08\/bosch-rexroth-arbeitet-an-der-fabrik-der-zukunft\/"},"wordCount":501,"publisher":{"@id":"https:\/\/www.organisator.ch\/#organization"},"image":{"@id":"https:\/\/www.m-q.ch\/de\/bosch-rexroth-arbeitet-an-der-fabrik-der-zukunft\/#primaryimage"},"thumbnailUrl":"https:\/\/www.m-q.ch\/wp-content\/uploads\/2022\/02\/Bosch-Rexroth-arbeitet-an-der-Fabrik-der-Zukunft_MQ.jpg","keywords":["Bosch Rexroth","Industrieautomation"],"articleSection":["OPERATIONAL EXCELLENCE"],"inLanguage":"de"},{"@type":"WebPage","@id":"https:\/\/www.organisator.ch\/operational-excellence\/2022-02-08\/bosch-rexroth-arbeitet-an-der-fabrik-der-zukunft\/","url":"https:\/\/www.m-q.ch\/de\/bosch-rexroth-arbeitet-an-der-fabrik-der-zukunft\/","name":"Bosch Rexroth arbeitet an der Fabrik der Zukunft - Organisator","isPartOf":{"@id":"https:\/\/www.organisator.ch\/#website"},"primaryImageOfPage":{"@id":"https:\/\/www.m-q.ch\/de\/bosch-rexroth-arbeitet-an-der-fabrik-der-zukunft\/#primaryimage"},"image":{"@id":"https:\/\/www.m-q.ch\/de\/bosch-rexroth-arbeitet-an-der-fabrik-der-zukunft\/#primaryimage"},"thumbnailUrl":"https:\/\/www.m-q.ch\/wp-content\/uploads\/2022\/02\/Bosch-Rexroth-arbeitet-an-der-Fabrik-der-Zukunft_MQ.jpg","datePublished":"2022-02-08T08:19:01+00:00","dateModified":"2022-08-02T12:06:27+00:00","description":"Die Fabrik der Zukunft ist hochvariabel und konnektiv. Im Zentrum stehen softwarebasierte, automatisierte und miteinander vernetzte L\u00f6sungen.","breadcrumb":{"@id":"https:\/\/www.m-q.ch\/de\/bosch-rexroth-arbeitet-an-der-fabrik-der-zukunft\/#breadcrumb"},"inLanguage":"de","potentialAction":[{"@type":"ReadAction","target":["https:\/\/www.m-q.ch\/de\/bosch-rexroth-arbeitet-an-der-fabrik-der-zukunft\/"]}]},{"@type":"ImageObject","inLanguage":"de","@id":"https:\/\/www.m-q.ch\/de\/bosch-rexroth-arbeitet-an-der-fabrik-der-zukunft\/#primaryimage","url":"https:\/\/www.m-q.ch\/wp-content\/uploads\/2022\/02\/Bosch-Rexroth-arbeitet-an-der-Fabrik-der-Zukunft_MQ.jpg","contentUrl":"https:\/\/www.m-q.ch\/wp-content\/uploads\/2022\/02\/Bosch-Rexroth-arbeitet-an-der-Fabrik-der-Zukunft_MQ.jpg"},{"@type":"BreadcrumbList","@id":"https:\/\/www.m-q.ch\/de\/bosch-rexroth-arbeitet-an-der-fabrik-der-zukunft\/#breadcrumb","itemListElement":[{"@type":"ListItem","position":1,"name":"Home","item":"https:\/\/www.organisator.ch\/"},{"@type":"ListItem","position":2,"name":"Bosch Rexroth arbeitet an der Fabrik der Zukunft"}]},{"@type":"WebSite","@id":"https:\/\/www.organisator.ch\/#website","url":"https:\/\/www.organisator.ch\/","name":"Organisator","description":"Kompetent. Praxisnah. Der ORGANISATOR bereitet in 10 Ausgaben pro Jahr die wesentlichen Themen f\u00fcr F\u00fchrungskr\u00e4fte von KMU auf.","publisher":{"@id":"https:\/\/www.organisator.ch\/#organization"},"potentialAction":[{"@type":"SearchAction","target":{"@type":"EntryPoint","urlTemplate":"https:\/\/www.organisator.ch\/?s={search_term_string}"},"query-input":{"@type":"PropertyValueSpecification","valueRequired":true,"valueName":"search_term_string"}}],"inLanguage":"de"},{"@type":"Organization","@id":"https:\/\/www.organisator.ch\/#organization","name":"Organisator","url":"https:\/\/www.organisator.ch\/","logo":{"@type":"ImageObject","inLanguage":"de","@id":"https:\/\/www.organisator.ch\/#\/schema\/logo\/image\/","url":"https:\/\/www.organisator.ch\/wp-content\/uploads\/2022\/01\/Logo_Organisator_Website.png","contentUrl":"https:\/\/www.organisator.ch\/wp-content\/uploads\/2022\/01\/Logo_Organisator_Website.png","width":800,"height":77,"caption":"Organisator"},"image":{"@id":"https:\/\/www.organisator.ch\/#\/schema\/logo\/image\/"},"sameAs":["https:\/\/www.facebook.com\/OrganisatorFachmagazin","https:\/\/www.linkedin.com\/showcase\/organisator-das-magazin-fr-kmu","https:\/\/www.xing.com\/news\/pages\/organisator-ch-695","https:\/\/www.youtube.com\/channel\/UCGP2Sq0iWaZwT3BdIAQFYpw"]},{"@type":"Person","@id":"https:\/\/www.organisator.ch\/#\/schema\/person\/4e51799071cd2dd1232ac003643ef5f0","name":"galledia","image":{"@type":"ImageObject","inLanguage":"de","@id":"https:\/\/secure.gravatar.com\/avatar\/78a7f90c01fc2bfc875782a0d4922b37cde2cf184ce347b91316d23cd7f69a36?s=96&d=mm&r=g","url":"https:\/\/secure.gravatar.com\/avatar\/78a7f90c01fc2bfc875782a0d4922b37cde2cf184ce347b91316d23cd7f69a36?s=96&d=mm&r=g","contentUrl":"https:\/\/secure.gravatar.com\/avatar\/78a7f90c01fc2bfc875782a0d4922b37cde2cf184ce347b91316d23cd7f69a36?s=96&d=mm&r=g","caption":"galledia"},"sameAs":["https:\/\/x.com\/admin"],"url":"https:\/\/www.organisator.ch\/de\/author\/galledia\/"}]}},"_links":{"self":[{"href":"https:\/\/www.organisator.ch\/de\/wp-json\/wp\/v2\/posts\/11119","targetHints":{"allow":["GET"]}}],"collection":[{"href":"https:\/\/www.organisator.ch\/de\/wp-json\/wp\/v2\/posts"}],"about":[{"href":"https:\/\/www.organisator.ch\/de\/wp-json\/wp\/v2\/types\/post"}],"author":[{"embeddable":true,"href":"https:\/\/www.organisator.ch\/de\/wp-json\/wp\/v2\/users\/8"}],"replies":[{"embeddable":true,"href":"https:\/\/www.organisator.ch\/de\/wp-json\/wp\/v2\/comments?post=11119"}],"version-history":[{"count":5,"href":"https:\/\/www.organisator.ch\/de\/wp-json\/wp\/v2\/posts\/11119\/revisions"}],"predecessor-version":[{"id":16204,"href":"https:\/\/www.organisator.ch\/de\/wp-json\/wp\/v2\/posts\/11119\/revisions\/16204"}],"wp:attachment":[{"href":"https:\/\/www.organisator.ch\/de\/wp-json\/wp\/v2\/media?parent=11119"}],"wp:term":[{"taxonomy":"category","embeddable":true,"href":"https:\/\/www.organisator.ch\/de\/wp-json\/wp\/v2\/categories?post=11119"},{"taxonomy":"post_tag","embeddable":true,"href":"https:\/\/www.organisator.ch\/de\/wp-json\/wp\/v2\/tags?post=11119"}],"curies":[{"name":"wp","href":"https:\/\/api.w.org\/{rel}","templated":true}]}}