{"id":11126,"date":"2022-02-09T13:32:21","date_gmt":"2022-02-09T12:32:21","guid":{"rendered":"https:\/\/www.werbewoche.ch\/?p=165156"},"modified":"2022-08-02T16:32:40","modified_gmt":"2022-08-02T14:32:40","slug":"studio-thom-pfister-realisiert-auftritt-fuer-sabine-schoch-beratung","status":"publish","type":"post","link":"https:\/\/www.organisator.ch\/de\/marketing\/2022-02-09\/studio-thom-pfister-realisiert-auftritt-fuer-sabine-schoch-beratung\/","title":{"rendered":"Studio Thom Pfister realisiert Auftritt f\u00fcr Sabine Schoch Beratung"},"content":{"rendered":"<img class=\"aligncenter wp-image-165166 size-full\" src=\"https:\/\/www.werbewoche.ch\/wp-content\/uploads\/2022\/02\/10_SabineSchoch_Branding_StudioThomPfister.jpg\" alt=\"Studio Thom Pfister\" width=\"1200\" height=\"800\" \/>Als Basis f\u00fcr den visuellen Auftritt hat Studio Thom Pfister gemeinsam mit Sabine Schoch die Markengeschichte und das Markenerlebnis erarbeitet. Das Signet, ein markanter Pinselstrich, der sowohl die zwei \u00abS\u00bb von Sabine Schoch und das \u00abB\u00bb von Beratung beinhaltet, pr\u00e4gt die von Hand illustrierte Bildmarke.\r\n\r\n<a href=\"https:\/\/www.werbewoche.ch\/de\/marketing\/marken\/2022-02-09\/studio-thom-pfister-realisiert-auftritt-fuer-sabine-schoch-beratung\/attachment\/11_sabineschoch_branding_studiothompfister\/\"><img class=\"attachment-full alignnone\" src=\"https:\/\/www.werbewoche.ch\/wp-content\/uploads\/2022\/02\/11_SabineSchoch_Branding_StudioThomPfister.jpg\" alt=\"Studio Thom Pfister\" width=\"1200\" height=\"800\" \/><\/a>\r\n<a href=\"https:\/\/www.werbewoche.ch\/de\/marketing\/marken\/2022-02-09\/studio-thom-pfister-realisiert-auftritt-fuer-sabine-schoch-beratung\/attachment\/10_sabineschoch_branding_studiothompfister\/\"><img class=\"attachment-full alignnone\" src=\"https:\/\/www.werbewoche.ch\/wp-content\/uploads\/2022\/02\/10_SabineSchoch_Branding_StudioThomPfister.jpg\" alt=\"Studio Thom Pfister\" width=\"1200\" height=\"800\" \/><\/a>\r\n<a href=\"https:\/\/www.werbewoche.ch\/de\/marketing\/marken\/2022-02-09\/studio-thom-pfister-realisiert-auftritt-fuer-sabine-schoch-beratung\/attachment\/09_sabineschoch_branding_studiothompfister\/\"><img class=\"attachment-full alignnone\" src=\"https:\/\/www.werbewoche.ch\/wp-content\/uploads\/2022\/02\/09_SabineSchoch_Branding_StudioThomPfister.jpg\" alt=\"Studio Thom Pfister\" width=\"1200\" height=\"800\" \/><\/a>\r\n<a href=\"https:\/\/www.werbewoche.ch\/de\/marketing\/marken\/2022-02-09\/studio-thom-pfister-realisiert-auftritt-fuer-sabine-schoch-beratung\/attachment\/01_sabineschoch_branding_studiothompfister\/\"><img class=\"attachment-full alignnone\" src=\"https:\/\/www.werbewoche.ch\/wp-content\/uploads\/2022\/02\/01_SabineSchoch_Branding_StudioThomPfister.jpg\" alt=\"Studio Thom Pfister\" width=\"1200\" height=\"800\" \/><\/a>\r\n<a href=\"https:\/\/www.werbewoche.ch\/de\/marketing\/marken\/2022-02-09\/studio-thom-pfister-realisiert-auftritt-fuer-sabine-schoch-beratung\/attachment\/02_sabineschoch_branding_studiothompfister\/\"><img class=\"attachment-full alignnone\" src=\"https:\/\/www.werbewoche.ch\/wp-content\/uploads\/2022\/02\/02_SabineSchoch_Branding_StudioThomPfister.jpg\" alt=\"Studio Thom Pfister\" width=\"1200\" height=\"800\" \/><\/a>\r\n<a href=\"https:\/\/www.werbewoche.ch\/de\/marketing\/marken\/2022-02-09\/studio-thom-pfister-realisiert-auftritt-fuer-sabine-schoch-beratung\/attachment\/05_sabineschoch_branding_studiothompfister\/\"><img class=\"attachment-full alignnone\" src=\"https:\/\/www.werbewoche.ch\/wp-content\/uploads\/2022\/02\/05_SabineSchoch_Branding_StudioThomPfister.jpg\" alt=\"Studio Thom Pfister\" width=\"1200\" height=\"800\" \/><\/a>\r\n\r\nDas Logo soll die Spontanit\u00e4t, Kraft, Energie und Agilit\u00e4t der Person Sabine Schoch sowie auch die Art ihrer Arbeit widerspiegeln. Die entwickelte Bildwelt mit ihrer Symbolik und den entsprechenden Farbstimmungen unterst\u00fctzen das Signet und runden den Neuauftritt umfassend ab.\r\n\r\n<a href=\"https:\/\/www.werbewoche.ch\/de\/marketing\/marken\/2022-02-09\/studio-thom-pfister-realisiert-auftritt-fuer-sabine-schoch-beratung\/attachment\/08_sabineschoch_branding_studiothompfister\/\"><img class=\"attachment-full alignnone\" src=\"https:\/\/www.werbewoche.ch\/wp-content\/uploads\/2022\/02\/08_SabineSchoch_Branding_StudioThomPfister.jpg\" alt=\"Studio Thom Pfister\" width=\"1200\" height=\"800\" \/><\/a>\r\n<a href=\"https:\/\/www.werbewoche.ch\/de\/marketing\/marken\/2022-02-09\/studio-thom-pfister-realisiert-auftritt-fuer-sabine-schoch-beratung\/attachment\/07_sabineschoch_branding_studiothompfister\/\"><img class=\"attachment-full alignnone\" src=\"https:\/\/www.werbewoche.ch\/wp-content\/uploads\/2022\/02\/07_SabineSchoch_Branding_StudioThomPfister.jpg\" alt=\"Studio Thom Pfister\" width=\"1200\" height=\"800\" \/><\/a>\r\n<a href=\"https:\/\/www.werbewoche.ch\/de\/marketing\/marken\/2022-02-09\/studio-thom-pfister-realisiert-auftritt-fuer-sabine-schoch-beratung\/attachment\/06_sabineschoch_branding_studiothompfister\/\"><img class=\"attachment-full alignnone\" src=\"https:\/\/www.werbewoche.ch\/wp-content\/uploads\/2022\/02\/06_SabineSchoch_Branding_StudioThomPfister.jpg\" alt=\"Studio Thom Pfister\" width=\"1200\" height=\"800\" \/><\/a>\r\n<a href=\"https:\/\/www.werbewoche.ch\/de\/marketing\/marken\/2022-02-09\/studio-thom-pfister-realisiert-auftritt-fuer-sabine-schoch-beratung\/attachment\/03_sabineschoch_branding_studiothompfister\/\"><img class=\"attachment-full alignnone\" src=\"https:\/\/www.werbewoche.ch\/wp-content\/uploads\/2022\/02\/03_SabineSchoch_Branding_StudioThomPfister.jpg\" alt=\"Studio Thom Pfister\" width=\"1200\" height=\"800\" \/><\/a>","protected":false},"excerpt":{"rendered":"<p>Als Basis f\u00fcr den visuellen Auftritt hat Studio Thom Pfister gemeinsam mit Sabine Schoch die Markengeschichte und das Markenerlebnis erarbeitet. Das Signet, ein markanter Pinselstrich, der sowohl die zwei \u00abS\u00bb von Sabine Schoch und das \u00abB\u00bb von Beratung beinhaltet, pr\u00e4gt die von Hand illustrierte Bildmarke. Das Logo soll die Spontanit\u00e4t, Kraft, Energie und Agilit\u00e4t der [\u2026]<\/p>\n","protected":false},"author":8,"featured_media":0,"comment_status":"closed","ping_status":"closed","sticky":false,"template":"","format":"standard","meta":{"_acf_changed":false,"_yoast_wpseo_focuskw":"Studio Thom Pfister","_yoast_wpseo_metadesc":"F\u00fcr ihre neue Firma hat Sabine Schoch Studio Thom Pfister mit der Entwicklung und Umsetzung des Brandings beauftragt.","articlekey":"","footnotes":""},"categories":[29],"tags":[3287,2639],"class_list":["post-11126","post","type-post","status-publish","format-standard","hentry","category-marketing","tag-studio-thom-pfister","tag-thom-pfister"],"acf":[],"yoast_head":"<!-- This site is optimized with the Yoast SEO plugin v27.5 - https:\/\/yoast.com\/product\/yoast-seo-wordpress\/ -->\n<title>Studio Thom Pfister realisiert Auftritt f\u00fcr Sabine Schoch Beratung - Organisator<\/title>\n<meta name=\"description\" content=\"F\u00fcr ihre neue Firma hat Sabine Schoch Studio Thom Pfister mit der Entwicklung und Umsetzung des Brandings beauftragt.\" \/>\n<meta name=\"robots\" content=\"index, follow, max-snippet:-1, max-image-preview:large, max-video-preview:-1\" \/>\n<link rel=\"canonical\" href=\"https:\/\/www.werbewoche.ch\/de\/marketing\/marken\/2022-02-09\/studio-thom-pfister-realisiert-auftritt-fuer-sabine-schoch-beratung\/\" \/>\n<meta property=\"og:locale\" content=\"de_DE\" \/>\n<meta property=\"og:type\" content=\"article\" \/>\n<meta property=\"og:title\" content=\"Studio Thom Pfister realisiert Auftritt f\u00fcr Sabine Schoch Beratung - Organisator\" \/>\n<meta property=\"og:description\" content=\"F\u00fcr ihre neue Firma hat Sabine Schoch Studio Thom Pfister mit der Entwicklung und Umsetzung des Brandings beauftragt.\" \/>\n<meta property=\"og:url\" content=\"https:\/\/www.werbewoche.ch\/de\/marketing\/marken\/2022-02-09\/studio-thom-pfister-realisiert-auftritt-fuer-sabine-schoch-beratung\/\" \/>\n<meta property=\"og:site_name\" content=\"Organisator\" \/>\n<meta property=\"article:publisher\" content=\"https:\/\/www.facebook.com\/OrganisatorFachmagazin\" \/>\n<meta property=\"article:published_time\" content=\"2022-02-09T12:32:21+00:00\" \/>\n<meta property=\"article:modified_time\" content=\"2022-08-02T14:32:40+00:00\" \/>\n<meta property=\"og:image\" content=\"https:\/\/www.werbewoche.ch\/wp-content\/uploads\/2022\/02\/10_SabineSchoch_Branding_StudioThomPfister.jpg\" \/>\n<meta name=\"author\" content=\"galledia\" \/>\n<meta name=\"twitter:card\" content=\"summary_large_image\" \/>\n<meta name=\"twitter:creator\" content=\"@admin\" \/>\n<script type=\"application\/ld+json\" class=\"yoast-schema-graph\">{\"@context\":\"https:\\\/\\\/schema.org\",\"@graph\":[{\"@type\":\"Article\",\"@id\":\"https:\\\/\\\/www.werbewoche.ch\\\/de\\\/marketing\\\/marken\\\/2022-02-09\\\/studio-thom-pfister-realisiert-auftritt-fuer-sabine-schoch-beratung\\\/#article\",\"isPartOf\":{\"@id\":\"https:\\\/\\\/www.organisator.ch\\\/marketing\\\/2022-02-09\\\/studio-thom-pfister-realisiert-auftritt-fuer-sabine-schoch-beratung\\\/\"},\"author\":{\"name\":\"galledia\",\"@id\":\"https:\\\/\\\/www.organisator.ch\\\/#\\\/schema\\\/person\\\/4e51799071cd2dd1232ac003643ef5f0\"},\"headline\":\"Studio Thom Pfister realisiert Auftritt f\u00fcr Sabine Schoch Beratung\",\"datePublished\":\"2022-02-09T12:32:21+00:00\",\"dateModified\":\"2022-08-02T14:32:40+00:00\",\"mainEntityOfPage\":{\"@id\":\"https:\\\/\\\/www.organisator.ch\\\/marketing\\\/2022-02-09\\\/studio-thom-pfister-realisiert-auftritt-fuer-sabine-schoch-beratung\\\/\"},\"wordCount\":99,\"publisher\":{\"@id\":\"https:\\\/\\\/www.organisator.ch\\\/#organization\"},\"image\":{\"@id\":\"https:\\\/\\\/www.werbewoche.ch\\\/de\\\/marketing\\\/marken\\\/2022-02-09\\\/studio-thom-pfister-realisiert-auftritt-fuer-sabine-schoch-beratung\\\/#primaryimage\"},\"thumbnailUrl\":\"https:\\\/\\\/www.werbewoche.ch\\\/wp-content\\\/uploads\\\/2022\\\/02\\\/10_SabineSchoch_Branding_StudioThomPfister.jpg\",\"keywords\":[\"Studio Thom Pfister\",\"Thom Pfister\"],\"articleSection\":[\"MARKETING\"],\"inLanguage\":\"de\"},{\"@type\":\"WebPage\",\"@id\":\"https:\\\/\\\/www.organisator.ch\\\/marketing\\\/2022-02-09\\\/studio-thom-pfister-realisiert-auftritt-fuer-sabine-schoch-beratung\\\/\",\"url\":\"https:\\\/\\\/www.werbewoche.ch\\\/de\\\/marketing\\\/marken\\\/2022-02-09\\\/studio-thom-pfister-realisiert-auftritt-fuer-sabine-schoch-beratung\\\/\",\"name\":\"Studio Thom Pfister realisiert Auftritt f\u00fcr Sabine Schoch Beratung - Organisator\",\"isPartOf\":{\"@id\":\"https:\\\/\\\/www.organisator.ch\\\/#website\"},\"primaryImageOfPage\":{\"@id\":\"https:\\\/\\\/www.werbewoche.ch\\\/de\\\/marketing\\\/marken\\\/2022-02-09\\\/studio-thom-pfister-realisiert-auftritt-fuer-sabine-schoch-beratung\\\/#primaryimage\"},\"image\":{\"@id\":\"https:\\\/\\\/www.werbewoche.ch\\\/de\\\/marketing\\\/marken\\\/2022-02-09\\\/studio-thom-pfister-realisiert-auftritt-fuer-sabine-schoch-beratung\\\/#primaryimage\"},\"thumbnailUrl\":\"https:\\\/\\\/www.werbewoche.ch\\\/wp-content\\\/uploads\\\/2022\\\/02\\\/10_SabineSchoch_Branding_StudioThomPfister.jpg\",\"datePublished\":\"2022-02-09T12:32:21+00:00\",\"dateModified\":\"2022-08-02T14:32:40+00:00\",\"description\":\"F\u00fcr ihre neue Firma hat Sabine Schoch Studio Thom Pfister mit der Entwicklung und Umsetzung des Brandings beauftragt.\",\"breadcrumb\":{\"@id\":\"https:\\\/\\\/www.werbewoche.ch\\\/de\\\/marketing\\\/marken\\\/2022-02-09\\\/studio-thom-pfister-realisiert-auftritt-fuer-sabine-schoch-beratung\\\/#breadcrumb\"},\"inLanguage\":\"de\",\"potentialAction\":[{\"@type\":\"ReadAction\",\"target\":[\"https:\\\/\\\/www.werbewoche.ch\\\/de\\\/marketing\\\/marken\\\/2022-02-09\\\/studio-thom-pfister-realisiert-auftritt-fuer-sabine-schoch-beratung\\\/\"]}]},{\"@type\":\"ImageObject\",\"inLanguage\":\"de\",\"@id\":\"https:\\\/\\\/www.werbewoche.ch\\\/de\\\/marketing\\\/marken\\\/2022-02-09\\\/studio-thom-pfister-realisiert-auftritt-fuer-sabine-schoch-beratung\\\/#primaryimage\",\"url\":\"https:\\\/\\\/www.werbewoche.ch\\\/wp-content\\\/uploads\\\/2022\\\/02\\\/10_SabineSchoch_Branding_StudioThomPfister.jpg\",\"contentUrl\":\"https:\\\/\\\/www.werbewoche.ch\\\/wp-content\\\/uploads\\\/2022\\\/02\\\/10_SabineSchoch_Branding_StudioThomPfister.jpg\"},{\"@type\":\"BreadcrumbList\",\"@id\":\"https:\\\/\\\/www.werbewoche.ch\\\/de\\\/marketing\\\/marken\\\/2022-02-09\\\/studio-thom-pfister-realisiert-auftritt-fuer-sabine-schoch-beratung\\\/#breadcrumb\",\"itemListElement\":[{\"@type\":\"ListItem\",\"position\":1,\"name\":\"Home\",\"item\":\"https:\\\/\\\/www.organisator.ch\\\/\"},{\"@type\":\"ListItem\",\"position\":2,\"name\":\"Studio Thom Pfister realisiert Auftritt f\u00fcr Sabine Schoch Beratung\"}]},{\"@type\":\"WebSite\",\"@id\":\"https:\\\/\\\/www.organisator.ch\\\/#website\",\"url\":\"https:\\\/\\\/www.organisator.ch\\\/\",\"name\":\"Organisator\",\"description\":\"Kompetent. Praxisnah. Der ORGANISATOR bereitet in 10 Ausgaben pro Jahr die wesentlichen Themen f\u00fcr F\u00fchrungskr\u00e4fte von KMU auf.\",\"publisher\":{\"@id\":\"https:\\\/\\\/www.organisator.ch\\\/#organization\"},\"potentialAction\":[{\"@type\":\"SearchAction\",\"target\":{\"@type\":\"EntryPoint\",\"urlTemplate\":\"https:\\\/\\\/www.organisator.ch\\\/?s={search_term_string}\"},\"query-input\":{\"@type\":\"PropertyValueSpecification\",\"valueRequired\":true,\"valueName\":\"search_term_string\"}}],\"inLanguage\":\"de\"},{\"@type\":\"Organization\",\"@id\":\"https:\\\/\\\/www.organisator.ch\\\/#organization\",\"name\":\"Organisator\",\"url\":\"https:\\\/\\\/www.organisator.ch\\\/\",\"logo\":{\"@type\":\"ImageObject\",\"inLanguage\":\"de\",\"@id\":\"https:\\\/\\\/www.organisator.ch\\\/#\\\/schema\\\/logo\\\/image\\\/\",\"url\":\"https:\\\/\\\/www.organisator.ch\\\/wp-content\\\/uploads\\\/2022\\\/01\\\/Logo_Organisator_Website.png\",\"contentUrl\":\"https:\\\/\\\/www.organisator.ch\\\/wp-content\\\/uploads\\\/2022\\\/01\\\/Logo_Organisator_Website.png\",\"width\":800,\"height\":77,\"caption\":\"Organisator\"},\"image\":{\"@id\":\"https:\\\/\\\/www.organisator.ch\\\/#\\\/schema\\\/logo\\\/image\\\/\"},\"sameAs\":[\"https:\\\/\\\/www.facebook.com\\\/OrganisatorFachmagazin\",\"https:\\\/\\\/www.linkedin.com\\\/showcase\\\/organisator-das-magazin-fr-kmu\",\"https:\\\/\\\/www.xing.com\\\/news\\\/pages\\\/organisator-ch-695\",\"https:\\\/\\\/www.youtube.com\\\/channel\\\/UCGP2Sq0iWaZwT3BdIAQFYpw\"]},{\"@type\":\"Person\",\"@id\":\"https:\\\/\\\/www.organisator.ch\\\/#\\\/schema\\\/person\\\/4e51799071cd2dd1232ac003643ef5f0\",\"name\":\"galledia\",\"image\":{\"@type\":\"ImageObject\",\"inLanguage\":\"de\",\"@id\":\"https:\\\/\\\/secure.gravatar.com\\\/avatar\\\/78a7f90c01fc2bfc875782a0d4922b37cde2cf184ce347b91316d23cd7f69a36?s=96&d=mm&r=g\",\"url\":\"https:\\\/\\\/secure.gravatar.com\\\/avatar\\\/78a7f90c01fc2bfc875782a0d4922b37cde2cf184ce347b91316d23cd7f69a36?s=96&d=mm&r=g\",\"contentUrl\":\"https:\\\/\\\/secure.gravatar.com\\\/avatar\\\/78a7f90c01fc2bfc875782a0d4922b37cde2cf184ce347b91316d23cd7f69a36?s=96&d=mm&r=g\",\"caption\":\"galledia\"},\"sameAs\":[\"https:\\\/\\\/x.com\\\/admin\"],\"url\":\"https:\\\/\\\/www.organisator.ch\\\/de\\\/author\\\/galledia\\\/\"}]}<\/script>\n<!-- \/ Yoast SEO plugin. -->","yoast_head_json":{"title":"Studio Thom Pfister realisiert Auftritt f\u00fcr Sabine Schoch Beratung - Organisator","description":"F\u00fcr ihre neue Firma hat Sabine Schoch Studio Thom Pfister mit der Entwicklung und Umsetzung des Brandings beauftragt.","robots":{"index":"index","follow":"follow","max-snippet":"max-snippet:-1","max-image-preview":"max-image-preview:large","max-video-preview":"max-video-preview:-1"},"canonical":"https:\/\/www.werbewoche.ch\/de\/marketing\/marken\/2022-02-09\/studio-thom-pfister-realisiert-auftritt-fuer-sabine-schoch-beratung\/","og_locale":"de_DE","og_type":"article","og_title":"Studio Thom Pfister realisiert Auftritt f\u00fcr Sabine Schoch Beratung - Organisator","og_description":"F\u00fcr ihre neue Firma hat Sabine Schoch Studio Thom Pfister mit der Entwicklung und Umsetzung des Brandings beauftragt.","og_url":"https:\/\/www.werbewoche.ch\/de\/marketing\/marken\/2022-02-09\/studio-thom-pfister-realisiert-auftritt-fuer-sabine-schoch-beratung\/","og_site_name":"Organisator","article_publisher":"https:\/\/www.facebook.com\/OrganisatorFachmagazin","article_published_time":"2022-02-09T12:32:21+00:00","article_modified_time":"2022-08-02T14:32:40+00:00","og_image":[{"url":"https:\/\/www.werbewoche.ch\/wp-content\/uploads\/2022\/02\/10_SabineSchoch_Branding_StudioThomPfister.jpg","type":"","width":"","height":""}],"author":"galledia","twitter_card":"summary_large_image","twitter_creator":"@admin","schema":{"@context":"https:\/\/schema.org","@graph":[{"@type":"Article","@id":"https:\/\/www.werbewoche.ch\/de\/marketing\/marken\/2022-02-09\/studio-thom-pfister-realisiert-auftritt-fuer-sabine-schoch-beratung\/#article","isPartOf":{"@id":"https:\/\/www.organisator.ch\/marketing\/2022-02-09\/studio-thom-pfister-realisiert-auftritt-fuer-sabine-schoch-beratung\/"},"author":{"name":"galledia","@id":"https:\/\/www.organisator.ch\/#\/schema\/person\/4e51799071cd2dd1232ac003643ef5f0"},"headline":"Studio Thom Pfister realisiert Auftritt f\u00fcr Sabine Schoch Beratung","datePublished":"2022-02-09T12:32:21+00:00","dateModified":"2022-08-02T14:32:40+00:00","mainEntityOfPage":{"@id":"https:\/\/www.organisator.ch\/marketing\/2022-02-09\/studio-thom-pfister-realisiert-auftritt-fuer-sabine-schoch-beratung\/"},"wordCount":99,"publisher":{"@id":"https:\/\/www.organisator.ch\/#organization"},"image":{"@id":"https:\/\/www.werbewoche.ch\/de\/marketing\/marken\/2022-02-09\/studio-thom-pfister-realisiert-auftritt-fuer-sabine-schoch-beratung\/#primaryimage"},"thumbnailUrl":"https:\/\/www.werbewoche.ch\/wp-content\/uploads\/2022\/02\/10_SabineSchoch_Branding_StudioThomPfister.jpg","keywords":["Studio Thom Pfister","Thom Pfister"],"articleSection":["MARKETING"],"inLanguage":"de"},{"@type":"WebPage","@id":"https:\/\/www.organisator.ch\/marketing\/2022-02-09\/studio-thom-pfister-realisiert-auftritt-fuer-sabine-schoch-beratung\/","url":"https:\/\/www.werbewoche.ch\/de\/marketing\/marken\/2022-02-09\/studio-thom-pfister-realisiert-auftritt-fuer-sabine-schoch-beratung\/","name":"Studio Thom Pfister realisiert Auftritt f\u00fcr Sabine Schoch Beratung - Organisator","isPartOf":{"@id":"https:\/\/www.organisator.ch\/#website"},"primaryImageOfPage":{"@id":"https:\/\/www.werbewoche.ch\/de\/marketing\/marken\/2022-02-09\/studio-thom-pfister-realisiert-auftritt-fuer-sabine-schoch-beratung\/#primaryimage"},"image":{"@id":"https:\/\/www.werbewoche.ch\/de\/marketing\/marken\/2022-02-09\/studio-thom-pfister-realisiert-auftritt-fuer-sabine-schoch-beratung\/#primaryimage"},"thumbnailUrl":"https:\/\/www.werbewoche.ch\/wp-content\/uploads\/2022\/02\/10_SabineSchoch_Branding_StudioThomPfister.jpg","datePublished":"2022-02-09T12:32:21+00:00","dateModified":"2022-08-02T14:32:40+00:00","description":"F\u00fcr ihre neue Firma hat Sabine Schoch Studio Thom Pfister mit der Entwicklung und Umsetzung des Brandings beauftragt.","breadcrumb":{"@id":"https:\/\/www.werbewoche.ch\/de\/marketing\/marken\/2022-02-09\/studio-thom-pfister-realisiert-auftritt-fuer-sabine-schoch-beratung\/#breadcrumb"},"inLanguage":"de","potentialAction":[{"@type":"ReadAction","target":["https:\/\/www.werbewoche.ch\/de\/marketing\/marken\/2022-02-09\/studio-thom-pfister-realisiert-auftritt-fuer-sabine-schoch-beratung\/"]}]},{"@type":"ImageObject","inLanguage":"de","@id":"https:\/\/www.werbewoche.ch\/de\/marketing\/marken\/2022-02-09\/studio-thom-pfister-realisiert-auftritt-fuer-sabine-schoch-beratung\/#primaryimage","url":"https:\/\/www.werbewoche.ch\/wp-content\/uploads\/2022\/02\/10_SabineSchoch_Branding_StudioThomPfister.jpg","contentUrl":"https:\/\/www.werbewoche.ch\/wp-content\/uploads\/2022\/02\/10_SabineSchoch_Branding_StudioThomPfister.jpg"},{"@type":"BreadcrumbList","@id":"https:\/\/www.werbewoche.ch\/de\/marketing\/marken\/2022-02-09\/studio-thom-pfister-realisiert-auftritt-fuer-sabine-schoch-beratung\/#breadcrumb","itemListElement":[{"@type":"ListItem","position":1,"name":"Home","item":"https:\/\/www.organisator.ch\/"},{"@type":"ListItem","position":2,"name":"Studio Thom Pfister realisiert Auftritt f\u00fcr Sabine Schoch Beratung"}]},{"@type":"WebSite","@id":"https:\/\/www.organisator.ch\/#website","url":"https:\/\/www.organisator.ch\/","name":"Organisator","description":"Kompetent. Praxisnah. Der ORGANISATOR bereitet in 10 Ausgaben pro Jahr die wesentlichen Themen f\u00fcr F\u00fchrungskr\u00e4fte von KMU auf.","publisher":{"@id":"https:\/\/www.organisator.ch\/#organization"},"potentialAction":[{"@type":"SearchAction","target":{"@type":"EntryPoint","urlTemplate":"https:\/\/www.organisator.ch\/?s={search_term_string}"},"query-input":{"@type":"PropertyValueSpecification","valueRequired":true,"valueName":"search_term_string"}}],"inLanguage":"de"},{"@type":"Organization","@id":"https:\/\/www.organisator.ch\/#organization","name":"Organisator","url":"https:\/\/www.organisator.ch\/","logo":{"@type":"ImageObject","inLanguage":"de","@id":"https:\/\/www.organisator.ch\/#\/schema\/logo\/image\/","url":"https:\/\/www.organisator.ch\/wp-content\/uploads\/2022\/01\/Logo_Organisator_Website.png","contentUrl":"https:\/\/www.organisator.ch\/wp-content\/uploads\/2022\/01\/Logo_Organisator_Website.png","width":800,"height":77,"caption":"Organisator"},"image":{"@id":"https:\/\/www.organisator.ch\/#\/schema\/logo\/image\/"},"sameAs":["https:\/\/www.facebook.com\/OrganisatorFachmagazin","https:\/\/www.linkedin.com\/showcase\/organisator-das-magazin-fr-kmu","https:\/\/www.xing.com\/news\/pages\/organisator-ch-695","https:\/\/www.youtube.com\/channel\/UCGP2Sq0iWaZwT3BdIAQFYpw"]},{"@type":"Person","@id":"https:\/\/www.organisator.ch\/#\/schema\/person\/4e51799071cd2dd1232ac003643ef5f0","name":"galledia","image":{"@type":"ImageObject","inLanguage":"de","@id":"https:\/\/secure.gravatar.com\/avatar\/78a7f90c01fc2bfc875782a0d4922b37cde2cf184ce347b91316d23cd7f69a36?s=96&d=mm&r=g","url":"https:\/\/secure.gravatar.com\/avatar\/78a7f90c01fc2bfc875782a0d4922b37cde2cf184ce347b91316d23cd7f69a36?s=96&d=mm&r=g","contentUrl":"https:\/\/secure.gravatar.com\/avatar\/78a7f90c01fc2bfc875782a0d4922b37cde2cf184ce347b91316d23cd7f69a36?s=96&d=mm&r=g","caption":"galledia"},"sameAs":["https:\/\/x.com\/admin"],"url":"https:\/\/www.organisator.ch\/de\/author\/galledia\/"}]}},"_links":{"self":[{"href":"https:\/\/www.organisator.ch\/de\/wp-json\/wp\/v2\/posts\/11126","targetHints":{"allow":["GET"]}}],"collection":[{"href":"https:\/\/www.organisator.ch\/de\/wp-json\/wp\/v2\/posts"}],"about":[{"href":"https:\/\/www.organisator.ch\/de\/wp-json\/wp\/v2\/types\/post"}],"author":[{"embeddable":true,"href":"https:\/\/www.organisator.ch\/de\/wp-json\/wp\/v2\/users\/8"}],"replies":[{"embeddable":true,"href":"https:\/\/www.organisator.ch\/de\/wp-json\/wp\/v2\/comments?post=11126"}],"version-history":[{"count":3,"href":"https:\/\/www.organisator.ch\/de\/wp-json\/wp\/v2\/posts\/11126\/revisions"}],"predecessor-version":[{"id":16274,"href":"https:\/\/www.organisator.ch\/de\/wp-json\/wp\/v2\/posts\/11126\/revisions\/16274"}],"wp:attachment":[{"href":"https:\/\/www.organisator.ch\/de\/wp-json\/wp\/v2\/media?parent=11126"}],"wp:term":[{"taxonomy":"category","embeddable":true,"href":"https:\/\/www.organisator.ch\/de\/wp-json\/wp\/v2\/categories?post=11126"},{"taxonomy":"post_tag","embeddable":true,"href":"https:\/\/www.organisator.ch\/de\/wp-json\/wp\/v2\/tags?post=11126"}],"curies":[{"name":"wp","href":"https:\/\/api.w.org\/{rel}","templated":true}]}}